{"id":408980,"date":"2026-09-02T02:15:57","date_gmt":"2026-09-02T05:15:57","guid":{"rendered":"https:\/\/www.notibras.com\/site\/?p=408980"},"modified":"2026-09-01T23:04:54","modified_gmt":"2026-09-02T02:04:54","slug":"oposicao-fabrica-crises-para-abafar-o-avanco-do-fim-da-escala-6x1","status":"publish","type":"post","link":"https:\/\/www.notibras.com\/site\/oposicao-fabrica-crises-para-abafar-o-avanco-do-fim-da-escala-6x1\/","title":{"rendered":"Oposi\u00e7\u00e3o fabrica crises para abafar o avan\u00e7o do fim da escala 6&#215;1"},"content":{"rendered":"<p>A aprova\u00e7\u00e3o do fim da escala 6&#215;1 parece cada vez mais pr\u00f3xima. A proposta j\u00e1 passou pela C\u00e2mara e agora avan\u00e7a no Senado, com expectativa de vota\u00e7\u00e3o ainda nesta semana. A oposi\u00e7\u00e3o parece ter entendido que barrar uma medida t\u00e3o popular pode ter um custo eleitoral alto e, por isso, parte da disputa agora parece estar concentrada em evitar que Lula colha os ganhos pol\u00edticos dessa conquista.<\/p>\n<p>Nos \u00faltimos meses, vimos um enorme espa\u00e7o no notici\u00e1rio dedicado \u00e0s suspeitas envolvendo Lulinha. O filho do presidente apareceu associado a negocia\u00e7\u00f5es e poss\u00edveis irregularidades, muitas vezes em meio a ila\u00e7\u00f5es e investiga\u00e7\u00f5es ainda sem conclus\u00e3o. O eleitor foi bombardeado com esse assunto, mas as pesquisas n\u00e3o mostraram o enfraquecimento de Lula que seus advers\u00e1rios esperavam. Talvez porque esse filme seja antigo: em outras elei\u00e7\u00f5es, Lulinha j\u00e1 foi transformado em personagem de hist\u00f3rias absurdas, como a falsa informa\u00e7\u00e3o de que seria dono da Friboi e at\u00e9 de um carro de ouro.<\/p>\n<p>Agora, justamente quando o fim da escala 6&#215;1 se aproxima de uma vota\u00e7\u00e3o decisiva, surge uma nova crise envolvendo o STF e o caso Banco Master, imediatamente explorada pela oposi\u00e7\u00e3o. \u00c9 espantosa a quantidade de esc\u00e2ndalos, crises e den\u00fancias que ganha for\u00e7a \u00e0s v\u00e9speras de uma elei\u00e7\u00e3o presidencial. Pode ser coincid\u00eancia, pode fazer parte da pr\u00f3pria din\u00e2mica pol\u00edtica, mas a disputa de narrativa est\u00e1 evidente. Minha intui\u00e7\u00e3o \u00e9 que, mais uma vez, a estrat\u00e9gia ser\u00e1 v\u00e3: para milh\u00f5es de trabalhadores, dois dias de descanso por semana provavelmente ter\u00e3o um peso muito mais concreto do que qualquer factoide produzido no calor da campanha.<\/p>\n","protected":false},"excerpt":{"rendered":"<p>A aprova\u00e7\u00e3o do fim da escala 6&#215;1 parece cada vez mais pr\u00f3xima. A proposta j\u00e1 passou pela C\u00e2mara e agora avan\u00e7a no Senado, com expectativa de vota\u00e7\u00e3o ainda nesta semana. A oposi\u00e7\u00e3o parece ter entendido que barrar uma medida t\u00e3o popular pode ter um custo eleitoral alto e, por isso, parte da disputa agora parece [&hellip;]<\/p>\n","protected":false},"author":21,"featured_media":408981,"comment_status":"closed","ping_status":"closed","sticky":false,"template":"","format":"standard","meta":{"_acf_changed":false,"footnotes":""},"categories":[235],"tags":[],"tmauthors":[306],"class_list":["post-408980","post","type-post","status-publish","format-standard","has-post-thumbnail","category-dona-irene"],"acf":[],"yoast_head":"<!-- This site is optimized with the Yoast SEO plugin v28.0 - https:\/\/yoast.com\/product\/yoast-seo-wordpress\/ -->\n<title>Oposi\u00e7\u00e3o fabrica crises para abafar o avan\u00e7o do fim da escala 6x1 - Notibras<\/title>\n<meta name=\"robots\" content=\"index, follow, max-snippet:-1, max-image-preview:large, max-video-preview:-1\" \/>\n<link rel=\"canonical\" href=\"https:\/\/www.notibras.com\/site\/oposicao-fabrica-crises-para-abafar-o-avanco-do-fim-da-escala-6x1\/\" \/>\n<meta property=\"og:locale\" content=\"pt_BR\" \/>\n<meta property=\"og:type\" content=\"article\" \/>\n<meta property=\"og:title\" content=\"Oposi\u00e7\u00e3o fabrica crises para abafar o avan\u00e7o do fim da escala 6x1 - Notibras\" \/>\n<meta property=\"og:description\" content=\"A aprova\u00e7\u00e3o do fim da escala 6&#215;1 parece cada vez mais pr\u00f3xima. A proposta j\u00e1 passou pela C\u00e2mara e agora avan\u00e7a no Senado, com expectativa de vota\u00e7\u00e3o ainda nesta semana. A oposi\u00e7\u00e3o parece ter entendido que barrar uma medida t\u00e3o popular pode ter um custo eleitoral alto e, por isso, parte da disputa agora parece [&hellip;]\" \/>\n<meta property=\"og:url\" content=\"https:\/\/www.notibras.com\/site\/oposicao-fabrica-crises-para-abafar-o-avanco-do-fim-da-escala-6x1\/\" \/>\n<meta property=\"og:site_name\" content=\"Notibras\" \/>\n<meta property=\"article:publisher\" content=\"https:\/\/www.facebook.com\/notibras\/\" \/>\n<meta property=\"article:published_time\" content=\"2026-09-02T05:15:57+00:00\" \/>\n<meta property=\"og:image\" content=\"https:\/\/www.notibras.com\/site\/wp-content\/uploads\/2026\/09\/bdf-20250904-163500-4ceb8d.webp\" \/>\n\t<meta property=\"og:image:width\" content=\"1170\" \/>\n\t<meta property=\"og:image:height\" content=\"700\" \/>\n\t<meta property=\"og:image:type\" content=\"image\/webp\" \/>\n<meta name=\"author\" content=\"Eduardo Mart\u00ednez\" \/>\n<meta name=\"twitter:card\" content=\"summary_large_image\" \/>\n<meta name=\"twitter:creator\" content=\"@Notibras\" \/>\n<meta name=\"twitter:site\" content=\"@Notibras\" \/>\n<meta name=\"twitter:label1\" content=\"Escrito por\" \/>\n\t<meta name=\"twitter:data1\" content=\"Eduardo Mart\u00ednez\" \/>\n\t<meta name=\"twitter:label2\" content=\"Est. tempo de leitura\" \/>\n\t<meta name=\"twitter:data2\" content=\"2 minutos\" \/>\n<script type=\"application\/ld+json\" class=\"yoast-schema-graph\">{\"@context\":\"https:\\\/\\\/schema.org\",\"@graph\":[{\"@type\":\"Article\",\"@id\":\"https:\\\/\\\/www.notibras.com\\\/site\\\/oposicao-fabrica-crises-para-abafar-o-avanco-do-fim-da-escala-6x1\\\/#article\",\"isPartOf\":{\"@id\":\"https:\\\/\\\/www.notibras.com\\\/site\\\/oposicao-fabrica-crises-para-abafar-o-avanco-do-fim-da-escala-6x1\\\/\"},\"author\":{\"name\":\"Eduardo Mart\u00ednez\",\"@id\":\"https:\\\/\\\/www.notibras.com\\\/site\\\/#\\\/schema\\\/person\\\/5b7fabf2aedc3ada2105f03b22b4d3dd\"},\"headline\":\"Oposi\u00e7\u00e3o fabrica crises para abafar o avan\u00e7o do fim da escala 6&#215;1\",\"datePublished\":\"2026-09-02T05:15:57+00:00\",\"mainEntityOfPage\":{\"@id\":\"https:\\\/\\\/www.notibras.com\\\/site\\\/oposicao-fabrica-crises-para-abafar-o-avanco-do-fim-da-escala-6x1\\\/\"},\"wordCount\":307,\"publisher\":{\"@id\":\"https:\\\/\\\/www.notibras.com\\\/site\\\/#organization\"},\"image\":{\"@id\":\"https:\\\/\\\/www.notibras.com\\\/site\\\/oposicao-fabrica-crises-para-abafar-o-avanco-do-fim-da-escala-6x1\\\/#primaryimage\"},\"thumbnailUrl\":\"https:\\\/\\\/www.notibras.com\\\/site\\\/wp-content\\\/uploads\\\/2026\\\/09\\\/bdf-20250904-163500-4ceb8d.webp\",\"articleSection\":[\"Dona Irene\"],\"inLanguage\":\"pt-BR\"},{\"@type\":\"WebPage\",\"@id\":\"https:\\\/\\\/www.notibras.com\\\/site\\\/oposicao-fabrica-crises-para-abafar-o-avanco-do-fim-da-escala-6x1\\\/\",\"url\":\"https:\\\/\\\/www.notibras.com\\\/site\\\/oposicao-fabrica-crises-para-abafar-o-avanco-do-fim-da-escala-6x1\\\/\",\"name\":\"Oposi\u00e7\u00e3o fabrica crises para abafar o avan\u00e7o do fim da escala 6x1 - Notibras\",\"isPartOf\":{\"@id\":\"https:\\\/\\\/www.notibras.com\\\/site\\\/#website\"},\"primaryImageOfPage\":{\"@id\":\"https:\\\/\\\/www.notibras.com\\\/site\\\/oposicao-fabrica-crises-para-abafar-o-avanco-do-fim-da-escala-6x1\\\/#primaryimage\"},\"image\":{\"@id\":\"https:\\\/\\\/www.notibras.com\\\/site\\\/oposicao-fabrica-crises-para-abafar-o-avanco-do-fim-da-escala-6x1\\\/#primaryimage\"},\"thumbnailUrl\":\"https:\\\/\\\/www.notibras.com\\\/site\\\/wp-content\\\/uploads\\\/2026\\\/09\\\/bdf-20250904-163500-4ceb8d.webp\",\"datePublished\":\"2026-09-02T05:15:57+00:00\",\"breadcrumb\":{\"@id\":\"https:\\\/\\\/www.notibras.com\\\/site\\\/oposicao-fabrica-crises-para-abafar-o-avanco-do-fim-da-escala-6x1\\\/#breadcrumb\"},\"inLanguage\":\"pt-BR\",\"potentialAction\":[{\"@type\":\"ReadAction\",\"target\":[\"https:\\\/\\\/www.notibras.com\\\/site\\\/oposicao-fabrica-crises-para-abafar-o-avanco-do-fim-da-escala-6x1\\\/\"]}]},{\"@type\":\"ImageObject\",\"inLanguage\":\"pt-BR\",\"@id\":\"https:\\\/\\\/www.notibras.com\\\/site\\\/oposicao-fabrica-crises-para-abafar-o-avanco-do-fim-da-escala-6x1\\\/#primaryimage\",\"url\":\"https:\\\/\\\/www.notibras.com\\\/site\\\/wp-content\\\/uploads\\\/2026\\\/09\\\/bdf-20250904-163500-4ceb8d.webp\",\"contentUrl\":\"https:\\\/\\\/www.notibras.com\\\/site\\\/wp-content\\\/uploads\\\/2026\\\/09\\\/bdf-20250904-163500-4ceb8d.webp\",\"width\":1170,\"height\":700},{\"@type\":\"BreadcrumbList\",\"@id\":\"https:\\\/\\\/www.notibras.com\\\/site\\\/oposicao-fabrica-crises-para-abafar-o-avanco-do-fim-da-escala-6x1\\\/#breadcrumb\",\"itemListElement\":[{\"@type\":\"ListItem\",\"position\":1,\"name\":\"In\u00edcio\",\"item\":\"https:\\\/\\\/www.notibras.com\\\/site\\\/\"},{\"@type\":\"ListItem\",\"position\":2,\"name\":\"Oposi\u00e7\u00e3o fabrica crises para abafar o avan\u00e7o do fim da escala 6&#215;1\"}]},{\"@type\":\"WebSite\",\"@id\":\"https:\\\/\\\/www.notibras.com\\\/site\\\/#website\",\"url\":\"https:\\\/\\\/www.notibras.com\\\/site\\\/\",\"name\":\"Notibras\",\"description\":\"Not\u00edcias de Bras\u00edlia, do Brasil e do Mundo\",\"publisher\":{\"@id\":\"https:\\\/\\\/www.notibras.com\\\/site\\\/#organization\"},\"potentialAction\":[{\"@type\":\"SearchAction\",\"target\":{\"@type\":\"EntryPoint\",\"urlTemplate\":\"https:\\\/\\\/www.notibras.com\\\/site\\\/?s={search_term_string}\"},\"query-input\":{\"@type\":\"PropertyValueSpecification\",\"valueRequired\":true,\"valueName\":\"search_term_string\"}}],\"inLanguage\":\"pt-BR\"},{\"@type\":\"Organization\",\"@id\":\"https:\\\/\\\/www.notibras.com\\\/site\\\/#organization\",\"name\":\"Grupo Notibras de Comunica\u00e7\u00e3o\",\"url\":\"https:\\\/\\\/www.notibras.com\\\/site\\\/\",\"logo\":{\"@type\":\"ImageObject\",\"inLanguage\":\"pt-BR\",\"@id\":\"https:\\\/\\\/www.notibras.com\\\/site\\\/#\\\/schema\\\/logo\\\/image\\\/\",\"url\":\"https:\\\/\\\/www.notibras.com\\\/site\\\/wp-content\\\/uploads\\\/2023\\\/01\\\/notibras23.png\",\"contentUrl\":\"https:\\\/\\\/www.notibras.com\\\/site\\\/wp-content\\\/uploads\\\/2023\\\/01\\\/notibras23.png\",\"width\":350,\"height\":87,\"caption\":\"Grupo Notibras de Comunica\u00e7\u00e3o\"},\"image\":{\"@id\":\"https:\\\/\\\/www.notibras.com\\\/site\\\/#\\\/schema\\\/logo\\\/image\\\/\"},\"sameAs\":[\"https:\\\/\\\/www.facebook.com\\\/notibras\\\/\",\"https:\\\/\\\/x.com\\\/Notibras\",\"https:\\\/\\\/www.instagram.com\\\/notibras\\\/\"]},{\"@type\":\"Person\",\"@id\":\"https:\\\/\\\/www.notibras.com\\\/site\\\/#\\\/schema\\\/person\\\/5b7fabf2aedc3ada2105f03b22b4d3dd\",\"name\":\"Eduardo Mart\u00ednez\",\"image\":{\"@type\":\"ImageObject\",\"inLanguage\":\"pt-BR\",\"@id\":\"https:\\\/\\\/secure.gravatar.com\\\/avatar\\\/7902f906289926289cbcda644b5197c796b893c6ffd7b9a536a42d290f7704a0?s=96&d=mm&r=g\",\"url\":\"https:\\\/\\\/secure.gravatar.com\\\/avatar\\\/7902f906289926289cbcda644b5197c796b893c6ffd7b9a536a42d290f7704a0?s=96&d=mm&r=g\",\"contentUrl\":\"https:\\\/\\\/secure.gravatar.com\\\/avatar\\\/7902f906289926289cbcda644b5197c796b893c6ffd7b9a536a42d290f7704a0?s=96&d=mm&r=g\",\"caption\":\"Eduardo Mart\u00ednez\"}}]}<\/script>\n<!-- \/ Yoast SEO plugin. -->","yoast_head_json":{"title":"Oposi\u00e7\u00e3o fabrica crises para abafar o avan\u00e7o do fim da escala 6x1 - Notibras","robots":{"index":"index","follow":"follow","max-snippet":"max-snippet:-1","max-image-preview":"max-image-preview:large","max-video-preview":"max-video-preview:-1"},"canonical":"https:\/\/www.notibras.com\/site\/oposicao-fabrica-crises-para-abafar-o-avanco-do-fim-da-escala-6x1\/","og_locale":"pt_BR","og_type":"article","og_title":"Oposi\u00e7\u00e3o fabrica crises para abafar o avan\u00e7o do fim da escala 6x1 - Notibras","og_description":"A aprova\u00e7\u00e3o do fim da escala 6&#215;1 parece cada vez mais pr\u00f3xima. A proposta j\u00e1 passou pela C\u00e2mara e agora avan\u00e7a no Senado, com expectativa de vota\u00e7\u00e3o ainda nesta semana. A oposi\u00e7\u00e3o parece ter entendido que barrar uma medida t\u00e3o popular pode ter um custo eleitoral alto e, por isso, parte da disputa agora parece [&hellip;]","og_url":"https:\/\/www.notibras.com\/site\/oposicao-fabrica-crises-para-abafar-o-avanco-do-fim-da-escala-6x1\/","og_site_name":"Notibras","article_publisher":"https:\/\/www.facebook.com\/notibras\/","article_published_time":"2026-09-02T05:15:57+00:00","og_image":[{"width":1170,"height":700,"url":"https:\/\/www.notibras.com\/site\/wp-content\/uploads\/2026\/09\/bdf-20250904-163500-4ceb8d.webp","type":"image\/webp"}],"author":"Eduardo Mart\u00ednez","twitter_card":"summary_large_image","twitter_creator":"@Notibras","twitter_site":"@Notibras","twitter_misc":{"Escrito por":"Eduardo Mart\u00ednez","Est. tempo de leitura":"2 minutos"},"schema":{"@context":"https:\/\/schema.org","@graph":[{"@type":"Article","@id":"https:\/\/www.notibras.com\/site\/oposicao-fabrica-crises-para-abafar-o-avanco-do-fim-da-escala-6x1\/#article","isPartOf":{"@id":"https:\/\/www.notibras.com\/site\/oposicao-fabrica-crises-para-abafar-o-avanco-do-fim-da-escala-6x1\/"},"author":{"name":"Eduardo Mart\u00ednez","@id":"https:\/\/www.notibras.com\/site\/#\/schema\/person\/5b7fabf2aedc3ada2105f03b22b4d3dd"},"headline":"Oposi\u00e7\u00e3o fabrica crises para abafar o avan\u00e7o do fim da escala 6&#215;1","datePublished":"2026-09-02T05:15:57+00:00","mainEntityOfPage":{"@id":"https:\/\/www.notibras.com\/site\/oposicao-fabrica-crises-para-abafar-o-avanco-do-fim-da-escala-6x1\/"},"wordCount":307,"publisher":{"@id":"https:\/\/www.notibras.com\/site\/#organization"},"image":{"@id":"https:\/\/www.notibras.com\/site\/oposicao-fabrica-crises-para-abafar-o-avanco-do-fim-da-escala-6x1\/#primaryimage"},"thumbnailUrl":"https:\/\/www.notibras.com\/site\/wp-content\/uploads\/2026\/09\/bdf-20250904-163500-4ceb8d.webp","articleSection":["Dona Irene"],"inLanguage":"pt-BR"},{"@type":"WebPage","@id":"https:\/\/www.notibras.com\/site\/oposicao-fabrica-crises-para-abafar-o-avanco-do-fim-da-escala-6x1\/","url":"https:\/\/www.notibras.com\/site\/oposicao-fabrica-crises-para-abafar-o-avanco-do-fim-da-escala-6x1\/","name":"Oposi\u00e7\u00e3o fabrica crises para abafar o avan\u00e7o do fim da escala 6x1 - Notibras","isPartOf":{"@id":"https:\/\/www.notibras.com\/site\/#website"},"primaryImageOfPage":{"@id":"https:\/\/www.notibras.com\/site\/oposicao-fabrica-crises-para-abafar-o-avanco-do-fim-da-escala-6x1\/#primaryimage"},"image":{"@id":"https:\/\/www.notibras.com\/site\/oposicao-fabrica-crises-para-abafar-o-avanco-do-fim-da-escala-6x1\/#primaryimage"},"thumbnailUrl":"https:\/\/www.notibras.com\/site\/wp-content\/uploads\/2026\/09\/bdf-20250904-163500-4ceb8d.webp","datePublished":"2026-09-02T05:15:57+00:00","breadcrumb":{"@id":"https:\/\/www.notibras.com\/site\/oposicao-fabrica-crises-para-abafar-o-avanco-do-fim-da-escala-6x1\/#breadcrumb"},"inLanguage":"pt-BR","potentialAction":[{"@type":"ReadAction","target":["https:\/\/www.notibras.com\/site\/oposicao-fabrica-crises-para-abafar-o-avanco-do-fim-da-escala-6x1\/"]}]},{"@type":"ImageObject","inLanguage":"pt-BR","@id":"https:\/\/www.notibras.com\/site\/oposicao-fabrica-crises-para-abafar-o-avanco-do-fim-da-escala-6x1\/#primaryimage","url":"https:\/\/www.notibras.com\/site\/wp-content\/uploads\/2026\/09\/bdf-20250904-163500-4ceb8d.webp","contentUrl":"https:\/\/www.notibras.com\/site\/wp-content\/uploads\/2026\/09\/bdf-20250904-163500-4ceb8d.webp","width":1170,"height":700},{"@type":"BreadcrumbList","@id":"https:\/\/www.notibras.com\/site\/oposicao-fabrica-crises-para-abafar-o-avanco-do-fim-da-escala-6x1\/#breadcrumb","itemListElement":[{"@type":"ListItem","position":1,"name":"In\u00edcio","item":"https:\/\/www.notibras.com\/site\/"},{"@type":"ListItem","position":2,"name":"Oposi\u00e7\u00e3o fabrica crises para abafar o avan\u00e7o do fim da escala 6&#215;1"}]},{"@type":"WebSite","@id":"https:\/\/www.notibras.com\/site\/#website","url":"https:\/\/www.notibras.com\/site\/","name":"Notibras","description":"Not\u00edcias de Bras\u00edlia, do Brasil e do Mundo","publisher":{"@id":"https:\/\/www.notibras.com\/site\/#organization"},"potentialAction":[{"@type":"SearchAction","target":{"@type":"EntryPoint","urlTemplate":"https:\/\/www.notibras.com\/site\/?s={search_term_string}"},"query-input":{"@type":"PropertyValueSpecification","valueRequired":true,"valueName":"search_term_string"}}],"inLanguage":"pt-BR"},{"@type":"Organization","@id":"https:\/\/www.notibras.com\/site\/#organization","name":"Grupo Notibras de Comunica\u00e7\u00e3o","url":"https:\/\/www.notibras.com\/site\/","logo":{"@type":"ImageObject","inLanguage":"pt-BR","@id":"https:\/\/www.notibras.com\/site\/#\/schema\/logo\/image\/","url":"https:\/\/www.notibras.com\/site\/wp-content\/uploads\/2023\/01\/notibras23.png","contentUrl":"https:\/\/www.notibras.com\/site\/wp-content\/uploads\/2023\/01\/notibras23.png","width":350,"height":87,"caption":"Grupo Notibras de Comunica\u00e7\u00e3o"},"image":{"@id":"https:\/\/www.notibras.com\/site\/#\/schema\/logo\/image\/"},"sameAs":["https:\/\/www.facebook.com\/notibras\/","https:\/\/x.com\/Notibras","https:\/\/www.instagram.com\/notibras\/"]},{"@type":"Person","@id":"https:\/\/www.notibras.com\/site\/#\/schema\/person\/5b7fabf2aedc3ada2105f03b22b4d3dd","name":"Eduardo Mart\u00ednez","image":{"@type":"ImageObject","inLanguage":"pt-BR","@id":"https:\/\/secure.gravatar.com\/avatar\/7902f906289926289cbcda644b5197c796b893c6ffd7b9a536a42d290f7704a0?s=96&d=mm&r=g","url":"https:\/\/secure.gravatar.com\/avatar\/7902f906289926289cbcda644b5197c796b893c6ffd7b9a536a42d290f7704a0?s=96&d=mm&r=g","contentUrl":"https:\/\/secure.gravatar.com\/avatar\/7902f906289926289cbcda644b5197c796b893c6ffd7b9a536a42d290f7704a0?s=96&d=mm&r=g","caption":"Eduardo Mart\u00ednez"}}]}},"_links":{"self":[{"href":"https:\/\/www.notibras.com\/site\/wp-json\/wp\/v2\/posts\/408980","targetHints":{"allow":["GET"]}}],"collection":[{"href":"https:\/\/www.notibras.com\/site\/wp-json\/wp\/v2\/posts"}],"about":[{"href":"https:\/\/www.notibras.com\/site\/wp-json\/wp\/v2\/types\/post"}],"author":[{"embeddable":true,"href":"https:\/\/www.notibras.com\/site\/wp-json\/wp\/v2\/users\/21"}],"replies":[{"embeddable":true,"href":"https:\/\/www.notibras.com\/site\/wp-json\/wp\/v2\/comments?post=408980"}],"version-history":[{"count":4,"href":"https:\/\/www.notibras.com\/site\/wp-json\/wp\/v2\/posts\/408980\/revisions"}],"predecessor-version":[{"id":408985,"href":"https:\/\/www.notibras.com\/site\/wp-json\/wp\/v2\/posts\/408980\/revisions\/408985"}],"wp:featuredmedia":[{"embeddable":true,"href":"https:\/\/www.notibras.com\/site\/wp-json\/wp\/v2\/media\/408981"}],"wp:attachment":[{"href":"https:\/\/www.notibras.com\/site\/wp-json\/wp\/v2\/media?parent=408980"}],"wp:term":[{"taxonomy":"category","embeddable":true,"href":"https:\/\/www.notibras.com\/site\/wp-json\/wp\/v2\/categories?post=408980"},{"taxonomy":"post_tag","embeddable":true,"href":"https:\/\/www.notibras.com\/site\/wp-json\/wp\/v2\/tags?post=408980"},{"taxonomy":"tmauthors","embeddable":true,"href":"https:\/\/www.notibras.com\/site\/wp-json\/wp\/v2\/tmauthors?post=408980"}],"curies":[{"name":"wp","href":"https:\/\/api.w.org\/{rel}","templated":true}]}}