{"id":408988,"date":"2026-09-02T08:17:41","date_gmt":"2026-09-02T11:17:41","guid":{"rendered":"https:\/\/www.notibras.com\/site\/?p=408988"},"modified":"2026-09-02T08:19:40","modified_gmt":"2026-09-02T11:19:40","slug":"nome-a-ser-batido-nas-urnas-celina-deixa-que-os-de-tras-briguem-entre-si","status":"publish","type":"post","link":"https:\/\/www.notibras.com\/site\/nome-a-ser-batido-nas-urnas-celina-deixa-que-os-de-tras-briguem-entre-si\/","title":{"rendered":"Nome a ser batido nas urnas, Celina deixa que os de tr\u00e1s briguem entre si"},"content":{"rendered":"<p>A campanha eleitoral ocupa o centro da agenda do Distrito Federal nesta quarta-feira, mas n\u00e3o apenas porque os principais candidatos estiveram ontem \u00e0 noite diante das c\u00e2meras. O debate do Correio Braziliense e da TV Bras\u00edlia come\u00e7ou a organizar com maior nitidez os campos de confronto da elei\u00e7\u00e3o e revelou uma disposi\u00e7\u00e3o para o embate que ainda n\u00e3o havia aparecido com a mesma intensidade na campanha.<\/p>\n<p>Celina Le\u00e3o, l\u00edder nas pesquisas, n\u00e3o escolheu apenas administrar a vantagem e respondeu diretamente aos advers\u00e1rios. Jos\u00e9 Roberto Arruda concentrou sua ofensiva sobre o governo e avan\u00e7ou ao apresentar uma f\u00f3rmula pr\u00f3pria para enfrentar a crise do BRB. Leandro Grass procurou conciliar oposi\u00e7\u00e3o local e defesa do governo federal, Ricardo Cappelli apostou no confronto para ganhar espa\u00e7o, Paula Belmonte insistiu nas defici\u00eancias de gest\u00e3o e Kiko Caputo procurou utilizar transporte e infraestrutura para apresentar propostas.<\/p>\n<p>Fora do debate, a agenda permanece diversificada. O BRB continua no centro da disputa pol\u00edtica, agora tamb\u00e9m submetido \u00e0s propostas dos candidatos. A sa\u00fade mostrou potencial para se consolidar como uma das principais vulnerabilidades eleitorais do governo. O Metr\u00f4 continua presente mesmo depois do adiamento da greve. A situa\u00e7\u00e3o jur\u00eddica de Arruda permanece sem defini\u00e7\u00e3o no TRE-DF. O PPCub e a representa\u00e7\u00e3o da sociedade civil no Conplan mant\u00eam a agenda urbana ativa, enquanto o governo prepara a opera\u00e7\u00e3o de seguran\u00e7a e mobilidade para o 7 de Setembro.<\/p>\n<p>O saldo desta manh\u00e3 \u00e9 de uma campanha mais clara em seus conflitos, mas ainda sem mudan\u00e7a objetiva na correla\u00e7\u00e3o de for\u00e7as conhecida pelas pesquisas.<\/p>\n<p>O debate merece tratamento separado porque foi mais do que uma agenda cumprida pelos candidatos. Pela primeira vez nesta fase da campanha, os principais concorrentes tiveram de abandonar o ambiente protegido da propaganda e responder diretamente uns aos outros. O resultado mostrou uma elei\u00e7\u00e3o mais aberta ao confronto do que a lideran\u00e7a relativamente confort\u00e1vel de Celina poderia sugerir.<\/p>\n<p>Celina entrou como candidata a ser batida e n\u00e3o tentou escapar completamente desse papel. Foi cobrada pelo BRB, sa\u00fade, mobilidade e gest\u00e3o, respondeu aos ataques e tamb\u00e9m decidiu provoc\u00e1-los. O confronto com Ricardo Cappelli, chamado por ela de \u201cbobo da corte\u201d, foi o exemplo mais evidente. Contra Arruda, utilizou a situa\u00e7\u00e3o jur\u00eddica do ex-governador como instrumento de rea\u00e7\u00e3o. A postura sugere uma campanha governista menos interessada em apenas preservar a favorita e disposta a assumir algum risco para n\u00e3o entregar aos advers\u00e1rios o monop\u00f3lio da ofensiva.<\/p>\n<p>Arruda fez o movimento natural de quem aparece em segundo lugar. Tentou transformar o debate num julgamento da administra\u00e7\u00e3o atual e utilizou sa\u00fade, popula\u00e7\u00e3o em situa\u00e7\u00e3o de rua e principalmente o BRB para empurrar Celina para a posi\u00e7\u00e3o de candidata respons\u00e1vel pelos problemas do governo.<\/p>\n<p>A novidade apareceu quando ele deixou a acusa\u00e7\u00e3o e entrou no terreno da proposta. Arruda defendeu a utiliza\u00e7\u00e3o de recursos do Fundo Constitucional de Financiamento do Centro-Oeste para refor\u00e7ar a liquidez do BRB, falou em at\u00e9 R$ 15 bilh\u00f5es e acrescentou redu\u00e7\u00e3o da estrutura do banco, fechamento de ag\u00eancias, cancelamento de patroc\u00ednios e programas de desligamento volunt\u00e1rio.<\/p>\n<p>A viabilidade da proposta precisar\u00e1 ser examinada separadamente, mas politicamente ela produz um efeito imediato: o BRB deixa de ser apenas uma discuss\u00e3o sobre quem provocou a crise e passa a exigir que os candidatos expliquem o que fariam para resolv\u00ea-la.<\/p>\n<p>Leandro Grass ocupou posi\u00e7\u00e3o mais complexa. Precisa fazer oposi\u00e7\u00e3o ao GDF sem permitir que ataques ao governo federal o obriguem a gastar parte significativa de sua exposi\u00e7\u00e3o defendendo Lula. A discuss\u00e3o sobre o Fundo Constitucional mostrou exatamente essa dificuldade. Ao defender o comportamento do governo federal em rela\u00e7\u00e3o aos repasses, Grass protege seu campo pol\u00edtico, mas corre o risco de responder por uma administra\u00e7\u00e3o que n\u00e3o \u00e9 aquela que pretende comandar.<\/p>\n<p>Ricardo Cappelli escolheu a agressividade como instrumento para tentar romper a barreira dos candidatos que hoje concentram a disputa. Conseguiu provocar Celina e participar de um dos momentos de maior repercuss\u00e3o do debate, mas seu desafio continua sendo transformar capacidade de confronto em percep\u00e7\u00e3o de viabilidade. Ganhar espa\u00e7o numa discuss\u00e3o n\u00e3o significa necessariamente entrar na disputa eleitoral.<\/p>\n<p>Paula Belmonte manteve a cr\u00edtica \u00e0s defici\u00eancias de gest\u00e3o, especialmente na sa\u00fade, enquanto Kiko Caputo procurou aproveitar transporte e infraestrutura para apresentar propostas. Para os candidatos com menor exposi\u00e7\u00e3o no hor\u00e1rio eleitoral, o debate oferece algo particularmente valioso: uma igualdade de tempo que a propaganda gratuita n\u00e3o lhes proporciona.<\/p>\n<p>Mais importante do que escolher vencedor ou derrotado \u00e9 perceber que a campanha come\u00e7ou a encontrar seus eixos.<\/p>\n<p>O BRB tende a continuar como principal passivo utilizado contra Celina, mas o debate indicou que repetir acusa\u00e7\u00f5es talvez j\u00e1 n\u00e3o seja suficiente. A campanha come\u00e7a a cobrar alternativas para o banco. A sa\u00fade oferece \u00e0 oposi\u00e7\u00e3o um terreno diferente e potencialmente mais perigoso para o governo porque seus problemas chegam diretamente ao cotidiano e n\u00e3o dependem da tradu\u00e7\u00e3o necess\u00e1ria para compreender uma crise financeira.<\/p>\n<p>O Metr\u00f4, mesmo depois do adiamento da greve, permaneceu na discuss\u00e3o e come\u00e7a a migrar de problema trabalhista para debate sobre expans\u00e3o, investimentos e qualidade do transporte. O Fundo Constitucional abre outro campo de confronto, no qual a elei\u00e7\u00e3o distrital inevitavelmente encontra a disputa nacional.<\/p>\n<p>Tamb\u00e9m ficou mais claro o desenho estrat\u00e9gico dos dois primeiros colocados. Arruda precisa transformar a elei\u00e7\u00e3o num julgamento do governo; Celina precisa impedir que governar signifique permanecer durante toda a campanha no banco dos r\u00e9us.<\/p>\n<p>Cada um, por\u00e9m, carrega seu pr\u00f3prio risco. Celina n\u00e3o pode responder a todas as provoca\u00e7\u00f5es e permitir que a condi\u00e7\u00e3o de favorita seja substitu\u00edda pela imagem de uma candidata permanentemente acuada. Arruda precisa impedir que a discuss\u00e3o sobre sua situa\u00e7\u00e3o jur\u00eddica ocupe mais espa\u00e7o do que aquilo que pretende oferecer como alternativa de governo.<\/p>\n<p>Os demais candidatos enfrentam dificuldade adicional. O debate lhes ofereceu exposi\u00e7\u00e3o, confronto e igualdade de tempo, mas ainda precisam demonstrar que existe uma alternativa eleitoral concreta fora do eixo Celina-Arruda. A televis\u00e3o lhes deu igualdade de tempo; ainda n\u00e3o lhes deu igualdade de peso.<\/p>\n<p>O debate n\u00e3o virou a elei\u00e7\u00e3o, mas come\u00e7ou a mostrar qual elei\u00e7\u00e3o cada candidato gostaria de disputar. Celina quer comparar governo e entregas; Arruda quer julgar a administra\u00e7\u00e3o; Grass procura construir oposi\u00e7\u00e3o sem passar a campanha respondendo pelo governo federal; Cappelli aposta no confronto para crescer; Belmonte explora as falhas de gest\u00e3o; e Caputo procura transformar propostas espec\u00edficas em reconhecimento eleitoral. A partir de agora, a quest\u00e3o \u00e9 saber quais dessas estrat\u00e9gias sobreviver\u00e3o fora do est\u00fadio.<\/p>\n<p>A proposta apresentada por Arruda muda a natureza pol\u00edtica da discuss\u00e3o sobre o BRB. At\u00e9 agora, boa parte do embate estava concentrada na origem da crise, nas responsabilidades do governo, nas opera\u00e7\u00f5es relacionadas ao Banco Master e nas alternativas institucionais para recomposi\u00e7\u00e3o financeira.<\/p>\n<p>Ao defender recursos do Fundo do Centro-Oeste, redu\u00e7\u00e3o da estrutura, fechamento de ag\u00eancias e revis\u00e3o de patroc\u00ednios, Arruda tenta ocupar tamb\u00e9m o terreno da solu\u00e7\u00e3o. Isso aumenta a press\u00e3o sobre Celina para que a campanha governista apresente com maior clareza qual BRB pretende entregar depois da crise. Tamb\u00e9m abre espa\u00e7o para que os demais candidatos sejam cobrados sobre capitaliza\u00e7\u00e3o, tamanho da institui\u00e7\u00e3o e eventual participa\u00e7\u00e3o de recursos p\u00fablicos.<br \/>\nO banco tende, portanto, a permanecer como assunto central, mas a pergunta eleitoral come\u00e7a a mudar: al\u00e9m de saber quem \u00e9 respons\u00e1vel, ser\u00e1 necess\u00e1rio discutir quem pagar\u00e1 a conta e qual BRB sair\u00e1 dela.<\/p>\n<p>A sa\u00fade apareceu no debate como um dos poucos assuntos capazes de reunir cr\u00edticas de advers\u00e1rios politicamente bastante diferentes. Cappelli citou problemas em hospitais e UPAs. Paula Belmonte concentrou parte de sua argumenta\u00e7\u00e3o nas filas, falta de insumos e dificuldades para realiza\u00e7\u00e3o de procedimentos. Arruda tamb\u00e9m utilizou a \u00e1rea para questionar a administra\u00e7\u00e3o. Celina respondeu com n\u00fameros de cirurgias realizadas e previs\u00e3o de novas UPAs.<\/p>\n<p>Para o governo, o problema \u00e9 que sa\u00fade possui uma caracter\u00edstica eleitoral distinta do BRB. O cidad\u00e3o pode n\u00e3o acompanhar detalhes de capitaliza\u00e7\u00e3o banc\u00e1ria, mas compreende imediatamente uma consulta que demora, um exame que n\u00e3o consegue marcar ou um atendimento que considera inadequado. A oposi\u00e7\u00e3o percebeu esse terreno e provavelmente voltar\u00e1 a ele.<\/p>\n<p>O adiamento da greve retirou da semana o risco imediato de esta\u00e7\u00f5es fechadas, mas n\u00e3o encerrou a discuss\u00e3o. No debate, o Metr\u00f4 apareceu associado \u00e0 falta de expans\u00e3o do sistema, necessidade de moderniza\u00e7\u00e3o e novos investimentos. Kiko Caputo falou em mais de R$ 1 bilh\u00e3o para moderniza\u00e7\u00e3o, enquanto Arruda voltou a cobrar expans\u00e3o da malha.<\/p>\n<p>O movimento \u00e9 importante porque transforma uma crise inicialmente trabalhista em discuss\u00e3o program\u00e1tica sobre mobilidade. A nova assembleia dos trabalhadores, prevista para 15 de setembro, mant\u00e9m ainda o risco de paralisa\u00e7\u00e3o no horizonte.<\/p>\n<p>O Fundo Constitucional do Distrito Federal voltou ao confronto eleitoral quando Grass rebateu a interpreta\u00e7\u00e3o de que o governo Lula estaria prejudicando os recursos destinados ao DF. A discuss\u00e3o exige aten\u00e7\u00e3o porque mistura dois planos diferentes: o embate eleitoral e as altera\u00e7\u00f5es legislativas que podem efetivamente modificar a trajet\u00f3ria futura dos repasses. Para o Distrito Federal, qualquer mudan\u00e7a relevante possui impacto direto sobre seguran\u00e7a, sa\u00fade e educa\u00e7\u00e3o. Por isso, o tema deve continuar sendo acompanhado para al\u00e9m das declara\u00e7\u00f5es dos candidatos.<\/p>\n<p>O GDF concluiu o credenciamento de 104 entidades da sociedade civil para participar do processo de escolha dos representantes do Conselho de Planejamento Territorial e Urbano do Distrito Federal no bi\u00eanio 2027-2028. A movimenta\u00e7\u00e3o ganha import\u00e2ncia num momento em que o PPCub retorna \u00e0 agenda p\u00fablica. A audi\u00eancia sobre novas altera\u00e7\u00f5es est\u00e1 prevista para 30 de setembro.<br \/>\nO debate urbano tende a crescer durante a campanha porque re\u00fane preserva\u00e7\u00e3o do conjunto tombado, ocupa\u00e7\u00e3o territorial, habita\u00e7\u00e3o, interesses imobili\u00e1rios e planejamento de longo prazo.<\/p>\n","protected":false},"excerpt":{"rendered":"<p>A campanha eleitoral ocupa o centro da agenda do Distrito Federal nesta quarta-feira, mas n\u00e3o apenas porque os principais candidatos estiveram ontem \u00e0 noite diante das c\u00e2meras. O debate do Correio Braziliense e da TV Bras\u00edlia come\u00e7ou a organizar com maior nitidez os campos de confronto da elei\u00e7\u00e3o e revelou uma disposi\u00e7\u00e3o para o embate [&hellip;]<\/p>\n","protected":false},"author":2,"featured_media":408989,"comment_status":"closed","ping_status":"closed","sticky":false,"template":"","format":"standard","meta":{"_acf_changed":false,"footnotes":""},"categories":[239],"tags":[],"tmauthors":[307],"class_list":["post-408988","post","type-post","status-publish","format-standard","has-post-thumbnail","category-eleicoes-brasilia"],"acf":[],"yoast_head":"<!-- This site is optimized with the Yoast SEO plugin v28.0 - https:\/\/yoast.com\/product\/yoast-seo-wordpress\/ -->\n<title>Nome a ser batido nas urnas, Celina deixa que os de tr\u00e1s briguem entre si - Notibras<\/title>\n<meta name=\"robots\" content=\"index, follow, max-snippet:-1, max-image-preview:large, max-video-preview:-1\" \/>\n<link rel=\"canonical\" href=\"https:\/\/www.notibras.com\/site\/nome-a-ser-batido-nas-urnas-celina-deixa-que-os-de-tras-briguem-entre-si\/\" \/>\n<meta property=\"og:locale\" content=\"pt_BR\" \/>\n<meta property=\"og:type\" content=\"article\" \/>\n<meta property=\"og:title\" content=\"Nome a ser batido nas urnas, Celina deixa que os de tr\u00e1s briguem entre si - Notibras\" \/>\n<meta property=\"og:description\" content=\"A campanha eleitoral ocupa o centro da agenda do Distrito Federal nesta quarta-feira, mas n\u00e3o apenas porque os principais candidatos estiveram ontem \u00e0 noite diante das c\u00e2meras. O debate do Correio Braziliense e da TV Bras\u00edlia come\u00e7ou a organizar com maior nitidez os campos de confronto da elei\u00e7\u00e3o e revelou uma disposi\u00e7\u00e3o para o embate [&hellip;]\" \/>\n<meta property=\"og:url\" content=\"https:\/\/www.notibras.com\/site\/nome-a-ser-batido-nas-urnas-celina-deixa-que-os-de-tras-briguem-entre-si\/\" \/>\n<meta property=\"og:site_name\" content=\"Notibras\" \/>\n<meta property=\"article:publisher\" content=\"https:\/\/www.facebook.com\/notibras\/\" \/>\n<meta property=\"article:published_time\" content=\"2026-09-02T11:17:41+00:00\" \/>\n<meta property=\"article:modified_time\" content=\"2026-09-02T11:19:40+00:00\" \/>\n<meta property=\"og:image\" content=\"https:\/\/www.notibras.com\/site\/wp-content\/uploads\/2026\/09\/1_-mjr8079-67579497.webp\" \/>\n\t<meta property=\"og:image:width\" content=\"675\" \/>\n\t<meta property=\"og:image:height\" content=\"450\" \/>\n\t<meta property=\"og:image:type\" content=\"image\/webp\" \/>\n<meta name=\"author\" content=\"Reda\u00e7\u00e3o\" \/>\n<meta name=\"twitter:card\" content=\"summary_large_image\" \/>\n<meta name=\"twitter:creator\" content=\"@Notibras\" \/>\n<meta name=\"twitter:site\" content=\"@Notibras\" \/>\n<meta name=\"twitter:label1\" content=\"Escrito por\" \/>\n\t<meta name=\"twitter:data1\" content=\"Reda\u00e7\u00e3o\" \/>\n\t<meta name=\"twitter:label2\" content=\"Est. tempo de leitura\" \/>\n\t<meta name=\"twitter:data2\" content=\"9 minutos\" \/>\n<script type=\"application\/ld+json\" class=\"yoast-schema-graph\">{\"@context\":\"https:\\\/\\\/schema.org\",\"@graph\":[{\"@type\":\"Article\",\"@id\":\"https:\\\/\\\/www.notibras.com\\\/site\\\/nome-a-ser-batido-nas-urnas-celina-deixa-que-os-de-tras-briguem-entre-si\\\/#article\",\"isPartOf\":{\"@id\":\"https:\\\/\\\/www.notibras.com\\\/site\\\/nome-a-ser-batido-nas-urnas-celina-deixa-que-os-de-tras-briguem-entre-si\\\/\"},\"author\":{\"name\":\"Reda\u00e7\u00e3o\",\"@id\":\"https:\\\/\\\/www.notibras.com\\\/site\\\/#\\\/schema\\\/person\\\/36ab0979449956132d3e5b517ea76ac8\"},\"headline\":\"Nome a ser batido nas urnas, Celina deixa que os de tr\u00e1s briguem entre si\",\"datePublished\":\"2026-09-02T11:17:41+00:00\",\"dateModified\":\"2026-09-02T11:19:40+00:00\",\"mainEntityOfPage\":{\"@id\":\"https:\\\/\\\/www.notibras.com\\\/site\\\/nome-a-ser-batido-nas-urnas-celina-deixa-que-os-de-tras-briguem-entre-si\\\/\"},\"wordCount\":1762,\"publisher\":{\"@id\":\"https:\\\/\\\/www.notibras.com\\\/site\\\/#organization\"},\"image\":{\"@id\":\"https:\\\/\\\/www.notibras.com\\\/site\\\/nome-a-ser-batido-nas-urnas-celina-deixa-que-os-de-tras-briguem-entre-si\\\/#primaryimage\"},\"thumbnailUrl\":\"https:\\\/\\\/www.notibras.com\\\/site\\\/wp-content\\\/uploads\\\/2026\\\/09\\\/1_-mjr8079-67579497.webp\",\"articleSection\":[\"Elei\u00e7\u00f5es Bras\u00edlia\"],\"inLanguage\":\"pt-BR\"},{\"@type\":\"WebPage\",\"@id\":\"https:\\\/\\\/www.notibras.com\\\/site\\\/nome-a-ser-batido-nas-urnas-celina-deixa-que-os-de-tras-briguem-entre-si\\\/\",\"url\":\"https:\\\/\\\/www.notibras.com\\\/site\\\/nome-a-ser-batido-nas-urnas-celina-deixa-que-os-de-tras-briguem-entre-si\\\/\",\"name\":\"Nome a ser batido nas urnas, Celina deixa que os de tr\u00e1s briguem entre si - Notibras\",\"isPartOf\":{\"@id\":\"https:\\\/\\\/www.notibras.com\\\/site\\\/#website\"},\"primaryImageOfPage\":{\"@id\":\"https:\\\/\\\/www.notibras.com\\\/site\\\/nome-a-ser-batido-nas-urnas-celina-deixa-que-os-de-tras-briguem-entre-si\\\/#primaryimage\"},\"image\":{\"@id\":\"https:\\\/\\\/www.notibras.com\\\/site\\\/nome-a-ser-batido-nas-urnas-celina-deixa-que-os-de-tras-briguem-entre-si\\\/#primaryimage\"},\"thumbnailUrl\":\"https:\\\/\\\/www.notibras.com\\\/site\\\/wp-content\\\/uploads\\\/2026\\\/09\\\/1_-mjr8079-67579497.webp\",\"datePublished\":\"2026-09-02T11:17:41+00:00\",\"dateModified\":\"2026-09-02T11:19:40+00:00\",\"breadcrumb\":{\"@id\":\"https:\\\/\\\/www.notibras.com\\\/site\\\/nome-a-ser-batido-nas-urnas-celina-deixa-que-os-de-tras-briguem-entre-si\\\/#breadcrumb\"},\"inLanguage\":\"pt-BR\",\"potentialAction\":[{\"@type\":\"ReadAction\",\"target\":[\"https:\\\/\\\/www.notibras.com\\\/site\\\/nome-a-ser-batido-nas-urnas-celina-deixa-que-os-de-tras-briguem-entre-si\\\/\"]}]},{\"@type\":\"ImageObject\",\"inLanguage\":\"pt-BR\",\"@id\":\"https:\\\/\\\/www.notibras.com\\\/site\\\/nome-a-ser-batido-nas-urnas-celina-deixa-que-os-de-tras-briguem-entre-si\\\/#primaryimage\",\"url\":\"https:\\\/\\\/www.notibras.com\\\/site\\\/wp-content\\\/uploads\\\/2026\\\/09\\\/1_-mjr8079-67579497.webp\",\"contentUrl\":\"https:\\\/\\\/www.notibras.com\\\/site\\\/wp-content\\\/uploads\\\/2026\\\/09\\\/1_-mjr8079-67579497.webp\",\"width\":675,\"height\":450},{\"@type\":\"BreadcrumbList\",\"@id\":\"https:\\\/\\\/www.notibras.com\\\/site\\\/nome-a-ser-batido-nas-urnas-celina-deixa-que-os-de-tras-briguem-entre-si\\\/#breadcrumb\",\"itemListElement\":[{\"@type\":\"ListItem\",\"position\":1,\"name\":\"In\u00edcio\",\"item\":\"https:\\\/\\\/www.notibras.com\\\/site\\\/\"},{\"@type\":\"ListItem\",\"position\":2,\"name\":\"Nome a ser batido nas urnas, Celina deixa que os de tr\u00e1s briguem entre si\"}]},{\"@type\":\"WebSite\",\"@id\":\"https:\\\/\\\/www.notibras.com\\\/site\\\/#website\",\"url\":\"https:\\\/\\\/www.notibras.com\\\/site\\\/\",\"name\":\"Notibras\",\"description\":\"Not\u00edcias de Bras\u00edlia, do Brasil e do Mundo\",\"publisher\":{\"@id\":\"https:\\\/\\\/www.notibras.com\\\/site\\\/#organization\"},\"potentialAction\":[{\"@type\":\"SearchAction\",\"target\":{\"@type\":\"EntryPoint\",\"urlTemplate\":\"https:\\\/\\\/www.notibras.com\\\/site\\\/?s={search_term_string}\"},\"query-input\":{\"@type\":\"PropertyValueSpecification\",\"valueRequired\":true,\"valueName\":\"search_term_string\"}}],\"inLanguage\":\"pt-BR\"},{\"@type\":\"Organization\",\"@id\":\"https:\\\/\\\/www.notibras.com\\\/site\\\/#organization\",\"name\":\"Grupo Notibras de Comunica\u00e7\u00e3o\",\"url\":\"https:\\\/\\\/www.notibras.com\\\/site\\\/\",\"logo\":{\"@type\":\"ImageObject\",\"inLanguage\":\"pt-BR\",\"@id\":\"https:\\\/\\\/www.notibras.com\\\/site\\\/#\\\/schema\\\/logo\\\/image\\\/\",\"url\":\"https:\\\/\\\/www.notibras.com\\\/site\\\/wp-content\\\/uploads\\\/2023\\\/01\\\/notibras23.png\",\"contentUrl\":\"https:\\\/\\\/www.notibras.com\\\/site\\\/wp-content\\\/uploads\\\/2023\\\/01\\\/notibras23.png\",\"width\":350,\"height\":87,\"caption\":\"Grupo Notibras de Comunica\u00e7\u00e3o\"},\"image\":{\"@id\":\"https:\\\/\\\/www.notibras.com\\\/site\\\/#\\\/schema\\\/logo\\\/image\\\/\"},\"sameAs\":[\"https:\\\/\\\/www.facebook.com\\\/notibras\\\/\",\"https:\\\/\\\/x.com\\\/Notibras\",\"https:\\\/\\\/www.instagram.com\\\/notibras\\\/\"]},{\"@type\":\"Person\",\"@id\":\"https:\\\/\\\/www.notibras.com\\\/site\\\/#\\\/schema\\\/person\\\/36ab0979449956132d3e5b517ea76ac8\",\"name\":\"Reda\u00e7\u00e3o\",\"image\":{\"@type\":\"ImageObject\",\"inLanguage\":\"pt-BR\",\"@id\":\"https:\\\/\\\/secure.gravatar.com\\\/avatar\\\/e0a867bdedb85fd243eadf09663511f96fc81e0720a4a42581f334ad4303aa6b?s=96&d=mm&r=g\",\"url\":\"https:\\\/\\\/secure.gravatar.com\\\/avatar\\\/e0a867bdedb85fd243eadf09663511f96fc81e0720a4a42581f334ad4303aa6b?s=96&d=mm&r=g\",\"contentUrl\":\"https:\\\/\\\/secure.gravatar.com\\\/avatar\\\/e0a867bdedb85fd243eadf09663511f96fc81e0720a4a42581f334ad4303aa6b?s=96&d=mm&r=g\",\"caption\":\"Reda\u00e7\u00e3o\"}}]}<\/script>\n<!-- \/ Yoast SEO plugin. -->","yoast_head_json":{"title":"Nome a ser batido nas urnas, Celina deixa que os de tr\u00e1s briguem entre si - Notibras","robots":{"index":"index","follow":"follow","max-snippet":"max-snippet:-1","max-image-preview":"max-image-preview:large","max-video-preview":"max-video-preview:-1"},"canonical":"https:\/\/www.notibras.com\/site\/nome-a-ser-batido-nas-urnas-celina-deixa-que-os-de-tras-briguem-entre-si\/","og_locale":"pt_BR","og_type":"article","og_title":"Nome a ser batido nas urnas, Celina deixa que os de tr\u00e1s briguem entre si - Notibras","og_description":"A campanha eleitoral ocupa o centro da agenda do Distrito Federal nesta quarta-feira, mas n\u00e3o apenas porque os principais candidatos estiveram ontem \u00e0 noite diante das c\u00e2meras. O debate do Correio Braziliense e da TV Bras\u00edlia come\u00e7ou a organizar com maior nitidez os campos de confronto da elei\u00e7\u00e3o e revelou uma disposi\u00e7\u00e3o para o embate [&hellip;]","og_url":"https:\/\/www.notibras.com\/site\/nome-a-ser-batido-nas-urnas-celina-deixa-que-os-de-tras-briguem-entre-si\/","og_site_name":"Notibras","article_publisher":"https:\/\/www.facebook.com\/notibras\/","article_published_time":"2026-09-02T11:17:41+00:00","article_modified_time":"2026-09-02T11:19:40+00:00","og_image":[{"width":675,"height":450,"url":"https:\/\/www.notibras.com\/site\/wp-content\/uploads\/2026\/09\/1_-mjr8079-67579497.webp","type":"image\/webp"}],"author":"Reda\u00e7\u00e3o","twitter_card":"summary_large_image","twitter_creator":"@Notibras","twitter_site":"@Notibras","twitter_misc":{"Escrito por":"Reda\u00e7\u00e3o","Est. tempo de leitura":"9 minutos"},"schema":{"@context":"https:\/\/schema.org","@graph":[{"@type":"Article","@id":"https:\/\/www.notibras.com\/site\/nome-a-ser-batido-nas-urnas-celina-deixa-que-os-de-tras-briguem-entre-si\/#article","isPartOf":{"@id":"https:\/\/www.notibras.com\/site\/nome-a-ser-batido-nas-urnas-celina-deixa-que-os-de-tras-briguem-entre-si\/"},"author":{"name":"Reda\u00e7\u00e3o","@id":"https:\/\/www.notibras.com\/site\/#\/schema\/person\/36ab0979449956132d3e5b517ea76ac8"},"headline":"Nome a ser batido nas urnas, Celina deixa que os de tr\u00e1s briguem entre si","datePublished":"2026-09-02T11:17:41+00:00","dateModified":"2026-09-02T11:19:40+00:00","mainEntityOfPage":{"@id":"https:\/\/www.notibras.com\/site\/nome-a-ser-batido-nas-urnas-celina-deixa-que-os-de-tras-briguem-entre-si\/"},"wordCount":1762,"publisher":{"@id":"https:\/\/www.notibras.com\/site\/#organization"},"image":{"@id":"https:\/\/www.notibras.com\/site\/nome-a-ser-batido-nas-urnas-celina-deixa-que-os-de-tras-briguem-entre-si\/#primaryimage"},"thumbnailUrl":"https:\/\/www.notibras.com\/site\/wp-content\/uploads\/2026\/09\/1_-mjr8079-67579497.webp","articleSection":["Elei\u00e7\u00f5es Bras\u00edlia"],"inLanguage":"pt-BR"},{"@type":"WebPage","@id":"https:\/\/www.notibras.com\/site\/nome-a-ser-batido-nas-urnas-celina-deixa-que-os-de-tras-briguem-entre-si\/","url":"https:\/\/www.notibras.com\/site\/nome-a-ser-batido-nas-urnas-celina-deixa-que-os-de-tras-briguem-entre-si\/","name":"Nome a ser batido nas urnas, Celina deixa que os de tr\u00e1s briguem entre si - Notibras","isPartOf":{"@id":"https:\/\/www.notibras.com\/site\/#website"},"primaryImageOfPage":{"@id":"https:\/\/www.notibras.com\/site\/nome-a-ser-batido-nas-urnas-celina-deixa-que-os-de-tras-briguem-entre-si\/#primaryimage"},"image":{"@id":"https:\/\/www.notibras.com\/site\/nome-a-ser-batido-nas-urnas-celina-deixa-que-os-de-tras-briguem-entre-si\/#primaryimage"},"thumbnailUrl":"https:\/\/www.notibras.com\/site\/wp-content\/uploads\/2026\/09\/1_-mjr8079-67579497.webp","datePublished":"2026-09-02T11:17:41+00:00","dateModified":"2026-09-02T11:19:40+00:00","breadcrumb":{"@id":"https:\/\/www.notibras.com\/site\/nome-a-ser-batido-nas-urnas-celina-deixa-que-os-de-tras-briguem-entre-si\/#breadcrumb"},"inLanguage":"pt-BR","potentialAction":[{"@type":"ReadAction","target":["https:\/\/www.notibras.com\/site\/nome-a-ser-batido-nas-urnas-celina-deixa-que-os-de-tras-briguem-entre-si\/"]}]},{"@type":"ImageObject","inLanguage":"pt-BR","@id":"https:\/\/www.notibras.com\/site\/nome-a-ser-batido-nas-urnas-celina-deixa-que-os-de-tras-briguem-entre-si\/#primaryimage","url":"https:\/\/www.notibras.com\/site\/wp-content\/uploads\/2026\/09\/1_-mjr8079-67579497.webp","contentUrl":"https:\/\/www.notibras.com\/site\/wp-content\/uploads\/2026\/09\/1_-mjr8079-67579497.webp","width":675,"height":450},{"@type":"BreadcrumbList","@id":"https:\/\/www.notibras.com\/site\/nome-a-ser-batido-nas-urnas-celina-deixa-que-os-de-tras-briguem-entre-si\/#breadcrumb","itemListElement":[{"@type":"ListItem","position":1,"name":"In\u00edcio","item":"https:\/\/www.notibras.com\/site\/"},{"@type":"ListItem","position":2,"name":"Nome a ser batido nas urnas, Celina deixa que os de tr\u00e1s briguem entre si"}]},{"@type":"WebSite","@id":"https:\/\/www.notibras.com\/site\/#website","url":"https:\/\/www.notibras.com\/site\/","name":"Notibras","description":"Not\u00edcias de Bras\u00edlia, do Brasil e do Mundo","publisher":{"@id":"https:\/\/www.notibras.com\/site\/#organization"},"potentialAction":[{"@type":"SearchAction","target":{"@type":"EntryPoint","urlTemplate":"https:\/\/www.notibras.com\/site\/?s={search_term_string}"},"query-input":{"@type":"PropertyValueSpecification","valueRequired":true,"valueName":"search_term_string"}}],"inLanguage":"pt-BR"},{"@type":"Organization","@id":"https:\/\/www.notibras.com\/site\/#organization","name":"Grupo Notibras de Comunica\u00e7\u00e3o","url":"https:\/\/www.notibras.com\/site\/","logo":{"@type":"ImageObject","inLanguage":"pt-BR","@id":"https:\/\/www.notibras.com\/site\/#\/schema\/logo\/image\/","url":"https:\/\/www.notibras.com\/site\/wp-content\/uploads\/2023\/01\/notibras23.png","contentUrl":"https:\/\/www.notibras.com\/site\/wp-content\/uploads\/2023\/01\/notibras23.png","width":350,"height":87,"caption":"Grupo Notibras de Comunica\u00e7\u00e3o"},"image":{"@id":"https:\/\/www.notibras.com\/site\/#\/schema\/logo\/image\/"},"sameAs":["https:\/\/www.facebook.com\/notibras\/","https:\/\/x.com\/Notibras","https:\/\/www.instagram.com\/notibras\/"]},{"@type":"Person","@id":"https:\/\/www.notibras.com\/site\/#\/schema\/person\/36ab0979449956132d3e5b517ea76ac8","name":"Reda\u00e7\u00e3o","image":{"@type":"ImageObject","inLanguage":"pt-BR","@id":"https:\/\/secure.gravatar.com\/avatar\/e0a867bdedb85fd243eadf09663511f96fc81e0720a4a42581f334ad4303aa6b?s=96&d=mm&r=g","url":"https:\/\/secure.gravatar.com\/avatar\/e0a867bdedb85fd243eadf09663511f96fc81e0720a4a42581f334ad4303aa6b?s=96&d=mm&r=g","contentUrl":"https:\/\/secure.gravatar.com\/avatar\/e0a867bdedb85fd243eadf09663511f96fc81e0720a4a42581f334ad4303aa6b?s=96&d=mm&r=g","caption":"Reda\u00e7\u00e3o"}}]}},"_links":{"self":[{"href":"https:\/\/www.notibras.com\/site\/wp-json\/wp\/v2\/posts\/408988","targetHints":{"allow":["GET"]}}],"collection":[{"href":"https:\/\/www.notibras.com\/site\/wp-json\/wp\/v2\/posts"}],"about":[{"href":"https:\/\/www.notibras.com\/site\/wp-json\/wp\/v2\/types\/post"}],"author":[{"embeddable":true,"href":"https:\/\/www.notibras.com\/site\/wp-json\/wp\/v2\/users\/2"}],"replies":[{"embeddable":true,"href":"https:\/\/www.notibras.com\/site\/wp-json\/wp\/v2\/comments?post=408988"}],"version-history":[{"count":1,"href":"https:\/\/www.notibras.com\/site\/wp-json\/wp\/v2\/posts\/408988\/revisions"}],"predecessor-version":[{"id":408990,"href":"https:\/\/www.notibras.com\/site\/wp-json\/wp\/v2\/posts\/408988\/revisions\/408990"}],"wp:featuredmedia":[{"embeddable":true,"href":"https:\/\/www.notibras.com\/site\/wp-json\/wp\/v2\/media\/408989"}],"wp:attachment":[{"href":"https:\/\/www.notibras.com\/site\/wp-json\/wp\/v2\/media?parent=408988"}],"wp:term":[{"taxonomy":"category","embeddable":true,"href":"https:\/\/www.notibras.com\/site\/wp-json\/wp\/v2\/categories?post=408988"},{"taxonomy":"post_tag","embeddable":true,"href":"https:\/\/www.notibras.com\/site\/wp-json\/wp\/v2\/tags?post=408988"},{"taxonomy":"tmauthors","embeddable":true,"href":"https:\/\/www.notibras.com\/site\/wp-json\/wp\/v2\/tmauthors?post=408988"}],"curies":[{"name":"wp","href":"https:\/\/api.w.org\/{rel}","templated":true}]}}