{"id":408991,"date":"2026-09-02T08:27:27","date_gmt":"2026-09-02T11:27:27","guid":{"rendered":"https:\/\/www.notibras.com\/site\/?p=408991"},"modified":"2026-09-02T08:28:18","modified_gmt":"2026-09-02T11:28:18","slug":"pau-que-deu-em-xandao-pode-dar-em-mendonca","status":"publish","type":"post","link":"https:\/\/www.notibras.com\/site\/pau-que-deu-em-xandao-pode-dar-em-mendonca\/","title":{"rendered":"Pau que deu em Xand\u00e3o pode dar em Mendon\u00e7a"},"content":{"rendered":"<p>Para quem j\u00e1 esbravejou pelos quatro cantos do pa\u00eds que n\u00e3o est\u00e1 feliz no Supremo Tribunal Federal e que o sal\u00e1rio de ministro (R$ 46 mil) lhe permite apenas uma \u201ccondi\u00e7\u00e3o m\u00e9dia\u201d, o ministro Andr\u00e9 Mendon\u00e7a parece que, ao expor o colega Alexandre de Moraes, decidiu jogar exclusivamente para a plateia da seita que o levou \u00e0 bancada da Corte Suprema. \u00c9 claro que n\u00e3o defendo e jamais defenderei Moraes. Ele pecou e precisa se explicar aos colegas do STF e \u00e0 sociedade brasileira.<\/p>\n<p>O problema \u00e9 que, pecado por pecado, o de Mendon\u00e7a tem conota\u00e7\u00e3o unilateral. Ou seja, com a mesma \u00eanfase que amea\u00e7a incluir Alexandre de Moraes no inqu\u00e9rito do esc\u00e2ndalo do Banco Master, ele deveria exigir do presidenci\u00e1vel Fl\u00e1vio Bolsonaro a verdade sobre o total do montante repassado por Daniel Vorcaro para produ\u00e7\u00e3o do filme Dark Horse, uma cinebiografia do ex-presidente Jair Bolsonaro. Conforme relat\u00f3rio in\u00e9dito do Coaf, os repasses foram muito maiores do que Fl\u00e1vio j\u00e1 admitiu.<\/p>\n<p>Faz tempo que o candidato do PL tenta se explicar, mas s\u00f3 se complica. Nada de anormal para Andr\u00e9 Mendon\u00e7a. Nem mesmo o fato de o filho mentiroso do seu mestre mentiroso ser candidato a governar uma na\u00e7\u00e3o de 213 milh\u00f5es de pessoas o incomoda. A preocupa\u00e7\u00e3o \u00e9 Alexandre de Moraes e o procurador Paulo Gonet, mesmo que ambos n\u00e3o tenham nenhuma aspira\u00e7\u00e3o presidencial. \u00c0 revelia do plen\u00e1rio da Corte, seria uma tentativa\u00a0<i>mendonciana<\/i>\u00a0de varrer o inevit\u00e1vel para debaixo do tapete?<\/p>\n<p>Quem sabe uma forma menos dolorosa de colocar Moraes no lugar de Fl\u00e1vio Bolsonaro no cadafalso! Seja l\u00e1 o que for, o fato \u00e9 que Mendon\u00e7a levantou a bola para a turma que ele adora, a do gargarejo bolsonarista, chutar. Aproveitando a deixa do ministro terrivelmente parceiro, desde o in\u00edcio da tarde dessa ter\u00e7a-feira (01) os bolsominions mais oportunistas batem bumbo no Senado em favor do impeachment de Xand\u00e3o, o magistrado que, bom ou ruim, eles n\u00e3o engolem.<\/p>\n<p>Como normalmente acontece em jogos mal jogados, bola mal chutada bate na trave ou \u00e9 lan\u00e7ada para fora do est\u00e1dio. Como o plen\u00e1rio precisava ser ouvido em casos como esse, \u00e9 grande a possibilidade de que o tudo de Andr\u00e9 Mendon\u00e7a cabe em nada. Afinal, mesmo os ju\u00edzes de v\u00e1rzea conseguem entender que um lan\u00e7amento em profundidade para alcan\u00e7ar o atacante de fora das quatro linhas \u00e9 impedimento. O de Mendon\u00e7a para Fl\u00e1vio Mendon\u00e7a \u00e9 mais que isso. \u00c9 banheeeeeeira!<\/p>\n<p>Se depender dos dois pesos e da \u00fanica medida de Andr\u00e9 Mendon\u00e7a, os U$ 12,3 milh\u00f5es recebidos por Fl\u00e1vio Bolsonaro de Daniel Vorcaro jamais ser\u00e3o explicados. Faz parte do jogo jogado desde sua indica\u00e7\u00e3o ao STF. Quanto \u00e0 destina\u00e7\u00e3o do presidenci\u00e1vel do PL, \u00e9 bom que o cl\u00e3 e seus seguidores comecem a rezar para que, fora de campo, ele n\u00e3o passe a ter os mesmos solu\u00e7os do pai. Sobre Andr\u00e9 Mendon\u00e7a, conv\u00e9m perguntar ao pr\u00f3prio Alexandre de Moraes e a Fl\u00e1vio Dino, entre outros ministros da Corte Suprema. Como diz um amigo, a porteira foi aberta para a boiada passar. Em outras palavras, tudo indica que o pau que deu em Moraes um dia tamb\u00e9m dar\u00e1 em Mendon\u00e7a.<\/p>\n","protected":false},"excerpt":{"rendered":"<p>Para quem j\u00e1 esbravejou pelos quatro cantos do pa\u00eds que n\u00e3o est\u00e1 feliz no Supremo Tribunal Federal e que o sal\u00e1rio de ministro (R$ 46 mil) lhe permite apenas uma \u201ccondi\u00e7\u00e3o m\u00e9dia\u201d, o ministro Andr\u00e9 Mendon\u00e7a parece que, ao expor o colega Alexandre de Moraes, decidiu jogar exclusivamente para a plateia da seita que o [&hellip;]<\/p>\n","protected":false},"author":2,"featured_media":408992,"comment_status":"closed","ping_status":"closed","sticky":false,"template":"","format":"standard","meta":{"_acf_changed":false,"footnotes":""},"categories":[16],"tags":[95],"tmauthors":[307],"class_list":["post-408991","post","type-post","status-publish","format-standard","has-post-thumbnail","category-brasil","tag-capa"],"acf":[],"yoast_head":"<!-- This site is optimized with the Yoast SEO plugin v28.0 - https:\/\/yoast.com\/product\/yoast-seo-wordpress\/ -->\n<title>Pau que deu em Xand\u00e3o pode dar em Mendon\u00e7a - Notibras<\/title>\n<meta name=\"robots\" content=\"index, follow, max-snippet:-1, max-image-preview:large, max-video-preview:-1\" \/>\n<link rel=\"canonical\" href=\"https:\/\/www.notibras.com\/site\/pau-que-deu-em-xandao-pode-dar-em-mendonca\/\" \/>\n<meta property=\"og:locale\" content=\"pt_BR\" \/>\n<meta property=\"og:type\" content=\"article\" \/>\n<meta property=\"og:title\" content=\"Pau que deu em Xand\u00e3o pode dar em Mendon\u00e7a - Notibras\" \/>\n<meta property=\"og:description\" content=\"Para quem j\u00e1 esbravejou pelos quatro cantos do pa\u00eds que n\u00e3o est\u00e1 feliz no Supremo Tribunal Federal e que o sal\u00e1rio de ministro (R$ 46 mil) lhe permite apenas uma \u201ccondi\u00e7\u00e3o m\u00e9dia\u201d, o ministro Andr\u00e9 Mendon\u00e7a parece que, ao expor o colega Alexandre de Moraes, decidiu jogar exclusivamente para a plateia da seita que o [&hellip;]\" \/>\n<meta property=\"og:url\" content=\"https:\/\/www.notibras.com\/site\/pau-que-deu-em-xandao-pode-dar-em-mendonca\/\" \/>\n<meta property=\"og:site_name\" content=\"Notibras\" \/>\n<meta property=\"article:publisher\" content=\"https:\/\/www.facebook.com\/notibras\/\" \/>\n<meta property=\"article:published_time\" content=\"2026-09-02T11:27:27+00:00\" \/>\n<meta property=\"article:modified_time\" content=\"2026-09-02T11:28:18+00:00\" \/>\n<meta property=\"og:image\" content=\"https:\/\/www.notibras.com\/site\/wp-content\/uploads\/2026\/09\/xand.an_.jpg\" \/>\n\t<meta property=\"og:image:width\" content=\"765\" \/>\n\t<meta property=\"og:image:height\" content=\"419\" \/>\n\t<meta property=\"og:image:type\" content=\"image\/jpeg\" \/>\n<meta name=\"author\" content=\"Reda\u00e7\u00e3o\" \/>\n<meta name=\"twitter:card\" content=\"summary_large_image\" \/>\n<meta name=\"twitter:creator\" content=\"@Notibras\" \/>\n<meta name=\"twitter:site\" content=\"@Notibras\" \/>\n<meta name=\"twitter:label1\" content=\"Escrito por\" \/>\n\t<meta name=\"twitter:data1\" content=\"Reda\u00e7\u00e3o\" \/>\n\t<meta name=\"twitter:label2\" content=\"Est. tempo de leitura\" \/>\n\t<meta name=\"twitter:data2\" content=\"4 minutos\" \/>\n<script type=\"application\/ld+json\" class=\"yoast-schema-graph\">{\"@context\":\"https:\\\/\\\/schema.org\",\"@graph\":[{\"@type\":\"Article\",\"@id\":\"https:\\\/\\\/www.notibras.com\\\/site\\\/pau-que-deu-em-xandao-pode-dar-em-mendonca\\\/#article\",\"isPartOf\":{\"@id\":\"https:\\\/\\\/www.notibras.com\\\/site\\\/pau-que-deu-em-xandao-pode-dar-em-mendonca\\\/\"},\"author\":{\"name\":\"Reda\u00e7\u00e3o\",\"@id\":\"https:\\\/\\\/www.notibras.com\\\/site\\\/#\\\/schema\\\/person\\\/36ab0979449956132d3e5b517ea76ac8\"},\"headline\":\"Pau que deu em Xand\u00e3o pode dar em Mendon\u00e7a\",\"datePublished\":\"2026-09-02T11:27:27+00:00\",\"dateModified\":\"2026-09-02T11:28:18+00:00\",\"mainEntityOfPage\":{\"@id\":\"https:\\\/\\\/www.notibras.com\\\/site\\\/pau-que-deu-em-xandao-pode-dar-em-mendonca\\\/\"},\"wordCount\":571,\"publisher\":{\"@id\":\"https:\\\/\\\/www.notibras.com\\\/site\\\/#organization\"},\"image\":{\"@id\":\"https:\\\/\\\/www.notibras.com\\\/site\\\/pau-que-deu-em-xandao-pode-dar-em-mendonca\\\/#primaryimage\"},\"thumbnailUrl\":\"https:\\\/\\\/www.notibras.com\\\/site\\\/wp-content\\\/uploads\\\/2026\\\/09\\\/xand.an_.jpg\",\"keywords\":[\"capa\"],\"articleSection\":[\"Brasil\"],\"inLanguage\":\"pt-BR\"},{\"@type\":\"WebPage\",\"@id\":\"https:\\\/\\\/www.notibras.com\\\/site\\\/pau-que-deu-em-xandao-pode-dar-em-mendonca\\\/\",\"url\":\"https:\\\/\\\/www.notibras.com\\\/site\\\/pau-que-deu-em-xandao-pode-dar-em-mendonca\\\/\",\"name\":\"Pau que deu em Xand\u00e3o pode dar em Mendon\u00e7a - Notibras\",\"isPartOf\":{\"@id\":\"https:\\\/\\\/www.notibras.com\\\/site\\\/#website\"},\"primaryImageOfPage\":{\"@id\":\"https:\\\/\\\/www.notibras.com\\\/site\\\/pau-que-deu-em-xandao-pode-dar-em-mendonca\\\/#primaryimage\"},\"image\":{\"@id\":\"https:\\\/\\\/www.notibras.com\\\/site\\\/pau-que-deu-em-xandao-pode-dar-em-mendonca\\\/#primaryimage\"},\"thumbnailUrl\":\"https:\\\/\\\/www.notibras.com\\\/site\\\/wp-content\\\/uploads\\\/2026\\\/09\\\/xand.an_.jpg\",\"datePublished\":\"2026-09-02T11:27:27+00:00\",\"dateModified\":\"2026-09-02T11:28:18+00:00\",\"breadcrumb\":{\"@id\":\"https:\\\/\\\/www.notibras.com\\\/site\\\/pau-que-deu-em-xandao-pode-dar-em-mendonca\\\/#breadcrumb\"},\"inLanguage\":\"pt-BR\",\"potentialAction\":[{\"@type\":\"ReadAction\",\"target\":[\"https:\\\/\\\/www.notibras.com\\\/site\\\/pau-que-deu-em-xandao-pode-dar-em-mendonca\\\/\"]}]},{\"@type\":\"ImageObject\",\"inLanguage\":\"pt-BR\",\"@id\":\"https:\\\/\\\/www.notibras.com\\\/site\\\/pau-que-deu-em-xandao-pode-dar-em-mendonca\\\/#primaryimage\",\"url\":\"https:\\\/\\\/www.notibras.com\\\/site\\\/wp-content\\\/uploads\\\/2026\\\/09\\\/xand.an_.jpg\",\"contentUrl\":\"https:\\\/\\\/www.notibras.com\\\/site\\\/wp-content\\\/uploads\\\/2026\\\/09\\\/xand.an_.jpg\",\"width\":765,\"height\":419},{\"@type\":\"BreadcrumbList\",\"@id\":\"https:\\\/\\\/www.notibras.com\\\/site\\\/pau-que-deu-em-xandao-pode-dar-em-mendonca\\\/#breadcrumb\",\"itemListElement\":[{\"@type\":\"ListItem\",\"position\":1,\"name\":\"In\u00edcio\",\"item\":\"https:\\\/\\\/www.notibras.com\\\/site\\\/\"},{\"@type\":\"ListItem\",\"position\":2,\"name\":\"Pau que deu em Xand\u00e3o pode dar em Mendon\u00e7a\"}]},{\"@type\":\"WebSite\",\"@id\":\"https:\\\/\\\/www.notibras.com\\\/site\\\/#website\",\"url\":\"https:\\\/\\\/www.notibras.com\\\/site\\\/\",\"name\":\"Notibras\",\"description\":\"Not\u00edcias de Bras\u00edlia, do Brasil e do Mundo\",\"publisher\":{\"@id\":\"https:\\\/\\\/www.notibras.com\\\/site\\\/#organization\"},\"potentialAction\":[{\"@type\":\"SearchAction\",\"target\":{\"@type\":\"EntryPoint\",\"urlTemplate\":\"https:\\\/\\\/www.notibras.com\\\/site\\\/?s={search_term_string}\"},\"query-input\":{\"@type\":\"PropertyValueSpecification\",\"valueRequired\":true,\"valueName\":\"search_term_string\"}}],\"inLanguage\":\"pt-BR\"},{\"@type\":\"Organization\",\"@id\":\"https:\\\/\\\/www.notibras.com\\\/site\\\/#organization\",\"name\":\"Grupo Notibras de Comunica\u00e7\u00e3o\",\"url\":\"https:\\\/\\\/www.notibras.com\\\/site\\\/\",\"logo\":{\"@type\":\"ImageObject\",\"inLanguage\":\"pt-BR\",\"@id\":\"https:\\\/\\\/www.notibras.com\\\/site\\\/#\\\/schema\\\/logo\\\/image\\\/\",\"url\":\"https:\\\/\\\/www.notibras.com\\\/site\\\/wp-content\\\/uploads\\\/2023\\\/01\\\/notibras23.png\",\"contentUrl\":\"https:\\\/\\\/www.notibras.com\\\/site\\\/wp-content\\\/uploads\\\/2023\\\/01\\\/notibras23.png\",\"width\":350,\"height\":87,\"caption\":\"Grupo Notibras de Comunica\u00e7\u00e3o\"},\"image\":{\"@id\":\"https:\\\/\\\/www.notibras.com\\\/site\\\/#\\\/schema\\\/logo\\\/image\\\/\"},\"sameAs\":[\"https:\\\/\\\/www.facebook.com\\\/notibras\\\/\",\"https:\\\/\\\/x.com\\\/Notibras\",\"https:\\\/\\\/www.instagram.com\\\/notibras\\\/\"]},{\"@type\":\"Person\",\"@id\":\"https:\\\/\\\/www.notibras.com\\\/site\\\/#\\\/schema\\\/person\\\/36ab0979449956132d3e5b517ea76ac8\",\"name\":\"Reda\u00e7\u00e3o\",\"image\":{\"@type\":\"ImageObject\",\"inLanguage\":\"pt-BR\",\"@id\":\"https:\\\/\\\/secure.gravatar.com\\\/avatar\\\/e0a867bdedb85fd243eadf09663511f96fc81e0720a4a42581f334ad4303aa6b?s=96&d=mm&r=g\",\"url\":\"https:\\\/\\\/secure.gravatar.com\\\/avatar\\\/e0a867bdedb85fd243eadf09663511f96fc81e0720a4a42581f334ad4303aa6b?s=96&d=mm&r=g\",\"contentUrl\":\"https:\\\/\\\/secure.gravatar.com\\\/avatar\\\/e0a867bdedb85fd243eadf09663511f96fc81e0720a4a42581f334ad4303aa6b?s=96&d=mm&r=g\",\"caption\":\"Reda\u00e7\u00e3o\"}}]}<\/script>\n<!-- \/ Yoast SEO plugin. -->","yoast_head_json":{"title":"Pau que deu em Xand\u00e3o pode dar em Mendon\u00e7a - Notibras","robots":{"index":"index","follow":"follow","max-snippet":"max-snippet:-1","max-image-preview":"max-image-preview:large","max-video-preview":"max-video-preview:-1"},"canonical":"https:\/\/www.notibras.com\/site\/pau-que-deu-em-xandao-pode-dar-em-mendonca\/","og_locale":"pt_BR","og_type":"article","og_title":"Pau que deu em Xand\u00e3o pode dar em Mendon\u00e7a - Notibras","og_description":"Para quem j\u00e1 esbravejou pelos quatro cantos do pa\u00eds que n\u00e3o est\u00e1 feliz no Supremo Tribunal Federal e que o sal\u00e1rio de ministro (R$ 46 mil) lhe permite apenas uma \u201ccondi\u00e7\u00e3o m\u00e9dia\u201d, o ministro Andr\u00e9 Mendon\u00e7a parece que, ao expor o colega Alexandre de Moraes, decidiu jogar exclusivamente para a plateia da seita que o [&hellip;]","og_url":"https:\/\/www.notibras.com\/site\/pau-que-deu-em-xandao-pode-dar-em-mendonca\/","og_site_name":"Notibras","article_publisher":"https:\/\/www.facebook.com\/notibras\/","article_published_time":"2026-09-02T11:27:27+00:00","article_modified_time":"2026-09-02T11:28:18+00:00","og_image":[{"width":765,"height":419,"url":"https:\/\/www.notibras.com\/site\/wp-content\/uploads\/2026\/09\/xand.an_.jpg","type":"image\/jpeg"}],"author":"Reda\u00e7\u00e3o","twitter_card":"summary_large_image","twitter_creator":"@Notibras","twitter_site":"@Notibras","twitter_misc":{"Escrito por":"Reda\u00e7\u00e3o","Est. tempo de leitura":"4 minutos"},"schema":{"@context":"https:\/\/schema.org","@graph":[{"@type":"Article","@id":"https:\/\/www.notibras.com\/site\/pau-que-deu-em-xandao-pode-dar-em-mendonca\/#article","isPartOf":{"@id":"https:\/\/www.notibras.com\/site\/pau-que-deu-em-xandao-pode-dar-em-mendonca\/"},"author":{"name":"Reda\u00e7\u00e3o","@id":"https:\/\/www.notibras.com\/site\/#\/schema\/person\/36ab0979449956132d3e5b517ea76ac8"},"headline":"Pau que deu em Xand\u00e3o pode dar em Mendon\u00e7a","datePublished":"2026-09-02T11:27:27+00:00","dateModified":"2026-09-02T11:28:18+00:00","mainEntityOfPage":{"@id":"https:\/\/www.notibras.com\/site\/pau-que-deu-em-xandao-pode-dar-em-mendonca\/"},"wordCount":571,"publisher":{"@id":"https:\/\/www.notibras.com\/site\/#organization"},"image":{"@id":"https:\/\/www.notibras.com\/site\/pau-que-deu-em-xandao-pode-dar-em-mendonca\/#primaryimage"},"thumbnailUrl":"https:\/\/www.notibras.com\/site\/wp-content\/uploads\/2026\/09\/xand.an_.jpg","keywords":["capa"],"articleSection":["Brasil"],"inLanguage":"pt-BR"},{"@type":"WebPage","@id":"https:\/\/www.notibras.com\/site\/pau-que-deu-em-xandao-pode-dar-em-mendonca\/","url":"https:\/\/www.notibras.com\/site\/pau-que-deu-em-xandao-pode-dar-em-mendonca\/","name":"Pau que deu em Xand\u00e3o pode dar em Mendon\u00e7a - Notibras","isPartOf":{"@id":"https:\/\/www.notibras.com\/site\/#website"},"primaryImageOfPage":{"@id":"https:\/\/www.notibras.com\/site\/pau-que-deu-em-xandao-pode-dar-em-mendonca\/#primaryimage"},"image":{"@id":"https:\/\/www.notibras.com\/site\/pau-que-deu-em-xandao-pode-dar-em-mendonca\/#primaryimage"},"thumbnailUrl":"https:\/\/www.notibras.com\/site\/wp-content\/uploads\/2026\/09\/xand.an_.jpg","datePublished":"2026-09-02T11:27:27+00:00","dateModified":"2026-09-02T11:28:18+00:00","breadcrumb":{"@id":"https:\/\/www.notibras.com\/site\/pau-que-deu-em-xandao-pode-dar-em-mendonca\/#breadcrumb"},"inLanguage":"pt-BR","potentialAction":[{"@type":"ReadAction","target":["https:\/\/www.notibras.com\/site\/pau-que-deu-em-xandao-pode-dar-em-mendonca\/"]}]},{"@type":"ImageObject","inLanguage":"pt-BR","@id":"https:\/\/www.notibras.com\/site\/pau-que-deu-em-xandao-pode-dar-em-mendonca\/#primaryimage","url":"https:\/\/www.notibras.com\/site\/wp-content\/uploads\/2026\/09\/xand.an_.jpg","contentUrl":"https:\/\/www.notibras.com\/site\/wp-content\/uploads\/2026\/09\/xand.an_.jpg","width":765,"height":419},{"@type":"BreadcrumbList","@id":"https:\/\/www.notibras.com\/site\/pau-que-deu-em-xandao-pode-dar-em-mendonca\/#breadcrumb","itemListElement":[{"@type":"ListItem","position":1,"name":"In\u00edcio","item":"https:\/\/www.notibras.com\/site\/"},{"@type":"ListItem","position":2,"name":"Pau que deu em Xand\u00e3o pode dar em Mendon\u00e7a"}]},{"@type":"WebSite","@id":"https:\/\/www.notibras.com\/site\/#website","url":"https:\/\/www.notibras.com\/site\/","name":"Notibras","description":"Not\u00edcias de Bras\u00edlia, do Brasil e do Mundo","publisher":{"@id":"https:\/\/www.notibras.com\/site\/#organization"},"potentialAction":[{"@type":"SearchAction","target":{"@type":"EntryPoint","urlTemplate":"https:\/\/www.notibras.com\/site\/?s={search_term_string}"},"query-input":{"@type":"PropertyValueSpecification","valueRequired":true,"valueName":"search_term_string"}}],"inLanguage":"pt-BR"},{"@type":"Organization","@id":"https:\/\/www.notibras.com\/site\/#organization","name":"Grupo Notibras de Comunica\u00e7\u00e3o","url":"https:\/\/www.notibras.com\/site\/","logo":{"@type":"ImageObject","inLanguage":"pt-BR","@id":"https:\/\/www.notibras.com\/site\/#\/schema\/logo\/image\/","url":"https:\/\/www.notibras.com\/site\/wp-content\/uploads\/2023\/01\/notibras23.png","contentUrl":"https:\/\/www.notibras.com\/site\/wp-content\/uploads\/2023\/01\/notibras23.png","width":350,"height":87,"caption":"Grupo Notibras de Comunica\u00e7\u00e3o"},"image":{"@id":"https:\/\/www.notibras.com\/site\/#\/schema\/logo\/image\/"},"sameAs":["https:\/\/www.facebook.com\/notibras\/","https:\/\/x.com\/Notibras","https:\/\/www.instagram.com\/notibras\/"]},{"@type":"Person","@id":"https:\/\/www.notibras.com\/site\/#\/schema\/person\/36ab0979449956132d3e5b517ea76ac8","name":"Reda\u00e7\u00e3o","image":{"@type":"ImageObject","inLanguage":"pt-BR","@id":"https:\/\/secure.gravatar.com\/avatar\/e0a867bdedb85fd243eadf09663511f96fc81e0720a4a42581f334ad4303aa6b?s=96&d=mm&r=g","url":"https:\/\/secure.gravatar.com\/avatar\/e0a867bdedb85fd243eadf09663511f96fc81e0720a4a42581f334ad4303aa6b?s=96&d=mm&r=g","contentUrl":"https:\/\/secure.gravatar.com\/avatar\/e0a867bdedb85fd243eadf09663511f96fc81e0720a4a42581f334ad4303aa6b?s=96&d=mm&r=g","caption":"Reda\u00e7\u00e3o"}}]}},"_links":{"self":[{"href":"https:\/\/www.notibras.com\/site\/wp-json\/wp\/v2\/posts\/408991","targetHints":{"allow":["GET"]}}],"collection":[{"href":"https:\/\/www.notibras.com\/site\/wp-json\/wp\/v2\/posts"}],"about":[{"href":"https:\/\/www.notibras.com\/site\/wp-json\/wp\/v2\/types\/post"}],"author":[{"embeddable":true,"href":"https:\/\/www.notibras.com\/site\/wp-json\/wp\/v2\/users\/2"}],"replies":[{"embeddable":true,"href":"https:\/\/www.notibras.com\/site\/wp-json\/wp\/v2\/comments?post=408991"}],"version-history":[{"count":2,"href":"https:\/\/www.notibras.com\/site\/wp-json\/wp\/v2\/posts\/408991\/revisions"}],"predecessor-version":[{"id":408994,"href":"https:\/\/www.notibras.com\/site\/wp-json\/wp\/v2\/posts\/408991\/revisions\/408994"}],"wp:featuredmedia":[{"embeddable":true,"href":"https:\/\/www.notibras.com\/site\/wp-json\/wp\/v2\/media\/408992"}],"wp:attachment":[{"href":"https:\/\/www.notibras.com\/site\/wp-json\/wp\/v2\/media?parent=408991"}],"wp:term":[{"taxonomy":"category","embeddable":true,"href":"https:\/\/www.notibras.com\/site\/wp-json\/wp\/v2\/categories?post=408991"},{"taxonomy":"post_tag","embeddable":true,"href":"https:\/\/www.notibras.com\/site\/wp-json\/wp\/v2\/tags?post=408991"},{"taxonomy":"tmauthors","embeddable":true,"href":"https:\/\/www.notibras.com\/site\/wp-json\/wp\/v2\/tmauthors?post=408991"}],"curies":[{"name":"wp","href":"https:\/\/api.w.org\/{rel}","templated":true}]}}