{"id":408995,"date":"2026-09-02T08:33:03","date_gmt":"2026-09-02T11:33:03","guid":{"rendered":"https:\/\/www.notibras.com\/site\/?p=408995"},"modified":"2026-09-02T08:33:03","modified_gmt":"2026-09-02T11:33:03","slug":"guerra-das-togas-deixara-as-escadarias-do-supremo-molhadas-de-sangue","status":"publish","type":"post","link":"https:\/\/www.notibras.com\/site\/guerra-das-togas-deixara-as-escadarias-do-supremo-molhadas-de-sangue\/","title":{"rendered":"Guerra das togas deixar\u00e1 as escadarias do Supremo molhadas de sangue"},"content":{"rendered":"<p>Os efeitos da era Jair Bolsonaro na Presid\u00eancia da Rep\u00fablica continuam saindo pelo ralo das institui\u00e7\u00f5es brasileiras. O Congresso, de maioria bolsonarista, \u00e9 um pardieiro, algo bem pior do que uma casa de lenoc\u00ednio. Dos parlamentos estaduais tamb\u00e9m evaporam excrementos que n\u00e3o cabem mais entre as quatro paredes dos suntuosos pal\u00e1cios. Mesmo guardadas a sete chaves, das entranhas do Poder Judici\u00e1rio de primeira e segunda inst\u00e2ncia surgiram fantasmas fantasiados com penduricalhos dos mais variados, os quais andam povoando pequenos, m\u00e9dios e grandes tribunais.<\/p>\n<p>Na lista terrivelmente desonesta dos poderes do pa\u00eds, a extrema-direita tem conseguido avan\u00e7ar alguns degraus para alcan\u00e7ar seus advers\u00e1rios mais ferrenhos. At\u00e9 que me provem o contr\u00e1rio, tudo por conta da iminente derrota de Fl\u00e1vio Bolsonaro nas elei\u00e7\u00f5es de 4 de outubro. Desviar o foco do presidenci\u00e1vel do Partido Liberal e suas negociatas com o banco Master de Daniel Vorcaro me parece ser o caminho defendido pelo comando da campanha e, obviamente, comprado por setores do Supremo Tribunal Federal.<\/p>\n<p>Enquanto os pingos permanecem fora dos is, o fato \u00e9 que a d\u00favida a respeito da seriedade da conduta dos magistrados e da lisura das decis\u00f5es definitivamente chegou ao STF. N\u00e3o sei se por manobras escusas ou por m\u00e1 conduta, o ministro Alexandre de Moraes, comumente acusado de perseguir o cl\u00e3 Bolsonaro, tamb\u00e9m caiu na rede de Vorcaro. Na a\u00e7\u00e3o relatada pelo ministro Andr\u00e9 Mendon\u00e7a, segunda indica\u00e7\u00e3o de Bolsonaro para a Corte Suprema, Moraes \u00e9 citado pela Pol\u00edcia Federal devido a troca de mensagens com Vorcaro, um contrato milion\u00e1rio e discuss\u00f5es sobre um f\u00f3rum em Londres.<\/p>\n<p>Devidamente explorado pelas m\u00eddias adesistas e sempre simp\u00e1ticas \u00e0s causas bolsonaristas, o batom na cueca de Alexandre de Moraes seria um contrato de presta\u00e7\u00e3o de servi\u00e7os or\u00e7ado em R$ 129 milh\u00f5es entre o escrit\u00f3rio da advogada Viviane Barcio de Moraes, mulher do ministro que prendeu os golpistas, e o Banco Master. Al\u00e9m disso, a PF encontrou no celular de Vorcaro men\u00e7\u00f5es a encontros com Moraes em Campos do Jord\u00e3o (SP) em abril de 2025. A ideia de Mendon\u00e7a de incluir Moraes no processo do Master incendiou o Supremo.<\/p>\n<p>Restrito at\u00e9 bem pouco tempo aos bastidores da Corte, as labaredas prometem chamuscar a gregos, baianos, evang\u00e9licos e umbandistas. Na disputa interna pelo comando, o fogar\u00e9u espalhou acusa\u00e7\u00f5es m\u00fatuas de interfer\u00eancia e desconfian\u00e7a, com reflexos \u00f3bvios sobre a elei\u00e7\u00e3o que se avizinha. \u00c9 claro que, a exemplo de Pomp\u00e9ia Sula, a mulher do imperador romano J\u00falio C\u00e9sar, a Alexandre de Moraes n\u00e3o basta ser honesto. Ele tem de parecer honesto. Para os Bolsonaro e para os bolsonaristas, incluindo representantes do Judici\u00e1rio, as a\u00e7\u00f5es do ministro sempre foram duvidosas.<\/p>\n<p>O tempo dir\u00e1 se a raz\u00e3o e a verdade est\u00e3o com Mendon\u00e7a ou com Moraes. O problema \u00e9 que, por conta da guerrinha pelo poder absoluto, a tend\u00eancia \u00e9 que as excel\u00eancias de toga joguem a Corte Suprema na vala comum dos esc\u00e2ndalos nacionais. Pelo sim, pelo n\u00e3o, a fogueira da vaidade ainda expelir\u00e1 muita fuma\u00e7a em volta da Pra\u00e7a dos Tr\u00eas Poderes. Esticaram tanto a corda que uma das correntes, supostamente majorit\u00e1ria, acusa publicamente Mendon\u00e7a de desvio de finalidade e de abuso de autoridade na a\u00e7\u00e3o do Master, inclusive com a possibilidade de um pedido formal para afast\u00e1-lo da relatoria.<\/p>\n<p>Como leigo, aposto que, independentemente de quem ven\u00e7a a batalha, ser\u00e1 o in\u00edcio do fim da credibilidade do Supremo Tribunal. Com a palavra o presidente do Tribunal, ministro Edson Fachin. S\u00f3 para lembrar os que gostam de pensar no futuro, a partir do dia 22 de mar\u00e7o de 2027 Alexandre de Moraes ser\u00e1 o pr\u00f3ximo presidente da Corte. N\u00e3o \u00e9 nada, n\u00e3o \u00e9 nada, mas \u00e9 ele quem vai dar as ordens. O chumbo grosso partiu somente da bazuca de Mendon\u00e7a. Aguardem a metralhadora de Moraes. Como diriam os mestres abstratos do poder, at\u00e9 l\u00e1\u00a0<i>alea jacta est.<\/i>\u00a0Antes do \u00faltimo p\u00eanalti, o sangue dever\u00e1 tingir as escadarias de m\u00e1rmore do STF.<\/p>\n<p>&#8230;&#8230;..<\/p>\n<p><strong>Mathuzal\u00e9m J\u00fanior \u00e9 jornalista profissional desde 1978<\/strong><\/p>\n","protected":false},"excerpt":{"rendered":"<p>Os efeitos da era Jair Bolsonaro na Presid\u00eancia da Rep\u00fablica continuam saindo pelo ralo das institui\u00e7\u00f5es brasileiras. O Congresso, de maioria bolsonarista, \u00e9 um pardieiro, algo bem pior do que uma casa de lenoc\u00ednio. Dos parlamentos estaduais tamb\u00e9m evaporam excrementos que n\u00e3o cabem mais entre as quatro paredes dos suntuosos pal\u00e1cios. Mesmo guardadas a sete [&hellip;]<\/p>\n","protected":false},"author":2,"featured_media":365955,"comment_status":"closed","ping_status":"closed","sticky":false,"template":"","format":"standard","meta":{"_acf_changed":false,"footnotes":""},"categories":[16],"tags":[],"tmauthors":[307],"class_list":["post-408995","post","type-post","status-publish","format-standard","has-post-thumbnail","category-brasil"],"acf":[],"yoast_head":"<!-- This site is optimized with the Yoast SEO plugin v28.0 - https:\/\/yoast.com\/product\/yoast-seo-wordpress\/ -->\n<title>Guerra das togas deixar\u00e1 as escadarias do Supremo molhadas de sangue - Notibras<\/title>\n<meta name=\"robots\" content=\"index, follow, max-snippet:-1, max-image-preview:large, max-video-preview:-1\" \/>\n<link rel=\"canonical\" href=\"https:\/\/www.notibras.com\/site\/guerra-das-togas-deixara-as-escadarias-do-supremo-molhadas-de-sangue\/\" \/>\n<meta property=\"og:locale\" content=\"pt_BR\" \/>\n<meta property=\"og:type\" content=\"article\" \/>\n<meta property=\"og:title\" content=\"Guerra das togas deixar\u00e1 as escadarias do Supremo molhadas de sangue - Notibras\" \/>\n<meta property=\"og:description\" content=\"Os efeitos da era Jair Bolsonaro na Presid\u00eancia da Rep\u00fablica continuam saindo pelo ralo das institui\u00e7\u00f5es brasileiras. O Congresso, de maioria bolsonarista, \u00e9 um pardieiro, algo bem pior do que uma casa de lenoc\u00ednio. Dos parlamentos estaduais tamb\u00e9m evaporam excrementos que n\u00e3o cabem mais entre as quatro paredes dos suntuosos pal\u00e1cios. Mesmo guardadas a sete [&hellip;]\" \/>\n<meta property=\"og:url\" content=\"https:\/\/www.notibras.com\/site\/guerra-das-togas-deixara-as-escadarias-do-supremo-molhadas-de-sangue\/\" \/>\n<meta property=\"og:site_name\" content=\"Notibras\" \/>\n<meta property=\"article:publisher\" content=\"https:\/\/www.facebook.com\/notibras\/\" \/>\n<meta property=\"article:published_time\" content=\"2026-09-02T11:33:03+00:00\" \/>\n<meta property=\"og:image\" content=\"https:\/\/www.notibras.com\/site\/wp-content\/uploads\/2025\/10\/brasilia_60_anos_justica_stf_0420202370_2-1.webp\" \/>\n\t<meta property=\"og:image:width\" content=\"1170\" \/>\n\t<meta property=\"og:image:height\" content=\"700\" \/>\n\t<meta property=\"og:image:type\" content=\"image\/webp\" \/>\n<meta name=\"author\" content=\"Reda\u00e7\u00e3o\" \/>\n<meta name=\"twitter:card\" content=\"summary_large_image\" \/>\n<meta name=\"twitter:creator\" content=\"@Notibras\" \/>\n<meta name=\"twitter:site\" content=\"@Notibras\" \/>\n<meta name=\"twitter:label1\" content=\"Escrito por\" \/>\n\t<meta name=\"twitter:data1\" content=\"Reda\u00e7\u00e3o\" \/>\n\t<meta name=\"twitter:label2\" content=\"Est. tempo de leitura\" \/>\n\t<meta name=\"twitter:data2\" content=\"4 minutos\" \/>\n<script type=\"application\/ld+json\" class=\"yoast-schema-graph\">{\"@context\":\"https:\\\/\\\/schema.org\",\"@graph\":[{\"@type\":\"Article\",\"@id\":\"https:\\\/\\\/www.notibras.com\\\/site\\\/guerra-das-togas-deixara-as-escadarias-do-supremo-molhadas-de-sangue\\\/#article\",\"isPartOf\":{\"@id\":\"https:\\\/\\\/www.notibras.com\\\/site\\\/guerra-das-togas-deixara-as-escadarias-do-supremo-molhadas-de-sangue\\\/\"},\"author\":{\"name\":\"Reda\u00e7\u00e3o\",\"@id\":\"https:\\\/\\\/www.notibras.com\\\/site\\\/#\\\/schema\\\/person\\\/36ab0979449956132d3e5b517ea76ac8\"},\"headline\":\"Guerra das togas deixar\u00e1 as escadarias do Supremo molhadas de sangue\",\"datePublished\":\"2026-09-02T11:33:03+00:00\",\"mainEntityOfPage\":{\"@id\":\"https:\\\/\\\/www.notibras.com\\\/site\\\/guerra-das-togas-deixara-as-escadarias-do-supremo-molhadas-de-sangue\\\/\"},\"wordCount\":727,\"publisher\":{\"@id\":\"https:\\\/\\\/www.notibras.com\\\/site\\\/#organization\"},\"image\":{\"@id\":\"https:\\\/\\\/www.notibras.com\\\/site\\\/guerra-das-togas-deixara-as-escadarias-do-supremo-molhadas-de-sangue\\\/#primaryimage\"},\"thumbnailUrl\":\"https:\\\/\\\/www.notibras.com\\\/site\\\/wp-content\\\/uploads\\\/2025\\\/10\\\/brasilia_60_anos_justica_stf_0420202370_2-1.webp\",\"articleSection\":[\"Brasil\"],\"inLanguage\":\"pt-BR\"},{\"@type\":\"WebPage\",\"@id\":\"https:\\\/\\\/www.notibras.com\\\/site\\\/guerra-das-togas-deixara-as-escadarias-do-supremo-molhadas-de-sangue\\\/\",\"url\":\"https:\\\/\\\/www.notibras.com\\\/site\\\/guerra-das-togas-deixara-as-escadarias-do-supremo-molhadas-de-sangue\\\/\",\"name\":\"Guerra das togas deixar\u00e1 as escadarias do Supremo molhadas de sangue - Notibras\",\"isPartOf\":{\"@id\":\"https:\\\/\\\/www.notibras.com\\\/site\\\/#website\"},\"primaryImageOfPage\":{\"@id\":\"https:\\\/\\\/www.notibras.com\\\/site\\\/guerra-das-togas-deixara-as-escadarias-do-supremo-molhadas-de-sangue\\\/#primaryimage\"},\"image\":{\"@id\":\"https:\\\/\\\/www.notibras.com\\\/site\\\/guerra-das-togas-deixara-as-escadarias-do-supremo-molhadas-de-sangue\\\/#primaryimage\"},\"thumbnailUrl\":\"https:\\\/\\\/www.notibras.com\\\/site\\\/wp-content\\\/uploads\\\/2025\\\/10\\\/brasilia_60_anos_justica_stf_0420202370_2-1.webp\",\"datePublished\":\"2026-09-02T11:33:03+00:00\",\"breadcrumb\":{\"@id\":\"https:\\\/\\\/www.notibras.com\\\/site\\\/guerra-das-togas-deixara-as-escadarias-do-supremo-molhadas-de-sangue\\\/#breadcrumb\"},\"inLanguage\":\"pt-BR\",\"potentialAction\":[{\"@type\":\"ReadAction\",\"target\":[\"https:\\\/\\\/www.notibras.com\\\/site\\\/guerra-das-togas-deixara-as-escadarias-do-supremo-molhadas-de-sangue\\\/\"]}]},{\"@type\":\"ImageObject\",\"inLanguage\":\"pt-BR\",\"@id\":\"https:\\\/\\\/www.notibras.com\\\/site\\\/guerra-das-togas-deixara-as-escadarias-do-supremo-molhadas-de-sangue\\\/#primaryimage\",\"url\":\"https:\\\/\\\/www.notibras.com\\\/site\\\/wp-content\\\/uploads\\\/2025\\\/10\\\/brasilia_60_anos_justica_stf_0420202370_2-1.webp\",\"contentUrl\":\"https:\\\/\\\/www.notibras.com\\\/site\\\/wp-content\\\/uploads\\\/2025\\\/10\\\/brasilia_60_anos_justica_stf_0420202370_2-1.webp\",\"width\":1170,\"height\":700},{\"@type\":\"BreadcrumbList\",\"@id\":\"https:\\\/\\\/www.notibras.com\\\/site\\\/guerra-das-togas-deixara-as-escadarias-do-supremo-molhadas-de-sangue\\\/#breadcrumb\",\"itemListElement\":[{\"@type\":\"ListItem\",\"position\":1,\"name\":\"In\u00edcio\",\"item\":\"https:\\\/\\\/www.notibras.com\\\/site\\\/\"},{\"@type\":\"ListItem\",\"position\":2,\"name\":\"Guerra das togas deixar\u00e1 as escadarias do Supremo molhadas de sangue\"}]},{\"@type\":\"WebSite\",\"@id\":\"https:\\\/\\\/www.notibras.com\\\/site\\\/#website\",\"url\":\"https:\\\/\\\/www.notibras.com\\\/site\\\/\",\"name\":\"Notibras\",\"description\":\"Not\u00edcias de Bras\u00edlia, do Brasil e do Mundo\",\"publisher\":{\"@id\":\"https:\\\/\\\/www.notibras.com\\\/site\\\/#organization\"},\"potentialAction\":[{\"@type\":\"SearchAction\",\"target\":{\"@type\":\"EntryPoint\",\"urlTemplate\":\"https:\\\/\\\/www.notibras.com\\\/site\\\/?s={search_term_string}\"},\"query-input\":{\"@type\":\"PropertyValueSpecification\",\"valueRequired\":true,\"valueName\":\"search_term_string\"}}],\"inLanguage\":\"pt-BR\"},{\"@type\":\"Organization\",\"@id\":\"https:\\\/\\\/www.notibras.com\\\/site\\\/#organization\",\"name\":\"Grupo Notibras de Comunica\u00e7\u00e3o\",\"url\":\"https:\\\/\\\/www.notibras.com\\\/site\\\/\",\"logo\":{\"@type\":\"ImageObject\",\"inLanguage\":\"pt-BR\",\"@id\":\"https:\\\/\\\/www.notibras.com\\\/site\\\/#\\\/schema\\\/logo\\\/image\\\/\",\"url\":\"https:\\\/\\\/www.notibras.com\\\/site\\\/wp-content\\\/uploads\\\/2023\\\/01\\\/notibras23.png\",\"contentUrl\":\"https:\\\/\\\/www.notibras.com\\\/site\\\/wp-content\\\/uploads\\\/2023\\\/01\\\/notibras23.png\",\"width\":350,\"height\":87,\"caption\":\"Grupo Notibras de Comunica\u00e7\u00e3o\"},\"image\":{\"@id\":\"https:\\\/\\\/www.notibras.com\\\/site\\\/#\\\/schema\\\/logo\\\/image\\\/\"},\"sameAs\":[\"https:\\\/\\\/www.facebook.com\\\/notibras\\\/\",\"https:\\\/\\\/x.com\\\/Notibras\",\"https:\\\/\\\/www.instagram.com\\\/notibras\\\/\"]},{\"@type\":\"Person\",\"@id\":\"https:\\\/\\\/www.notibras.com\\\/site\\\/#\\\/schema\\\/person\\\/36ab0979449956132d3e5b517ea76ac8\",\"name\":\"Reda\u00e7\u00e3o\",\"image\":{\"@type\":\"ImageObject\",\"inLanguage\":\"pt-BR\",\"@id\":\"https:\\\/\\\/secure.gravatar.com\\\/avatar\\\/e0a867bdedb85fd243eadf09663511f96fc81e0720a4a42581f334ad4303aa6b?s=96&d=mm&r=g\",\"url\":\"https:\\\/\\\/secure.gravatar.com\\\/avatar\\\/e0a867bdedb85fd243eadf09663511f96fc81e0720a4a42581f334ad4303aa6b?s=96&d=mm&r=g\",\"contentUrl\":\"https:\\\/\\\/secure.gravatar.com\\\/avatar\\\/e0a867bdedb85fd243eadf09663511f96fc81e0720a4a42581f334ad4303aa6b?s=96&d=mm&r=g\",\"caption\":\"Reda\u00e7\u00e3o\"}}]}<\/script>\n<!-- \/ Yoast SEO plugin. -->","yoast_head_json":{"title":"Guerra das togas deixar\u00e1 as escadarias do Supremo molhadas de sangue - Notibras","robots":{"index":"index","follow":"follow","max-snippet":"max-snippet:-1","max-image-preview":"max-image-preview:large","max-video-preview":"max-video-preview:-1"},"canonical":"https:\/\/www.notibras.com\/site\/guerra-das-togas-deixara-as-escadarias-do-supremo-molhadas-de-sangue\/","og_locale":"pt_BR","og_type":"article","og_title":"Guerra das togas deixar\u00e1 as escadarias do Supremo molhadas de sangue - Notibras","og_description":"Os efeitos da era Jair Bolsonaro na Presid\u00eancia da Rep\u00fablica continuam saindo pelo ralo das institui\u00e7\u00f5es brasileiras. O Congresso, de maioria bolsonarista, \u00e9 um pardieiro, algo bem pior do que uma casa de lenoc\u00ednio. Dos parlamentos estaduais tamb\u00e9m evaporam excrementos que n\u00e3o cabem mais entre as quatro paredes dos suntuosos pal\u00e1cios. Mesmo guardadas a sete [&hellip;]","og_url":"https:\/\/www.notibras.com\/site\/guerra-das-togas-deixara-as-escadarias-do-supremo-molhadas-de-sangue\/","og_site_name":"Notibras","article_publisher":"https:\/\/www.facebook.com\/notibras\/","article_published_time":"2026-09-02T11:33:03+00:00","og_image":[{"width":1170,"height":700,"url":"https:\/\/www.notibras.com\/site\/wp-content\/uploads\/2025\/10\/brasilia_60_anos_justica_stf_0420202370_2-1.webp","type":"image\/webp"}],"author":"Reda\u00e7\u00e3o","twitter_card":"summary_large_image","twitter_creator":"@Notibras","twitter_site":"@Notibras","twitter_misc":{"Escrito por":"Reda\u00e7\u00e3o","Est. tempo de leitura":"4 minutos"},"schema":{"@context":"https:\/\/schema.org","@graph":[{"@type":"Article","@id":"https:\/\/www.notibras.com\/site\/guerra-das-togas-deixara-as-escadarias-do-supremo-molhadas-de-sangue\/#article","isPartOf":{"@id":"https:\/\/www.notibras.com\/site\/guerra-das-togas-deixara-as-escadarias-do-supremo-molhadas-de-sangue\/"},"author":{"name":"Reda\u00e7\u00e3o","@id":"https:\/\/www.notibras.com\/site\/#\/schema\/person\/36ab0979449956132d3e5b517ea76ac8"},"headline":"Guerra das togas deixar\u00e1 as escadarias do Supremo molhadas de sangue","datePublished":"2026-09-02T11:33:03+00:00","mainEntityOfPage":{"@id":"https:\/\/www.notibras.com\/site\/guerra-das-togas-deixara-as-escadarias-do-supremo-molhadas-de-sangue\/"},"wordCount":727,"publisher":{"@id":"https:\/\/www.notibras.com\/site\/#organization"},"image":{"@id":"https:\/\/www.notibras.com\/site\/guerra-das-togas-deixara-as-escadarias-do-supremo-molhadas-de-sangue\/#primaryimage"},"thumbnailUrl":"https:\/\/www.notibras.com\/site\/wp-content\/uploads\/2025\/10\/brasilia_60_anos_justica_stf_0420202370_2-1.webp","articleSection":["Brasil"],"inLanguage":"pt-BR"},{"@type":"WebPage","@id":"https:\/\/www.notibras.com\/site\/guerra-das-togas-deixara-as-escadarias-do-supremo-molhadas-de-sangue\/","url":"https:\/\/www.notibras.com\/site\/guerra-das-togas-deixara-as-escadarias-do-supremo-molhadas-de-sangue\/","name":"Guerra das togas deixar\u00e1 as escadarias do Supremo molhadas de sangue - Notibras","isPartOf":{"@id":"https:\/\/www.notibras.com\/site\/#website"},"primaryImageOfPage":{"@id":"https:\/\/www.notibras.com\/site\/guerra-das-togas-deixara-as-escadarias-do-supremo-molhadas-de-sangue\/#primaryimage"},"image":{"@id":"https:\/\/www.notibras.com\/site\/guerra-das-togas-deixara-as-escadarias-do-supremo-molhadas-de-sangue\/#primaryimage"},"thumbnailUrl":"https:\/\/www.notibras.com\/site\/wp-content\/uploads\/2025\/10\/brasilia_60_anos_justica_stf_0420202370_2-1.webp","datePublished":"2026-09-02T11:33:03+00:00","breadcrumb":{"@id":"https:\/\/www.notibras.com\/site\/guerra-das-togas-deixara-as-escadarias-do-supremo-molhadas-de-sangue\/#breadcrumb"},"inLanguage":"pt-BR","potentialAction":[{"@type":"ReadAction","target":["https:\/\/www.notibras.com\/site\/guerra-das-togas-deixara-as-escadarias-do-supremo-molhadas-de-sangue\/"]}]},{"@type":"ImageObject","inLanguage":"pt-BR","@id":"https:\/\/www.notibras.com\/site\/guerra-das-togas-deixara-as-escadarias-do-supremo-molhadas-de-sangue\/#primaryimage","url":"https:\/\/www.notibras.com\/site\/wp-content\/uploads\/2025\/10\/brasilia_60_anos_justica_stf_0420202370_2-1.webp","contentUrl":"https:\/\/www.notibras.com\/site\/wp-content\/uploads\/2025\/10\/brasilia_60_anos_justica_stf_0420202370_2-1.webp","width":1170,"height":700},{"@type":"BreadcrumbList","@id":"https:\/\/www.notibras.com\/site\/guerra-das-togas-deixara-as-escadarias-do-supremo-molhadas-de-sangue\/#breadcrumb","itemListElement":[{"@type":"ListItem","position":1,"name":"In\u00edcio","item":"https:\/\/www.notibras.com\/site\/"},{"@type":"ListItem","position":2,"name":"Guerra das togas deixar\u00e1 as escadarias do Supremo molhadas de sangue"}]},{"@type":"WebSite","@id":"https:\/\/www.notibras.com\/site\/#website","url":"https:\/\/www.notibras.com\/site\/","name":"Notibras","description":"Not\u00edcias de Bras\u00edlia, do Brasil e do Mundo","publisher":{"@id":"https:\/\/www.notibras.com\/site\/#organization"},"potentialAction":[{"@type":"SearchAction","target":{"@type":"EntryPoint","urlTemplate":"https:\/\/www.notibras.com\/site\/?s={search_term_string}"},"query-input":{"@type":"PropertyValueSpecification","valueRequired":true,"valueName":"search_term_string"}}],"inLanguage":"pt-BR"},{"@type":"Organization","@id":"https:\/\/www.notibras.com\/site\/#organization","name":"Grupo Notibras de Comunica\u00e7\u00e3o","url":"https:\/\/www.notibras.com\/site\/","logo":{"@type":"ImageObject","inLanguage":"pt-BR","@id":"https:\/\/www.notibras.com\/site\/#\/schema\/logo\/image\/","url":"https:\/\/www.notibras.com\/site\/wp-content\/uploads\/2023\/01\/notibras23.png","contentUrl":"https:\/\/www.notibras.com\/site\/wp-content\/uploads\/2023\/01\/notibras23.png","width":350,"height":87,"caption":"Grupo Notibras de Comunica\u00e7\u00e3o"},"image":{"@id":"https:\/\/www.notibras.com\/site\/#\/schema\/logo\/image\/"},"sameAs":["https:\/\/www.facebook.com\/notibras\/","https:\/\/x.com\/Notibras","https:\/\/www.instagram.com\/notibras\/"]},{"@type":"Person","@id":"https:\/\/www.notibras.com\/site\/#\/schema\/person\/36ab0979449956132d3e5b517ea76ac8","name":"Reda\u00e7\u00e3o","image":{"@type":"ImageObject","inLanguage":"pt-BR","@id":"https:\/\/secure.gravatar.com\/avatar\/e0a867bdedb85fd243eadf09663511f96fc81e0720a4a42581f334ad4303aa6b?s=96&d=mm&r=g","url":"https:\/\/secure.gravatar.com\/avatar\/e0a867bdedb85fd243eadf09663511f96fc81e0720a4a42581f334ad4303aa6b?s=96&d=mm&r=g","contentUrl":"https:\/\/secure.gravatar.com\/avatar\/e0a867bdedb85fd243eadf09663511f96fc81e0720a4a42581f334ad4303aa6b?s=96&d=mm&r=g","caption":"Reda\u00e7\u00e3o"}}]}},"_links":{"self":[{"href":"https:\/\/www.notibras.com\/site\/wp-json\/wp\/v2\/posts\/408995","targetHints":{"allow":["GET"]}}],"collection":[{"href":"https:\/\/www.notibras.com\/site\/wp-json\/wp\/v2\/posts"}],"about":[{"href":"https:\/\/www.notibras.com\/site\/wp-json\/wp\/v2\/types\/post"}],"author":[{"embeddable":true,"href":"https:\/\/www.notibras.com\/site\/wp-json\/wp\/v2\/users\/2"}],"replies":[{"embeddable":true,"href":"https:\/\/www.notibras.com\/site\/wp-json\/wp\/v2\/comments?post=408995"}],"version-history":[{"count":1,"href":"https:\/\/www.notibras.com\/site\/wp-json\/wp\/v2\/posts\/408995\/revisions"}],"predecessor-version":[{"id":408996,"href":"https:\/\/www.notibras.com\/site\/wp-json\/wp\/v2\/posts\/408995\/revisions\/408996"}],"wp:featuredmedia":[{"embeddable":true,"href":"https:\/\/www.notibras.com\/site\/wp-json\/wp\/v2\/media\/365955"}],"wp:attachment":[{"href":"https:\/\/www.notibras.com\/site\/wp-json\/wp\/v2\/media?parent=408995"}],"wp:term":[{"taxonomy":"category","embeddable":true,"href":"https:\/\/www.notibras.com\/site\/wp-json\/wp\/v2\/categories?post=408995"},{"taxonomy":"post_tag","embeddable":true,"href":"https:\/\/www.notibras.com\/site\/wp-json\/wp\/v2\/tags?post=408995"},{"taxonomy":"tmauthors","embeddable":true,"href":"https:\/\/www.notibras.com\/site\/wp-json\/wp\/v2\/tmauthors?post=408995"}],"curies":[{"name":"wp","href":"https:\/\/api.w.org\/{rel}","templated":true}]}}