{"id":408997,"date":"2026-09-02T12:23:49","date_gmt":"2026-09-02T15:23:49","guid":{"rendered":"https:\/\/www.notibras.com\/site\/?p=408997"},"modified":"2026-09-02T12:23:49","modified_gmt":"2026-09-02T15:23:49","slug":"15a-dp-prende-dois-homens-em-flagrante","status":"publish","type":"post","link":"https:\/\/www.notibras.com\/site\/15a-dp-prende-dois-homens-em-flagrante\/","title":{"rendered":"15\u00aa DP prende dois homens em flagrante"},"content":{"rendered":"<p>A Pol\u00edcia Civil do Distrito Federal, por interm\u00e9dio da 15\u00aa Delegacia de Pol\u00edcia \u2013 Ceil\u00e2ndia Centro, prendeu em flagrante, nesta ter\u00e7a-feira (1\u00ba), dois homens, de 18 e 36 anos, pela pr\u00e1tica de tr\u00e1fico de drogas, durante a\u00e7\u00e3o realizada pela Se\u00e7\u00e3o de Repress\u00e3o \u00e0s Drogas (SRD) na regi\u00e3o da QNN 3, em Ceil\u00e2ndia. Um adolescente de 17 anos, que tamb\u00e9m participava da comercializa\u00e7\u00e3o, foi apreendido e encaminhado \u00e0 DCA II. flagrante trafico srd.pdf<\/p>\n<p>De acordo com o apurado por Notibras, durante levantamento investigativo, os policiais identificaram intensa movimenta\u00e7\u00e3o de usu\u00e1rios em um im\u00f3vel da QNN 3, Conjunto K. O monitoramento revelou uma atua\u00e7\u00e3o coordenada: um dos envolvidos permanecia na esquina e direcionava os usu\u00e1rios at\u00e9 o ponto de venda, enquanto o outro adulto e o adolescente realizavam a comercializa\u00e7\u00e3o dos entorpecentes no interior do im\u00f3vel. flagrante trafico srd.pdf<\/p>\n<p>A equipe acompanhou um dos compradores logo ap\u00f3s deixar o endere\u00e7o e encontrou com ele por\u00e7\u00f5es de crack. O usu\u00e1rio confirmou ter acabado de adquirir a droga no im\u00f3vel monitorado pelo valor de R$ 10. Diante da constata\u00e7\u00e3o da venda, os policiais realizaram a abordagem do ponto de tr\u00e1fico. flagrante trafico srd.pdf<\/p>\n<p>Com apoio da Se\u00e7\u00e3o de Opera\u00e7\u00f5es com C\u00e3es da PCDF, foram encontradas outras por\u00e7\u00f5es de crack escondidas dentro de um aspirador de p\u00f3 e em um buraco pr\u00f3ximo ao tanque, al\u00e9m de balan\u00e7a de precis\u00e3o e dinheiro em esp\u00e9cie. Um dos suspeitos ainda tentou dispensar o dinheiro que portava ao perceber a aproxima\u00e7\u00e3o dos policiais. flagrante trafico srd.pdf<\/p>\n<p>Ao todo, foram apreendidos, entre outros objetos, R$ 754 em esp\u00e9cie, por\u00e7\u00f5es de crack e balan\u00e7a de precis\u00e3o.<\/p>\n<p>Um dos envolvidos tentou fugir durante a abordagem e ofereceu resist\u00eancia \u00e0 atua\u00e7\u00e3o policial, sendo necess\u00e1rio o emprego progressivo da for\u00e7a para sua conten\u00e7\u00e3o. flagrante trafico srd.pdf<\/p>\n<p>Os dois adultos foram autuados em flagrante por tr\u00e1fico de drogas e encaminhados \u00e0 carceragem da PCDF, onde permanecer\u00e3o \u00e0 disposi\u00e7\u00e3o da Justi\u00e7a. O adolescente foi apresentado \u00e0 DCA II, onde foi instaurado procedimento para apura\u00e7\u00e3o de ato infracional an\u00e1logo ao tr\u00e1fico de drogas.<\/p>\n<p>A a\u00e7\u00e3o integra o trabalho permanente da 15\u00aa DP de identifica\u00e7\u00e3o e repress\u00e3o aos pontos de comercializa\u00e7\u00e3o de drogas na regi\u00e3o de Ceil\u00e2ndia.<\/p>\n<p><strong>Assista aos v\u00eddeos:<\/strong><\/p>\n<div style=\"width: 740px;\" class=\"wp-video\"><video class=\"wp-video-shortcode\" id=\"video-408997-1\" width=\"740\" height=\"416\" preload=\"metadata\" controls=\"controls\"><source type=\"video\/mp4\" src=\"https:\/\/www.notibras.com\/site\/wp-content\/uploads\/2026\/09\/WhatsApp-Video-2026-09-02-at-10.05.40.mp4?_=1\" \/><a href=\"https:\/\/www.notibras.com\/site\/wp-content\/uploads\/2026\/09\/WhatsApp-Video-2026-09-02-at-10.05.40.mp4\">https:\/\/www.notibras.com\/site\/wp-content\/uploads\/2026\/09\/WhatsApp-Video-2026-09-02-at-10.05.40.mp4<\/a><\/video><\/div>\n<div style=\"width: 478px;\" class=\"wp-video\"><video class=\"wp-video-shortcode\" id=\"video-408997-2\" width=\"478\" height=\"850\" preload=\"metadata\" controls=\"controls\"><source type=\"video\/mp4\" src=\"https:\/\/www.notibras.com\/site\/wp-content\/uploads\/2026\/09\/WhatsApp-Video-2026-09-02-at-10.06.49.mp4?_=2\" \/><a href=\"https:\/\/www.notibras.com\/site\/wp-content\/uploads\/2026\/09\/WhatsApp-Video-2026-09-02-at-10.06.49.mp4\">https:\/\/www.notibras.com\/site\/wp-content\/uploads\/2026\/09\/WhatsApp-Video-2026-09-02-at-10.06.49.mp4<\/a><\/video><\/div>\n<div style=\"width: 740px;\" class=\"wp-video\"><video class=\"wp-video-shortcode\" id=\"video-408997-3\" width=\"740\" height=\"417\" preload=\"metadata\" controls=\"controls\"><source type=\"video\/mp4\" src=\"https:\/\/www.notibras.com\/site\/wp-content\/uploads\/2026\/09\/WhatsApp-Video-2026-09-02-at-10.06.11.mp4?_=3\" \/><a href=\"https:\/\/www.notibras.com\/site\/wp-content\/uploads\/2026\/09\/WhatsApp-Video-2026-09-02-at-10.06.11.mp4\">https:\/\/www.notibras.com\/site\/wp-content\/uploads\/2026\/09\/WhatsApp-Video-2026-09-02-at-10.06.11.mp4<\/a><\/video><\/div>\n","protected":false},"excerpt":{"rendered":"<p>A Pol\u00edcia Civil do Distrito Federal, por interm\u00e9dio da 15\u00aa Delegacia de Pol\u00edcia \u2013 Ceil\u00e2ndia Centro, prendeu em flagrante, nesta ter\u00e7a-feira (1\u00ba), dois homens, de 18 e 36 anos, pela pr\u00e1tica de tr\u00e1fico de drogas, durante a\u00e7\u00e3o realizada pela Se\u00e7\u00e3o de Repress\u00e3o \u00e0s Drogas (SRD) na regi\u00e3o da QNN 3, em Ceil\u00e2ndia. Um adolescente de [&hellip;]<\/p>\n","protected":false},"author":21,"featured_media":409002,"comment_status":"closed","ping_status":"closed","sticky":false,"template":"","format":"standard","meta":{"_acf_changed":false,"footnotes":""},"categories":[161],"tags":[],"tmauthors":[306],"class_list":["post-408997","post","type-post","status-publish","format-standard","has-post-thumbnail","category-quadradinho-em-foco"],"acf":[],"yoast_head":"<!-- This site is optimized with the Yoast SEO plugin v28.0 - https:\/\/yoast.com\/product\/yoast-seo-wordpress\/ -->\n<title>15\u00aa DP prende dois homens em flagrante - Notibras<\/title>\n<meta name=\"robots\" content=\"index, follow, max-snippet:-1, max-image-preview:large, max-video-preview:-1\" \/>\n<link rel=\"canonical\" href=\"https:\/\/www.notibras.com\/site\/15a-dp-prende-dois-homens-em-flagrante\/\" \/>\n<meta property=\"og:locale\" content=\"pt_BR\" \/>\n<meta property=\"og:type\" content=\"article\" \/>\n<meta property=\"og:title\" content=\"15\u00aa DP prende dois homens em flagrante - Notibras\" \/>\n<meta property=\"og:description\" content=\"A Pol\u00edcia Civil do Distrito Federal, por interm\u00e9dio da 15\u00aa Delegacia de Pol\u00edcia \u2013 Ceil\u00e2ndia Centro, prendeu em flagrante, nesta ter\u00e7a-feira (1\u00ba), dois homens, de 18 e 36 anos, pela pr\u00e1tica de tr\u00e1fico de drogas, durante a\u00e7\u00e3o realizada pela Se\u00e7\u00e3o de Repress\u00e3o \u00e0s Drogas (SRD) na regi\u00e3o da QNN 3, em Ceil\u00e2ndia. Um adolescente de [&hellip;]\" \/>\n<meta property=\"og:url\" content=\"https:\/\/www.notibras.com\/site\/15a-dp-prende-dois-homens-em-flagrante\/\" \/>\n<meta property=\"og:site_name\" content=\"Notibras\" \/>\n<meta property=\"article:publisher\" content=\"https:\/\/www.facebook.com\/notibras\/\" \/>\n<meta property=\"article:published_time\" content=\"2026-09-02T15:23:49+00:00\" \/>\n<meta property=\"og:image\" content=\"https:\/\/www.notibras.com\/site\/wp-content\/uploads\/2026\/09\/WhatsApp-Image-2026-09-02-at-12.20.48.jpeg\" \/>\n\t<meta property=\"og:image:width\" content=\"1170\" \/>\n\t<meta property=\"og:image:height\" content=\"639\" \/>\n\t<meta property=\"og:image:type\" content=\"image\/jpeg\" \/>\n<meta name=\"author\" content=\"Eduardo Mart\u00ednez\" \/>\n<meta name=\"twitter:card\" content=\"summary_large_image\" \/>\n<meta name=\"twitter:creator\" content=\"@Notibras\" \/>\n<meta name=\"twitter:site\" content=\"@Notibras\" \/>\n<meta name=\"twitter:label1\" content=\"Escrito por\" \/>\n\t<meta name=\"twitter:data1\" content=\"Eduardo Mart\u00ednez\" \/>\n\t<meta name=\"twitter:label2\" content=\"Est. tempo de leitura\" \/>\n\t<meta name=\"twitter:data2\" content=\"3 minutos\" \/>\n<script type=\"application\/ld+json\" class=\"yoast-schema-graph\">{\"@context\":\"https:\\\/\\\/schema.org\",\"@graph\":[{\"@type\":\"Article\",\"@id\":\"https:\\\/\\\/www.notibras.com\\\/site\\\/15a-dp-prende-dois-homens-em-flagrante\\\/#article\",\"isPartOf\":{\"@id\":\"https:\\\/\\\/www.notibras.com\\\/site\\\/15a-dp-prende-dois-homens-em-flagrante\\\/\"},\"author\":{\"name\":\"Eduardo Mart\u00ednez\",\"@id\":\"https:\\\/\\\/www.notibras.com\\\/site\\\/#\\\/schema\\\/person\\\/5b7fabf2aedc3ada2105f03b22b4d3dd\"},\"headline\":\"15\u00aa DP prende dois homens em flagrante\",\"datePublished\":\"2026-09-02T15:23:49+00:00\",\"mainEntityOfPage\":{\"@id\":\"https:\\\/\\\/www.notibras.com\\\/site\\\/15a-dp-prende-dois-homens-em-flagrante\\\/\"},\"wordCount\":469,\"publisher\":{\"@id\":\"https:\\\/\\\/www.notibras.com\\\/site\\\/#organization\"},\"image\":{\"@id\":\"https:\\\/\\\/www.notibras.com\\\/site\\\/15a-dp-prende-dois-homens-em-flagrante\\\/#primaryimage\"},\"thumbnailUrl\":\"https:\\\/\\\/www.notibras.com\\\/site\\\/wp-content\\\/uploads\\\/2026\\\/09\\\/WhatsApp-Image-2026-09-02-at-12.20.48.jpeg\",\"articleSection\":[\"Quadradinho em Foco\"],\"inLanguage\":\"pt-BR\"},{\"@type\":\"WebPage\",\"@id\":\"https:\\\/\\\/www.notibras.com\\\/site\\\/15a-dp-prende-dois-homens-em-flagrante\\\/\",\"url\":\"https:\\\/\\\/www.notibras.com\\\/site\\\/15a-dp-prende-dois-homens-em-flagrante\\\/\",\"name\":\"15\u00aa DP prende dois homens em flagrante - Notibras\",\"isPartOf\":{\"@id\":\"https:\\\/\\\/www.notibras.com\\\/site\\\/#website\"},\"primaryImageOfPage\":{\"@id\":\"https:\\\/\\\/www.notibras.com\\\/site\\\/15a-dp-prende-dois-homens-em-flagrante\\\/#primaryimage\"},\"image\":{\"@id\":\"https:\\\/\\\/www.notibras.com\\\/site\\\/15a-dp-prende-dois-homens-em-flagrante\\\/#primaryimage\"},\"thumbnailUrl\":\"https:\\\/\\\/www.notibras.com\\\/site\\\/wp-content\\\/uploads\\\/2026\\\/09\\\/WhatsApp-Image-2026-09-02-at-12.20.48.jpeg\",\"datePublished\":\"2026-09-02T15:23:49+00:00\",\"breadcrumb\":{\"@id\":\"https:\\\/\\\/www.notibras.com\\\/site\\\/15a-dp-prende-dois-homens-em-flagrante\\\/#breadcrumb\"},\"inLanguage\":\"pt-BR\",\"potentialAction\":[{\"@type\":\"ReadAction\",\"target\":[\"https:\\\/\\\/www.notibras.com\\\/site\\\/15a-dp-prende-dois-homens-em-flagrante\\\/\"]}]},{\"@type\":\"ImageObject\",\"inLanguage\":\"pt-BR\",\"@id\":\"https:\\\/\\\/www.notibras.com\\\/site\\\/15a-dp-prende-dois-homens-em-flagrante\\\/#primaryimage\",\"url\":\"https:\\\/\\\/www.notibras.com\\\/site\\\/wp-content\\\/uploads\\\/2026\\\/09\\\/WhatsApp-Image-2026-09-02-at-12.20.48.jpeg\",\"contentUrl\":\"https:\\\/\\\/www.notibras.com\\\/site\\\/wp-content\\\/uploads\\\/2026\\\/09\\\/WhatsApp-Image-2026-09-02-at-12.20.48.jpeg\",\"width\":1170,\"height\":639},{\"@type\":\"BreadcrumbList\",\"@id\":\"https:\\\/\\\/www.notibras.com\\\/site\\\/15a-dp-prende-dois-homens-em-flagrante\\\/#breadcrumb\",\"itemListElement\":[{\"@type\":\"ListItem\",\"position\":1,\"name\":\"In\u00edcio\",\"item\":\"https:\\\/\\\/www.notibras.com\\\/site\\\/\"},{\"@type\":\"ListItem\",\"position\":2,\"name\":\"15\u00aa DP prende dois homens em flagrante\"}]},{\"@type\":\"WebSite\",\"@id\":\"https:\\\/\\\/www.notibras.com\\\/site\\\/#website\",\"url\":\"https:\\\/\\\/www.notibras.com\\\/site\\\/\",\"name\":\"Notibras\",\"description\":\"Not\u00edcias de Bras\u00edlia, do Brasil e do Mundo\",\"publisher\":{\"@id\":\"https:\\\/\\\/www.notibras.com\\\/site\\\/#organization\"},\"potentialAction\":[{\"@type\":\"SearchAction\",\"target\":{\"@type\":\"EntryPoint\",\"urlTemplate\":\"https:\\\/\\\/www.notibras.com\\\/site\\\/?s={search_term_string}\"},\"query-input\":{\"@type\":\"PropertyValueSpecification\",\"valueRequired\":true,\"valueName\":\"search_term_string\"}}],\"inLanguage\":\"pt-BR\"},{\"@type\":\"Organization\",\"@id\":\"https:\\\/\\\/www.notibras.com\\\/site\\\/#organization\",\"name\":\"Grupo Notibras de Comunica\u00e7\u00e3o\",\"url\":\"https:\\\/\\\/www.notibras.com\\\/site\\\/\",\"logo\":{\"@type\":\"ImageObject\",\"inLanguage\":\"pt-BR\",\"@id\":\"https:\\\/\\\/www.notibras.com\\\/site\\\/#\\\/schema\\\/logo\\\/image\\\/\",\"url\":\"https:\\\/\\\/www.notibras.com\\\/site\\\/wp-content\\\/uploads\\\/2023\\\/01\\\/notibras23.png\",\"contentUrl\":\"https:\\\/\\\/www.notibras.com\\\/site\\\/wp-content\\\/uploads\\\/2023\\\/01\\\/notibras23.png\",\"width\":350,\"height\":87,\"caption\":\"Grupo Notibras de Comunica\u00e7\u00e3o\"},\"image\":{\"@id\":\"https:\\\/\\\/www.notibras.com\\\/site\\\/#\\\/schema\\\/logo\\\/image\\\/\"},\"sameAs\":[\"https:\\\/\\\/www.facebook.com\\\/notibras\\\/\",\"https:\\\/\\\/x.com\\\/Notibras\",\"https:\\\/\\\/www.instagram.com\\\/notibras\\\/\"]},{\"@type\":\"Person\",\"@id\":\"https:\\\/\\\/www.notibras.com\\\/site\\\/#\\\/schema\\\/person\\\/5b7fabf2aedc3ada2105f03b22b4d3dd\",\"name\":\"Eduardo Mart\u00ednez\",\"image\":{\"@type\":\"ImageObject\",\"inLanguage\":\"pt-BR\",\"@id\":\"https:\\\/\\\/secure.gravatar.com\\\/avatar\\\/7902f906289926289cbcda644b5197c796b893c6ffd7b9a536a42d290f7704a0?s=96&d=mm&r=g\",\"url\":\"https:\\\/\\\/secure.gravatar.com\\\/avatar\\\/7902f906289926289cbcda644b5197c796b893c6ffd7b9a536a42d290f7704a0?s=96&d=mm&r=g\",\"contentUrl\":\"https:\\\/\\\/secure.gravatar.com\\\/avatar\\\/7902f906289926289cbcda644b5197c796b893c6ffd7b9a536a42d290f7704a0?s=96&d=mm&r=g\",\"caption\":\"Eduardo Mart\u00ednez\"}}]}<\/script>\n<!-- \/ Yoast SEO plugin. -->","yoast_head_json":{"title":"15\u00aa DP prende dois homens em flagrante - Notibras","robots":{"index":"index","follow":"follow","max-snippet":"max-snippet:-1","max-image-preview":"max-image-preview:large","max-video-preview":"max-video-preview:-1"},"canonical":"https:\/\/www.notibras.com\/site\/15a-dp-prende-dois-homens-em-flagrante\/","og_locale":"pt_BR","og_type":"article","og_title":"15\u00aa DP prende dois homens em flagrante - Notibras","og_description":"A Pol\u00edcia Civil do Distrito Federal, por interm\u00e9dio da 15\u00aa Delegacia de Pol\u00edcia \u2013 Ceil\u00e2ndia Centro, prendeu em flagrante, nesta ter\u00e7a-feira (1\u00ba), dois homens, de 18 e 36 anos, pela pr\u00e1tica de tr\u00e1fico de drogas, durante a\u00e7\u00e3o realizada pela Se\u00e7\u00e3o de Repress\u00e3o \u00e0s Drogas (SRD) na regi\u00e3o da QNN 3, em Ceil\u00e2ndia. Um adolescente de [&hellip;]","og_url":"https:\/\/www.notibras.com\/site\/15a-dp-prende-dois-homens-em-flagrante\/","og_site_name":"Notibras","article_publisher":"https:\/\/www.facebook.com\/notibras\/","article_published_time":"2026-09-02T15:23:49+00:00","og_image":[{"width":1170,"height":639,"url":"https:\/\/www.notibras.com\/site\/wp-content\/uploads\/2026\/09\/WhatsApp-Image-2026-09-02-at-12.20.48.jpeg","type":"image\/jpeg"}],"author":"Eduardo Mart\u00ednez","twitter_card":"summary_large_image","twitter_creator":"@Notibras","twitter_site":"@Notibras","twitter_misc":{"Escrito por":"Eduardo Mart\u00ednez","Est. tempo de leitura":"3 minutos"},"schema":{"@context":"https:\/\/schema.org","@graph":[{"@type":"Article","@id":"https:\/\/www.notibras.com\/site\/15a-dp-prende-dois-homens-em-flagrante\/#article","isPartOf":{"@id":"https:\/\/www.notibras.com\/site\/15a-dp-prende-dois-homens-em-flagrante\/"},"author":{"name":"Eduardo Mart\u00ednez","@id":"https:\/\/www.notibras.com\/site\/#\/schema\/person\/5b7fabf2aedc3ada2105f03b22b4d3dd"},"headline":"15\u00aa DP prende dois homens em flagrante","datePublished":"2026-09-02T15:23:49+00:00","mainEntityOfPage":{"@id":"https:\/\/www.notibras.com\/site\/15a-dp-prende-dois-homens-em-flagrante\/"},"wordCount":469,"publisher":{"@id":"https:\/\/www.notibras.com\/site\/#organization"},"image":{"@id":"https:\/\/www.notibras.com\/site\/15a-dp-prende-dois-homens-em-flagrante\/#primaryimage"},"thumbnailUrl":"https:\/\/www.notibras.com\/site\/wp-content\/uploads\/2026\/09\/WhatsApp-Image-2026-09-02-at-12.20.48.jpeg","articleSection":["Quadradinho em Foco"],"inLanguage":"pt-BR"},{"@type":"WebPage","@id":"https:\/\/www.notibras.com\/site\/15a-dp-prende-dois-homens-em-flagrante\/","url":"https:\/\/www.notibras.com\/site\/15a-dp-prende-dois-homens-em-flagrante\/","name":"15\u00aa DP prende dois homens em flagrante - Notibras","isPartOf":{"@id":"https:\/\/www.notibras.com\/site\/#website"},"primaryImageOfPage":{"@id":"https:\/\/www.notibras.com\/site\/15a-dp-prende-dois-homens-em-flagrante\/#primaryimage"},"image":{"@id":"https:\/\/www.notibras.com\/site\/15a-dp-prende-dois-homens-em-flagrante\/#primaryimage"},"thumbnailUrl":"https:\/\/www.notibras.com\/site\/wp-content\/uploads\/2026\/09\/WhatsApp-Image-2026-09-02-at-12.20.48.jpeg","datePublished":"2026-09-02T15:23:49+00:00","breadcrumb":{"@id":"https:\/\/www.notibras.com\/site\/15a-dp-prende-dois-homens-em-flagrante\/#breadcrumb"},"inLanguage":"pt-BR","potentialAction":[{"@type":"ReadAction","target":["https:\/\/www.notibras.com\/site\/15a-dp-prende-dois-homens-em-flagrante\/"]}]},{"@type":"ImageObject","inLanguage":"pt-BR","@id":"https:\/\/www.notibras.com\/site\/15a-dp-prende-dois-homens-em-flagrante\/#primaryimage","url":"https:\/\/www.notibras.com\/site\/wp-content\/uploads\/2026\/09\/WhatsApp-Image-2026-09-02-at-12.20.48.jpeg","contentUrl":"https:\/\/www.notibras.com\/site\/wp-content\/uploads\/2026\/09\/WhatsApp-Image-2026-09-02-at-12.20.48.jpeg","width":1170,"height":639},{"@type":"BreadcrumbList","@id":"https:\/\/www.notibras.com\/site\/15a-dp-prende-dois-homens-em-flagrante\/#breadcrumb","itemListElement":[{"@type":"ListItem","position":1,"name":"In\u00edcio","item":"https:\/\/www.notibras.com\/site\/"},{"@type":"ListItem","position":2,"name":"15\u00aa DP prende dois homens em flagrante"}]},{"@type":"WebSite","@id":"https:\/\/www.notibras.com\/site\/#website","url":"https:\/\/www.notibras.com\/site\/","name":"Notibras","description":"Not\u00edcias de Bras\u00edlia, do Brasil e do Mundo","publisher":{"@id":"https:\/\/www.notibras.com\/site\/#organization"},"potentialAction":[{"@type":"SearchAction","target":{"@type":"EntryPoint","urlTemplate":"https:\/\/www.notibras.com\/site\/?s={search_term_string}"},"query-input":{"@type":"PropertyValueSpecification","valueRequired":true,"valueName":"search_term_string"}}],"inLanguage":"pt-BR"},{"@type":"Organization","@id":"https:\/\/www.notibras.com\/site\/#organization","name":"Grupo Notibras de Comunica\u00e7\u00e3o","url":"https:\/\/www.notibras.com\/site\/","logo":{"@type":"ImageObject","inLanguage":"pt-BR","@id":"https:\/\/www.notibras.com\/site\/#\/schema\/logo\/image\/","url":"https:\/\/www.notibras.com\/site\/wp-content\/uploads\/2023\/01\/notibras23.png","contentUrl":"https:\/\/www.notibras.com\/site\/wp-content\/uploads\/2023\/01\/notibras23.png","width":350,"height":87,"caption":"Grupo Notibras de Comunica\u00e7\u00e3o"},"image":{"@id":"https:\/\/www.notibras.com\/site\/#\/schema\/logo\/image\/"},"sameAs":["https:\/\/www.facebook.com\/notibras\/","https:\/\/x.com\/Notibras","https:\/\/www.instagram.com\/notibras\/"]},{"@type":"Person","@id":"https:\/\/www.notibras.com\/site\/#\/schema\/person\/5b7fabf2aedc3ada2105f03b22b4d3dd","name":"Eduardo Mart\u00ednez","image":{"@type":"ImageObject","inLanguage":"pt-BR","@id":"https:\/\/secure.gravatar.com\/avatar\/7902f906289926289cbcda644b5197c796b893c6ffd7b9a536a42d290f7704a0?s=96&d=mm&r=g","url":"https:\/\/secure.gravatar.com\/avatar\/7902f906289926289cbcda644b5197c796b893c6ffd7b9a536a42d290f7704a0?s=96&d=mm&r=g","contentUrl":"https:\/\/secure.gravatar.com\/avatar\/7902f906289926289cbcda644b5197c796b893c6ffd7b9a536a42d290f7704a0?s=96&d=mm&r=g","caption":"Eduardo Mart\u00ednez"}}]}},"_links":{"self":[{"href":"https:\/\/www.notibras.com\/site\/wp-json\/wp\/v2\/posts\/408997","targetHints":{"allow":["GET"]}}],"collection":[{"href":"https:\/\/www.notibras.com\/site\/wp-json\/wp\/v2\/posts"}],"about":[{"href":"https:\/\/www.notibras.com\/site\/wp-json\/wp\/v2\/types\/post"}],"author":[{"embeddable":true,"href":"https:\/\/www.notibras.com\/site\/wp-json\/wp\/v2\/users\/21"}],"replies":[{"embeddable":true,"href":"https:\/\/www.notibras.com\/site\/wp-json\/wp\/v2\/comments?post=408997"}],"version-history":[{"count":2,"href":"https:\/\/www.notibras.com\/site\/wp-json\/wp\/v2\/posts\/408997\/revisions"}],"predecessor-version":[{"id":409004,"href":"https:\/\/www.notibras.com\/site\/wp-json\/wp\/v2\/posts\/408997\/revisions\/409004"}],"wp:featuredmedia":[{"embeddable":true,"href":"https:\/\/www.notibras.com\/site\/wp-json\/wp\/v2\/media\/409002"}],"wp:attachment":[{"href":"https:\/\/www.notibras.com\/site\/wp-json\/wp\/v2\/media?parent=408997"}],"wp:term":[{"taxonomy":"category","embeddable":true,"href":"https:\/\/www.notibras.com\/site\/wp-json\/wp\/v2\/categories?post=408997"},{"taxonomy":"post_tag","embeddable":true,"href":"https:\/\/www.notibras.com\/site\/wp-json\/wp\/v2\/tags?post=408997"},{"taxonomy":"tmauthors","embeddable":true,"href":"https:\/\/www.notibras.com\/site\/wp-json\/wp\/v2\/tmauthors?post=408997"}],"curies":[{"name":"wp","href":"https:\/\/api.w.org\/{rel}","templated":true}]}}