{"id":409013,"date":"2026-09-02T10:38:33","date_gmt":"2026-09-02T13:38:33","guid":{"rendered":"https:\/\/www.notibras.com\/site\/?p=409013"},"modified":"2026-09-02T14:14:48","modified_gmt":"2026-09-02T17:14:48","slug":"quaest-ve-queda-de-braco-lula-x-flavio","status":"publish","type":"post","link":"https:\/\/www.notibras.com\/site\/quaest-ve-queda-de-braco-lula-x-flavio\/","title":{"rendered":"Quaest v\u00ea queda de bra\u00e7o Lula x Fl\u00e1vio"},"content":{"rendered":"<p>A pouco mais de um m\u00eas das elei\u00e7\u00f5es, a disputa pelo Pal\u00e1cio do Planalto ganha contornos de uma verdadeira queda de bra\u00e7o. Pesquisa Quaest divulgada nesta quarta-feira (2) mostra o presidente Luiz In\u00e1cio Lula da Silva (PT) e o senador Fl\u00e1vio Bolsonaro (PL) separados por apenas um ponto percentual em uma eventual disputa de segundo turno.<\/p>\n<p>Lula aparece com 42% das inten\u00e7\u00f5es de voto, enquanto Fl\u00e1vio alcan\u00e7a 41%. Como a margem de erro \u00e9 de dois pontos percentuais, para mais ou para menos, os dois est\u00e3o tecnicamente empatados. Brancos, nulos ou eleitores que afirmam n\u00e3o pretender votar representam 13%. Outros 4% permanecem indecisos.<\/p>\n<p>Mais do que a fotografia atual, por\u00e9m, a compara\u00e7\u00e3o com a pesquisa anterior ajuda a revelar o movimento da corrida presidencial. Na rodada da Quaest divulgada em 14 de agosto, Lula tinha 43%, contra 40% de Fl\u00e1vio. Agora, o presidente oscilou um ponto para baixo e o senador avan\u00e7ou um ponto.<\/p>\n<p>A diferen\u00e7a entre os dois, portanto, encolheu de tr\u00eas para apenas um ponto percentual. As oscila\u00e7\u00f5es, isoladamente, est\u00e3o dentro da margem de erro, mas mostram que, numericamente, Fl\u00e1vio Bolsonaro recuperou terreno justamente quando a campanha entra em sua fase decisiva.<\/p>\n<p>A briga pelo voto est\u00e1, como se v\u00ea, pau a pau. O cen\u00e1rio de segundo turno tamb\u00e9m chama aten\u00e7\u00e3o porque Lula continua numericamente \u00e0 frente dos demais advers\u00e1rios testados pela Quaest. Contra Ronaldo Caiado (PSD), o presidente marca 42%, diante de 37% do governador de Goi\u00e1s. Frente a Renan Santos (Miss\u00e3o), o placar \u00e9 de 43% a 36%. Contra Augusto Cury (Avante), Lula aparece com 40%, ante 34%. Diante de Romeu Zema (Novo), registra 44%, contra 33%.<\/p>\n<p>\u00c9 contra Fl\u00e1vio Bolsonaro, portanto, que o presidente enfrenta seu cen\u00e1rio mais apertado. A dist\u00e2ncia de apenas um ponto transforma cada parcela ainda n\u00e3o consolidada do eleitorado em terreno de disputa e aumenta o peso da campanha de rua, dos debates, das redes sociais e da propaganda eleitoral no r\u00e1dio e na televis\u00e3o.<\/p>\n<p>No primeiro turno, contudo, Lula conserva uma vantagem mais confort\u00e1vel. Em um dos cen\u00e1rios estimulados apresentados pela Quaest, o petista aparece com 37%, Fl\u00e1vio Bolsonaro com 30% e Augusto Cury com 10%. Renan Santos soma 3%, enquanto Ronaldo Caiado, Romeu Zema e Pablo Mar\u00e7al aparecem com 1% cada.<\/p>\n<p>Outro dado ajuda a explicar por que a elei\u00e7\u00e3o permanece aberta. Os dois principais concorrentes carregam \u00edndices elevados de rejei\u00e7\u00e3o. Fl\u00e1vio Bolsonaro \u00e9 rejeitado por 55% dos entrevistados, enquanto Lula registra 53%. Ou seja, ao mesmo tempo em que concentram a prefer\u00eancia do eleitorado, os dois enfrentam forte resist\u00eancia em parcelas expressivas da popula\u00e7\u00e3o.<\/p>\n<p>A pesquisa foi encomendada pela Globo e pelo jornal O Globo. A Quaest ouviu presencialmente 2.004 eleitores entre 30 de agosto e 1\u00ba de setembro. A margem de erro \u00e9 de dois pontos percentuais, para mais ou para menos, com n\u00edvel de confian\u00e7a de 95%. O levantamento est\u00e1 registrado no Tribunal Superior Eleitoral sob o n\u00famero BR-07065\/2026.<\/p>\n<p>Se os n\u00fameros atuais forem confirmados nas pr\u00f3ximas rodadas, a elei\u00e7\u00e3o presidencial caminha para uma reta final sem espa\u00e7o para favoritismo. Entre Lula e Fl\u00e1vio Bolsonaro, pelo menos por enquanto, a dist\u00e2ncia cabe dentro da margem de erro \u2014 e qualquer trope\u00e7o poder\u00e1 valer o Pal\u00e1cio do Planalto.<\/p>\n<p>&#8230;&#8230;&#8230;&#8230;..<\/p>\n<p><strong>Marta Nobre \u00e9 Editora Executiva de Notibras<\/strong><\/p>\n","protected":false},"excerpt":{"rendered":"<p>A pouco mais de um m\u00eas das elei\u00e7\u00f5es, a disputa pelo Pal\u00e1cio do Planalto ganha contornos de uma verdadeira queda de bra\u00e7o. Pesquisa Quaest divulgada nesta quarta-feira (2) mostra o presidente Luiz In\u00e1cio Lula da Silva (PT) e o senador Fl\u00e1vio Bolsonaro (PL) separados por apenas um ponto percentual em uma eventual disputa de segundo [&hellip;]<\/p>\n","protected":false},"author":2,"featured_media":309645,"comment_status":"closed","ping_status":"closed","sticky":false,"template":"","format":"standard","meta":{"_acf_changed":false,"footnotes":""},"categories":[16],"tags":[95],"tmauthors":[307],"class_list":["post-409013","post","type-post","status-publish","format-standard","has-post-thumbnail","category-brasil","tag-capa"],"acf":[],"yoast_head":"<!-- This site is optimized with the Yoast SEO plugin v28.0 - https:\/\/yoast.com\/product\/yoast-seo-wordpress\/ -->\n<title>Quaest v\u00ea queda de bra\u00e7o Lula x Fl\u00e1vio - Notibras<\/title>\n<meta name=\"robots\" content=\"index, follow, max-snippet:-1, max-image-preview:large, max-video-preview:-1\" \/>\n<link rel=\"canonical\" href=\"https:\/\/www.notibras.com\/site\/quaest-ve-queda-de-braco-lula-x-flavio\/\" \/>\n<meta property=\"og:locale\" content=\"pt_BR\" \/>\n<meta property=\"og:type\" content=\"article\" \/>\n<meta property=\"og:title\" content=\"Quaest v\u00ea queda de bra\u00e7o Lula x Fl\u00e1vio - Notibras\" \/>\n<meta property=\"og:description\" content=\"A pouco mais de um m\u00eas das elei\u00e7\u00f5es, a disputa pelo Pal\u00e1cio do Planalto ganha contornos de uma verdadeira queda de bra\u00e7o. Pesquisa Quaest divulgada nesta quarta-feira (2) mostra o presidente Luiz In\u00e1cio Lula da Silva (PT) e o senador Fl\u00e1vio Bolsonaro (PL) separados por apenas um ponto percentual em uma eventual disputa de segundo [&hellip;]\" \/>\n<meta property=\"og:url\" content=\"https:\/\/www.notibras.com\/site\/quaest-ve-queda-de-braco-lula-x-flavio\/\" \/>\n<meta property=\"og:site_name\" content=\"Notibras\" \/>\n<meta property=\"article:publisher\" content=\"https:\/\/www.facebook.com\/notibras\/\" \/>\n<meta property=\"article:published_time\" content=\"2026-09-02T13:38:33+00:00\" \/>\n<meta property=\"article:modified_time\" content=\"2026-09-02T17:14:48+00:00\" \/>\n<meta property=\"og:image\" content=\"https:\/\/www.notibras.com\/site\/wp-content\/uploads\/2023\/07\/10052023-retirada-das-grades-do-palcio-do-planalto_52887561341_o.jpg\" \/>\n\t<meta property=\"og:image:width\" content=\"770\" \/>\n\t<meta property=\"og:image:height\" content=\"462\" \/>\n\t<meta property=\"og:image:type\" content=\"image\/jpeg\" \/>\n<meta name=\"author\" content=\"Reda\u00e7\u00e3o\" \/>\n<meta name=\"twitter:card\" content=\"summary_large_image\" \/>\n<meta name=\"twitter:creator\" content=\"@Notibras\" \/>\n<meta name=\"twitter:site\" content=\"@Notibras\" \/>\n<meta name=\"twitter:label1\" content=\"Escrito por\" \/>\n\t<meta name=\"twitter:data1\" content=\"Reda\u00e7\u00e3o\" \/>\n\t<meta name=\"twitter:label2\" content=\"Est. tempo de leitura\" \/>\n\t<meta name=\"twitter:data2\" content=\"4 minutos\" \/>\n<script type=\"application\/ld+json\" class=\"yoast-schema-graph\">{\"@context\":\"https:\\\/\\\/schema.org\",\"@graph\":[{\"@type\":\"Article\",\"@id\":\"https:\\\/\\\/www.notibras.com\\\/site\\\/quaest-ve-queda-de-braco-lula-x-flavio\\\/#article\",\"isPartOf\":{\"@id\":\"https:\\\/\\\/www.notibras.com\\\/site\\\/quaest-ve-queda-de-braco-lula-x-flavio\\\/\"},\"author\":{\"name\":\"Reda\u00e7\u00e3o\",\"@id\":\"https:\\\/\\\/www.notibras.com\\\/site\\\/#\\\/schema\\\/person\\\/36ab0979449956132d3e5b517ea76ac8\"},\"headline\":\"Quaest v\u00ea queda de bra\u00e7o Lula x Fl\u00e1vio\",\"datePublished\":\"2026-09-02T13:38:33+00:00\",\"dateModified\":\"2026-09-02T17:14:48+00:00\",\"mainEntityOfPage\":{\"@id\":\"https:\\\/\\\/www.notibras.com\\\/site\\\/quaest-ve-queda-de-braco-lula-x-flavio\\\/\"},\"wordCount\":566,\"publisher\":{\"@id\":\"https:\\\/\\\/www.notibras.com\\\/site\\\/#organization\"},\"image\":{\"@id\":\"https:\\\/\\\/www.notibras.com\\\/site\\\/quaest-ve-queda-de-braco-lula-x-flavio\\\/#primaryimage\"},\"thumbnailUrl\":\"https:\\\/\\\/www.notibras.com\\\/site\\\/wp-content\\\/uploads\\\/2023\\\/07\\\/10052023-retirada-das-grades-do-palcio-do-planalto_52887561341_o.jpg\",\"keywords\":[\"capa\"],\"articleSection\":[\"Brasil\"],\"inLanguage\":\"pt-BR\"},{\"@type\":\"WebPage\",\"@id\":\"https:\\\/\\\/www.notibras.com\\\/site\\\/quaest-ve-queda-de-braco-lula-x-flavio\\\/\",\"url\":\"https:\\\/\\\/www.notibras.com\\\/site\\\/quaest-ve-queda-de-braco-lula-x-flavio\\\/\",\"name\":\"Quaest v\u00ea queda de bra\u00e7o Lula x Fl\u00e1vio - Notibras\",\"isPartOf\":{\"@id\":\"https:\\\/\\\/www.notibras.com\\\/site\\\/#website\"},\"primaryImageOfPage\":{\"@id\":\"https:\\\/\\\/www.notibras.com\\\/site\\\/quaest-ve-queda-de-braco-lula-x-flavio\\\/#primaryimage\"},\"image\":{\"@id\":\"https:\\\/\\\/www.notibras.com\\\/site\\\/quaest-ve-queda-de-braco-lula-x-flavio\\\/#primaryimage\"},\"thumbnailUrl\":\"https:\\\/\\\/www.notibras.com\\\/site\\\/wp-content\\\/uploads\\\/2023\\\/07\\\/10052023-retirada-das-grades-do-palcio-do-planalto_52887561341_o.jpg\",\"datePublished\":\"2026-09-02T13:38:33+00:00\",\"dateModified\":\"2026-09-02T17:14:48+00:00\",\"breadcrumb\":{\"@id\":\"https:\\\/\\\/www.notibras.com\\\/site\\\/quaest-ve-queda-de-braco-lula-x-flavio\\\/#breadcrumb\"},\"inLanguage\":\"pt-BR\",\"potentialAction\":[{\"@type\":\"ReadAction\",\"target\":[\"https:\\\/\\\/www.notibras.com\\\/site\\\/quaest-ve-queda-de-braco-lula-x-flavio\\\/\"]}]},{\"@type\":\"ImageObject\",\"inLanguage\":\"pt-BR\",\"@id\":\"https:\\\/\\\/www.notibras.com\\\/site\\\/quaest-ve-queda-de-braco-lula-x-flavio\\\/#primaryimage\",\"url\":\"https:\\\/\\\/www.notibras.com\\\/site\\\/wp-content\\\/uploads\\\/2023\\\/07\\\/10052023-retirada-das-grades-do-palcio-do-planalto_52887561341_o.jpg\",\"contentUrl\":\"https:\\\/\\\/www.notibras.com\\\/site\\\/wp-content\\\/uploads\\\/2023\\\/07\\\/10052023-retirada-das-grades-do-palcio-do-planalto_52887561341_o.jpg\",\"width\":770,\"height\":462,\"caption\":\"Bras\u00edlia (DF), 10.05.2023 - Presidente da Rep\u00fablica, Luiz In\u00e1cio Lula da Silva, desce a rampa do Pal\u00e1cio do Planalto para acompanhar a retirada das grades de seguran\u00e7a e vai ao encontro de simpatizantes. Foto: Ricardo Stuckert\\\/PR\"},{\"@type\":\"BreadcrumbList\",\"@id\":\"https:\\\/\\\/www.notibras.com\\\/site\\\/quaest-ve-queda-de-braco-lula-x-flavio\\\/#breadcrumb\",\"itemListElement\":[{\"@type\":\"ListItem\",\"position\":1,\"name\":\"In\u00edcio\",\"item\":\"https:\\\/\\\/www.notibras.com\\\/site\\\/\"},{\"@type\":\"ListItem\",\"position\":2,\"name\":\"Quaest v\u00ea queda de bra\u00e7o Lula x Fl\u00e1vio\"}]},{\"@type\":\"WebSite\",\"@id\":\"https:\\\/\\\/www.notibras.com\\\/site\\\/#website\",\"url\":\"https:\\\/\\\/www.notibras.com\\\/site\\\/\",\"name\":\"Notibras\",\"description\":\"Not\u00edcias de Bras\u00edlia, do Brasil e do Mundo\",\"publisher\":{\"@id\":\"https:\\\/\\\/www.notibras.com\\\/site\\\/#organization\"},\"potentialAction\":[{\"@type\":\"SearchAction\",\"target\":{\"@type\":\"EntryPoint\",\"urlTemplate\":\"https:\\\/\\\/www.notibras.com\\\/site\\\/?s={search_term_string}\"},\"query-input\":{\"@type\":\"PropertyValueSpecification\",\"valueRequired\":true,\"valueName\":\"search_term_string\"}}],\"inLanguage\":\"pt-BR\"},{\"@type\":\"Organization\",\"@id\":\"https:\\\/\\\/www.notibras.com\\\/site\\\/#organization\",\"name\":\"Grupo Notibras de Comunica\u00e7\u00e3o\",\"url\":\"https:\\\/\\\/www.notibras.com\\\/site\\\/\",\"logo\":{\"@type\":\"ImageObject\",\"inLanguage\":\"pt-BR\",\"@id\":\"https:\\\/\\\/www.notibras.com\\\/site\\\/#\\\/schema\\\/logo\\\/image\\\/\",\"url\":\"https:\\\/\\\/www.notibras.com\\\/site\\\/wp-content\\\/uploads\\\/2023\\\/01\\\/notibras23.png\",\"contentUrl\":\"https:\\\/\\\/www.notibras.com\\\/site\\\/wp-content\\\/uploads\\\/2023\\\/01\\\/notibras23.png\",\"width\":350,\"height\":87,\"caption\":\"Grupo Notibras de Comunica\u00e7\u00e3o\"},\"image\":{\"@id\":\"https:\\\/\\\/www.notibras.com\\\/site\\\/#\\\/schema\\\/logo\\\/image\\\/\"},\"sameAs\":[\"https:\\\/\\\/www.facebook.com\\\/notibras\\\/\",\"https:\\\/\\\/x.com\\\/Notibras\",\"https:\\\/\\\/www.instagram.com\\\/notibras\\\/\"]},{\"@type\":\"Person\",\"@id\":\"https:\\\/\\\/www.notibras.com\\\/site\\\/#\\\/schema\\\/person\\\/36ab0979449956132d3e5b517ea76ac8\",\"name\":\"Reda\u00e7\u00e3o\",\"image\":{\"@type\":\"ImageObject\",\"inLanguage\":\"pt-BR\",\"@id\":\"https:\\\/\\\/secure.gravatar.com\\\/avatar\\\/e0a867bdedb85fd243eadf09663511f96fc81e0720a4a42581f334ad4303aa6b?s=96&d=mm&r=g\",\"url\":\"https:\\\/\\\/secure.gravatar.com\\\/avatar\\\/e0a867bdedb85fd243eadf09663511f96fc81e0720a4a42581f334ad4303aa6b?s=96&d=mm&r=g\",\"contentUrl\":\"https:\\\/\\\/secure.gravatar.com\\\/avatar\\\/e0a867bdedb85fd243eadf09663511f96fc81e0720a4a42581f334ad4303aa6b?s=96&d=mm&r=g\",\"caption\":\"Reda\u00e7\u00e3o\"}}]}<\/script>\n<!-- \/ Yoast SEO plugin. -->","yoast_head_json":{"title":"Quaest v\u00ea queda de bra\u00e7o Lula x Fl\u00e1vio - Notibras","robots":{"index":"index","follow":"follow","max-snippet":"max-snippet:-1","max-image-preview":"max-image-preview:large","max-video-preview":"max-video-preview:-1"},"canonical":"https:\/\/www.notibras.com\/site\/quaest-ve-queda-de-braco-lula-x-flavio\/","og_locale":"pt_BR","og_type":"article","og_title":"Quaest v\u00ea queda de bra\u00e7o Lula x Fl\u00e1vio - Notibras","og_description":"A pouco mais de um m\u00eas das elei\u00e7\u00f5es, a disputa pelo Pal\u00e1cio do Planalto ganha contornos de uma verdadeira queda de bra\u00e7o. Pesquisa Quaest divulgada nesta quarta-feira (2) mostra o presidente Luiz In\u00e1cio Lula da Silva (PT) e o senador Fl\u00e1vio Bolsonaro (PL) separados por apenas um ponto percentual em uma eventual disputa de segundo [&hellip;]","og_url":"https:\/\/www.notibras.com\/site\/quaest-ve-queda-de-braco-lula-x-flavio\/","og_site_name":"Notibras","article_publisher":"https:\/\/www.facebook.com\/notibras\/","article_published_time":"2026-09-02T13:38:33+00:00","article_modified_time":"2026-09-02T17:14:48+00:00","og_image":[{"width":770,"height":462,"url":"https:\/\/www.notibras.com\/site\/wp-content\/uploads\/2023\/07\/10052023-retirada-das-grades-do-palcio-do-planalto_52887561341_o.jpg","type":"image\/jpeg"}],"author":"Reda\u00e7\u00e3o","twitter_card":"summary_large_image","twitter_creator":"@Notibras","twitter_site":"@Notibras","twitter_misc":{"Escrito por":"Reda\u00e7\u00e3o","Est. tempo de leitura":"4 minutos"},"schema":{"@context":"https:\/\/schema.org","@graph":[{"@type":"Article","@id":"https:\/\/www.notibras.com\/site\/quaest-ve-queda-de-braco-lula-x-flavio\/#article","isPartOf":{"@id":"https:\/\/www.notibras.com\/site\/quaest-ve-queda-de-braco-lula-x-flavio\/"},"author":{"name":"Reda\u00e7\u00e3o","@id":"https:\/\/www.notibras.com\/site\/#\/schema\/person\/36ab0979449956132d3e5b517ea76ac8"},"headline":"Quaest v\u00ea queda de bra\u00e7o Lula x Fl\u00e1vio","datePublished":"2026-09-02T13:38:33+00:00","dateModified":"2026-09-02T17:14:48+00:00","mainEntityOfPage":{"@id":"https:\/\/www.notibras.com\/site\/quaest-ve-queda-de-braco-lula-x-flavio\/"},"wordCount":566,"publisher":{"@id":"https:\/\/www.notibras.com\/site\/#organization"},"image":{"@id":"https:\/\/www.notibras.com\/site\/quaest-ve-queda-de-braco-lula-x-flavio\/#primaryimage"},"thumbnailUrl":"https:\/\/www.notibras.com\/site\/wp-content\/uploads\/2023\/07\/10052023-retirada-das-grades-do-palcio-do-planalto_52887561341_o.jpg","keywords":["capa"],"articleSection":["Brasil"],"inLanguage":"pt-BR"},{"@type":"WebPage","@id":"https:\/\/www.notibras.com\/site\/quaest-ve-queda-de-braco-lula-x-flavio\/","url":"https:\/\/www.notibras.com\/site\/quaest-ve-queda-de-braco-lula-x-flavio\/","name":"Quaest v\u00ea queda de bra\u00e7o Lula x Fl\u00e1vio - Notibras","isPartOf":{"@id":"https:\/\/www.notibras.com\/site\/#website"},"primaryImageOfPage":{"@id":"https:\/\/www.notibras.com\/site\/quaest-ve-queda-de-braco-lula-x-flavio\/#primaryimage"},"image":{"@id":"https:\/\/www.notibras.com\/site\/quaest-ve-queda-de-braco-lula-x-flavio\/#primaryimage"},"thumbnailUrl":"https:\/\/www.notibras.com\/site\/wp-content\/uploads\/2023\/07\/10052023-retirada-das-grades-do-palcio-do-planalto_52887561341_o.jpg","datePublished":"2026-09-02T13:38:33+00:00","dateModified":"2026-09-02T17:14:48+00:00","breadcrumb":{"@id":"https:\/\/www.notibras.com\/site\/quaest-ve-queda-de-braco-lula-x-flavio\/#breadcrumb"},"inLanguage":"pt-BR","potentialAction":[{"@type":"ReadAction","target":["https:\/\/www.notibras.com\/site\/quaest-ve-queda-de-braco-lula-x-flavio\/"]}]},{"@type":"ImageObject","inLanguage":"pt-BR","@id":"https:\/\/www.notibras.com\/site\/quaest-ve-queda-de-braco-lula-x-flavio\/#primaryimage","url":"https:\/\/www.notibras.com\/site\/wp-content\/uploads\/2023\/07\/10052023-retirada-das-grades-do-palcio-do-planalto_52887561341_o.jpg","contentUrl":"https:\/\/www.notibras.com\/site\/wp-content\/uploads\/2023\/07\/10052023-retirada-das-grades-do-palcio-do-planalto_52887561341_o.jpg","width":770,"height":462,"caption":"Bras\u00edlia (DF), 10.05.2023 - Presidente da Rep\u00fablica, Luiz In\u00e1cio Lula da Silva, desce a rampa do Pal\u00e1cio do Planalto para acompanhar a retirada das grades de seguran\u00e7a e vai ao encontro de simpatizantes. Foto: Ricardo Stuckert\/PR"},{"@type":"BreadcrumbList","@id":"https:\/\/www.notibras.com\/site\/quaest-ve-queda-de-braco-lula-x-flavio\/#breadcrumb","itemListElement":[{"@type":"ListItem","position":1,"name":"In\u00edcio","item":"https:\/\/www.notibras.com\/site\/"},{"@type":"ListItem","position":2,"name":"Quaest v\u00ea queda de bra\u00e7o Lula x Fl\u00e1vio"}]},{"@type":"WebSite","@id":"https:\/\/www.notibras.com\/site\/#website","url":"https:\/\/www.notibras.com\/site\/","name":"Notibras","description":"Not\u00edcias de Bras\u00edlia, do Brasil e do Mundo","publisher":{"@id":"https:\/\/www.notibras.com\/site\/#organization"},"potentialAction":[{"@type":"SearchAction","target":{"@type":"EntryPoint","urlTemplate":"https:\/\/www.notibras.com\/site\/?s={search_term_string}"},"query-input":{"@type":"PropertyValueSpecification","valueRequired":true,"valueName":"search_term_string"}}],"inLanguage":"pt-BR"},{"@type":"Organization","@id":"https:\/\/www.notibras.com\/site\/#organization","name":"Grupo Notibras de Comunica\u00e7\u00e3o","url":"https:\/\/www.notibras.com\/site\/","logo":{"@type":"ImageObject","inLanguage":"pt-BR","@id":"https:\/\/www.notibras.com\/site\/#\/schema\/logo\/image\/","url":"https:\/\/www.notibras.com\/site\/wp-content\/uploads\/2023\/01\/notibras23.png","contentUrl":"https:\/\/www.notibras.com\/site\/wp-content\/uploads\/2023\/01\/notibras23.png","width":350,"height":87,"caption":"Grupo Notibras de Comunica\u00e7\u00e3o"},"image":{"@id":"https:\/\/www.notibras.com\/site\/#\/schema\/logo\/image\/"},"sameAs":["https:\/\/www.facebook.com\/notibras\/","https:\/\/x.com\/Notibras","https:\/\/www.instagram.com\/notibras\/"]},{"@type":"Person","@id":"https:\/\/www.notibras.com\/site\/#\/schema\/person\/36ab0979449956132d3e5b517ea76ac8","name":"Reda\u00e7\u00e3o","image":{"@type":"ImageObject","inLanguage":"pt-BR","@id":"https:\/\/secure.gravatar.com\/avatar\/e0a867bdedb85fd243eadf09663511f96fc81e0720a4a42581f334ad4303aa6b?s=96&d=mm&r=g","url":"https:\/\/secure.gravatar.com\/avatar\/e0a867bdedb85fd243eadf09663511f96fc81e0720a4a42581f334ad4303aa6b?s=96&d=mm&r=g","contentUrl":"https:\/\/secure.gravatar.com\/avatar\/e0a867bdedb85fd243eadf09663511f96fc81e0720a4a42581f334ad4303aa6b?s=96&d=mm&r=g","caption":"Reda\u00e7\u00e3o"}}]}},"_links":{"self":[{"href":"https:\/\/www.notibras.com\/site\/wp-json\/wp\/v2\/posts\/409013","targetHints":{"allow":["GET"]}}],"collection":[{"href":"https:\/\/www.notibras.com\/site\/wp-json\/wp\/v2\/posts"}],"about":[{"href":"https:\/\/www.notibras.com\/site\/wp-json\/wp\/v2\/types\/post"}],"author":[{"embeddable":true,"href":"https:\/\/www.notibras.com\/site\/wp-json\/wp\/v2\/users\/2"}],"replies":[{"embeddable":true,"href":"https:\/\/www.notibras.com\/site\/wp-json\/wp\/v2\/comments?post=409013"}],"version-history":[{"count":3,"href":"https:\/\/www.notibras.com\/site\/wp-json\/wp\/v2\/posts\/409013\/revisions"}],"predecessor-version":[{"id":409016,"href":"https:\/\/www.notibras.com\/site\/wp-json\/wp\/v2\/posts\/409013\/revisions\/409016"}],"wp:featuredmedia":[{"embeddable":true,"href":"https:\/\/www.notibras.com\/site\/wp-json\/wp\/v2\/media\/309645"}],"wp:attachment":[{"href":"https:\/\/www.notibras.com\/site\/wp-json\/wp\/v2\/media?parent=409013"}],"wp:term":[{"taxonomy":"category","embeddable":true,"href":"https:\/\/www.notibras.com\/site\/wp-json\/wp\/v2\/categories?post=409013"},{"taxonomy":"post_tag","embeddable":true,"href":"https:\/\/www.notibras.com\/site\/wp-json\/wp\/v2\/tags?post=409013"},{"taxonomy":"tmauthors","embeddable":true,"href":"https:\/\/www.notibras.com\/site\/wp-json\/wp\/v2\/tmauthors?post=409013"}],"curies":[{"name":"wp","href":"https:\/\/api.w.org\/{rel}","templated":true}]}}