{"id":409047,"date":"2026-09-03T00:45:28","date_gmt":"2026-09-03T03:45:28","guid":{"rendered":"https:\/\/www.notibras.com\/site\/?p=409047"},"modified":"2026-09-02T21:03:30","modified_gmt":"2026-09-03T00:03:30","slug":"passageiros-com-voos-marcados-para-domingo-6-devem-chegar-mais-cedo","status":"publish","type":"post","link":"https:\/\/www.notibras.com\/site\/passageiros-com-voos-marcados-para-domingo-6-devem-chegar-mais-cedo\/","title":{"rendered":"Passageiros com voos marcados para domingo (6) devem chegar mais cedo"},"content":{"rendered":"<p>Passageiros com voos programados para este domingo (6), no Aeroporto Internacional de Bras\u00edlia, devem planejar o deslocamento com anteced\u00eancia e chegar ao terminal mais de tr\u00eas horas antes do hor\u00e1rio previsto para a partida. A recomenda\u00e7\u00e3o \u00e9 excepcional para o domingo e considera o aumento esperado no fluxo de ve\u00edculos nas vias de acesso ao aeroporto e \u00e0 Base A\u00e9rea de Bras\u00edlia, onde ser\u00e1 realizado, das 9h \u00e0s 17h, o Bras\u00edlia Air Show 2026.<\/p>\n<p>Para reduzir impactos na circula\u00e7\u00e3o e organizar o acesso \u00e0 regi\u00e3o, foi estruturada uma opera\u00e7\u00e3o integrada com participa\u00e7\u00e3o de \u00f3rg\u00e3os de seguran\u00e7a p\u00fablica, tr\u00e2nsito, mobilidade, fiscaliza\u00e7\u00e3o e demais institui\u00e7\u00f5es envolvidas<\/p>\n<p><strong>Passageiros<\/strong><\/p>\n<p>Quem tiver voo marcado para domingo deve considerar o impacto do Bras\u00edlia Air Show no tr\u00e2nsito da regi\u00e3o. A recomenda\u00e7\u00e3o \u00e9 planejar a sa\u00edda de casa com anteced\u00eancia e chegar ao Aeroporto Internacional de Bras\u00edlia mais de tr\u00eas horas antes do hor\u00e1rio previsto para o embarque. A orienta\u00e7\u00e3o \u00e9 espec\u00edfica para o dia do evento e considera o aumento esperado no fluxo de ve\u00edculos nas imedia\u00e7\u00f5es da Base A\u00e9rea e do terminal aeroportu\u00e1rio.<\/p>\n<p>Passageiros que precisarem de informa\u00e7\u00f5es sobre acesso e circula\u00e7\u00e3o na \u00e1rea interna do aeroporto devem consultar os canais de atendimento da administradora do terminal.<\/p>\n<p><strong>Acesso ao evento<\/strong><\/p>\n<p>O acesso \u00e0 Base A\u00e9rea dever\u00e1 ser feito pela via marginal da DF-047, no trecho pr\u00f3ximo \u00e0s concession\u00e1rias. Equipes de for\u00e7as de seguran\u00e7a p\u00fablica atuar\u00e3o no entorno da Base A\u00e9rea e do Aeroporto Internacional de Bras\u00edlia. Pain\u00e9is de mensagens vari\u00e1veis ser\u00e3o utilizados nas vias pr\u00f3ximas ao aeroporto para orientar os motoristas sobre acessos, altera\u00e7\u00f5es na circula\u00e7\u00e3o e condi\u00e7\u00f5es do tr\u00e2nsito.<\/p>\n<p>Durante o evento, poder\u00e3o ocorrer mudan\u00e7as tempor\u00e1rias no tr\u00e1fego de acordo com o fluxo de ve\u00edculos e as necessidades operacionais. Por isso, os condutores devem respeitar a sinaliza\u00e7\u00e3o e seguir as orienta\u00e7\u00f5es dos agentes de tr\u00e2nsito. Tamb\u00e9m poder\u00e3o ocorrer reten\u00e7\u00f5es nos per\u00edodos de maior movimento.<\/p>\n<p><strong>Transporte p\u00fablico<\/strong><\/p>\n<p>Para facilitar o deslocamento do p\u00fablico, ser\u00e3o disponibilizadas, conforme a demanda, duas linhas de \u00f4nibus espec\u00edficas para o evento, com sa\u00eddas da Rodovi\u00e1ria de Bras\u00edlia e do Terminal Rodovi\u00e1rio da Asa Sul. Os pontos de \u00f4nibus localizados nas proximidades da Base A\u00e9rea e do Aeroporto Internacional de Bras\u00edlia tamb\u00e9m poder\u00e3o ser utilizados.<\/p>\n<p>A orienta\u00e7\u00e3o \u00e9 priorizar o transporte coletivo sempre que poss\u00edvel, reduzindo o volume de ve\u00edculos particulares nas vias de acesso.<\/p>\n<p><strong>Itens e condutas proibidos<\/strong><\/p>\n<p>O p\u00fablico dever\u00e1 observar as orienta\u00e7\u00f5es das equipes de seguran\u00e7a, dos \u00f3rg\u00e3os p\u00fablicos e da organiza\u00e7\u00e3o do evento. N\u00e3o ser\u00e1 permitido o acesso com armas, objetos que possam ser utilizados como armas, garrafas de vidro, latas ou recipientes semelhantes. Tamb\u00e9m n\u00e3o poder\u00e3o ingressar no local ve\u00edculos com identifica\u00e7\u00e3o de propaganda pol\u00edtica. O uso de drones e outros equipamentos de voo n\u00e3o autorizados estar\u00e1 proibido na regi\u00e3o do evento.<\/p>\n<p>Crian\u00e7as e adolescentes dever\u00e3o permanecer acompanhados e sob supervis\u00e3o durante toda a perman\u00eancia no local.<\/p>\n","protected":false},"excerpt":{"rendered":"<p>Passageiros com voos programados para este domingo (6), no Aeroporto Internacional de Bras\u00edlia, devem planejar o deslocamento com anteced\u00eancia e chegar ao terminal mais de tr\u00eas horas antes do hor\u00e1rio previsto para a partida. A recomenda\u00e7\u00e3o \u00e9 excepcional para o domingo e considera o aumento esperado no fluxo de ve\u00edculos nas vias de acesso ao [&hellip;]<\/p>\n","protected":false},"author":21,"featured_media":409048,"comment_status":"closed","ping_status":"closed","sticky":false,"template":"","format":"standard","meta":{"_acf_changed":false,"footnotes":""},"categories":[161],"tags":[],"tmauthors":[306],"class_list":["post-409047","post","type-post","status-publish","format-standard","has-post-thumbnail","category-quadradinho-em-foco"],"acf":[],"yoast_head":"<!-- This site is optimized with the Yoast SEO plugin v28.0 - https:\/\/yoast.com\/product\/yoast-seo-wordpress\/ -->\n<title>Passageiros com voos marcados para domingo (6) devem chegar mais cedo - Notibras<\/title>\n<meta name=\"robots\" content=\"index, follow, max-snippet:-1, max-image-preview:large, max-video-preview:-1\" \/>\n<link rel=\"canonical\" href=\"https:\/\/www.notibras.com\/site\/passageiros-com-voos-marcados-para-domingo-6-devem-chegar-mais-cedo\/\" \/>\n<meta property=\"og:locale\" content=\"pt_BR\" \/>\n<meta property=\"og:type\" content=\"article\" \/>\n<meta property=\"og:title\" content=\"Passageiros com voos marcados para domingo (6) devem chegar mais cedo - Notibras\" \/>\n<meta property=\"og:description\" content=\"Passageiros com voos programados para este domingo (6), no Aeroporto Internacional de Bras\u00edlia, devem planejar o deslocamento com anteced\u00eancia e chegar ao terminal mais de tr\u00eas horas antes do hor\u00e1rio previsto para a partida. A recomenda\u00e7\u00e3o \u00e9 excepcional para o domingo e considera o aumento esperado no fluxo de ve\u00edculos nas vias de acesso ao [&hellip;]\" \/>\n<meta property=\"og:url\" content=\"https:\/\/www.notibras.com\/site\/passageiros-com-voos-marcados-para-domingo-6-devem-chegar-mais-cedo\/\" \/>\n<meta property=\"og:site_name\" content=\"Notibras\" \/>\n<meta property=\"article:publisher\" content=\"https:\/\/www.facebook.com\/notibras\/\" \/>\n<meta property=\"article:published_time\" content=\"2026-09-03T03:45:28+00:00\" \/>\n<meta property=\"og:image\" content=\"https:\/\/www.notibras.com\/site\/wp-content\/uploads\/2026\/09\/WhatsApp-Image-2026-09-02-at-15.10.28-1.jpeg\" \/>\n\t<meta property=\"og:image:width\" content=\"1600\" \/>\n\t<meta property=\"og:image:height\" content=\"1067\" \/>\n\t<meta property=\"og:image:type\" content=\"image\/jpeg\" \/>\n<meta name=\"author\" content=\"Eduardo Mart\u00ednez\" \/>\n<meta name=\"twitter:card\" content=\"summary_large_image\" \/>\n<meta name=\"twitter:creator\" content=\"@Notibras\" \/>\n<meta name=\"twitter:site\" content=\"@Notibras\" \/>\n<meta name=\"twitter:label1\" content=\"Escrito por\" \/>\n\t<meta name=\"twitter:data1\" content=\"Eduardo Mart\u00ednez\" \/>\n\t<meta name=\"twitter:label2\" content=\"Est. tempo de leitura\" \/>\n\t<meta name=\"twitter:data2\" content=\"3 minutos\" \/>\n<script type=\"application\/ld+json\" class=\"yoast-schema-graph\">{\"@context\":\"https:\\\/\\\/schema.org\",\"@graph\":[{\"@type\":\"Article\",\"@id\":\"https:\\\/\\\/www.notibras.com\\\/site\\\/passageiros-com-voos-marcados-para-domingo-6-devem-chegar-mais-cedo\\\/#article\",\"isPartOf\":{\"@id\":\"https:\\\/\\\/www.notibras.com\\\/site\\\/passageiros-com-voos-marcados-para-domingo-6-devem-chegar-mais-cedo\\\/\"},\"author\":{\"name\":\"Eduardo Mart\u00ednez\",\"@id\":\"https:\\\/\\\/www.notibras.com\\\/site\\\/#\\\/schema\\\/person\\\/5b7fabf2aedc3ada2105f03b22b4d3dd\"},\"headline\":\"Passageiros com voos marcados para domingo (6) devem chegar mais cedo\",\"datePublished\":\"2026-09-03T03:45:28+00:00\",\"mainEntityOfPage\":{\"@id\":\"https:\\\/\\\/www.notibras.com\\\/site\\\/passageiros-com-voos-marcados-para-domingo-6-devem-chegar-mais-cedo\\\/\"},\"wordCount\":571,\"publisher\":{\"@id\":\"https:\\\/\\\/www.notibras.com\\\/site\\\/#organization\"},\"image\":{\"@id\":\"https:\\\/\\\/www.notibras.com\\\/site\\\/passageiros-com-voos-marcados-para-domingo-6-devem-chegar-mais-cedo\\\/#primaryimage\"},\"thumbnailUrl\":\"https:\\\/\\\/www.notibras.com\\\/site\\\/wp-content\\\/uploads\\\/2026\\\/09\\\/WhatsApp-Image-2026-09-02-at-15.10.28-1.jpeg\",\"articleSection\":[\"Quadradinho em Foco\"],\"inLanguage\":\"pt-BR\"},{\"@type\":\"WebPage\",\"@id\":\"https:\\\/\\\/www.notibras.com\\\/site\\\/passageiros-com-voos-marcados-para-domingo-6-devem-chegar-mais-cedo\\\/\",\"url\":\"https:\\\/\\\/www.notibras.com\\\/site\\\/passageiros-com-voos-marcados-para-domingo-6-devem-chegar-mais-cedo\\\/\",\"name\":\"Passageiros com voos marcados para domingo (6) devem chegar mais cedo - Notibras\",\"isPartOf\":{\"@id\":\"https:\\\/\\\/www.notibras.com\\\/site\\\/#website\"},\"primaryImageOfPage\":{\"@id\":\"https:\\\/\\\/www.notibras.com\\\/site\\\/passageiros-com-voos-marcados-para-domingo-6-devem-chegar-mais-cedo\\\/#primaryimage\"},\"image\":{\"@id\":\"https:\\\/\\\/www.notibras.com\\\/site\\\/passageiros-com-voos-marcados-para-domingo-6-devem-chegar-mais-cedo\\\/#primaryimage\"},\"thumbnailUrl\":\"https:\\\/\\\/www.notibras.com\\\/site\\\/wp-content\\\/uploads\\\/2026\\\/09\\\/WhatsApp-Image-2026-09-02-at-15.10.28-1.jpeg\",\"datePublished\":\"2026-09-03T03:45:28+00:00\",\"breadcrumb\":{\"@id\":\"https:\\\/\\\/www.notibras.com\\\/site\\\/passageiros-com-voos-marcados-para-domingo-6-devem-chegar-mais-cedo\\\/#breadcrumb\"},\"inLanguage\":\"pt-BR\",\"potentialAction\":[{\"@type\":\"ReadAction\",\"target\":[\"https:\\\/\\\/www.notibras.com\\\/site\\\/passageiros-com-voos-marcados-para-domingo-6-devem-chegar-mais-cedo\\\/\"]}]},{\"@type\":\"ImageObject\",\"inLanguage\":\"pt-BR\",\"@id\":\"https:\\\/\\\/www.notibras.com\\\/site\\\/passageiros-com-voos-marcados-para-domingo-6-devem-chegar-mais-cedo\\\/#primaryimage\",\"url\":\"https:\\\/\\\/www.notibras.com\\\/site\\\/wp-content\\\/uploads\\\/2026\\\/09\\\/WhatsApp-Image-2026-09-02-at-15.10.28-1.jpeg\",\"contentUrl\":\"https:\\\/\\\/www.notibras.com\\\/site\\\/wp-content\\\/uploads\\\/2026\\\/09\\\/WhatsApp-Image-2026-09-02-at-15.10.28-1.jpeg\",\"width\":1600,\"height\":1067},{\"@type\":\"BreadcrumbList\",\"@id\":\"https:\\\/\\\/www.notibras.com\\\/site\\\/passageiros-com-voos-marcados-para-domingo-6-devem-chegar-mais-cedo\\\/#breadcrumb\",\"itemListElement\":[{\"@type\":\"ListItem\",\"position\":1,\"name\":\"In\u00edcio\",\"item\":\"https:\\\/\\\/www.notibras.com\\\/site\\\/\"},{\"@type\":\"ListItem\",\"position\":2,\"name\":\"Passageiros com voos marcados para domingo (6) devem chegar mais cedo\"}]},{\"@type\":\"WebSite\",\"@id\":\"https:\\\/\\\/www.notibras.com\\\/site\\\/#website\",\"url\":\"https:\\\/\\\/www.notibras.com\\\/site\\\/\",\"name\":\"Notibras\",\"description\":\"Not\u00edcias de Bras\u00edlia, do Brasil e do Mundo\",\"publisher\":{\"@id\":\"https:\\\/\\\/www.notibras.com\\\/site\\\/#organization\"},\"potentialAction\":[{\"@type\":\"SearchAction\",\"target\":{\"@type\":\"EntryPoint\",\"urlTemplate\":\"https:\\\/\\\/www.notibras.com\\\/site\\\/?s={search_term_string}\"},\"query-input\":{\"@type\":\"PropertyValueSpecification\",\"valueRequired\":true,\"valueName\":\"search_term_string\"}}],\"inLanguage\":\"pt-BR\"},{\"@type\":\"Organization\",\"@id\":\"https:\\\/\\\/www.notibras.com\\\/site\\\/#organization\",\"name\":\"Grupo Notibras de Comunica\u00e7\u00e3o\",\"url\":\"https:\\\/\\\/www.notibras.com\\\/site\\\/\",\"logo\":{\"@type\":\"ImageObject\",\"inLanguage\":\"pt-BR\",\"@id\":\"https:\\\/\\\/www.notibras.com\\\/site\\\/#\\\/schema\\\/logo\\\/image\\\/\",\"url\":\"https:\\\/\\\/www.notibras.com\\\/site\\\/wp-content\\\/uploads\\\/2023\\\/01\\\/notibras23.png\",\"contentUrl\":\"https:\\\/\\\/www.notibras.com\\\/site\\\/wp-content\\\/uploads\\\/2023\\\/01\\\/notibras23.png\",\"width\":350,\"height\":87,\"caption\":\"Grupo Notibras de Comunica\u00e7\u00e3o\"},\"image\":{\"@id\":\"https:\\\/\\\/www.notibras.com\\\/site\\\/#\\\/schema\\\/logo\\\/image\\\/\"},\"sameAs\":[\"https:\\\/\\\/www.facebook.com\\\/notibras\\\/\",\"https:\\\/\\\/x.com\\\/Notibras\",\"https:\\\/\\\/www.instagram.com\\\/notibras\\\/\"]},{\"@type\":\"Person\",\"@id\":\"https:\\\/\\\/www.notibras.com\\\/site\\\/#\\\/schema\\\/person\\\/5b7fabf2aedc3ada2105f03b22b4d3dd\",\"name\":\"Eduardo Mart\u00ednez\",\"image\":{\"@type\":\"ImageObject\",\"inLanguage\":\"pt-BR\",\"@id\":\"https:\\\/\\\/secure.gravatar.com\\\/avatar\\\/7902f906289926289cbcda644b5197c796b893c6ffd7b9a536a42d290f7704a0?s=96&d=mm&r=g\",\"url\":\"https:\\\/\\\/secure.gravatar.com\\\/avatar\\\/7902f906289926289cbcda644b5197c796b893c6ffd7b9a536a42d290f7704a0?s=96&d=mm&r=g\",\"contentUrl\":\"https:\\\/\\\/secure.gravatar.com\\\/avatar\\\/7902f906289926289cbcda644b5197c796b893c6ffd7b9a536a42d290f7704a0?s=96&d=mm&r=g\",\"caption\":\"Eduardo Mart\u00ednez\"}}]}<\/script>\n<!-- \/ Yoast SEO plugin. -->","yoast_head_json":{"title":"Passageiros com voos marcados para domingo (6) devem chegar mais cedo - Notibras","robots":{"index":"index","follow":"follow","max-snippet":"max-snippet:-1","max-image-preview":"max-image-preview:large","max-video-preview":"max-video-preview:-1"},"canonical":"https:\/\/www.notibras.com\/site\/passageiros-com-voos-marcados-para-domingo-6-devem-chegar-mais-cedo\/","og_locale":"pt_BR","og_type":"article","og_title":"Passageiros com voos marcados para domingo (6) devem chegar mais cedo - Notibras","og_description":"Passageiros com voos programados para este domingo (6), no Aeroporto Internacional de Bras\u00edlia, devem planejar o deslocamento com anteced\u00eancia e chegar ao terminal mais de tr\u00eas horas antes do hor\u00e1rio previsto para a partida. A recomenda\u00e7\u00e3o \u00e9 excepcional para o domingo e considera o aumento esperado no fluxo de ve\u00edculos nas vias de acesso ao [&hellip;]","og_url":"https:\/\/www.notibras.com\/site\/passageiros-com-voos-marcados-para-domingo-6-devem-chegar-mais-cedo\/","og_site_name":"Notibras","article_publisher":"https:\/\/www.facebook.com\/notibras\/","article_published_time":"2026-09-03T03:45:28+00:00","og_image":[{"width":1600,"height":1067,"url":"https:\/\/www.notibras.com\/site\/wp-content\/uploads\/2026\/09\/WhatsApp-Image-2026-09-02-at-15.10.28-1.jpeg","type":"image\/jpeg"}],"author":"Eduardo Mart\u00ednez","twitter_card":"summary_large_image","twitter_creator":"@Notibras","twitter_site":"@Notibras","twitter_misc":{"Escrito por":"Eduardo Mart\u00ednez","Est. tempo de leitura":"3 minutos"},"schema":{"@context":"https:\/\/schema.org","@graph":[{"@type":"Article","@id":"https:\/\/www.notibras.com\/site\/passageiros-com-voos-marcados-para-domingo-6-devem-chegar-mais-cedo\/#article","isPartOf":{"@id":"https:\/\/www.notibras.com\/site\/passageiros-com-voos-marcados-para-domingo-6-devem-chegar-mais-cedo\/"},"author":{"name":"Eduardo Mart\u00ednez","@id":"https:\/\/www.notibras.com\/site\/#\/schema\/person\/5b7fabf2aedc3ada2105f03b22b4d3dd"},"headline":"Passageiros com voos marcados para domingo (6) devem chegar mais cedo","datePublished":"2026-09-03T03:45:28+00:00","mainEntityOfPage":{"@id":"https:\/\/www.notibras.com\/site\/passageiros-com-voos-marcados-para-domingo-6-devem-chegar-mais-cedo\/"},"wordCount":571,"publisher":{"@id":"https:\/\/www.notibras.com\/site\/#organization"},"image":{"@id":"https:\/\/www.notibras.com\/site\/passageiros-com-voos-marcados-para-domingo-6-devem-chegar-mais-cedo\/#primaryimage"},"thumbnailUrl":"https:\/\/www.notibras.com\/site\/wp-content\/uploads\/2026\/09\/WhatsApp-Image-2026-09-02-at-15.10.28-1.jpeg","articleSection":["Quadradinho em Foco"],"inLanguage":"pt-BR"},{"@type":"WebPage","@id":"https:\/\/www.notibras.com\/site\/passageiros-com-voos-marcados-para-domingo-6-devem-chegar-mais-cedo\/","url":"https:\/\/www.notibras.com\/site\/passageiros-com-voos-marcados-para-domingo-6-devem-chegar-mais-cedo\/","name":"Passageiros com voos marcados para domingo (6) devem chegar mais cedo - Notibras","isPartOf":{"@id":"https:\/\/www.notibras.com\/site\/#website"},"primaryImageOfPage":{"@id":"https:\/\/www.notibras.com\/site\/passageiros-com-voos-marcados-para-domingo-6-devem-chegar-mais-cedo\/#primaryimage"},"image":{"@id":"https:\/\/www.notibras.com\/site\/passageiros-com-voos-marcados-para-domingo-6-devem-chegar-mais-cedo\/#primaryimage"},"thumbnailUrl":"https:\/\/www.notibras.com\/site\/wp-content\/uploads\/2026\/09\/WhatsApp-Image-2026-09-02-at-15.10.28-1.jpeg","datePublished":"2026-09-03T03:45:28+00:00","breadcrumb":{"@id":"https:\/\/www.notibras.com\/site\/passageiros-com-voos-marcados-para-domingo-6-devem-chegar-mais-cedo\/#breadcrumb"},"inLanguage":"pt-BR","potentialAction":[{"@type":"ReadAction","target":["https:\/\/www.notibras.com\/site\/passageiros-com-voos-marcados-para-domingo-6-devem-chegar-mais-cedo\/"]}]},{"@type":"ImageObject","inLanguage":"pt-BR","@id":"https:\/\/www.notibras.com\/site\/passageiros-com-voos-marcados-para-domingo-6-devem-chegar-mais-cedo\/#primaryimage","url":"https:\/\/www.notibras.com\/site\/wp-content\/uploads\/2026\/09\/WhatsApp-Image-2026-09-02-at-15.10.28-1.jpeg","contentUrl":"https:\/\/www.notibras.com\/site\/wp-content\/uploads\/2026\/09\/WhatsApp-Image-2026-09-02-at-15.10.28-1.jpeg","width":1600,"height":1067},{"@type":"BreadcrumbList","@id":"https:\/\/www.notibras.com\/site\/passageiros-com-voos-marcados-para-domingo-6-devem-chegar-mais-cedo\/#breadcrumb","itemListElement":[{"@type":"ListItem","position":1,"name":"In\u00edcio","item":"https:\/\/www.notibras.com\/site\/"},{"@type":"ListItem","position":2,"name":"Passageiros com voos marcados para domingo (6) devem chegar mais cedo"}]},{"@type":"WebSite","@id":"https:\/\/www.notibras.com\/site\/#website","url":"https:\/\/www.notibras.com\/site\/","name":"Notibras","description":"Not\u00edcias de Bras\u00edlia, do Brasil e do Mundo","publisher":{"@id":"https:\/\/www.notibras.com\/site\/#organization"},"potentialAction":[{"@type":"SearchAction","target":{"@type":"EntryPoint","urlTemplate":"https:\/\/www.notibras.com\/site\/?s={search_term_string}"},"query-input":{"@type":"PropertyValueSpecification","valueRequired":true,"valueName":"search_term_string"}}],"inLanguage":"pt-BR"},{"@type":"Organization","@id":"https:\/\/www.notibras.com\/site\/#organization","name":"Grupo Notibras de Comunica\u00e7\u00e3o","url":"https:\/\/www.notibras.com\/site\/","logo":{"@type":"ImageObject","inLanguage":"pt-BR","@id":"https:\/\/www.notibras.com\/site\/#\/schema\/logo\/image\/","url":"https:\/\/www.notibras.com\/site\/wp-content\/uploads\/2023\/01\/notibras23.png","contentUrl":"https:\/\/www.notibras.com\/site\/wp-content\/uploads\/2023\/01\/notibras23.png","width":350,"height":87,"caption":"Grupo Notibras de Comunica\u00e7\u00e3o"},"image":{"@id":"https:\/\/www.notibras.com\/site\/#\/schema\/logo\/image\/"},"sameAs":["https:\/\/www.facebook.com\/notibras\/","https:\/\/x.com\/Notibras","https:\/\/www.instagram.com\/notibras\/"]},{"@type":"Person","@id":"https:\/\/www.notibras.com\/site\/#\/schema\/person\/5b7fabf2aedc3ada2105f03b22b4d3dd","name":"Eduardo Mart\u00ednez","image":{"@type":"ImageObject","inLanguage":"pt-BR","@id":"https:\/\/secure.gravatar.com\/avatar\/7902f906289926289cbcda644b5197c796b893c6ffd7b9a536a42d290f7704a0?s=96&d=mm&r=g","url":"https:\/\/secure.gravatar.com\/avatar\/7902f906289926289cbcda644b5197c796b893c6ffd7b9a536a42d290f7704a0?s=96&d=mm&r=g","contentUrl":"https:\/\/secure.gravatar.com\/avatar\/7902f906289926289cbcda644b5197c796b893c6ffd7b9a536a42d290f7704a0?s=96&d=mm&r=g","caption":"Eduardo Mart\u00ednez"}}]}},"_links":{"self":[{"href":"https:\/\/www.notibras.com\/site\/wp-json\/wp\/v2\/posts\/409047","targetHints":{"allow":["GET"]}}],"collection":[{"href":"https:\/\/www.notibras.com\/site\/wp-json\/wp\/v2\/posts"}],"about":[{"href":"https:\/\/www.notibras.com\/site\/wp-json\/wp\/v2\/types\/post"}],"author":[{"embeddable":true,"href":"https:\/\/www.notibras.com\/site\/wp-json\/wp\/v2\/users\/21"}],"replies":[{"embeddable":true,"href":"https:\/\/www.notibras.com\/site\/wp-json\/wp\/v2\/comments?post=409047"}],"version-history":[{"count":1,"href":"https:\/\/www.notibras.com\/site\/wp-json\/wp\/v2\/posts\/409047\/revisions"}],"predecessor-version":[{"id":409049,"href":"https:\/\/www.notibras.com\/site\/wp-json\/wp\/v2\/posts\/409047\/revisions\/409049"}],"wp:featuredmedia":[{"embeddable":true,"href":"https:\/\/www.notibras.com\/site\/wp-json\/wp\/v2\/media\/409048"}],"wp:attachment":[{"href":"https:\/\/www.notibras.com\/site\/wp-json\/wp\/v2\/media?parent=409047"}],"wp:term":[{"taxonomy":"category","embeddable":true,"href":"https:\/\/www.notibras.com\/site\/wp-json\/wp\/v2\/categories?post=409047"},{"taxonomy":"post_tag","embeddable":true,"href":"https:\/\/www.notibras.com\/site\/wp-json\/wp\/v2\/tags?post=409047"},{"taxonomy":"tmauthors","embeddable":true,"href":"https:\/\/www.notibras.com\/site\/wp-json\/wp\/v2\/tmauthors?post=409047"}],"curies":[{"name":"wp","href":"https:\/\/api.w.org\/{rel}","templated":true}]}}