{"id":409050,"date":"2026-09-03T01:00:28","date_gmt":"2026-09-03T04:00:28","guid":{"rendered":"https:\/\/www.notibras.com\/site\/?p=409050"},"modified":"2026-09-02T21:14:40","modified_gmt":"2026-09-03T00:14:40","slug":"festival-e-show-tem-vagas-para-ambulantes","status":"publish","type":"post","link":"https:\/\/www.notibras.com\/site\/festival-e-show-tem-vagas-para-ambulantes\/","title":{"rendered":"Festival e show t\u00eam vagas para ambulantes"},"content":{"rendered":"<div class=\"text-content\">\n<p>Ambulantes v\u00e3o poder se cadastrar na pr\u00f3xima semana para trabalhar no Festival Expomix Brasil e no show Manifesto Henrique e Juliano. Os interessados em obter a licen\u00e7a devem comparecer na pr\u00f3xima ter\u00e7a-feira (8), das 9h \u00e0s 17h, ao audit\u00f3rio do Detran-DF, no SAM, Lote A, Bloco B, Asa Norte, com original e c\u00f3pia de documento pessoal com foto e comprovante de endere\u00e7o em nome do ambulante ou declara\u00e7\u00e3o de resid\u00eancia.<\/p>\n<p>O Festival Expomix Brasil, que ocorrer\u00e1 entre os dias 18 e 20 deste m\u00eas, ter\u00e1 15 vagas para barracas e 30 para caixeiros. J\u00e1 o show sertanejo, marcado para o dia 12, vai oferecer 30 vagas para barracas e 20 para caixeiros.<\/p>\n<p>Caso o n\u00famero de inscri\u00e7\u00f5es seja maior do que a quantidade de vagas ofertadas, ser\u00e1 realizado sorteio pelo aplicativo Sorteio F\u00e1cil, imediatamente ap\u00f3s o t\u00e9rmino do hor\u00e1rio previsto para as inscri\u00e7\u00f5es.<\/p>\n<\/div>\n<div class=\"text-content\">\n<p>A divulga\u00e7\u00e3o dos ambulantes contemplados para os dois eventos ser\u00e1 no dia 9, pela internet. As licen\u00e7as dos habilitados para o show de Henrique e Juliano ser\u00e3o entregues no dia 11, e as do festival no dia 18, na sala 917 do Anexo do Buriti, no per\u00edodo das 9h \u00e0s 17h, quando ser\u00e3o repassadas orienta\u00e7\u00f5es sobre o trabalho nos eventos.<\/p>\n<p>Mais informa\u00e7\u00f5es podem ser conferidas neste\u00a0<a href=\"https:\/\/segov.df.gov.br\/editais-2026\">link<\/a>.<\/p>\n<\/div>\n","protected":false},"excerpt":{"rendered":"<p>Ambulantes v\u00e3o poder se cadastrar na pr\u00f3xima semana para trabalhar no Festival Expomix Brasil e no show Manifesto Henrique e Juliano. Os interessados em obter a licen\u00e7a devem comparecer na pr\u00f3xima ter\u00e7a-feira (8), das 9h \u00e0s 17h, ao audit\u00f3rio do Detran-DF, no SAM, Lote A, Bloco B, Asa Norte, com original e c\u00f3pia de documento [&hellip;]<\/p>\n","protected":false},"author":21,"featured_media":409051,"comment_status":"closed","ping_status":"closed","sticky":false,"template":"","format":"standard","meta":{"_acf_changed":false,"footnotes":""},"categories":[161],"tags":[],"tmauthors":[306],"class_list":["post-409050","post","type-post","status-publish","format-standard","has-post-thumbnail","category-quadradinho-em-foco"],"acf":[],"yoast_head":"<!-- This site is optimized with the Yoast SEO plugin v28.0 - https:\/\/yoast.com\/product\/yoast-seo-wordpress\/ -->\n<title>Festival e show t\u00eam vagas para ambulantes - Notibras<\/title>\n<meta name=\"robots\" content=\"index, follow, max-snippet:-1, max-image-preview:large, max-video-preview:-1\" \/>\n<link rel=\"canonical\" href=\"https:\/\/www.notibras.com\/site\/festival-e-show-tem-vagas-para-ambulantes\/\" \/>\n<meta property=\"og:locale\" content=\"pt_BR\" \/>\n<meta property=\"og:type\" content=\"article\" \/>\n<meta property=\"og:title\" content=\"Festival e show t\u00eam vagas para ambulantes - Notibras\" \/>\n<meta property=\"og:description\" content=\"Ambulantes v\u00e3o poder se cadastrar na pr\u00f3xima semana para trabalhar no Festival Expomix Brasil e no show Manifesto Henrique e Juliano. Os interessados em obter a licen\u00e7a devem comparecer na pr\u00f3xima ter\u00e7a-feira (8), das 9h \u00e0s 17h, ao audit\u00f3rio do Detran-DF, no SAM, Lote A, Bloco B, Asa Norte, com original e c\u00f3pia de documento [&hellip;]\" \/>\n<meta property=\"og:url\" content=\"https:\/\/www.notibras.com\/site\/festival-e-show-tem-vagas-para-ambulantes\/\" \/>\n<meta property=\"og:site_name\" content=\"Notibras\" \/>\n<meta property=\"article:publisher\" content=\"https:\/\/www.facebook.com\/notibras\/\" \/>\n<meta property=\"article:published_time\" content=\"2026-09-03T04:00:28+00:00\" \/>\n<meta property=\"og:image\" content=\"https:\/\/www.notibras.com\/site\/wp-content\/uploads\/2026\/09\/11-novembro-3-scaled.jpg\" \/>\n\t<meta property=\"og:image:width\" content=\"2560\" \/>\n\t<meta property=\"og:image:height\" content=\"1920\" \/>\n\t<meta property=\"og:image:type\" content=\"image\/jpeg\" \/>\n<meta name=\"author\" content=\"Eduardo Mart\u00ednez\" \/>\n<meta name=\"twitter:card\" content=\"summary_large_image\" \/>\n<meta name=\"twitter:creator\" content=\"@Notibras\" \/>\n<meta name=\"twitter:site\" content=\"@Notibras\" \/>\n<meta name=\"twitter:label1\" content=\"Escrito por\" \/>\n\t<meta name=\"twitter:data1\" content=\"Eduardo Mart\u00ednez\" \/>\n\t<meta name=\"twitter:label2\" content=\"Est. tempo de leitura\" \/>\n\t<meta name=\"twitter:data2\" content=\"2 minutos\" \/>\n<script type=\"application\/ld+json\" class=\"yoast-schema-graph\">{\"@context\":\"https:\\\/\\\/schema.org\",\"@graph\":[{\"@type\":\"Article\",\"@id\":\"https:\\\/\\\/www.notibras.com\\\/site\\\/festival-e-show-tem-vagas-para-ambulantes\\\/#article\",\"isPartOf\":{\"@id\":\"https:\\\/\\\/www.notibras.com\\\/site\\\/festival-e-show-tem-vagas-para-ambulantes\\\/\"},\"author\":{\"name\":\"Eduardo Mart\u00ednez\",\"@id\":\"https:\\\/\\\/www.notibras.com\\\/site\\\/#\\\/schema\\\/person\\\/5b7fabf2aedc3ada2105f03b22b4d3dd\"},\"headline\":\"Festival e show t\u00eam vagas para ambulantes\",\"datePublished\":\"2026-09-03T04:00:28+00:00\",\"mainEntityOfPage\":{\"@id\":\"https:\\\/\\\/www.notibras.com\\\/site\\\/festival-e-show-tem-vagas-para-ambulantes\\\/\"},\"wordCount\":231,\"publisher\":{\"@id\":\"https:\\\/\\\/www.notibras.com\\\/site\\\/#organization\"},\"image\":{\"@id\":\"https:\\\/\\\/www.notibras.com\\\/site\\\/festival-e-show-tem-vagas-para-ambulantes\\\/#primaryimage\"},\"thumbnailUrl\":\"https:\\\/\\\/www.notibras.com\\\/site\\\/wp-content\\\/uploads\\\/2026\\\/09\\\/11-novembro-3-scaled.jpg\",\"articleSection\":[\"Quadradinho em Foco\"],\"inLanguage\":\"pt-BR\"},{\"@type\":\"WebPage\",\"@id\":\"https:\\\/\\\/www.notibras.com\\\/site\\\/festival-e-show-tem-vagas-para-ambulantes\\\/\",\"url\":\"https:\\\/\\\/www.notibras.com\\\/site\\\/festival-e-show-tem-vagas-para-ambulantes\\\/\",\"name\":\"Festival e show t\u00eam vagas para ambulantes - Notibras\",\"isPartOf\":{\"@id\":\"https:\\\/\\\/www.notibras.com\\\/site\\\/#website\"},\"primaryImageOfPage\":{\"@id\":\"https:\\\/\\\/www.notibras.com\\\/site\\\/festival-e-show-tem-vagas-para-ambulantes\\\/#primaryimage\"},\"image\":{\"@id\":\"https:\\\/\\\/www.notibras.com\\\/site\\\/festival-e-show-tem-vagas-para-ambulantes\\\/#primaryimage\"},\"thumbnailUrl\":\"https:\\\/\\\/www.notibras.com\\\/site\\\/wp-content\\\/uploads\\\/2026\\\/09\\\/11-novembro-3-scaled.jpg\",\"datePublished\":\"2026-09-03T04:00:28+00:00\",\"breadcrumb\":{\"@id\":\"https:\\\/\\\/www.notibras.com\\\/site\\\/festival-e-show-tem-vagas-para-ambulantes\\\/#breadcrumb\"},\"inLanguage\":\"pt-BR\",\"potentialAction\":[{\"@type\":\"ReadAction\",\"target\":[\"https:\\\/\\\/www.notibras.com\\\/site\\\/festival-e-show-tem-vagas-para-ambulantes\\\/\"]}]},{\"@type\":\"ImageObject\",\"inLanguage\":\"pt-BR\",\"@id\":\"https:\\\/\\\/www.notibras.com\\\/site\\\/festival-e-show-tem-vagas-para-ambulantes\\\/#primaryimage\",\"url\":\"https:\\\/\\\/www.notibras.com\\\/site\\\/wp-content\\\/uploads\\\/2026\\\/09\\\/11-novembro-3-scaled.jpg\",\"contentUrl\":\"https:\\\/\\\/www.notibras.com\\\/site\\\/wp-content\\\/uploads\\\/2026\\\/09\\\/11-novembro-3-scaled.jpg\",\"width\":2560,\"height\":1920},{\"@type\":\"BreadcrumbList\",\"@id\":\"https:\\\/\\\/www.notibras.com\\\/site\\\/festival-e-show-tem-vagas-para-ambulantes\\\/#breadcrumb\",\"itemListElement\":[{\"@type\":\"ListItem\",\"position\":1,\"name\":\"In\u00edcio\",\"item\":\"https:\\\/\\\/www.notibras.com\\\/site\\\/\"},{\"@type\":\"ListItem\",\"position\":2,\"name\":\"Festival e show t\u00eam vagas para ambulantes\"}]},{\"@type\":\"WebSite\",\"@id\":\"https:\\\/\\\/www.notibras.com\\\/site\\\/#website\",\"url\":\"https:\\\/\\\/www.notibras.com\\\/site\\\/\",\"name\":\"Notibras\",\"description\":\"Not\u00edcias de Bras\u00edlia, do Brasil e do Mundo\",\"publisher\":{\"@id\":\"https:\\\/\\\/www.notibras.com\\\/site\\\/#organization\"},\"potentialAction\":[{\"@type\":\"SearchAction\",\"target\":{\"@type\":\"EntryPoint\",\"urlTemplate\":\"https:\\\/\\\/www.notibras.com\\\/site\\\/?s={search_term_string}\"},\"query-input\":{\"@type\":\"PropertyValueSpecification\",\"valueRequired\":true,\"valueName\":\"search_term_string\"}}],\"inLanguage\":\"pt-BR\"},{\"@type\":\"Organization\",\"@id\":\"https:\\\/\\\/www.notibras.com\\\/site\\\/#organization\",\"name\":\"Grupo Notibras de Comunica\u00e7\u00e3o\",\"url\":\"https:\\\/\\\/www.notibras.com\\\/site\\\/\",\"logo\":{\"@type\":\"ImageObject\",\"inLanguage\":\"pt-BR\",\"@id\":\"https:\\\/\\\/www.notibras.com\\\/site\\\/#\\\/schema\\\/logo\\\/image\\\/\",\"url\":\"https:\\\/\\\/www.notibras.com\\\/site\\\/wp-content\\\/uploads\\\/2023\\\/01\\\/notibras23.png\",\"contentUrl\":\"https:\\\/\\\/www.notibras.com\\\/site\\\/wp-content\\\/uploads\\\/2023\\\/01\\\/notibras23.png\",\"width\":350,\"height\":87,\"caption\":\"Grupo Notibras de Comunica\u00e7\u00e3o\"},\"image\":{\"@id\":\"https:\\\/\\\/www.notibras.com\\\/site\\\/#\\\/schema\\\/logo\\\/image\\\/\"},\"sameAs\":[\"https:\\\/\\\/www.facebook.com\\\/notibras\\\/\",\"https:\\\/\\\/x.com\\\/Notibras\",\"https:\\\/\\\/www.instagram.com\\\/notibras\\\/\"]},{\"@type\":\"Person\",\"@id\":\"https:\\\/\\\/www.notibras.com\\\/site\\\/#\\\/schema\\\/person\\\/5b7fabf2aedc3ada2105f03b22b4d3dd\",\"name\":\"Eduardo Mart\u00ednez\",\"image\":{\"@type\":\"ImageObject\",\"inLanguage\":\"pt-BR\",\"@id\":\"https:\\\/\\\/secure.gravatar.com\\\/avatar\\\/7902f906289926289cbcda644b5197c796b893c6ffd7b9a536a42d290f7704a0?s=96&d=mm&r=g\",\"url\":\"https:\\\/\\\/secure.gravatar.com\\\/avatar\\\/7902f906289926289cbcda644b5197c796b893c6ffd7b9a536a42d290f7704a0?s=96&d=mm&r=g\",\"contentUrl\":\"https:\\\/\\\/secure.gravatar.com\\\/avatar\\\/7902f906289926289cbcda644b5197c796b893c6ffd7b9a536a42d290f7704a0?s=96&d=mm&r=g\",\"caption\":\"Eduardo Mart\u00ednez\"}}]}<\/script>\n<!-- \/ Yoast SEO plugin. -->","yoast_head_json":{"title":"Festival e show t\u00eam vagas para ambulantes - Notibras","robots":{"index":"index","follow":"follow","max-snippet":"max-snippet:-1","max-image-preview":"max-image-preview:large","max-video-preview":"max-video-preview:-1"},"canonical":"https:\/\/www.notibras.com\/site\/festival-e-show-tem-vagas-para-ambulantes\/","og_locale":"pt_BR","og_type":"article","og_title":"Festival e show t\u00eam vagas para ambulantes - Notibras","og_description":"Ambulantes v\u00e3o poder se cadastrar na pr\u00f3xima semana para trabalhar no Festival Expomix Brasil e no show Manifesto Henrique e Juliano. Os interessados em obter a licen\u00e7a devem comparecer na pr\u00f3xima ter\u00e7a-feira (8), das 9h \u00e0s 17h, ao audit\u00f3rio do Detran-DF, no SAM, Lote A, Bloco B, Asa Norte, com original e c\u00f3pia de documento [&hellip;]","og_url":"https:\/\/www.notibras.com\/site\/festival-e-show-tem-vagas-para-ambulantes\/","og_site_name":"Notibras","article_publisher":"https:\/\/www.facebook.com\/notibras\/","article_published_time":"2026-09-03T04:00:28+00:00","og_image":[{"width":2560,"height":1920,"url":"https:\/\/www.notibras.com\/site\/wp-content\/uploads\/2026\/09\/11-novembro-3-scaled.jpg","type":"image\/jpeg"}],"author":"Eduardo Mart\u00ednez","twitter_card":"summary_large_image","twitter_creator":"@Notibras","twitter_site":"@Notibras","twitter_misc":{"Escrito por":"Eduardo Mart\u00ednez","Est. tempo de leitura":"2 minutos"},"schema":{"@context":"https:\/\/schema.org","@graph":[{"@type":"Article","@id":"https:\/\/www.notibras.com\/site\/festival-e-show-tem-vagas-para-ambulantes\/#article","isPartOf":{"@id":"https:\/\/www.notibras.com\/site\/festival-e-show-tem-vagas-para-ambulantes\/"},"author":{"name":"Eduardo Mart\u00ednez","@id":"https:\/\/www.notibras.com\/site\/#\/schema\/person\/5b7fabf2aedc3ada2105f03b22b4d3dd"},"headline":"Festival e show t\u00eam vagas para ambulantes","datePublished":"2026-09-03T04:00:28+00:00","mainEntityOfPage":{"@id":"https:\/\/www.notibras.com\/site\/festival-e-show-tem-vagas-para-ambulantes\/"},"wordCount":231,"publisher":{"@id":"https:\/\/www.notibras.com\/site\/#organization"},"image":{"@id":"https:\/\/www.notibras.com\/site\/festival-e-show-tem-vagas-para-ambulantes\/#primaryimage"},"thumbnailUrl":"https:\/\/www.notibras.com\/site\/wp-content\/uploads\/2026\/09\/11-novembro-3-scaled.jpg","articleSection":["Quadradinho em Foco"],"inLanguage":"pt-BR"},{"@type":"WebPage","@id":"https:\/\/www.notibras.com\/site\/festival-e-show-tem-vagas-para-ambulantes\/","url":"https:\/\/www.notibras.com\/site\/festival-e-show-tem-vagas-para-ambulantes\/","name":"Festival e show t\u00eam vagas para ambulantes - Notibras","isPartOf":{"@id":"https:\/\/www.notibras.com\/site\/#website"},"primaryImageOfPage":{"@id":"https:\/\/www.notibras.com\/site\/festival-e-show-tem-vagas-para-ambulantes\/#primaryimage"},"image":{"@id":"https:\/\/www.notibras.com\/site\/festival-e-show-tem-vagas-para-ambulantes\/#primaryimage"},"thumbnailUrl":"https:\/\/www.notibras.com\/site\/wp-content\/uploads\/2026\/09\/11-novembro-3-scaled.jpg","datePublished":"2026-09-03T04:00:28+00:00","breadcrumb":{"@id":"https:\/\/www.notibras.com\/site\/festival-e-show-tem-vagas-para-ambulantes\/#breadcrumb"},"inLanguage":"pt-BR","potentialAction":[{"@type":"ReadAction","target":["https:\/\/www.notibras.com\/site\/festival-e-show-tem-vagas-para-ambulantes\/"]}]},{"@type":"ImageObject","inLanguage":"pt-BR","@id":"https:\/\/www.notibras.com\/site\/festival-e-show-tem-vagas-para-ambulantes\/#primaryimage","url":"https:\/\/www.notibras.com\/site\/wp-content\/uploads\/2026\/09\/11-novembro-3-scaled.jpg","contentUrl":"https:\/\/www.notibras.com\/site\/wp-content\/uploads\/2026\/09\/11-novembro-3-scaled.jpg","width":2560,"height":1920},{"@type":"BreadcrumbList","@id":"https:\/\/www.notibras.com\/site\/festival-e-show-tem-vagas-para-ambulantes\/#breadcrumb","itemListElement":[{"@type":"ListItem","position":1,"name":"In\u00edcio","item":"https:\/\/www.notibras.com\/site\/"},{"@type":"ListItem","position":2,"name":"Festival e show t\u00eam vagas para ambulantes"}]},{"@type":"WebSite","@id":"https:\/\/www.notibras.com\/site\/#website","url":"https:\/\/www.notibras.com\/site\/","name":"Notibras","description":"Not\u00edcias de Bras\u00edlia, do Brasil e do Mundo","publisher":{"@id":"https:\/\/www.notibras.com\/site\/#organization"},"potentialAction":[{"@type":"SearchAction","target":{"@type":"EntryPoint","urlTemplate":"https:\/\/www.notibras.com\/site\/?s={search_term_string}"},"query-input":{"@type":"PropertyValueSpecification","valueRequired":true,"valueName":"search_term_string"}}],"inLanguage":"pt-BR"},{"@type":"Organization","@id":"https:\/\/www.notibras.com\/site\/#organization","name":"Grupo Notibras de Comunica\u00e7\u00e3o","url":"https:\/\/www.notibras.com\/site\/","logo":{"@type":"ImageObject","inLanguage":"pt-BR","@id":"https:\/\/www.notibras.com\/site\/#\/schema\/logo\/image\/","url":"https:\/\/www.notibras.com\/site\/wp-content\/uploads\/2023\/01\/notibras23.png","contentUrl":"https:\/\/www.notibras.com\/site\/wp-content\/uploads\/2023\/01\/notibras23.png","width":350,"height":87,"caption":"Grupo Notibras de Comunica\u00e7\u00e3o"},"image":{"@id":"https:\/\/www.notibras.com\/site\/#\/schema\/logo\/image\/"},"sameAs":["https:\/\/www.facebook.com\/notibras\/","https:\/\/x.com\/Notibras","https:\/\/www.instagram.com\/notibras\/"]},{"@type":"Person","@id":"https:\/\/www.notibras.com\/site\/#\/schema\/person\/5b7fabf2aedc3ada2105f03b22b4d3dd","name":"Eduardo Mart\u00ednez","image":{"@type":"ImageObject","inLanguage":"pt-BR","@id":"https:\/\/secure.gravatar.com\/avatar\/7902f906289926289cbcda644b5197c796b893c6ffd7b9a536a42d290f7704a0?s=96&d=mm&r=g","url":"https:\/\/secure.gravatar.com\/avatar\/7902f906289926289cbcda644b5197c796b893c6ffd7b9a536a42d290f7704a0?s=96&d=mm&r=g","contentUrl":"https:\/\/secure.gravatar.com\/avatar\/7902f906289926289cbcda644b5197c796b893c6ffd7b9a536a42d290f7704a0?s=96&d=mm&r=g","caption":"Eduardo Mart\u00ednez"}}]}},"_links":{"self":[{"href":"https:\/\/www.notibras.com\/site\/wp-json\/wp\/v2\/posts\/409050","targetHints":{"allow":["GET"]}}],"collection":[{"href":"https:\/\/www.notibras.com\/site\/wp-json\/wp\/v2\/posts"}],"about":[{"href":"https:\/\/www.notibras.com\/site\/wp-json\/wp\/v2\/types\/post"}],"author":[{"embeddable":true,"href":"https:\/\/www.notibras.com\/site\/wp-json\/wp\/v2\/users\/21"}],"replies":[{"embeddable":true,"href":"https:\/\/www.notibras.com\/site\/wp-json\/wp\/v2\/comments?post=409050"}],"version-history":[{"count":2,"href":"https:\/\/www.notibras.com\/site\/wp-json\/wp\/v2\/posts\/409050\/revisions"}],"predecessor-version":[{"id":409053,"href":"https:\/\/www.notibras.com\/site\/wp-json\/wp\/v2\/posts\/409050\/revisions\/409053"}],"wp:featuredmedia":[{"embeddable":true,"href":"https:\/\/www.notibras.com\/site\/wp-json\/wp\/v2\/media\/409051"}],"wp:attachment":[{"href":"https:\/\/www.notibras.com\/site\/wp-json\/wp\/v2\/media?parent=409050"}],"wp:term":[{"taxonomy":"category","embeddable":true,"href":"https:\/\/www.notibras.com\/site\/wp-json\/wp\/v2\/categories?post=409050"},{"taxonomy":"post_tag","embeddable":true,"href":"https:\/\/www.notibras.com\/site\/wp-json\/wp\/v2\/tags?post=409050"},{"taxonomy":"tmauthors","embeddable":true,"href":"https:\/\/www.notibras.com\/site\/wp-json\/wp\/v2\/tmauthors?post=409050"}],"curies":[{"name":"wp","href":"https:\/\/api.w.org\/{rel}","templated":true}]}}