{"id":409054,"date":"2026-09-04T02:00:06","date_gmt":"2026-09-04T05:00:06","guid":{"rendered":"https:\/\/www.notibras.com\/site\/?p=409054"},"modified":"2026-09-02T21:54:19","modified_gmt":"2026-09-03T00:54:19","slug":"a-vida-nao-e-feita-so-de-sonhos","status":"publish","type":"post","link":"https:\/\/www.notibras.com\/site\/a-vida-nao-e-feita-so-de-sonhos\/","title":{"rendered":"A vida n\u00e3o \u00e9 feita s\u00f3 de sonhos"},"content":{"rendered":"<p>\u00c0s vezes nos pegamos pensando no passado. N\u00e3o precisa ser um passado distante, pode ser de alguns dias, ou meses. Bem, \u00e9 verdade que em alguns momentos nos projetamos novamente h\u00e1 d\u00e9cadas atr\u00e1s, quando ainda \u00e9ramos felizes petizes&#8230;<\/p>\n<p>O passado, n\u00e3o importa se recente ou mais long\u00ednquo, nos parece mais atraente, mais seguro que o momento que vivemos. Claro, isso se deve, principalmente porque nossas lembran\u00e7as retornam pasteurizadas, onde as recorda\u00e7\u00f5es n\u00e3o t\u00e3o boas, se n\u00e3o forem muito traum\u00e1ticas, acabam por ser apagadas de nossa mem\u00f3ria&#8230;<\/p>\n<p>\u00c9 verdade que algumas situa\u00e7\u00f5es pelas quais passamos durante nossa caminhada por este plano ficam indel\u00e9veis em nossa mente. Mas at\u00e9 por uma quest\u00e3o de seguran\u00e7a psicol\u00f3gica, deixamos estas escondidas em algum rec\u00f4ndito, e evitamos ao m\u00e1ximo acessar essas informa\u00e7\u00f5es que podem nos machucar&#8230;<\/p>\n<p>Nenhuma a\u00e7\u00e3o desse tipo \u00e9 tomada conscientemente. \u00c9 como se tiv\u00e9ssemos, em nossa mem\u00f3ria, um esquadr\u00e3o de pessoas catalogando e guardando cada mem\u00f3ria de acordo com sua relev\u00e2ncia, mais ou menos como naquele filme da Disney, o DIVERTIDAMENTE&#8230;<\/p>\n<p>Claro, ali os redatores imaginaram toda uma equipe respons\u00e1vel por coordenar e alinhar as decis\u00f5es tomadas pela protagonista. Cada elemento era respons\u00e1vel por cuidar de determinada situa\u00e7\u00e3o, determinado sentimento. Como as decis\u00f5es que tomamos no dia a dia em nosso local de trabalho&#8230;<\/p>\n<p>\u00c9 claro que reduzir nossas decis\u00f5es \u00e0 imagem criada pelos roteiristas do filme em quest\u00e3o seria simplificar em demasia nossa pr\u00f3pria exist\u00eancia. Afinal, se ao menos consider\u00e1ssemos tais ideias, ter\u00edamos que admitir que n\u00e3o passamos de marionetes, movidas por uma for\u00e7a superior que realmente n\u00e3o conseguimos entender&#8230;<\/p>\n<p>E a\u00ed, a pergunta que nos sobraria seria&#8230; exatamente o que somos? N\u00e3o sei se voc\u00ea j\u00e1 percebeu, mas nossa vis\u00e3o do mundo, a partir de nosso corpo, \u00e9 a mesma que temos ao estarmos no cockpit de um ve\u00edculo, por exemplo. Nossa vis\u00e3o \u00e9 restrita ao que est\u00e1 \u00e0 nossa frente. O que est\u00e1 abaixo ou acima, assim como dos lados e atr\u00e1s, bem, para termos acesso a estas informa\u00e7\u00f5es precisamos usar de artif\u00edcios&#8230;<\/p>\n<p>J\u00e1 reparou que voc\u00ea, se n\u00e3o usar de algum meio artificial, jamais ver\u00e1 como \u00e9 seu rosto, realmente? Ou mesmo seu corpo. Voc\u00ea percebe como as pessoas ao seu redor s\u00e3o, e a partir dessa percep\u00e7\u00e3o, passa a construir uma autoimagem sua. E, olha s\u00f3&#8230; quando se d\u00e1 conta de que sua imagem real n\u00e3o corresponde \u00e0quilo que esperava, em alguns casos, entra em depress\u00e3o&#8230;<\/p>\n<p>N\u00e3o estou dizendo que esta \u00e9 uma regra geral. Felizmente as pessoas com problema de auto aceita\u00e7\u00e3o s\u00e3o um n\u00famero reduzido. Mas as neuras existem. Algumas pessoas gostariam de ser mais magras, mais altas, mais&#8230; ou seja, o que n\u00e3o falta s\u00e3o desejos que nem sempre podem ser alcan\u00e7ados. A disforia \u00e9 tanta que muitas vezes o indiv\u00edduo parte para corre\u00e7\u00f5es desnecess\u00e1rias em seu corpo. Porque voc\u00ea acha que tantas pessoas recorrem \u00e0 cirurgia pl\u00e1stica? \u00c9 devido a n\u00e3o aceita\u00e7\u00e3o de seu corpo, de suas caracter\u00edsticas como s\u00e3o de natureza&#8230;<\/p>\n<p>Mas de qualquer forma, antes do indiv\u00edduo passar por esses traumas, em algum momento de seu passado ele foi feliz. E s\u00e3o esses momentos de alegria, relembrados em flashes que \u00e0s vezes se apresentam em sua vida que acaba por comparar seu presente com aquilo que j\u00e1 passou. Algumas vezes, \u00e9 um alento, um refrig\u00e9rio para sua alma. Em outras, \u00e9 um tormento por n\u00e3o poder vivenciar novamente aquela vida onde n\u00e3o havia preocupa\u00e7\u00f5es, somente sonhos e esperan\u00e7as&#8230;<\/p>\n<p>Mas assim \u00e9 a vida, n\u00e3o \u00e9 mesmo? A frase &#8220;para frente \u00e9 que se anda ilustra bem o que \u00e9 nossa exist\u00eancia nesse plano. N\u00e3o h\u00e1 como retornar no tempo. Aquilo que vivenciamos ficar\u00e1 apenas como lembran\u00e7a&#8230;<\/p>\n<p>Bem, assim \u00e9 o mundo. Como se diz, &#8220;\u00e9 o que temos para hoje&#8221;&#8230; vivamos o presente da melhor forma que conseguirmos. As lembran\u00e7as dos bons momentos passados servir\u00e3o de norte e de alento para n\u00f3s, quando estivermos em uma situa\u00e7\u00e3o n\u00e3o confort\u00e1vel. Mas alento simplesmente n\u00e3o nos permite vencer os obst\u00e1culos que enfrentamos em nosso dia a dia. Ent\u00e3o, relembremos com carinho nosso tempo passado, mas enfrentemos com determina\u00e7\u00e3o a vida que se nos apresenta, muitas vezes crua e selvagem. Como diz o ditado, se recebermos um lim\u00e3o em nossa jornada, vamos transform\u00e1-lo em uma limonada, doce como os sonhos que nos acompanham&#8230; e continuemos nossa jornada, sem deixar a Luz do Amor e da Esperan\u00e7a se apagarem em nossa alma&#8230;<\/p>\n","protected":false},"excerpt":{"rendered":"<p>\u00c0s vezes nos pegamos pensando no passado. N\u00e3o precisa ser um passado distante, pode ser de alguns dias, ou meses. Bem, \u00e9 verdade que em alguns momentos nos projetamos novamente h\u00e1 d\u00e9cadas atr\u00e1s, quando ainda \u00e9ramos felizes petizes&#8230; O passado, n\u00e3o importa se recente ou mais long\u00ednquo, nos parece mais atraente, mais seguro que o [&hellip;]<\/p>\n","protected":false},"author":21,"featured_media":409055,"comment_status":"closed","ping_status":"closed","sticky":false,"template":"","format":"standard","meta":{"_acf_changed":false,"footnotes":""},"categories":[155],"tags":[],"tmauthors":[306],"class_list":["post-409054","post","type-post","status-publish","format-standard","has-post-thumbnail","category-leitura-vip"],"acf":[],"yoast_head":"<!-- This site is optimized with the Yoast SEO plugin v28.0 - https:\/\/yoast.com\/product\/yoast-seo-wordpress\/ -->\n<title>A vida n\u00e3o \u00e9 feita s\u00f3 de sonhos - Notibras<\/title>\n<meta name=\"robots\" content=\"index, follow, max-snippet:-1, max-image-preview:large, max-video-preview:-1\" \/>\n<link rel=\"canonical\" href=\"https:\/\/www.notibras.com\/site\/a-vida-nao-e-feita-so-de-sonhos\/\" \/>\n<meta property=\"og:locale\" content=\"pt_BR\" \/>\n<meta property=\"og:type\" content=\"article\" \/>\n<meta property=\"og:title\" content=\"A vida n\u00e3o \u00e9 feita s\u00f3 de sonhos - Notibras\" \/>\n<meta property=\"og:description\" content=\"\u00c0s vezes nos pegamos pensando no passado. N\u00e3o precisa ser um passado distante, pode ser de alguns dias, ou meses. Bem, \u00e9 verdade que em alguns momentos nos projetamos novamente h\u00e1 d\u00e9cadas atr\u00e1s, quando ainda \u00e9ramos felizes petizes&#8230; O passado, n\u00e3o importa se recente ou mais long\u00ednquo, nos parece mais atraente, mais seguro que o [&hellip;]\" \/>\n<meta property=\"og:url\" content=\"https:\/\/www.notibras.com\/site\/a-vida-nao-e-feita-so-de-sonhos\/\" \/>\n<meta property=\"og:site_name\" content=\"Notibras\" \/>\n<meta property=\"article:publisher\" content=\"https:\/\/www.facebook.com\/notibras\/\" \/>\n<meta property=\"article:published_time\" content=\"2026-09-04T05:00:06+00:00\" \/>\n<meta property=\"og:image\" content=\"https:\/\/www.notibras.com\/site\/wp-content\/uploads\/2026\/09\/WhatsApp-Image-2026-09-02-at-21.53.27.jpeg\" \/>\n\t<meta property=\"og:image:width\" content=\"1280\" \/>\n\t<meta property=\"og:image:height\" content=\"853\" \/>\n\t<meta property=\"og:image:type\" content=\"image\/jpeg\" \/>\n<meta name=\"author\" content=\"Eduardo Mart\u00ednez\" \/>\n<meta name=\"twitter:card\" content=\"summary_large_image\" \/>\n<meta name=\"twitter:creator\" content=\"@Notibras\" \/>\n<meta name=\"twitter:site\" content=\"@Notibras\" \/>\n<meta name=\"twitter:label1\" content=\"Escrito por\" \/>\n\t<meta name=\"twitter:data1\" content=\"Eduardo Mart\u00ednez\" \/>\n\t<meta name=\"twitter:label2\" content=\"Est. tempo de leitura\" \/>\n\t<meta name=\"twitter:data2\" content=\"5 minutos\" \/>\n<script type=\"application\/ld+json\" class=\"yoast-schema-graph\">{\"@context\":\"https:\\\/\\\/schema.org\",\"@graph\":[{\"@type\":\"Article\",\"@id\":\"https:\\\/\\\/www.notibras.com\\\/site\\\/a-vida-nao-e-feita-so-de-sonhos\\\/#article\",\"isPartOf\":{\"@id\":\"https:\\\/\\\/www.notibras.com\\\/site\\\/a-vida-nao-e-feita-so-de-sonhos\\\/\"},\"author\":{\"name\":\"Eduardo Mart\u00ednez\",\"@id\":\"https:\\\/\\\/www.notibras.com\\\/site\\\/#\\\/schema\\\/person\\\/5b7fabf2aedc3ada2105f03b22b4d3dd\"},\"headline\":\"A vida n\u00e3o \u00e9 feita s\u00f3 de sonhos\",\"datePublished\":\"2026-09-04T05:00:06+00:00\",\"mainEntityOfPage\":{\"@id\":\"https:\\\/\\\/www.notibras.com\\\/site\\\/a-vida-nao-e-feita-so-de-sonhos\\\/\"},\"wordCount\":803,\"publisher\":{\"@id\":\"https:\\\/\\\/www.notibras.com\\\/site\\\/#organization\"},\"image\":{\"@id\":\"https:\\\/\\\/www.notibras.com\\\/site\\\/a-vida-nao-e-feita-so-de-sonhos\\\/#primaryimage\"},\"thumbnailUrl\":\"https:\\\/\\\/www.notibras.com\\\/site\\\/wp-content\\\/uploads\\\/2026\\\/09\\\/WhatsApp-Image-2026-09-02-at-21.53.27.jpeg\",\"articleSection\":[\"Leitura Vip\"],\"inLanguage\":\"pt-BR\"},{\"@type\":\"WebPage\",\"@id\":\"https:\\\/\\\/www.notibras.com\\\/site\\\/a-vida-nao-e-feita-so-de-sonhos\\\/\",\"url\":\"https:\\\/\\\/www.notibras.com\\\/site\\\/a-vida-nao-e-feita-so-de-sonhos\\\/\",\"name\":\"A vida n\u00e3o \u00e9 feita s\u00f3 de sonhos - Notibras\",\"isPartOf\":{\"@id\":\"https:\\\/\\\/www.notibras.com\\\/site\\\/#website\"},\"primaryImageOfPage\":{\"@id\":\"https:\\\/\\\/www.notibras.com\\\/site\\\/a-vida-nao-e-feita-so-de-sonhos\\\/#primaryimage\"},\"image\":{\"@id\":\"https:\\\/\\\/www.notibras.com\\\/site\\\/a-vida-nao-e-feita-so-de-sonhos\\\/#primaryimage\"},\"thumbnailUrl\":\"https:\\\/\\\/www.notibras.com\\\/site\\\/wp-content\\\/uploads\\\/2026\\\/09\\\/WhatsApp-Image-2026-09-02-at-21.53.27.jpeg\",\"datePublished\":\"2026-09-04T05:00:06+00:00\",\"breadcrumb\":{\"@id\":\"https:\\\/\\\/www.notibras.com\\\/site\\\/a-vida-nao-e-feita-so-de-sonhos\\\/#breadcrumb\"},\"inLanguage\":\"pt-BR\",\"potentialAction\":[{\"@type\":\"ReadAction\",\"target\":[\"https:\\\/\\\/www.notibras.com\\\/site\\\/a-vida-nao-e-feita-so-de-sonhos\\\/\"]}]},{\"@type\":\"ImageObject\",\"inLanguage\":\"pt-BR\",\"@id\":\"https:\\\/\\\/www.notibras.com\\\/site\\\/a-vida-nao-e-feita-so-de-sonhos\\\/#primaryimage\",\"url\":\"https:\\\/\\\/www.notibras.com\\\/site\\\/wp-content\\\/uploads\\\/2026\\\/09\\\/WhatsApp-Image-2026-09-02-at-21.53.27.jpeg\",\"contentUrl\":\"https:\\\/\\\/www.notibras.com\\\/site\\\/wp-content\\\/uploads\\\/2026\\\/09\\\/WhatsApp-Image-2026-09-02-at-21.53.27.jpeg\",\"width\":1280,\"height\":853},{\"@type\":\"BreadcrumbList\",\"@id\":\"https:\\\/\\\/www.notibras.com\\\/site\\\/a-vida-nao-e-feita-so-de-sonhos\\\/#breadcrumb\",\"itemListElement\":[{\"@type\":\"ListItem\",\"position\":1,\"name\":\"In\u00edcio\",\"item\":\"https:\\\/\\\/www.notibras.com\\\/site\\\/\"},{\"@type\":\"ListItem\",\"position\":2,\"name\":\"A vida n\u00e3o \u00e9 feita s\u00f3 de sonhos\"}]},{\"@type\":\"WebSite\",\"@id\":\"https:\\\/\\\/www.notibras.com\\\/site\\\/#website\",\"url\":\"https:\\\/\\\/www.notibras.com\\\/site\\\/\",\"name\":\"Notibras\",\"description\":\"Not\u00edcias de Bras\u00edlia, do Brasil e do Mundo\",\"publisher\":{\"@id\":\"https:\\\/\\\/www.notibras.com\\\/site\\\/#organization\"},\"potentialAction\":[{\"@type\":\"SearchAction\",\"target\":{\"@type\":\"EntryPoint\",\"urlTemplate\":\"https:\\\/\\\/www.notibras.com\\\/site\\\/?s={search_term_string}\"},\"query-input\":{\"@type\":\"PropertyValueSpecification\",\"valueRequired\":true,\"valueName\":\"search_term_string\"}}],\"inLanguage\":\"pt-BR\"},{\"@type\":\"Organization\",\"@id\":\"https:\\\/\\\/www.notibras.com\\\/site\\\/#organization\",\"name\":\"Grupo Notibras de Comunica\u00e7\u00e3o\",\"url\":\"https:\\\/\\\/www.notibras.com\\\/site\\\/\",\"logo\":{\"@type\":\"ImageObject\",\"inLanguage\":\"pt-BR\",\"@id\":\"https:\\\/\\\/www.notibras.com\\\/site\\\/#\\\/schema\\\/logo\\\/image\\\/\",\"url\":\"https:\\\/\\\/www.notibras.com\\\/site\\\/wp-content\\\/uploads\\\/2023\\\/01\\\/notibras23.png\",\"contentUrl\":\"https:\\\/\\\/www.notibras.com\\\/site\\\/wp-content\\\/uploads\\\/2023\\\/01\\\/notibras23.png\",\"width\":350,\"height\":87,\"caption\":\"Grupo Notibras de Comunica\u00e7\u00e3o\"},\"image\":{\"@id\":\"https:\\\/\\\/www.notibras.com\\\/site\\\/#\\\/schema\\\/logo\\\/image\\\/\"},\"sameAs\":[\"https:\\\/\\\/www.facebook.com\\\/notibras\\\/\",\"https:\\\/\\\/x.com\\\/Notibras\",\"https:\\\/\\\/www.instagram.com\\\/notibras\\\/\"]},{\"@type\":\"Person\",\"@id\":\"https:\\\/\\\/www.notibras.com\\\/site\\\/#\\\/schema\\\/person\\\/5b7fabf2aedc3ada2105f03b22b4d3dd\",\"name\":\"Eduardo Mart\u00ednez\",\"image\":{\"@type\":\"ImageObject\",\"inLanguage\":\"pt-BR\",\"@id\":\"https:\\\/\\\/secure.gravatar.com\\\/avatar\\\/7902f906289926289cbcda644b5197c796b893c6ffd7b9a536a42d290f7704a0?s=96&d=mm&r=g\",\"url\":\"https:\\\/\\\/secure.gravatar.com\\\/avatar\\\/7902f906289926289cbcda644b5197c796b893c6ffd7b9a536a42d290f7704a0?s=96&d=mm&r=g\",\"contentUrl\":\"https:\\\/\\\/secure.gravatar.com\\\/avatar\\\/7902f906289926289cbcda644b5197c796b893c6ffd7b9a536a42d290f7704a0?s=96&d=mm&r=g\",\"caption\":\"Eduardo Mart\u00ednez\"}}]}<\/script>\n<!-- \/ Yoast SEO plugin. -->","yoast_head_json":{"title":"A vida n\u00e3o \u00e9 feita s\u00f3 de sonhos - Notibras","robots":{"index":"index","follow":"follow","max-snippet":"max-snippet:-1","max-image-preview":"max-image-preview:large","max-video-preview":"max-video-preview:-1"},"canonical":"https:\/\/www.notibras.com\/site\/a-vida-nao-e-feita-so-de-sonhos\/","og_locale":"pt_BR","og_type":"article","og_title":"A vida n\u00e3o \u00e9 feita s\u00f3 de sonhos - Notibras","og_description":"\u00c0s vezes nos pegamos pensando no passado. N\u00e3o precisa ser um passado distante, pode ser de alguns dias, ou meses. Bem, \u00e9 verdade que em alguns momentos nos projetamos novamente h\u00e1 d\u00e9cadas atr\u00e1s, quando ainda \u00e9ramos felizes petizes&#8230; O passado, n\u00e3o importa se recente ou mais long\u00ednquo, nos parece mais atraente, mais seguro que o [&hellip;]","og_url":"https:\/\/www.notibras.com\/site\/a-vida-nao-e-feita-so-de-sonhos\/","og_site_name":"Notibras","article_publisher":"https:\/\/www.facebook.com\/notibras\/","article_published_time":"2026-09-04T05:00:06+00:00","og_image":[{"width":1280,"height":853,"url":"https:\/\/www.notibras.com\/site\/wp-content\/uploads\/2026\/09\/WhatsApp-Image-2026-09-02-at-21.53.27.jpeg","type":"image\/jpeg"}],"author":"Eduardo Mart\u00ednez","twitter_card":"summary_large_image","twitter_creator":"@Notibras","twitter_site":"@Notibras","twitter_misc":{"Escrito por":"Eduardo Mart\u00ednez","Est. tempo de leitura":"5 minutos"},"schema":{"@context":"https:\/\/schema.org","@graph":[{"@type":"Article","@id":"https:\/\/www.notibras.com\/site\/a-vida-nao-e-feita-so-de-sonhos\/#article","isPartOf":{"@id":"https:\/\/www.notibras.com\/site\/a-vida-nao-e-feita-so-de-sonhos\/"},"author":{"name":"Eduardo Mart\u00ednez","@id":"https:\/\/www.notibras.com\/site\/#\/schema\/person\/5b7fabf2aedc3ada2105f03b22b4d3dd"},"headline":"A vida n\u00e3o \u00e9 feita s\u00f3 de sonhos","datePublished":"2026-09-04T05:00:06+00:00","mainEntityOfPage":{"@id":"https:\/\/www.notibras.com\/site\/a-vida-nao-e-feita-so-de-sonhos\/"},"wordCount":803,"publisher":{"@id":"https:\/\/www.notibras.com\/site\/#organization"},"image":{"@id":"https:\/\/www.notibras.com\/site\/a-vida-nao-e-feita-so-de-sonhos\/#primaryimage"},"thumbnailUrl":"https:\/\/www.notibras.com\/site\/wp-content\/uploads\/2026\/09\/WhatsApp-Image-2026-09-02-at-21.53.27.jpeg","articleSection":["Leitura Vip"],"inLanguage":"pt-BR"},{"@type":"WebPage","@id":"https:\/\/www.notibras.com\/site\/a-vida-nao-e-feita-so-de-sonhos\/","url":"https:\/\/www.notibras.com\/site\/a-vida-nao-e-feita-so-de-sonhos\/","name":"A vida n\u00e3o \u00e9 feita s\u00f3 de sonhos - Notibras","isPartOf":{"@id":"https:\/\/www.notibras.com\/site\/#website"},"primaryImageOfPage":{"@id":"https:\/\/www.notibras.com\/site\/a-vida-nao-e-feita-so-de-sonhos\/#primaryimage"},"image":{"@id":"https:\/\/www.notibras.com\/site\/a-vida-nao-e-feita-so-de-sonhos\/#primaryimage"},"thumbnailUrl":"https:\/\/www.notibras.com\/site\/wp-content\/uploads\/2026\/09\/WhatsApp-Image-2026-09-02-at-21.53.27.jpeg","datePublished":"2026-09-04T05:00:06+00:00","breadcrumb":{"@id":"https:\/\/www.notibras.com\/site\/a-vida-nao-e-feita-so-de-sonhos\/#breadcrumb"},"inLanguage":"pt-BR","potentialAction":[{"@type":"ReadAction","target":["https:\/\/www.notibras.com\/site\/a-vida-nao-e-feita-so-de-sonhos\/"]}]},{"@type":"ImageObject","inLanguage":"pt-BR","@id":"https:\/\/www.notibras.com\/site\/a-vida-nao-e-feita-so-de-sonhos\/#primaryimage","url":"https:\/\/www.notibras.com\/site\/wp-content\/uploads\/2026\/09\/WhatsApp-Image-2026-09-02-at-21.53.27.jpeg","contentUrl":"https:\/\/www.notibras.com\/site\/wp-content\/uploads\/2026\/09\/WhatsApp-Image-2026-09-02-at-21.53.27.jpeg","width":1280,"height":853},{"@type":"BreadcrumbList","@id":"https:\/\/www.notibras.com\/site\/a-vida-nao-e-feita-so-de-sonhos\/#breadcrumb","itemListElement":[{"@type":"ListItem","position":1,"name":"In\u00edcio","item":"https:\/\/www.notibras.com\/site\/"},{"@type":"ListItem","position":2,"name":"A vida n\u00e3o \u00e9 feita s\u00f3 de sonhos"}]},{"@type":"WebSite","@id":"https:\/\/www.notibras.com\/site\/#website","url":"https:\/\/www.notibras.com\/site\/","name":"Notibras","description":"Not\u00edcias de Bras\u00edlia, do Brasil e do Mundo","publisher":{"@id":"https:\/\/www.notibras.com\/site\/#organization"},"potentialAction":[{"@type":"SearchAction","target":{"@type":"EntryPoint","urlTemplate":"https:\/\/www.notibras.com\/site\/?s={search_term_string}"},"query-input":{"@type":"PropertyValueSpecification","valueRequired":true,"valueName":"search_term_string"}}],"inLanguage":"pt-BR"},{"@type":"Organization","@id":"https:\/\/www.notibras.com\/site\/#organization","name":"Grupo Notibras de Comunica\u00e7\u00e3o","url":"https:\/\/www.notibras.com\/site\/","logo":{"@type":"ImageObject","inLanguage":"pt-BR","@id":"https:\/\/www.notibras.com\/site\/#\/schema\/logo\/image\/","url":"https:\/\/www.notibras.com\/site\/wp-content\/uploads\/2023\/01\/notibras23.png","contentUrl":"https:\/\/www.notibras.com\/site\/wp-content\/uploads\/2023\/01\/notibras23.png","width":350,"height":87,"caption":"Grupo Notibras de Comunica\u00e7\u00e3o"},"image":{"@id":"https:\/\/www.notibras.com\/site\/#\/schema\/logo\/image\/"},"sameAs":["https:\/\/www.facebook.com\/notibras\/","https:\/\/x.com\/Notibras","https:\/\/www.instagram.com\/notibras\/"]},{"@type":"Person","@id":"https:\/\/www.notibras.com\/site\/#\/schema\/person\/5b7fabf2aedc3ada2105f03b22b4d3dd","name":"Eduardo Mart\u00ednez","image":{"@type":"ImageObject","inLanguage":"pt-BR","@id":"https:\/\/secure.gravatar.com\/avatar\/7902f906289926289cbcda644b5197c796b893c6ffd7b9a536a42d290f7704a0?s=96&d=mm&r=g","url":"https:\/\/secure.gravatar.com\/avatar\/7902f906289926289cbcda644b5197c796b893c6ffd7b9a536a42d290f7704a0?s=96&d=mm&r=g","contentUrl":"https:\/\/secure.gravatar.com\/avatar\/7902f906289926289cbcda644b5197c796b893c6ffd7b9a536a42d290f7704a0?s=96&d=mm&r=g","caption":"Eduardo Mart\u00ednez"}}]}},"_links":{"self":[{"href":"https:\/\/www.notibras.com\/site\/wp-json\/wp\/v2\/posts\/409054","targetHints":{"allow":["GET"]}}],"collection":[{"href":"https:\/\/www.notibras.com\/site\/wp-json\/wp\/v2\/posts"}],"about":[{"href":"https:\/\/www.notibras.com\/site\/wp-json\/wp\/v2\/types\/post"}],"author":[{"embeddable":true,"href":"https:\/\/www.notibras.com\/site\/wp-json\/wp\/v2\/users\/21"}],"replies":[{"embeddable":true,"href":"https:\/\/www.notibras.com\/site\/wp-json\/wp\/v2\/comments?post=409054"}],"version-history":[{"count":1,"href":"https:\/\/www.notibras.com\/site\/wp-json\/wp\/v2\/posts\/409054\/revisions"}],"predecessor-version":[{"id":409056,"href":"https:\/\/www.notibras.com\/site\/wp-json\/wp\/v2\/posts\/409054\/revisions\/409056"}],"wp:featuredmedia":[{"embeddable":true,"href":"https:\/\/www.notibras.com\/site\/wp-json\/wp\/v2\/media\/409055"}],"wp:attachment":[{"href":"https:\/\/www.notibras.com\/site\/wp-json\/wp\/v2\/media?parent=409054"}],"wp:term":[{"taxonomy":"category","embeddable":true,"href":"https:\/\/www.notibras.com\/site\/wp-json\/wp\/v2\/categories?post=409054"},{"taxonomy":"post_tag","embeddable":true,"href":"https:\/\/www.notibras.com\/site\/wp-json\/wp\/v2\/tags?post=409054"},{"taxonomy":"tmauthors","embeddable":true,"href":"https:\/\/www.notibras.com\/site\/wp-json\/wp\/v2\/tmauthors?post=409054"}],"curies":[{"name":"wp","href":"https:\/\/api.w.org\/{rel}","templated":true}]}}