{"id":409057,"date":"2026-09-05T02:00:56","date_gmt":"2026-09-05T05:00:56","guid":{"rendered":"https:\/\/www.notibras.com\/site\/?p=409057"},"modified":"2026-09-05T02:25:59","modified_gmt":"2026-09-05T05:25:59","slug":"cuidar-da-vida-alheia-e-mais-facil-que-olhar-para-si","status":"publish","type":"post","link":"https:\/\/www.notibras.com\/site\/cuidar-da-vida-alheia-e-mais-facil-que-olhar-para-si\/","title":{"rendered":"Cuidar da vida alheia \u00e9 mais f\u00e1cil que olhar para si"},"content":{"rendered":"<p>Acredito que j\u00e1 disse, \u00e0 exaust\u00e3o, que somos seres complexos. Que nosso maior defeito \u00e9, sem d\u00favida, o desejo de controlar tudo \u00e0 nossa volta. E definir a vida, a nossa rotina e a das pessoas que convivem no mesmo espa\u00e7o que n\u00f3s, de uma maneira que nos sintamos confort\u00e1veis. N\u00e3o importa, realmente, como as outras pessoas se sentem. Importa como percebemos o universo \u00e0 nossa volta&#8230;<\/p>\n<p>Se h\u00e1 algo que jamais deveria nos incomodar \u00e9 a maneira de viver de nossos semelhantes. Mas incomoda. O motivo? Boa pergunta. Acredito que, mesmo que viva por mil anos, jamais conseguirei encontrar essa resposta&#8230;<\/p>\n<p>Por mais imperfeita que seja nossa vida, desejamos que esta sirva d espelho para aqueles que gravitam ao nosso redor. Porque nossa maneira de viver \u00e9 a correta. Porque n\u00e3o existe nenhum outro tipo de intera\u00e7\u00e3o al\u00e9m do nosso. E tudo aquilo que v\u00e1 de encontro com essa nossa opini\u00e3o \u00e9 perigoso&#8230;<\/p>\n<p>J\u00e1 reparou que, n\u00e3o importa como seu vizinho viva ou deixe de viver, isso em nada interfere em sua vida? E, no entanto, tudo aquilo que este fizer que n\u00e3o estiver de acordo com os seus c\u00e2nones&#8230; as tradi\u00e7\u00f5es familiares que voc\u00ea recebeu de seus antecessores&#8230; est\u00e1 errado e deve ser combatido sem quartel&#8230;<\/p>\n<p>Vivemos v\u00e1rias linhas de frente nessa batalha sem quartel. Afinal, temos v\u00e1rios desvios de conduta social a combater. Iniciamos com a cruzada religiosa. \u00c9 nosso dever combater toda forma equivocada de cultuar o Alt\u00edssimo. Existe apenas um caminho at\u00e9 Ele, e esse \u00e9 o caminho que nossos pais nos ensinaram. E nos incumbiram de uma importante miss\u00e3o&#8230; evangelizar todos aqueles que seguem um caminho que inevitavelmente os afastar\u00e1 da luz&#8230;<\/p>\n<p>Poderia dizer que esta \u00e9 a &#8220;miss\u00e3o&#8221; mais complicada que recebemos na vida. Mas n\u00e3o \u00e9 bem assim. Afinal, durante nossa caminhada &#8220;evangelizadora&#8221; podemos acabar sendo cooptados por alguma outra f\u00e9 que, por um motivo ou por outro, se alinhe mais ao nosso pensamento. E acabamos por abandonar nosso pelot\u00e3o de origem e nos alistamos em outra frente de batalha&#8230;<\/p>\n<p>N\u00e3o importa o credo que seguimos nem as lutas que enfrentamos para levar &#8220;a palavra&#8221; aos gentios. O cuidado que devemos ter \u00e9 de n\u00e3o sermos inflex\u00edveis ao extremo&#8230; as maiores barbaridades cometidas pela Sociedade est\u00e3o ligadas, invariavelmente, \u00e0quilo que nomeamos como f\u00e9&#8230;<\/p>\n<p>Outra linha de frente \u00e9 a composi\u00e7\u00e3o social. Desde o ber\u00e7o temos em nossa mente a forma\u00e7\u00e3o correta do que \u00e9 ser um n\u00facleo familiar. E de como cada membro deste n\u00facleo tem que agir. Novamente, a maneira de cada um viver ou deixar de viver em nada interfere em nossa vida. E, no entanto&#8230;<\/p>\n<p>Em nossa imagina\u00e7\u00e3o a fam\u00edlia perfeita \u00e9 composta de um homem, uma mulher e sua prole. Qualquer coisa que fuja deste modelo est\u00e1 errada. Duas mulheres vivendo junto, dois homens em uma rela\u00e7\u00e3o marital&#8230;isso \u00e9 o fim do mundo, uma imoralidade. Mas&#8230; porque? Simples! Decidimos classificar tais relacionamentos como &#8220;imorais&#8221; porque aprendemos desde pequenos que \u00e9 errado, que &#8220;Deus&#8221; condena tal atitude&#8230; ou seja&#8230; \u00e9 um preconceito social, ligado \u00e0 sua forma\u00e7\u00e3o religiosa&#8230;<\/p>\n<p>Se um casal homossexual resolve adotar uma crian\u00e7a&#8230; pode ser um casal de homens ou de mulheres, n\u00e3o faz diferen\u00e7a&#8230; voc\u00ea j\u00e1 grita, em alto e bom som, que o correto \u00e9 esta crian\u00e7a ser adotada por um casal tradicional, um homem e uma mulher. Tudo bem, \u00e9 seu ponto de vista. Mas j\u00e1 se perguntou se a crian\u00e7a em quest\u00e3o realmente se importa com quem ir\u00e1 lhe dar um lar onde receber\u00e1 aten\u00e7\u00e3o, amor e carinho? Acredito que n\u00e3o&#8230;<\/p>\n<p>Voc\u00ea entende o quanto gostaria de interferir na vida daqueles que caminha \u00e0 sua volta, simplesmente porque a forma de vida destes n\u00e3o se enquadra em sua vis\u00e3o? E que, na verdade, isso em nada interfere em seu dia a dia? Mas \u00e9 algo que te incomoda bastante. E, algumas vezes, voc\u00ea tenta mudar essas pessoas para que voc\u00ea se sinta confort\u00e1vel&#8230; percebe a ironia de tal atitude?&#8230;<\/p>\n<p>Viva e deixe viver. Afinal, seu mundinho tamb\u00e9m est\u00e1 cheio de problemas para resolver. E em muitos casos, voc\u00ea fica t\u00e3o desesperado para encontrar uma solu\u00e7\u00e3o e acaba n\u00e3o vendo nenhuma sa\u00edda&#8230; j\u00e1 pensou que este pode ser o motivo principal pelo qual as pessoas \u00e0 sua volta te incomodam tanto? Afinal, enquanto voc\u00ea estiver preocupado com a vida de seu semelhante, deixa de pensar um pouco em seus pr\u00f3prios problemas&#8230; eis a\u00ed algo para se pensar&#8230;<\/p>\n","protected":false},"excerpt":{"rendered":"<p>Acredito que j\u00e1 disse, \u00e0 exaust\u00e3o, que somos seres complexos. Que nosso maior defeito \u00e9, sem d\u00favida, o desejo de controlar tudo \u00e0 nossa volta. E definir a vida, a nossa rotina e a das pessoas que convivem no mesmo espa\u00e7o que n\u00f3s, de uma maneira que nos sintamos confort\u00e1veis. N\u00e3o importa, realmente, como as [&hellip;]<\/p>\n","protected":false},"author":21,"featured_media":409058,"comment_status":"closed","ping_status":"closed","sticky":false,"template":"","format":"standard","meta":{"_acf_changed":false,"footnotes":""},"categories":[234],"tags":[],"tmauthors":[306],"class_list":["post-409057","post","type-post","status-publish","format-standard","has-post-thumbnail","category-cafe-literario"],"acf":[],"yoast_head":"<!-- This site is optimized with the Yoast SEO plugin v28.0 - https:\/\/yoast.com\/product\/yoast-seo-wordpress\/ -->\n<title>Cuidar da vida alheia \u00e9 mais f\u00e1cil que olhar para si - Notibras<\/title>\n<meta name=\"robots\" content=\"index, follow, max-snippet:-1, max-image-preview:large, max-video-preview:-1\" \/>\n<link rel=\"canonical\" href=\"https:\/\/www.notibras.com\/site\/cuidar-da-vida-alheia-e-mais-facil-que-olhar-para-si\/\" \/>\n<meta property=\"og:locale\" content=\"pt_BR\" \/>\n<meta property=\"og:type\" content=\"article\" \/>\n<meta property=\"og:title\" content=\"Cuidar da vida alheia \u00e9 mais f\u00e1cil que olhar para si - Notibras\" \/>\n<meta property=\"og:description\" content=\"Acredito que j\u00e1 disse, \u00e0 exaust\u00e3o, que somos seres complexos. Que nosso maior defeito \u00e9, sem d\u00favida, o desejo de controlar tudo \u00e0 nossa volta. E definir a vida, a nossa rotina e a das pessoas que convivem no mesmo espa\u00e7o que n\u00f3s, de uma maneira que nos sintamos confort\u00e1veis. N\u00e3o importa, realmente, como as [&hellip;]\" \/>\n<meta property=\"og:url\" content=\"https:\/\/www.notibras.com\/site\/cuidar-da-vida-alheia-e-mais-facil-que-olhar-para-si\/\" \/>\n<meta property=\"og:site_name\" content=\"Notibras\" \/>\n<meta property=\"article:publisher\" content=\"https:\/\/www.facebook.com\/notibras\/\" \/>\n<meta property=\"article:published_time\" content=\"2026-09-05T05:00:56+00:00\" \/>\n<meta property=\"article:modified_time\" content=\"2026-09-05T05:25:59+00:00\" \/>\n<meta property=\"og:image\" content=\"https:\/\/www.notibras.com\/site\/wp-content\/uploads\/2026\/09\/WhatsApp-Image-2026-09-02-at-22.01.30.jpeg\" \/>\n\t<meta property=\"og:image:width\" content=\"1280\" \/>\n\t<meta property=\"og:image:height\" content=\"853\" \/>\n\t<meta property=\"og:image:type\" content=\"image\/jpeg\" \/>\n<meta name=\"author\" content=\"Eduardo Mart\u00ednez\" \/>\n<meta name=\"twitter:card\" content=\"summary_large_image\" \/>\n<meta name=\"twitter:creator\" content=\"@Notibras\" \/>\n<meta name=\"twitter:site\" content=\"@Notibras\" \/>\n<meta name=\"twitter:label1\" content=\"Escrito por\" \/>\n\t<meta name=\"twitter:data1\" content=\"Eduardo Mart\u00ednez\" \/>\n\t<meta name=\"twitter:label2\" content=\"Est. tempo de leitura\" \/>\n\t<meta name=\"twitter:data2\" content=\"5 minutos\" \/>\n<script type=\"application\/ld+json\" class=\"yoast-schema-graph\">{\"@context\":\"https:\\\/\\\/schema.org\",\"@graph\":[{\"@type\":\"Article\",\"@id\":\"https:\\\/\\\/www.notibras.com\\\/site\\\/cuidar-da-vida-alheia-e-mais-facil-que-olhar-para-si\\\/#article\",\"isPartOf\":{\"@id\":\"https:\\\/\\\/www.notibras.com\\\/site\\\/cuidar-da-vida-alheia-e-mais-facil-que-olhar-para-si\\\/\"},\"author\":{\"name\":\"Eduardo Mart\u00ednez\",\"@id\":\"https:\\\/\\\/www.notibras.com\\\/site\\\/#\\\/schema\\\/person\\\/5b7fabf2aedc3ada2105f03b22b4d3dd\"},\"headline\":\"Cuidar da vida alheia \u00e9 mais f\u00e1cil que olhar para si\",\"datePublished\":\"2026-09-05T05:00:56+00:00\",\"dateModified\":\"2026-09-05T05:25:59+00:00\",\"mainEntityOfPage\":{\"@id\":\"https:\\\/\\\/www.notibras.com\\\/site\\\/cuidar-da-vida-alheia-e-mais-facil-que-olhar-para-si\\\/\"},\"wordCount\":773,\"publisher\":{\"@id\":\"https:\\\/\\\/www.notibras.com\\\/site\\\/#organization\"},\"image\":{\"@id\":\"https:\\\/\\\/www.notibras.com\\\/site\\\/cuidar-da-vida-alheia-e-mais-facil-que-olhar-para-si\\\/#primaryimage\"},\"thumbnailUrl\":\"https:\\\/\\\/www.notibras.com\\\/site\\\/wp-content\\\/uploads\\\/2026\\\/09\\\/WhatsApp-Image-2026-09-02-at-22.01.30.jpeg\",\"articleSection\":[\"Caf\u00e9 Liter\u00e1rio\"],\"inLanguage\":\"pt-BR\"},{\"@type\":\"WebPage\",\"@id\":\"https:\\\/\\\/www.notibras.com\\\/site\\\/cuidar-da-vida-alheia-e-mais-facil-que-olhar-para-si\\\/\",\"url\":\"https:\\\/\\\/www.notibras.com\\\/site\\\/cuidar-da-vida-alheia-e-mais-facil-que-olhar-para-si\\\/\",\"name\":\"Cuidar da vida alheia \u00e9 mais f\u00e1cil que olhar para si - Notibras\",\"isPartOf\":{\"@id\":\"https:\\\/\\\/www.notibras.com\\\/site\\\/#website\"},\"primaryImageOfPage\":{\"@id\":\"https:\\\/\\\/www.notibras.com\\\/site\\\/cuidar-da-vida-alheia-e-mais-facil-que-olhar-para-si\\\/#primaryimage\"},\"image\":{\"@id\":\"https:\\\/\\\/www.notibras.com\\\/site\\\/cuidar-da-vida-alheia-e-mais-facil-que-olhar-para-si\\\/#primaryimage\"},\"thumbnailUrl\":\"https:\\\/\\\/www.notibras.com\\\/site\\\/wp-content\\\/uploads\\\/2026\\\/09\\\/WhatsApp-Image-2026-09-02-at-22.01.30.jpeg\",\"datePublished\":\"2026-09-05T05:00:56+00:00\",\"dateModified\":\"2026-09-05T05:25:59+00:00\",\"breadcrumb\":{\"@id\":\"https:\\\/\\\/www.notibras.com\\\/site\\\/cuidar-da-vida-alheia-e-mais-facil-que-olhar-para-si\\\/#breadcrumb\"},\"inLanguage\":\"pt-BR\",\"potentialAction\":[{\"@type\":\"ReadAction\",\"target\":[\"https:\\\/\\\/www.notibras.com\\\/site\\\/cuidar-da-vida-alheia-e-mais-facil-que-olhar-para-si\\\/\"]}]},{\"@type\":\"ImageObject\",\"inLanguage\":\"pt-BR\",\"@id\":\"https:\\\/\\\/www.notibras.com\\\/site\\\/cuidar-da-vida-alheia-e-mais-facil-que-olhar-para-si\\\/#primaryimage\",\"url\":\"https:\\\/\\\/www.notibras.com\\\/site\\\/wp-content\\\/uploads\\\/2026\\\/09\\\/WhatsApp-Image-2026-09-02-at-22.01.30.jpeg\",\"contentUrl\":\"https:\\\/\\\/www.notibras.com\\\/site\\\/wp-content\\\/uploads\\\/2026\\\/09\\\/WhatsApp-Image-2026-09-02-at-22.01.30.jpeg\",\"width\":1280,\"height\":853},{\"@type\":\"BreadcrumbList\",\"@id\":\"https:\\\/\\\/www.notibras.com\\\/site\\\/cuidar-da-vida-alheia-e-mais-facil-que-olhar-para-si\\\/#breadcrumb\",\"itemListElement\":[{\"@type\":\"ListItem\",\"position\":1,\"name\":\"In\u00edcio\",\"item\":\"https:\\\/\\\/www.notibras.com\\\/site\\\/\"},{\"@type\":\"ListItem\",\"position\":2,\"name\":\"Cuidar da vida alheia \u00e9 mais f\u00e1cil que olhar para si\"}]},{\"@type\":\"WebSite\",\"@id\":\"https:\\\/\\\/www.notibras.com\\\/site\\\/#website\",\"url\":\"https:\\\/\\\/www.notibras.com\\\/site\\\/\",\"name\":\"Notibras\",\"description\":\"Not\u00edcias de Bras\u00edlia, do Brasil e do Mundo\",\"publisher\":{\"@id\":\"https:\\\/\\\/www.notibras.com\\\/site\\\/#organization\"},\"potentialAction\":[{\"@type\":\"SearchAction\",\"target\":{\"@type\":\"EntryPoint\",\"urlTemplate\":\"https:\\\/\\\/www.notibras.com\\\/site\\\/?s={search_term_string}\"},\"query-input\":{\"@type\":\"PropertyValueSpecification\",\"valueRequired\":true,\"valueName\":\"search_term_string\"}}],\"inLanguage\":\"pt-BR\"},{\"@type\":\"Organization\",\"@id\":\"https:\\\/\\\/www.notibras.com\\\/site\\\/#organization\",\"name\":\"Grupo Notibras de Comunica\u00e7\u00e3o\",\"url\":\"https:\\\/\\\/www.notibras.com\\\/site\\\/\",\"logo\":{\"@type\":\"ImageObject\",\"inLanguage\":\"pt-BR\",\"@id\":\"https:\\\/\\\/www.notibras.com\\\/site\\\/#\\\/schema\\\/logo\\\/image\\\/\",\"url\":\"https:\\\/\\\/www.notibras.com\\\/site\\\/wp-content\\\/uploads\\\/2023\\\/01\\\/notibras23.png\",\"contentUrl\":\"https:\\\/\\\/www.notibras.com\\\/site\\\/wp-content\\\/uploads\\\/2023\\\/01\\\/notibras23.png\",\"width\":350,\"height\":87,\"caption\":\"Grupo Notibras de Comunica\u00e7\u00e3o\"},\"image\":{\"@id\":\"https:\\\/\\\/www.notibras.com\\\/site\\\/#\\\/schema\\\/logo\\\/image\\\/\"},\"sameAs\":[\"https:\\\/\\\/www.facebook.com\\\/notibras\\\/\",\"https:\\\/\\\/x.com\\\/Notibras\",\"https:\\\/\\\/www.instagram.com\\\/notibras\\\/\"]},{\"@type\":\"Person\",\"@id\":\"https:\\\/\\\/www.notibras.com\\\/site\\\/#\\\/schema\\\/person\\\/5b7fabf2aedc3ada2105f03b22b4d3dd\",\"name\":\"Eduardo Mart\u00ednez\",\"image\":{\"@type\":\"ImageObject\",\"inLanguage\":\"pt-BR\",\"@id\":\"https:\\\/\\\/secure.gravatar.com\\\/avatar\\\/7902f906289926289cbcda644b5197c796b893c6ffd7b9a536a42d290f7704a0?s=96&d=mm&r=g\",\"url\":\"https:\\\/\\\/secure.gravatar.com\\\/avatar\\\/7902f906289926289cbcda644b5197c796b893c6ffd7b9a536a42d290f7704a0?s=96&d=mm&r=g\",\"contentUrl\":\"https:\\\/\\\/secure.gravatar.com\\\/avatar\\\/7902f906289926289cbcda644b5197c796b893c6ffd7b9a536a42d290f7704a0?s=96&d=mm&r=g\",\"caption\":\"Eduardo Mart\u00ednez\"}}]}<\/script>\n<!-- \/ Yoast SEO plugin. -->","yoast_head_json":{"title":"Cuidar da vida alheia \u00e9 mais f\u00e1cil que olhar para si - Notibras","robots":{"index":"index","follow":"follow","max-snippet":"max-snippet:-1","max-image-preview":"max-image-preview:large","max-video-preview":"max-video-preview:-1"},"canonical":"https:\/\/www.notibras.com\/site\/cuidar-da-vida-alheia-e-mais-facil-que-olhar-para-si\/","og_locale":"pt_BR","og_type":"article","og_title":"Cuidar da vida alheia \u00e9 mais f\u00e1cil que olhar para si - Notibras","og_description":"Acredito que j\u00e1 disse, \u00e0 exaust\u00e3o, que somos seres complexos. Que nosso maior defeito \u00e9, sem d\u00favida, o desejo de controlar tudo \u00e0 nossa volta. E definir a vida, a nossa rotina e a das pessoas que convivem no mesmo espa\u00e7o que n\u00f3s, de uma maneira que nos sintamos confort\u00e1veis. N\u00e3o importa, realmente, como as [&hellip;]","og_url":"https:\/\/www.notibras.com\/site\/cuidar-da-vida-alheia-e-mais-facil-que-olhar-para-si\/","og_site_name":"Notibras","article_publisher":"https:\/\/www.facebook.com\/notibras\/","article_published_time":"2026-09-05T05:00:56+00:00","article_modified_time":"2026-09-05T05:25:59+00:00","og_image":[{"width":1280,"height":853,"url":"https:\/\/www.notibras.com\/site\/wp-content\/uploads\/2026\/09\/WhatsApp-Image-2026-09-02-at-22.01.30.jpeg","type":"image\/jpeg"}],"author":"Eduardo Mart\u00ednez","twitter_card":"summary_large_image","twitter_creator":"@Notibras","twitter_site":"@Notibras","twitter_misc":{"Escrito por":"Eduardo Mart\u00ednez","Est. tempo de leitura":"5 minutos"},"schema":{"@context":"https:\/\/schema.org","@graph":[{"@type":"Article","@id":"https:\/\/www.notibras.com\/site\/cuidar-da-vida-alheia-e-mais-facil-que-olhar-para-si\/#article","isPartOf":{"@id":"https:\/\/www.notibras.com\/site\/cuidar-da-vida-alheia-e-mais-facil-que-olhar-para-si\/"},"author":{"name":"Eduardo Mart\u00ednez","@id":"https:\/\/www.notibras.com\/site\/#\/schema\/person\/5b7fabf2aedc3ada2105f03b22b4d3dd"},"headline":"Cuidar da vida alheia \u00e9 mais f\u00e1cil que olhar para si","datePublished":"2026-09-05T05:00:56+00:00","dateModified":"2026-09-05T05:25:59+00:00","mainEntityOfPage":{"@id":"https:\/\/www.notibras.com\/site\/cuidar-da-vida-alheia-e-mais-facil-que-olhar-para-si\/"},"wordCount":773,"publisher":{"@id":"https:\/\/www.notibras.com\/site\/#organization"},"image":{"@id":"https:\/\/www.notibras.com\/site\/cuidar-da-vida-alheia-e-mais-facil-que-olhar-para-si\/#primaryimage"},"thumbnailUrl":"https:\/\/www.notibras.com\/site\/wp-content\/uploads\/2026\/09\/WhatsApp-Image-2026-09-02-at-22.01.30.jpeg","articleSection":["Caf\u00e9 Liter\u00e1rio"],"inLanguage":"pt-BR"},{"@type":"WebPage","@id":"https:\/\/www.notibras.com\/site\/cuidar-da-vida-alheia-e-mais-facil-que-olhar-para-si\/","url":"https:\/\/www.notibras.com\/site\/cuidar-da-vida-alheia-e-mais-facil-que-olhar-para-si\/","name":"Cuidar da vida alheia \u00e9 mais f\u00e1cil que olhar para si - Notibras","isPartOf":{"@id":"https:\/\/www.notibras.com\/site\/#website"},"primaryImageOfPage":{"@id":"https:\/\/www.notibras.com\/site\/cuidar-da-vida-alheia-e-mais-facil-que-olhar-para-si\/#primaryimage"},"image":{"@id":"https:\/\/www.notibras.com\/site\/cuidar-da-vida-alheia-e-mais-facil-que-olhar-para-si\/#primaryimage"},"thumbnailUrl":"https:\/\/www.notibras.com\/site\/wp-content\/uploads\/2026\/09\/WhatsApp-Image-2026-09-02-at-22.01.30.jpeg","datePublished":"2026-09-05T05:00:56+00:00","dateModified":"2026-09-05T05:25:59+00:00","breadcrumb":{"@id":"https:\/\/www.notibras.com\/site\/cuidar-da-vida-alheia-e-mais-facil-que-olhar-para-si\/#breadcrumb"},"inLanguage":"pt-BR","potentialAction":[{"@type":"ReadAction","target":["https:\/\/www.notibras.com\/site\/cuidar-da-vida-alheia-e-mais-facil-que-olhar-para-si\/"]}]},{"@type":"ImageObject","inLanguage":"pt-BR","@id":"https:\/\/www.notibras.com\/site\/cuidar-da-vida-alheia-e-mais-facil-que-olhar-para-si\/#primaryimage","url":"https:\/\/www.notibras.com\/site\/wp-content\/uploads\/2026\/09\/WhatsApp-Image-2026-09-02-at-22.01.30.jpeg","contentUrl":"https:\/\/www.notibras.com\/site\/wp-content\/uploads\/2026\/09\/WhatsApp-Image-2026-09-02-at-22.01.30.jpeg","width":1280,"height":853},{"@type":"BreadcrumbList","@id":"https:\/\/www.notibras.com\/site\/cuidar-da-vida-alheia-e-mais-facil-que-olhar-para-si\/#breadcrumb","itemListElement":[{"@type":"ListItem","position":1,"name":"In\u00edcio","item":"https:\/\/www.notibras.com\/site\/"},{"@type":"ListItem","position":2,"name":"Cuidar da vida alheia \u00e9 mais f\u00e1cil que olhar para si"}]},{"@type":"WebSite","@id":"https:\/\/www.notibras.com\/site\/#website","url":"https:\/\/www.notibras.com\/site\/","name":"Notibras","description":"Not\u00edcias de Bras\u00edlia, do Brasil e do Mundo","publisher":{"@id":"https:\/\/www.notibras.com\/site\/#organization"},"potentialAction":[{"@type":"SearchAction","target":{"@type":"EntryPoint","urlTemplate":"https:\/\/www.notibras.com\/site\/?s={search_term_string}"},"query-input":{"@type":"PropertyValueSpecification","valueRequired":true,"valueName":"search_term_string"}}],"inLanguage":"pt-BR"},{"@type":"Organization","@id":"https:\/\/www.notibras.com\/site\/#organization","name":"Grupo Notibras de Comunica\u00e7\u00e3o","url":"https:\/\/www.notibras.com\/site\/","logo":{"@type":"ImageObject","inLanguage":"pt-BR","@id":"https:\/\/www.notibras.com\/site\/#\/schema\/logo\/image\/","url":"https:\/\/www.notibras.com\/site\/wp-content\/uploads\/2023\/01\/notibras23.png","contentUrl":"https:\/\/www.notibras.com\/site\/wp-content\/uploads\/2023\/01\/notibras23.png","width":350,"height":87,"caption":"Grupo Notibras de Comunica\u00e7\u00e3o"},"image":{"@id":"https:\/\/www.notibras.com\/site\/#\/schema\/logo\/image\/"},"sameAs":["https:\/\/www.facebook.com\/notibras\/","https:\/\/x.com\/Notibras","https:\/\/www.instagram.com\/notibras\/"]},{"@type":"Person","@id":"https:\/\/www.notibras.com\/site\/#\/schema\/person\/5b7fabf2aedc3ada2105f03b22b4d3dd","name":"Eduardo Mart\u00ednez","image":{"@type":"ImageObject","inLanguage":"pt-BR","@id":"https:\/\/secure.gravatar.com\/avatar\/7902f906289926289cbcda644b5197c796b893c6ffd7b9a536a42d290f7704a0?s=96&d=mm&r=g","url":"https:\/\/secure.gravatar.com\/avatar\/7902f906289926289cbcda644b5197c796b893c6ffd7b9a536a42d290f7704a0?s=96&d=mm&r=g","contentUrl":"https:\/\/secure.gravatar.com\/avatar\/7902f906289926289cbcda644b5197c796b893c6ffd7b9a536a42d290f7704a0?s=96&d=mm&r=g","caption":"Eduardo Mart\u00ednez"}}]}},"_links":{"self":[{"href":"https:\/\/www.notibras.com\/site\/wp-json\/wp\/v2\/posts\/409057","targetHints":{"allow":["GET"]}}],"collection":[{"href":"https:\/\/www.notibras.com\/site\/wp-json\/wp\/v2\/posts"}],"about":[{"href":"https:\/\/www.notibras.com\/site\/wp-json\/wp\/v2\/types\/post"}],"author":[{"embeddable":true,"href":"https:\/\/www.notibras.com\/site\/wp-json\/wp\/v2\/users\/21"}],"replies":[{"embeddable":true,"href":"https:\/\/www.notibras.com\/site\/wp-json\/wp\/v2\/comments?post=409057"}],"version-history":[{"count":5,"href":"https:\/\/www.notibras.com\/site\/wp-json\/wp\/v2\/posts\/409057\/revisions"}],"predecessor-version":[{"id":409280,"href":"https:\/\/www.notibras.com\/site\/wp-json\/wp\/v2\/posts\/409057\/revisions\/409280"}],"wp:featuredmedia":[{"embeddable":true,"href":"https:\/\/www.notibras.com\/site\/wp-json\/wp\/v2\/media\/409058"}],"wp:attachment":[{"href":"https:\/\/www.notibras.com\/site\/wp-json\/wp\/v2\/media?parent=409057"}],"wp:term":[{"taxonomy":"category","embeddable":true,"href":"https:\/\/www.notibras.com\/site\/wp-json\/wp\/v2\/categories?post=409057"},{"taxonomy":"post_tag","embeddable":true,"href":"https:\/\/www.notibras.com\/site\/wp-json\/wp\/v2\/tags?post=409057"},{"taxonomy":"tmauthors","embeddable":true,"href":"https:\/\/www.notibras.com\/site\/wp-json\/wp\/v2\/tmauthors?post=409057"}],"curies":[{"name":"wp","href":"https:\/\/api.w.org\/{rel}","templated":true}]}}