{"id":409065,"date":"2026-09-03T02:15:38","date_gmt":"2026-09-03T05:15:38","guid":{"rendered":"https:\/\/www.notibras.com\/site\/?p=409065"},"modified":"2026-09-03T08:34:51","modified_gmt":"2026-09-03T11:34:51","slug":"no-frigir-dos-ovos-vai-dar-pizza-a-passarinho","status":"publish","type":"post","link":"https:\/\/www.notibras.com\/site\/no-frigir-dos-ovos-vai-dar-pizza-a-passarinho\/","title":{"rendered":"No frigir dos ovos, vai dar pizza a passarinho?"},"content":{"rendered":"<p>Diante dos \u00faltimos esc\u00e2ndalos envolvendo Daniel Vorcaro e o Banco Master, aumentaram as cr\u00edticas a ministros do STF. Houve at\u00e9 editorial de um grande jornal defendendo o afastamento de Alexandre de Moraes. Grupos pol\u00edticos, entidades e diversas institui\u00e7\u00f5es tamb\u00e9m passaram a cobrar explica\u00e7\u00f5es p\u00fablicas de autoridades que mantiveram algum tipo de contato ou reuni\u00e3o com Vorcaro.<\/p>\n<p>Mas h\u00e1 um detalhe que n\u00e3o pode ser ignorado. Apenas uma pessoa recebeu mais de R$ 60 milh\u00f5es de Daniel Vorcaro. Apenas uma pessoa o visitou quando ele j\u00e1 estava preso. Apenas uma pessoa o chamava de \u201cirm\u00e3oz\u00e3o\u201d. Essa pessoa \u00e9 Fl\u00e1vio Bolsonaro.<\/p>\n<p>\u00c9 evidente que qualquer autoridade deve se explicar caso tenha mantido rela\u00e7\u00e3o inadequada com o banqueiro. Mas, em pleno per\u00edodo eleitoral, existe uma diferen\u00e7a fundamental: Alexandre de Moraes e os demais ministros do STF n\u00e3o est\u00e3o disputando a Presid\u00eancia da Rep\u00fablica. Fl\u00e1vio est\u00e1. \u00c9 ele quem pretende comandar o Executivo e, por isso, \u00e9 o seu projeto pol\u00edtico que precisa prestar contas ao eleitor.<\/p>\n","protected":false},"excerpt":{"rendered":"<p>Diante dos \u00faltimos esc\u00e2ndalos envolvendo Daniel Vorcaro e o Banco Master, aumentaram as cr\u00edticas a ministros do STF. Houve at\u00e9 editorial de um grande jornal defendendo o afastamento de Alexandre de Moraes. Grupos pol\u00edticos, entidades e diversas institui\u00e7\u00f5es tamb\u00e9m passaram a cobrar explica\u00e7\u00f5es p\u00fablicas de autoridades que mantiveram algum tipo de contato ou reuni\u00e3o com [&hellip;]<\/p>\n","protected":false},"author":21,"featured_media":349095,"comment_status":"closed","ping_status":"closed","sticky":false,"template":"","format":"standard","meta":{"_acf_changed":false,"footnotes":""},"categories":[235],"tags":[],"tmauthors":[306],"class_list":["post-409065","post","type-post","status-publish","format-standard","has-post-thumbnail","category-dona-irene"],"acf":[],"yoast_head":"<!-- This site is optimized with the Yoast SEO plugin v28.0 - https:\/\/yoast.com\/product\/yoast-seo-wordpress\/ -->\n<title>No frigir dos ovos, vai dar pizza a passarinho? - Notibras<\/title>\n<meta name=\"robots\" content=\"index, follow, max-snippet:-1, max-image-preview:large, max-video-preview:-1\" \/>\n<link rel=\"canonical\" href=\"https:\/\/www.notibras.com\/site\/no-frigir-dos-ovos-vai-dar-pizza-a-passarinho\/\" \/>\n<meta property=\"og:locale\" content=\"pt_BR\" \/>\n<meta property=\"og:type\" content=\"article\" \/>\n<meta property=\"og:title\" content=\"No frigir dos ovos, vai dar pizza a passarinho? - Notibras\" \/>\n<meta property=\"og:description\" content=\"Diante dos \u00faltimos esc\u00e2ndalos envolvendo Daniel Vorcaro e o Banco Master, aumentaram as cr\u00edticas a ministros do STF. Houve at\u00e9 editorial de um grande jornal defendendo o afastamento de Alexandre de Moraes. Grupos pol\u00edticos, entidades e diversas institui\u00e7\u00f5es tamb\u00e9m passaram a cobrar explica\u00e7\u00f5es p\u00fablicas de autoridades que mantiveram algum tipo de contato ou reuni\u00e3o com [&hellip;]\" \/>\n<meta property=\"og:url\" content=\"https:\/\/www.notibras.com\/site\/no-frigir-dos-ovos-vai-dar-pizza-a-passarinho\/\" \/>\n<meta property=\"og:site_name\" content=\"Notibras\" \/>\n<meta property=\"article:publisher\" content=\"https:\/\/www.facebook.com\/notibras\/\" \/>\n<meta property=\"article:published_time\" content=\"2026-09-03T05:15:38+00:00\" \/>\n<meta property=\"article:modified_time\" content=\"2026-09-03T11:34:51+00:00\" \/>\n<meta property=\"og:image\" content=\"https:\/\/www.notibras.com\/site\/wp-content\/uploads\/2025\/02\/realdinheiro_moeda_1310202265.webp\" \/>\n\t<meta property=\"og:image:width\" content=\"770\" \/>\n\t<meta property=\"og:image:height\" content=\"513\" \/>\n\t<meta property=\"og:image:type\" content=\"image\/webp\" \/>\n<meta name=\"author\" content=\"Eduardo Mart\u00ednez\" \/>\n<meta name=\"twitter:card\" content=\"summary_large_image\" \/>\n<meta name=\"twitter:creator\" content=\"@Notibras\" \/>\n<meta name=\"twitter:site\" content=\"@Notibras\" \/>\n<meta name=\"twitter:label1\" content=\"Escrito por\" \/>\n\t<meta name=\"twitter:data1\" content=\"Eduardo Mart\u00ednez\" \/>\n\t<meta name=\"twitter:label2\" content=\"Est. tempo de leitura\" \/>\n\t<meta name=\"twitter:data2\" content=\"2 minutos\" \/>\n<script type=\"application\/ld+json\" class=\"yoast-schema-graph\">{\"@context\":\"https:\\\/\\\/schema.org\",\"@graph\":[{\"@type\":\"Article\",\"@id\":\"https:\\\/\\\/www.notibras.com\\\/site\\\/no-frigir-dos-ovos-vai-dar-pizza-a-passarinho\\\/#article\",\"isPartOf\":{\"@id\":\"https:\\\/\\\/www.notibras.com\\\/site\\\/no-frigir-dos-ovos-vai-dar-pizza-a-passarinho\\\/\"},\"author\":{\"name\":\"Eduardo Mart\u00ednez\",\"@id\":\"https:\\\/\\\/www.notibras.com\\\/site\\\/#\\\/schema\\\/person\\\/5b7fabf2aedc3ada2105f03b22b4d3dd\"},\"headline\":\"No frigir dos ovos, vai dar pizza a passarinho?\",\"datePublished\":\"2026-09-03T05:15:38+00:00\",\"dateModified\":\"2026-09-03T11:34:51+00:00\",\"mainEntityOfPage\":{\"@id\":\"https:\\\/\\\/www.notibras.com\\\/site\\\/no-frigir-dos-ovos-vai-dar-pizza-a-passarinho\\\/\"},\"wordCount\":189,\"publisher\":{\"@id\":\"https:\\\/\\\/www.notibras.com\\\/site\\\/#organization\"},\"image\":{\"@id\":\"https:\\\/\\\/www.notibras.com\\\/site\\\/no-frigir-dos-ovos-vai-dar-pizza-a-passarinho\\\/#primaryimage\"},\"thumbnailUrl\":\"https:\\\/\\\/www.notibras.com\\\/site\\\/wp-content\\\/uploads\\\/2025\\\/02\\\/realdinheiro_moeda_1310202265.webp\",\"articleSection\":[\"Dona Irene\"],\"inLanguage\":\"pt-BR\"},{\"@type\":\"WebPage\",\"@id\":\"https:\\\/\\\/www.notibras.com\\\/site\\\/no-frigir-dos-ovos-vai-dar-pizza-a-passarinho\\\/\",\"url\":\"https:\\\/\\\/www.notibras.com\\\/site\\\/no-frigir-dos-ovos-vai-dar-pizza-a-passarinho\\\/\",\"name\":\"No frigir dos ovos, vai dar pizza a passarinho? - Notibras\",\"isPartOf\":{\"@id\":\"https:\\\/\\\/www.notibras.com\\\/site\\\/#website\"},\"primaryImageOfPage\":{\"@id\":\"https:\\\/\\\/www.notibras.com\\\/site\\\/no-frigir-dos-ovos-vai-dar-pizza-a-passarinho\\\/#primaryimage\"},\"image\":{\"@id\":\"https:\\\/\\\/www.notibras.com\\\/site\\\/no-frigir-dos-ovos-vai-dar-pizza-a-passarinho\\\/#primaryimage\"},\"thumbnailUrl\":\"https:\\\/\\\/www.notibras.com\\\/site\\\/wp-content\\\/uploads\\\/2025\\\/02\\\/realdinheiro_moeda_1310202265.webp\",\"datePublished\":\"2026-09-03T05:15:38+00:00\",\"dateModified\":\"2026-09-03T11:34:51+00:00\",\"breadcrumb\":{\"@id\":\"https:\\\/\\\/www.notibras.com\\\/site\\\/no-frigir-dos-ovos-vai-dar-pizza-a-passarinho\\\/#breadcrumb\"},\"inLanguage\":\"pt-BR\",\"potentialAction\":[{\"@type\":\"ReadAction\",\"target\":[\"https:\\\/\\\/www.notibras.com\\\/site\\\/no-frigir-dos-ovos-vai-dar-pizza-a-passarinho\\\/\"]}]},{\"@type\":\"ImageObject\",\"inLanguage\":\"pt-BR\",\"@id\":\"https:\\\/\\\/www.notibras.com\\\/site\\\/no-frigir-dos-ovos-vai-dar-pizza-a-passarinho\\\/#primaryimage\",\"url\":\"https:\\\/\\\/www.notibras.com\\\/site\\\/wp-content\\\/uploads\\\/2025\\\/02\\\/realdinheiro_moeda_1310202265.webp\",\"contentUrl\":\"https:\\\/\\\/www.notibras.com\\\/site\\\/wp-content\\\/uploads\\\/2025\\\/02\\\/realdinheiro_moeda_1310202265.webp\",\"width\":770,\"height\":513},{\"@type\":\"BreadcrumbList\",\"@id\":\"https:\\\/\\\/www.notibras.com\\\/site\\\/no-frigir-dos-ovos-vai-dar-pizza-a-passarinho\\\/#breadcrumb\",\"itemListElement\":[{\"@type\":\"ListItem\",\"position\":1,\"name\":\"In\u00edcio\",\"item\":\"https:\\\/\\\/www.notibras.com\\\/site\\\/\"},{\"@type\":\"ListItem\",\"position\":2,\"name\":\"No frigir dos ovos, vai dar pizza a passarinho?\"}]},{\"@type\":\"WebSite\",\"@id\":\"https:\\\/\\\/www.notibras.com\\\/site\\\/#website\",\"url\":\"https:\\\/\\\/www.notibras.com\\\/site\\\/\",\"name\":\"Notibras\",\"description\":\"Not\u00edcias de Bras\u00edlia, do Brasil e do Mundo\",\"publisher\":{\"@id\":\"https:\\\/\\\/www.notibras.com\\\/site\\\/#organization\"},\"potentialAction\":[{\"@type\":\"SearchAction\",\"target\":{\"@type\":\"EntryPoint\",\"urlTemplate\":\"https:\\\/\\\/www.notibras.com\\\/site\\\/?s={search_term_string}\"},\"query-input\":{\"@type\":\"PropertyValueSpecification\",\"valueRequired\":true,\"valueName\":\"search_term_string\"}}],\"inLanguage\":\"pt-BR\"},{\"@type\":\"Organization\",\"@id\":\"https:\\\/\\\/www.notibras.com\\\/site\\\/#organization\",\"name\":\"Grupo Notibras de Comunica\u00e7\u00e3o\",\"url\":\"https:\\\/\\\/www.notibras.com\\\/site\\\/\",\"logo\":{\"@type\":\"ImageObject\",\"inLanguage\":\"pt-BR\",\"@id\":\"https:\\\/\\\/www.notibras.com\\\/site\\\/#\\\/schema\\\/logo\\\/image\\\/\",\"url\":\"https:\\\/\\\/www.notibras.com\\\/site\\\/wp-content\\\/uploads\\\/2023\\\/01\\\/notibras23.png\",\"contentUrl\":\"https:\\\/\\\/www.notibras.com\\\/site\\\/wp-content\\\/uploads\\\/2023\\\/01\\\/notibras23.png\",\"width\":350,\"height\":87,\"caption\":\"Grupo Notibras de Comunica\u00e7\u00e3o\"},\"image\":{\"@id\":\"https:\\\/\\\/www.notibras.com\\\/site\\\/#\\\/schema\\\/logo\\\/image\\\/\"},\"sameAs\":[\"https:\\\/\\\/www.facebook.com\\\/notibras\\\/\",\"https:\\\/\\\/x.com\\\/Notibras\",\"https:\\\/\\\/www.instagram.com\\\/notibras\\\/\"]},{\"@type\":\"Person\",\"@id\":\"https:\\\/\\\/www.notibras.com\\\/site\\\/#\\\/schema\\\/person\\\/5b7fabf2aedc3ada2105f03b22b4d3dd\",\"name\":\"Eduardo Mart\u00ednez\",\"image\":{\"@type\":\"ImageObject\",\"inLanguage\":\"pt-BR\",\"@id\":\"https:\\\/\\\/secure.gravatar.com\\\/avatar\\\/7902f906289926289cbcda644b5197c796b893c6ffd7b9a536a42d290f7704a0?s=96&d=mm&r=g\",\"url\":\"https:\\\/\\\/secure.gravatar.com\\\/avatar\\\/7902f906289926289cbcda644b5197c796b893c6ffd7b9a536a42d290f7704a0?s=96&d=mm&r=g\",\"contentUrl\":\"https:\\\/\\\/secure.gravatar.com\\\/avatar\\\/7902f906289926289cbcda644b5197c796b893c6ffd7b9a536a42d290f7704a0?s=96&d=mm&r=g\",\"caption\":\"Eduardo Mart\u00ednez\"}}]}<\/script>\n<!-- \/ Yoast SEO plugin. -->","yoast_head_json":{"title":"No frigir dos ovos, vai dar pizza a passarinho? - Notibras","robots":{"index":"index","follow":"follow","max-snippet":"max-snippet:-1","max-image-preview":"max-image-preview:large","max-video-preview":"max-video-preview:-1"},"canonical":"https:\/\/www.notibras.com\/site\/no-frigir-dos-ovos-vai-dar-pizza-a-passarinho\/","og_locale":"pt_BR","og_type":"article","og_title":"No frigir dos ovos, vai dar pizza a passarinho? - Notibras","og_description":"Diante dos \u00faltimos esc\u00e2ndalos envolvendo Daniel Vorcaro e o Banco Master, aumentaram as cr\u00edticas a ministros do STF. Houve at\u00e9 editorial de um grande jornal defendendo o afastamento de Alexandre de Moraes. Grupos pol\u00edticos, entidades e diversas institui\u00e7\u00f5es tamb\u00e9m passaram a cobrar explica\u00e7\u00f5es p\u00fablicas de autoridades que mantiveram algum tipo de contato ou reuni\u00e3o com [&hellip;]","og_url":"https:\/\/www.notibras.com\/site\/no-frigir-dos-ovos-vai-dar-pizza-a-passarinho\/","og_site_name":"Notibras","article_publisher":"https:\/\/www.facebook.com\/notibras\/","article_published_time":"2026-09-03T05:15:38+00:00","article_modified_time":"2026-09-03T11:34:51+00:00","og_image":[{"width":770,"height":513,"url":"https:\/\/www.notibras.com\/site\/wp-content\/uploads\/2025\/02\/realdinheiro_moeda_1310202265.webp","type":"image\/webp"}],"author":"Eduardo Mart\u00ednez","twitter_card":"summary_large_image","twitter_creator":"@Notibras","twitter_site":"@Notibras","twitter_misc":{"Escrito por":"Eduardo Mart\u00ednez","Est. tempo de leitura":"2 minutos"},"schema":{"@context":"https:\/\/schema.org","@graph":[{"@type":"Article","@id":"https:\/\/www.notibras.com\/site\/no-frigir-dos-ovos-vai-dar-pizza-a-passarinho\/#article","isPartOf":{"@id":"https:\/\/www.notibras.com\/site\/no-frigir-dos-ovos-vai-dar-pizza-a-passarinho\/"},"author":{"name":"Eduardo Mart\u00ednez","@id":"https:\/\/www.notibras.com\/site\/#\/schema\/person\/5b7fabf2aedc3ada2105f03b22b4d3dd"},"headline":"No frigir dos ovos, vai dar pizza a passarinho?","datePublished":"2026-09-03T05:15:38+00:00","dateModified":"2026-09-03T11:34:51+00:00","mainEntityOfPage":{"@id":"https:\/\/www.notibras.com\/site\/no-frigir-dos-ovos-vai-dar-pizza-a-passarinho\/"},"wordCount":189,"publisher":{"@id":"https:\/\/www.notibras.com\/site\/#organization"},"image":{"@id":"https:\/\/www.notibras.com\/site\/no-frigir-dos-ovos-vai-dar-pizza-a-passarinho\/#primaryimage"},"thumbnailUrl":"https:\/\/www.notibras.com\/site\/wp-content\/uploads\/2025\/02\/realdinheiro_moeda_1310202265.webp","articleSection":["Dona Irene"],"inLanguage":"pt-BR"},{"@type":"WebPage","@id":"https:\/\/www.notibras.com\/site\/no-frigir-dos-ovos-vai-dar-pizza-a-passarinho\/","url":"https:\/\/www.notibras.com\/site\/no-frigir-dos-ovos-vai-dar-pizza-a-passarinho\/","name":"No frigir dos ovos, vai dar pizza a passarinho? - Notibras","isPartOf":{"@id":"https:\/\/www.notibras.com\/site\/#website"},"primaryImageOfPage":{"@id":"https:\/\/www.notibras.com\/site\/no-frigir-dos-ovos-vai-dar-pizza-a-passarinho\/#primaryimage"},"image":{"@id":"https:\/\/www.notibras.com\/site\/no-frigir-dos-ovos-vai-dar-pizza-a-passarinho\/#primaryimage"},"thumbnailUrl":"https:\/\/www.notibras.com\/site\/wp-content\/uploads\/2025\/02\/realdinheiro_moeda_1310202265.webp","datePublished":"2026-09-03T05:15:38+00:00","dateModified":"2026-09-03T11:34:51+00:00","breadcrumb":{"@id":"https:\/\/www.notibras.com\/site\/no-frigir-dos-ovos-vai-dar-pizza-a-passarinho\/#breadcrumb"},"inLanguage":"pt-BR","potentialAction":[{"@type":"ReadAction","target":["https:\/\/www.notibras.com\/site\/no-frigir-dos-ovos-vai-dar-pizza-a-passarinho\/"]}]},{"@type":"ImageObject","inLanguage":"pt-BR","@id":"https:\/\/www.notibras.com\/site\/no-frigir-dos-ovos-vai-dar-pizza-a-passarinho\/#primaryimage","url":"https:\/\/www.notibras.com\/site\/wp-content\/uploads\/2025\/02\/realdinheiro_moeda_1310202265.webp","contentUrl":"https:\/\/www.notibras.com\/site\/wp-content\/uploads\/2025\/02\/realdinheiro_moeda_1310202265.webp","width":770,"height":513},{"@type":"BreadcrumbList","@id":"https:\/\/www.notibras.com\/site\/no-frigir-dos-ovos-vai-dar-pizza-a-passarinho\/#breadcrumb","itemListElement":[{"@type":"ListItem","position":1,"name":"In\u00edcio","item":"https:\/\/www.notibras.com\/site\/"},{"@type":"ListItem","position":2,"name":"No frigir dos ovos, vai dar pizza a passarinho?"}]},{"@type":"WebSite","@id":"https:\/\/www.notibras.com\/site\/#website","url":"https:\/\/www.notibras.com\/site\/","name":"Notibras","description":"Not\u00edcias de Bras\u00edlia, do Brasil e do Mundo","publisher":{"@id":"https:\/\/www.notibras.com\/site\/#organization"},"potentialAction":[{"@type":"SearchAction","target":{"@type":"EntryPoint","urlTemplate":"https:\/\/www.notibras.com\/site\/?s={search_term_string}"},"query-input":{"@type":"PropertyValueSpecification","valueRequired":true,"valueName":"search_term_string"}}],"inLanguage":"pt-BR"},{"@type":"Organization","@id":"https:\/\/www.notibras.com\/site\/#organization","name":"Grupo Notibras de Comunica\u00e7\u00e3o","url":"https:\/\/www.notibras.com\/site\/","logo":{"@type":"ImageObject","inLanguage":"pt-BR","@id":"https:\/\/www.notibras.com\/site\/#\/schema\/logo\/image\/","url":"https:\/\/www.notibras.com\/site\/wp-content\/uploads\/2023\/01\/notibras23.png","contentUrl":"https:\/\/www.notibras.com\/site\/wp-content\/uploads\/2023\/01\/notibras23.png","width":350,"height":87,"caption":"Grupo Notibras de Comunica\u00e7\u00e3o"},"image":{"@id":"https:\/\/www.notibras.com\/site\/#\/schema\/logo\/image\/"},"sameAs":["https:\/\/www.facebook.com\/notibras\/","https:\/\/x.com\/Notibras","https:\/\/www.instagram.com\/notibras\/"]},{"@type":"Person","@id":"https:\/\/www.notibras.com\/site\/#\/schema\/person\/5b7fabf2aedc3ada2105f03b22b4d3dd","name":"Eduardo Mart\u00ednez","image":{"@type":"ImageObject","inLanguage":"pt-BR","@id":"https:\/\/secure.gravatar.com\/avatar\/7902f906289926289cbcda644b5197c796b893c6ffd7b9a536a42d290f7704a0?s=96&d=mm&r=g","url":"https:\/\/secure.gravatar.com\/avatar\/7902f906289926289cbcda644b5197c796b893c6ffd7b9a536a42d290f7704a0?s=96&d=mm&r=g","contentUrl":"https:\/\/secure.gravatar.com\/avatar\/7902f906289926289cbcda644b5197c796b893c6ffd7b9a536a42d290f7704a0?s=96&d=mm&r=g","caption":"Eduardo Mart\u00ednez"}}]}},"_links":{"self":[{"href":"https:\/\/www.notibras.com\/site\/wp-json\/wp\/v2\/posts\/409065","targetHints":{"allow":["GET"]}}],"collection":[{"href":"https:\/\/www.notibras.com\/site\/wp-json\/wp\/v2\/posts"}],"about":[{"href":"https:\/\/www.notibras.com\/site\/wp-json\/wp\/v2\/types\/post"}],"author":[{"embeddable":true,"href":"https:\/\/www.notibras.com\/site\/wp-json\/wp\/v2\/users\/21"}],"replies":[{"embeddable":true,"href":"https:\/\/www.notibras.com\/site\/wp-json\/wp\/v2\/comments?post=409065"}],"version-history":[{"count":3,"href":"https:\/\/www.notibras.com\/site\/wp-json\/wp\/v2\/posts\/409065\/revisions"}],"predecessor-version":[{"id":409073,"href":"https:\/\/www.notibras.com\/site\/wp-json\/wp\/v2\/posts\/409065\/revisions\/409073"}],"wp:featuredmedia":[{"embeddable":true,"href":"https:\/\/www.notibras.com\/site\/wp-json\/wp\/v2\/media\/349095"}],"wp:attachment":[{"href":"https:\/\/www.notibras.com\/site\/wp-json\/wp\/v2\/media?parent=409065"}],"wp:term":[{"taxonomy":"category","embeddable":true,"href":"https:\/\/www.notibras.com\/site\/wp-json\/wp\/v2\/categories?post=409065"},{"taxonomy":"post_tag","embeddable":true,"href":"https:\/\/www.notibras.com\/site\/wp-json\/wp\/v2\/tags?post=409065"},{"taxonomy":"tmauthors","embeddable":true,"href":"https:\/\/www.notibras.com\/site\/wp-json\/wp\/v2\/tmauthors?post=409065"}],"curies":[{"name":"wp","href":"https:\/\/api.w.org\/{rel}","templated":true}]}}