{"id":409068,"date":"2026-09-03T00:03:53","date_gmt":"2026-09-03T03:03:53","guid":{"rendered":"https:\/\/www.notibras.com\/site\/?p=409068"},"modified":"2026-09-03T01:59:38","modified_gmt":"2026-09-03T04:59:38","slug":"vasco-elimina-vitoria-e-pega-verdao-na-semifinal","status":"publish","type":"post","link":"https:\/\/www.notibras.com\/site\/vasco-elimina-vitoria-e-pega-verdao-na-semifinal\/","title":{"rendered":"Vasco elimina Vit\u00f3ria e pega Verd\u00e3o na semifinal"},"content":{"rendered":"<p>O Vasco soube sofrer, resistiu \u00e0 press\u00e3o do Vit\u00f3ria e, quando encontrou os espa\u00e7os que procurava, foi mortal. Com dois gols no segundo tempo, o time cruz-maltino venceu os baianos por 2 a 0, na noite desta quarta-feira (2), em pleno Barrad\u00e3o, e garantiu presen\u00e7a nas semifinais da Copa do Brasil.<\/p>\n<p>Andr\u00e9s G\u00f3mez e Puma Rodr\u00edguez marcaram os gols que sacramentaram a classifica\u00e7\u00e3o vasca\u00edna. Como havia vencido a partida de ida por 1 a 0, em S\u00e3o Janu\u00e1rio, o Vasco fechou as quartas de final com vantagem de 3 a 0 no placar agregado.<\/p>\n<p>A classifica\u00e7\u00e3o coloca o clube carioca pela terceira edi\u00e7\u00e3o consecutiva entre os quatro melhores da Copa do Brasil. Atual vice-campe\u00e3o do torneio, o Vasco ter\u00e1 agora pela frente um advers\u00e1rio dos mais pesados: o Palmeiras, que eliminou o Santos no cl\u00e1ssico paulista.<\/p>\n<p>O jogo no Barrad\u00e3o come\u00e7ou exatamente como se esperava. Empurrado pela torcida e precisando reverter a desvantagem constru\u00edda no Rio de Janeiro, o Vit\u00f3ria tomou a iniciativa e tentou sufocar o Vasco. A equipe comandada por Pedro Emanuel, entretanto, montou uma barreira defensiva e procurou aproveitar os espa\u00e7os deixados pelo advers\u00e1rio.<\/p>\n<p>O Vit\u00f3ria teve mais presen\u00e7a no campo ofensivo nos primeiros minutos, principalmente utilizando bolas levantadas na \u00e1rea. Renato Kayzer e Matheuzinho levaram perigo, enquanto L\u00e9o Jardim precisou trabalhar em cobran\u00e7a de falta de Mateus Silva.<\/p>\n<p>O Vasco, por\u00e9m, mostrou que n\u00e3o estava em Salvador apenas para defender a vantagem. Quando conseguiu escapar da press\u00e3o, criou algumas das melhores oportunidades da primeira etapa. Claudio Spinelli chegou a acertar a trave, e Ramon Rique tamb\u00e9m passou perto de abrir o placar.<\/p>\n<p>No segundo tempo, o Barrad\u00e3o chegou a explodir. Luan C\u00e2ndido desviou de cabe\u00e7a uma cobran\u00e7a de falta e mandou a bola para a rede. O gol, que naquele momento levaria a decis\u00e3o para os p\u00eanaltis, acabou anulado ap\u00f3s a utiliza\u00e7\u00e3o do sistema de impedimento semiautom\u00e1tico.<\/p>\n<p>A frustra\u00e7\u00e3o aumentou a ansiedade do Vit\u00f3ria. Obrigado a atacar, o time baiano passou a oferecer exatamente aquilo que o Vasco esperava: espa\u00e7o para os contra-ataques. E foi assim que a classifica\u00e7\u00e3o come\u00e7ou a ganhar contornos definitivos.<\/p>\n<p>Aos 35 minutos, Andr\u00e9s G\u00f3mez arrancou em velocidade, carregou a bola, livrou-se da marca\u00e7\u00e3o e arriscou de fora da \u00e1rea. O chute enganou o goleiro Lucas Arcanjo e morreu na rede. Era o 1 a 0 que praticamente encerrava qualquer esperan\u00e7a de rea\u00e7\u00e3o dos donos da casa.<\/p>\n<p>O colombiano tornou-se o grande personagem do confronto. Tamb\u00e9m havia sido dele o gol da vit\u00f3ria vasca\u00edna por 1 a 0 na partida de ida, em S\u00e3o Janu\u00e1rio.<\/p>\n<p>Com o Vit\u00f3ria abatido e completamente lan\u00e7ado ao ataque, o Vasco encontrou ainda mais campo para avan\u00e7ar. E, no \u00faltimo lance da partida, Puma Rodr\u00edguez transformou a classifica\u00e7\u00e3o em festa.<\/p>\n<p>O uruguaio aplicou uma caneta em Osvaldo, tabelou com Facundo Colidio e concluiu uma bela jogada para fazer 2 a 0 e silenciar de vez o Barrad\u00e3o.<\/p>\n<p>A vit\u00f3ria confirmou tamb\u00e9m uma mudan\u00e7a de postura do Vasco sob o comando de Pedro Emanuel. O treinador portugu\u00eas destacou depois da partida que sua equipe n\u00e3o viajou a Salvador apenas para administrar o resultado obtido no Rio. A estrat\u00e9gia era suportar os momentos de press\u00e3o e buscar a vit\u00f3ria quando surgissem os espa\u00e7os. E a t\u00e1tica deu certo<\/p>\n<p>Al\u00e9m do peso esportivo, a classifica\u00e7\u00e3o representa refor\u00e7o importante para os cofres de S\u00e3o Janu\u00e1rio. A presen\u00e7a nas semifinais assegura ao Vasco mais R$ 9 milh\u00f5es em premia\u00e7\u00e3o.<\/p>\n<p>Se o Vasco precisou encarar a press\u00e3o de um Barrad\u00e3o lotado, o Palmeiras teve uma noite bem mais tranquila para confirmar sua classifica\u00e7\u00e3o.<\/p>\n<p>Depois de golear o Santos por 3 a 0 na partida de ida, o time comandado por Abel Ferreira administrou a enorme vantagem e empatou por 0 a 0 na Vila Belmiro. O resultado confirmou o Verd\u00e3o nas semifinais com os mesmos 3 a 0 no placar agregado.<\/p>\n<p>Palmeiras e Vasco, portanto, v\u00e3o decidir uma vaga na grande final. Ser\u00e1 um confronto in\u00e9dito entre os dois clubes pela Copa do Brasil.<\/p>\n<p>As semifinais ser\u00e3o disputadas em partidas de ida e volta, previstas para 1\u00ba e 8 de novembro, com os mandos de campo ainda a serem definidos.<\/p>\n<p>Do outro lado da chave, o Atl\u00e9tico-MG j\u00e1 assegurou presen\u00e7a na semifinal. Seu advers\u00e1rio sair\u00e1 do cl\u00e1ssico entre Gr\u00eamio e Internacional.<\/p>\n<p>Para o Vasco, entretanto, a noite desta quarta-feira ficar\u00e1 marcada por mais uma demonstra\u00e7\u00e3o de for\u00e7a em mata-mata. O Vit\u00f3ria tentou pressionar, o Barrad\u00e3o empurrou e at\u00e9 chegou a comemorar um gol, posteriormente anulado.<\/p>\n<p>Mas o Cruz-maltino resistiu. Depois, encontrou campo aberto, acelerou e matou o confronto. Agora, o sonho da Copa do Brasil passa pelo Palmeiras.<\/p>\n","protected":false},"excerpt":{"rendered":"<p>O Vasco soube sofrer, resistiu \u00e0 press\u00e3o do Vit\u00f3ria e, quando encontrou os espa\u00e7os que procurava, foi mortal. Com dois gols no segundo tempo, o time cruz-maltino venceu os baianos por 2 a 0, na noite desta quarta-feira (2), em pleno Barrad\u00e3o, e garantiu presen\u00e7a nas semifinais da Copa do Brasil. Andr\u00e9s G\u00f3mez e Puma [&hellip;]<\/p>\n","protected":false},"author":2,"featured_media":409069,"comment_status":"closed","ping_status":"closed","sticky":false,"template":"","format":"standard","meta":{"_acf_changed":false,"footnotes":""},"categories":[19],"tags":[95],"tmauthors":[307],"class_list":["post-409068","post","type-post","status-publish","format-standard","has-post-thumbnail","category-esportes","tag-capa"],"acf":[],"yoast_head":"<!-- This site is optimized with the Yoast SEO plugin v28.0 - https:\/\/yoast.com\/product\/yoast-seo-wordpress\/ -->\n<title>Vasco elimina Vit\u00f3ria e pega Verd\u00e3o na semifinal - Notibras<\/title>\n<meta name=\"robots\" content=\"index, follow, max-snippet:-1, max-image-preview:large, max-video-preview:-1\" \/>\n<link rel=\"canonical\" href=\"https:\/\/www.notibras.com\/site\/vasco-elimina-vitoria-e-pega-verdao-na-semifinal\/\" \/>\n<meta property=\"og:locale\" content=\"pt_BR\" \/>\n<meta property=\"og:type\" content=\"article\" \/>\n<meta property=\"og:title\" content=\"Vasco elimina Vit\u00f3ria e pega Verd\u00e3o na semifinal - Notibras\" \/>\n<meta property=\"og:description\" content=\"O Vasco soube sofrer, resistiu \u00e0 press\u00e3o do Vit\u00f3ria e, quando encontrou os espa\u00e7os que procurava, foi mortal. Com dois gols no segundo tempo, o time cruz-maltino venceu os baianos por 2 a 0, na noite desta quarta-feira (2), em pleno Barrad\u00e3o, e garantiu presen\u00e7a nas semifinais da Copa do Brasil. Andr\u00e9s G\u00f3mez e Puma [&hellip;]\" \/>\n<meta property=\"og:url\" content=\"https:\/\/www.notibras.com\/site\/vasco-elimina-vitoria-e-pega-verdao-na-semifinal\/\" \/>\n<meta property=\"og:site_name\" content=\"Notibras\" \/>\n<meta property=\"article:publisher\" content=\"https:\/\/www.facebook.com\/notibras\/\" \/>\n<meta property=\"article:published_time\" content=\"2026-09-03T03:03:53+00:00\" \/>\n<meta property=\"article:modified_time\" content=\"2026-09-03T04:59:38+00:00\" \/>\n<meta property=\"og:image\" content=\"https:\/\/www.notibras.com\/site\/wp-content\/uploads\/2026\/09\/asvijpg.webp\" \/>\n\t<meta property=\"og:image:width\" content=\"750\" \/>\n\t<meta property=\"og:image:height\" content=\"421\" \/>\n\t<meta property=\"og:image:type\" content=\"image\/webp\" \/>\n<meta name=\"author\" content=\"Reda\u00e7\u00e3o\" \/>\n<meta name=\"twitter:card\" content=\"summary_large_image\" \/>\n<meta name=\"twitter:creator\" content=\"@Notibras\" \/>\n<meta name=\"twitter:site\" content=\"@Notibras\" \/>\n<meta name=\"twitter:label1\" content=\"Escrito por\" \/>\n\t<meta name=\"twitter:data1\" content=\"Reda\u00e7\u00e3o\" \/>\n\t<meta name=\"twitter:label2\" content=\"Est. tempo de leitura\" \/>\n\t<meta name=\"twitter:data2\" content=\"5 minutos\" \/>\n<script type=\"application\/ld+json\" class=\"yoast-schema-graph\">{\"@context\":\"https:\\\/\\\/schema.org\",\"@graph\":[{\"@type\":\"Article\",\"@id\":\"https:\\\/\\\/www.notibras.com\\\/site\\\/vasco-elimina-vitoria-e-pega-verdao-na-semifinal\\\/#article\",\"isPartOf\":{\"@id\":\"https:\\\/\\\/www.notibras.com\\\/site\\\/vasco-elimina-vitoria-e-pega-verdao-na-semifinal\\\/\"},\"author\":{\"name\":\"Reda\u00e7\u00e3o\",\"@id\":\"https:\\\/\\\/www.notibras.com\\\/site\\\/#\\\/schema\\\/person\\\/36ab0979449956132d3e5b517ea76ac8\"},\"headline\":\"Vasco elimina Vit\u00f3ria e pega Verd\u00e3o na semifinal\",\"datePublished\":\"2026-09-03T03:03:53+00:00\",\"dateModified\":\"2026-09-03T04:59:38+00:00\",\"mainEntityOfPage\":{\"@id\":\"https:\\\/\\\/www.notibras.com\\\/site\\\/vasco-elimina-vitoria-e-pega-verdao-na-semifinal\\\/\"},\"wordCount\":846,\"publisher\":{\"@id\":\"https:\\\/\\\/www.notibras.com\\\/site\\\/#organization\"},\"image\":{\"@id\":\"https:\\\/\\\/www.notibras.com\\\/site\\\/vasco-elimina-vitoria-e-pega-verdao-na-semifinal\\\/#primaryimage\"},\"thumbnailUrl\":\"https:\\\/\\\/www.notibras.com\\\/site\\\/wp-content\\\/uploads\\\/2026\\\/09\\\/asvijpg.webp\",\"keywords\":[\"capa\"],\"articleSection\":[\"Esportes\"],\"inLanguage\":\"pt-BR\"},{\"@type\":\"WebPage\",\"@id\":\"https:\\\/\\\/www.notibras.com\\\/site\\\/vasco-elimina-vitoria-e-pega-verdao-na-semifinal\\\/\",\"url\":\"https:\\\/\\\/www.notibras.com\\\/site\\\/vasco-elimina-vitoria-e-pega-verdao-na-semifinal\\\/\",\"name\":\"Vasco elimina Vit\u00f3ria e pega Verd\u00e3o na semifinal - Notibras\",\"isPartOf\":{\"@id\":\"https:\\\/\\\/www.notibras.com\\\/site\\\/#website\"},\"primaryImageOfPage\":{\"@id\":\"https:\\\/\\\/www.notibras.com\\\/site\\\/vasco-elimina-vitoria-e-pega-verdao-na-semifinal\\\/#primaryimage\"},\"image\":{\"@id\":\"https:\\\/\\\/www.notibras.com\\\/site\\\/vasco-elimina-vitoria-e-pega-verdao-na-semifinal\\\/#primaryimage\"},\"thumbnailUrl\":\"https:\\\/\\\/www.notibras.com\\\/site\\\/wp-content\\\/uploads\\\/2026\\\/09\\\/asvijpg.webp\",\"datePublished\":\"2026-09-03T03:03:53+00:00\",\"dateModified\":\"2026-09-03T04:59:38+00:00\",\"breadcrumb\":{\"@id\":\"https:\\\/\\\/www.notibras.com\\\/site\\\/vasco-elimina-vitoria-e-pega-verdao-na-semifinal\\\/#breadcrumb\"},\"inLanguage\":\"pt-BR\",\"potentialAction\":[{\"@type\":\"ReadAction\",\"target\":[\"https:\\\/\\\/www.notibras.com\\\/site\\\/vasco-elimina-vitoria-e-pega-verdao-na-semifinal\\\/\"]}]},{\"@type\":\"ImageObject\",\"inLanguage\":\"pt-BR\",\"@id\":\"https:\\\/\\\/www.notibras.com\\\/site\\\/vasco-elimina-vitoria-e-pega-verdao-na-semifinal\\\/#primaryimage\",\"url\":\"https:\\\/\\\/www.notibras.com\\\/site\\\/wp-content\\\/uploads\\\/2026\\\/09\\\/asvijpg.webp\",\"contentUrl\":\"https:\\\/\\\/www.notibras.com\\\/site\\\/wp-content\\\/uploads\\\/2026\\\/09\\\/asvijpg.webp\",\"width\":750,\"height\":421},{\"@type\":\"BreadcrumbList\",\"@id\":\"https:\\\/\\\/www.notibras.com\\\/site\\\/vasco-elimina-vitoria-e-pega-verdao-na-semifinal\\\/#breadcrumb\",\"itemListElement\":[{\"@type\":\"ListItem\",\"position\":1,\"name\":\"In\u00edcio\",\"item\":\"https:\\\/\\\/www.notibras.com\\\/site\\\/\"},{\"@type\":\"ListItem\",\"position\":2,\"name\":\"Vasco elimina Vit\u00f3ria e pega Verd\u00e3o na semifinal\"}]},{\"@type\":\"WebSite\",\"@id\":\"https:\\\/\\\/www.notibras.com\\\/site\\\/#website\",\"url\":\"https:\\\/\\\/www.notibras.com\\\/site\\\/\",\"name\":\"Notibras\",\"description\":\"Not\u00edcias de Bras\u00edlia, do Brasil e do Mundo\",\"publisher\":{\"@id\":\"https:\\\/\\\/www.notibras.com\\\/site\\\/#organization\"},\"potentialAction\":[{\"@type\":\"SearchAction\",\"target\":{\"@type\":\"EntryPoint\",\"urlTemplate\":\"https:\\\/\\\/www.notibras.com\\\/site\\\/?s={search_term_string}\"},\"query-input\":{\"@type\":\"PropertyValueSpecification\",\"valueRequired\":true,\"valueName\":\"search_term_string\"}}],\"inLanguage\":\"pt-BR\"},{\"@type\":\"Organization\",\"@id\":\"https:\\\/\\\/www.notibras.com\\\/site\\\/#organization\",\"name\":\"Grupo Notibras de Comunica\u00e7\u00e3o\",\"url\":\"https:\\\/\\\/www.notibras.com\\\/site\\\/\",\"logo\":{\"@type\":\"ImageObject\",\"inLanguage\":\"pt-BR\",\"@id\":\"https:\\\/\\\/www.notibras.com\\\/site\\\/#\\\/schema\\\/logo\\\/image\\\/\",\"url\":\"https:\\\/\\\/www.notibras.com\\\/site\\\/wp-content\\\/uploads\\\/2023\\\/01\\\/notibras23.png\",\"contentUrl\":\"https:\\\/\\\/www.notibras.com\\\/site\\\/wp-content\\\/uploads\\\/2023\\\/01\\\/notibras23.png\",\"width\":350,\"height\":87,\"caption\":\"Grupo Notibras de Comunica\u00e7\u00e3o\"},\"image\":{\"@id\":\"https:\\\/\\\/www.notibras.com\\\/site\\\/#\\\/schema\\\/logo\\\/image\\\/\"},\"sameAs\":[\"https:\\\/\\\/www.facebook.com\\\/notibras\\\/\",\"https:\\\/\\\/x.com\\\/Notibras\",\"https:\\\/\\\/www.instagram.com\\\/notibras\\\/\"]},{\"@type\":\"Person\",\"@id\":\"https:\\\/\\\/www.notibras.com\\\/site\\\/#\\\/schema\\\/person\\\/36ab0979449956132d3e5b517ea76ac8\",\"name\":\"Reda\u00e7\u00e3o\",\"image\":{\"@type\":\"ImageObject\",\"inLanguage\":\"pt-BR\",\"@id\":\"https:\\\/\\\/secure.gravatar.com\\\/avatar\\\/e0a867bdedb85fd243eadf09663511f96fc81e0720a4a42581f334ad4303aa6b?s=96&d=mm&r=g\",\"url\":\"https:\\\/\\\/secure.gravatar.com\\\/avatar\\\/e0a867bdedb85fd243eadf09663511f96fc81e0720a4a42581f334ad4303aa6b?s=96&d=mm&r=g\",\"contentUrl\":\"https:\\\/\\\/secure.gravatar.com\\\/avatar\\\/e0a867bdedb85fd243eadf09663511f96fc81e0720a4a42581f334ad4303aa6b?s=96&d=mm&r=g\",\"caption\":\"Reda\u00e7\u00e3o\"}}]}<\/script>\n<!-- \/ Yoast SEO plugin. -->","yoast_head_json":{"title":"Vasco elimina Vit\u00f3ria e pega Verd\u00e3o na semifinal - Notibras","robots":{"index":"index","follow":"follow","max-snippet":"max-snippet:-1","max-image-preview":"max-image-preview:large","max-video-preview":"max-video-preview:-1"},"canonical":"https:\/\/www.notibras.com\/site\/vasco-elimina-vitoria-e-pega-verdao-na-semifinal\/","og_locale":"pt_BR","og_type":"article","og_title":"Vasco elimina Vit\u00f3ria e pega Verd\u00e3o na semifinal - Notibras","og_description":"O Vasco soube sofrer, resistiu \u00e0 press\u00e3o do Vit\u00f3ria e, quando encontrou os espa\u00e7os que procurava, foi mortal. Com dois gols no segundo tempo, o time cruz-maltino venceu os baianos por 2 a 0, na noite desta quarta-feira (2), em pleno Barrad\u00e3o, e garantiu presen\u00e7a nas semifinais da Copa do Brasil. Andr\u00e9s G\u00f3mez e Puma [&hellip;]","og_url":"https:\/\/www.notibras.com\/site\/vasco-elimina-vitoria-e-pega-verdao-na-semifinal\/","og_site_name":"Notibras","article_publisher":"https:\/\/www.facebook.com\/notibras\/","article_published_time":"2026-09-03T03:03:53+00:00","article_modified_time":"2026-09-03T04:59:38+00:00","og_image":[{"width":750,"height":421,"url":"https:\/\/www.notibras.com\/site\/wp-content\/uploads\/2026\/09\/asvijpg.webp","type":"image\/webp"}],"author":"Reda\u00e7\u00e3o","twitter_card":"summary_large_image","twitter_creator":"@Notibras","twitter_site":"@Notibras","twitter_misc":{"Escrito por":"Reda\u00e7\u00e3o","Est. tempo de leitura":"5 minutos"},"schema":{"@context":"https:\/\/schema.org","@graph":[{"@type":"Article","@id":"https:\/\/www.notibras.com\/site\/vasco-elimina-vitoria-e-pega-verdao-na-semifinal\/#article","isPartOf":{"@id":"https:\/\/www.notibras.com\/site\/vasco-elimina-vitoria-e-pega-verdao-na-semifinal\/"},"author":{"name":"Reda\u00e7\u00e3o","@id":"https:\/\/www.notibras.com\/site\/#\/schema\/person\/36ab0979449956132d3e5b517ea76ac8"},"headline":"Vasco elimina Vit\u00f3ria e pega Verd\u00e3o na semifinal","datePublished":"2026-09-03T03:03:53+00:00","dateModified":"2026-09-03T04:59:38+00:00","mainEntityOfPage":{"@id":"https:\/\/www.notibras.com\/site\/vasco-elimina-vitoria-e-pega-verdao-na-semifinal\/"},"wordCount":846,"publisher":{"@id":"https:\/\/www.notibras.com\/site\/#organization"},"image":{"@id":"https:\/\/www.notibras.com\/site\/vasco-elimina-vitoria-e-pega-verdao-na-semifinal\/#primaryimage"},"thumbnailUrl":"https:\/\/www.notibras.com\/site\/wp-content\/uploads\/2026\/09\/asvijpg.webp","keywords":["capa"],"articleSection":["Esportes"],"inLanguage":"pt-BR"},{"@type":"WebPage","@id":"https:\/\/www.notibras.com\/site\/vasco-elimina-vitoria-e-pega-verdao-na-semifinal\/","url":"https:\/\/www.notibras.com\/site\/vasco-elimina-vitoria-e-pega-verdao-na-semifinal\/","name":"Vasco elimina Vit\u00f3ria e pega Verd\u00e3o na semifinal - Notibras","isPartOf":{"@id":"https:\/\/www.notibras.com\/site\/#website"},"primaryImageOfPage":{"@id":"https:\/\/www.notibras.com\/site\/vasco-elimina-vitoria-e-pega-verdao-na-semifinal\/#primaryimage"},"image":{"@id":"https:\/\/www.notibras.com\/site\/vasco-elimina-vitoria-e-pega-verdao-na-semifinal\/#primaryimage"},"thumbnailUrl":"https:\/\/www.notibras.com\/site\/wp-content\/uploads\/2026\/09\/asvijpg.webp","datePublished":"2026-09-03T03:03:53+00:00","dateModified":"2026-09-03T04:59:38+00:00","breadcrumb":{"@id":"https:\/\/www.notibras.com\/site\/vasco-elimina-vitoria-e-pega-verdao-na-semifinal\/#breadcrumb"},"inLanguage":"pt-BR","potentialAction":[{"@type":"ReadAction","target":["https:\/\/www.notibras.com\/site\/vasco-elimina-vitoria-e-pega-verdao-na-semifinal\/"]}]},{"@type":"ImageObject","inLanguage":"pt-BR","@id":"https:\/\/www.notibras.com\/site\/vasco-elimina-vitoria-e-pega-verdao-na-semifinal\/#primaryimage","url":"https:\/\/www.notibras.com\/site\/wp-content\/uploads\/2026\/09\/asvijpg.webp","contentUrl":"https:\/\/www.notibras.com\/site\/wp-content\/uploads\/2026\/09\/asvijpg.webp","width":750,"height":421},{"@type":"BreadcrumbList","@id":"https:\/\/www.notibras.com\/site\/vasco-elimina-vitoria-e-pega-verdao-na-semifinal\/#breadcrumb","itemListElement":[{"@type":"ListItem","position":1,"name":"In\u00edcio","item":"https:\/\/www.notibras.com\/site\/"},{"@type":"ListItem","position":2,"name":"Vasco elimina Vit\u00f3ria e pega Verd\u00e3o na semifinal"}]},{"@type":"WebSite","@id":"https:\/\/www.notibras.com\/site\/#website","url":"https:\/\/www.notibras.com\/site\/","name":"Notibras","description":"Not\u00edcias de Bras\u00edlia, do Brasil e do Mundo","publisher":{"@id":"https:\/\/www.notibras.com\/site\/#organization"},"potentialAction":[{"@type":"SearchAction","target":{"@type":"EntryPoint","urlTemplate":"https:\/\/www.notibras.com\/site\/?s={search_term_string}"},"query-input":{"@type":"PropertyValueSpecification","valueRequired":true,"valueName":"search_term_string"}}],"inLanguage":"pt-BR"},{"@type":"Organization","@id":"https:\/\/www.notibras.com\/site\/#organization","name":"Grupo Notibras de Comunica\u00e7\u00e3o","url":"https:\/\/www.notibras.com\/site\/","logo":{"@type":"ImageObject","inLanguage":"pt-BR","@id":"https:\/\/www.notibras.com\/site\/#\/schema\/logo\/image\/","url":"https:\/\/www.notibras.com\/site\/wp-content\/uploads\/2023\/01\/notibras23.png","contentUrl":"https:\/\/www.notibras.com\/site\/wp-content\/uploads\/2023\/01\/notibras23.png","width":350,"height":87,"caption":"Grupo Notibras de Comunica\u00e7\u00e3o"},"image":{"@id":"https:\/\/www.notibras.com\/site\/#\/schema\/logo\/image\/"},"sameAs":["https:\/\/www.facebook.com\/notibras\/","https:\/\/x.com\/Notibras","https:\/\/www.instagram.com\/notibras\/"]},{"@type":"Person","@id":"https:\/\/www.notibras.com\/site\/#\/schema\/person\/36ab0979449956132d3e5b517ea76ac8","name":"Reda\u00e7\u00e3o","image":{"@type":"ImageObject","inLanguage":"pt-BR","@id":"https:\/\/secure.gravatar.com\/avatar\/e0a867bdedb85fd243eadf09663511f96fc81e0720a4a42581f334ad4303aa6b?s=96&d=mm&r=g","url":"https:\/\/secure.gravatar.com\/avatar\/e0a867bdedb85fd243eadf09663511f96fc81e0720a4a42581f334ad4303aa6b?s=96&d=mm&r=g","contentUrl":"https:\/\/secure.gravatar.com\/avatar\/e0a867bdedb85fd243eadf09663511f96fc81e0720a4a42581f334ad4303aa6b?s=96&d=mm&r=g","caption":"Reda\u00e7\u00e3o"}}]}},"_links":{"self":[{"href":"https:\/\/www.notibras.com\/site\/wp-json\/wp\/v2\/posts\/409068","targetHints":{"allow":["GET"]}}],"collection":[{"href":"https:\/\/www.notibras.com\/site\/wp-json\/wp\/v2\/posts"}],"about":[{"href":"https:\/\/www.notibras.com\/site\/wp-json\/wp\/v2\/types\/post"}],"author":[{"embeddable":true,"href":"https:\/\/www.notibras.com\/site\/wp-json\/wp\/v2\/users\/2"}],"replies":[{"embeddable":true,"href":"https:\/\/www.notibras.com\/site\/wp-json\/wp\/v2\/comments?post=409068"}],"version-history":[{"count":2,"href":"https:\/\/www.notibras.com\/site\/wp-json\/wp\/v2\/posts\/409068\/revisions"}],"predecessor-version":[{"id":409071,"href":"https:\/\/www.notibras.com\/site\/wp-json\/wp\/v2\/posts\/409068\/revisions\/409071"}],"wp:featuredmedia":[{"embeddable":true,"href":"https:\/\/www.notibras.com\/site\/wp-json\/wp\/v2\/media\/409069"}],"wp:attachment":[{"href":"https:\/\/www.notibras.com\/site\/wp-json\/wp\/v2\/media?parent=409068"}],"wp:term":[{"taxonomy":"category","embeddable":true,"href":"https:\/\/www.notibras.com\/site\/wp-json\/wp\/v2\/categories?post=409068"},{"taxonomy":"post_tag","embeddable":true,"href":"https:\/\/www.notibras.com\/site\/wp-json\/wp\/v2\/tags?post=409068"},{"taxonomy":"tmauthors","embeddable":true,"href":"https:\/\/www.notibras.com\/site\/wp-json\/wp\/v2\/tmauthors?post=409068"}],"curies":[{"name":"wp","href":"https:\/\/api.w.org\/{rel}","templated":true}]}}