{"id":409074,"date":"2026-09-03T08:08:51","date_gmt":"2026-09-03T11:08:51","guid":{"rendered":"https:\/\/www.notibras.com\/site\/?p=409074"},"modified":"2026-09-03T08:53:23","modified_gmt":"2026-09-03T11:53:23","slug":"arruda-tem-plano-b-se-perder-no-dia-d","status":"publish","type":"post","link":"https:\/\/www.notibras.com\/site\/arruda-tem-plano-b-se-perder-no-dia-d\/","title":{"rendered":"Arruda tem Plano B se perder no Dia D"},"content":{"rendered":"<p>A elei\u00e7\u00e3o do Distrito Federal volta a ter, nesta quinta-feira, um componente capaz de alterar imediatamente a din\u00e2mica da disputa: o Tribunal Regional Eleitoral julga o pedido de registro da candidatura de Jos\u00e9 Roberto Arruda ao Governo do Distrito Federal. O julgamento acontece depois de uma semana em que o debate promovido pelo Correio Braziliense e pela TV Bras\u00edlia reorganizou a agenda da campanha, elevou o peso do BRB, da sa\u00fade e da mobilidade e deixou mais claros os campos de confronto entre os principais candidatos.<\/p>\n<p>A expectativa de uma decis\u00e3o desfavor\u00e1vel j\u00e1 passou a fazer parte do discurso do pr\u00f3prio Arruda, que afirmou estar preparado para recorrer ao Tribunal Superior Eleitoral. Isso n\u00e3o significa retirada autom\u00e1tica da campanha, mas introduz uma instabilidade que atinge toda a corrida. Celina Le\u00e3o tem interesse em transformar a incerteza jur\u00eddica do advers\u00e1rio em argumento pol\u00edtico.<\/p>\n<p>Arruda precisa impedir que a discuss\u00e3o sobre sua elegibilidade engula a agenda program\u00e1tica que tentou construir nos \u00faltimos dias. Grass, Cappelli e Belmonte observam o julgamento com aten\u00e7\u00e3o porque qualquer enfraquecimento do segundo colocado pode abrir espa\u00e7o para uma reorganiza\u00e7\u00e3o do campo oposicionista.<\/p>\n<p>A defesa sustenta que as condena\u00e7\u00f5es na Caixa de Pandora possuem conex\u00e3o e devem ser consideradas de forma conjunta para aplica\u00e7\u00e3o do limite previsto na legisla\u00e7\u00e3o. A Procuradoria Regional Eleitoral entende que Arruda permanece ineleg\u00edvel e defende a rejei\u00e7\u00e3o do registro.<\/p>\n<p>Do ponto de vista jur\u00eddico, a decis\u00e3o de hoje n\u00e3o necessariamente encerra a discuss\u00e3o. Caso seja derrotado, Arruda poder\u00e1 recorrer ao TSE e buscar permanecer na campanha enquanto o recurso tramita. Politicamente, por\u00e9m, uma decis\u00e3o desfavor\u00e1vel ter\u00e1 efeito imediato, porque altera a percep\u00e7\u00e3o de estabilidade da candidatura e fornece muni\u00e7\u00e3o aos advers\u00e1rios.<\/p>\n<p>A pr\u00f3pria campanha de Arruda j\u00e1 come\u00e7ou a preparar esse terreno. Ao admitir publicamente que existe expectativa de rejei\u00e7\u00e3o no TRE, o candidato tenta antecipar o impacto de uma eventual derrota e enquadr\u00e1-la como uma etapa de uma disputa judicial mais longa.<\/p>\n<p>Esse movimento \u00e9 importante porque muda a narrativa. At\u00e9 aqui, Arruda procurava tratar sua situa\u00e7\u00e3o jur\u00eddica como obst\u00e1culo super\u00e1vel. Agora, passa tamb\u00e9m a construir uma estrat\u00e9gia para sobreviver politicamente a uma decis\u00e3o contr\u00e1ria.<\/p>\n<p>Para Celina, o julgamento oferece a possibilidade de refor\u00e7ar a d\u00favida sobre a viabilidade do principal advers\u00e1rio. Para os demais candidatos, abre-se a perspectiva de disputar um eleitorado que hoje est\u00e1 concentrado no segundo colocado. Mesmo sem produzir uma mudan\u00e7a imediata na urna, uma decis\u00e3o desfavor\u00e1vel pode mudar o comportamento da campanha.<\/p>\n","protected":false},"excerpt":{"rendered":"<p>A elei\u00e7\u00e3o do Distrito Federal volta a ter, nesta quinta-feira, um componente capaz de alterar imediatamente a din\u00e2mica da disputa: o Tribunal Regional Eleitoral julga o pedido de registro da candidatura de Jos\u00e9 Roberto Arruda ao Governo do Distrito Federal. O julgamento acontece depois de uma semana em que o debate promovido pelo Correio Braziliense [&hellip;]<\/p>\n","protected":false},"author":2,"featured_media":289829,"comment_status":"closed","ping_status":"closed","sticky":false,"template":"","format":"standard","meta":{"_acf_changed":false,"footnotes":""},"categories":[239],"tags":[],"tmauthors":[307],"class_list":["post-409074","post","type-post","status-publish","format-standard","has-post-thumbnail","category-eleicoes-brasilia"],"acf":[],"yoast_head":"<!-- This site is optimized with the Yoast SEO plugin v28.0 - https:\/\/yoast.com\/product\/yoast-seo-wordpress\/ -->\n<title>Arruda tem Plano B se perder no Dia D - Notibras<\/title>\n<meta name=\"robots\" content=\"index, follow, max-snippet:-1, max-image-preview:large, max-video-preview:-1\" \/>\n<link rel=\"canonical\" href=\"https:\/\/www.notibras.com\/site\/arruda-tem-plano-b-se-perder-no-dia-d\/\" \/>\n<meta property=\"og:locale\" content=\"pt_BR\" \/>\n<meta property=\"og:type\" content=\"article\" \/>\n<meta property=\"og:title\" content=\"Arruda tem Plano B se perder no Dia D - Notibras\" \/>\n<meta property=\"og:description\" content=\"A elei\u00e7\u00e3o do Distrito Federal volta a ter, nesta quinta-feira, um componente capaz de alterar imediatamente a din\u00e2mica da disputa: o Tribunal Regional Eleitoral julga o pedido de registro da candidatura de Jos\u00e9 Roberto Arruda ao Governo do Distrito Federal. O julgamento acontece depois de uma semana em que o debate promovido pelo Correio Braziliense [&hellip;]\" \/>\n<meta property=\"og:url\" content=\"https:\/\/www.notibras.com\/site\/arruda-tem-plano-b-se-perder-no-dia-d\/\" \/>\n<meta property=\"og:site_name\" content=\"Notibras\" \/>\n<meta property=\"article:publisher\" content=\"https:\/\/www.facebook.com\/notibras\/\" \/>\n<meta property=\"article:published_time\" content=\"2026-09-03T11:08:51+00:00\" \/>\n<meta property=\"article:modified_time\" content=\"2026-09-03T11:53:23+00:00\" \/>\n<meta property=\"og:image\" content=\"https:\/\/www.notibras.com\/site\/wp-content\/uploads\/2022\/08\/arruda_vale_esta-1.jpg\" \/>\n\t<meta property=\"og:image:width\" content=\"1170\" \/>\n\t<meta property=\"og:image:height\" content=\"700\" \/>\n\t<meta property=\"og:image:type\" content=\"image\/jpeg\" \/>\n<meta name=\"author\" content=\"Reda\u00e7\u00e3o\" \/>\n<meta name=\"twitter:card\" content=\"summary_large_image\" \/>\n<meta name=\"twitter:creator\" content=\"@Notibras\" \/>\n<meta name=\"twitter:site\" content=\"@Notibras\" \/>\n<meta name=\"twitter:label1\" content=\"Escrito por\" \/>\n\t<meta name=\"twitter:data1\" content=\"Reda\u00e7\u00e3o\" \/>\n\t<meta name=\"twitter:label2\" content=\"Est. tempo de leitura\" \/>\n\t<meta name=\"twitter:data2\" content=\"3 minutos\" \/>\n<script type=\"application\/ld+json\" class=\"yoast-schema-graph\">{\"@context\":\"https:\\\/\\\/schema.org\",\"@graph\":[{\"@type\":\"Article\",\"@id\":\"https:\\\/\\\/www.notibras.com\\\/site\\\/arruda-tem-plano-b-se-perder-no-dia-d\\\/#article\",\"isPartOf\":{\"@id\":\"https:\\\/\\\/www.notibras.com\\\/site\\\/arruda-tem-plano-b-se-perder-no-dia-d\\\/\"},\"author\":{\"name\":\"Reda\u00e7\u00e3o\",\"@id\":\"https:\\\/\\\/www.notibras.com\\\/site\\\/#\\\/schema\\\/person\\\/36ab0979449956132d3e5b517ea76ac8\"},\"headline\":\"Arruda tem Plano B se perder no Dia D\",\"datePublished\":\"2026-09-03T11:08:51+00:00\",\"dateModified\":\"2026-09-03T11:53:23+00:00\",\"mainEntityOfPage\":{\"@id\":\"https:\\\/\\\/www.notibras.com\\\/site\\\/arruda-tem-plano-b-se-perder-no-dia-d\\\/\"},\"wordCount\":465,\"publisher\":{\"@id\":\"https:\\\/\\\/www.notibras.com\\\/site\\\/#organization\"},\"image\":{\"@id\":\"https:\\\/\\\/www.notibras.com\\\/site\\\/arruda-tem-plano-b-se-perder-no-dia-d\\\/#primaryimage\"},\"thumbnailUrl\":\"https:\\\/\\\/www.notibras.com\\\/site\\\/wp-content\\\/uploads\\\/2022\\\/08\\\/arruda_vale_esta-1.jpg\",\"articleSection\":[\"Elei\u00e7\u00f5es Bras\u00edlia\"],\"inLanguage\":\"pt-BR\"},{\"@type\":\"WebPage\",\"@id\":\"https:\\\/\\\/www.notibras.com\\\/site\\\/arruda-tem-plano-b-se-perder-no-dia-d\\\/\",\"url\":\"https:\\\/\\\/www.notibras.com\\\/site\\\/arruda-tem-plano-b-se-perder-no-dia-d\\\/\",\"name\":\"Arruda tem Plano B se perder no Dia D - Notibras\",\"isPartOf\":{\"@id\":\"https:\\\/\\\/www.notibras.com\\\/site\\\/#website\"},\"primaryImageOfPage\":{\"@id\":\"https:\\\/\\\/www.notibras.com\\\/site\\\/arruda-tem-plano-b-se-perder-no-dia-d\\\/#primaryimage\"},\"image\":{\"@id\":\"https:\\\/\\\/www.notibras.com\\\/site\\\/arruda-tem-plano-b-se-perder-no-dia-d\\\/#primaryimage\"},\"thumbnailUrl\":\"https:\\\/\\\/www.notibras.com\\\/site\\\/wp-content\\\/uploads\\\/2022\\\/08\\\/arruda_vale_esta-1.jpg\",\"datePublished\":\"2026-09-03T11:08:51+00:00\",\"dateModified\":\"2026-09-03T11:53:23+00:00\",\"breadcrumb\":{\"@id\":\"https:\\\/\\\/www.notibras.com\\\/site\\\/arruda-tem-plano-b-se-perder-no-dia-d\\\/#breadcrumb\"},\"inLanguage\":\"pt-BR\",\"potentialAction\":[{\"@type\":\"ReadAction\",\"target\":[\"https:\\\/\\\/www.notibras.com\\\/site\\\/arruda-tem-plano-b-se-perder-no-dia-d\\\/\"]}]},{\"@type\":\"ImageObject\",\"inLanguage\":\"pt-BR\",\"@id\":\"https:\\\/\\\/www.notibras.com\\\/site\\\/arruda-tem-plano-b-se-perder-no-dia-d\\\/#primaryimage\",\"url\":\"https:\\\/\\\/www.notibras.com\\\/site\\\/wp-content\\\/uploads\\\/2022\\\/08\\\/arruda_vale_esta-1.jpg\",\"contentUrl\":\"https:\\\/\\\/www.notibras.com\\\/site\\\/wp-content\\\/uploads\\\/2022\\\/08\\\/arruda_vale_esta-1.jpg\",\"width\":1170,\"height\":700},{\"@type\":\"BreadcrumbList\",\"@id\":\"https:\\\/\\\/www.notibras.com\\\/site\\\/arruda-tem-plano-b-se-perder-no-dia-d\\\/#breadcrumb\",\"itemListElement\":[{\"@type\":\"ListItem\",\"position\":1,\"name\":\"In\u00edcio\",\"item\":\"https:\\\/\\\/www.notibras.com\\\/site\\\/\"},{\"@type\":\"ListItem\",\"position\":2,\"name\":\"Arruda tem Plano B se perder no Dia D\"}]},{\"@type\":\"WebSite\",\"@id\":\"https:\\\/\\\/www.notibras.com\\\/site\\\/#website\",\"url\":\"https:\\\/\\\/www.notibras.com\\\/site\\\/\",\"name\":\"Notibras\",\"description\":\"Not\u00edcias de Bras\u00edlia, do Brasil e do Mundo\",\"publisher\":{\"@id\":\"https:\\\/\\\/www.notibras.com\\\/site\\\/#organization\"},\"potentialAction\":[{\"@type\":\"SearchAction\",\"target\":{\"@type\":\"EntryPoint\",\"urlTemplate\":\"https:\\\/\\\/www.notibras.com\\\/site\\\/?s={search_term_string}\"},\"query-input\":{\"@type\":\"PropertyValueSpecification\",\"valueRequired\":true,\"valueName\":\"search_term_string\"}}],\"inLanguage\":\"pt-BR\"},{\"@type\":\"Organization\",\"@id\":\"https:\\\/\\\/www.notibras.com\\\/site\\\/#organization\",\"name\":\"Grupo Notibras de Comunica\u00e7\u00e3o\",\"url\":\"https:\\\/\\\/www.notibras.com\\\/site\\\/\",\"logo\":{\"@type\":\"ImageObject\",\"inLanguage\":\"pt-BR\",\"@id\":\"https:\\\/\\\/www.notibras.com\\\/site\\\/#\\\/schema\\\/logo\\\/image\\\/\",\"url\":\"https:\\\/\\\/www.notibras.com\\\/site\\\/wp-content\\\/uploads\\\/2023\\\/01\\\/notibras23.png\",\"contentUrl\":\"https:\\\/\\\/www.notibras.com\\\/site\\\/wp-content\\\/uploads\\\/2023\\\/01\\\/notibras23.png\",\"width\":350,\"height\":87,\"caption\":\"Grupo Notibras de Comunica\u00e7\u00e3o\"},\"image\":{\"@id\":\"https:\\\/\\\/www.notibras.com\\\/site\\\/#\\\/schema\\\/logo\\\/image\\\/\"},\"sameAs\":[\"https:\\\/\\\/www.facebook.com\\\/notibras\\\/\",\"https:\\\/\\\/x.com\\\/Notibras\",\"https:\\\/\\\/www.instagram.com\\\/notibras\\\/\"]},{\"@type\":\"Person\",\"@id\":\"https:\\\/\\\/www.notibras.com\\\/site\\\/#\\\/schema\\\/person\\\/36ab0979449956132d3e5b517ea76ac8\",\"name\":\"Reda\u00e7\u00e3o\",\"image\":{\"@type\":\"ImageObject\",\"inLanguage\":\"pt-BR\",\"@id\":\"https:\\\/\\\/secure.gravatar.com\\\/avatar\\\/e0a867bdedb85fd243eadf09663511f96fc81e0720a4a42581f334ad4303aa6b?s=96&d=mm&r=g\",\"url\":\"https:\\\/\\\/secure.gravatar.com\\\/avatar\\\/e0a867bdedb85fd243eadf09663511f96fc81e0720a4a42581f334ad4303aa6b?s=96&d=mm&r=g\",\"contentUrl\":\"https:\\\/\\\/secure.gravatar.com\\\/avatar\\\/e0a867bdedb85fd243eadf09663511f96fc81e0720a4a42581f334ad4303aa6b?s=96&d=mm&r=g\",\"caption\":\"Reda\u00e7\u00e3o\"}}]}<\/script>\n<!-- \/ Yoast SEO plugin. -->","yoast_head_json":{"title":"Arruda tem Plano B se perder no Dia D - Notibras","robots":{"index":"index","follow":"follow","max-snippet":"max-snippet:-1","max-image-preview":"max-image-preview:large","max-video-preview":"max-video-preview:-1"},"canonical":"https:\/\/www.notibras.com\/site\/arruda-tem-plano-b-se-perder-no-dia-d\/","og_locale":"pt_BR","og_type":"article","og_title":"Arruda tem Plano B se perder no Dia D - Notibras","og_description":"A elei\u00e7\u00e3o do Distrito Federal volta a ter, nesta quinta-feira, um componente capaz de alterar imediatamente a din\u00e2mica da disputa: o Tribunal Regional Eleitoral julga o pedido de registro da candidatura de Jos\u00e9 Roberto Arruda ao Governo do Distrito Federal. O julgamento acontece depois de uma semana em que o debate promovido pelo Correio Braziliense [&hellip;]","og_url":"https:\/\/www.notibras.com\/site\/arruda-tem-plano-b-se-perder-no-dia-d\/","og_site_name":"Notibras","article_publisher":"https:\/\/www.facebook.com\/notibras\/","article_published_time":"2026-09-03T11:08:51+00:00","article_modified_time":"2026-09-03T11:53:23+00:00","og_image":[{"width":1170,"height":700,"url":"https:\/\/www.notibras.com\/site\/wp-content\/uploads\/2022\/08\/arruda_vale_esta-1.jpg","type":"image\/jpeg"}],"author":"Reda\u00e7\u00e3o","twitter_card":"summary_large_image","twitter_creator":"@Notibras","twitter_site":"@Notibras","twitter_misc":{"Escrito por":"Reda\u00e7\u00e3o","Est. tempo de leitura":"3 minutos"},"schema":{"@context":"https:\/\/schema.org","@graph":[{"@type":"Article","@id":"https:\/\/www.notibras.com\/site\/arruda-tem-plano-b-se-perder-no-dia-d\/#article","isPartOf":{"@id":"https:\/\/www.notibras.com\/site\/arruda-tem-plano-b-se-perder-no-dia-d\/"},"author":{"name":"Reda\u00e7\u00e3o","@id":"https:\/\/www.notibras.com\/site\/#\/schema\/person\/36ab0979449956132d3e5b517ea76ac8"},"headline":"Arruda tem Plano B se perder no Dia D","datePublished":"2026-09-03T11:08:51+00:00","dateModified":"2026-09-03T11:53:23+00:00","mainEntityOfPage":{"@id":"https:\/\/www.notibras.com\/site\/arruda-tem-plano-b-se-perder-no-dia-d\/"},"wordCount":465,"publisher":{"@id":"https:\/\/www.notibras.com\/site\/#organization"},"image":{"@id":"https:\/\/www.notibras.com\/site\/arruda-tem-plano-b-se-perder-no-dia-d\/#primaryimage"},"thumbnailUrl":"https:\/\/www.notibras.com\/site\/wp-content\/uploads\/2022\/08\/arruda_vale_esta-1.jpg","articleSection":["Elei\u00e7\u00f5es Bras\u00edlia"],"inLanguage":"pt-BR"},{"@type":"WebPage","@id":"https:\/\/www.notibras.com\/site\/arruda-tem-plano-b-se-perder-no-dia-d\/","url":"https:\/\/www.notibras.com\/site\/arruda-tem-plano-b-se-perder-no-dia-d\/","name":"Arruda tem Plano B se perder no Dia D - Notibras","isPartOf":{"@id":"https:\/\/www.notibras.com\/site\/#website"},"primaryImageOfPage":{"@id":"https:\/\/www.notibras.com\/site\/arruda-tem-plano-b-se-perder-no-dia-d\/#primaryimage"},"image":{"@id":"https:\/\/www.notibras.com\/site\/arruda-tem-plano-b-se-perder-no-dia-d\/#primaryimage"},"thumbnailUrl":"https:\/\/www.notibras.com\/site\/wp-content\/uploads\/2022\/08\/arruda_vale_esta-1.jpg","datePublished":"2026-09-03T11:08:51+00:00","dateModified":"2026-09-03T11:53:23+00:00","breadcrumb":{"@id":"https:\/\/www.notibras.com\/site\/arruda-tem-plano-b-se-perder-no-dia-d\/#breadcrumb"},"inLanguage":"pt-BR","potentialAction":[{"@type":"ReadAction","target":["https:\/\/www.notibras.com\/site\/arruda-tem-plano-b-se-perder-no-dia-d\/"]}]},{"@type":"ImageObject","inLanguage":"pt-BR","@id":"https:\/\/www.notibras.com\/site\/arruda-tem-plano-b-se-perder-no-dia-d\/#primaryimage","url":"https:\/\/www.notibras.com\/site\/wp-content\/uploads\/2022\/08\/arruda_vale_esta-1.jpg","contentUrl":"https:\/\/www.notibras.com\/site\/wp-content\/uploads\/2022\/08\/arruda_vale_esta-1.jpg","width":1170,"height":700},{"@type":"BreadcrumbList","@id":"https:\/\/www.notibras.com\/site\/arruda-tem-plano-b-se-perder-no-dia-d\/#breadcrumb","itemListElement":[{"@type":"ListItem","position":1,"name":"In\u00edcio","item":"https:\/\/www.notibras.com\/site\/"},{"@type":"ListItem","position":2,"name":"Arruda tem Plano B se perder no Dia D"}]},{"@type":"WebSite","@id":"https:\/\/www.notibras.com\/site\/#website","url":"https:\/\/www.notibras.com\/site\/","name":"Notibras","description":"Not\u00edcias de Bras\u00edlia, do Brasil e do Mundo","publisher":{"@id":"https:\/\/www.notibras.com\/site\/#organization"},"potentialAction":[{"@type":"SearchAction","target":{"@type":"EntryPoint","urlTemplate":"https:\/\/www.notibras.com\/site\/?s={search_term_string}"},"query-input":{"@type":"PropertyValueSpecification","valueRequired":true,"valueName":"search_term_string"}}],"inLanguage":"pt-BR"},{"@type":"Organization","@id":"https:\/\/www.notibras.com\/site\/#organization","name":"Grupo Notibras de Comunica\u00e7\u00e3o","url":"https:\/\/www.notibras.com\/site\/","logo":{"@type":"ImageObject","inLanguage":"pt-BR","@id":"https:\/\/www.notibras.com\/site\/#\/schema\/logo\/image\/","url":"https:\/\/www.notibras.com\/site\/wp-content\/uploads\/2023\/01\/notibras23.png","contentUrl":"https:\/\/www.notibras.com\/site\/wp-content\/uploads\/2023\/01\/notibras23.png","width":350,"height":87,"caption":"Grupo Notibras de Comunica\u00e7\u00e3o"},"image":{"@id":"https:\/\/www.notibras.com\/site\/#\/schema\/logo\/image\/"},"sameAs":["https:\/\/www.facebook.com\/notibras\/","https:\/\/x.com\/Notibras","https:\/\/www.instagram.com\/notibras\/"]},{"@type":"Person","@id":"https:\/\/www.notibras.com\/site\/#\/schema\/person\/36ab0979449956132d3e5b517ea76ac8","name":"Reda\u00e7\u00e3o","image":{"@type":"ImageObject","inLanguage":"pt-BR","@id":"https:\/\/secure.gravatar.com\/avatar\/e0a867bdedb85fd243eadf09663511f96fc81e0720a4a42581f334ad4303aa6b?s=96&d=mm&r=g","url":"https:\/\/secure.gravatar.com\/avatar\/e0a867bdedb85fd243eadf09663511f96fc81e0720a4a42581f334ad4303aa6b?s=96&d=mm&r=g","contentUrl":"https:\/\/secure.gravatar.com\/avatar\/e0a867bdedb85fd243eadf09663511f96fc81e0720a4a42581f334ad4303aa6b?s=96&d=mm&r=g","caption":"Reda\u00e7\u00e3o"}}]}},"_links":{"self":[{"href":"https:\/\/www.notibras.com\/site\/wp-json\/wp\/v2\/posts\/409074","targetHints":{"allow":["GET"]}}],"collection":[{"href":"https:\/\/www.notibras.com\/site\/wp-json\/wp\/v2\/posts"}],"about":[{"href":"https:\/\/www.notibras.com\/site\/wp-json\/wp\/v2\/types\/post"}],"author":[{"embeddable":true,"href":"https:\/\/www.notibras.com\/site\/wp-json\/wp\/v2\/users\/2"}],"replies":[{"embeddable":true,"href":"https:\/\/www.notibras.com\/site\/wp-json\/wp\/v2\/comments?post=409074"}],"version-history":[{"count":1,"href":"https:\/\/www.notibras.com\/site\/wp-json\/wp\/v2\/posts\/409074\/revisions"}],"predecessor-version":[{"id":409075,"href":"https:\/\/www.notibras.com\/site\/wp-json\/wp\/v2\/posts\/409074\/revisions\/409075"}],"wp:featuredmedia":[{"embeddable":true,"href":"https:\/\/www.notibras.com\/site\/wp-json\/wp\/v2\/media\/289829"}],"wp:attachment":[{"href":"https:\/\/www.notibras.com\/site\/wp-json\/wp\/v2\/media?parent=409074"}],"wp:term":[{"taxonomy":"category","embeddable":true,"href":"https:\/\/www.notibras.com\/site\/wp-json\/wp\/v2\/categories?post=409074"},{"taxonomy":"post_tag","embeddable":true,"href":"https:\/\/www.notibras.com\/site\/wp-json\/wp\/v2\/tags?post=409074"},{"taxonomy":"tmauthors","embeddable":true,"href":"https:\/\/www.notibras.com\/site\/wp-json\/wp\/v2\/tmauthors?post=409074"}],"curies":[{"name":"wp","href":"https:\/\/api.w.org\/{rel}","templated":true}]}}