{"id":409076,"date":"2026-09-03T07:55:12","date_gmt":"2026-09-03T10:55:12","guid":{"rendered":"https:\/\/www.notibras.com\/site\/?p=409076"},"modified":"2026-09-03T08:58:22","modified_gmt":"2026-09-03T11:58:22","slug":"vorcaro-pronto-para-jogar-lenha-na-fogueira","status":"publish","type":"post","link":"https:\/\/www.notibras.com\/site\/vorcaro-pronto-para-jogar-lenha-na-fogueira\/","title":{"rendered":"Vorcaro pronto para jogar lenha na fogueira"},"content":{"rendered":"<p>Do mesmo modo que a prov\u00e1vel reencarna\u00e7\u00e3o de Luiz In\u00e1cio para sua quarta vida \u00e0 frente da Presid\u00eancia da Rep\u00fablica tem tirado o sono da falida rep\u00fablica bolsonarista, o fantasma de Daniel Vorcaro tem obrigado pelo menos meia Rep\u00fablica a dobrar a dose de Rivotril. At\u00e9 agora, as noites eram intermin\u00e1veis somente no Congresso Nacional e entre os presidenci\u00e1veis. Hoje, elas come\u00e7am, mas n\u00e3o t\u00eam hora para terminar tamb\u00e9m para alguns dos atuais dez ministros do Supremo Tribunal Federal. O ministro Andr\u00e9 Mendon\u00e7a tocou fogo no parquinho. \u00c9 bom ele tamb\u00e9m preparar as ataduras.<\/p>\n<p>O inqu\u00e9rito da Pol\u00edcia Federal est\u00e1 no ar. Seu conte\u00fado \u00e9 a bomba at\u00f4mica que j\u00e1 atingiu carecas e, a qualquer momento, pode ser disparada contra um monte de cabeludos. De um lado, o ministro Andr\u00e9 Mendon\u00e7a exige explica\u00e7\u00f5es do colega de bancada Alexandre de Moraes sobre contatos e contratos com o ex-dono do ex-banco Master. Exig\u00eancia justa, muito justa, just\u00edssima. Do outro, Fl\u00e1vio Bolsonaro, \u00edntimo de Vorcaro, a quem chama de irm\u00e3o, recebe dinheiro do Master, n\u00e3o presta contas e fica o dito pelo n\u00e3o dito. Fl\u00e1vio e Moraes est\u00e3o no mesmo processo sob a relatoria de Mendon\u00e7a. Sem contar os contratos do instituto de Mendon\u00e7a.<\/p>\n<p>E por que dois pesos e duas medidas? Enquanto a sociedade cobra respostas honestas para esta e outras indaga\u00e7\u00f5es envolvendo o ministro e o senador, Vorcaro e seu demon\u00edaco sil\u00eancio incomoda as duas candidaturas. Postulante \u00e0 sucess\u00e3o de Lula da Silva, Fl\u00e1vio Bolsonaro diz que diz, mas nada acrescenta ao que nunca disse. Vice-presidente do STF, Alexandre de Moraes ter\u00e1 de manter a conduta ilibada se quiser assumir o comando da Corte Suprema em mar\u00e7o de 2027. Tarefe ingl\u00f3ria para ambos. Um precisa de milhares de milh\u00f5es de votos do povo, enquanto o outro precisa convencer os nove ou dez colegas de plen\u00e1rio.<\/p>\n<p>Como Fl\u00e1vio n\u00e3o explicou e dificilmente explicar\u00e1 o rumo da grana liberada por Vorcaro, teria ele cometido um vorcaric\u00eddeo? Quem sabe um bolsonaric\u00eddio! Na mesma ordem, tudo indica que Moraes cometeu supremic\u00eddio. Ou supremicida \u00e9 Mendon\u00e7a? Tirando os nove fora, resta a d\u00favida: no caso de uma dela\u00e7\u00e3o premiada, quem Daniel Vorcaro tira da fogueira? A maioria aposta que ele jogar\u00e1 os dois na fogueira da vaidade. Eu prefiro me abster. O que posso adiantar \u00e9 que, diferente da necessidade de Fl\u00e1vio, que tem de convencer o eleitorado de que n\u00e3o \u00e9 um mentiroso, Moraes contar\u00e1 com o corporativismo da Corte, cujos membros, em que pese a credibilidade, certamente tentar\u00e3o evitar afogar de vez o STF no lama\u00e7al em que foi jogado.<\/p>\n<p>Como as inst\u00e2ncias superiores n\u00e3o permitem que o acusador expulse o acusado, nesse terr\u00edvel enredo de com\u00e9dia pastel\u00e3o tudo deve acabar em pizza no forno das togas. Nem tudo, porque os olhares enviesados jamais cessar\u00e3o. Quanto a\u00a0<i>Dark Horse<\/i>, em cartaz na caixa-preta de Vorcaro, a fuga galopante do dinheiro impedir\u00e1 que Fl\u00e1vio continue sonhando com a Presid\u00eancia da Rep\u00fablica. E ficar\u00e1 nisso, pois, al\u00e9m de primog\u00eanito do Jair, ele \u00e9 protegido do ministro acusador e aliado da primeira fila da fam\u00edlia Bolsonaro. Sendo assim, o tapete ser\u00e1 definitivamente entupido com o lixo nada republicano da Rep\u00fablica.<\/p>\n<p>Pelo menos o povo brasileiro n\u00e3o ter\u00e1 mais d\u00favida da orfandade de dois dos tr\u00eas poderes. Poderia ser pior caso o candidato mentiroso tivesse alguma chance de, imerecidamente, pudesse alcan\u00e7ar o Pal\u00e1cio do Planalto. Como Deus n\u00e3o asas \u00e0s cobras, aparentemente estamos livres da pe\u00e7onha. Pela rea\u00e7\u00e3o do povo, fica a certeza de que nunca na hist\u00f3ria deste pa\u00eds algu\u00e9m imaginou que um dia o STF se transformasse em um covil. Em 135 anos de exist\u00eancia, bem ou mal, a coer\u00eancia jamais foi aviltada pela subservi\u00eancia, muito menos pela obedi\u00eancia dos indicados a quem os indicou.<\/p>\n<p>Acompanhando a \u00e2nsia do poder f\u00edsico, econ\u00f4mico e pessoal, setembro chegou esparramando labaredas e brasas por toda a Pra\u00e7a dos Tr\u00eas Poderes. Como o mato permanece seco, o fogo ardente do STF ainda queimar\u00e1 muitas almas vivas.<\/p>\n<p>&#8230;&#8230;<\/p>\n<p><strong>Sonja Tavares \u00e9 Editora de Pol\u00edtica de Notibras<\/strong><\/p>\n","protected":false},"excerpt":{"rendered":"<p>Do mesmo modo que a prov\u00e1vel reencarna\u00e7\u00e3o de Luiz In\u00e1cio para sua quarta vida \u00e0 frente da Presid\u00eancia da Rep\u00fablica tem tirado o sono da falida rep\u00fablica bolsonarista, o fantasma de Daniel Vorcaro tem obrigado pelo menos meia Rep\u00fablica a dobrar a dose de Rivotril. At\u00e9 agora, as noites eram intermin\u00e1veis somente no Congresso Nacional [&hellip;]<\/p>\n","protected":false},"author":2,"featured_media":378367,"comment_status":"closed","ping_status":"closed","sticky":false,"template":"","format":"standard","meta":{"_acf_changed":false,"footnotes":""},"categories":[94],"tags":[95],"tmauthors":[307],"class_list":["post-409076","post","type-post","status-publish","format-standard","has-post-thumbnail","category-bizu","tag-capa"],"acf":[],"yoast_head":"<!-- This site is optimized with the Yoast SEO plugin v28.0 - https:\/\/yoast.com\/product\/yoast-seo-wordpress\/ -->\n<title>Vorcaro pronto para jogar lenha na fogueira - Notibras<\/title>\n<meta name=\"robots\" content=\"index, follow, max-snippet:-1, max-image-preview:large, max-video-preview:-1\" \/>\n<link rel=\"canonical\" href=\"https:\/\/www.notibras.com\/site\/vorcaro-pronto-para-jogar-lenha-na-fogueira\/\" \/>\n<meta property=\"og:locale\" content=\"pt_BR\" \/>\n<meta property=\"og:type\" content=\"article\" \/>\n<meta property=\"og:title\" content=\"Vorcaro pronto para jogar lenha na fogueira - Notibras\" \/>\n<meta property=\"og:description\" content=\"Do mesmo modo que a prov\u00e1vel reencarna\u00e7\u00e3o de Luiz In\u00e1cio para sua quarta vida \u00e0 frente da Presid\u00eancia da Rep\u00fablica tem tirado o sono da falida rep\u00fablica bolsonarista, o fantasma de Daniel Vorcaro tem obrigado pelo menos meia Rep\u00fablica a dobrar a dose de Rivotril. At\u00e9 agora, as noites eram intermin\u00e1veis somente no Congresso Nacional [&hellip;]\" \/>\n<meta property=\"og:url\" content=\"https:\/\/www.notibras.com\/site\/vorcaro-pronto-para-jogar-lenha-na-fogueira\/\" \/>\n<meta property=\"og:site_name\" content=\"Notibras\" \/>\n<meta property=\"article:publisher\" content=\"https:\/\/www.facebook.com\/notibras\/\" \/>\n<meta property=\"article:published_time\" content=\"2026-09-03T10:55:12+00:00\" \/>\n<meta property=\"article:modified_time\" content=\"2026-09-03T11:58:22+00:00\" \/>\n<meta property=\"og:image\" content=\"https:\/\/www.notibras.com\/site\/wp-content\/uploads\/2026\/01\/vorcaro-master-750x440-1.jpg\" \/>\n\t<meta property=\"og:image:width\" content=\"750\" \/>\n\t<meta property=\"og:image:height\" content=\"440\" \/>\n\t<meta property=\"og:image:type\" content=\"image\/jpeg\" \/>\n<meta name=\"author\" content=\"Reda\u00e7\u00e3o\" \/>\n<meta name=\"twitter:card\" content=\"summary_large_image\" \/>\n<meta name=\"twitter:creator\" content=\"@Notibras\" \/>\n<meta name=\"twitter:site\" content=\"@Notibras\" \/>\n<meta name=\"twitter:label1\" content=\"Escrito por\" \/>\n\t<meta name=\"twitter:data1\" content=\"Reda\u00e7\u00e3o\" \/>\n\t<meta name=\"twitter:label2\" content=\"Est. tempo de leitura\" \/>\n\t<meta name=\"twitter:data2\" content=\"4 minutos\" \/>\n<script type=\"application\/ld+json\" class=\"yoast-schema-graph\">{\"@context\":\"https:\\\/\\\/schema.org\",\"@graph\":[{\"@type\":\"Article\",\"@id\":\"https:\\\/\\\/www.notibras.com\\\/site\\\/vorcaro-pronto-para-jogar-lenha-na-fogueira\\\/#article\",\"isPartOf\":{\"@id\":\"https:\\\/\\\/www.notibras.com\\\/site\\\/vorcaro-pronto-para-jogar-lenha-na-fogueira\\\/\"},\"author\":{\"name\":\"Reda\u00e7\u00e3o\",\"@id\":\"https:\\\/\\\/www.notibras.com\\\/site\\\/#\\\/schema\\\/person\\\/36ab0979449956132d3e5b517ea76ac8\"},\"headline\":\"Vorcaro pronto para jogar lenha na fogueira\",\"datePublished\":\"2026-09-03T10:55:12+00:00\",\"dateModified\":\"2026-09-03T11:58:22+00:00\",\"mainEntityOfPage\":{\"@id\":\"https:\\\/\\\/www.notibras.com\\\/site\\\/vorcaro-pronto-para-jogar-lenha-na-fogueira\\\/\"},\"wordCount\":745,\"publisher\":{\"@id\":\"https:\\\/\\\/www.notibras.com\\\/site\\\/#organization\"},\"image\":{\"@id\":\"https:\\\/\\\/www.notibras.com\\\/site\\\/vorcaro-pronto-para-jogar-lenha-na-fogueira\\\/#primaryimage\"},\"thumbnailUrl\":\"https:\\\/\\\/www.notibras.com\\\/site\\\/wp-content\\\/uploads\\\/2026\\\/01\\\/vorcaro-master-750x440-1.jpg\",\"keywords\":[\"capa\"],\"articleSection\":[\"Bizu\"],\"inLanguage\":\"pt-BR\"},{\"@type\":\"WebPage\",\"@id\":\"https:\\\/\\\/www.notibras.com\\\/site\\\/vorcaro-pronto-para-jogar-lenha-na-fogueira\\\/\",\"url\":\"https:\\\/\\\/www.notibras.com\\\/site\\\/vorcaro-pronto-para-jogar-lenha-na-fogueira\\\/\",\"name\":\"Vorcaro pronto para jogar lenha na fogueira - Notibras\",\"isPartOf\":{\"@id\":\"https:\\\/\\\/www.notibras.com\\\/site\\\/#website\"},\"primaryImageOfPage\":{\"@id\":\"https:\\\/\\\/www.notibras.com\\\/site\\\/vorcaro-pronto-para-jogar-lenha-na-fogueira\\\/#primaryimage\"},\"image\":{\"@id\":\"https:\\\/\\\/www.notibras.com\\\/site\\\/vorcaro-pronto-para-jogar-lenha-na-fogueira\\\/#primaryimage\"},\"thumbnailUrl\":\"https:\\\/\\\/www.notibras.com\\\/site\\\/wp-content\\\/uploads\\\/2026\\\/01\\\/vorcaro-master-750x440-1.jpg\",\"datePublished\":\"2026-09-03T10:55:12+00:00\",\"dateModified\":\"2026-09-03T11:58:22+00:00\",\"breadcrumb\":{\"@id\":\"https:\\\/\\\/www.notibras.com\\\/site\\\/vorcaro-pronto-para-jogar-lenha-na-fogueira\\\/#breadcrumb\"},\"inLanguage\":\"pt-BR\",\"potentialAction\":[{\"@type\":\"ReadAction\",\"target\":[\"https:\\\/\\\/www.notibras.com\\\/site\\\/vorcaro-pronto-para-jogar-lenha-na-fogueira\\\/\"]}]},{\"@type\":\"ImageObject\",\"inLanguage\":\"pt-BR\",\"@id\":\"https:\\\/\\\/www.notibras.com\\\/site\\\/vorcaro-pronto-para-jogar-lenha-na-fogueira\\\/#primaryimage\",\"url\":\"https:\\\/\\\/www.notibras.com\\\/site\\\/wp-content\\\/uploads\\\/2026\\\/01\\\/vorcaro-master-750x440-1.jpg\",\"contentUrl\":\"https:\\\/\\\/www.notibras.com\\\/site\\\/wp-content\\\/uploads\\\/2026\\\/01\\\/vorcaro-master-750x440-1.jpg\",\"width\":750,\"height\":440},{\"@type\":\"BreadcrumbList\",\"@id\":\"https:\\\/\\\/www.notibras.com\\\/site\\\/vorcaro-pronto-para-jogar-lenha-na-fogueira\\\/#breadcrumb\",\"itemListElement\":[{\"@type\":\"ListItem\",\"position\":1,\"name\":\"In\u00edcio\",\"item\":\"https:\\\/\\\/www.notibras.com\\\/site\\\/\"},{\"@type\":\"ListItem\",\"position\":2,\"name\":\"Vorcaro pronto para jogar lenha na fogueira\"}]},{\"@type\":\"WebSite\",\"@id\":\"https:\\\/\\\/www.notibras.com\\\/site\\\/#website\",\"url\":\"https:\\\/\\\/www.notibras.com\\\/site\\\/\",\"name\":\"Notibras\",\"description\":\"Not\u00edcias de Bras\u00edlia, do Brasil e do Mundo\",\"publisher\":{\"@id\":\"https:\\\/\\\/www.notibras.com\\\/site\\\/#organization\"},\"potentialAction\":[{\"@type\":\"SearchAction\",\"target\":{\"@type\":\"EntryPoint\",\"urlTemplate\":\"https:\\\/\\\/www.notibras.com\\\/site\\\/?s={search_term_string}\"},\"query-input\":{\"@type\":\"PropertyValueSpecification\",\"valueRequired\":true,\"valueName\":\"search_term_string\"}}],\"inLanguage\":\"pt-BR\"},{\"@type\":\"Organization\",\"@id\":\"https:\\\/\\\/www.notibras.com\\\/site\\\/#organization\",\"name\":\"Grupo Notibras de Comunica\u00e7\u00e3o\",\"url\":\"https:\\\/\\\/www.notibras.com\\\/site\\\/\",\"logo\":{\"@type\":\"ImageObject\",\"inLanguage\":\"pt-BR\",\"@id\":\"https:\\\/\\\/www.notibras.com\\\/site\\\/#\\\/schema\\\/logo\\\/image\\\/\",\"url\":\"https:\\\/\\\/www.notibras.com\\\/site\\\/wp-content\\\/uploads\\\/2023\\\/01\\\/notibras23.png\",\"contentUrl\":\"https:\\\/\\\/www.notibras.com\\\/site\\\/wp-content\\\/uploads\\\/2023\\\/01\\\/notibras23.png\",\"width\":350,\"height\":87,\"caption\":\"Grupo Notibras de Comunica\u00e7\u00e3o\"},\"image\":{\"@id\":\"https:\\\/\\\/www.notibras.com\\\/site\\\/#\\\/schema\\\/logo\\\/image\\\/\"},\"sameAs\":[\"https:\\\/\\\/www.facebook.com\\\/notibras\\\/\",\"https:\\\/\\\/x.com\\\/Notibras\",\"https:\\\/\\\/www.instagram.com\\\/notibras\\\/\"]},{\"@type\":\"Person\",\"@id\":\"https:\\\/\\\/www.notibras.com\\\/site\\\/#\\\/schema\\\/person\\\/36ab0979449956132d3e5b517ea76ac8\",\"name\":\"Reda\u00e7\u00e3o\",\"image\":{\"@type\":\"ImageObject\",\"inLanguage\":\"pt-BR\",\"@id\":\"https:\\\/\\\/secure.gravatar.com\\\/avatar\\\/e0a867bdedb85fd243eadf09663511f96fc81e0720a4a42581f334ad4303aa6b?s=96&d=mm&r=g\",\"url\":\"https:\\\/\\\/secure.gravatar.com\\\/avatar\\\/e0a867bdedb85fd243eadf09663511f96fc81e0720a4a42581f334ad4303aa6b?s=96&d=mm&r=g\",\"contentUrl\":\"https:\\\/\\\/secure.gravatar.com\\\/avatar\\\/e0a867bdedb85fd243eadf09663511f96fc81e0720a4a42581f334ad4303aa6b?s=96&d=mm&r=g\",\"caption\":\"Reda\u00e7\u00e3o\"}}]}<\/script>\n<!-- \/ Yoast SEO plugin. -->","yoast_head_json":{"title":"Vorcaro pronto para jogar lenha na fogueira - Notibras","robots":{"index":"index","follow":"follow","max-snippet":"max-snippet:-1","max-image-preview":"max-image-preview:large","max-video-preview":"max-video-preview:-1"},"canonical":"https:\/\/www.notibras.com\/site\/vorcaro-pronto-para-jogar-lenha-na-fogueira\/","og_locale":"pt_BR","og_type":"article","og_title":"Vorcaro pronto para jogar lenha na fogueira - Notibras","og_description":"Do mesmo modo que a prov\u00e1vel reencarna\u00e7\u00e3o de Luiz In\u00e1cio para sua quarta vida \u00e0 frente da Presid\u00eancia da Rep\u00fablica tem tirado o sono da falida rep\u00fablica bolsonarista, o fantasma de Daniel Vorcaro tem obrigado pelo menos meia Rep\u00fablica a dobrar a dose de Rivotril. At\u00e9 agora, as noites eram intermin\u00e1veis somente no Congresso Nacional [&hellip;]","og_url":"https:\/\/www.notibras.com\/site\/vorcaro-pronto-para-jogar-lenha-na-fogueira\/","og_site_name":"Notibras","article_publisher":"https:\/\/www.facebook.com\/notibras\/","article_published_time":"2026-09-03T10:55:12+00:00","article_modified_time":"2026-09-03T11:58:22+00:00","og_image":[{"width":750,"height":440,"url":"https:\/\/www.notibras.com\/site\/wp-content\/uploads\/2026\/01\/vorcaro-master-750x440-1.jpg","type":"image\/jpeg"}],"author":"Reda\u00e7\u00e3o","twitter_card":"summary_large_image","twitter_creator":"@Notibras","twitter_site":"@Notibras","twitter_misc":{"Escrito por":"Reda\u00e7\u00e3o","Est. tempo de leitura":"4 minutos"},"schema":{"@context":"https:\/\/schema.org","@graph":[{"@type":"Article","@id":"https:\/\/www.notibras.com\/site\/vorcaro-pronto-para-jogar-lenha-na-fogueira\/#article","isPartOf":{"@id":"https:\/\/www.notibras.com\/site\/vorcaro-pronto-para-jogar-lenha-na-fogueira\/"},"author":{"name":"Reda\u00e7\u00e3o","@id":"https:\/\/www.notibras.com\/site\/#\/schema\/person\/36ab0979449956132d3e5b517ea76ac8"},"headline":"Vorcaro pronto para jogar lenha na fogueira","datePublished":"2026-09-03T10:55:12+00:00","dateModified":"2026-09-03T11:58:22+00:00","mainEntityOfPage":{"@id":"https:\/\/www.notibras.com\/site\/vorcaro-pronto-para-jogar-lenha-na-fogueira\/"},"wordCount":745,"publisher":{"@id":"https:\/\/www.notibras.com\/site\/#organization"},"image":{"@id":"https:\/\/www.notibras.com\/site\/vorcaro-pronto-para-jogar-lenha-na-fogueira\/#primaryimage"},"thumbnailUrl":"https:\/\/www.notibras.com\/site\/wp-content\/uploads\/2026\/01\/vorcaro-master-750x440-1.jpg","keywords":["capa"],"articleSection":["Bizu"],"inLanguage":"pt-BR"},{"@type":"WebPage","@id":"https:\/\/www.notibras.com\/site\/vorcaro-pronto-para-jogar-lenha-na-fogueira\/","url":"https:\/\/www.notibras.com\/site\/vorcaro-pronto-para-jogar-lenha-na-fogueira\/","name":"Vorcaro pronto para jogar lenha na fogueira - Notibras","isPartOf":{"@id":"https:\/\/www.notibras.com\/site\/#website"},"primaryImageOfPage":{"@id":"https:\/\/www.notibras.com\/site\/vorcaro-pronto-para-jogar-lenha-na-fogueira\/#primaryimage"},"image":{"@id":"https:\/\/www.notibras.com\/site\/vorcaro-pronto-para-jogar-lenha-na-fogueira\/#primaryimage"},"thumbnailUrl":"https:\/\/www.notibras.com\/site\/wp-content\/uploads\/2026\/01\/vorcaro-master-750x440-1.jpg","datePublished":"2026-09-03T10:55:12+00:00","dateModified":"2026-09-03T11:58:22+00:00","breadcrumb":{"@id":"https:\/\/www.notibras.com\/site\/vorcaro-pronto-para-jogar-lenha-na-fogueira\/#breadcrumb"},"inLanguage":"pt-BR","potentialAction":[{"@type":"ReadAction","target":["https:\/\/www.notibras.com\/site\/vorcaro-pronto-para-jogar-lenha-na-fogueira\/"]}]},{"@type":"ImageObject","inLanguage":"pt-BR","@id":"https:\/\/www.notibras.com\/site\/vorcaro-pronto-para-jogar-lenha-na-fogueira\/#primaryimage","url":"https:\/\/www.notibras.com\/site\/wp-content\/uploads\/2026\/01\/vorcaro-master-750x440-1.jpg","contentUrl":"https:\/\/www.notibras.com\/site\/wp-content\/uploads\/2026\/01\/vorcaro-master-750x440-1.jpg","width":750,"height":440},{"@type":"BreadcrumbList","@id":"https:\/\/www.notibras.com\/site\/vorcaro-pronto-para-jogar-lenha-na-fogueira\/#breadcrumb","itemListElement":[{"@type":"ListItem","position":1,"name":"In\u00edcio","item":"https:\/\/www.notibras.com\/site\/"},{"@type":"ListItem","position":2,"name":"Vorcaro pronto para jogar lenha na fogueira"}]},{"@type":"WebSite","@id":"https:\/\/www.notibras.com\/site\/#website","url":"https:\/\/www.notibras.com\/site\/","name":"Notibras","description":"Not\u00edcias de Bras\u00edlia, do Brasil e do Mundo","publisher":{"@id":"https:\/\/www.notibras.com\/site\/#organization"},"potentialAction":[{"@type":"SearchAction","target":{"@type":"EntryPoint","urlTemplate":"https:\/\/www.notibras.com\/site\/?s={search_term_string}"},"query-input":{"@type":"PropertyValueSpecification","valueRequired":true,"valueName":"search_term_string"}}],"inLanguage":"pt-BR"},{"@type":"Organization","@id":"https:\/\/www.notibras.com\/site\/#organization","name":"Grupo Notibras de Comunica\u00e7\u00e3o","url":"https:\/\/www.notibras.com\/site\/","logo":{"@type":"ImageObject","inLanguage":"pt-BR","@id":"https:\/\/www.notibras.com\/site\/#\/schema\/logo\/image\/","url":"https:\/\/www.notibras.com\/site\/wp-content\/uploads\/2023\/01\/notibras23.png","contentUrl":"https:\/\/www.notibras.com\/site\/wp-content\/uploads\/2023\/01\/notibras23.png","width":350,"height":87,"caption":"Grupo Notibras de Comunica\u00e7\u00e3o"},"image":{"@id":"https:\/\/www.notibras.com\/site\/#\/schema\/logo\/image\/"},"sameAs":["https:\/\/www.facebook.com\/notibras\/","https:\/\/x.com\/Notibras","https:\/\/www.instagram.com\/notibras\/"]},{"@type":"Person","@id":"https:\/\/www.notibras.com\/site\/#\/schema\/person\/36ab0979449956132d3e5b517ea76ac8","name":"Reda\u00e7\u00e3o","image":{"@type":"ImageObject","inLanguage":"pt-BR","@id":"https:\/\/secure.gravatar.com\/avatar\/e0a867bdedb85fd243eadf09663511f96fc81e0720a4a42581f334ad4303aa6b?s=96&d=mm&r=g","url":"https:\/\/secure.gravatar.com\/avatar\/e0a867bdedb85fd243eadf09663511f96fc81e0720a4a42581f334ad4303aa6b?s=96&d=mm&r=g","contentUrl":"https:\/\/secure.gravatar.com\/avatar\/e0a867bdedb85fd243eadf09663511f96fc81e0720a4a42581f334ad4303aa6b?s=96&d=mm&r=g","caption":"Reda\u00e7\u00e3o"}}]}},"_links":{"self":[{"href":"https:\/\/www.notibras.com\/site\/wp-json\/wp\/v2\/posts\/409076","targetHints":{"allow":["GET"]}}],"collection":[{"href":"https:\/\/www.notibras.com\/site\/wp-json\/wp\/v2\/posts"}],"about":[{"href":"https:\/\/www.notibras.com\/site\/wp-json\/wp\/v2\/types\/post"}],"author":[{"embeddable":true,"href":"https:\/\/www.notibras.com\/site\/wp-json\/wp\/v2\/users\/2"}],"replies":[{"embeddable":true,"href":"https:\/\/www.notibras.com\/site\/wp-json\/wp\/v2\/comments?post=409076"}],"version-history":[{"count":2,"href":"https:\/\/www.notibras.com\/site\/wp-json\/wp\/v2\/posts\/409076\/revisions"}],"predecessor-version":[{"id":409078,"href":"https:\/\/www.notibras.com\/site\/wp-json\/wp\/v2\/posts\/409076\/revisions\/409078"}],"wp:featuredmedia":[{"embeddable":true,"href":"https:\/\/www.notibras.com\/site\/wp-json\/wp\/v2\/media\/378367"}],"wp:attachment":[{"href":"https:\/\/www.notibras.com\/site\/wp-json\/wp\/v2\/media?parent=409076"}],"wp:term":[{"taxonomy":"category","embeddable":true,"href":"https:\/\/www.notibras.com\/site\/wp-json\/wp\/v2\/categories?post=409076"},{"taxonomy":"post_tag","embeddable":true,"href":"https:\/\/www.notibras.com\/site\/wp-json\/wp\/v2\/tags?post=409076"},{"taxonomy":"tmauthors","embeddable":true,"href":"https:\/\/www.notibras.com\/site\/wp-json\/wp\/v2\/tmauthors?post=409076"}],"curies":[{"name":"wp","href":"https:\/\/api.w.org\/{rel}","templated":true}]}}