{"id":409079,"date":"2026-09-03T07:39:52","date_gmt":"2026-09-03T10:39:52","guid":{"rendered":"https:\/\/www.notibras.com\/site\/?p=409079"},"modified":"2026-09-03T09:03:42","modified_gmt":"2026-09-03T12:03:42","slug":"lobos-do-supremo-podem-engolir-comedor-de-rato","status":"publish","type":"post","link":"https:\/\/www.notibras.com\/site\/lobos-do-supremo-podem-engolir-comedor-de-rato\/","title":{"rendered":"Lobos do Supremo podem engolir comedor de rato"},"content":{"rendered":"<p>H\u00e1 um antigo prov\u00e9rbio que, se autoaplic\u00e1vel, atingir\u00e1 em cheio algumas cabe\u00e7as coroadas de espinhos do Supremo Tribunal Federal. O ditado popular completo diz que \u201cQuem tem telhado de vidro n\u00e3o atira pedra no do vizinho\u201d. Did\u00e1tica, comportamental e juridicamente perfeita, a express\u00e3o significa que aqueles que t\u00eam fragilidades, segredos ou erros podem se machucar ou tamb\u00e9m se expor ao atacar demais. Se acrescido ao aforismo \u201cSujo e mal lavado\u201d, o prov\u00e9rbio, provavelmente anterior \u00e0 cria\u00e7\u00e3o do STF, em 1891, confirma a tese de que a na\u00e7\u00e3o, a popula\u00e7\u00e3o, os pol\u00edticos e os magistrados brasileiros est\u00e3o doentes.<\/p>\n<p>A guerra fria anunciada entre o roto e o esfarrapado no plen\u00e1rio da Corte n\u00e3o maculou somente a institui\u00e7\u00e3o Supremo Tribunal Federal. Feriu de morte a j\u00e1 debilitada credibilidade do STF como inst\u00e2ncia m\u00e1xima do Poder Judici\u00e1rio. E agora? A quem recorrer? \u00c0 Corte Suprema de Donald Trump ou a Daniel Vorcaro, o que veio para matar? N\u00e3o concordo com afirma\u00e7\u00f5es do tipo \u00e9 o fim da Rep\u00fablica brasileira. No entanto, n\u00e3o discordo daqueles que, silenciosamente, atenuam a m\u00e1xima de presidenci\u00e1veis sem votos, mas n\u00e3o a excluem. Talvez seja o in\u00edcio do fim.<\/p>\n<p>N\u00e3o acredito, embora seja esse o objetivo dos que, de caso pensado, resolveram atirar pedras, tijolos e granadas sobre o telhado onde ele pr\u00f3prio se abriga. S\u00e3o as vi\u00favas de Jair Bolsonaro. Diriam os adeptos da descren\u00e7a fundamentada, que, mesmo condenado, um ministro do STF tentar atingir um outro de morte nada tem de autof\u00e1gico. Seria hipocrisia, vontade de aparecer, inveja ou necessidade \u00f3bvia de cumprir promessas feitas a quem o indicou. Sem mais delongas, ainda que baseado em fatos, a exposi\u00e7\u00e3o que o ministro Andr\u00e9 Mendon\u00e7a imp\u00f4s ao \u201ccolega\u201d Alexandre de Moraes n\u00e3o foi de gra\u00e7a, tampouco deixar\u00e1 de ter retorno.<\/p>\n<p>Metaforicamente, ele (Mendon\u00e7a) \u00e9 o gato que queria engolir o rato (Moraes), mas acabar\u00e1 sendo comido pelos lobos do STF. Como a bomba de Mendon\u00e7a \u00e9 de v\u00e1rias ogivas, os respingos podem n\u00e3o ser imediatos, mas hoje ou amanh\u00e3 eles vir\u00e3o. Tudo pode acontecer, inclusive nada. O fato \u00e9 que Moraes caiu em desgra\u00e7a dentro e fora do Supremo. Continuar ou abandonar honrosamente a toga deixou de ser apenas uma quest\u00e3o de foro \u00edntimo. Obviamente que haver\u00e1 contrapartida, isto \u00e9, Andr\u00e9 Mendon\u00e7a certamente n\u00e3o ser\u00e1 poupado. Brasileiros e brasileiras j\u00e1 nascem sabendo que, de primeira, segunda ou terceira inst\u00e2ncia, os ju\u00edzes s\u00e3o homens e n\u00e3o anjos. Na pr\u00e1tica, isso quer dizer que todos s\u00e3o fal\u00edveis. Todos!<\/p>\n<p>O que eu desconhecia \u00e9 que, por debaixo de determinadas togas, notadamente as religiosas, se escondiam diabinhos fantasiados de personas com mentalidades terr\u00edveis e facilmente manipul\u00e1veis e, independentemente do resultado de suas diabruras, claramente a servi\u00e7o de uma corrente ideol\u00f3gica. Reitero que Alexandre de Moraes precisa ser investigado a fundo. O ministro tem a obriga\u00e7\u00e3o de explicar \u00e0 sociedade sua verdadeira rela\u00e7\u00e3o com Vorcaro. Logo ele que, sem medo, enfrentou a s\u00facia de terroristas que fracassou ao tentar derrubar um presidente democr\u00e1tica e majoritariamente eleito. Mas n\u00e3o \u00e9 s\u00f3 ele. Muitos dos atuais ministros do STF devem explica\u00e7\u00f5es \u00e0 sociedade.<\/p>\n<p>Como o caso Moraes envolve exclusivamente Andr\u00e9 Mendon\u00e7a, fa\u00e7o minhas as indaga\u00e7\u00f5es do jornalista Lu\u00eds Nassif. \u00c9\u00a0dever de um magistrado que se mostra casto e acima de qualquer suspeita explicar a subida vertiginosa de patamar financeiro do ITER, instituto criado pelo ministro logo ap\u00f3s sua posse no STF. Conforme o colunista, tr\u00eas dos cinco maiores contratos da institui\u00e7\u00e3o dirigida por Mendon\u00e7a envolvem entidades direta ou indiretamente ligadas ao Master, com decis\u00f5es do ministro do Tribunal Superior Eleitoral: o ex-governador Cl\u00e1udio Castro, o Conselho Federal de Contabilidade e um cons\u00f3rcio p\u00fablico que re\u00fane 12 munic\u00edpios da regi\u00e3o Oeste da Grande S\u00e3o Paulo. Mist\u00e9\u00e9\u00e9\u00e9\u00e9\u00e9\u00e9rio!<\/p>\n<p>&#8230;&#8230;&#8230;<\/p>\n<p><strong>Mathuzal\u00e9m J\u00fanior \u00e9 jornalista profissional desde 1978<\/strong><\/p>\n","protected":false},"excerpt":{"rendered":"<p>H\u00e1 um antigo prov\u00e9rbio que, se autoaplic\u00e1vel, atingir\u00e1 em cheio algumas cabe\u00e7as coroadas de espinhos do Supremo Tribunal Federal. O ditado popular completo diz que \u201cQuem tem telhado de vidro n\u00e3o atira pedra no do vizinho\u201d. Did\u00e1tica, comportamental e juridicamente perfeita, a express\u00e3o significa que aqueles que t\u00eam fragilidades, segredos ou erros podem se machucar [&hellip;]<\/p>\n","protected":false},"author":2,"featured_media":364046,"comment_status":"closed","ping_status":"closed","sticky":false,"template":"","format":"standard","meta":{"_acf_changed":false,"footnotes":""},"categories":[16],"tags":[],"tmauthors":[307],"class_list":["post-409079","post","type-post","status-publish","format-standard","has-post-thumbnail","category-brasil"],"acf":[],"yoast_head":"<!-- This site is optimized with the Yoast SEO plugin v28.0 - https:\/\/yoast.com\/product\/yoast-seo-wordpress\/ -->\n<title>Lobos do Supremo podem engolir comedor de rato - Notibras<\/title>\n<meta name=\"robots\" content=\"index, follow, max-snippet:-1, max-image-preview:large, max-video-preview:-1\" \/>\n<link rel=\"canonical\" href=\"https:\/\/www.notibras.com\/site\/lobos-do-supremo-podem-engolir-comedor-de-rato\/\" \/>\n<meta property=\"og:locale\" content=\"pt_BR\" \/>\n<meta property=\"og:type\" content=\"article\" \/>\n<meta property=\"og:title\" content=\"Lobos do Supremo podem engolir comedor de rato - Notibras\" \/>\n<meta property=\"og:description\" content=\"H\u00e1 um antigo prov\u00e9rbio que, se autoaplic\u00e1vel, atingir\u00e1 em cheio algumas cabe\u00e7as coroadas de espinhos do Supremo Tribunal Federal. O ditado popular completo diz que \u201cQuem tem telhado de vidro n\u00e3o atira pedra no do vizinho\u201d. Did\u00e1tica, comportamental e juridicamente perfeita, a express\u00e3o significa que aqueles que t\u00eam fragilidades, segredos ou erros podem se machucar [&hellip;]\" \/>\n<meta property=\"og:url\" content=\"https:\/\/www.notibras.com\/site\/lobos-do-supremo-podem-engolir-comedor-de-rato\/\" \/>\n<meta property=\"og:site_name\" content=\"Notibras\" \/>\n<meta property=\"article:publisher\" content=\"https:\/\/www.facebook.com\/notibras\/\" \/>\n<meta property=\"article:published_time\" content=\"2026-09-03T10:39:52+00:00\" \/>\n<meta property=\"article:modified_time\" content=\"2026-09-03T12:03:42+00:00\" \/>\n<meta property=\"og:image\" content=\"https:\/\/www.notibras.com\/site\/wp-content\/uploads\/2025\/09\/moraes_dino_lucia_stf.webp\" \/>\n\t<meta property=\"og:image:width\" content=\"754\" \/>\n\t<meta property=\"og:image:height\" content=\"471\" \/>\n\t<meta property=\"og:image:type\" content=\"image\/webp\" \/>\n<meta name=\"author\" content=\"Reda\u00e7\u00e3o\" \/>\n<meta name=\"twitter:card\" content=\"summary_large_image\" \/>\n<meta name=\"twitter:creator\" content=\"@Notibras\" \/>\n<meta name=\"twitter:site\" content=\"@Notibras\" \/>\n<meta name=\"twitter:label1\" content=\"Escrito por\" \/>\n\t<meta name=\"twitter:data1\" content=\"Reda\u00e7\u00e3o\" \/>\n\t<meta name=\"twitter:label2\" content=\"Est. tempo de leitura\" \/>\n\t<meta name=\"twitter:data2\" content=\"4 minutos\" \/>\n<script type=\"application\/ld+json\" class=\"yoast-schema-graph\">{\"@context\":\"https:\\\/\\\/schema.org\",\"@graph\":[{\"@type\":\"Article\",\"@id\":\"https:\\\/\\\/www.notibras.com\\\/site\\\/lobos-do-supremo-podem-engolir-comedor-de-rato\\\/#article\",\"isPartOf\":{\"@id\":\"https:\\\/\\\/www.notibras.com\\\/site\\\/lobos-do-supremo-podem-engolir-comedor-de-rato\\\/\"},\"author\":{\"name\":\"Reda\u00e7\u00e3o\",\"@id\":\"https:\\\/\\\/www.notibras.com\\\/site\\\/#\\\/schema\\\/person\\\/36ab0979449956132d3e5b517ea76ac8\"},\"headline\":\"Lobos do Supremo podem engolir comedor de rato\",\"datePublished\":\"2026-09-03T10:39:52+00:00\",\"dateModified\":\"2026-09-03T12:03:42+00:00\",\"mainEntityOfPage\":{\"@id\":\"https:\\\/\\\/www.notibras.com\\\/site\\\/lobos-do-supremo-podem-engolir-comedor-de-rato\\\/\"},\"wordCount\":694,\"publisher\":{\"@id\":\"https:\\\/\\\/www.notibras.com\\\/site\\\/#organization\"},\"image\":{\"@id\":\"https:\\\/\\\/www.notibras.com\\\/site\\\/lobos-do-supremo-podem-engolir-comedor-de-rato\\\/#primaryimage\"},\"thumbnailUrl\":\"https:\\\/\\\/www.notibras.com\\\/site\\\/wp-content\\\/uploads\\\/2025\\\/09\\\/moraes_dino_lucia_stf.webp\",\"articleSection\":[\"Brasil\"],\"inLanguage\":\"pt-BR\"},{\"@type\":\"WebPage\",\"@id\":\"https:\\\/\\\/www.notibras.com\\\/site\\\/lobos-do-supremo-podem-engolir-comedor-de-rato\\\/\",\"url\":\"https:\\\/\\\/www.notibras.com\\\/site\\\/lobos-do-supremo-podem-engolir-comedor-de-rato\\\/\",\"name\":\"Lobos do Supremo podem engolir comedor de rato - Notibras\",\"isPartOf\":{\"@id\":\"https:\\\/\\\/www.notibras.com\\\/site\\\/#website\"},\"primaryImageOfPage\":{\"@id\":\"https:\\\/\\\/www.notibras.com\\\/site\\\/lobos-do-supremo-podem-engolir-comedor-de-rato\\\/#primaryimage\"},\"image\":{\"@id\":\"https:\\\/\\\/www.notibras.com\\\/site\\\/lobos-do-supremo-podem-engolir-comedor-de-rato\\\/#primaryimage\"},\"thumbnailUrl\":\"https:\\\/\\\/www.notibras.com\\\/site\\\/wp-content\\\/uploads\\\/2025\\\/09\\\/moraes_dino_lucia_stf.webp\",\"datePublished\":\"2026-09-03T10:39:52+00:00\",\"dateModified\":\"2026-09-03T12:03:42+00:00\",\"breadcrumb\":{\"@id\":\"https:\\\/\\\/www.notibras.com\\\/site\\\/lobos-do-supremo-podem-engolir-comedor-de-rato\\\/#breadcrumb\"},\"inLanguage\":\"pt-BR\",\"potentialAction\":[{\"@type\":\"ReadAction\",\"target\":[\"https:\\\/\\\/www.notibras.com\\\/site\\\/lobos-do-supremo-podem-engolir-comedor-de-rato\\\/\"]}]},{\"@type\":\"ImageObject\",\"inLanguage\":\"pt-BR\",\"@id\":\"https:\\\/\\\/www.notibras.com\\\/site\\\/lobos-do-supremo-podem-engolir-comedor-de-rato\\\/#primaryimage\",\"url\":\"https:\\\/\\\/www.notibras.com\\\/site\\\/wp-content\\\/uploads\\\/2025\\\/09\\\/moraes_dino_lucia_stf.webp\",\"contentUrl\":\"https:\\\/\\\/www.notibras.com\\\/site\\\/wp-content\\\/uploads\\\/2025\\\/09\\\/moraes_dino_lucia_stf.webp\",\"width\":754,\"height\":471},{\"@type\":\"BreadcrumbList\",\"@id\":\"https:\\\/\\\/www.notibras.com\\\/site\\\/lobos-do-supremo-podem-engolir-comedor-de-rato\\\/#breadcrumb\",\"itemListElement\":[{\"@type\":\"ListItem\",\"position\":1,\"name\":\"In\u00edcio\",\"item\":\"https:\\\/\\\/www.notibras.com\\\/site\\\/\"},{\"@type\":\"ListItem\",\"position\":2,\"name\":\"Lobos do Supremo podem engolir comedor de rato\"}]},{\"@type\":\"WebSite\",\"@id\":\"https:\\\/\\\/www.notibras.com\\\/site\\\/#website\",\"url\":\"https:\\\/\\\/www.notibras.com\\\/site\\\/\",\"name\":\"Notibras\",\"description\":\"Not\u00edcias de Bras\u00edlia, do Brasil e do Mundo\",\"publisher\":{\"@id\":\"https:\\\/\\\/www.notibras.com\\\/site\\\/#organization\"},\"potentialAction\":[{\"@type\":\"SearchAction\",\"target\":{\"@type\":\"EntryPoint\",\"urlTemplate\":\"https:\\\/\\\/www.notibras.com\\\/site\\\/?s={search_term_string}\"},\"query-input\":{\"@type\":\"PropertyValueSpecification\",\"valueRequired\":true,\"valueName\":\"search_term_string\"}}],\"inLanguage\":\"pt-BR\"},{\"@type\":\"Organization\",\"@id\":\"https:\\\/\\\/www.notibras.com\\\/site\\\/#organization\",\"name\":\"Grupo Notibras de Comunica\u00e7\u00e3o\",\"url\":\"https:\\\/\\\/www.notibras.com\\\/site\\\/\",\"logo\":{\"@type\":\"ImageObject\",\"inLanguage\":\"pt-BR\",\"@id\":\"https:\\\/\\\/www.notibras.com\\\/site\\\/#\\\/schema\\\/logo\\\/image\\\/\",\"url\":\"https:\\\/\\\/www.notibras.com\\\/site\\\/wp-content\\\/uploads\\\/2023\\\/01\\\/notibras23.png\",\"contentUrl\":\"https:\\\/\\\/www.notibras.com\\\/site\\\/wp-content\\\/uploads\\\/2023\\\/01\\\/notibras23.png\",\"width\":350,\"height\":87,\"caption\":\"Grupo Notibras de Comunica\u00e7\u00e3o\"},\"image\":{\"@id\":\"https:\\\/\\\/www.notibras.com\\\/site\\\/#\\\/schema\\\/logo\\\/image\\\/\"},\"sameAs\":[\"https:\\\/\\\/www.facebook.com\\\/notibras\\\/\",\"https:\\\/\\\/x.com\\\/Notibras\",\"https:\\\/\\\/www.instagram.com\\\/notibras\\\/\"]},{\"@type\":\"Person\",\"@id\":\"https:\\\/\\\/www.notibras.com\\\/site\\\/#\\\/schema\\\/person\\\/36ab0979449956132d3e5b517ea76ac8\",\"name\":\"Reda\u00e7\u00e3o\",\"image\":{\"@type\":\"ImageObject\",\"inLanguage\":\"pt-BR\",\"@id\":\"https:\\\/\\\/secure.gravatar.com\\\/avatar\\\/e0a867bdedb85fd243eadf09663511f96fc81e0720a4a42581f334ad4303aa6b?s=96&d=mm&r=g\",\"url\":\"https:\\\/\\\/secure.gravatar.com\\\/avatar\\\/e0a867bdedb85fd243eadf09663511f96fc81e0720a4a42581f334ad4303aa6b?s=96&d=mm&r=g\",\"contentUrl\":\"https:\\\/\\\/secure.gravatar.com\\\/avatar\\\/e0a867bdedb85fd243eadf09663511f96fc81e0720a4a42581f334ad4303aa6b?s=96&d=mm&r=g\",\"caption\":\"Reda\u00e7\u00e3o\"}}]}<\/script>\n<!-- \/ Yoast SEO plugin. -->","yoast_head_json":{"title":"Lobos do Supremo podem engolir comedor de rato - Notibras","robots":{"index":"index","follow":"follow","max-snippet":"max-snippet:-1","max-image-preview":"max-image-preview:large","max-video-preview":"max-video-preview:-1"},"canonical":"https:\/\/www.notibras.com\/site\/lobos-do-supremo-podem-engolir-comedor-de-rato\/","og_locale":"pt_BR","og_type":"article","og_title":"Lobos do Supremo podem engolir comedor de rato - Notibras","og_description":"H\u00e1 um antigo prov\u00e9rbio que, se autoaplic\u00e1vel, atingir\u00e1 em cheio algumas cabe\u00e7as coroadas de espinhos do Supremo Tribunal Federal. O ditado popular completo diz que \u201cQuem tem telhado de vidro n\u00e3o atira pedra no do vizinho\u201d. Did\u00e1tica, comportamental e juridicamente perfeita, a express\u00e3o significa que aqueles que t\u00eam fragilidades, segredos ou erros podem se machucar [&hellip;]","og_url":"https:\/\/www.notibras.com\/site\/lobos-do-supremo-podem-engolir-comedor-de-rato\/","og_site_name":"Notibras","article_publisher":"https:\/\/www.facebook.com\/notibras\/","article_published_time":"2026-09-03T10:39:52+00:00","article_modified_time":"2026-09-03T12:03:42+00:00","og_image":[{"width":754,"height":471,"url":"https:\/\/www.notibras.com\/site\/wp-content\/uploads\/2025\/09\/moraes_dino_lucia_stf.webp","type":"image\/webp"}],"author":"Reda\u00e7\u00e3o","twitter_card":"summary_large_image","twitter_creator":"@Notibras","twitter_site":"@Notibras","twitter_misc":{"Escrito por":"Reda\u00e7\u00e3o","Est. tempo de leitura":"4 minutos"},"schema":{"@context":"https:\/\/schema.org","@graph":[{"@type":"Article","@id":"https:\/\/www.notibras.com\/site\/lobos-do-supremo-podem-engolir-comedor-de-rato\/#article","isPartOf":{"@id":"https:\/\/www.notibras.com\/site\/lobos-do-supremo-podem-engolir-comedor-de-rato\/"},"author":{"name":"Reda\u00e7\u00e3o","@id":"https:\/\/www.notibras.com\/site\/#\/schema\/person\/36ab0979449956132d3e5b517ea76ac8"},"headline":"Lobos do Supremo podem engolir comedor de rato","datePublished":"2026-09-03T10:39:52+00:00","dateModified":"2026-09-03T12:03:42+00:00","mainEntityOfPage":{"@id":"https:\/\/www.notibras.com\/site\/lobos-do-supremo-podem-engolir-comedor-de-rato\/"},"wordCount":694,"publisher":{"@id":"https:\/\/www.notibras.com\/site\/#organization"},"image":{"@id":"https:\/\/www.notibras.com\/site\/lobos-do-supremo-podem-engolir-comedor-de-rato\/#primaryimage"},"thumbnailUrl":"https:\/\/www.notibras.com\/site\/wp-content\/uploads\/2025\/09\/moraes_dino_lucia_stf.webp","articleSection":["Brasil"],"inLanguage":"pt-BR"},{"@type":"WebPage","@id":"https:\/\/www.notibras.com\/site\/lobos-do-supremo-podem-engolir-comedor-de-rato\/","url":"https:\/\/www.notibras.com\/site\/lobos-do-supremo-podem-engolir-comedor-de-rato\/","name":"Lobos do Supremo podem engolir comedor de rato - Notibras","isPartOf":{"@id":"https:\/\/www.notibras.com\/site\/#website"},"primaryImageOfPage":{"@id":"https:\/\/www.notibras.com\/site\/lobos-do-supremo-podem-engolir-comedor-de-rato\/#primaryimage"},"image":{"@id":"https:\/\/www.notibras.com\/site\/lobos-do-supremo-podem-engolir-comedor-de-rato\/#primaryimage"},"thumbnailUrl":"https:\/\/www.notibras.com\/site\/wp-content\/uploads\/2025\/09\/moraes_dino_lucia_stf.webp","datePublished":"2026-09-03T10:39:52+00:00","dateModified":"2026-09-03T12:03:42+00:00","breadcrumb":{"@id":"https:\/\/www.notibras.com\/site\/lobos-do-supremo-podem-engolir-comedor-de-rato\/#breadcrumb"},"inLanguage":"pt-BR","potentialAction":[{"@type":"ReadAction","target":["https:\/\/www.notibras.com\/site\/lobos-do-supremo-podem-engolir-comedor-de-rato\/"]}]},{"@type":"ImageObject","inLanguage":"pt-BR","@id":"https:\/\/www.notibras.com\/site\/lobos-do-supremo-podem-engolir-comedor-de-rato\/#primaryimage","url":"https:\/\/www.notibras.com\/site\/wp-content\/uploads\/2025\/09\/moraes_dino_lucia_stf.webp","contentUrl":"https:\/\/www.notibras.com\/site\/wp-content\/uploads\/2025\/09\/moraes_dino_lucia_stf.webp","width":754,"height":471},{"@type":"BreadcrumbList","@id":"https:\/\/www.notibras.com\/site\/lobos-do-supremo-podem-engolir-comedor-de-rato\/#breadcrumb","itemListElement":[{"@type":"ListItem","position":1,"name":"In\u00edcio","item":"https:\/\/www.notibras.com\/site\/"},{"@type":"ListItem","position":2,"name":"Lobos do Supremo podem engolir comedor de rato"}]},{"@type":"WebSite","@id":"https:\/\/www.notibras.com\/site\/#website","url":"https:\/\/www.notibras.com\/site\/","name":"Notibras","description":"Not\u00edcias de Bras\u00edlia, do Brasil e do Mundo","publisher":{"@id":"https:\/\/www.notibras.com\/site\/#organization"},"potentialAction":[{"@type":"SearchAction","target":{"@type":"EntryPoint","urlTemplate":"https:\/\/www.notibras.com\/site\/?s={search_term_string}"},"query-input":{"@type":"PropertyValueSpecification","valueRequired":true,"valueName":"search_term_string"}}],"inLanguage":"pt-BR"},{"@type":"Organization","@id":"https:\/\/www.notibras.com\/site\/#organization","name":"Grupo Notibras de Comunica\u00e7\u00e3o","url":"https:\/\/www.notibras.com\/site\/","logo":{"@type":"ImageObject","inLanguage":"pt-BR","@id":"https:\/\/www.notibras.com\/site\/#\/schema\/logo\/image\/","url":"https:\/\/www.notibras.com\/site\/wp-content\/uploads\/2023\/01\/notibras23.png","contentUrl":"https:\/\/www.notibras.com\/site\/wp-content\/uploads\/2023\/01\/notibras23.png","width":350,"height":87,"caption":"Grupo Notibras de Comunica\u00e7\u00e3o"},"image":{"@id":"https:\/\/www.notibras.com\/site\/#\/schema\/logo\/image\/"},"sameAs":["https:\/\/www.facebook.com\/notibras\/","https:\/\/x.com\/Notibras","https:\/\/www.instagram.com\/notibras\/"]},{"@type":"Person","@id":"https:\/\/www.notibras.com\/site\/#\/schema\/person\/36ab0979449956132d3e5b517ea76ac8","name":"Reda\u00e7\u00e3o","image":{"@type":"ImageObject","inLanguage":"pt-BR","@id":"https:\/\/secure.gravatar.com\/avatar\/e0a867bdedb85fd243eadf09663511f96fc81e0720a4a42581f334ad4303aa6b?s=96&d=mm&r=g","url":"https:\/\/secure.gravatar.com\/avatar\/e0a867bdedb85fd243eadf09663511f96fc81e0720a4a42581f334ad4303aa6b?s=96&d=mm&r=g","contentUrl":"https:\/\/secure.gravatar.com\/avatar\/e0a867bdedb85fd243eadf09663511f96fc81e0720a4a42581f334ad4303aa6b?s=96&d=mm&r=g","caption":"Reda\u00e7\u00e3o"}}]}},"_links":{"self":[{"href":"https:\/\/www.notibras.com\/site\/wp-json\/wp\/v2\/posts\/409079","targetHints":{"allow":["GET"]}}],"collection":[{"href":"https:\/\/www.notibras.com\/site\/wp-json\/wp\/v2\/posts"}],"about":[{"href":"https:\/\/www.notibras.com\/site\/wp-json\/wp\/v2\/types\/post"}],"author":[{"embeddable":true,"href":"https:\/\/www.notibras.com\/site\/wp-json\/wp\/v2\/users\/2"}],"replies":[{"embeddable":true,"href":"https:\/\/www.notibras.com\/site\/wp-json\/wp\/v2\/comments?post=409079"}],"version-history":[{"count":2,"href":"https:\/\/www.notibras.com\/site\/wp-json\/wp\/v2\/posts\/409079\/revisions"}],"predecessor-version":[{"id":409081,"href":"https:\/\/www.notibras.com\/site\/wp-json\/wp\/v2\/posts\/409079\/revisions\/409081"}],"wp:featuredmedia":[{"embeddable":true,"href":"https:\/\/www.notibras.com\/site\/wp-json\/wp\/v2\/media\/364046"}],"wp:attachment":[{"href":"https:\/\/www.notibras.com\/site\/wp-json\/wp\/v2\/media?parent=409079"}],"wp:term":[{"taxonomy":"category","embeddable":true,"href":"https:\/\/www.notibras.com\/site\/wp-json\/wp\/v2\/categories?post=409079"},{"taxonomy":"post_tag","embeddable":true,"href":"https:\/\/www.notibras.com\/site\/wp-json\/wp\/v2\/tags?post=409079"},{"taxonomy":"tmauthors","embeddable":true,"href":"https:\/\/www.notibras.com\/site\/wp-json\/wp\/v2\/tmauthors?post=409079"}],"curies":[{"name":"wp","href":"https:\/\/api.w.org\/{rel}","templated":true}]}}