{"id":409085,"date":"2026-09-03T00:00:23","date_gmt":"2026-09-03T03:00:23","guid":{"rendered":"https:\/\/www.notibras.com\/site\/?p=409085"},"modified":"2026-09-03T09:30:43","modified_gmt":"2026-09-03T12:30:43","slug":"cbf-anuncia-amistosos-contra-japao-e-singapura","status":"publish","type":"post","link":"https:\/\/www.notibras.com\/site\/cbf-anuncia-amistosos-contra-japao-e-singapura\/","title":{"rendered":"CBF anuncia amistosos contra Jap\u00e3o e Singapura"},"content":{"rendered":"<p>A Confedera\u00e7\u00e3o Brasileira de Futebol (CBF) anunciou, no fim da noite dessa quarta-feira (2), a realiza\u00e7\u00e3o de dois amistosos da sele\u00e7\u00e3o masculina no m\u00eas de novembro, ambos em Singapura. No dia 14, \u00e0s 7h15 (hor\u00e1rio de Bras\u00edlia), o advers\u00e1rio ser\u00e1 o Jap\u00e3o. Tr\u00eas dias depois, \u00e0s 7h, o Brasil encara os anfitri\u00f5es.<\/p>\n<p>Os confrontos ser\u00e3o disputados no Est\u00e1dio Nacional de Singapura, inaugurado em 2014 e com capacidade para 55 mil pessoas. A partida contra os donos da casa ser\u00e1 in\u00e9dita. O jogo contra o Jap\u00e3o, por sua vez, reedita o duelo pela fase 16 avos de final da \u00faltima Copa do Mundo, em Houston (Estados Unidos), vencida pelo Brasil por 2 a 1.<\/p>\n<p>&#8220;Enfrentar Jap\u00e3o e Singapura nos permitir\u00e1 observar o comportamento da equipe em contextos diferentes, algo fundamental neste in\u00edcio de ciclo&#8221;, argumentou o t\u00e9cnico Carlo Ancelotti, em depoimento \u00e0 CBF.<\/p>\n<p>&#8220;\u00c9 mais uma oportunidade de nos reunirmos, de estarmos juntos, ter esse conv\u00edvio, que \u00e9 de fundamental import\u00e2ncia para o nosso ciclo&#8221;, complementou o coordenador geral de sele\u00e7\u00f5es masculinas, Rodrigo Caetano, tamb\u00e9m ao site da entidade.<\/p>\n<p>Antes de Singapura, o Brasil tr\u00eas tr\u00eas compromissos &#8211; todos fora de casa. Os dois primeiros contra a Austr\u00e1lia, ambos em setembro. No dia 25, a bola rola a partir das 7h, no Queensland Country Bank, em Townsville. No dia 29, no mesmo hor\u00e1rio, a partida ser\u00e1 no Suncorp Stadium, em Brisbane. Por fim, no dia 3 de outubro, a sele\u00e7\u00e3o brasileira enfrenta a \u00cdndia, \u00e0s 11h, no Salt Lake Stadium, em Calcut\u00e1.<\/p>\n<p>A convoca\u00e7\u00e3o para os jogos na Austr\u00e1lia e \u00cdndia ser\u00e1 na pr\u00f3xima quarta-feira (9), \u00e0s 15h, na sede da CBF, na Barra da Tijuca, zona oeste do Rio de Janeiro. Ser\u00e1 a primeira lista de Ancelotti desde a elimina\u00e7\u00e3o para a Noruega nas oitavas de final da \u00faltima Copa.<\/p>\n","protected":false},"excerpt":{"rendered":"<p>A Confedera\u00e7\u00e3o Brasileira de Futebol (CBF) anunciou, no fim da noite dessa quarta-feira (2), a realiza\u00e7\u00e3o de dois amistosos da sele\u00e7\u00e3o masculina no m\u00eas de novembro, ambos em Singapura. No dia 14, \u00e0s 7h15 (hor\u00e1rio de Bras\u00edlia), o advers\u00e1rio ser\u00e1 o Jap\u00e3o. Tr\u00eas dias depois, \u00e0s 7h, o Brasil encara os anfitri\u00f5es. Os confrontos ser\u00e3o [&hellip;]<\/p>\n","protected":false},"author":2,"featured_media":409086,"comment_status":"closed","ping_status":"closed","sticky":false,"template":"","format":"standard","meta":{"_acf_changed":false,"footnotes":""},"categories":[19],"tags":[],"tmauthors":[307],"class_list":["post-409085","post","type-post","status-publish","format-standard","has-post-thumbnail","category-esportes"],"acf":[],"yoast_head":"<!-- This site is optimized with the Yoast SEO plugin v28.0 - https:\/\/yoast.com\/product\/yoast-seo-wordpress\/ -->\n<title>CBF anuncia amistosos contra Jap\u00e3o e Singapura - Notibras<\/title>\n<meta name=\"robots\" content=\"index, follow, max-snippet:-1, max-image-preview:large, max-video-preview:-1\" \/>\n<link rel=\"canonical\" href=\"https:\/\/www.notibras.com\/site\/cbf-anuncia-amistosos-contra-japao-e-singapura\/\" \/>\n<meta property=\"og:locale\" content=\"pt_BR\" \/>\n<meta property=\"og:type\" content=\"article\" \/>\n<meta property=\"og:title\" content=\"CBF anuncia amistosos contra Jap\u00e3o e Singapura - Notibras\" \/>\n<meta property=\"og:description\" content=\"A Confedera\u00e7\u00e3o Brasileira de Futebol (CBF) anunciou, no fim da noite dessa quarta-feira (2), a realiza\u00e7\u00e3o de dois amistosos da sele\u00e7\u00e3o masculina no m\u00eas de novembro, ambos em Singapura. No dia 14, \u00e0s 7h15 (hor\u00e1rio de Bras\u00edlia), o advers\u00e1rio ser\u00e1 o Jap\u00e3o. Tr\u00eas dias depois, \u00e0s 7h, o Brasil encara os anfitri\u00f5es. Os confrontos ser\u00e3o [&hellip;]\" \/>\n<meta property=\"og:url\" content=\"https:\/\/www.notibras.com\/site\/cbf-anuncia-amistosos-contra-japao-e-singapura\/\" \/>\n<meta property=\"og:site_name\" content=\"Notibras\" \/>\n<meta property=\"article:publisher\" content=\"https:\/\/www.facebook.com\/notibras\/\" \/>\n<meta property=\"article:published_time\" content=\"2026-09-03T03:00:23+00:00\" \/>\n<meta property=\"article:modified_time\" content=\"2026-09-03T12:30:43+00:00\" \/>\n<meta property=\"og:image\" content=\"https:\/\/www.notibras.com\/site\/wp-content\/uploads\/2026\/09\/2026-08-04t153655z_207256254_rc2rrmach7rm_rtrmadp_3_soccer-spain-rma-vinicius.webp\" \/>\n\t<meta property=\"og:image:width\" content=\"1170\" \/>\n\t<meta property=\"og:image:height\" content=\"700\" \/>\n\t<meta property=\"og:image:type\" content=\"image\/webp\" \/>\n<meta name=\"author\" content=\"Reda\u00e7\u00e3o\" \/>\n<meta name=\"twitter:card\" content=\"summary_large_image\" \/>\n<meta name=\"twitter:creator\" content=\"@Notibras\" \/>\n<meta name=\"twitter:site\" content=\"@Notibras\" \/>\n<meta name=\"twitter:label1\" content=\"Escrito por\" \/>\n\t<meta name=\"twitter:data1\" content=\"Reda\u00e7\u00e3o\" \/>\n\t<meta name=\"twitter:label2\" content=\"Est. tempo de leitura\" \/>\n\t<meta name=\"twitter:data2\" content=\"2 minutos\" \/>\n<script type=\"application\/ld+json\" class=\"yoast-schema-graph\">{\"@context\":\"https:\\\/\\\/schema.org\",\"@graph\":[{\"@type\":\"Article\",\"@id\":\"https:\\\/\\\/www.notibras.com\\\/site\\\/cbf-anuncia-amistosos-contra-japao-e-singapura\\\/#article\",\"isPartOf\":{\"@id\":\"https:\\\/\\\/www.notibras.com\\\/site\\\/cbf-anuncia-amistosos-contra-japao-e-singapura\\\/\"},\"author\":{\"name\":\"Reda\u00e7\u00e3o\",\"@id\":\"https:\\\/\\\/www.notibras.com\\\/site\\\/#\\\/schema\\\/person\\\/36ab0979449956132d3e5b517ea76ac8\"},\"headline\":\"CBF anuncia amistosos contra Jap\u00e3o e Singapura\",\"datePublished\":\"2026-09-03T03:00:23+00:00\",\"dateModified\":\"2026-09-03T12:30:43+00:00\",\"mainEntityOfPage\":{\"@id\":\"https:\\\/\\\/www.notibras.com\\\/site\\\/cbf-anuncia-amistosos-contra-japao-e-singapura\\\/\"},\"wordCount\":324,\"publisher\":{\"@id\":\"https:\\\/\\\/www.notibras.com\\\/site\\\/#organization\"},\"image\":{\"@id\":\"https:\\\/\\\/www.notibras.com\\\/site\\\/cbf-anuncia-amistosos-contra-japao-e-singapura\\\/#primaryimage\"},\"thumbnailUrl\":\"https:\\\/\\\/www.notibras.com\\\/site\\\/wp-content\\\/uploads\\\/2026\\\/09\\\/2026-08-04t153655z_207256254_rc2rrmach7rm_rtrmadp_3_soccer-spain-rma-vinicius.webp\",\"articleSection\":[\"Esportes\"],\"inLanguage\":\"pt-BR\"},{\"@type\":\"WebPage\",\"@id\":\"https:\\\/\\\/www.notibras.com\\\/site\\\/cbf-anuncia-amistosos-contra-japao-e-singapura\\\/\",\"url\":\"https:\\\/\\\/www.notibras.com\\\/site\\\/cbf-anuncia-amistosos-contra-japao-e-singapura\\\/\",\"name\":\"CBF anuncia amistosos contra Jap\u00e3o e Singapura - Notibras\",\"isPartOf\":{\"@id\":\"https:\\\/\\\/www.notibras.com\\\/site\\\/#website\"},\"primaryImageOfPage\":{\"@id\":\"https:\\\/\\\/www.notibras.com\\\/site\\\/cbf-anuncia-amistosos-contra-japao-e-singapura\\\/#primaryimage\"},\"image\":{\"@id\":\"https:\\\/\\\/www.notibras.com\\\/site\\\/cbf-anuncia-amistosos-contra-japao-e-singapura\\\/#primaryimage\"},\"thumbnailUrl\":\"https:\\\/\\\/www.notibras.com\\\/site\\\/wp-content\\\/uploads\\\/2026\\\/09\\\/2026-08-04t153655z_207256254_rc2rrmach7rm_rtrmadp_3_soccer-spain-rma-vinicius.webp\",\"datePublished\":\"2026-09-03T03:00:23+00:00\",\"dateModified\":\"2026-09-03T12:30:43+00:00\",\"breadcrumb\":{\"@id\":\"https:\\\/\\\/www.notibras.com\\\/site\\\/cbf-anuncia-amistosos-contra-japao-e-singapura\\\/#breadcrumb\"},\"inLanguage\":\"pt-BR\",\"potentialAction\":[{\"@type\":\"ReadAction\",\"target\":[\"https:\\\/\\\/www.notibras.com\\\/site\\\/cbf-anuncia-amistosos-contra-japao-e-singapura\\\/\"]}]},{\"@type\":\"ImageObject\",\"inLanguage\":\"pt-BR\",\"@id\":\"https:\\\/\\\/www.notibras.com\\\/site\\\/cbf-anuncia-amistosos-contra-japao-e-singapura\\\/#primaryimage\",\"url\":\"https:\\\/\\\/www.notibras.com\\\/site\\\/wp-content\\\/uploads\\\/2026\\\/09\\\/2026-08-04t153655z_207256254_rc2rrmach7rm_rtrmadp_3_soccer-spain-rma-vinicius.webp\",\"contentUrl\":\"https:\\\/\\\/www.notibras.com\\\/site\\\/wp-content\\\/uploads\\\/2026\\\/09\\\/2026-08-04t153655z_207256254_rc2rrmach7rm_rtrmadp_3_soccer-spain-rma-vinicius.webp\",\"width\":1170,\"height\":700},{\"@type\":\"BreadcrumbList\",\"@id\":\"https:\\\/\\\/www.notibras.com\\\/site\\\/cbf-anuncia-amistosos-contra-japao-e-singapura\\\/#breadcrumb\",\"itemListElement\":[{\"@type\":\"ListItem\",\"position\":1,\"name\":\"In\u00edcio\",\"item\":\"https:\\\/\\\/www.notibras.com\\\/site\\\/\"},{\"@type\":\"ListItem\",\"position\":2,\"name\":\"CBF anuncia amistosos contra Jap\u00e3o e Singapura\"}]},{\"@type\":\"WebSite\",\"@id\":\"https:\\\/\\\/www.notibras.com\\\/site\\\/#website\",\"url\":\"https:\\\/\\\/www.notibras.com\\\/site\\\/\",\"name\":\"Notibras\",\"description\":\"Not\u00edcias de Bras\u00edlia, do Brasil e do Mundo\",\"publisher\":{\"@id\":\"https:\\\/\\\/www.notibras.com\\\/site\\\/#organization\"},\"potentialAction\":[{\"@type\":\"SearchAction\",\"target\":{\"@type\":\"EntryPoint\",\"urlTemplate\":\"https:\\\/\\\/www.notibras.com\\\/site\\\/?s={search_term_string}\"},\"query-input\":{\"@type\":\"PropertyValueSpecification\",\"valueRequired\":true,\"valueName\":\"search_term_string\"}}],\"inLanguage\":\"pt-BR\"},{\"@type\":\"Organization\",\"@id\":\"https:\\\/\\\/www.notibras.com\\\/site\\\/#organization\",\"name\":\"Grupo Notibras de Comunica\u00e7\u00e3o\",\"url\":\"https:\\\/\\\/www.notibras.com\\\/site\\\/\",\"logo\":{\"@type\":\"ImageObject\",\"inLanguage\":\"pt-BR\",\"@id\":\"https:\\\/\\\/www.notibras.com\\\/site\\\/#\\\/schema\\\/logo\\\/image\\\/\",\"url\":\"https:\\\/\\\/www.notibras.com\\\/site\\\/wp-content\\\/uploads\\\/2023\\\/01\\\/notibras23.png\",\"contentUrl\":\"https:\\\/\\\/www.notibras.com\\\/site\\\/wp-content\\\/uploads\\\/2023\\\/01\\\/notibras23.png\",\"width\":350,\"height\":87,\"caption\":\"Grupo Notibras de Comunica\u00e7\u00e3o\"},\"image\":{\"@id\":\"https:\\\/\\\/www.notibras.com\\\/site\\\/#\\\/schema\\\/logo\\\/image\\\/\"},\"sameAs\":[\"https:\\\/\\\/www.facebook.com\\\/notibras\\\/\",\"https:\\\/\\\/x.com\\\/Notibras\",\"https:\\\/\\\/www.instagram.com\\\/notibras\\\/\"]},{\"@type\":\"Person\",\"@id\":\"https:\\\/\\\/www.notibras.com\\\/site\\\/#\\\/schema\\\/person\\\/36ab0979449956132d3e5b517ea76ac8\",\"name\":\"Reda\u00e7\u00e3o\",\"image\":{\"@type\":\"ImageObject\",\"inLanguage\":\"pt-BR\",\"@id\":\"https:\\\/\\\/secure.gravatar.com\\\/avatar\\\/e0a867bdedb85fd243eadf09663511f96fc81e0720a4a42581f334ad4303aa6b?s=96&d=mm&r=g\",\"url\":\"https:\\\/\\\/secure.gravatar.com\\\/avatar\\\/e0a867bdedb85fd243eadf09663511f96fc81e0720a4a42581f334ad4303aa6b?s=96&d=mm&r=g\",\"contentUrl\":\"https:\\\/\\\/secure.gravatar.com\\\/avatar\\\/e0a867bdedb85fd243eadf09663511f96fc81e0720a4a42581f334ad4303aa6b?s=96&d=mm&r=g\",\"caption\":\"Reda\u00e7\u00e3o\"}}]}<\/script>\n<!-- \/ Yoast SEO plugin. -->","yoast_head_json":{"title":"CBF anuncia amistosos contra Jap\u00e3o e Singapura - Notibras","robots":{"index":"index","follow":"follow","max-snippet":"max-snippet:-1","max-image-preview":"max-image-preview:large","max-video-preview":"max-video-preview:-1"},"canonical":"https:\/\/www.notibras.com\/site\/cbf-anuncia-amistosos-contra-japao-e-singapura\/","og_locale":"pt_BR","og_type":"article","og_title":"CBF anuncia amistosos contra Jap\u00e3o e Singapura - Notibras","og_description":"A Confedera\u00e7\u00e3o Brasileira de Futebol (CBF) anunciou, no fim da noite dessa quarta-feira (2), a realiza\u00e7\u00e3o de dois amistosos da sele\u00e7\u00e3o masculina no m\u00eas de novembro, ambos em Singapura. No dia 14, \u00e0s 7h15 (hor\u00e1rio de Bras\u00edlia), o advers\u00e1rio ser\u00e1 o Jap\u00e3o. Tr\u00eas dias depois, \u00e0s 7h, o Brasil encara os anfitri\u00f5es. Os confrontos ser\u00e3o [&hellip;]","og_url":"https:\/\/www.notibras.com\/site\/cbf-anuncia-amistosos-contra-japao-e-singapura\/","og_site_name":"Notibras","article_publisher":"https:\/\/www.facebook.com\/notibras\/","article_published_time":"2026-09-03T03:00:23+00:00","article_modified_time":"2026-09-03T12:30:43+00:00","og_image":[{"width":1170,"height":700,"url":"https:\/\/www.notibras.com\/site\/wp-content\/uploads\/2026\/09\/2026-08-04t153655z_207256254_rc2rrmach7rm_rtrmadp_3_soccer-spain-rma-vinicius.webp","type":"image\/webp"}],"author":"Reda\u00e7\u00e3o","twitter_card":"summary_large_image","twitter_creator":"@Notibras","twitter_site":"@Notibras","twitter_misc":{"Escrito por":"Reda\u00e7\u00e3o","Est. tempo de leitura":"2 minutos"},"schema":{"@context":"https:\/\/schema.org","@graph":[{"@type":"Article","@id":"https:\/\/www.notibras.com\/site\/cbf-anuncia-amistosos-contra-japao-e-singapura\/#article","isPartOf":{"@id":"https:\/\/www.notibras.com\/site\/cbf-anuncia-amistosos-contra-japao-e-singapura\/"},"author":{"name":"Reda\u00e7\u00e3o","@id":"https:\/\/www.notibras.com\/site\/#\/schema\/person\/36ab0979449956132d3e5b517ea76ac8"},"headline":"CBF anuncia amistosos contra Jap\u00e3o e Singapura","datePublished":"2026-09-03T03:00:23+00:00","dateModified":"2026-09-03T12:30:43+00:00","mainEntityOfPage":{"@id":"https:\/\/www.notibras.com\/site\/cbf-anuncia-amistosos-contra-japao-e-singapura\/"},"wordCount":324,"publisher":{"@id":"https:\/\/www.notibras.com\/site\/#organization"},"image":{"@id":"https:\/\/www.notibras.com\/site\/cbf-anuncia-amistosos-contra-japao-e-singapura\/#primaryimage"},"thumbnailUrl":"https:\/\/www.notibras.com\/site\/wp-content\/uploads\/2026\/09\/2026-08-04t153655z_207256254_rc2rrmach7rm_rtrmadp_3_soccer-spain-rma-vinicius.webp","articleSection":["Esportes"],"inLanguage":"pt-BR"},{"@type":"WebPage","@id":"https:\/\/www.notibras.com\/site\/cbf-anuncia-amistosos-contra-japao-e-singapura\/","url":"https:\/\/www.notibras.com\/site\/cbf-anuncia-amistosos-contra-japao-e-singapura\/","name":"CBF anuncia amistosos contra Jap\u00e3o e Singapura - Notibras","isPartOf":{"@id":"https:\/\/www.notibras.com\/site\/#website"},"primaryImageOfPage":{"@id":"https:\/\/www.notibras.com\/site\/cbf-anuncia-amistosos-contra-japao-e-singapura\/#primaryimage"},"image":{"@id":"https:\/\/www.notibras.com\/site\/cbf-anuncia-amistosos-contra-japao-e-singapura\/#primaryimage"},"thumbnailUrl":"https:\/\/www.notibras.com\/site\/wp-content\/uploads\/2026\/09\/2026-08-04t153655z_207256254_rc2rrmach7rm_rtrmadp_3_soccer-spain-rma-vinicius.webp","datePublished":"2026-09-03T03:00:23+00:00","dateModified":"2026-09-03T12:30:43+00:00","breadcrumb":{"@id":"https:\/\/www.notibras.com\/site\/cbf-anuncia-amistosos-contra-japao-e-singapura\/#breadcrumb"},"inLanguage":"pt-BR","potentialAction":[{"@type":"ReadAction","target":["https:\/\/www.notibras.com\/site\/cbf-anuncia-amistosos-contra-japao-e-singapura\/"]}]},{"@type":"ImageObject","inLanguage":"pt-BR","@id":"https:\/\/www.notibras.com\/site\/cbf-anuncia-amistosos-contra-japao-e-singapura\/#primaryimage","url":"https:\/\/www.notibras.com\/site\/wp-content\/uploads\/2026\/09\/2026-08-04t153655z_207256254_rc2rrmach7rm_rtrmadp_3_soccer-spain-rma-vinicius.webp","contentUrl":"https:\/\/www.notibras.com\/site\/wp-content\/uploads\/2026\/09\/2026-08-04t153655z_207256254_rc2rrmach7rm_rtrmadp_3_soccer-spain-rma-vinicius.webp","width":1170,"height":700},{"@type":"BreadcrumbList","@id":"https:\/\/www.notibras.com\/site\/cbf-anuncia-amistosos-contra-japao-e-singapura\/#breadcrumb","itemListElement":[{"@type":"ListItem","position":1,"name":"In\u00edcio","item":"https:\/\/www.notibras.com\/site\/"},{"@type":"ListItem","position":2,"name":"CBF anuncia amistosos contra Jap\u00e3o e Singapura"}]},{"@type":"WebSite","@id":"https:\/\/www.notibras.com\/site\/#website","url":"https:\/\/www.notibras.com\/site\/","name":"Notibras","description":"Not\u00edcias de Bras\u00edlia, do Brasil e do Mundo","publisher":{"@id":"https:\/\/www.notibras.com\/site\/#organization"},"potentialAction":[{"@type":"SearchAction","target":{"@type":"EntryPoint","urlTemplate":"https:\/\/www.notibras.com\/site\/?s={search_term_string}"},"query-input":{"@type":"PropertyValueSpecification","valueRequired":true,"valueName":"search_term_string"}}],"inLanguage":"pt-BR"},{"@type":"Organization","@id":"https:\/\/www.notibras.com\/site\/#organization","name":"Grupo Notibras de Comunica\u00e7\u00e3o","url":"https:\/\/www.notibras.com\/site\/","logo":{"@type":"ImageObject","inLanguage":"pt-BR","@id":"https:\/\/www.notibras.com\/site\/#\/schema\/logo\/image\/","url":"https:\/\/www.notibras.com\/site\/wp-content\/uploads\/2023\/01\/notibras23.png","contentUrl":"https:\/\/www.notibras.com\/site\/wp-content\/uploads\/2023\/01\/notibras23.png","width":350,"height":87,"caption":"Grupo Notibras de Comunica\u00e7\u00e3o"},"image":{"@id":"https:\/\/www.notibras.com\/site\/#\/schema\/logo\/image\/"},"sameAs":["https:\/\/www.facebook.com\/notibras\/","https:\/\/x.com\/Notibras","https:\/\/www.instagram.com\/notibras\/"]},{"@type":"Person","@id":"https:\/\/www.notibras.com\/site\/#\/schema\/person\/36ab0979449956132d3e5b517ea76ac8","name":"Reda\u00e7\u00e3o","image":{"@type":"ImageObject","inLanguage":"pt-BR","@id":"https:\/\/secure.gravatar.com\/avatar\/e0a867bdedb85fd243eadf09663511f96fc81e0720a4a42581f334ad4303aa6b?s=96&d=mm&r=g","url":"https:\/\/secure.gravatar.com\/avatar\/e0a867bdedb85fd243eadf09663511f96fc81e0720a4a42581f334ad4303aa6b?s=96&d=mm&r=g","contentUrl":"https:\/\/secure.gravatar.com\/avatar\/e0a867bdedb85fd243eadf09663511f96fc81e0720a4a42581f334ad4303aa6b?s=96&d=mm&r=g","caption":"Reda\u00e7\u00e3o"}}]}},"_links":{"self":[{"href":"https:\/\/www.notibras.com\/site\/wp-json\/wp\/v2\/posts\/409085","targetHints":{"allow":["GET"]}}],"collection":[{"href":"https:\/\/www.notibras.com\/site\/wp-json\/wp\/v2\/posts"}],"about":[{"href":"https:\/\/www.notibras.com\/site\/wp-json\/wp\/v2\/types\/post"}],"author":[{"embeddable":true,"href":"https:\/\/www.notibras.com\/site\/wp-json\/wp\/v2\/users\/2"}],"replies":[{"embeddable":true,"href":"https:\/\/www.notibras.com\/site\/wp-json\/wp\/v2\/comments?post=409085"}],"version-history":[{"count":1,"href":"https:\/\/www.notibras.com\/site\/wp-json\/wp\/v2\/posts\/409085\/revisions"}],"predecessor-version":[{"id":409087,"href":"https:\/\/www.notibras.com\/site\/wp-json\/wp\/v2\/posts\/409085\/revisions\/409087"}],"wp:featuredmedia":[{"embeddable":true,"href":"https:\/\/www.notibras.com\/site\/wp-json\/wp\/v2\/media\/409086"}],"wp:attachment":[{"href":"https:\/\/www.notibras.com\/site\/wp-json\/wp\/v2\/media?parent=409085"}],"wp:term":[{"taxonomy":"category","embeddable":true,"href":"https:\/\/www.notibras.com\/site\/wp-json\/wp\/v2\/categories?post=409085"},{"taxonomy":"post_tag","embeddable":true,"href":"https:\/\/www.notibras.com\/site\/wp-json\/wp\/v2\/tags?post=409085"},{"taxonomy":"tmauthors","embeddable":true,"href":"https:\/\/www.notibras.com\/site\/wp-json\/wp\/v2\/tmauthors?post=409085"}],"curies":[{"name":"wp","href":"https:\/\/api.w.org\/{rel}","templated":true}]}}