{"id":409094,"date":"2026-09-03T00:01:20","date_gmt":"2026-09-03T03:01:20","guid":{"rendered":"https:\/\/www.notibras.com\/site\/?p=409094"},"modified":"2026-09-03T10:04:41","modified_gmt":"2026-09-03T13:04:41","slug":"pacheco-ex-presidente-do-senado-sera-ministro-do-tcu","status":"publish","type":"post","link":"https:\/\/www.notibras.com\/site\/pacheco-ex-presidente-do-senado-sera-ministro-do-tcu\/","title":{"rendered":"Pacheco, ex-presidente do Senado, ser\u00e1 ministro do TCU"},"content":{"rendered":"<p>O plen\u00e1rio da C\u00e2mara dos Deputados aprovou nesta quarta-feira (2) a indica\u00e7\u00e3o do senador Rodrigo Pacheco (PSB-MG) para o cargo de ministro do Tribunal de Contas da Uni\u00e3o (TCU). Foram 404 votos a favor e 61 contr\u00e1rios \u00e0 indica\u00e7\u00e3o, al\u00e9m de uma absten\u00e7\u00e3o.<\/p>\n<p>Pacheco foi indicado para substituir Bruno Dantas, que renunciou ao cargo nesta semana. Como seu nome j\u00e1 havia sido aprovado na noite de ter\u00e7a-feira (1\u00ba) pelo Senado, a indica\u00e7\u00e3o segue agora para promulga\u00e7\u00e3o pelo Congresso Nacional.<\/p>\n<p>O TCU \u00e9 um \u00f3rg\u00e3o de controle externo da administra\u00e7\u00e3o p\u00fablica federal. Apesar do nome &#8220;Tribunal&#8221;, n\u00e3o integra o Poder Judici\u00e1rio. Funciona como \u00f3rg\u00e3o auxiliar do Congresso Nacional na fiscaliza\u00e7\u00e3o da aplica\u00e7\u00e3o dos recursos p\u00fablicos federais.<\/p>\n<p>O projeto de decreto legislativo que indicou o nome de Pacheco ao cargo (PDL 995\/2026) foi apresentado pelo presidente do Senado, Davi Alcolumbre (Uni\u00e3o-AP), com apoio de outros 20 senadores e senadoras da base governista e da oposi\u00e7\u00e3o.<\/p>\n<p><strong>Perfil<\/strong><br \/>\nPacheco foi deputado federal, de 2015 a 2018, e presidiu o Senado por duas vezes, nos bi\u00eanios de 2021-2022 e 2023-2024. Nascido em 1976 e natural de Porto Velho, \u00e9 bacharel em direito pela Pontif\u00edcia Universidade Cat\u00f3lica de Minas Gerais (PUC-MG) e especialista em direito penal econ\u00f4mico internacional. Advogado criminalista, tamb\u00e9m foi conselheiro da Ordem dos Advogados do Brasil (OAB).<\/p>\n<p>Pacheco presidiu o Senado durante a Comiss\u00e3o Parlamentar de Inqu\u00e9rito (CPI) da covid-19, durante a segunda e mais letal onda da pandemia, que incluiu crise de oxig\u00eanio em Manaus e a acelera\u00e7\u00e3o da vacina\u00e7\u00e3o.<\/p>\n<p>No Congresso, foi autor de propostas como o marco regulat\u00f3rio da intelig\u00eancia artificial (PL 2338\/23), a atualiza\u00e7\u00e3o do C\u00f3digo Civil (PL 4\/25), a cria\u00e7\u00e3o da Sociedade An\u00f4nima do Futebol (PL 5516\/19) e o Programa de Pleno Pagamento de D\u00edvida dos Estados (PLP 121\/24).<\/p>\n","protected":false},"excerpt":{"rendered":"<p>O plen\u00e1rio da C\u00e2mara dos Deputados aprovou nesta quarta-feira (2) a indica\u00e7\u00e3o do senador Rodrigo Pacheco (PSB-MG) para o cargo de ministro do Tribunal de Contas da Uni\u00e3o (TCU). Foram 404 votos a favor e 61 contr\u00e1rios \u00e0 indica\u00e7\u00e3o, al\u00e9m de uma absten\u00e7\u00e3o. Pacheco foi indicado para substituir Bruno Dantas, que renunciou ao cargo nesta [&hellip;]<\/p>\n","protected":false},"author":2,"featured_media":409095,"comment_status":"closed","ping_status":"closed","sticky":false,"template":"","format":"standard","meta":{"_acf_changed":false,"footnotes":""},"categories":[16],"tags":[],"tmauthors":[307],"class_list":["post-409094","post","type-post","status-publish","format-standard","has-post-thumbnail","category-brasil"],"acf":[],"yoast_head":"<!-- This site is optimized with the Yoast SEO plugin v28.0 - https:\/\/yoast.com\/product\/yoast-seo-wordpress\/ -->\n<title>Pacheco, ex-presidente do Senado, ser\u00e1 ministro do TCU - Notibras<\/title>\n<meta name=\"robots\" content=\"index, follow, max-snippet:-1, max-image-preview:large, max-video-preview:-1\" \/>\n<link rel=\"canonical\" href=\"https:\/\/www.notibras.com\/site\/pacheco-ex-presidente-do-senado-sera-ministro-do-tcu\/\" \/>\n<meta property=\"og:locale\" content=\"pt_BR\" \/>\n<meta property=\"og:type\" content=\"article\" \/>\n<meta property=\"og:title\" content=\"Pacheco, ex-presidente do Senado, ser\u00e1 ministro do TCU - Notibras\" \/>\n<meta property=\"og:description\" content=\"O plen\u00e1rio da C\u00e2mara dos Deputados aprovou nesta quarta-feira (2) a indica\u00e7\u00e3o do senador Rodrigo Pacheco (PSB-MG) para o cargo de ministro do Tribunal de Contas da Uni\u00e3o (TCU). Foram 404 votos a favor e 61 contr\u00e1rios \u00e0 indica\u00e7\u00e3o, al\u00e9m de uma absten\u00e7\u00e3o. Pacheco foi indicado para substituir Bruno Dantas, que renunciou ao cargo nesta [&hellip;]\" \/>\n<meta property=\"og:url\" content=\"https:\/\/www.notibras.com\/site\/pacheco-ex-presidente-do-senado-sera-ministro-do-tcu\/\" \/>\n<meta property=\"og:site_name\" content=\"Notibras\" \/>\n<meta property=\"article:publisher\" content=\"https:\/\/www.facebook.com\/notibras\/\" \/>\n<meta property=\"article:published_time\" content=\"2026-09-03T03:01:20+00:00\" \/>\n<meta property=\"article:modified_time\" content=\"2026-09-03T13:04:41+00:00\" \/>\n<meta property=\"og:image\" content=\"https:\/\/www.notibras.com\/site\/wp-content\/uploads\/2026\/09\/img_0711.webp\" \/>\n\t<meta property=\"og:image:width\" content=\"1170\" \/>\n\t<meta property=\"og:image:height\" content=\"700\" \/>\n\t<meta property=\"og:image:type\" content=\"image\/webp\" \/>\n<meta name=\"author\" content=\"Reda\u00e7\u00e3o\" \/>\n<meta name=\"twitter:card\" content=\"summary_large_image\" \/>\n<meta name=\"twitter:creator\" content=\"@Notibras\" \/>\n<meta name=\"twitter:site\" content=\"@Notibras\" \/>\n<meta name=\"twitter:label1\" content=\"Escrito por\" \/>\n\t<meta name=\"twitter:data1\" content=\"Reda\u00e7\u00e3o\" \/>\n\t<meta name=\"twitter:label2\" content=\"Est. tempo de leitura\" \/>\n\t<meta name=\"twitter:data2\" content=\"2 minutos\" \/>\n<script type=\"application\/ld+json\" class=\"yoast-schema-graph\">{\"@context\":\"https:\\\/\\\/schema.org\",\"@graph\":[{\"@type\":\"Article\",\"@id\":\"https:\\\/\\\/www.notibras.com\\\/site\\\/pacheco-ex-presidente-do-senado-sera-ministro-do-tcu\\\/#article\",\"isPartOf\":{\"@id\":\"https:\\\/\\\/www.notibras.com\\\/site\\\/pacheco-ex-presidente-do-senado-sera-ministro-do-tcu\\\/\"},\"author\":{\"name\":\"Reda\u00e7\u00e3o\",\"@id\":\"https:\\\/\\\/www.notibras.com\\\/site\\\/#\\\/schema\\\/person\\\/36ab0979449956132d3e5b517ea76ac8\"},\"headline\":\"Pacheco, ex-presidente do Senado, ser\u00e1 ministro do TCU\",\"datePublished\":\"2026-09-03T03:01:20+00:00\",\"dateModified\":\"2026-09-03T13:04:41+00:00\",\"mainEntityOfPage\":{\"@id\":\"https:\\\/\\\/www.notibras.com\\\/site\\\/pacheco-ex-presidente-do-senado-sera-ministro-do-tcu\\\/\"},\"wordCount\":322,\"publisher\":{\"@id\":\"https:\\\/\\\/www.notibras.com\\\/site\\\/#organization\"},\"image\":{\"@id\":\"https:\\\/\\\/www.notibras.com\\\/site\\\/pacheco-ex-presidente-do-senado-sera-ministro-do-tcu\\\/#primaryimage\"},\"thumbnailUrl\":\"https:\\\/\\\/www.notibras.com\\\/site\\\/wp-content\\\/uploads\\\/2026\\\/09\\\/img_0711.webp\",\"articleSection\":[\"Brasil\"],\"inLanguage\":\"pt-BR\"},{\"@type\":\"WebPage\",\"@id\":\"https:\\\/\\\/www.notibras.com\\\/site\\\/pacheco-ex-presidente-do-senado-sera-ministro-do-tcu\\\/\",\"url\":\"https:\\\/\\\/www.notibras.com\\\/site\\\/pacheco-ex-presidente-do-senado-sera-ministro-do-tcu\\\/\",\"name\":\"Pacheco, ex-presidente do Senado, ser\u00e1 ministro do TCU - Notibras\",\"isPartOf\":{\"@id\":\"https:\\\/\\\/www.notibras.com\\\/site\\\/#website\"},\"primaryImageOfPage\":{\"@id\":\"https:\\\/\\\/www.notibras.com\\\/site\\\/pacheco-ex-presidente-do-senado-sera-ministro-do-tcu\\\/#primaryimage\"},\"image\":{\"@id\":\"https:\\\/\\\/www.notibras.com\\\/site\\\/pacheco-ex-presidente-do-senado-sera-ministro-do-tcu\\\/#primaryimage\"},\"thumbnailUrl\":\"https:\\\/\\\/www.notibras.com\\\/site\\\/wp-content\\\/uploads\\\/2026\\\/09\\\/img_0711.webp\",\"datePublished\":\"2026-09-03T03:01:20+00:00\",\"dateModified\":\"2026-09-03T13:04:41+00:00\",\"breadcrumb\":{\"@id\":\"https:\\\/\\\/www.notibras.com\\\/site\\\/pacheco-ex-presidente-do-senado-sera-ministro-do-tcu\\\/#breadcrumb\"},\"inLanguage\":\"pt-BR\",\"potentialAction\":[{\"@type\":\"ReadAction\",\"target\":[\"https:\\\/\\\/www.notibras.com\\\/site\\\/pacheco-ex-presidente-do-senado-sera-ministro-do-tcu\\\/\"]}]},{\"@type\":\"ImageObject\",\"inLanguage\":\"pt-BR\",\"@id\":\"https:\\\/\\\/www.notibras.com\\\/site\\\/pacheco-ex-presidente-do-senado-sera-ministro-do-tcu\\\/#primaryimage\",\"url\":\"https:\\\/\\\/www.notibras.com\\\/site\\\/wp-content\\\/uploads\\\/2026\\\/09\\\/img_0711.webp\",\"contentUrl\":\"https:\\\/\\\/www.notibras.com\\\/site\\\/wp-content\\\/uploads\\\/2026\\\/09\\\/img_0711.webp\",\"width\":1170,\"height\":700},{\"@type\":\"BreadcrumbList\",\"@id\":\"https:\\\/\\\/www.notibras.com\\\/site\\\/pacheco-ex-presidente-do-senado-sera-ministro-do-tcu\\\/#breadcrumb\",\"itemListElement\":[{\"@type\":\"ListItem\",\"position\":1,\"name\":\"In\u00edcio\",\"item\":\"https:\\\/\\\/www.notibras.com\\\/site\\\/\"},{\"@type\":\"ListItem\",\"position\":2,\"name\":\"Pacheco, ex-presidente do Senado, ser\u00e1 ministro do TCU\"}]},{\"@type\":\"WebSite\",\"@id\":\"https:\\\/\\\/www.notibras.com\\\/site\\\/#website\",\"url\":\"https:\\\/\\\/www.notibras.com\\\/site\\\/\",\"name\":\"Notibras\",\"description\":\"Not\u00edcias de Bras\u00edlia, do Brasil e do Mundo\",\"publisher\":{\"@id\":\"https:\\\/\\\/www.notibras.com\\\/site\\\/#organization\"},\"potentialAction\":[{\"@type\":\"SearchAction\",\"target\":{\"@type\":\"EntryPoint\",\"urlTemplate\":\"https:\\\/\\\/www.notibras.com\\\/site\\\/?s={search_term_string}\"},\"query-input\":{\"@type\":\"PropertyValueSpecification\",\"valueRequired\":true,\"valueName\":\"search_term_string\"}}],\"inLanguage\":\"pt-BR\"},{\"@type\":\"Organization\",\"@id\":\"https:\\\/\\\/www.notibras.com\\\/site\\\/#organization\",\"name\":\"Grupo Notibras de Comunica\u00e7\u00e3o\",\"url\":\"https:\\\/\\\/www.notibras.com\\\/site\\\/\",\"logo\":{\"@type\":\"ImageObject\",\"inLanguage\":\"pt-BR\",\"@id\":\"https:\\\/\\\/www.notibras.com\\\/site\\\/#\\\/schema\\\/logo\\\/image\\\/\",\"url\":\"https:\\\/\\\/www.notibras.com\\\/site\\\/wp-content\\\/uploads\\\/2023\\\/01\\\/notibras23.png\",\"contentUrl\":\"https:\\\/\\\/www.notibras.com\\\/site\\\/wp-content\\\/uploads\\\/2023\\\/01\\\/notibras23.png\",\"width\":350,\"height\":87,\"caption\":\"Grupo Notibras de Comunica\u00e7\u00e3o\"},\"image\":{\"@id\":\"https:\\\/\\\/www.notibras.com\\\/site\\\/#\\\/schema\\\/logo\\\/image\\\/\"},\"sameAs\":[\"https:\\\/\\\/www.facebook.com\\\/notibras\\\/\",\"https:\\\/\\\/x.com\\\/Notibras\",\"https:\\\/\\\/www.instagram.com\\\/notibras\\\/\"]},{\"@type\":\"Person\",\"@id\":\"https:\\\/\\\/www.notibras.com\\\/site\\\/#\\\/schema\\\/person\\\/36ab0979449956132d3e5b517ea76ac8\",\"name\":\"Reda\u00e7\u00e3o\",\"image\":{\"@type\":\"ImageObject\",\"inLanguage\":\"pt-BR\",\"@id\":\"https:\\\/\\\/secure.gravatar.com\\\/avatar\\\/e0a867bdedb85fd243eadf09663511f96fc81e0720a4a42581f334ad4303aa6b?s=96&d=mm&r=g\",\"url\":\"https:\\\/\\\/secure.gravatar.com\\\/avatar\\\/e0a867bdedb85fd243eadf09663511f96fc81e0720a4a42581f334ad4303aa6b?s=96&d=mm&r=g\",\"contentUrl\":\"https:\\\/\\\/secure.gravatar.com\\\/avatar\\\/e0a867bdedb85fd243eadf09663511f96fc81e0720a4a42581f334ad4303aa6b?s=96&d=mm&r=g\",\"caption\":\"Reda\u00e7\u00e3o\"}}]}<\/script>\n<!-- \/ Yoast SEO plugin. -->","yoast_head_json":{"title":"Pacheco, ex-presidente do Senado, ser\u00e1 ministro do TCU - Notibras","robots":{"index":"index","follow":"follow","max-snippet":"max-snippet:-1","max-image-preview":"max-image-preview:large","max-video-preview":"max-video-preview:-1"},"canonical":"https:\/\/www.notibras.com\/site\/pacheco-ex-presidente-do-senado-sera-ministro-do-tcu\/","og_locale":"pt_BR","og_type":"article","og_title":"Pacheco, ex-presidente do Senado, ser\u00e1 ministro do TCU - Notibras","og_description":"O plen\u00e1rio da C\u00e2mara dos Deputados aprovou nesta quarta-feira (2) a indica\u00e7\u00e3o do senador Rodrigo Pacheco (PSB-MG) para o cargo de ministro do Tribunal de Contas da Uni\u00e3o (TCU). Foram 404 votos a favor e 61 contr\u00e1rios \u00e0 indica\u00e7\u00e3o, al\u00e9m de uma absten\u00e7\u00e3o. Pacheco foi indicado para substituir Bruno Dantas, que renunciou ao cargo nesta [&hellip;]","og_url":"https:\/\/www.notibras.com\/site\/pacheco-ex-presidente-do-senado-sera-ministro-do-tcu\/","og_site_name":"Notibras","article_publisher":"https:\/\/www.facebook.com\/notibras\/","article_published_time":"2026-09-03T03:01:20+00:00","article_modified_time":"2026-09-03T13:04:41+00:00","og_image":[{"width":1170,"height":700,"url":"https:\/\/www.notibras.com\/site\/wp-content\/uploads\/2026\/09\/img_0711.webp","type":"image\/webp"}],"author":"Reda\u00e7\u00e3o","twitter_card":"summary_large_image","twitter_creator":"@Notibras","twitter_site":"@Notibras","twitter_misc":{"Escrito por":"Reda\u00e7\u00e3o","Est. tempo de leitura":"2 minutos"},"schema":{"@context":"https:\/\/schema.org","@graph":[{"@type":"Article","@id":"https:\/\/www.notibras.com\/site\/pacheco-ex-presidente-do-senado-sera-ministro-do-tcu\/#article","isPartOf":{"@id":"https:\/\/www.notibras.com\/site\/pacheco-ex-presidente-do-senado-sera-ministro-do-tcu\/"},"author":{"name":"Reda\u00e7\u00e3o","@id":"https:\/\/www.notibras.com\/site\/#\/schema\/person\/36ab0979449956132d3e5b517ea76ac8"},"headline":"Pacheco, ex-presidente do Senado, ser\u00e1 ministro do TCU","datePublished":"2026-09-03T03:01:20+00:00","dateModified":"2026-09-03T13:04:41+00:00","mainEntityOfPage":{"@id":"https:\/\/www.notibras.com\/site\/pacheco-ex-presidente-do-senado-sera-ministro-do-tcu\/"},"wordCount":322,"publisher":{"@id":"https:\/\/www.notibras.com\/site\/#organization"},"image":{"@id":"https:\/\/www.notibras.com\/site\/pacheco-ex-presidente-do-senado-sera-ministro-do-tcu\/#primaryimage"},"thumbnailUrl":"https:\/\/www.notibras.com\/site\/wp-content\/uploads\/2026\/09\/img_0711.webp","articleSection":["Brasil"],"inLanguage":"pt-BR"},{"@type":"WebPage","@id":"https:\/\/www.notibras.com\/site\/pacheco-ex-presidente-do-senado-sera-ministro-do-tcu\/","url":"https:\/\/www.notibras.com\/site\/pacheco-ex-presidente-do-senado-sera-ministro-do-tcu\/","name":"Pacheco, ex-presidente do Senado, ser\u00e1 ministro do TCU - Notibras","isPartOf":{"@id":"https:\/\/www.notibras.com\/site\/#website"},"primaryImageOfPage":{"@id":"https:\/\/www.notibras.com\/site\/pacheco-ex-presidente-do-senado-sera-ministro-do-tcu\/#primaryimage"},"image":{"@id":"https:\/\/www.notibras.com\/site\/pacheco-ex-presidente-do-senado-sera-ministro-do-tcu\/#primaryimage"},"thumbnailUrl":"https:\/\/www.notibras.com\/site\/wp-content\/uploads\/2026\/09\/img_0711.webp","datePublished":"2026-09-03T03:01:20+00:00","dateModified":"2026-09-03T13:04:41+00:00","breadcrumb":{"@id":"https:\/\/www.notibras.com\/site\/pacheco-ex-presidente-do-senado-sera-ministro-do-tcu\/#breadcrumb"},"inLanguage":"pt-BR","potentialAction":[{"@type":"ReadAction","target":["https:\/\/www.notibras.com\/site\/pacheco-ex-presidente-do-senado-sera-ministro-do-tcu\/"]}]},{"@type":"ImageObject","inLanguage":"pt-BR","@id":"https:\/\/www.notibras.com\/site\/pacheco-ex-presidente-do-senado-sera-ministro-do-tcu\/#primaryimage","url":"https:\/\/www.notibras.com\/site\/wp-content\/uploads\/2026\/09\/img_0711.webp","contentUrl":"https:\/\/www.notibras.com\/site\/wp-content\/uploads\/2026\/09\/img_0711.webp","width":1170,"height":700},{"@type":"BreadcrumbList","@id":"https:\/\/www.notibras.com\/site\/pacheco-ex-presidente-do-senado-sera-ministro-do-tcu\/#breadcrumb","itemListElement":[{"@type":"ListItem","position":1,"name":"In\u00edcio","item":"https:\/\/www.notibras.com\/site\/"},{"@type":"ListItem","position":2,"name":"Pacheco, ex-presidente do Senado, ser\u00e1 ministro do TCU"}]},{"@type":"WebSite","@id":"https:\/\/www.notibras.com\/site\/#website","url":"https:\/\/www.notibras.com\/site\/","name":"Notibras","description":"Not\u00edcias de Bras\u00edlia, do Brasil e do Mundo","publisher":{"@id":"https:\/\/www.notibras.com\/site\/#organization"},"potentialAction":[{"@type":"SearchAction","target":{"@type":"EntryPoint","urlTemplate":"https:\/\/www.notibras.com\/site\/?s={search_term_string}"},"query-input":{"@type":"PropertyValueSpecification","valueRequired":true,"valueName":"search_term_string"}}],"inLanguage":"pt-BR"},{"@type":"Organization","@id":"https:\/\/www.notibras.com\/site\/#organization","name":"Grupo Notibras de Comunica\u00e7\u00e3o","url":"https:\/\/www.notibras.com\/site\/","logo":{"@type":"ImageObject","inLanguage":"pt-BR","@id":"https:\/\/www.notibras.com\/site\/#\/schema\/logo\/image\/","url":"https:\/\/www.notibras.com\/site\/wp-content\/uploads\/2023\/01\/notibras23.png","contentUrl":"https:\/\/www.notibras.com\/site\/wp-content\/uploads\/2023\/01\/notibras23.png","width":350,"height":87,"caption":"Grupo Notibras de Comunica\u00e7\u00e3o"},"image":{"@id":"https:\/\/www.notibras.com\/site\/#\/schema\/logo\/image\/"},"sameAs":["https:\/\/www.facebook.com\/notibras\/","https:\/\/x.com\/Notibras","https:\/\/www.instagram.com\/notibras\/"]},{"@type":"Person","@id":"https:\/\/www.notibras.com\/site\/#\/schema\/person\/36ab0979449956132d3e5b517ea76ac8","name":"Reda\u00e7\u00e3o","image":{"@type":"ImageObject","inLanguage":"pt-BR","@id":"https:\/\/secure.gravatar.com\/avatar\/e0a867bdedb85fd243eadf09663511f96fc81e0720a4a42581f334ad4303aa6b?s=96&d=mm&r=g","url":"https:\/\/secure.gravatar.com\/avatar\/e0a867bdedb85fd243eadf09663511f96fc81e0720a4a42581f334ad4303aa6b?s=96&d=mm&r=g","contentUrl":"https:\/\/secure.gravatar.com\/avatar\/e0a867bdedb85fd243eadf09663511f96fc81e0720a4a42581f334ad4303aa6b?s=96&d=mm&r=g","caption":"Reda\u00e7\u00e3o"}}]}},"_links":{"self":[{"href":"https:\/\/www.notibras.com\/site\/wp-json\/wp\/v2\/posts\/409094","targetHints":{"allow":["GET"]}}],"collection":[{"href":"https:\/\/www.notibras.com\/site\/wp-json\/wp\/v2\/posts"}],"about":[{"href":"https:\/\/www.notibras.com\/site\/wp-json\/wp\/v2\/types\/post"}],"author":[{"embeddable":true,"href":"https:\/\/www.notibras.com\/site\/wp-json\/wp\/v2\/users\/2"}],"replies":[{"embeddable":true,"href":"https:\/\/www.notibras.com\/site\/wp-json\/wp\/v2\/comments?post=409094"}],"version-history":[{"count":1,"href":"https:\/\/www.notibras.com\/site\/wp-json\/wp\/v2\/posts\/409094\/revisions"}],"predecessor-version":[{"id":409096,"href":"https:\/\/www.notibras.com\/site\/wp-json\/wp\/v2\/posts\/409094\/revisions\/409096"}],"wp:featuredmedia":[{"embeddable":true,"href":"https:\/\/www.notibras.com\/site\/wp-json\/wp\/v2\/media\/409095"}],"wp:attachment":[{"href":"https:\/\/www.notibras.com\/site\/wp-json\/wp\/v2\/media?parent=409094"}],"wp:term":[{"taxonomy":"category","embeddable":true,"href":"https:\/\/www.notibras.com\/site\/wp-json\/wp\/v2\/categories?post=409094"},{"taxonomy":"post_tag","embeddable":true,"href":"https:\/\/www.notibras.com\/site\/wp-json\/wp\/v2\/tags?post=409094"},{"taxonomy":"tmauthors","embeddable":true,"href":"https:\/\/www.notibras.com\/site\/wp-json\/wp\/v2\/tmauthors?post=409094"}],"curies":[{"name":"wp","href":"https:\/\/api.w.org\/{rel}","templated":true}]}}