{"id":409097,"date":"2026-09-03T00:00:45","date_gmt":"2026-09-03T03:00:45","guid":{"rendered":"https:\/\/www.notibras.com\/site\/?p=409097"},"modified":"2026-09-03T10:09:35","modified_gmt":"2026-09-03T13:09:35","slug":"aquecimento-alem-de-15c-ameaca-saude-agricultura-e-economia","status":"publish","type":"post","link":"https:\/\/www.notibras.com\/site\/aquecimento-alem-de-15c-ameaca-saude-agricultura-e-economia\/","title":{"rendered":"Aquecimento al\u00e9m de 1,5\u00b0C amea\u00e7a sa\u00fade, agricultura e economia"},"content":{"rendered":"<p>Desastres naturais, ondas de calor, secas hist\u00f3ricas, chuvas intensas e perdas agr\u00edcolas s\u00e3o alguns dos eventos extremos que se tornar\u00e3o frequentes em um planeta mais quente do que o esperado. A conclus\u00e3o \u00e9 de especialistas diante do an\u00fancio das Na\u00e7\u00f5es Unidas nesta quarta-feira (2) de que o planeta deve ultrapassar o limite de 1,5\u00ba C de aquecimento nos pr\u00f3ximos anos.<\/p>\n<p>Para o diretor executivo do Instituto de Pesquisa Ambiental da Amaz\u00f4nia (IPAM), Andr\u00e9 Guimar\u00e3es, a informa\u00e7\u00e3o precisa ser tratada com a devida gravidade e provocar esfor\u00e7os urgentes para mudar o cen\u00e1rio.<\/p>\n<p>\u201cHoje \u00e9 um dia triste para a humanidade. Fomos derrotados por n\u00f3s mesmos\u201d, lamenta Andr\u00e9.<\/p>\n<p>E especialista diz que a humanidade pode redesenhar o pr\u00f3prio futuro neste planeta.<\/p>\n<p>&#8220;Temos que reduzir urgentemente a queima de combust\u00edveis f\u00f3sseis, acabar com a convers\u00e3o de florestas e mudar, de forma geral, nossa rela\u00e7\u00e3o com a natureza\u201d, complementa.<\/p>\n<p>Em evento promovido pelo pelo Instituto Clima e Sociedade (iCS), a presidente do Comit\u00ea Diretor do Sistema Global de Observa\u00e7\u00e3o do Clima (GCOS), da Organiza\u00e7\u00e3o Meteorol\u00f3gica Mundial (OMM), Thelma Krug, disse que a dimens\u00e3o e a dura\u00e7\u00e3o do aquecimento determinar\u00e3o o tamanho dos impactos sobre a sociedade e o meio ambiente.<\/p>\n<p>Quanto mais quente e mais tempo o planeta permanecer acima do limite de 1,5\u00baC, maior ser\u00e1 a necessidade de remo\u00e7\u00e3o de di\u00f3xido de carbono da atmosfera e mais dif\u00edcil ser\u00e1 reverter o aquecimento.<\/p>\n<p>A temperatura global, segundo Thelma Krug, j\u00e1 est\u00e1 cerca de 1,37\u00b0C acima dos n\u00edveis pr\u00e9-industriais, com avan\u00e7o aproximado de 0,26\u00b0C por d\u00e9cada.<\/p>\n<p>\u201cFazendo uma conta bem r\u00e1pida, ter\u00edamos tr\u00eas ou quatro anos para limitar o aquecimento, se continuarmos no ritmo atual de emiss\u00f5es\u201d, explicou Thelma.<\/p>\n<p><strong>Preju\u00edzos<\/strong><br \/>\nO economista Sergio Margulis, especialista do Instituto Internacional para Sustentabilidade (IIS) e professor da PUC-Rio, destaca os preju\u00edzos econ\u00f4micos do aumento das temperaturas. Perdas em infraestrutura, agricultura, sa\u00fade e energia j\u00e1 representam 2% do PIB global.<\/p>\n<p>Margulis indica que \u00e9 preciso investir na transi\u00e7\u00e3o energ\u00e9tica agora, para n\u00e3o elevar ainda mais esses preju\u00edzos.<\/p>\n<p>\u201cHoje o mundo gasta uns 2 trilh\u00f5es de d\u00f3lares com descarboniza\u00e7\u00e3o. S\u00f3 que a gente precisa aumentar esse patamar para 5 trilh\u00f5es ou at\u00e9 um pouco mais. N\u00e3o tem como fugir disso\u201d, analisa o economista.<\/p>\n<p>Margulis tamb\u00e9m destaca que os governos precisar\u00e3o ampliar os investimentos em adapta\u00e7\u00e3o, por\u00e9m, o mais urgente \u00e9 reduzir o problema na fonte.<\/p>\n<p>\u201cAdapta\u00e7\u00e3o n\u00e3o resolve o problema f\u00edsico do aquecimento global. Temos que parar com as emiss\u00f5es. Os pa\u00edses n\u00e3o podem ficar esperando a revers\u00e3o do clima para agir\u201d, destacou.<\/p>\n<p>O coordenador de pol\u00edtica internacional do Observat\u00f3rio do Clima (OC), Claudio Angelo, refor\u00e7a que o relat\u00f3rio da ONU \u00e9 um alerta para impedir que a ultrapassagem de 1,5\u00b0C seja ainda maior.<\/p>\n<p>\u201cAbandonar o objetivo de devolver os term\u00f4metros a 1,5\u00baC n\u00e3o \u00e9 uma op\u00e7\u00e3o; seria assinar um pacto coletivo de suic\u00eddio. Mas o pico e o decl\u00ednio n\u00e3o ocorrer\u00e3o enquanto pa\u00edses produtores de combust\u00edveis f\u00f3sseis olharem para essas ind\u00fastrias como uma benesse em vez de uma maldi\u00e7\u00e3o\u201d, analisa Angelo.<\/p>\n<p>\u201c\u00c9 preciso parar j\u00e1 a expans\u00e3o f\u00f3ssil no mundo, e a COP31, daqui a dois meses, \u00e9 uma oportunidade de tomar essa decis\u00e3o\u201d, finaliza.<\/p>\n","protected":false},"excerpt":{"rendered":"<p>Desastres naturais, ondas de calor, secas hist\u00f3ricas, chuvas intensas e perdas agr\u00edcolas s\u00e3o alguns dos eventos extremos que se tornar\u00e3o frequentes em um planeta mais quente do que o esperado. A conclus\u00e3o \u00e9 de especialistas diante do an\u00fancio das Na\u00e7\u00f5es Unidas nesta quarta-feira (2) de que o planeta deve ultrapassar o limite de 1,5\u00ba C [&hellip;]<\/p>\n","protected":false},"author":2,"featured_media":409098,"comment_status":"closed","ping_status":"closed","sticky":false,"template":"","format":"standard","meta":{"_acf_changed":false,"footnotes":""},"categories":[16],"tags":[],"tmauthors":[307],"class_list":["post-409097","post","type-post","status-publish","format-standard","has-post-thumbnail","category-brasil"],"acf":[],"yoast_head":"<!-- This site is optimized with the Yoast SEO plugin v28.0 - https:\/\/yoast.com\/product\/yoast-seo-wordpress\/ -->\n<title>Aquecimento al\u00e9m de 1,5\u00b0C amea\u00e7a sa\u00fade, agricultura e economia - Notibras<\/title>\n<meta name=\"robots\" content=\"index, follow, max-snippet:-1, max-image-preview:large, max-video-preview:-1\" \/>\n<link rel=\"canonical\" href=\"https:\/\/www.notibras.com\/site\/aquecimento-alem-de-15c-ameaca-saude-agricultura-e-economia\/\" \/>\n<meta property=\"og:locale\" content=\"pt_BR\" \/>\n<meta property=\"og:type\" content=\"article\" \/>\n<meta property=\"og:title\" content=\"Aquecimento al\u00e9m de 1,5\u00b0C amea\u00e7a sa\u00fade, agricultura e economia - Notibras\" \/>\n<meta property=\"og:description\" content=\"Desastres naturais, ondas de calor, secas hist\u00f3ricas, chuvas intensas e perdas agr\u00edcolas s\u00e3o alguns dos eventos extremos que se tornar\u00e3o frequentes em um planeta mais quente do que o esperado. A conclus\u00e3o \u00e9 de especialistas diante do an\u00fancio das Na\u00e7\u00f5es Unidas nesta quarta-feira (2) de que o planeta deve ultrapassar o limite de 1,5\u00ba C [&hellip;]\" \/>\n<meta property=\"og:url\" content=\"https:\/\/www.notibras.com\/site\/aquecimento-alem-de-15c-ameaca-saude-agricultura-e-economia\/\" \/>\n<meta property=\"og:site_name\" content=\"Notibras\" \/>\n<meta property=\"article:publisher\" content=\"https:\/\/www.facebook.com\/notibras\/\" \/>\n<meta property=\"article:published_time\" content=\"2026-09-03T03:00:45+00:00\" \/>\n<meta property=\"article:modified_time\" content=\"2026-09-03T13:09:35+00:00\" \/>\n<meta property=\"og:image\" content=\"https:\/\/www.notibras.com\/site\/wp-content\/uploads\/2026\/09\/seca_2.webp\" \/>\n\t<meta property=\"og:image:width\" content=\"1170\" \/>\n\t<meta property=\"og:image:height\" content=\"700\" \/>\n\t<meta property=\"og:image:type\" content=\"image\/webp\" \/>\n<meta name=\"author\" content=\"Reda\u00e7\u00e3o\" \/>\n<meta name=\"twitter:card\" content=\"summary_large_image\" \/>\n<meta name=\"twitter:creator\" content=\"@Notibras\" \/>\n<meta name=\"twitter:site\" content=\"@Notibras\" \/>\n<meta name=\"twitter:label1\" content=\"Escrito por\" \/>\n\t<meta name=\"twitter:data1\" content=\"Reda\u00e7\u00e3o\" \/>\n\t<meta name=\"twitter:label2\" content=\"Est. tempo de leitura\" \/>\n\t<meta name=\"twitter:data2\" content=\"4 minutos\" \/>\n<script type=\"application\/ld+json\" class=\"yoast-schema-graph\">{\"@context\":\"https:\\\/\\\/schema.org\",\"@graph\":[{\"@type\":\"Article\",\"@id\":\"https:\\\/\\\/www.notibras.com\\\/site\\\/aquecimento-alem-de-15c-ameaca-saude-agricultura-e-economia\\\/#article\",\"isPartOf\":{\"@id\":\"https:\\\/\\\/www.notibras.com\\\/site\\\/aquecimento-alem-de-15c-ameaca-saude-agricultura-e-economia\\\/\"},\"author\":{\"name\":\"Reda\u00e7\u00e3o\",\"@id\":\"https:\\\/\\\/www.notibras.com\\\/site\\\/#\\\/schema\\\/person\\\/36ab0979449956132d3e5b517ea76ac8\"},\"headline\":\"Aquecimento al\u00e9m de 1,5\u00b0C amea\u00e7a sa\u00fade, agricultura e economia\",\"datePublished\":\"2026-09-03T03:00:45+00:00\",\"dateModified\":\"2026-09-03T13:09:35+00:00\",\"mainEntityOfPage\":{\"@id\":\"https:\\\/\\\/www.notibras.com\\\/site\\\/aquecimento-alem-de-15c-ameaca-saude-agricultura-e-economia\\\/\"},\"wordCount\":594,\"publisher\":{\"@id\":\"https:\\\/\\\/www.notibras.com\\\/site\\\/#organization\"},\"image\":{\"@id\":\"https:\\\/\\\/www.notibras.com\\\/site\\\/aquecimento-alem-de-15c-ameaca-saude-agricultura-e-economia\\\/#primaryimage\"},\"thumbnailUrl\":\"https:\\\/\\\/www.notibras.com\\\/site\\\/wp-content\\\/uploads\\\/2026\\\/09\\\/seca_2.webp\",\"articleSection\":[\"Brasil\"],\"inLanguage\":\"pt-BR\"},{\"@type\":\"WebPage\",\"@id\":\"https:\\\/\\\/www.notibras.com\\\/site\\\/aquecimento-alem-de-15c-ameaca-saude-agricultura-e-economia\\\/\",\"url\":\"https:\\\/\\\/www.notibras.com\\\/site\\\/aquecimento-alem-de-15c-ameaca-saude-agricultura-e-economia\\\/\",\"name\":\"Aquecimento al\u00e9m de 1,5\u00b0C amea\u00e7a sa\u00fade, agricultura e economia - Notibras\",\"isPartOf\":{\"@id\":\"https:\\\/\\\/www.notibras.com\\\/site\\\/#website\"},\"primaryImageOfPage\":{\"@id\":\"https:\\\/\\\/www.notibras.com\\\/site\\\/aquecimento-alem-de-15c-ameaca-saude-agricultura-e-economia\\\/#primaryimage\"},\"image\":{\"@id\":\"https:\\\/\\\/www.notibras.com\\\/site\\\/aquecimento-alem-de-15c-ameaca-saude-agricultura-e-economia\\\/#primaryimage\"},\"thumbnailUrl\":\"https:\\\/\\\/www.notibras.com\\\/site\\\/wp-content\\\/uploads\\\/2026\\\/09\\\/seca_2.webp\",\"datePublished\":\"2026-09-03T03:00:45+00:00\",\"dateModified\":\"2026-09-03T13:09:35+00:00\",\"breadcrumb\":{\"@id\":\"https:\\\/\\\/www.notibras.com\\\/site\\\/aquecimento-alem-de-15c-ameaca-saude-agricultura-e-economia\\\/#breadcrumb\"},\"inLanguage\":\"pt-BR\",\"potentialAction\":[{\"@type\":\"ReadAction\",\"target\":[\"https:\\\/\\\/www.notibras.com\\\/site\\\/aquecimento-alem-de-15c-ameaca-saude-agricultura-e-economia\\\/\"]}]},{\"@type\":\"ImageObject\",\"inLanguage\":\"pt-BR\",\"@id\":\"https:\\\/\\\/www.notibras.com\\\/site\\\/aquecimento-alem-de-15c-ameaca-saude-agricultura-e-economia\\\/#primaryimage\",\"url\":\"https:\\\/\\\/www.notibras.com\\\/site\\\/wp-content\\\/uploads\\\/2026\\\/09\\\/seca_2.webp\",\"contentUrl\":\"https:\\\/\\\/www.notibras.com\\\/site\\\/wp-content\\\/uploads\\\/2026\\\/09\\\/seca_2.webp\",\"width\":1170,\"height\":700},{\"@type\":\"BreadcrumbList\",\"@id\":\"https:\\\/\\\/www.notibras.com\\\/site\\\/aquecimento-alem-de-15c-ameaca-saude-agricultura-e-economia\\\/#breadcrumb\",\"itemListElement\":[{\"@type\":\"ListItem\",\"position\":1,\"name\":\"In\u00edcio\",\"item\":\"https:\\\/\\\/www.notibras.com\\\/site\\\/\"},{\"@type\":\"ListItem\",\"position\":2,\"name\":\"Aquecimento al\u00e9m de 1,5\u00b0C amea\u00e7a sa\u00fade, agricultura e economia\"}]},{\"@type\":\"WebSite\",\"@id\":\"https:\\\/\\\/www.notibras.com\\\/site\\\/#website\",\"url\":\"https:\\\/\\\/www.notibras.com\\\/site\\\/\",\"name\":\"Notibras\",\"description\":\"Not\u00edcias de Bras\u00edlia, do Brasil e do Mundo\",\"publisher\":{\"@id\":\"https:\\\/\\\/www.notibras.com\\\/site\\\/#organization\"},\"potentialAction\":[{\"@type\":\"SearchAction\",\"target\":{\"@type\":\"EntryPoint\",\"urlTemplate\":\"https:\\\/\\\/www.notibras.com\\\/site\\\/?s={search_term_string}\"},\"query-input\":{\"@type\":\"PropertyValueSpecification\",\"valueRequired\":true,\"valueName\":\"search_term_string\"}}],\"inLanguage\":\"pt-BR\"},{\"@type\":\"Organization\",\"@id\":\"https:\\\/\\\/www.notibras.com\\\/site\\\/#organization\",\"name\":\"Grupo Notibras de Comunica\u00e7\u00e3o\",\"url\":\"https:\\\/\\\/www.notibras.com\\\/site\\\/\",\"logo\":{\"@type\":\"ImageObject\",\"inLanguage\":\"pt-BR\",\"@id\":\"https:\\\/\\\/www.notibras.com\\\/site\\\/#\\\/schema\\\/logo\\\/image\\\/\",\"url\":\"https:\\\/\\\/www.notibras.com\\\/site\\\/wp-content\\\/uploads\\\/2023\\\/01\\\/notibras23.png\",\"contentUrl\":\"https:\\\/\\\/www.notibras.com\\\/site\\\/wp-content\\\/uploads\\\/2023\\\/01\\\/notibras23.png\",\"width\":350,\"height\":87,\"caption\":\"Grupo Notibras de Comunica\u00e7\u00e3o\"},\"image\":{\"@id\":\"https:\\\/\\\/www.notibras.com\\\/site\\\/#\\\/schema\\\/logo\\\/image\\\/\"},\"sameAs\":[\"https:\\\/\\\/www.facebook.com\\\/notibras\\\/\",\"https:\\\/\\\/x.com\\\/Notibras\",\"https:\\\/\\\/www.instagram.com\\\/notibras\\\/\"]},{\"@type\":\"Person\",\"@id\":\"https:\\\/\\\/www.notibras.com\\\/site\\\/#\\\/schema\\\/person\\\/36ab0979449956132d3e5b517ea76ac8\",\"name\":\"Reda\u00e7\u00e3o\",\"image\":{\"@type\":\"ImageObject\",\"inLanguage\":\"pt-BR\",\"@id\":\"https:\\\/\\\/secure.gravatar.com\\\/avatar\\\/e0a867bdedb85fd243eadf09663511f96fc81e0720a4a42581f334ad4303aa6b?s=96&d=mm&r=g\",\"url\":\"https:\\\/\\\/secure.gravatar.com\\\/avatar\\\/e0a867bdedb85fd243eadf09663511f96fc81e0720a4a42581f334ad4303aa6b?s=96&d=mm&r=g\",\"contentUrl\":\"https:\\\/\\\/secure.gravatar.com\\\/avatar\\\/e0a867bdedb85fd243eadf09663511f96fc81e0720a4a42581f334ad4303aa6b?s=96&d=mm&r=g\",\"caption\":\"Reda\u00e7\u00e3o\"}}]}<\/script>\n<!-- \/ Yoast SEO plugin. -->","yoast_head_json":{"title":"Aquecimento al\u00e9m de 1,5\u00b0C amea\u00e7a sa\u00fade, agricultura e economia - Notibras","robots":{"index":"index","follow":"follow","max-snippet":"max-snippet:-1","max-image-preview":"max-image-preview:large","max-video-preview":"max-video-preview:-1"},"canonical":"https:\/\/www.notibras.com\/site\/aquecimento-alem-de-15c-ameaca-saude-agricultura-e-economia\/","og_locale":"pt_BR","og_type":"article","og_title":"Aquecimento al\u00e9m de 1,5\u00b0C amea\u00e7a sa\u00fade, agricultura e economia - Notibras","og_description":"Desastres naturais, ondas de calor, secas hist\u00f3ricas, chuvas intensas e perdas agr\u00edcolas s\u00e3o alguns dos eventos extremos que se tornar\u00e3o frequentes em um planeta mais quente do que o esperado. A conclus\u00e3o \u00e9 de especialistas diante do an\u00fancio das Na\u00e7\u00f5es Unidas nesta quarta-feira (2) de que o planeta deve ultrapassar o limite de 1,5\u00ba C [&hellip;]","og_url":"https:\/\/www.notibras.com\/site\/aquecimento-alem-de-15c-ameaca-saude-agricultura-e-economia\/","og_site_name":"Notibras","article_publisher":"https:\/\/www.facebook.com\/notibras\/","article_published_time":"2026-09-03T03:00:45+00:00","article_modified_time":"2026-09-03T13:09:35+00:00","og_image":[{"width":1170,"height":700,"url":"https:\/\/www.notibras.com\/site\/wp-content\/uploads\/2026\/09\/seca_2.webp","type":"image\/webp"}],"author":"Reda\u00e7\u00e3o","twitter_card":"summary_large_image","twitter_creator":"@Notibras","twitter_site":"@Notibras","twitter_misc":{"Escrito por":"Reda\u00e7\u00e3o","Est. tempo de leitura":"4 minutos"},"schema":{"@context":"https:\/\/schema.org","@graph":[{"@type":"Article","@id":"https:\/\/www.notibras.com\/site\/aquecimento-alem-de-15c-ameaca-saude-agricultura-e-economia\/#article","isPartOf":{"@id":"https:\/\/www.notibras.com\/site\/aquecimento-alem-de-15c-ameaca-saude-agricultura-e-economia\/"},"author":{"name":"Reda\u00e7\u00e3o","@id":"https:\/\/www.notibras.com\/site\/#\/schema\/person\/36ab0979449956132d3e5b517ea76ac8"},"headline":"Aquecimento al\u00e9m de 1,5\u00b0C amea\u00e7a sa\u00fade, agricultura e economia","datePublished":"2026-09-03T03:00:45+00:00","dateModified":"2026-09-03T13:09:35+00:00","mainEntityOfPage":{"@id":"https:\/\/www.notibras.com\/site\/aquecimento-alem-de-15c-ameaca-saude-agricultura-e-economia\/"},"wordCount":594,"publisher":{"@id":"https:\/\/www.notibras.com\/site\/#organization"},"image":{"@id":"https:\/\/www.notibras.com\/site\/aquecimento-alem-de-15c-ameaca-saude-agricultura-e-economia\/#primaryimage"},"thumbnailUrl":"https:\/\/www.notibras.com\/site\/wp-content\/uploads\/2026\/09\/seca_2.webp","articleSection":["Brasil"],"inLanguage":"pt-BR"},{"@type":"WebPage","@id":"https:\/\/www.notibras.com\/site\/aquecimento-alem-de-15c-ameaca-saude-agricultura-e-economia\/","url":"https:\/\/www.notibras.com\/site\/aquecimento-alem-de-15c-ameaca-saude-agricultura-e-economia\/","name":"Aquecimento al\u00e9m de 1,5\u00b0C amea\u00e7a sa\u00fade, agricultura e economia - Notibras","isPartOf":{"@id":"https:\/\/www.notibras.com\/site\/#website"},"primaryImageOfPage":{"@id":"https:\/\/www.notibras.com\/site\/aquecimento-alem-de-15c-ameaca-saude-agricultura-e-economia\/#primaryimage"},"image":{"@id":"https:\/\/www.notibras.com\/site\/aquecimento-alem-de-15c-ameaca-saude-agricultura-e-economia\/#primaryimage"},"thumbnailUrl":"https:\/\/www.notibras.com\/site\/wp-content\/uploads\/2026\/09\/seca_2.webp","datePublished":"2026-09-03T03:00:45+00:00","dateModified":"2026-09-03T13:09:35+00:00","breadcrumb":{"@id":"https:\/\/www.notibras.com\/site\/aquecimento-alem-de-15c-ameaca-saude-agricultura-e-economia\/#breadcrumb"},"inLanguage":"pt-BR","potentialAction":[{"@type":"ReadAction","target":["https:\/\/www.notibras.com\/site\/aquecimento-alem-de-15c-ameaca-saude-agricultura-e-economia\/"]}]},{"@type":"ImageObject","inLanguage":"pt-BR","@id":"https:\/\/www.notibras.com\/site\/aquecimento-alem-de-15c-ameaca-saude-agricultura-e-economia\/#primaryimage","url":"https:\/\/www.notibras.com\/site\/wp-content\/uploads\/2026\/09\/seca_2.webp","contentUrl":"https:\/\/www.notibras.com\/site\/wp-content\/uploads\/2026\/09\/seca_2.webp","width":1170,"height":700},{"@type":"BreadcrumbList","@id":"https:\/\/www.notibras.com\/site\/aquecimento-alem-de-15c-ameaca-saude-agricultura-e-economia\/#breadcrumb","itemListElement":[{"@type":"ListItem","position":1,"name":"In\u00edcio","item":"https:\/\/www.notibras.com\/site\/"},{"@type":"ListItem","position":2,"name":"Aquecimento al\u00e9m de 1,5\u00b0C amea\u00e7a sa\u00fade, agricultura e economia"}]},{"@type":"WebSite","@id":"https:\/\/www.notibras.com\/site\/#website","url":"https:\/\/www.notibras.com\/site\/","name":"Notibras","description":"Not\u00edcias de Bras\u00edlia, do Brasil e do Mundo","publisher":{"@id":"https:\/\/www.notibras.com\/site\/#organization"},"potentialAction":[{"@type":"SearchAction","target":{"@type":"EntryPoint","urlTemplate":"https:\/\/www.notibras.com\/site\/?s={search_term_string}"},"query-input":{"@type":"PropertyValueSpecification","valueRequired":true,"valueName":"search_term_string"}}],"inLanguage":"pt-BR"},{"@type":"Organization","@id":"https:\/\/www.notibras.com\/site\/#organization","name":"Grupo Notibras de Comunica\u00e7\u00e3o","url":"https:\/\/www.notibras.com\/site\/","logo":{"@type":"ImageObject","inLanguage":"pt-BR","@id":"https:\/\/www.notibras.com\/site\/#\/schema\/logo\/image\/","url":"https:\/\/www.notibras.com\/site\/wp-content\/uploads\/2023\/01\/notibras23.png","contentUrl":"https:\/\/www.notibras.com\/site\/wp-content\/uploads\/2023\/01\/notibras23.png","width":350,"height":87,"caption":"Grupo Notibras de Comunica\u00e7\u00e3o"},"image":{"@id":"https:\/\/www.notibras.com\/site\/#\/schema\/logo\/image\/"},"sameAs":["https:\/\/www.facebook.com\/notibras\/","https:\/\/x.com\/Notibras","https:\/\/www.instagram.com\/notibras\/"]},{"@type":"Person","@id":"https:\/\/www.notibras.com\/site\/#\/schema\/person\/36ab0979449956132d3e5b517ea76ac8","name":"Reda\u00e7\u00e3o","image":{"@type":"ImageObject","inLanguage":"pt-BR","@id":"https:\/\/secure.gravatar.com\/avatar\/e0a867bdedb85fd243eadf09663511f96fc81e0720a4a42581f334ad4303aa6b?s=96&d=mm&r=g","url":"https:\/\/secure.gravatar.com\/avatar\/e0a867bdedb85fd243eadf09663511f96fc81e0720a4a42581f334ad4303aa6b?s=96&d=mm&r=g","contentUrl":"https:\/\/secure.gravatar.com\/avatar\/e0a867bdedb85fd243eadf09663511f96fc81e0720a4a42581f334ad4303aa6b?s=96&d=mm&r=g","caption":"Reda\u00e7\u00e3o"}}]}},"_links":{"self":[{"href":"https:\/\/www.notibras.com\/site\/wp-json\/wp\/v2\/posts\/409097","targetHints":{"allow":["GET"]}}],"collection":[{"href":"https:\/\/www.notibras.com\/site\/wp-json\/wp\/v2\/posts"}],"about":[{"href":"https:\/\/www.notibras.com\/site\/wp-json\/wp\/v2\/types\/post"}],"author":[{"embeddable":true,"href":"https:\/\/www.notibras.com\/site\/wp-json\/wp\/v2\/users\/2"}],"replies":[{"embeddable":true,"href":"https:\/\/www.notibras.com\/site\/wp-json\/wp\/v2\/comments?post=409097"}],"version-history":[{"count":1,"href":"https:\/\/www.notibras.com\/site\/wp-json\/wp\/v2\/posts\/409097\/revisions"}],"predecessor-version":[{"id":409099,"href":"https:\/\/www.notibras.com\/site\/wp-json\/wp\/v2\/posts\/409097\/revisions\/409099"}],"wp:featuredmedia":[{"embeddable":true,"href":"https:\/\/www.notibras.com\/site\/wp-json\/wp\/v2\/media\/409098"}],"wp:attachment":[{"href":"https:\/\/www.notibras.com\/site\/wp-json\/wp\/v2\/media?parent=409097"}],"wp:term":[{"taxonomy":"category","embeddable":true,"href":"https:\/\/www.notibras.com\/site\/wp-json\/wp\/v2\/categories?post=409097"},{"taxonomy":"post_tag","embeddable":true,"href":"https:\/\/www.notibras.com\/site\/wp-json\/wp\/v2\/tags?post=409097"},{"taxonomy":"tmauthors","embeddable":true,"href":"https:\/\/www.notibras.com\/site\/wp-json\/wp\/v2\/tmauthors?post=409097"}],"curies":[{"name":"wp","href":"https:\/\/api.w.org\/{rel}","templated":true}]}}