{"id":409108,"date":"2026-09-03T12:24:41","date_gmt":"2026-09-03T15:24:41","guid":{"rendered":"https:\/\/www.notibras.com\/site\/?p=409108"},"modified":"2026-09-03T12:24:41","modified_gmt":"2026-09-03T15:24:41","slug":"jornada-gastronomica-pelos-pratos-italianos","status":"publish","type":"post","link":"https:\/\/www.notibras.com\/site\/jornada-gastronomica-pelos-pratos-italianos\/","title":{"rendered":"Jornada gastron\u00f4mica pelos pratos italianos"},"content":{"rendered":"<p>A tend\u00eancia de aproveitar experi\u00eancias e momentos de lazer sem necessariamente precisar sair da cidade, conhecida como staycation, abre espa\u00e7o no setor de restaurantes para viv\u00eancias que unem gastronomia, cultura e entretenimento. \u00c9 nesse contexto que o Abbraccioapresenta sua nova campanha, Jornada pela It\u00e1lia, que convida os clientes a embarcar em um roteiro gastron\u00f4mico por tr\u00eas regi\u00f5es do pa\u00eds, permitindo que cada pessoa crie sua pr\u00f3pria combina\u00e7\u00e3o de sabores e descobertas.<\/p>\n<p>At\u00e9 o dia 8 de novembro, os clientes poder\u00e3o escolher entre tr\u00eas diferentes jornadas gastron\u00f4micas inspiradas nas cidades de Roma, Napoli e na regi\u00e3o da Toscana. Cada op\u00e7\u00e3o re\u00fane pratos e sabores que representam a identidade de seu destino, permitindo que o cliente conhe\u00e7a diferentes refer\u00eancias da gastronomia italiana a cada visita.<\/p>\n<p>Por R$ 169,90, o menu pensado para ser compartilhado a dois, inclui duas entradas individuais, dois pratos principais e duas bebidas n\u00e3o alco\u00f3licas, sempre de acordo com as jornadas escolhidas. O cliente ainda pode escolher uma jornada diferente da pessoa que o acompanha, permitindo que os dois explorem sabores distintos na mesma mesa.<\/p>\n<p>Entre os itens de cada jornada est\u00e3o: Roma, com Carbonara Bites e Carbonara di Roma; a Napoli, que traz Croccantini di Mozzarella e uma pizza m\u00e9dia \u00e0 escolha; e a Toscana, composta por Mini Burger di Polpettone e Filetto di Maiale com Prosciutto. Para acompanhar, \u00e9 poss\u00edvel escolher entre as sodas italianas, refrigerante refil ou Iced Tea refil. Quem quiser complementar a experi\u00eancia pode fazer um upgrade de R$ 30 e substituir as bebidas por duas ta\u00e7as de vinho Abbraccio.<\/p>\n<p>\u201cHoje, as pessoas buscam cada vez mais experi\u00eancias que tragam novidade e quebrem a rotina. Para o mercado de alimenta\u00e7\u00e3o fora do lar, isso significa ir al\u00e9m de oferecer bons pratos e criar momentos que despertem outros sentidos e aproximem o consumidor daquilo que est\u00e1 sendo contado. \u00c9 essa combina\u00e7\u00e3o de gastronomia, experi\u00eancia e descoberta que buscamos trazer com a Jornada pela It\u00e1lia\u201d, afirma Claudia Vilhena, VP de Marketing, Vendas e Growth da Bold Hospitality Company, grupo detentor do Abbraccio, Outback Steakhouse e Aussie no Brasil.<\/p>\n<p>No delivery, a Jornada pela It\u00e1lia ganha uma vers\u00e3o exclusiva para compartilhar em casa. Por R$ 149,90, o combo re\u00fane entrada e prato principal de duas Jornadas, \u00e0 escolha entre as op\u00e7\u00f5es Roma ou Toscana. A Jornada Napoli, por sua vez, estar\u00e1 dispon\u00edvel exclusivamente nos restaurantes.<\/p>\n<p><strong>Servi\u00e7o:<\/strong><br \/>\nJornada pela It\u00e1lia \u2013 Abbraccio<br \/>\nPer\u00edodo: 31 de agosto a 08 de novembro<br \/>\nSal\u00e3o<br \/>\n\u2022 2 Jornadas + 2 bebidas n\u00e3o alco\u00f3licas \u2013 R$ 169,90<br \/>\n\u2022 2 Jornadas + 2 ta\u00e7as de vinho Abbraccio \u2013 R$ 199,90<\/p>\n<p><strong>Conhe\u00e7a melhor o menu<\/strong><br \/>\n\u2022 Carbonara Bites: bolinhos de risotto feitos com arroz arb\u00f3reo e pancetta. S\u00e3o crocantes por fora e macios por dentro, acompanhados por um saboroso molho carbonara.<\/p>\n<p>\u2022 Carbonara di Roma: spaghetti servido com um cremoso molho de parmes\u00e3o Faixa Azul, pancetta e gema de ovo<\/p>\n<p>\u2022 Croccantini di Mozzarella: tiras crocantes de queijo mozzarella empanadas na farinha especial do Abbraccio. S\u00e3o douradas por fora e derretem por dentro, acompanhadas pelo cl\u00e1ssico molho marinara.<\/p>\n<p>\u2022 Pizzas: pizzas de massa artesanal, de seis peda\u00e7os, nos sabores: Carbonara, Pesto e Prosciutto, Lingui\u00e7a Italiana e Pepperoni e Margherita.<\/p>\n<p>\u2022 Mini Burger di Polpettone: mini-hamb\u00farguer de polpetone recheado de mozzarella, molho caesar, molho marinara e folhas de baby r\u00facula fresca.<\/p>\n<p>\u2022 Filetto di Maiale: medalh\u00f5es de filet mignon su\u00edno grelhados, envoltos em prosciutto e finalizados com molho mostarda da casa.<\/p>\n","protected":false},"excerpt":{"rendered":"<p>A tend\u00eancia de aproveitar experi\u00eancias e momentos de lazer sem necessariamente precisar sair da cidade, conhecida como staycation, abre espa\u00e7o no setor de restaurantes para viv\u00eancias que unem gastronomia, cultura e entretenimento. \u00c9 nesse contexto que o Abbraccioapresenta sua nova campanha, Jornada pela It\u00e1lia, que convida os clientes a embarcar em um roteiro gastron\u00f4mico por [&hellip;]<\/p>\n","protected":false},"author":2,"featured_media":409109,"comment_status":"closed","ping_status":"closed","sticky":false,"template":"","format":"standard","meta":{"_acf_changed":false,"footnotes":""},"categories":[155],"tags":[],"tmauthors":[307],"class_list":["post-409108","post","type-post","status-publish","format-standard","has-post-thumbnail","category-leitura-vip"],"acf":[],"yoast_head":"<!-- This site is optimized with the Yoast SEO plugin v28.0 - https:\/\/yoast.com\/product\/yoast-seo-wordpress\/ -->\n<title>Jornada gastron\u00f4mica pelos pratos italianos - Notibras<\/title>\n<meta name=\"robots\" content=\"index, follow, max-snippet:-1, max-image-preview:large, max-video-preview:-1\" \/>\n<link rel=\"canonical\" href=\"https:\/\/www.notibras.com\/site\/jornada-gastronomica-pelos-pratos-italianos\/\" \/>\n<meta property=\"og:locale\" content=\"pt_BR\" \/>\n<meta property=\"og:type\" content=\"article\" \/>\n<meta property=\"og:title\" content=\"Jornada gastron\u00f4mica pelos pratos italianos - Notibras\" \/>\n<meta property=\"og:description\" content=\"A tend\u00eancia de aproveitar experi\u00eancias e momentos de lazer sem necessariamente precisar sair da cidade, conhecida como staycation, abre espa\u00e7o no setor de restaurantes para viv\u00eancias que unem gastronomia, cultura e entretenimento. \u00c9 nesse contexto que o Abbraccioapresenta sua nova campanha, Jornada pela It\u00e1lia, que convida os clientes a embarcar em um roteiro gastron\u00f4mico por [&hellip;]\" \/>\n<meta property=\"og:url\" content=\"https:\/\/www.notibras.com\/site\/jornada-gastronomica-pelos-pratos-italianos\/\" \/>\n<meta property=\"og:site_name\" content=\"Notibras\" \/>\n<meta property=\"article:publisher\" content=\"https:\/\/www.facebook.com\/notibras\/\" \/>\n<meta property=\"article:published_time\" content=\"2026-09-03T15:24:41+00:00\" \/>\n<meta property=\"og:image\" content=\"https:\/\/www.notibras.com\/site\/wp-content\/uploads\/2026\/09\/comidaitaiana-1024x652.png\" \/>\n\t<meta property=\"og:image:width\" content=\"1024\" \/>\n\t<meta property=\"og:image:height\" content=\"652\" \/>\n\t<meta property=\"og:image:type\" content=\"image\/png\" \/>\n<meta name=\"author\" content=\"Reda\u00e7\u00e3o\" \/>\n<meta name=\"twitter:card\" content=\"summary_large_image\" \/>\n<meta name=\"twitter:creator\" content=\"@Notibras\" \/>\n<meta name=\"twitter:site\" content=\"@Notibras\" \/>\n<meta name=\"twitter:label1\" content=\"Escrito por\" \/>\n\t<meta name=\"twitter:data1\" content=\"Reda\u00e7\u00e3o\" \/>\n\t<meta name=\"twitter:label2\" content=\"Est. tempo de leitura\" \/>\n\t<meta name=\"twitter:data2\" content=\"4 minutos\" \/>\n<script type=\"application\/ld+json\" class=\"yoast-schema-graph\">{\"@context\":\"https:\\\/\\\/schema.org\",\"@graph\":[{\"@type\":\"Article\",\"@id\":\"https:\\\/\\\/www.notibras.com\\\/site\\\/jornada-gastronomica-pelos-pratos-italianos\\\/#article\",\"isPartOf\":{\"@id\":\"https:\\\/\\\/www.notibras.com\\\/site\\\/jornada-gastronomica-pelos-pratos-italianos\\\/\"},\"author\":{\"name\":\"Reda\u00e7\u00e3o\",\"@id\":\"https:\\\/\\\/www.notibras.com\\\/site\\\/#\\\/schema\\\/person\\\/36ab0979449956132d3e5b517ea76ac8\"},\"headline\":\"Jornada gastron\u00f4mica pelos pratos italianos\",\"datePublished\":\"2026-09-03T15:24:41+00:00\",\"mainEntityOfPage\":{\"@id\":\"https:\\\/\\\/www.notibras.com\\\/site\\\/jornada-gastronomica-pelos-pratos-italianos\\\/\"},\"wordCount\":597,\"publisher\":{\"@id\":\"https:\\\/\\\/www.notibras.com\\\/site\\\/#organization\"},\"image\":{\"@id\":\"https:\\\/\\\/www.notibras.com\\\/site\\\/jornada-gastronomica-pelos-pratos-italianos\\\/#primaryimage\"},\"thumbnailUrl\":\"https:\\\/\\\/www.notibras.com\\\/site\\\/wp-content\\\/uploads\\\/2026\\\/09\\\/comidaitaiana.png\",\"articleSection\":[\"Leitura Vip\"],\"inLanguage\":\"pt-BR\"},{\"@type\":\"WebPage\",\"@id\":\"https:\\\/\\\/www.notibras.com\\\/site\\\/jornada-gastronomica-pelos-pratos-italianos\\\/\",\"url\":\"https:\\\/\\\/www.notibras.com\\\/site\\\/jornada-gastronomica-pelos-pratos-italianos\\\/\",\"name\":\"Jornada gastron\u00f4mica pelos pratos italianos - Notibras\",\"isPartOf\":{\"@id\":\"https:\\\/\\\/www.notibras.com\\\/site\\\/#website\"},\"primaryImageOfPage\":{\"@id\":\"https:\\\/\\\/www.notibras.com\\\/site\\\/jornada-gastronomica-pelos-pratos-italianos\\\/#primaryimage\"},\"image\":{\"@id\":\"https:\\\/\\\/www.notibras.com\\\/site\\\/jornada-gastronomica-pelos-pratos-italianos\\\/#primaryimage\"},\"thumbnailUrl\":\"https:\\\/\\\/www.notibras.com\\\/site\\\/wp-content\\\/uploads\\\/2026\\\/09\\\/comidaitaiana.png\",\"datePublished\":\"2026-09-03T15:24:41+00:00\",\"breadcrumb\":{\"@id\":\"https:\\\/\\\/www.notibras.com\\\/site\\\/jornada-gastronomica-pelos-pratos-italianos\\\/#breadcrumb\"},\"inLanguage\":\"pt-BR\",\"potentialAction\":[{\"@type\":\"ReadAction\",\"target\":[\"https:\\\/\\\/www.notibras.com\\\/site\\\/jornada-gastronomica-pelos-pratos-italianos\\\/\"]}]},{\"@type\":\"ImageObject\",\"inLanguage\":\"pt-BR\",\"@id\":\"https:\\\/\\\/www.notibras.com\\\/site\\\/jornada-gastronomica-pelos-pratos-italianos\\\/#primaryimage\",\"url\":\"https:\\\/\\\/www.notibras.com\\\/site\\\/wp-content\\\/uploads\\\/2026\\\/09\\\/comidaitaiana.png\",\"contentUrl\":\"https:\\\/\\\/www.notibras.com\\\/site\\\/wp-content\\\/uploads\\\/2026\\\/09\\\/comidaitaiana.png\",\"width\":1811,\"height\":1153},{\"@type\":\"BreadcrumbList\",\"@id\":\"https:\\\/\\\/www.notibras.com\\\/site\\\/jornada-gastronomica-pelos-pratos-italianos\\\/#breadcrumb\",\"itemListElement\":[{\"@type\":\"ListItem\",\"position\":1,\"name\":\"In\u00edcio\",\"item\":\"https:\\\/\\\/www.notibras.com\\\/site\\\/\"},{\"@type\":\"ListItem\",\"position\":2,\"name\":\"Jornada gastron\u00f4mica pelos pratos italianos\"}]},{\"@type\":\"WebSite\",\"@id\":\"https:\\\/\\\/www.notibras.com\\\/site\\\/#website\",\"url\":\"https:\\\/\\\/www.notibras.com\\\/site\\\/\",\"name\":\"Notibras\",\"description\":\"Not\u00edcias de Bras\u00edlia, do Brasil e do Mundo\",\"publisher\":{\"@id\":\"https:\\\/\\\/www.notibras.com\\\/site\\\/#organization\"},\"potentialAction\":[{\"@type\":\"SearchAction\",\"target\":{\"@type\":\"EntryPoint\",\"urlTemplate\":\"https:\\\/\\\/www.notibras.com\\\/site\\\/?s={search_term_string}\"},\"query-input\":{\"@type\":\"PropertyValueSpecification\",\"valueRequired\":true,\"valueName\":\"search_term_string\"}}],\"inLanguage\":\"pt-BR\"},{\"@type\":\"Organization\",\"@id\":\"https:\\\/\\\/www.notibras.com\\\/site\\\/#organization\",\"name\":\"Grupo Notibras de Comunica\u00e7\u00e3o\",\"url\":\"https:\\\/\\\/www.notibras.com\\\/site\\\/\",\"logo\":{\"@type\":\"ImageObject\",\"inLanguage\":\"pt-BR\",\"@id\":\"https:\\\/\\\/www.notibras.com\\\/site\\\/#\\\/schema\\\/logo\\\/image\\\/\",\"url\":\"https:\\\/\\\/www.notibras.com\\\/site\\\/wp-content\\\/uploads\\\/2023\\\/01\\\/notibras23.png\",\"contentUrl\":\"https:\\\/\\\/www.notibras.com\\\/site\\\/wp-content\\\/uploads\\\/2023\\\/01\\\/notibras23.png\",\"width\":350,\"height\":87,\"caption\":\"Grupo Notibras de Comunica\u00e7\u00e3o\"},\"image\":{\"@id\":\"https:\\\/\\\/www.notibras.com\\\/site\\\/#\\\/schema\\\/logo\\\/image\\\/\"},\"sameAs\":[\"https:\\\/\\\/www.facebook.com\\\/notibras\\\/\",\"https:\\\/\\\/x.com\\\/Notibras\",\"https:\\\/\\\/www.instagram.com\\\/notibras\\\/\"]},{\"@type\":\"Person\",\"@id\":\"https:\\\/\\\/www.notibras.com\\\/site\\\/#\\\/schema\\\/person\\\/36ab0979449956132d3e5b517ea76ac8\",\"name\":\"Reda\u00e7\u00e3o\",\"image\":{\"@type\":\"ImageObject\",\"inLanguage\":\"pt-BR\",\"@id\":\"https:\\\/\\\/secure.gravatar.com\\\/avatar\\\/e0a867bdedb85fd243eadf09663511f96fc81e0720a4a42581f334ad4303aa6b?s=96&d=mm&r=g\",\"url\":\"https:\\\/\\\/secure.gravatar.com\\\/avatar\\\/e0a867bdedb85fd243eadf09663511f96fc81e0720a4a42581f334ad4303aa6b?s=96&d=mm&r=g\",\"contentUrl\":\"https:\\\/\\\/secure.gravatar.com\\\/avatar\\\/e0a867bdedb85fd243eadf09663511f96fc81e0720a4a42581f334ad4303aa6b?s=96&d=mm&r=g\",\"caption\":\"Reda\u00e7\u00e3o\"}}]}<\/script>\n<!-- \/ Yoast SEO plugin. -->","yoast_head_json":{"title":"Jornada gastron\u00f4mica pelos pratos italianos - Notibras","robots":{"index":"index","follow":"follow","max-snippet":"max-snippet:-1","max-image-preview":"max-image-preview:large","max-video-preview":"max-video-preview:-1"},"canonical":"https:\/\/www.notibras.com\/site\/jornada-gastronomica-pelos-pratos-italianos\/","og_locale":"pt_BR","og_type":"article","og_title":"Jornada gastron\u00f4mica pelos pratos italianos - Notibras","og_description":"A tend\u00eancia de aproveitar experi\u00eancias e momentos de lazer sem necessariamente precisar sair da cidade, conhecida como staycation, abre espa\u00e7o no setor de restaurantes para viv\u00eancias que unem gastronomia, cultura e entretenimento. \u00c9 nesse contexto que o Abbraccioapresenta sua nova campanha, Jornada pela It\u00e1lia, que convida os clientes a embarcar em um roteiro gastron\u00f4mico por [&hellip;]","og_url":"https:\/\/www.notibras.com\/site\/jornada-gastronomica-pelos-pratos-italianos\/","og_site_name":"Notibras","article_publisher":"https:\/\/www.facebook.com\/notibras\/","article_published_time":"2026-09-03T15:24:41+00:00","og_image":[{"width":1024,"height":652,"url":"https:\/\/www.notibras.com\/site\/wp-content\/uploads\/2026\/09\/comidaitaiana-1024x652.png","type":"image\/png"}],"author":"Reda\u00e7\u00e3o","twitter_card":"summary_large_image","twitter_creator":"@Notibras","twitter_site":"@Notibras","twitter_misc":{"Escrito por":"Reda\u00e7\u00e3o","Est. tempo de leitura":"4 minutos"},"schema":{"@context":"https:\/\/schema.org","@graph":[{"@type":"Article","@id":"https:\/\/www.notibras.com\/site\/jornada-gastronomica-pelos-pratos-italianos\/#article","isPartOf":{"@id":"https:\/\/www.notibras.com\/site\/jornada-gastronomica-pelos-pratos-italianos\/"},"author":{"name":"Reda\u00e7\u00e3o","@id":"https:\/\/www.notibras.com\/site\/#\/schema\/person\/36ab0979449956132d3e5b517ea76ac8"},"headline":"Jornada gastron\u00f4mica pelos pratos italianos","datePublished":"2026-09-03T15:24:41+00:00","mainEntityOfPage":{"@id":"https:\/\/www.notibras.com\/site\/jornada-gastronomica-pelos-pratos-italianos\/"},"wordCount":597,"publisher":{"@id":"https:\/\/www.notibras.com\/site\/#organization"},"image":{"@id":"https:\/\/www.notibras.com\/site\/jornada-gastronomica-pelos-pratos-italianos\/#primaryimage"},"thumbnailUrl":"https:\/\/www.notibras.com\/site\/wp-content\/uploads\/2026\/09\/comidaitaiana.png","articleSection":["Leitura Vip"],"inLanguage":"pt-BR"},{"@type":"WebPage","@id":"https:\/\/www.notibras.com\/site\/jornada-gastronomica-pelos-pratos-italianos\/","url":"https:\/\/www.notibras.com\/site\/jornada-gastronomica-pelos-pratos-italianos\/","name":"Jornada gastron\u00f4mica pelos pratos italianos - Notibras","isPartOf":{"@id":"https:\/\/www.notibras.com\/site\/#website"},"primaryImageOfPage":{"@id":"https:\/\/www.notibras.com\/site\/jornada-gastronomica-pelos-pratos-italianos\/#primaryimage"},"image":{"@id":"https:\/\/www.notibras.com\/site\/jornada-gastronomica-pelos-pratos-italianos\/#primaryimage"},"thumbnailUrl":"https:\/\/www.notibras.com\/site\/wp-content\/uploads\/2026\/09\/comidaitaiana.png","datePublished":"2026-09-03T15:24:41+00:00","breadcrumb":{"@id":"https:\/\/www.notibras.com\/site\/jornada-gastronomica-pelos-pratos-italianos\/#breadcrumb"},"inLanguage":"pt-BR","potentialAction":[{"@type":"ReadAction","target":["https:\/\/www.notibras.com\/site\/jornada-gastronomica-pelos-pratos-italianos\/"]}]},{"@type":"ImageObject","inLanguage":"pt-BR","@id":"https:\/\/www.notibras.com\/site\/jornada-gastronomica-pelos-pratos-italianos\/#primaryimage","url":"https:\/\/www.notibras.com\/site\/wp-content\/uploads\/2026\/09\/comidaitaiana.png","contentUrl":"https:\/\/www.notibras.com\/site\/wp-content\/uploads\/2026\/09\/comidaitaiana.png","width":1811,"height":1153},{"@type":"BreadcrumbList","@id":"https:\/\/www.notibras.com\/site\/jornada-gastronomica-pelos-pratos-italianos\/#breadcrumb","itemListElement":[{"@type":"ListItem","position":1,"name":"In\u00edcio","item":"https:\/\/www.notibras.com\/site\/"},{"@type":"ListItem","position":2,"name":"Jornada gastron\u00f4mica pelos pratos italianos"}]},{"@type":"WebSite","@id":"https:\/\/www.notibras.com\/site\/#website","url":"https:\/\/www.notibras.com\/site\/","name":"Notibras","description":"Not\u00edcias de Bras\u00edlia, do Brasil e do Mundo","publisher":{"@id":"https:\/\/www.notibras.com\/site\/#organization"},"potentialAction":[{"@type":"SearchAction","target":{"@type":"EntryPoint","urlTemplate":"https:\/\/www.notibras.com\/site\/?s={search_term_string}"},"query-input":{"@type":"PropertyValueSpecification","valueRequired":true,"valueName":"search_term_string"}}],"inLanguage":"pt-BR"},{"@type":"Organization","@id":"https:\/\/www.notibras.com\/site\/#organization","name":"Grupo Notibras de Comunica\u00e7\u00e3o","url":"https:\/\/www.notibras.com\/site\/","logo":{"@type":"ImageObject","inLanguage":"pt-BR","@id":"https:\/\/www.notibras.com\/site\/#\/schema\/logo\/image\/","url":"https:\/\/www.notibras.com\/site\/wp-content\/uploads\/2023\/01\/notibras23.png","contentUrl":"https:\/\/www.notibras.com\/site\/wp-content\/uploads\/2023\/01\/notibras23.png","width":350,"height":87,"caption":"Grupo Notibras de Comunica\u00e7\u00e3o"},"image":{"@id":"https:\/\/www.notibras.com\/site\/#\/schema\/logo\/image\/"},"sameAs":["https:\/\/www.facebook.com\/notibras\/","https:\/\/x.com\/Notibras","https:\/\/www.instagram.com\/notibras\/"]},{"@type":"Person","@id":"https:\/\/www.notibras.com\/site\/#\/schema\/person\/36ab0979449956132d3e5b517ea76ac8","name":"Reda\u00e7\u00e3o","image":{"@type":"ImageObject","inLanguage":"pt-BR","@id":"https:\/\/secure.gravatar.com\/avatar\/e0a867bdedb85fd243eadf09663511f96fc81e0720a4a42581f334ad4303aa6b?s=96&d=mm&r=g","url":"https:\/\/secure.gravatar.com\/avatar\/e0a867bdedb85fd243eadf09663511f96fc81e0720a4a42581f334ad4303aa6b?s=96&d=mm&r=g","contentUrl":"https:\/\/secure.gravatar.com\/avatar\/e0a867bdedb85fd243eadf09663511f96fc81e0720a4a42581f334ad4303aa6b?s=96&d=mm&r=g","caption":"Reda\u00e7\u00e3o"}}]}},"_links":{"self":[{"href":"https:\/\/www.notibras.com\/site\/wp-json\/wp\/v2\/posts\/409108","targetHints":{"allow":["GET"]}}],"collection":[{"href":"https:\/\/www.notibras.com\/site\/wp-json\/wp\/v2\/posts"}],"about":[{"href":"https:\/\/www.notibras.com\/site\/wp-json\/wp\/v2\/types\/post"}],"author":[{"embeddable":true,"href":"https:\/\/www.notibras.com\/site\/wp-json\/wp\/v2\/users\/2"}],"replies":[{"embeddable":true,"href":"https:\/\/www.notibras.com\/site\/wp-json\/wp\/v2\/comments?post=409108"}],"version-history":[{"count":1,"href":"https:\/\/www.notibras.com\/site\/wp-json\/wp\/v2\/posts\/409108\/revisions"}],"predecessor-version":[{"id":409110,"href":"https:\/\/www.notibras.com\/site\/wp-json\/wp\/v2\/posts\/409108\/revisions\/409110"}],"wp:featuredmedia":[{"embeddable":true,"href":"https:\/\/www.notibras.com\/site\/wp-json\/wp\/v2\/media\/409109"}],"wp:attachment":[{"href":"https:\/\/www.notibras.com\/site\/wp-json\/wp\/v2\/media?parent=409108"}],"wp:term":[{"taxonomy":"category","embeddable":true,"href":"https:\/\/www.notibras.com\/site\/wp-json\/wp\/v2\/categories?post=409108"},{"taxonomy":"post_tag","embeddable":true,"href":"https:\/\/www.notibras.com\/site\/wp-json\/wp\/v2\/tags?post=409108"},{"taxonomy":"tmauthors","embeddable":true,"href":"https:\/\/www.notibras.com\/site\/wp-json\/wp\/v2\/tmauthors?post=409108"}],"curies":[{"name":"wp","href":"https:\/\/api.w.org\/{rel}","templated":true}]}}