{"id":409111,"date":"2026-09-04T00:15:21","date_gmt":"2026-09-04T03:15:21","guid":{"rendered":"https:\/\/www.notibras.com\/site\/?p=409111"},"modified":"2026-09-03T12:47:19","modified_gmt":"2026-09-03T15:47:19","slug":"hermetica-ou-transparente","status":"publish","type":"post","link":"https:\/\/www.notibras.com\/site\/hermetica-ou-transparente\/","title":{"rendered":"Herm\u00e9tica ou transparente?"},"content":{"rendered":"<p>Na cr\u00f4nica de Clarice Lispector, o eco de um desabafo que resume dilemas da cria\u00e7\u00e3o e da recep\u00e7\u00e3o das obras de arte, dos textos, das m\u00fasicas, dos filmes. A ess\u00eancia oculta al\u00e9m do nosso olhar.<\/p>\n<p>E mesmo as cenas aparentemente cotidianas \u2013 quase invis\u00edveis -, como uma crian\u00e7a come\u00e7ando a andar, pegando uma varinha do ch\u00e3o e seguindo\/imitando o av\u00f4 que segue passos lentos com sua bengala numa tarde no Parque: a dificuldade que o mundo adulto tem de enxergar o \u00f3bvio e o sens\u00edvel vai muito al\u00e9m da IA e dos algoritmos.<\/p>\n<p>*Veja no link<\/p>\n<p><a href=\"https:\/\/www.instagram.com\/reel\/Dcd-IZHyop4\/?igsi=bG5pdXM0Y3pzcjZ5\">https:\/\/www.instagram.com\/reel\/Dcd-IZHyop4\/?igsi=bG5pdXM0Y3pzcjZ5<\/a><\/p>\n<p>A raz\u00e3o mec\u00e2nica-tecnicista de n\u00f3s, adultos, em rela\u00e7\u00e3o ao outro extremo, ou seja, o &#8220;olhar descomplicado&#8221; das crian\u00e7as diante das mesmas coisas e mesmo mundo chega a ser absurda.<\/p>\n<p>O Pequeno Pr\u00edncipe e Clarice conversam na mesma frequ\u00eancia \u2014 aquela que entende que a verdadeira sabedoria reside em manter viva a simplicidade e a imagina\u00e7\u00e3o da inf\u00e2ncia.<\/p>\n<p><img loading=\"lazy\" loading=\"lazy\" decoding=\"async\" class=\" wp-image-409113 aligncenter\" src=\"https:\/\/www.notibras.com\/site\/wp-content\/uploads\/2026\/09\/image-10-300x199.png\" alt=\"\" width=\"530\" height=\"352\" srcset=\"https:\/\/www.notibras.com\/site\/wp-content\/uploads\/2026\/09\/image-10-300x199.png 300w, https:\/\/www.notibras.com\/site\/wp-content\/uploads\/2026\/09\/image-10-768x510.png 768w, https:\/\/www.notibras.com\/site\/wp-content\/uploads\/2026\/09\/image-10.png 960w\" sizes=\"auto, (max-width: 530px) 100vw, 530px\" \/><\/p>\n<p>HERM\u00c9TICA?<\/p>\n<p>Escreve, Clarice:<\/p>\n<p>&#8220;Ganhei o trof\u00e9u da crian\u00e7a 1967, com meu livro infantil O mist\u00e9rio do coelho pensante.<\/p>\n<p>Fiquei contente, \u00e9 claro. Mas muito mais contente ainda ao me ocorrer que me chamam de escritora herm\u00e9tica.<\/p>\n<p>Como \u00e9?<\/p>\n<p>Quando escrevo para crian\u00e7as, sou compreendida, mas quando escrevo para adultos fico dif\u00edcil?<\/p>\n<p>Deveria eu escrever para os adultos com as palavras e os sentimentos adequados a uma crian\u00e7a?<\/p>\n<p>N\u00e3o posso falar de igual para igual?<\/p>\n<p>Mas, oh Deus, como tudo isso tem pouca import\u00e2ncia.&#8221;<\/p>\n<p>*(Clarisse Lispector, &#8220;Todas as Cr\u00f4nicas&#8221;, p. 80)<\/p>\n<p>Perambulamos cegos de &#8220;olhos&#8221; e petrificados de sentimentos e almas.<\/p>\n<p>\u00c9 preciso recuperarmos urgentemente aquele &#8220;olhar transparente&#8221; que perdemos l\u00e1 na long\u00ednqua inf\u00e2ncia. N\u00e3o h\u00e1 Intelig\u00eancia Artificial capaz de solucionar tamanho abismo entre olhar, sentir e refletir.<\/p>\n<p>Como termina o Shakespeare, em Hamlet:<\/p>\n<p>&#8220;O resto \u00e9 sil\u00eancio&#8221;.<\/p>\n<p>&#8230;&#8230;&#8230;&#8230;&#8230;&#8230;&#8230;&#8230;&#8230;.<\/p>\n<p><strong>Gilberto Motta \u00e9 escritor, jornalista e pesquisador. Vive na Guarda do Emba\u00fa, vilarejo de pescadores e turistas com &#8220;olhares perdidos&#8221;, no litoral Sul de SC.<\/strong><\/p>\n","protected":false},"excerpt":{"rendered":"<p>Na cr\u00f4nica de Clarice Lispector, o eco de um desabafo que resume dilemas da cria\u00e7\u00e3o e da recep\u00e7\u00e3o das obras de arte, dos textos, das m\u00fasicas, dos filmes. A ess\u00eancia oculta al\u00e9m do nosso olhar. E mesmo as cenas aparentemente cotidianas \u2013 quase invis\u00edveis -, como uma crian\u00e7a come\u00e7ando a andar, pegando uma varinha do [&hellip;]<\/p>\n","protected":false},"author":21,"featured_media":409112,"comment_status":"closed","ping_status":"closed","sticky":false,"template":"","format":"standard","meta":{"_acf_changed":false,"footnotes":""},"categories":[234],"tags":[],"tmauthors":[306],"class_list":["post-409111","post","type-post","status-publish","format-standard","has-post-thumbnail","category-cafe-literario"],"acf":[],"yoast_head":"<!-- This site is optimized with the Yoast SEO plugin v28.0 - https:\/\/yoast.com\/product\/yoast-seo-wordpress\/ -->\n<title>Herm\u00e9tica ou transparente? - Notibras<\/title>\n<meta name=\"robots\" content=\"index, follow, max-snippet:-1, max-image-preview:large, max-video-preview:-1\" \/>\n<link rel=\"canonical\" href=\"https:\/\/www.notibras.com\/site\/hermetica-ou-transparente\/\" \/>\n<meta property=\"og:locale\" content=\"pt_BR\" \/>\n<meta property=\"og:type\" content=\"article\" \/>\n<meta property=\"og:title\" content=\"Herm\u00e9tica ou transparente? - Notibras\" \/>\n<meta property=\"og:description\" content=\"Na cr\u00f4nica de Clarice Lispector, o eco de um desabafo que resume dilemas da cria\u00e7\u00e3o e da recep\u00e7\u00e3o das obras de arte, dos textos, das m\u00fasicas, dos filmes. A ess\u00eancia oculta al\u00e9m do nosso olhar. E mesmo as cenas aparentemente cotidianas \u2013 quase invis\u00edveis -, como uma crian\u00e7a come\u00e7ando a andar, pegando uma varinha do [&hellip;]\" \/>\n<meta property=\"og:url\" content=\"https:\/\/www.notibras.com\/site\/hermetica-ou-transparente\/\" \/>\n<meta property=\"og:site_name\" content=\"Notibras\" \/>\n<meta property=\"article:publisher\" content=\"https:\/\/www.facebook.com\/notibras\/\" \/>\n<meta property=\"article:published_time\" content=\"2026-09-04T03:15:21+00:00\" \/>\n<meta property=\"og:image\" content=\"https:\/\/www.notibras.com\/site\/wp-content\/uploads\/2026\/09\/image-9.png\" \/>\n\t<meta property=\"og:image:width\" content=\"720\" \/>\n\t<meta property=\"og:image:height\" content=\"794\" \/>\n\t<meta property=\"og:image:type\" content=\"image\/png\" \/>\n<meta name=\"author\" content=\"Eduardo Mart\u00ednez\" \/>\n<meta name=\"twitter:card\" content=\"summary_large_image\" \/>\n<meta name=\"twitter:creator\" content=\"@Notibras\" \/>\n<meta name=\"twitter:site\" content=\"@Notibras\" \/>\n<meta name=\"twitter:label1\" content=\"Escrito por\" \/>\n\t<meta name=\"twitter:data1\" content=\"Eduardo Mart\u00ednez\" \/>\n\t<meta name=\"twitter:label2\" content=\"Est. tempo de leitura\" \/>\n\t<meta name=\"twitter:data2\" content=\"3 minutos\" \/>\n<script type=\"application\/ld+json\" class=\"yoast-schema-graph\">{\"@context\":\"https:\\\/\\\/schema.org\",\"@graph\":[{\"@type\":\"Article\",\"@id\":\"https:\\\/\\\/www.notibras.com\\\/site\\\/hermetica-ou-transparente\\\/#article\",\"isPartOf\":{\"@id\":\"https:\\\/\\\/www.notibras.com\\\/site\\\/hermetica-ou-transparente\\\/\"},\"author\":{\"name\":\"Eduardo Mart\u00ednez\",\"@id\":\"https:\\\/\\\/www.notibras.com\\\/site\\\/#\\\/schema\\\/person\\\/5b7fabf2aedc3ada2105f03b22b4d3dd\"},\"headline\":\"Herm\u00e9tica ou transparente?\",\"datePublished\":\"2026-09-04T03:15:21+00:00\",\"mainEntityOfPage\":{\"@id\":\"https:\\\/\\\/www.notibras.com\\\/site\\\/hermetica-ou-transparente\\\/\"},\"wordCount\":359,\"publisher\":{\"@id\":\"https:\\\/\\\/www.notibras.com\\\/site\\\/#organization\"},\"image\":{\"@id\":\"https:\\\/\\\/www.notibras.com\\\/site\\\/hermetica-ou-transparente\\\/#primaryimage\"},\"thumbnailUrl\":\"https:\\\/\\\/www.notibras.com\\\/site\\\/wp-content\\\/uploads\\\/2026\\\/09\\\/image-9.png\",\"articleSection\":[\"Caf\u00e9 Liter\u00e1rio\"],\"inLanguage\":\"pt-BR\"},{\"@type\":\"WebPage\",\"@id\":\"https:\\\/\\\/www.notibras.com\\\/site\\\/hermetica-ou-transparente\\\/\",\"url\":\"https:\\\/\\\/www.notibras.com\\\/site\\\/hermetica-ou-transparente\\\/\",\"name\":\"Herm\u00e9tica ou transparente? - Notibras\",\"isPartOf\":{\"@id\":\"https:\\\/\\\/www.notibras.com\\\/site\\\/#website\"},\"primaryImageOfPage\":{\"@id\":\"https:\\\/\\\/www.notibras.com\\\/site\\\/hermetica-ou-transparente\\\/#primaryimage\"},\"image\":{\"@id\":\"https:\\\/\\\/www.notibras.com\\\/site\\\/hermetica-ou-transparente\\\/#primaryimage\"},\"thumbnailUrl\":\"https:\\\/\\\/www.notibras.com\\\/site\\\/wp-content\\\/uploads\\\/2026\\\/09\\\/image-9.png\",\"datePublished\":\"2026-09-04T03:15:21+00:00\",\"breadcrumb\":{\"@id\":\"https:\\\/\\\/www.notibras.com\\\/site\\\/hermetica-ou-transparente\\\/#breadcrumb\"},\"inLanguage\":\"pt-BR\",\"potentialAction\":[{\"@type\":\"ReadAction\",\"target\":[\"https:\\\/\\\/www.notibras.com\\\/site\\\/hermetica-ou-transparente\\\/\"]}]},{\"@type\":\"ImageObject\",\"inLanguage\":\"pt-BR\",\"@id\":\"https:\\\/\\\/www.notibras.com\\\/site\\\/hermetica-ou-transparente\\\/#primaryimage\",\"url\":\"https:\\\/\\\/www.notibras.com\\\/site\\\/wp-content\\\/uploads\\\/2026\\\/09\\\/image-9.png\",\"contentUrl\":\"https:\\\/\\\/www.notibras.com\\\/site\\\/wp-content\\\/uploads\\\/2026\\\/09\\\/image-9.png\",\"width\":720,\"height\":794},{\"@type\":\"BreadcrumbList\",\"@id\":\"https:\\\/\\\/www.notibras.com\\\/site\\\/hermetica-ou-transparente\\\/#breadcrumb\",\"itemListElement\":[{\"@type\":\"ListItem\",\"position\":1,\"name\":\"In\u00edcio\",\"item\":\"https:\\\/\\\/www.notibras.com\\\/site\\\/\"},{\"@type\":\"ListItem\",\"position\":2,\"name\":\"Herm\u00e9tica ou transparente?\"}]},{\"@type\":\"WebSite\",\"@id\":\"https:\\\/\\\/www.notibras.com\\\/site\\\/#website\",\"url\":\"https:\\\/\\\/www.notibras.com\\\/site\\\/\",\"name\":\"Notibras\",\"description\":\"Not\u00edcias de Bras\u00edlia, do Brasil e do Mundo\",\"publisher\":{\"@id\":\"https:\\\/\\\/www.notibras.com\\\/site\\\/#organization\"},\"potentialAction\":[{\"@type\":\"SearchAction\",\"target\":{\"@type\":\"EntryPoint\",\"urlTemplate\":\"https:\\\/\\\/www.notibras.com\\\/site\\\/?s={search_term_string}\"},\"query-input\":{\"@type\":\"PropertyValueSpecification\",\"valueRequired\":true,\"valueName\":\"search_term_string\"}}],\"inLanguage\":\"pt-BR\"},{\"@type\":\"Organization\",\"@id\":\"https:\\\/\\\/www.notibras.com\\\/site\\\/#organization\",\"name\":\"Grupo Notibras de Comunica\u00e7\u00e3o\",\"url\":\"https:\\\/\\\/www.notibras.com\\\/site\\\/\",\"logo\":{\"@type\":\"ImageObject\",\"inLanguage\":\"pt-BR\",\"@id\":\"https:\\\/\\\/www.notibras.com\\\/site\\\/#\\\/schema\\\/logo\\\/image\\\/\",\"url\":\"https:\\\/\\\/www.notibras.com\\\/site\\\/wp-content\\\/uploads\\\/2023\\\/01\\\/notibras23.png\",\"contentUrl\":\"https:\\\/\\\/www.notibras.com\\\/site\\\/wp-content\\\/uploads\\\/2023\\\/01\\\/notibras23.png\",\"width\":350,\"height\":87,\"caption\":\"Grupo Notibras de Comunica\u00e7\u00e3o\"},\"image\":{\"@id\":\"https:\\\/\\\/www.notibras.com\\\/site\\\/#\\\/schema\\\/logo\\\/image\\\/\"},\"sameAs\":[\"https:\\\/\\\/www.facebook.com\\\/notibras\\\/\",\"https:\\\/\\\/x.com\\\/Notibras\",\"https:\\\/\\\/www.instagram.com\\\/notibras\\\/\"]},{\"@type\":\"Person\",\"@id\":\"https:\\\/\\\/www.notibras.com\\\/site\\\/#\\\/schema\\\/person\\\/5b7fabf2aedc3ada2105f03b22b4d3dd\",\"name\":\"Eduardo Mart\u00ednez\",\"image\":{\"@type\":\"ImageObject\",\"inLanguage\":\"pt-BR\",\"@id\":\"https:\\\/\\\/secure.gravatar.com\\\/avatar\\\/7902f906289926289cbcda644b5197c796b893c6ffd7b9a536a42d290f7704a0?s=96&d=mm&r=g\",\"url\":\"https:\\\/\\\/secure.gravatar.com\\\/avatar\\\/7902f906289926289cbcda644b5197c796b893c6ffd7b9a536a42d290f7704a0?s=96&d=mm&r=g\",\"contentUrl\":\"https:\\\/\\\/secure.gravatar.com\\\/avatar\\\/7902f906289926289cbcda644b5197c796b893c6ffd7b9a536a42d290f7704a0?s=96&d=mm&r=g\",\"caption\":\"Eduardo Mart\u00ednez\"}}]}<\/script>\n<!-- \/ Yoast SEO plugin. -->","yoast_head_json":{"title":"Herm\u00e9tica ou transparente? - Notibras","robots":{"index":"index","follow":"follow","max-snippet":"max-snippet:-1","max-image-preview":"max-image-preview:large","max-video-preview":"max-video-preview:-1"},"canonical":"https:\/\/www.notibras.com\/site\/hermetica-ou-transparente\/","og_locale":"pt_BR","og_type":"article","og_title":"Herm\u00e9tica ou transparente? - Notibras","og_description":"Na cr\u00f4nica de Clarice Lispector, o eco de um desabafo que resume dilemas da cria\u00e7\u00e3o e da recep\u00e7\u00e3o das obras de arte, dos textos, das m\u00fasicas, dos filmes. A ess\u00eancia oculta al\u00e9m do nosso olhar. E mesmo as cenas aparentemente cotidianas \u2013 quase invis\u00edveis -, como uma crian\u00e7a come\u00e7ando a andar, pegando uma varinha do [&hellip;]","og_url":"https:\/\/www.notibras.com\/site\/hermetica-ou-transparente\/","og_site_name":"Notibras","article_publisher":"https:\/\/www.facebook.com\/notibras\/","article_published_time":"2026-09-04T03:15:21+00:00","og_image":[{"width":720,"height":794,"url":"https:\/\/www.notibras.com\/site\/wp-content\/uploads\/2026\/09\/image-9.png","type":"image\/png"}],"author":"Eduardo Mart\u00ednez","twitter_card":"summary_large_image","twitter_creator":"@Notibras","twitter_site":"@Notibras","twitter_misc":{"Escrito por":"Eduardo Mart\u00ednez","Est. tempo de leitura":"3 minutos"},"schema":{"@context":"https:\/\/schema.org","@graph":[{"@type":"Article","@id":"https:\/\/www.notibras.com\/site\/hermetica-ou-transparente\/#article","isPartOf":{"@id":"https:\/\/www.notibras.com\/site\/hermetica-ou-transparente\/"},"author":{"name":"Eduardo Mart\u00ednez","@id":"https:\/\/www.notibras.com\/site\/#\/schema\/person\/5b7fabf2aedc3ada2105f03b22b4d3dd"},"headline":"Herm\u00e9tica ou transparente?","datePublished":"2026-09-04T03:15:21+00:00","mainEntityOfPage":{"@id":"https:\/\/www.notibras.com\/site\/hermetica-ou-transparente\/"},"wordCount":359,"publisher":{"@id":"https:\/\/www.notibras.com\/site\/#organization"},"image":{"@id":"https:\/\/www.notibras.com\/site\/hermetica-ou-transparente\/#primaryimage"},"thumbnailUrl":"https:\/\/www.notibras.com\/site\/wp-content\/uploads\/2026\/09\/image-9.png","articleSection":["Caf\u00e9 Liter\u00e1rio"],"inLanguage":"pt-BR"},{"@type":"WebPage","@id":"https:\/\/www.notibras.com\/site\/hermetica-ou-transparente\/","url":"https:\/\/www.notibras.com\/site\/hermetica-ou-transparente\/","name":"Herm\u00e9tica ou transparente? - Notibras","isPartOf":{"@id":"https:\/\/www.notibras.com\/site\/#website"},"primaryImageOfPage":{"@id":"https:\/\/www.notibras.com\/site\/hermetica-ou-transparente\/#primaryimage"},"image":{"@id":"https:\/\/www.notibras.com\/site\/hermetica-ou-transparente\/#primaryimage"},"thumbnailUrl":"https:\/\/www.notibras.com\/site\/wp-content\/uploads\/2026\/09\/image-9.png","datePublished":"2026-09-04T03:15:21+00:00","breadcrumb":{"@id":"https:\/\/www.notibras.com\/site\/hermetica-ou-transparente\/#breadcrumb"},"inLanguage":"pt-BR","potentialAction":[{"@type":"ReadAction","target":["https:\/\/www.notibras.com\/site\/hermetica-ou-transparente\/"]}]},{"@type":"ImageObject","inLanguage":"pt-BR","@id":"https:\/\/www.notibras.com\/site\/hermetica-ou-transparente\/#primaryimage","url":"https:\/\/www.notibras.com\/site\/wp-content\/uploads\/2026\/09\/image-9.png","contentUrl":"https:\/\/www.notibras.com\/site\/wp-content\/uploads\/2026\/09\/image-9.png","width":720,"height":794},{"@type":"BreadcrumbList","@id":"https:\/\/www.notibras.com\/site\/hermetica-ou-transparente\/#breadcrumb","itemListElement":[{"@type":"ListItem","position":1,"name":"In\u00edcio","item":"https:\/\/www.notibras.com\/site\/"},{"@type":"ListItem","position":2,"name":"Herm\u00e9tica ou transparente?"}]},{"@type":"WebSite","@id":"https:\/\/www.notibras.com\/site\/#website","url":"https:\/\/www.notibras.com\/site\/","name":"Notibras","description":"Not\u00edcias de Bras\u00edlia, do Brasil e do Mundo","publisher":{"@id":"https:\/\/www.notibras.com\/site\/#organization"},"potentialAction":[{"@type":"SearchAction","target":{"@type":"EntryPoint","urlTemplate":"https:\/\/www.notibras.com\/site\/?s={search_term_string}"},"query-input":{"@type":"PropertyValueSpecification","valueRequired":true,"valueName":"search_term_string"}}],"inLanguage":"pt-BR"},{"@type":"Organization","@id":"https:\/\/www.notibras.com\/site\/#organization","name":"Grupo Notibras de Comunica\u00e7\u00e3o","url":"https:\/\/www.notibras.com\/site\/","logo":{"@type":"ImageObject","inLanguage":"pt-BR","@id":"https:\/\/www.notibras.com\/site\/#\/schema\/logo\/image\/","url":"https:\/\/www.notibras.com\/site\/wp-content\/uploads\/2023\/01\/notibras23.png","contentUrl":"https:\/\/www.notibras.com\/site\/wp-content\/uploads\/2023\/01\/notibras23.png","width":350,"height":87,"caption":"Grupo Notibras de Comunica\u00e7\u00e3o"},"image":{"@id":"https:\/\/www.notibras.com\/site\/#\/schema\/logo\/image\/"},"sameAs":["https:\/\/www.facebook.com\/notibras\/","https:\/\/x.com\/Notibras","https:\/\/www.instagram.com\/notibras\/"]},{"@type":"Person","@id":"https:\/\/www.notibras.com\/site\/#\/schema\/person\/5b7fabf2aedc3ada2105f03b22b4d3dd","name":"Eduardo Mart\u00ednez","image":{"@type":"ImageObject","inLanguage":"pt-BR","@id":"https:\/\/secure.gravatar.com\/avatar\/7902f906289926289cbcda644b5197c796b893c6ffd7b9a536a42d290f7704a0?s=96&d=mm&r=g","url":"https:\/\/secure.gravatar.com\/avatar\/7902f906289926289cbcda644b5197c796b893c6ffd7b9a536a42d290f7704a0?s=96&d=mm&r=g","contentUrl":"https:\/\/secure.gravatar.com\/avatar\/7902f906289926289cbcda644b5197c796b893c6ffd7b9a536a42d290f7704a0?s=96&d=mm&r=g","caption":"Eduardo Mart\u00ednez"}}]}},"_links":{"self":[{"href":"https:\/\/www.notibras.com\/site\/wp-json\/wp\/v2\/posts\/409111","targetHints":{"allow":["GET"]}}],"collection":[{"href":"https:\/\/www.notibras.com\/site\/wp-json\/wp\/v2\/posts"}],"about":[{"href":"https:\/\/www.notibras.com\/site\/wp-json\/wp\/v2\/types\/post"}],"author":[{"embeddable":true,"href":"https:\/\/www.notibras.com\/site\/wp-json\/wp\/v2\/users\/21"}],"replies":[{"embeddable":true,"href":"https:\/\/www.notibras.com\/site\/wp-json\/wp\/v2\/comments?post=409111"}],"version-history":[{"count":3,"href":"https:\/\/www.notibras.com\/site\/wp-json\/wp\/v2\/posts\/409111\/revisions"}],"predecessor-version":[{"id":409116,"href":"https:\/\/www.notibras.com\/site\/wp-json\/wp\/v2\/posts\/409111\/revisions\/409116"}],"wp:featuredmedia":[{"embeddable":true,"href":"https:\/\/www.notibras.com\/site\/wp-json\/wp\/v2\/media\/409112"}],"wp:attachment":[{"href":"https:\/\/www.notibras.com\/site\/wp-json\/wp\/v2\/media?parent=409111"}],"wp:term":[{"taxonomy":"category","embeddable":true,"href":"https:\/\/www.notibras.com\/site\/wp-json\/wp\/v2\/categories?post=409111"},{"taxonomy":"post_tag","embeddable":true,"href":"https:\/\/www.notibras.com\/site\/wp-json\/wp\/v2\/tags?post=409111"},{"taxonomy":"tmauthors","embeddable":true,"href":"https:\/\/www.notibras.com\/site\/wp-json\/wp\/v2\/tmauthors?post=409111"}],"curies":[{"name":"wp","href":"https:\/\/api.w.org\/{rel}","templated":true}]}}