{"id":409120,"date":"2026-09-04T00:30:13","date_gmt":"2026-09-04T03:30:13","guid":{"rendered":"https:\/\/www.notibras.com\/site\/?p=409120"},"modified":"2026-09-03T20:52:50","modified_gmt":"2026-09-03T23:52:50","slug":"entre-o-ser-e-o-estar","status":"publish","type":"post","link":"https:\/\/www.notibras.com\/site\/entre-o-ser-e-o-estar\/","title":{"rendered":"Entre o Ser e o Estar"},"content":{"rendered":"<p>\u00c9, sim, muito dif\u00edcil se colocar no lugar do outro.<\/p>\n<p>Mais dif\u00edcil ainda \u00e9 parar por alguns instantes e observar, com honestidade, aquilo que fazemos com o outro e para o outro.<\/p>\n<p>Parece t\u00e3o simples&#8230; e, ainda assim, tantas vezes se torna imposs\u00edvel.<\/p>\n<p>Talvez porque, com o passar do tempo, tenhamos nos tornado mais ego\u00edstas. Ou talvez porque tenhamos aprendido a olhar tanto para dentro de n\u00f3s mesmos que j\u00e1 n\u00e3o conseguimos enxergar quem est\u00e1 ao nosso lado.<\/p>\n<p>Como n\u00e3o percebemos?<\/p>\n<p>E, quando percebemos, por que n\u00e3o mudamos?<\/p>\n<p>\u00c9 curioso como muitos enchem a boca para dizer que nada levaremos desta vida, que tudo ficar\u00e1 para tr\u00e1s, que bens, t\u00edtulos e conquistas n\u00e3o atravessar\u00e3o conosco o \u00faltimo caminho.<\/p>\n<p>Mas, se sabemos disso, por que fazemos tanta quest\u00e3o de acumular?<\/p>\n<p>Por que nos agarramos tanto ao que \u00e9 passageiro?<\/p>\n<p>Por que usamos a espiritualidade como desculpa para justificar nossos erros, nossas aus\u00eancias, nossa falta de cuidado?<\/p>\n<p>Qual \u00e9 o pre\u00e7o disso?<\/p>\n<p>Sinceramente, \u00e0s vezes, fico sem entender.<\/p>\n<p>Outro dia, mandei uma mensagem para uma pessoa querida. Uma daquelas mensagens que nascem de um lugar sincero, porque existem pessoas que, simplesmente por existirem em nossa vida, merecem ser lembradas.<\/p>\n<p>A resposta me surpreendeu:<\/p>\n<p>\u2014 N\u00e3o tenho muito a agradecer.<\/p>\n<p>Como assim?<\/p>\n<p>Como algu\u00e9m pode olhar para a pr\u00f3pria hist\u00f3ria e n\u00e3o encontrar motivos para agradecer?<\/p>\n<p>A vida, eu sei, segue seus caminhos. Traz dias bons e dias dif\u00edceis. Entrega encontros e despedidas. Oferece alegrias, mas tamb\u00e9m nos apresenta dores que jamais imaginamos suportar.<\/p>\n<p>Ainda assim, n\u00e3o estar grato?<\/p>\n<p>Talvez muita gente precise de um choque. Um susto. Um instante de sil\u00eancio capaz de interromper a pressa e fazer enxergar aquilo que sempre esteve diante dos olhos.<\/p>\n<p>Porque gratid\u00e3o n\u00e3o deveria nascer apenas quando tudo d\u00e1 certo.<\/p>\n<p>N\u00e3o deveria depender da aus\u00eancia de problemas.<\/p>\n<p>N\u00e3o deveria ser uma palavra bonita usada em momentos convenientes.<\/p>\n<p>Gratid\u00e3o \u00e9 tamb\u00e9m reconhecer o que temos enquanto temos.<\/p>\n<p>\u00c9 olhar para uma pessoa e perceber seu valor antes que a aus\u00eancia nos ensine, da maneira mais dolorosa, o quanto ela significava.<\/p>\n<p>E talvez seja justamente a\u00ed que esteja a diferen\u00e7a entre SER e ESTAR.<\/p>\n<p>Podemos estar felizes hoje e tristes amanh\u00e3.<\/p>\n<p>Podemos estar perto e, ainda assim, permanecer distantes.<\/p>\n<p>Podemos estar gratos por um momento, porque algo nos favoreceu.<\/p>\n<p>Mas ser grato \u00e9 diferente.<\/p>\n<p>Ser grato \u00e9 uma postura diante da vida.<\/p>\n<p>\u00c9 reconhecer.<\/p>\n<p>\u00c9 valorizar.<\/p>\n<p>\u00c9 agradecer n\u00e3o apenas pelo que recebemos, mas tamb\u00e9m pelo privil\u00e9gio de poder oferecer alguma coisa a algu\u00e9m.<\/p>\n<p>Porque ESTAR \u00e9 circunst\u00e2ncia.<\/p>\n<p>SER \u00e9 escolha.<\/p>\n<p>ESTAR passa.<\/p>\n<p>SER permanece.<\/p>\n<p>E talvez, no fim das contas, a grande pergunta n\u00e3o seja o que levaremos desta vida.<\/p>\n<p>Talvez seja o que deixaremos nela.<\/p>\n<p>Nas pessoas que tocamos.<\/p>\n<p>Nas palavras que dissemos.<\/p>\n<p>Nos abra\u00e7os que oferecemos.<\/p>\n<p>Nas vezes em que escolhemos compreender, quando seria mais f\u00e1cil julgar.<\/p>\n<p>Porque, se realmente acreditamos que nada levaremos, ent\u00e3o que ao menos tenhamos a sabedoria de deixar algo bom por onde passarmos.<\/p>\n<p>E que, quando algu\u00e9m lembrar de n\u00f3s, n\u00e3o precise de um choque, de um susto ou de uma aus\u00eancia para finalmente perceber o quanto fomos importantes.<\/p>\n<p>Que saibamos ser, enquanto ainda temos tempo de Estar.<\/p>\n","protected":false},"excerpt":{"rendered":"<p>\u00c9, sim, muito dif\u00edcil se colocar no lugar do outro. Mais dif\u00edcil ainda \u00e9 parar por alguns instantes e observar, com honestidade, aquilo que fazemos com o outro e para o outro. Parece t\u00e3o simples&#8230; e, ainda assim, tantas vezes se torna imposs\u00edvel. Talvez porque, com o passar do tempo, tenhamos nos tornado mais ego\u00edstas. [&hellip;]<\/p>\n","protected":false},"author":21,"featured_media":409121,"comment_status":"closed","ping_status":"closed","sticky":false,"template":"","format":"standard","meta":{"_acf_changed":false,"footnotes":""},"categories":[234],"tags":[],"tmauthors":[306],"class_list":["post-409120","post","type-post","status-publish","format-standard","has-post-thumbnail","category-cafe-literario"],"acf":[],"yoast_head":"<!-- This site is optimized with the Yoast SEO plugin v28.0 - https:\/\/yoast.com\/product\/yoast-seo-wordpress\/ -->\n<title>Entre o Ser e o Estar - Notibras<\/title>\n<meta name=\"robots\" content=\"index, follow, max-snippet:-1, max-image-preview:large, max-video-preview:-1\" \/>\n<link rel=\"canonical\" href=\"https:\/\/www.notibras.com\/site\/entre-o-ser-e-o-estar\/\" \/>\n<meta property=\"og:locale\" content=\"pt_BR\" \/>\n<meta property=\"og:type\" content=\"article\" \/>\n<meta property=\"og:title\" content=\"Entre o Ser e o Estar - Notibras\" \/>\n<meta property=\"og:description\" content=\"\u00c9, sim, muito dif\u00edcil se colocar no lugar do outro. Mais dif\u00edcil ainda \u00e9 parar por alguns instantes e observar, com honestidade, aquilo que fazemos com o outro e para o outro. Parece t\u00e3o simples&#8230; e, ainda assim, tantas vezes se torna imposs\u00edvel. Talvez porque, com o passar do tempo, tenhamos nos tornado mais ego\u00edstas. [&hellip;]\" \/>\n<meta property=\"og:url\" content=\"https:\/\/www.notibras.com\/site\/entre-o-ser-e-o-estar\/\" \/>\n<meta property=\"og:site_name\" content=\"Notibras\" \/>\n<meta property=\"article:publisher\" content=\"https:\/\/www.facebook.com\/notibras\/\" \/>\n<meta property=\"article:published_time\" content=\"2026-09-04T03:30:13+00:00\" \/>\n<meta property=\"og:image\" content=\"https:\/\/www.notibras.com\/site\/wp-content\/uploads\/2026\/09\/imagem.png\" \/>\n\t<meta property=\"og:image:width\" content=\"589\" \/>\n\t<meta property=\"og:image:height\" content=\"549\" \/>\n\t<meta property=\"og:image:type\" content=\"image\/png\" \/>\n<meta name=\"author\" content=\"Eduardo Mart\u00ednez\" \/>\n<meta name=\"twitter:card\" content=\"summary_large_image\" \/>\n<meta name=\"twitter:creator\" content=\"@Notibras\" \/>\n<meta name=\"twitter:site\" content=\"@Notibras\" \/>\n<meta name=\"twitter:label1\" content=\"Escrito por\" \/>\n\t<meta name=\"twitter:data1\" content=\"Eduardo Mart\u00ednez\" \/>\n\t<meta name=\"twitter:label2\" content=\"Est. tempo de leitura\" \/>\n\t<meta name=\"twitter:data2\" content=\"4 minutos\" \/>\n<script type=\"application\/ld+json\" class=\"yoast-schema-graph\">{\"@context\":\"https:\\\/\\\/schema.org\",\"@graph\":[{\"@type\":\"Article\",\"@id\":\"https:\\\/\\\/www.notibras.com\\\/site\\\/entre-o-ser-e-o-estar\\\/#article\",\"isPartOf\":{\"@id\":\"https:\\\/\\\/www.notibras.com\\\/site\\\/entre-o-ser-e-o-estar\\\/\"},\"author\":{\"name\":\"Eduardo Mart\u00ednez\",\"@id\":\"https:\\\/\\\/www.notibras.com\\\/site\\\/#\\\/schema\\\/person\\\/5b7fabf2aedc3ada2105f03b22b4d3dd\"},\"headline\":\"Entre o Ser e o Estar\",\"datePublished\":\"2026-09-04T03:30:13+00:00\",\"mainEntityOfPage\":{\"@id\":\"https:\\\/\\\/www.notibras.com\\\/site\\\/entre-o-ser-e-o-estar\\\/\"},\"wordCount\":566,\"publisher\":{\"@id\":\"https:\\\/\\\/www.notibras.com\\\/site\\\/#organization\"},\"image\":{\"@id\":\"https:\\\/\\\/www.notibras.com\\\/site\\\/entre-o-ser-e-o-estar\\\/#primaryimage\"},\"thumbnailUrl\":\"https:\\\/\\\/www.notibras.com\\\/site\\\/wp-content\\\/uploads\\\/2026\\\/09\\\/imagem.png\",\"articleSection\":[\"Caf\u00e9 Liter\u00e1rio\"],\"inLanguage\":\"pt-BR\"},{\"@type\":\"WebPage\",\"@id\":\"https:\\\/\\\/www.notibras.com\\\/site\\\/entre-o-ser-e-o-estar\\\/\",\"url\":\"https:\\\/\\\/www.notibras.com\\\/site\\\/entre-o-ser-e-o-estar\\\/\",\"name\":\"Entre o Ser e o Estar - Notibras\",\"isPartOf\":{\"@id\":\"https:\\\/\\\/www.notibras.com\\\/site\\\/#website\"},\"primaryImageOfPage\":{\"@id\":\"https:\\\/\\\/www.notibras.com\\\/site\\\/entre-o-ser-e-o-estar\\\/#primaryimage\"},\"image\":{\"@id\":\"https:\\\/\\\/www.notibras.com\\\/site\\\/entre-o-ser-e-o-estar\\\/#primaryimage\"},\"thumbnailUrl\":\"https:\\\/\\\/www.notibras.com\\\/site\\\/wp-content\\\/uploads\\\/2026\\\/09\\\/imagem.png\",\"datePublished\":\"2026-09-04T03:30:13+00:00\",\"breadcrumb\":{\"@id\":\"https:\\\/\\\/www.notibras.com\\\/site\\\/entre-o-ser-e-o-estar\\\/#breadcrumb\"},\"inLanguage\":\"pt-BR\",\"potentialAction\":[{\"@type\":\"ReadAction\",\"target\":[\"https:\\\/\\\/www.notibras.com\\\/site\\\/entre-o-ser-e-o-estar\\\/\"]}]},{\"@type\":\"ImageObject\",\"inLanguage\":\"pt-BR\",\"@id\":\"https:\\\/\\\/www.notibras.com\\\/site\\\/entre-o-ser-e-o-estar\\\/#primaryimage\",\"url\":\"https:\\\/\\\/www.notibras.com\\\/site\\\/wp-content\\\/uploads\\\/2026\\\/09\\\/imagem.png\",\"contentUrl\":\"https:\\\/\\\/www.notibras.com\\\/site\\\/wp-content\\\/uploads\\\/2026\\\/09\\\/imagem.png\",\"width\":589,\"height\":549},{\"@type\":\"BreadcrumbList\",\"@id\":\"https:\\\/\\\/www.notibras.com\\\/site\\\/entre-o-ser-e-o-estar\\\/#breadcrumb\",\"itemListElement\":[{\"@type\":\"ListItem\",\"position\":1,\"name\":\"In\u00edcio\",\"item\":\"https:\\\/\\\/www.notibras.com\\\/site\\\/\"},{\"@type\":\"ListItem\",\"position\":2,\"name\":\"Entre o Ser e o Estar\"}]},{\"@type\":\"WebSite\",\"@id\":\"https:\\\/\\\/www.notibras.com\\\/site\\\/#website\",\"url\":\"https:\\\/\\\/www.notibras.com\\\/site\\\/\",\"name\":\"Notibras\",\"description\":\"Not\u00edcias de Bras\u00edlia, do Brasil e do Mundo\",\"publisher\":{\"@id\":\"https:\\\/\\\/www.notibras.com\\\/site\\\/#organization\"},\"potentialAction\":[{\"@type\":\"SearchAction\",\"target\":{\"@type\":\"EntryPoint\",\"urlTemplate\":\"https:\\\/\\\/www.notibras.com\\\/site\\\/?s={search_term_string}\"},\"query-input\":{\"@type\":\"PropertyValueSpecification\",\"valueRequired\":true,\"valueName\":\"search_term_string\"}}],\"inLanguage\":\"pt-BR\"},{\"@type\":\"Organization\",\"@id\":\"https:\\\/\\\/www.notibras.com\\\/site\\\/#organization\",\"name\":\"Grupo Notibras de Comunica\u00e7\u00e3o\",\"url\":\"https:\\\/\\\/www.notibras.com\\\/site\\\/\",\"logo\":{\"@type\":\"ImageObject\",\"inLanguage\":\"pt-BR\",\"@id\":\"https:\\\/\\\/www.notibras.com\\\/site\\\/#\\\/schema\\\/logo\\\/image\\\/\",\"url\":\"https:\\\/\\\/www.notibras.com\\\/site\\\/wp-content\\\/uploads\\\/2023\\\/01\\\/notibras23.png\",\"contentUrl\":\"https:\\\/\\\/www.notibras.com\\\/site\\\/wp-content\\\/uploads\\\/2023\\\/01\\\/notibras23.png\",\"width\":350,\"height\":87,\"caption\":\"Grupo Notibras de Comunica\u00e7\u00e3o\"},\"image\":{\"@id\":\"https:\\\/\\\/www.notibras.com\\\/site\\\/#\\\/schema\\\/logo\\\/image\\\/\"},\"sameAs\":[\"https:\\\/\\\/www.facebook.com\\\/notibras\\\/\",\"https:\\\/\\\/x.com\\\/Notibras\",\"https:\\\/\\\/www.instagram.com\\\/notibras\\\/\"]},{\"@type\":\"Person\",\"@id\":\"https:\\\/\\\/www.notibras.com\\\/site\\\/#\\\/schema\\\/person\\\/5b7fabf2aedc3ada2105f03b22b4d3dd\",\"name\":\"Eduardo Mart\u00ednez\",\"image\":{\"@type\":\"ImageObject\",\"inLanguage\":\"pt-BR\",\"@id\":\"https:\\\/\\\/secure.gravatar.com\\\/avatar\\\/7902f906289926289cbcda644b5197c796b893c6ffd7b9a536a42d290f7704a0?s=96&d=mm&r=g\",\"url\":\"https:\\\/\\\/secure.gravatar.com\\\/avatar\\\/7902f906289926289cbcda644b5197c796b893c6ffd7b9a536a42d290f7704a0?s=96&d=mm&r=g\",\"contentUrl\":\"https:\\\/\\\/secure.gravatar.com\\\/avatar\\\/7902f906289926289cbcda644b5197c796b893c6ffd7b9a536a42d290f7704a0?s=96&d=mm&r=g\",\"caption\":\"Eduardo Mart\u00ednez\"}}]}<\/script>\n<!-- \/ Yoast SEO plugin. -->","yoast_head_json":{"title":"Entre o Ser e o Estar - Notibras","robots":{"index":"index","follow":"follow","max-snippet":"max-snippet:-1","max-image-preview":"max-image-preview:large","max-video-preview":"max-video-preview:-1"},"canonical":"https:\/\/www.notibras.com\/site\/entre-o-ser-e-o-estar\/","og_locale":"pt_BR","og_type":"article","og_title":"Entre o Ser e o Estar - Notibras","og_description":"\u00c9, sim, muito dif\u00edcil se colocar no lugar do outro. Mais dif\u00edcil ainda \u00e9 parar por alguns instantes e observar, com honestidade, aquilo que fazemos com o outro e para o outro. Parece t\u00e3o simples&#8230; e, ainda assim, tantas vezes se torna imposs\u00edvel. Talvez porque, com o passar do tempo, tenhamos nos tornado mais ego\u00edstas. [&hellip;]","og_url":"https:\/\/www.notibras.com\/site\/entre-o-ser-e-o-estar\/","og_site_name":"Notibras","article_publisher":"https:\/\/www.facebook.com\/notibras\/","article_published_time":"2026-09-04T03:30:13+00:00","og_image":[{"width":589,"height":549,"url":"https:\/\/www.notibras.com\/site\/wp-content\/uploads\/2026\/09\/imagem.png","type":"image\/png"}],"author":"Eduardo Mart\u00ednez","twitter_card":"summary_large_image","twitter_creator":"@Notibras","twitter_site":"@Notibras","twitter_misc":{"Escrito por":"Eduardo Mart\u00ednez","Est. tempo de leitura":"4 minutos"},"schema":{"@context":"https:\/\/schema.org","@graph":[{"@type":"Article","@id":"https:\/\/www.notibras.com\/site\/entre-o-ser-e-o-estar\/#article","isPartOf":{"@id":"https:\/\/www.notibras.com\/site\/entre-o-ser-e-o-estar\/"},"author":{"name":"Eduardo Mart\u00ednez","@id":"https:\/\/www.notibras.com\/site\/#\/schema\/person\/5b7fabf2aedc3ada2105f03b22b4d3dd"},"headline":"Entre o Ser e o Estar","datePublished":"2026-09-04T03:30:13+00:00","mainEntityOfPage":{"@id":"https:\/\/www.notibras.com\/site\/entre-o-ser-e-o-estar\/"},"wordCount":566,"publisher":{"@id":"https:\/\/www.notibras.com\/site\/#organization"},"image":{"@id":"https:\/\/www.notibras.com\/site\/entre-o-ser-e-o-estar\/#primaryimage"},"thumbnailUrl":"https:\/\/www.notibras.com\/site\/wp-content\/uploads\/2026\/09\/imagem.png","articleSection":["Caf\u00e9 Liter\u00e1rio"],"inLanguage":"pt-BR"},{"@type":"WebPage","@id":"https:\/\/www.notibras.com\/site\/entre-o-ser-e-o-estar\/","url":"https:\/\/www.notibras.com\/site\/entre-o-ser-e-o-estar\/","name":"Entre o Ser e o Estar - Notibras","isPartOf":{"@id":"https:\/\/www.notibras.com\/site\/#website"},"primaryImageOfPage":{"@id":"https:\/\/www.notibras.com\/site\/entre-o-ser-e-o-estar\/#primaryimage"},"image":{"@id":"https:\/\/www.notibras.com\/site\/entre-o-ser-e-o-estar\/#primaryimage"},"thumbnailUrl":"https:\/\/www.notibras.com\/site\/wp-content\/uploads\/2026\/09\/imagem.png","datePublished":"2026-09-04T03:30:13+00:00","breadcrumb":{"@id":"https:\/\/www.notibras.com\/site\/entre-o-ser-e-o-estar\/#breadcrumb"},"inLanguage":"pt-BR","potentialAction":[{"@type":"ReadAction","target":["https:\/\/www.notibras.com\/site\/entre-o-ser-e-o-estar\/"]}]},{"@type":"ImageObject","inLanguage":"pt-BR","@id":"https:\/\/www.notibras.com\/site\/entre-o-ser-e-o-estar\/#primaryimage","url":"https:\/\/www.notibras.com\/site\/wp-content\/uploads\/2026\/09\/imagem.png","contentUrl":"https:\/\/www.notibras.com\/site\/wp-content\/uploads\/2026\/09\/imagem.png","width":589,"height":549},{"@type":"BreadcrumbList","@id":"https:\/\/www.notibras.com\/site\/entre-o-ser-e-o-estar\/#breadcrumb","itemListElement":[{"@type":"ListItem","position":1,"name":"In\u00edcio","item":"https:\/\/www.notibras.com\/site\/"},{"@type":"ListItem","position":2,"name":"Entre o Ser e o Estar"}]},{"@type":"WebSite","@id":"https:\/\/www.notibras.com\/site\/#website","url":"https:\/\/www.notibras.com\/site\/","name":"Notibras","description":"Not\u00edcias de Bras\u00edlia, do Brasil e do Mundo","publisher":{"@id":"https:\/\/www.notibras.com\/site\/#organization"},"potentialAction":[{"@type":"SearchAction","target":{"@type":"EntryPoint","urlTemplate":"https:\/\/www.notibras.com\/site\/?s={search_term_string}"},"query-input":{"@type":"PropertyValueSpecification","valueRequired":true,"valueName":"search_term_string"}}],"inLanguage":"pt-BR"},{"@type":"Organization","@id":"https:\/\/www.notibras.com\/site\/#organization","name":"Grupo Notibras de Comunica\u00e7\u00e3o","url":"https:\/\/www.notibras.com\/site\/","logo":{"@type":"ImageObject","inLanguage":"pt-BR","@id":"https:\/\/www.notibras.com\/site\/#\/schema\/logo\/image\/","url":"https:\/\/www.notibras.com\/site\/wp-content\/uploads\/2023\/01\/notibras23.png","contentUrl":"https:\/\/www.notibras.com\/site\/wp-content\/uploads\/2023\/01\/notibras23.png","width":350,"height":87,"caption":"Grupo Notibras de Comunica\u00e7\u00e3o"},"image":{"@id":"https:\/\/www.notibras.com\/site\/#\/schema\/logo\/image\/"},"sameAs":["https:\/\/www.facebook.com\/notibras\/","https:\/\/x.com\/Notibras","https:\/\/www.instagram.com\/notibras\/"]},{"@type":"Person","@id":"https:\/\/www.notibras.com\/site\/#\/schema\/person\/5b7fabf2aedc3ada2105f03b22b4d3dd","name":"Eduardo Mart\u00ednez","image":{"@type":"ImageObject","inLanguage":"pt-BR","@id":"https:\/\/secure.gravatar.com\/avatar\/7902f906289926289cbcda644b5197c796b893c6ffd7b9a536a42d290f7704a0?s=96&d=mm&r=g","url":"https:\/\/secure.gravatar.com\/avatar\/7902f906289926289cbcda644b5197c796b893c6ffd7b9a536a42d290f7704a0?s=96&d=mm&r=g","contentUrl":"https:\/\/secure.gravatar.com\/avatar\/7902f906289926289cbcda644b5197c796b893c6ffd7b9a536a42d290f7704a0?s=96&d=mm&r=g","caption":"Eduardo Mart\u00ednez"}}]}},"_links":{"self":[{"href":"https:\/\/www.notibras.com\/site\/wp-json\/wp\/v2\/posts\/409120","targetHints":{"allow":["GET"]}}],"collection":[{"href":"https:\/\/www.notibras.com\/site\/wp-json\/wp\/v2\/posts"}],"about":[{"href":"https:\/\/www.notibras.com\/site\/wp-json\/wp\/v2\/types\/post"}],"author":[{"embeddable":true,"href":"https:\/\/www.notibras.com\/site\/wp-json\/wp\/v2\/users\/21"}],"replies":[{"embeddable":true,"href":"https:\/\/www.notibras.com\/site\/wp-json\/wp\/v2\/comments?post=409120"}],"version-history":[{"count":2,"href":"https:\/\/www.notibras.com\/site\/wp-json\/wp\/v2\/posts\/409120\/revisions"}],"predecessor-version":[{"id":409123,"href":"https:\/\/www.notibras.com\/site\/wp-json\/wp\/v2\/posts\/409120\/revisions\/409123"}],"wp:featuredmedia":[{"embeddable":true,"href":"https:\/\/www.notibras.com\/site\/wp-json\/wp\/v2\/media\/409121"}],"wp:attachment":[{"href":"https:\/\/www.notibras.com\/site\/wp-json\/wp\/v2\/media?parent=409120"}],"wp:term":[{"taxonomy":"category","embeddable":true,"href":"https:\/\/www.notibras.com\/site\/wp-json\/wp\/v2\/categories?post=409120"},{"taxonomy":"post_tag","embeddable":true,"href":"https:\/\/www.notibras.com\/site\/wp-json\/wp\/v2\/tags?post=409120"},{"taxonomy":"tmauthors","embeddable":true,"href":"https:\/\/www.notibras.com\/site\/wp-json\/wp\/v2\/tmauthors?post=409120"}],"curies":[{"name":"wp","href":"https:\/\/api.w.org\/{rel}","templated":true}]}}