{"id":409124,"date":"2026-09-04T02:00:38","date_gmt":"2026-09-04T05:00:38","guid":{"rendered":"https:\/\/www.notibras.com\/site\/?p=409124"},"modified":"2026-09-04T02:07:04","modified_gmt":"2026-09-04T05:07:04","slug":"a-suspeita-da-blindagem-para-ajudar-aliados","status":"publish","type":"post","link":"https:\/\/www.notibras.com\/site\/a-suspeita-da-blindagem-para-ajudar-aliados\/","title":{"rendered":"A suspeita da blindagem para ajudar aliados"},"content":{"rendered":"<p>A crise no STF parece estar bem longe de chegar ao fim. Alexandre de Moraes encaminhou ao presidente da Corte, Edson Fachin, um pedido de investiga\u00e7\u00e3o contra o ministro Andr\u00e9 Mendon\u00e7a, apontando fortes ind\u00edcios de improbidade administrativa, abuso de autoridade e crime de responsabilidade. Moraes utilizou o chamado Inqu\u00e9rito das Fake News, aberto em 2019, para solicitar provid\u00eancias contra o pr\u00f3prio colega de Supremo.<\/p>\n<p>Segundo Moraes, Mendon\u00e7a teria cometido uma s\u00e9rie de irregularidades, entre elas quebra da imparcialidade judicial e poss\u00edvel favorecimento a determinados grupos pol\u00edticos. O novo cap\u00edtulo da crise surgiu depois que Mendon\u00e7a retirou parcialmente o sigilo de um relat\u00f3rio da Pol\u00edcia Federal que exp\u00f4s, entre outras informa\u00e7\u00f5es, conversas de Alexandre de Moraes com Daniel Vorcaro. O epis\u00f3dio aprofundou ainda mais a tens\u00e3o dentro da pr\u00f3pria Corte.<\/p>\n<p>O bolsonarismo parece ter se transformado em um permanente fator de instabilidade para o pa\u00eds. Mesmo depois de Jair Bolsonaro deixar a Presid\u00eancia, seus filhos, aliados e at\u00e9 ministros indicados por ele continuam no centro de sucessivas crises pol\u00edticas e institucionais. O Brasil precisa encontrar uma forma de superar definitivamente esse ciclo. Porque, enquanto o pa\u00eds n\u00e3o conseguir se livrar politicamente do bolsonarismo, o bolsonarismo continuar\u00e1 tentando arrastar o Brasil para o esgoto.<\/p>\n","protected":false},"excerpt":{"rendered":"<p>A crise no STF parece estar bem longe de chegar ao fim. Alexandre de Moraes encaminhou ao presidente da Corte, Edson Fachin, um pedido de investiga\u00e7\u00e3o contra o ministro Andr\u00e9 Mendon\u00e7a, apontando fortes ind\u00edcios de improbidade administrativa, abuso de autoridade e crime de responsabilidade. Moraes utilizou o chamado Inqu\u00e9rito das Fake News, aberto em 2019, [&hellip;]<\/p>\n","protected":false},"author":21,"featured_media":409125,"comment_status":"closed","ping_status":"closed","sticky":false,"template":"","format":"standard","meta":{"_acf_changed":false,"footnotes":""},"categories":[235],"tags":[],"tmauthors":[306],"class_list":["post-409124","post","type-post","status-publish","format-standard","has-post-thumbnail","category-dona-irene"],"acf":[],"yoast_head":"<!-- This site is optimized with the Yoast SEO plugin v28.0 - https:\/\/yoast.com\/product\/yoast-seo-wordpress\/ -->\n<title>A suspeita da blindagem para ajudar aliados - Notibras<\/title>\n<meta name=\"robots\" content=\"index, follow, max-snippet:-1, max-image-preview:large, max-video-preview:-1\" \/>\n<link rel=\"canonical\" href=\"https:\/\/www.notibras.com\/site\/a-suspeita-da-blindagem-para-ajudar-aliados\/\" \/>\n<meta property=\"og:locale\" content=\"pt_BR\" \/>\n<meta property=\"og:type\" content=\"article\" \/>\n<meta property=\"og:title\" content=\"A suspeita da blindagem para ajudar aliados - Notibras\" \/>\n<meta property=\"og:description\" content=\"A crise no STF parece estar bem longe de chegar ao fim. Alexandre de Moraes encaminhou ao presidente da Corte, Edson Fachin, um pedido de investiga\u00e7\u00e3o contra o ministro Andr\u00e9 Mendon\u00e7a, apontando fortes ind\u00edcios de improbidade administrativa, abuso de autoridade e crime de responsabilidade. Moraes utilizou o chamado Inqu\u00e9rito das Fake News, aberto em 2019, [&hellip;]\" \/>\n<meta property=\"og:url\" content=\"https:\/\/www.notibras.com\/site\/a-suspeita-da-blindagem-para-ajudar-aliados\/\" \/>\n<meta property=\"og:site_name\" content=\"Notibras\" \/>\n<meta property=\"article:publisher\" content=\"https:\/\/www.facebook.com\/notibras\/\" \/>\n<meta property=\"article:published_time\" content=\"2026-09-04T05:00:38+00:00\" \/>\n<meta property=\"article:modified_time\" content=\"2026-09-04T05:07:04+00:00\" \/>\n<meta property=\"og:image\" content=\"https:\/\/www.notibras.com\/site\/wp-content\/uploads\/2026\/09\/andre-mendonca-15-960x540-1.webp\" \/>\n\t<meta property=\"og:image:width\" content=\"960\" \/>\n\t<meta property=\"og:image:height\" content=\"540\" \/>\n\t<meta property=\"og:image:type\" content=\"image\/webp\" \/>\n<meta name=\"author\" content=\"Eduardo Mart\u00ednez\" \/>\n<meta name=\"twitter:card\" content=\"summary_large_image\" \/>\n<meta name=\"twitter:creator\" content=\"@Notibras\" \/>\n<meta name=\"twitter:site\" content=\"@Notibras\" \/>\n<meta name=\"twitter:label1\" content=\"Escrito por\" \/>\n\t<meta name=\"twitter:data1\" content=\"Eduardo Mart\u00ednez\" \/>\n\t<meta name=\"twitter:label2\" content=\"Est. tempo de leitura\" \/>\n\t<meta name=\"twitter:data2\" content=\"2 minutos\" \/>\n<script type=\"application\/ld+json\" class=\"yoast-schema-graph\">{\"@context\":\"https:\\\/\\\/schema.org\",\"@graph\":[{\"@type\":\"Article\",\"@id\":\"https:\\\/\\\/www.notibras.com\\\/site\\\/a-suspeita-da-blindagem-para-ajudar-aliados\\\/#article\",\"isPartOf\":{\"@id\":\"https:\\\/\\\/www.notibras.com\\\/site\\\/a-suspeita-da-blindagem-para-ajudar-aliados\\\/\"},\"author\":{\"name\":\"Eduardo Mart\u00ednez\",\"@id\":\"https:\\\/\\\/www.notibras.com\\\/site\\\/#\\\/schema\\\/person\\\/5b7fabf2aedc3ada2105f03b22b4d3dd\"},\"headline\":\"A suspeita da blindagem para ajudar aliados\",\"datePublished\":\"2026-09-04T05:00:38+00:00\",\"dateModified\":\"2026-09-04T05:07:04+00:00\",\"mainEntityOfPage\":{\"@id\":\"https:\\\/\\\/www.notibras.com\\\/site\\\/a-suspeita-da-blindagem-para-ajudar-aliados\\\/\"},\"wordCount\":232,\"publisher\":{\"@id\":\"https:\\\/\\\/www.notibras.com\\\/site\\\/#organization\"},\"image\":{\"@id\":\"https:\\\/\\\/www.notibras.com\\\/site\\\/a-suspeita-da-blindagem-para-ajudar-aliados\\\/#primaryimage\"},\"thumbnailUrl\":\"https:\\\/\\\/www.notibras.com\\\/site\\\/wp-content\\\/uploads\\\/2026\\\/09\\\/andre-mendonca-15-960x540-1.webp\",\"articleSection\":[\"Dona Irene\"],\"inLanguage\":\"pt-BR\"},{\"@type\":\"WebPage\",\"@id\":\"https:\\\/\\\/www.notibras.com\\\/site\\\/a-suspeita-da-blindagem-para-ajudar-aliados\\\/\",\"url\":\"https:\\\/\\\/www.notibras.com\\\/site\\\/a-suspeita-da-blindagem-para-ajudar-aliados\\\/\",\"name\":\"A suspeita da blindagem para ajudar aliados - Notibras\",\"isPartOf\":{\"@id\":\"https:\\\/\\\/www.notibras.com\\\/site\\\/#website\"},\"primaryImageOfPage\":{\"@id\":\"https:\\\/\\\/www.notibras.com\\\/site\\\/a-suspeita-da-blindagem-para-ajudar-aliados\\\/#primaryimage\"},\"image\":{\"@id\":\"https:\\\/\\\/www.notibras.com\\\/site\\\/a-suspeita-da-blindagem-para-ajudar-aliados\\\/#primaryimage\"},\"thumbnailUrl\":\"https:\\\/\\\/www.notibras.com\\\/site\\\/wp-content\\\/uploads\\\/2026\\\/09\\\/andre-mendonca-15-960x540-1.webp\",\"datePublished\":\"2026-09-04T05:00:38+00:00\",\"dateModified\":\"2026-09-04T05:07:04+00:00\",\"breadcrumb\":{\"@id\":\"https:\\\/\\\/www.notibras.com\\\/site\\\/a-suspeita-da-blindagem-para-ajudar-aliados\\\/#breadcrumb\"},\"inLanguage\":\"pt-BR\",\"potentialAction\":[{\"@type\":\"ReadAction\",\"target\":[\"https:\\\/\\\/www.notibras.com\\\/site\\\/a-suspeita-da-blindagem-para-ajudar-aliados\\\/\"]}]},{\"@type\":\"ImageObject\",\"inLanguage\":\"pt-BR\",\"@id\":\"https:\\\/\\\/www.notibras.com\\\/site\\\/a-suspeita-da-blindagem-para-ajudar-aliados\\\/#primaryimage\",\"url\":\"https:\\\/\\\/www.notibras.com\\\/site\\\/wp-content\\\/uploads\\\/2026\\\/09\\\/andre-mendonca-15-960x540-1.webp\",\"contentUrl\":\"https:\\\/\\\/www.notibras.com\\\/site\\\/wp-content\\\/uploads\\\/2026\\\/09\\\/andre-mendonca-15-960x540-1.webp\",\"width\":960,\"height\":540},{\"@type\":\"BreadcrumbList\",\"@id\":\"https:\\\/\\\/www.notibras.com\\\/site\\\/a-suspeita-da-blindagem-para-ajudar-aliados\\\/#breadcrumb\",\"itemListElement\":[{\"@type\":\"ListItem\",\"position\":1,\"name\":\"In\u00edcio\",\"item\":\"https:\\\/\\\/www.notibras.com\\\/site\\\/\"},{\"@type\":\"ListItem\",\"position\":2,\"name\":\"A suspeita da blindagem para ajudar aliados\"}]},{\"@type\":\"WebSite\",\"@id\":\"https:\\\/\\\/www.notibras.com\\\/site\\\/#website\",\"url\":\"https:\\\/\\\/www.notibras.com\\\/site\\\/\",\"name\":\"Notibras\",\"description\":\"Not\u00edcias de Bras\u00edlia, do Brasil e do Mundo\",\"publisher\":{\"@id\":\"https:\\\/\\\/www.notibras.com\\\/site\\\/#organization\"},\"potentialAction\":[{\"@type\":\"SearchAction\",\"target\":{\"@type\":\"EntryPoint\",\"urlTemplate\":\"https:\\\/\\\/www.notibras.com\\\/site\\\/?s={search_term_string}\"},\"query-input\":{\"@type\":\"PropertyValueSpecification\",\"valueRequired\":true,\"valueName\":\"search_term_string\"}}],\"inLanguage\":\"pt-BR\"},{\"@type\":\"Organization\",\"@id\":\"https:\\\/\\\/www.notibras.com\\\/site\\\/#organization\",\"name\":\"Grupo Notibras de Comunica\u00e7\u00e3o\",\"url\":\"https:\\\/\\\/www.notibras.com\\\/site\\\/\",\"logo\":{\"@type\":\"ImageObject\",\"inLanguage\":\"pt-BR\",\"@id\":\"https:\\\/\\\/www.notibras.com\\\/site\\\/#\\\/schema\\\/logo\\\/image\\\/\",\"url\":\"https:\\\/\\\/www.notibras.com\\\/site\\\/wp-content\\\/uploads\\\/2023\\\/01\\\/notibras23.png\",\"contentUrl\":\"https:\\\/\\\/www.notibras.com\\\/site\\\/wp-content\\\/uploads\\\/2023\\\/01\\\/notibras23.png\",\"width\":350,\"height\":87,\"caption\":\"Grupo Notibras de Comunica\u00e7\u00e3o\"},\"image\":{\"@id\":\"https:\\\/\\\/www.notibras.com\\\/site\\\/#\\\/schema\\\/logo\\\/image\\\/\"},\"sameAs\":[\"https:\\\/\\\/www.facebook.com\\\/notibras\\\/\",\"https:\\\/\\\/x.com\\\/Notibras\",\"https:\\\/\\\/www.instagram.com\\\/notibras\\\/\"]},{\"@type\":\"Person\",\"@id\":\"https:\\\/\\\/www.notibras.com\\\/site\\\/#\\\/schema\\\/person\\\/5b7fabf2aedc3ada2105f03b22b4d3dd\",\"name\":\"Eduardo Mart\u00ednez\",\"image\":{\"@type\":\"ImageObject\",\"inLanguage\":\"pt-BR\",\"@id\":\"https:\\\/\\\/secure.gravatar.com\\\/avatar\\\/7902f906289926289cbcda644b5197c796b893c6ffd7b9a536a42d290f7704a0?s=96&d=mm&r=g\",\"url\":\"https:\\\/\\\/secure.gravatar.com\\\/avatar\\\/7902f906289926289cbcda644b5197c796b893c6ffd7b9a536a42d290f7704a0?s=96&d=mm&r=g\",\"contentUrl\":\"https:\\\/\\\/secure.gravatar.com\\\/avatar\\\/7902f906289926289cbcda644b5197c796b893c6ffd7b9a536a42d290f7704a0?s=96&d=mm&r=g\",\"caption\":\"Eduardo Mart\u00ednez\"}}]}<\/script>\n<!-- \/ Yoast SEO plugin. -->","yoast_head_json":{"title":"A suspeita da blindagem para ajudar aliados - Notibras","robots":{"index":"index","follow":"follow","max-snippet":"max-snippet:-1","max-image-preview":"max-image-preview:large","max-video-preview":"max-video-preview:-1"},"canonical":"https:\/\/www.notibras.com\/site\/a-suspeita-da-blindagem-para-ajudar-aliados\/","og_locale":"pt_BR","og_type":"article","og_title":"A suspeita da blindagem para ajudar aliados - Notibras","og_description":"A crise no STF parece estar bem longe de chegar ao fim. Alexandre de Moraes encaminhou ao presidente da Corte, Edson Fachin, um pedido de investiga\u00e7\u00e3o contra o ministro Andr\u00e9 Mendon\u00e7a, apontando fortes ind\u00edcios de improbidade administrativa, abuso de autoridade e crime de responsabilidade. Moraes utilizou o chamado Inqu\u00e9rito das Fake News, aberto em 2019, [&hellip;]","og_url":"https:\/\/www.notibras.com\/site\/a-suspeita-da-blindagem-para-ajudar-aliados\/","og_site_name":"Notibras","article_publisher":"https:\/\/www.facebook.com\/notibras\/","article_published_time":"2026-09-04T05:00:38+00:00","article_modified_time":"2026-09-04T05:07:04+00:00","og_image":[{"width":960,"height":540,"url":"https:\/\/www.notibras.com\/site\/wp-content\/uploads\/2026\/09\/andre-mendonca-15-960x540-1.webp","type":"image\/webp"}],"author":"Eduardo Mart\u00ednez","twitter_card":"summary_large_image","twitter_creator":"@Notibras","twitter_site":"@Notibras","twitter_misc":{"Escrito por":"Eduardo Mart\u00ednez","Est. tempo de leitura":"2 minutos"},"schema":{"@context":"https:\/\/schema.org","@graph":[{"@type":"Article","@id":"https:\/\/www.notibras.com\/site\/a-suspeita-da-blindagem-para-ajudar-aliados\/#article","isPartOf":{"@id":"https:\/\/www.notibras.com\/site\/a-suspeita-da-blindagem-para-ajudar-aliados\/"},"author":{"name":"Eduardo Mart\u00ednez","@id":"https:\/\/www.notibras.com\/site\/#\/schema\/person\/5b7fabf2aedc3ada2105f03b22b4d3dd"},"headline":"A suspeita da blindagem para ajudar aliados","datePublished":"2026-09-04T05:00:38+00:00","dateModified":"2026-09-04T05:07:04+00:00","mainEntityOfPage":{"@id":"https:\/\/www.notibras.com\/site\/a-suspeita-da-blindagem-para-ajudar-aliados\/"},"wordCount":232,"publisher":{"@id":"https:\/\/www.notibras.com\/site\/#organization"},"image":{"@id":"https:\/\/www.notibras.com\/site\/a-suspeita-da-blindagem-para-ajudar-aliados\/#primaryimage"},"thumbnailUrl":"https:\/\/www.notibras.com\/site\/wp-content\/uploads\/2026\/09\/andre-mendonca-15-960x540-1.webp","articleSection":["Dona Irene"],"inLanguage":"pt-BR"},{"@type":"WebPage","@id":"https:\/\/www.notibras.com\/site\/a-suspeita-da-blindagem-para-ajudar-aliados\/","url":"https:\/\/www.notibras.com\/site\/a-suspeita-da-blindagem-para-ajudar-aliados\/","name":"A suspeita da blindagem para ajudar aliados - Notibras","isPartOf":{"@id":"https:\/\/www.notibras.com\/site\/#website"},"primaryImageOfPage":{"@id":"https:\/\/www.notibras.com\/site\/a-suspeita-da-blindagem-para-ajudar-aliados\/#primaryimage"},"image":{"@id":"https:\/\/www.notibras.com\/site\/a-suspeita-da-blindagem-para-ajudar-aliados\/#primaryimage"},"thumbnailUrl":"https:\/\/www.notibras.com\/site\/wp-content\/uploads\/2026\/09\/andre-mendonca-15-960x540-1.webp","datePublished":"2026-09-04T05:00:38+00:00","dateModified":"2026-09-04T05:07:04+00:00","breadcrumb":{"@id":"https:\/\/www.notibras.com\/site\/a-suspeita-da-blindagem-para-ajudar-aliados\/#breadcrumb"},"inLanguage":"pt-BR","potentialAction":[{"@type":"ReadAction","target":["https:\/\/www.notibras.com\/site\/a-suspeita-da-blindagem-para-ajudar-aliados\/"]}]},{"@type":"ImageObject","inLanguage":"pt-BR","@id":"https:\/\/www.notibras.com\/site\/a-suspeita-da-blindagem-para-ajudar-aliados\/#primaryimage","url":"https:\/\/www.notibras.com\/site\/wp-content\/uploads\/2026\/09\/andre-mendonca-15-960x540-1.webp","contentUrl":"https:\/\/www.notibras.com\/site\/wp-content\/uploads\/2026\/09\/andre-mendonca-15-960x540-1.webp","width":960,"height":540},{"@type":"BreadcrumbList","@id":"https:\/\/www.notibras.com\/site\/a-suspeita-da-blindagem-para-ajudar-aliados\/#breadcrumb","itemListElement":[{"@type":"ListItem","position":1,"name":"In\u00edcio","item":"https:\/\/www.notibras.com\/site\/"},{"@type":"ListItem","position":2,"name":"A suspeita da blindagem para ajudar aliados"}]},{"@type":"WebSite","@id":"https:\/\/www.notibras.com\/site\/#website","url":"https:\/\/www.notibras.com\/site\/","name":"Notibras","description":"Not\u00edcias de Bras\u00edlia, do Brasil e do Mundo","publisher":{"@id":"https:\/\/www.notibras.com\/site\/#organization"},"potentialAction":[{"@type":"SearchAction","target":{"@type":"EntryPoint","urlTemplate":"https:\/\/www.notibras.com\/site\/?s={search_term_string}"},"query-input":{"@type":"PropertyValueSpecification","valueRequired":true,"valueName":"search_term_string"}}],"inLanguage":"pt-BR"},{"@type":"Organization","@id":"https:\/\/www.notibras.com\/site\/#organization","name":"Grupo Notibras de Comunica\u00e7\u00e3o","url":"https:\/\/www.notibras.com\/site\/","logo":{"@type":"ImageObject","inLanguage":"pt-BR","@id":"https:\/\/www.notibras.com\/site\/#\/schema\/logo\/image\/","url":"https:\/\/www.notibras.com\/site\/wp-content\/uploads\/2023\/01\/notibras23.png","contentUrl":"https:\/\/www.notibras.com\/site\/wp-content\/uploads\/2023\/01\/notibras23.png","width":350,"height":87,"caption":"Grupo Notibras de Comunica\u00e7\u00e3o"},"image":{"@id":"https:\/\/www.notibras.com\/site\/#\/schema\/logo\/image\/"},"sameAs":["https:\/\/www.facebook.com\/notibras\/","https:\/\/x.com\/Notibras","https:\/\/www.instagram.com\/notibras\/"]},{"@type":"Person","@id":"https:\/\/www.notibras.com\/site\/#\/schema\/person\/5b7fabf2aedc3ada2105f03b22b4d3dd","name":"Eduardo Mart\u00ednez","image":{"@type":"ImageObject","inLanguage":"pt-BR","@id":"https:\/\/secure.gravatar.com\/avatar\/7902f906289926289cbcda644b5197c796b893c6ffd7b9a536a42d290f7704a0?s=96&d=mm&r=g","url":"https:\/\/secure.gravatar.com\/avatar\/7902f906289926289cbcda644b5197c796b893c6ffd7b9a536a42d290f7704a0?s=96&d=mm&r=g","contentUrl":"https:\/\/secure.gravatar.com\/avatar\/7902f906289926289cbcda644b5197c796b893c6ffd7b9a536a42d290f7704a0?s=96&d=mm&r=g","caption":"Eduardo Mart\u00ednez"}}]}},"_links":{"self":[{"href":"https:\/\/www.notibras.com\/site\/wp-json\/wp\/v2\/posts\/409124","targetHints":{"allow":["GET"]}}],"collection":[{"href":"https:\/\/www.notibras.com\/site\/wp-json\/wp\/v2\/posts"}],"about":[{"href":"https:\/\/www.notibras.com\/site\/wp-json\/wp\/v2\/types\/post"}],"author":[{"embeddable":true,"href":"https:\/\/www.notibras.com\/site\/wp-json\/wp\/v2\/users\/21"}],"replies":[{"embeddable":true,"href":"https:\/\/www.notibras.com\/site\/wp-json\/wp\/v2\/comments?post=409124"}],"version-history":[{"count":4,"href":"https:\/\/www.notibras.com\/site\/wp-json\/wp\/v2\/posts\/409124\/revisions"}],"predecessor-version":[{"id":409187,"href":"https:\/\/www.notibras.com\/site\/wp-json\/wp\/v2\/posts\/409124\/revisions\/409187"}],"wp:featuredmedia":[{"embeddable":true,"href":"https:\/\/www.notibras.com\/site\/wp-json\/wp\/v2\/media\/409125"}],"wp:attachment":[{"href":"https:\/\/www.notibras.com\/site\/wp-json\/wp\/v2\/media?parent=409124"}],"wp:term":[{"taxonomy":"category","embeddable":true,"href":"https:\/\/www.notibras.com\/site\/wp-json\/wp\/v2\/categories?post=409124"},{"taxonomy":"post_tag","embeddable":true,"href":"https:\/\/www.notibras.com\/site\/wp-json\/wp\/v2\/tags?post=409124"},{"taxonomy":"tmauthors","embeddable":true,"href":"https:\/\/www.notibras.com\/site\/wp-json\/wp\/v2\/tmauthors?post=409124"}],"curies":[{"name":"wp","href":"https:\/\/api.w.org\/{rel}","templated":true}]}}