{"id":409141,"date":"2026-09-03T18:02:29","date_gmt":"2026-09-03T21:02:29","guid":{"rendered":"https:\/\/www.notibras.com\/site\/?p=409141"},"modified":"2026-09-04T00:07:46","modified_gmt":"2026-09-04T03:07:46","slug":"arruda-cai-no-tre-leva-de-5-mas-aposta-no-tse","status":"publish","type":"post","link":"https:\/\/www.notibras.com\/site\/arruda-cai-no-tre-leva-de-5-mas-aposta-no-tse\/","title":{"rendered":"Arruda cai no TRE, leva de 5, mas aposta no TSE"},"content":{"rendered":"<p>A candidatura de Jos\u00e9 Roberto Arruda (PSD) ao Governo do Distrito Federal sofreu nesta quinta-feira, 3, o seu mais duro golpe desde o in\u00edcio da campanha. Por unanimidade, o Tribunal Regional Eleitoral do Distrito Federal rejeitou o pedido de registro do ex-governador. Foram cinco votos contra a candidatura e nenhum a favor.<\/p>\n<p>A decis\u00e3o, contudo, n\u00e3o significa que Arruda tenha de recolher imediatamente bandeiras, santinhos e carros de som. A batalha agora muda de endere\u00e7o, porque sai do TRE e segue para o Tribunal Superior Eleitoral (TSE), onde a defesa promete tentar reverter o resultado.<\/p>\n<p>Arruda j\u00e1 avisou que pretende continuar no p\u00e1reo. \u201cEu n\u00e3o vou desistir!\u201d, afirmou ap\u00f3s o julgamento, acrescentando que recorrer\u00e1 ao TSE e continuar\u00e1 sua caminhada eleitoral. At\u00e9 l\u00e1, permanece candidato sub judice.<\/p>\n<p>\u00c9 justamente essa condi\u00e7\u00e3o que permite ao ex-governador continuar fazendo campanha enquanto o recurso estiver pendente. O artigo 16-A da Lei das Elei\u00e7\u00f5es estabelece que o candidato cujo registro esteja sub judice pode praticar atos de campanha, utilizar o hor\u00e1rio eleitoral gratuito e ter o nome mantido na urna eletr\u00f4nica. A validade dos votos, por\u00e9m, fica condicionada ao deferimento do registro pela inst\u00e2ncia superior.<\/p>\n<p>O relator do processo no TRE, desembargador eleitoral Guilherme Pupe, votou pelo indeferimento do registro. O entendimento foi acompanhado pelos demais integrantes que participaram do julgamento. O desembargador N\u00e9viton Guedes declarou-se suspeito por j\u00e1 ter atuado em processos relacionados \u00e0 Opera\u00e7\u00e3o Caixa de Pandora quando integrava o Tribunal Regional Federal da 1\u00aa Regi\u00e3o.<\/p>\n<p>A controv\u00e9rsia gira em torno das condena\u00e7\u00f5es por improbidade administrativa impostas a Arruda e dos efeitos das mudan\u00e7as introduzidas na Lei da Ficha Limpa.<\/p>\n<p>O Minist\u00e9rio P\u00fablico Eleitoral sustenta que o ex-governador continua ineleg\u00edvel. Segundo a argumenta\u00e7\u00e3o acolhida no julgamento, as condena\u00e7\u00f5es n\u00e3o poderiam ser tratadas como decorrentes de um \u00fanico fato para efeito de contagem do per\u00edodo de inelegibilidade. O procurador regional eleitoral defendeu que o impedimento alcan\u00e7aria dezembro de 2030. A defesa de Arruda sustenta interpreta\u00e7\u00e3o diferente e argumenta que o per\u00edodo de inelegibilidade j\u00e1 se encerrou.<\/p>\n<p>\u00c9 essa discuss\u00e3o que agora dever\u00e1 chegar ao TSE. Mas, e se Arruda perder novamente? \u00c9 a\u00ed que come\u00e7a uma segunda batalha, desta vez dentro da pr\u00f3pria engenharia eleitoral da coliga\u00e7\u00e3o Resgatar Bras\u00edlia. A chapa registrada tem Arruda como candidato a governador e Luiz Pitiman, como candidato a vice. Se o TSE mantiver o indeferimento e a situa\u00e7\u00e3o jur\u00eddica exigir a retirada de Arruda, Pitiman n\u00e3o se transforma automaticamente em candidato a governador.<\/p>\n<p>A Lei 9.504\/1997 estabelece que partido ou coliga\u00e7\u00e3o pode substituir candidato considerado ineleg\u00edvel ou que tenha o registro indeferido ou cancelado. Nas elei\u00e7\u00f5es majorit\u00e1rias disputadas por coliga\u00e7\u00e3o, essa substitui\u00e7\u00e3o depende de decis\u00e3o da maioria absoluta dos \u00f3rg\u00e3os executivos de dire\u00e7\u00e3o dos partidos que a integram, observadas as regras previstas na legisla\u00e7\u00e3o.<\/p>\n<p>Pitiman, portanto, pode ser escolhido para ocupar a cabe\u00e7a de chapa. Politicamente, seria uma das solu\u00e7\u00f5es poss\u00edveis. Juridicamente, entretanto, n\u00e3o existe uma esp\u00e9cie de linha sucess\u00f3ria autom\u00e1tica que transforme o candidato a vice em candidato a governador antes da elei\u00e7\u00e3o.<\/p>\n<p>A coliga\u00e7\u00e3o poder\u00e1 optar por Pitiman ou, atendidas as exig\u00eancias legais, escolher outro nome para substituir Arruda. Se Pitiman subir para a cabe\u00e7a da chapa, ser\u00e1 necess\u00e1rio ainda recompor a candidatura majorit\u00e1ria com um nome para vice. Em outras palavras, uma eventual derrota definitiva de Arruda pode abrir n\u00e3o apenas uma crise jur\u00eddica, mas tamb\u00e9m uma negocia\u00e7\u00e3o pol\u00edtica entre os partidos aliados.<\/p>\n<p>Outro advers\u00e1rio que existe nessa disputa \u00e9 o calend\u00e1rio. O artigo 13 da Lei das Elei\u00e7\u00f5es estabelece que o registro do substituto deve ser requerido em at\u00e9 dez dias contados do fato ou da notifica\u00e7\u00e3o da decis\u00e3o judicial que der causa \u00e0 substitui\u00e7\u00e3o. Mais importante ainda: como regra, a substitui\u00e7\u00e3o somente se efetiva se o novo pedido for apresentado at\u00e9 20 dias antes da elei\u00e7\u00e3o. A exce\u00e7\u00e3o \u00e9 a morte de candidato.<\/p>\n<p>Considerando que o primeiro turno ser\u00e1 realizado em 4 de outubro, esse marco cai em 14 de setembro. \u00c9 por isso que os pr\u00f3ximos dias ganham import\u00e2ncia extraordin\u00e1ria para Arruda e seus aliados. Quanto mais a controv\u00e9rsia se aproximar das urnas, menor ser\u00e1 o espa\u00e7o para uma solu\u00e7\u00e3o convencional mediante substitui\u00e7\u00e3o da candidatura.<\/p>\n<p>O pr\u00f3prio TRE-DF j\u00e1 havia explicado que 14 de setembro \u00e9 o marco de 20 dias antes do primeiro turno e que decis\u00f5es da Corte regional ainda podem ser levadas ao TSE. Por\u00e9m, dentro desse tabuleiro h\u00e1 um cen\u00e1rio ainda mais explosivo. Se Arruda chegar ao dia da vota\u00e7\u00e3o com o registro sub judice, a legisla\u00e7\u00e3o permite que seu nome permane\u00e7a na urna. Entretanto, os votos recebidos estar\u00e3o condicionados ao resultado definitivo da disputa judicial.<\/p>\n<p>O artigo 16-A \u00e9 claro ao estabelecer que a validade dos votos atribu\u00eddos ao candidato nessa condi\u00e7\u00e3o depende do deferimento do registro pela inst\u00e2ncia superior. Isso significa que o eleitor pode apertar o n\u00famero de Arruda na urna sem que, naquele momento, esteja definitivamente resolvido se esses votos produzir\u00e3o efeito. E essa possibilidade acrescenta uma dose consider\u00e1vel de incerteza a uma elei\u00e7\u00e3o que j\u00e1 vinha sendo marcada pela disputa judicial em torno do ex-governador.<\/p>\n<p>A pergunta que inevitavelmente passa a circular nos bastidores \u00e9 simples: se Arruda cair definitivamente, Pitiman assume? A resposta \u00e9 sim, mas n\u00e3o automaticamente. Antes da elei\u00e7\u00e3o, estamos tratando de substitui\u00e7\u00e3o de candidatura, e n\u00e3o da sucess\u00e3o constitucional de um governador j\u00e1 eleito e empossado. S\u00e3o situa\u00e7\u00f5es juridicamente diferentes. Pitiman \u00e9 o vice registrado de Arruda, mas a eventual exclus\u00e3o do candidato a governador obriga a coliga\u00e7\u00e3o a observar o procedimento previsto na legisla\u00e7\u00e3o eleitoral para recompor a chapa.<\/p>\n<p>H\u00e1 ainda uma peculiaridade para um eventual segundo turno. A Lei das Elei\u00e7\u00f5es determina que, se antes da segunda vota\u00e7\u00e3o ocorrer morte, desist\u00eancia ou impedimento legal de um candidato, ser\u00e1 convocado, entre os remanescentes, aquele que tiver obtido a maior vota\u00e7\u00e3o. Ou seja, nem mesmo nessa hip\u00f3tese a legisla\u00e7\u00e3o estabelece simplesmente a promo\u00e7\u00e3o autom\u00e1tica do vice.<\/p>\n<p>A campanha, pelo visto, continua, mas agora sob uma enorme interroga\u00e7\u00e3o. \u00c9 que Arruda saiu do processo derrotado por goleada, mas n\u00e3o saiu da campanha. Pelo menos por enquanto. Ele insiste em que continuar\u00e1 percorrendo as ruas, pedindo votos e tentando convencer o eleitor de que poder\u00e1 voltar ao Pal\u00e1cio do Buriti. Paralelamente, seus advogados ter\u00e3o uma miss\u00e3o talvez ainda mais importante, que \u00e9 convencer o TSE de que o TRE-DF interpretou incorretamente os efeitos das condena\u00e7\u00f5es e da legisla\u00e7\u00e3o sobre inelegibilidade.<\/p>\n<p>A elei\u00e7\u00e3o do Distrito Federal passa, assim, a ser disputada simultaneamente em dois palcos. Um est\u00e1 nas ruas, nos debates, no hor\u00e1rio eleitoral e nas pesquisas de inten\u00e7\u00e3o de voto. O outro estar\u00e1 nos autos do Tribunal Superior Eleitoral. E existe uma diferen\u00e7a fundamental entre os dois, porque se nas ruas, Arruda precisa convencer o eleitor, no tribunal, precisa convencer os ministros.<\/p>\n<p>Se vencer a batalha jur\u00eddica, seguir\u00e1 atr\u00e1s dos votos necess\u00e1rios para tentar retornar ao Buriti. Se perder, a coliga\u00e7\u00e3o ter\u00e1 de olhar para o calend\u00e1rio, reunir seus partidos e decidir rapidamente quem carregar\u00e1 sua bandeira at\u00e9 as urnas. Pode at\u00e9 ser Luiz Pitiman, mas, ao contr\u00e1rio do que ocorre numa sucess\u00e3o depois da posse, a cadeira de candidato a governador n\u00e3o passa automaticamente do titular para o vice.<\/p>\n","protected":false},"excerpt":{"rendered":"<p>A candidatura de Jos\u00e9 Roberto Arruda (PSD) ao Governo do Distrito Federal sofreu nesta quinta-feira, 3, o seu mais duro golpe desde o in\u00edcio da campanha. Por unanimidade, o Tribunal Regional Eleitoral do Distrito Federal rejeitou o pedido de registro do ex-governador. Foram cinco votos contra a candidatura e nenhum a favor. A decis\u00e3o, contudo, [&hellip;]<\/p>\n","protected":false},"author":2,"featured_media":409142,"comment_status":"closed","ping_status":"closed","sticky":false,"template":"","format":"standard","meta":{"_acf_changed":false,"footnotes":""},"categories":[239],"tags":[95],"tmauthors":[307],"class_list":["post-409141","post","type-post","status-publish","format-standard","has-post-thumbnail","category-eleicoes-brasilia","tag-capa"],"acf":[],"yoast_head":"<!-- This site is optimized with the Yoast SEO plugin v28.0 - https:\/\/yoast.com\/product\/yoast-seo-wordpress\/ -->\n<title>Arruda cai no TRE, leva de 5, mas aposta no TSE - Notibras<\/title>\n<meta name=\"robots\" content=\"index, follow, max-snippet:-1, max-image-preview:large, max-video-preview:-1\" \/>\n<link rel=\"canonical\" href=\"https:\/\/www.notibras.com\/site\/arruda-cai-no-tre-leva-de-5-mas-aposta-no-tse\/\" \/>\n<meta property=\"og:locale\" content=\"pt_BR\" \/>\n<meta property=\"og:type\" content=\"article\" \/>\n<meta property=\"og:title\" content=\"Arruda cai no TRE, leva de 5, mas aposta no TSE - Notibras\" \/>\n<meta property=\"og:description\" content=\"A candidatura de Jos\u00e9 Roberto Arruda (PSD) ao Governo do Distrito Federal sofreu nesta quinta-feira, 3, o seu mais duro golpe desde o in\u00edcio da campanha. Por unanimidade, o Tribunal Regional Eleitoral do Distrito Federal rejeitou o pedido de registro do ex-governador. Foram cinco votos contra a candidatura e nenhum a favor. A decis\u00e3o, contudo, [&hellip;]\" \/>\n<meta property=\"og:url\" content=\"https:\/\/www.notibras.com\/site\/arruda-cai-no-tre-leva-de-5-mas-aposta-no-tse\/\" \/>\n<meta property=\"og:site_name\" content=\"Notibras\" \/>\n<meta property=\"article:publisher\" content=\"https:\/\/www.facebook.com\/notibras\/\" \/>\n<meta property=\"article:published_time\" content=\"2026-09-03T21:02:29+00:00\" \/>\n<meta property=\"article:modified_time\" content=\"2026-09-04T03:07:46+00:00\" \/>\n<meta name=\"author\" content=\"Reda\u00e7\u00e3o\" \/>\n<meta name=\"twitter:card\" content=\"summary_large_image\" \/>\n<meta name=\"twitter:creator\" content=\"@Notibras\" \/>\n<meta name=\"twitter:site\" content=\"@Notibras\" \/>\n<meta name=\"twitter:label1\" content=\"Escrito por\" \/>\n\t<meta name=\"twitter:data1\" content=\"Reda\u00e7\u00e3o\" \/>\n\t<meta name=\"twitter:label2\" content=\"Est. tempo de leitura\" \/>\n\t<meta name=\"twitter:data2\" content=\"7 minutos\" \/>\n<script type=\"application\/ld+json\" class=\"yoast-schema-graph\">{\"@context\":\"https:\\\/\\\/schema.org\",\"@graph\":[{\"@type\":\"Article\",\"@id\":\"https:\\\/\\\/www.notibras.com\\\/site\\\/arruda-cai-no-tre-leva-de-5-mas-aposta-no-tse\\\/#article\",\"isPartOf\":{\"@id\":\"https:\\\/\\\/www.notibras.com\\\/site\\\/arruda-cai-no-tre-leva-de-5-mas-aposta-no-tse\\\/\"},\"author\":{\"name\":\"Reda\u00e7\u00e3o\",\"@id\":\"https:\\\/\\\/www.notibras.com\\\/site\\\/#\\\/schema\\\/person\\\/36ab0979449956132d3e5b517ea76ac8\"},\"headline\":\"Arruda cai no TRE, leva de 5, mas aposta no TSE\",\"datePublished\":\"2026-09-03T21:02:29+00:00\",\"dateModified\":\"2026-09-04T03:07:46+00:00\",\"mainEntityOfPage\":{\"@id\":\"https:\\\/\\\/www.notibras.com\\\/site\\\/arruda-cai-no-tre-leva-de-5-mas-aposta-no-tse\\\/\"},\"wordCount\":1298,\"publisher\":{\"@id\":\"https:\\\/\\\/www.notibras.com\\\/site\\\/#organization\"},\"image\":{\"@id\":\"https:\\\/\\\/www.notibras.com\\\/site\\\/arruda-cai-no-tre-leva-de-5-mas-aposta-no-tse\\\/#primaryimage\"},\"thumbnailUrl\":\"https:\\\/\\\/www.notibras.com\\\/site\\\/wp-content\\\/uploads\\\/2026\\\/09\\\/arruda.divulgacao.avif\",\"keywords\":[\"capa\"],\"articleSection\":[\"Elei\u00e7\u00f5es Bras\u00edlia\"],\"inLanguage\":\"pt-BR\"},{\"@type\":\"WebPage\",\"@id\":\"https:\\\/\\\/www.notibras.com\\\/site\\\/arruda-cai-no-tre-leva-de-5-mas-aposta-no-tse\\\/\",\"url\":\"https:\\\/\\\/www.notibras.com\\\/site\\\/arruda-cai-no-tre-leva-de-5-mas-aposta-no-tse\\\/\",\"name\":\"Arruda cai no TRE, leva de 5, mas aposta no TSE - Notibras\",\"isPartOf\":{\"@id\":\"https:\\\/\\\/www.notibras.com\\\/site\\\/#website\"},\"primaryImageOfPage\":{\"@id\":\"https:\\\/\\\/www.notibras.com\\\/site\\\/arruda-cai-no-tre-leva-de-5-mas-aposta-no-tse\\\/#primaryimage\"},\"image\":{\"@id\":\"https:\\\/\\\/www.notibras.com\\\/site\\\/arruda-cai-no-tre-leva-de-5-mas-aposta-no-tse\\\/#primaryimage\"},\"thumbnailUrl\":\"https:\\\/\\\/www.notibras.com\\\/site\\\/wp-content\\\/uploads\\\/2026\\\/09\\\/arruda.divulgacao.avif\",\"datePublished\":\"2026-09-03T21:02:29+00:00\",\"dateModified\":\"2026-09-04T03:07:46+00:00\",\"breadcrumb\":{\"@id\":\"https:\\\/\\\/www.notibras.com\\\/site\\\/arruda-cai-no-tre-leva-de-5-mas-aposta-no-tse\\\/#breadcrumb\"},\"inLanguage\":\"pt-BR\",\"potentialAction\":[{\"@type\":\"ReadAction\",\"target\":[\"https:\\\/\\\/www.notibras.com\\\/site\\\/arruda-cai-no-tre-leva-de-5-mas-aposta-no-tse\\\/\"]}]},{\"@type\":\"ImageObject\",\"inLanguage\":\"pt-BR\",\"@id\":\"https:\\\/\\\/www.notibras.com\\\/site\\\/arruda-cai-no-tre-leva-de-5-mas-aposta-no-tse\\\/#primaryimage\",\"url\":\"https:\\\/\\\/www.notibras.com\\\/site\\\/wp-content\\\/uploads\\\/2026\\\/09\\\/arruda.divulgacao.avif\",\"contentUrl\":\"https:\\\/\\\/www.notibras.com\\\/site\\\/wp-content\\\/uploads\\\/2026\\\/09\\\/arruda.divulgacao.avif\",\"width\":984,\"height\":554},{\"@type\":\"BreadcrumbList\",\"@id\":\"https:\\\/\\\/www.notibras.com\\\/site\\\/arruda-cai-no-tre-leva-de-5-mas-aposta-no-tse\\\/#breadcrumb\",\"itemListElement\":[{\"@type\":\"ListItem\",\"position\":1,\"name\":\"In\u00edcio\",\"item\":\"https:\\\/\\\/www.notibras.com\\\/site\\\/\"},{\"@type\":\"ListItem\",\"position\":2,\"name\":\"Arruda cai no TRE, leva de 5, mas aposta no TSE\"}]},{\"@type\":\"WebSite\",\"@id\":\"https:\\\/\\\/www.notibras.com\\\/site\\\/#website\",\"url\":\"https:\\\/\\\/www.notibras.com\\\/site\\\/\",\"name\":\"Notibras\",\"description\":\"Not\u00edcias de Bras\u00edlia, do Brasil e do Mundo\",\"publisher\":{\"@id\":\"https:\\\/\\\/www.notibras.com\\\/site\\\/#organization\"},\"potentialAction\":[{\"@type\":\"SearchAction\",\"target\":{\"@type\":\"EntryPoint\",\"urlTemplate\":\"https:\\\/\\\/www.notibras.com\\\/site\\\/?s={search_term_string}\"},\"query-input\":{\"@type\":\"PropertyValueSpecification\",\"valueRequired\":true,\"valueName\":\"search_term_string\"}}],\"inLanguage\":\"pt-BR\"},{\"@type\":\"Organization\",\"@id\":\"https:\\\/\\\/www.notibras.com\\\/site\\\/#organization\",\"name\":\"Grupo Notibras de Comunica\u00e7\u00e3o\",\"url\":\"https:\\\/\\\/www.notibras.com\\\/site\\\/\",\"logo\":{\"@type\":\"ImageObject\",\"inLanguage\":\"pt-BR\",\"@id\":\"https:\\\/\\\/www.notibras.com\\\/site\\\/#\\\/schema\\\/logo\\\/image\\\/\",\"url\":\"https:\\\/\\\/www.notibras.com\\\/site\\\/wp-content\\\/uploads\\\/2023\\\/01\\\/notibras23.png\",\"contentUrl\":\"https:\\\/\\\/www.notibras.com\\\/site\\\/wp-content\\\/uploads\\\/2023\\\/01\\\/notibras23.png\",\"width\":350,\"height\":87,\"caption\":\"Grupo Notibras de Comunica\u00e7\u00e3o\"},\"image\":{\"@id\":\"https:\\\/\\\/www.notibras.com\\\/site\\\/#\\\/schema\\\/logo\\\/image\\\/\"},\"sameAs\":[\"https:\\\/\\\/www.facebook.com\\\/notibras\\\/\",\"https:\\\/\\\/x.com\\\/Notibras\",\"https:\\\/\\\/www.instagram.com\\\/notibras\\\/\"]},{\"@type\":\"Person\",\"@id\":\"https:\\\/\\\/www.notibras.com\\\/site\\\/#\\\/schema\\\/person\\\/36ab0979449956132d3e5b517ea76ac8\",\"name\":\"Reda\u00e7\u00e3o\",\"image\":{\"@type\":\"ImageObject\",\"inLanguage\":\"pt-BR\",\"@id\":\"https:\\\/\\\/secure.gravatar.com\\\/avatar\\\/e0a867bdedb85fd243eadf09663511f96fc81e0720a4a42581f334ad4303aa6b?s=96&d=mm&r=g\",\"url\":\"https:\\\/\\\/secure.gravatar.com\\\/avatar\\\/e0a867bdedb85fd243eadf09663511f96fc81e0720a4a42581f334ad4303aa6b?s=96&d=mm&r=g\",\"contentUrl\":\"https:\\\/\\\/secure.gravatar.com\\\/avatar\\\/e0a867bdedb85fd243eadf09663511f96fc81e0720a4a42581f334ad4303aa6b?s=96&d=mm&r=g\",\"caption\":\"Reda\u00e7\u00e3o\"}}]}<\/script>\n<!-- \/ Yoast SEO plugin. -->","yoast_head_json":{"title":"Arruda cai no TRE, leva de 5, mas aposta no TSE - Notibras","robots":{"index":"index","follow":"follow","max-snippet":"max-snippet:-1","max-image-preview":"max-image-preview:large","max-video-preview":"max-video-preview:-1"},"canonical":"https:\/\/www.notibras.com\/site\/arruda-cai-no-tre-leva-de-5-mas-aposta-no-tse\/","og_locale":"pt_BR","og_type":"article","og_title":"Arruda cai no TRE, leva de 5, mas aposta no TSE - Notibras","og_description":"A candidatura de Jos\u00e9 Roberto Arruda (PSD) ao Governo do Distrito Federal sofreu nesta quinta-feira, 3, o seu mais duro golpe desde o in\u00edcio da campanha. Por unanimidade, o Tribunal Regional Eleitoral do Distrito Federal rejeitou o pedido de registro do ex-governador. Foram cinco votos contra a candidatura e nenhum a favor. A decis\u00e3o, contudo, [&hellip;]","og_url":"https:\/\/www.notibras.com\/site\/arruda-cai-no-tre-leva-de-5-mas-aposta-no-tse\/","og_site_name":"Notibras","article_publisher":"https:\/\/www.facebook.com\/notibras\/","article_published_time":"2026-09-03T21:02:29+00:00","article_modified_time":"2026-09-04T03:07:46+00:00","author":"Reda\u00e7\u00e3o","twitter_card":"summary_large_image","twitter_creator":"@Notibras","twitter_site":"@Notibras","twitter_misc":{"Escrito por":"Reda\u00e7\u00e3o","Est. tempo de leitura":"7 minutos"},"schema":{"@context":"https:\/\/schema.org","@graph":[{"@type":"Article","@id":"https:\/\/www.notibras.com\/site\/arruda-cai-no-tre-leva-de-5-mas-aposta-no-tse\/#article","isPartOf":{"@id":"https:\/\/www.notibras.com\/site\/arruda-cai-no-tre-leva-de-5-mas-aposta-no-tse\/"},"author":{"name":"Reda\u00e7\u00e3o","@id":"https:\/\/www.notibras.com\/site\/#\/schema\/person\/36ab0979449956132d3e5b517ea76ac8"},"headline":"Arruda cai no TRE, leva de 5, mas aposta no TSE","datePublished":"2026-09-03T21:02:29+00:00","dateModified":"2026-09-04T03:07:46+00:00","mainEntityOfPage":{"@id":"https:\/\/www.notibras.com\/site\/arruda-cai-no-tre-leva-de-5-mas-aposta-no-tse\/"},"wordCount":1298,"publisher":{"@id":"https:\/\/www.notibras.com\/site\/#organization"},"image":{"@id":"https:\/\/www.notibras.com\/site\/arruda-cai-no-tre-leva-de-5-mas-aposta-no-tse\/#primaryimage"},"thumbnailUrl":"https:\/\/www.notibras.com\/site\/wp-content\/uploads\/2026\/09\/arruda.divulgacao.avif","keywords":["capa"],"articleSection":["Elei\u00e7\u00f5es Bras\u00edlia"],"inLanguage":"pt-BR"},{"@type":"WebPage","@id":"https:\/\/www.notibras.com\/site\/arruda-cai-no-tre-leva-de-5-mas-aposta-no-tse\/","url":"https:\/\/www.notibras.com\/site\/arruda-cai-no-tre-leva-de-5-mas-aposta-no-tse\/","name":"Arruda cai no TRE, leva de 5, mas aposta no TSE - Notibras","isPartOf":{"@id":"https:\/\/www.notibras.com\/site\/#website"},"primaryImageOfPage":{"@id":"https:\/\/www.notibras.com\/site\/arruda-cai-no-tre-leva-de-5-mas-aposta-no-tse\/#primaryimage"},"image":{"@id":"https:\/\/www.notibras.com\/site\/arruda-cai-no-tre-leva-de-5-mas-aposta-no-tse\/#primaryimage"},"thumbnailUrl":"https:\/\/www.notibras.com\/site\/wp-content\/uploads\/2026\/09\/arruda.divulgacao.avif","datePublished":"2026-09-03T21:02:29+00:00","dateModified":"2026-09-04T03:07:46+00:00","breadcrumb":{"@id":"https:\/\/www.notibras.com\/site\/arruda-cai-no-tre-leva-de-5-mas-aposta-no-tse\/#breadcrumb"},"inLanguage":"pt-BR","potentialAction":[{"@type":"ReadAction","target":["https:\/\/www.notibras.com\/site\/arruda-cai-no-tre-leva-de-5-mas-aposta-no-tse\/"]}]},{"@type":"ImageObject","inLanguage":"pt-BR","@id":"https:\/\/www.notibras.com\/site\/arruda-cai-no-tre-leva-de-5-mas-aposta-no-tse\/#primaryimage","url":"https:\/\/www.notibras.com\/site\/wp-content\/uploads\/2026\/09\/arruda.divulgacao.avif","contentUrl":"https:\/\/www.notibras.com\/site\/wp-content\/uploads\/2026\/09\/arruda.divulgacao.avif","width":984,"height":554},{"@type":"BreadcrumbList","@id":"https:\/\/www.notibras.com\/site\/arruda-cai-no-tre-leva-de-5-mas-aposta-no-tse\/#breadcrumb","itemListElement":[{"@type":"ListItem","position":1,"name":"In\u00edcio","item":"https:\/\/www.notibras.com\/site\/"},{"@type":"ListItem","position":2,"name":"Arruda cai no TRE, leva de 5, mas aposta no TSE"}]},{"@type":"WebSite","@id":"https:\/\/www.notibras.com\/site\/#website","url":"https:\/\/www.notibras.com\/site\/","name":"Notibras","description":"Not\u00edcias de Bras\u00edlia, do Brasil e do Mundo","publisher":{"@id":"https:\/\/www.notibras.com\/site\/#organization"},"potentialAction":[{"@type":"SearchAction","target":{"@type":"EntryPoint","urlTemplate":"https:\/\/www.notibras.com\/site\/?s={search_term_string}"},"query-input":{"@type":"PropertyValueSpecification","valueRequired":true,"valueName":"search_term_string"}}],"inLanguage":"pt-BR"},{"@type":"Organization","@id":"https:\/\/www.notibras.com\/site\/#organization","name":"Grupo Notibras de Comunica\u00e7\u00e3o","url":"https:\/\/www.notibras.com\/site\/","logo":{"@type":"ImageObject","inLanguage":"pt-BR","@id":"https:\/\/www.notibras.com\/site\/#\/schema\/logo\/image\/","url":"https:\/\/www.notibras.com\/site\/wp-content\/uploads\/2023\/01\/notibras23.png","contentUrl":"https:\/\/www.notibras.com\/site\/wp-content\/uploads\/2023\/01\/notibras23.png","width":350,"height":87,"caption":"Grupo Notibras de Comunica\u00e7\u00e3o"},"image":{"@id":"https:\/\/www.notibras.com\/site\/#\/schema\/logo\/image\/"},"sameAs":["https:\/\/www.facebook.com\/notibras\/","https:\/\/x.com\/Notibras","https:\/\/www.instagram.com\/notibras\/"]},{"@type":"Person","@id":"https:\/\/www.notibras.com\/site\/#\/schema\/person\/36ab0979449956132d3e5b517ea76ac8","name":"Reda\u00e7\u00e3o","image":{"@type":"ImageObject","inLanguage":"pt-BR","@id":"https:\/\/secure.gravatar.com\/avatar\/e0a867bdedb85fd243eadf09663511f96fc81e0720a4a42581f334ad4303aa6b?s=96&d=mm&r=g","url":"https:\/\/secure.gravatar.com\/avatar\/e0a867bdedb85fd243eadf09663511f96fc81e0720a4a42581f334ad4303aa6b?s=96&d=mm&r=g","contentUrl":"https:\/\/secure.gravatar.com\/avatar\/e0a867bdedb85fd243eadf09663511f96fc81e0720a4a42581f334ad4303aa6b?s=96&d=mm&r=g","caption":"Reda\u00e7\u00e3o"}}]}},"_links":{"self":[{"href":"https:\/\/www.notibras.com\/site\/wp-json\/wp\/v2\/posts\/409141","targetHints":{"allow":["GET"]}}],"collection":[{"href":"https:\/\/www.notibras.com\/site\/wp-json\/wp\/v2\/posts"}],"about":[{"href":"https:\/\/www.notibras.com\/site\/wp-json\/wp\/v2\/types\/post"}],"author":[{"embeddable":true,"href":"https:\/\/www.notibras.com\/site\/wp-json\/wp\/v2\/users\/2"}],"replies":[{"embeddable":true,"href":"https:\/\/www.notibras.com\/site\/wp-json\/wp\/v2\/comments?post=409141"}],"version-history":[{"count":4,"href":"https:\/\/www.notibras.com\/site\/wp-json\/wp\/v2\/posts\/409141\/revisions"}],"predecessor-version":[{"id":409171,"href":"https:\/\/www.notibras.com\/site\/wp-json\/wp\/v2\/posts\/409141\/revisions\/409171"}],"wp:featuredmedia":[{"embeddable":true,"href":"https:\/\/www.notibras.com\/site\/wp-json\/wp\/v2\/media\/409142"}],"wp:attachment":[{"href":"https:\/\/www.notibras.com\/site\/wp-json\/wp\/v2\/media?parent=409141"}],"wp:term":[{"taxonomy":"category","embeddable":true,"href":"https:\/\/www.notibras.com\/site\/wp-json\/wp\/v2\/categories?post=409141"},{"taxonomy":"post_tag","embeddable":true,"href":"https:\/\/www.notibras.com\/site\/wp-json\/wp\/v2\/tags?post=409141"},{"taxonomy":"tmauthors","embeddable":true,"href":"https:\/\/www.notibras.com\/site\/wp-json\/wp\/v2\/tmauthors?post=409141"}],"curies":[{"name":"wp","href":"https:\/\/api.w.org\/{rel}","templated":true}]}}