{"id":409156,"date":"2026-09-04T00:30:52","date_gmt":"2026-09-04T03:30:52","guid":{"rendered":"https:\/\/www.notibras.com\/site\/?p=409156"},"modified":"2026-09-03T23:31:37","modified_gmt":"2026-09-04T02:31:37","slug":"acolhimento-a-populacao-em-situacao-de-rua-nesta-sexta-feira-4","status":"publish","type":"post","link":"https:\/\/www.notibras.com\/site\/acolhimento-a-populacao-em-situacao-de-rua-nesta-sexta-feira-4\/","title":{"rendered":"Acolhimento \u00e0 popula\u00e7\u00e3o em situa\u00e7\u00e3o de rua nesta sexta-feira (4)"},"content":{"rendered":"<div class=\"text-content\">\n<p>Nesta sexta-feira (4), a partir das 9h, servidores estar\u00e3o em Samambaia e no Plano Piloto para oferecer acolhimento e assist\u00eancia social a pessoas em situa\u00e7\u00e3o de rua que quiserem ajuda.<\/p>\n<p>Ap\u00f3s o atendimento, os pertences ser\u00e3o transportados ao endere\u00e7o indicado pelas pessoas atendidas ou, caso n\u00e3o haja um ponto fixo, os objetos pessoais ser\u00e3o levados a um dep\u00f3sito no SIA (Trecho 4, lotes 1380\/1420), para retirada em at\u00e9 60 dias, sem qualquer custo para o respons\u00e1vel.<\/p>\n<p>A divulga\u00e7\u00e3o das a\u00e7\u00f5es de acolhimento segue o que foi decidido pelo Supremo Tribunal Federal (STF) no \u00e2mbito do julgamento da Argui\u00e7\u00e3o de Descumprimento de Preceito Fundamental (ADPF) 976.<\/p>\n<p>A decis\u00e3o determina que o Poder Executivo Distrital divulgue \u201cpreviamente o dia, o hor\u00e1rio e o local das a\u00e7\u00f5es de zeladoria urbana nos seus respectivos sites\u201d e que preste \u201cinforma\u00e7\u00f5es claras sobre a destina\u00e7\u00e3o de bens porventura apreendidos, o local de armazenamento dos itens e o procedimento de recupera\u00e7\u00e3o do bem\u201d.<\/p>\n<p><strong>Pontos de a\u00e7\u00e3o em Samambaia:<\/strong><\/p>\n<p>1. QR\u00a0521, Pra\u00e7a do Cidad\u00e3o;<\/p>\n<p>2. \u00a0QN\u00a0325,\u00a0atr\u00e1s\u00a0do\u00a0Conjunto\u00a0B;<\/p>\n<\/div>\n<div class=\"text-content\">\n<p>3. \u00a0Quadra 127\/225;<\/p>\n<p>4. QS 431, em frente ao\u00a0Conjunto\u00a0E;<\/p>\n<p>5. QR 433\u00a0Conjunto 1 Casa 15;<\/p>\n<p>6. QR 833, pr\u00f3ximo ao\u00a0Conjunto 4;<\/p>\n<p>7. QR 425, pr\u00f3ximo ao bal\u00e3o da Primeira Avenida;<\/p>\n<p>8. QR 423, pr\u00f3ximo ao\u00a0Conjunto\u00a03 Lote 22;<\/p>\n<p>9. QN\u00a0419, pr\u00f3ximo ao Creas;<\/p>\n<p>10. QR 411\u00a0Conjunto\u00a0D;<\/p>\n<p>11. QS 409,\u00a0atr\u00e1s\u00a0do Caic Helena Reis;<\/p>\n<p>12. QN\/QR 405,\u00a0QN\u00a0403, conjuntos F, G, 5.<\/p>\n<p><strong>Pontos de a\u00e7\u00e3o no Plano Piloto:<\/strong><\/p>\n<p>1. Setor\u00a0Comercial\u00a0Sul;<\/p>\n<p>2. Eixo\u00a0Rodovi\u00e1rio\u00a0Sul\u00a0(Eix\u00e3o);<\/p>\n<p>3. \u00a0SCLS\u00a0412, ao lado da Drogasil;<\/p>\n<p>4. \u00a0SCLS\u00a0413, entre os blocos C e D, lateral da Drogaria Pacheco;<\/p>\n<p>5. CLS 415 Bl D, lateral da loja 20;<\/p>\n<p>6. Entre as quadras 114\/115 Sul;<\/p>\n<p>7. SQS\u00a0313, ao lado do parquinho de areia;<\/p>\n<p>8. Estrada Setor Policial Militar, ESPM, entre a sede da PRF e o cemit\u00e9rio Campo da Esperan\u00e7a.<\/p>\n<\/div>\n","protected":false},"excerpt":{"rendered":"<p>Nesta sexta-feira (4), a partir das 9h, servidores estar\u00e3o em Samambaia e no Plano Piloto para oferecer acolhimento e assist\u00eancia social a pessoas em situa\u00e7\u00e3o de rua que quiserem ajuda. Ap\u00f3s o atendimento, os pertences ser\u00e3o transportados ao endere\u00e7o indicado pelas pessoas atendidas ou, caso n\u00e3o haja um ponto fixo, os objetos pessoais ser\u00e3o levados [&hellip;]<\/p>\n","protected":false},"author":21,"featured_media":409157,"comment_status":"closed","ping_status":"closed","sticky":false,"template":"","format":"standard","meta":{"_acf_changed":false,"footnotes":""},"categories":[161],"tags":[],"tmauthors":[306],"class_list":["post-409156","post","type-post","status-publish","format-standard","has-post-thumbnail","category-quadradinho-em-foco"],"acf":[],"yoast_head":"<!-- This site is optimized with the Yoast SEO plugin v28.0 - https:\/\/yoast.com\/product\/yoast-seo-wordpress\/ -->\n<title>Acolhimento \u00e0 popula\u00e7\u00e3o em situa\u00e7\u00e3o de rua nesta sexta-feira (4) - Notibras<\/title>\n<meta name=\"robots\" content=\"index, follow, max-snippet:-1, max-image-preview:large, max-video-preview:-1\" \/>\n<link rel=\"canonical\" href=\"https:\/\/www.notibras.com\/site\/acolhimento-a-populacao-em-situacao-de-rua-nesta-sexta-feira-4\/\" \/>\n<meta property=\"og:locale\" content=\"pt_BR\" \/>\n<meta property=\"og:type\" content=\"article\" \/>\n<meta property=\"og:title\" content=\"Acolhimento \u00e0 popula\u00e7\u00e3o em situa\u00e7\u00e3o de rua nesta sexta-feira (4) - Notibras\" \/>\n<meta property=\"og:description\" content=\"Nesta sexta-feira (4), a partir das 9h, servidores estar\u00e3o em Samambaia e no Plano Piloto para oferecer acolhimento e assist\u00eancia social a pessoas em situa\u00e7\u00e3o de rua que quiserem ajuda. Ap\u00f3s o atendimento, os pertences ser\u00e3o transportados ao endere\u00e7o indicado pelas pessoas atendidas ou, caso n\u00e3o haja um ponto fixo, os objetos pessoais ser\u00e3o levados [&hellip;]\" \/>\n<meta property=\"og:url\" content=\"https:\/\/www.notibras.com\/site\/acolhimento-a-populacao-em-situacao-de-rua-nesta-sexta-feira-4\/\" \/>\n<meta property=\"og:site_name\" content=\"Notibras\" \/>\n<meta property=\"article:publisher\" content=\"https:\/\/www.facebook.com\/notibras\/\" \/>\n<meta property=\"article:published_time\" content=\"2026-09-04T03:30:52+00:00\" \/>\n<meta property=\"og:image\" content=\"https:\/\/www.notibras.com\/site\/wp-content\/uploads\/2026\/09\/Foto-Arquivo-Agencia-Brasilia-91.jpg\" \/>\n\t<meta property=\"og:image:width\" content=\"2048\" \/>\n\t<meta property=\"og:image:height\" content=\"1365\" \/>\n\t<meta property=\"og:image:type\" content=\"image\/jpeg\" \/>\n<meta name=\"author\" content=\"Eduardo Mart\u00ednez\" \/>\n<meta name=\"twitter:card\" content=\"summary_large_image\" \/>\n<meta name=\"twitter:creator\" content=\"@Notibras\" \/>\n<meta name=\"twitter:site\" content=\"@Notibras\" \/>\n<meta name=\"twitter:label1\" content=\"Escrito por\" \/>\n\t<meta name=\"twitter:data1\" content=\"Eduardo Mart\u00ednez\" \/>\n\t<meta name=\"twitter:label2\" content=\"Est. tempo de leitura\" \/>\n\t<meta name=\"twitter:data2\" content=\"2 minutos\" \/>\n<script type=\"application\/ld+json\" class=\"yoast-schema-graph\">{\"@context\":\"https:\\\/\\\/schema.org\",\"@graph\":[{\"@type\":\"Article\",\"@id\":\"https:\\\/\\\/www.notibras.com\\\/site\\\/acolhimento-a-populacao-em-situacao-de-rua-nesta-sexta-feira-4\\\/#article\",\"isPartOf\":{\"@id\":\"https:\\\/\\\/www.notibras.com\\\/site\\\/acolhimento-a-populacao-em-situacao-de-rua-nesta-sexta-feira-4\\\/\"},\"author\":{\"name\":\"Eduardo Mart\u00ednez\",\"@id\":\"https:\\\/\\\/www.notibras.com\\\/site\\\/#\\\/schema\\\/person\\\/5b7fabf2aedc3ada2105f03b22b4d3dd\"},\"headline\":\"Acolhimento \u00e0 popula\u00e7\u00e3o em situa\u00e7\u00e3o de rua nesta sexta-feira (4)\",\"datePublished\":\"2026-09-04T03:30:52+00:00\",\"mainEntityOfPage\":{\"@id\":\"https:\\\/\\\/www.notibras.com\\\/site\\\/acolhimento-a-populacao-em-situacao-de-rua-nesta-sexta-feira-4\\\/\"},\"wordCount\":316,\"publisher\":{\"@id\":\"https:\\\/\\\/www.notibras.com\\\/site\\\/#organization\"},\"image\":{\"@id\":\"https:\\\/\\\/www.notibras.com\\\/site\\\/acolhimento-a-populacao-em-situacao-de-rua-nesta-sexta-feira-4\\\/#primaryimage\"},\"thumbnailUrl\":\"https:\\\/\\\/www.notibras.com\\\/site\\\/wp-content\\\/uploads\\\/2026\\\/09\\\/Foto-Arquivo-Agencia-Brasilia-91.jpg\",\"articleSection\":[\"Quadradinho em Foco\"],\"inLanguage\":\"pt-BR\"},{\"@type\":\"WebPage\",\"@id\":\"https:\\\/\\\/www.notibras.com\\\/site\\\/acolhimento-a-populacao-em-situacao-de-rua-nesta-sexta-feira-4\\\/\",\"url\":\"https:\\\/\\\/www.notibras.com\\\/site\\\/acolhimento-a-populacao-em-situacao-de-rua-nesta-sexta-feira-4\\\/\",\"name\":\"Acolhimento \u00e0 popula\u00e7\u00e3o em situa\u00e7\u00e3o de rua nesta sexta-feira (4) - Notibras\",\"isPartOf\":{\"@id\":\"https:\\\/\\\/www.notibras.com\\\/site\\\/#website\"},\"primaryImageOfPage\":{\"@id\":\"https:\\\/\\\/www.notibras.com\\\/site\\\/acolhimento-a-populacao-em-situacao-de-rua-nesta-sexta-feira-4\\\/#primaryimage\"},\"image\":{\"@id\":\"https:\\\/\\\/www.notibras.com\\\/site\\\/acolhimento-a-populacao-em-situacao-de-rua-nesta-sexta-feira-4\\\/#primaryimage\"},\"thumbnailUrl\":\"https:\\\/\\\/www.notibras.com\\\/site\\\/wp-content\\\/uploads\\\/2026\\\/09\\\/Foto-Arquivo-Agencia-Brasilia-91.jpg\",\"datePublished\":\"2026-09-04T03:30:52+00:00\",\"breadcrumb\":{\"@id\":\"https:\\\/\\\/www.notibras.com\\\/site\\\/acolhimento-a-populacao-em-situacao-de-rua-nesta-sexta-feira-4\\\/#breadcrumb\"},\"inLanguage\":\"pt-BR\",\"potentialAction\":[{\"@type\":\"ReadAction\",\"target\":[\"https:\\\/\\\/www.notibras.com\\\/site\\\/acolhimento-a-populacao-em-situacao-de-rua-nesta-sexta-feira-4\\\/\"]}]},{\"@type\":\"ImageObject\",\"inLanguage\":\"pt-BR\",\"@id\":\"https:\\\/\\\/www.notibras.com\\\/site\\\/acolhimento-a-populacao-em-situacao-de-rua-nesta-sexta-feira-4\\\/#primaryimage\",\"url\":\"https:\\\/\\\/www.notibras.com\\\/site\\\/wp-content\\\/uploads\\\/2026\\\/09\\\/Foto-Arquivo-Agencia-Brasilia-91.jpg\",\"contentUrl\":\"https:\\\/\\\/www.notibras.com\\\/site\\\/wp-content\\\/uploads\\\/2026\\\/09\\\/Foto-Arquivo-Agencia-Brasilia-91.jpg\",\"width\":2048,\"height\":1365},{\"@type\":\"BreadcrumbList\",\"@id\":\"https:\\\/\\\/www.notibras.com\\\/site\\\/acolhimento-a-populacao-em-situacao-de-rua-nesta-sexta-feira-4\\\/#breadcrumb\",\"itemListElement\":[{\"@type\":\"ListItem\",\"position\":1,\"name\":\"In\u00edcio\",\"item\":\"https:\\\/\\\/www.notibras.com\\\/site\\\/\"},{\"@type\":\"ListItem\",\"position\":2,\"name\":\"Acolhimento \u00e0 popula\u00e7\u00e3o em situa\u00e7\u00e3o de rua nesta sexta-feira (4)\"}]},{\"@type\":\"WebSite\",\"@id\":\"https:\\\/\\\/www.notibras.com\\\/site\\\/#website\",\"url\":\"https:\\\/\\\/www.notibras.com\\\/site\\\/\",\"name\":\"Notibras\",\"description\":\"Not\u00edcias de Bras\u00edlia, do Brasil e do Mundo\",\"publisher\":{\"@id\":\"https:\\\/\\\/www.notibras.com\\\/site\\\/#organization\"},\"potentialAction\":[{\"@type\":\"SearchAction\",\"target\":{\"@type\":\"EntryPoint\",\"urlTemplate\":\"https:\\\/\\\/www.notibras.com\\\/site\\\/?s={search_term_string}\"},\"query-input\":{\"@type\":\"PropertyValueSpecification\",\"valueRequired\":true,\"valueName\":\"search_term_string\"}}],\"inLanguage\":\"pt-BR\"},{\"@type\":\"Organization\",\"@id\":\"https:\\\/\\\/www.notibras.com\\\/site\\\/#organization\",\"name\":\"Grupo Notibras de Comunica\u00e7\u00e3o\",\"url\":\"https:\\\/\\\/www.notibras.com\\\/site\\\/\",\"logo\":{\"@type\":\"ImageObject\",\"inLanguage\":\"pt-BR\",\"@id\":\"https:\\\/\\\/www.notibras.com\\\/site\\\/#\\\/schema\\\/logo\\\/image\\\/\",\"url\":\"https:\\\/\\\/www.notibras.com\\\/site\\\/wp-content\\\/uploads\\\/2023\\\/01\\\/notibras23.png\",\"contentUrl\":\"https:\\\/\\\/www.notibras.com\\\/site\\\/wp-content\\\/uploads\\\/2023\\\/01\\\/notibras23.png\",\"width\":350,\"height\":87,\"caption\":\"Grupo Notibras de Comunica\u00e7\u00e3o\"},\"image\":{\"@id\":\"https:\\\/\\\/www.notibras.com\\\/site\\\/#\\\/schema\\\/logo\\\/image\\\/\"},\"sameAs\":[\"https:\\\/\\\/www.facebook.com\\\/notibras\\\/\",\"https:\\\/\\\/x.com\\\/Notibras\",\"https:\\\/\\\/www.instagram.com\\\/notibras\\\/\"]},{\"@type\":\"Person\",\"@id\":\"https:\\\/\\\/www.notibras.com\\\/site\\\/#\\\/schema\\\/person\\\/5b7fabf2aedc3ada2105f03b22b4d3dd\",\"name\":\"Eduardo Mart\u00ednez\",\"image\":{\"@type\":\"ImageObject\",\"inLanguage\":\"pt-BR\",\"@id\":\"https:\\\/\\\/secure.gravatar.com\\\/avatar\\\/7902f906289926289cbcda644b5197c796b893c6ffd7b9a536a42d290f7704a0?s=96&d=mm&r=g\",\"url\":\"https:\\\/\\\/secure.gravatar.com\\\/avatar\\\/7902f906289926289cbcda644b5197c796b893c6ffd7b9a536a42d290f7704a0?s=96&d=mm&r=g\",\"contentUrl\":\"https:\\\/\\\/secure.gravatar.com\\\/avatar\\\/7902f906289926289cbcda644b5197c796b893c6ffd7b9a536a42d290f7704a0?s=96&d=mm&r=g\",\"caption\":\"Eduardo Mart\u00ednez\"}}]}<\/script>\n<!-- \/ Yoast SEO plugin. -->","yoast_head_json":{"title":"Acolhimento \u00e0 popula\u00e7\u00e3o em situa\u00e7\u00e3o de rua nesta sexta-feira (4) - Notibras","robots":{"index":"index","follow":"follow","max-snippet":"max-snippet:-1","max-image-preview":"max-image-preview:large","max-video-preview":"max-video-preview:-1"},"canonical":"https:\/\/www.notibras.com\/site\/acolhimento-a-populacao-em-situacao-de-rua-nesta-sexta-feira-4\/","og_locale":"pt_BR","og_type":"article","og_title":"Acolhimento \u00e0 popula\u00e7\u00e3o em situa\u00e7\u00e3o de rua nesta sexta-feira (4) - Notibras","og_description":"Nesta sexta-feira (4), a partir das 9h, servidores estar\u00e3o em Samambaia e no Plano Piloto para oferecer acolhimento e assist\u00eancia social a pessoas em situa\u00e7\u00e3o de rua que quiserem ajuda. Ap\u00f3s o atendimento, os pertences ser\u00e3o transportados ao endere\u00e7o indicado pelas pessoas atendidas ou, caso n\u00e3o haja um ponto fixo, os objetos pessoais ser\u00e3o levados [&hellip;]","og_url":"https:\/\/www.notibras.com\/site\/acolhimento-a-populacao-em-situacao-de-rua-nesta-sexta-feira-4\/","og_site_name":"Notibras","article_publisher":"https:\/\/www.facebook.com\/notibras\/","article_published_time":"2026-09-04T03:30:52+00:00","og_image":[{"width":2048,"height":1365,"url":"https:\/\/www.notibras.com\/site\/wp-content\/uploads\/2026\/09\/Foto-Arquivo-Agencia-Brasilia-91.jpg","type":"image\/jpeg"}],"author":"Eduardo Mart\u00ednez","twitter_card":"summary_large_image","twitter_creator":"@Notibras","twitter_site":"@Notibras","twitter_misc":{"Escrito por":"Eduardo Mart\u00ednez","Est. tempo de leitura":"2 minutos"},"schema":{"@context":"https:\/\/schema.org","@graph":[{"@type":"Article","@id":"https:\/\/www.notibras.com\/site\/acolhimento-a-populacao-em-situacao-de-rua-nesta-sexta-feira-4\/#article","isPartOf":{"@id":"https:\/\/www.notibras.com\/site\/acolhimento-a-populacao-em-situacao-de-rua-nesta-sexta-feira-4\/"},"author":{"name":"Eduardo Mart\u00ednez","@id":"https:\/\/www.notibras.com\/site\/#\/schema\/person\/5b7fabf2aedc3ada2105f03b22b4d3dd"},"headline":"Acolhimento \u00e0 popula\u00e7\u00e3o em situa\u00e7\u00e3o de rua nesta sexta-feira (4)","datePublished":"2026-09-04T03:30:52+00:00","mainEntityOfPage":{"@id":"https:\/\/www.notibras.com\/site\/acolhimento-a-populacao-em-situacao-de-rua-nesta-sexta-feira-4\/"},"wordCount":316,"publisher":{"@id":"https:\/\/www.notibras.com\/site\/#organization"},"image":{"@id":"https:\/\/www.notibras.com\/site\/acolhimento-a-populacao-em-situacao-de-rua-nesta-sexta-feira-4\/#primaryimage"},"thumbnailUrl":"https:\/\/www.notibras.com\/site\/wp-content\/uploads\/2026\/09\/Foto-Arquivo-Agencia-Brasilia-91.jpg","articleSection":["Quadradinho em Foco"],"inLanguage":"pt-BR"},{"@type":"WebPage","@id":"https:\/\/www.notibras.com\/site\/acolhimento-a-populacao-em-situacao-de-rua-nesta-sexta-feira-4\/","url":"https:\/\/www.notibras.com\/site\/acolhimento-a-populacao-em-situacao-de-rua-nesta-sexta-feira-4\/","name":"Acolhimento \u00e0 popula\u00e7\u00e3o em situa\u00e7\u00e3o de rua nesta sexta-feira (4) - Notibras","isPartOf":{"@id":"https:\/\/www.notibras.com\/site\/#website"},"primaryImageOfPage":{"@id":"https:\/\/www.notibras.com\/site\/acolhimento-a-populacao-em-situacao-de-rua-nesta-sexta-feira-4\/#primaryimage"},"image":{"@id":"https:\/\/www.notibras.com\/site\/acolhimento-a-populacao-em-situacao-de-rua-nesta-sexta-feira-4\/#primaryimage"},"thumbnailUrl":"https:\/\/www.notibras.com\/site\/wp-content\/uploads\/2026\/09\/Foto-Arquivo-Agencia-Brasilia-91.jpg","datePublished":"2026-09-04T03:30:52+00:00","breadcrumb":{"@id":"https:\/\/www.notibras.com\/site\/acolhimento-a-populacao-em-situacao-de-rua-nesta-sexta-feira-4\/#breadcrumb"},"inLanguage":"pt-BR","potentialAction":[{"@type":"ReadAction","target":["https:\/\/www.notibras.com\/site\/acolhimento-a-populacao-em-situacao-de-rua-nesta-sexta-feira-4\/"]}]},{"@type":"ImageObject","inLanguage":"pt-BR","@id":"https:\/\/www.notibras.com\/site\/acolhimento-a-populacao-em-situacao-de-rua-nesta-sexta-feira-4\/#primaryimage","url":"https:\/\/www.notibras.com\/site\/wp-content\/uploads\/2026\/09\/Foto-Arquivo-Agencia-Brasilia-91.jpg","contentUrl":"https:\/\/www.notibras.com\/site\/wp-content\/uploads\/2026\/09\/Foto-Arquivo-Agencia-Brasilia-91.jpg","width":2048,"height":1365},{"@type":"BreadcrumbList","@id":"https:\/\/www.notibras.com\/site\/acolhimento-a-populacao-em-situacao-de-rua-nesta-sexta-feira-4\/#breadcrumb","itemListElement":[{"@type":"ListItem","position":1,"name":"In\u00edcio","item":"https:\/\/www.notibras.com\/site\/"},{"@type":"ListItem","position":2,"name":"Acolhimento \u00e0 popula\u00e7\u00e3o em situa\u00e7\u00e3o de rua nesta sexta-feira (4)"}]},{"@type":"WebSite","@id":"https:\/\/www.notibras.com\/site\/#website","url":"https:\/\/www.notibras.com\/site\/","name":"Notibras","description":"Not\u00edcias de Bras\u00edlia, do Brasil e do Mundo","publisher":{"@id":"https:\/\/www.notibras.com\/site\/#organization"},"potentialAction":[{"@type":"SearchAction","target":{"@type":"EntryPoint","urlTemplate":"https:\/\/www.notibras.com\/site\/?s={search_term_string}"},"query-input":{"@type":"PropertyValueSpecification","valueRequired":true,"valueName":"search_term_string"}}],"inLanguage":"pt-BR"},{"@type":"Organization","@id":"https:\/\/www.notibras.com\/site\/#organization","name":"Grupo Notibras de Comunica\u00e7\u00e3o","url":"https:\/\/www.notibras.com\/site\/","logo":{"@type":"ImageObject","inLanguage":"pt-BR","@id":"https:\/\/www.notibras.com\/site\/#\/schema\/logo\/image\/","url":"https:\/\/www.notibras.com\/site\/wp-content\/uploads\/2023\/01\/notibras23.png","contentUrl":"https:\/\/www.notibras.com\/site\/wp-content\/uploads\/2023\/01\/notibras23.png","width":350,"height":87,"caption":"Grupo Notibras de Comunica\u00e7\u00e3o"},"image":{"@id":"https:\/\/www.notibras.com\/site\/#\/schema\/logo\/image\/"},"sameAs":["https:\/\/www.facebook.com\/notibras\/","https:\/\/x.com\/Notibras","https:\/\/www.instagram.com\/notibras\/"]},{"@type":"Person","@id":"https:\/\/www.notibras.com\/site\/#\/schema\/person\/5b7fabf2aedc3ada2105f03b22b4d3dd","name":"Eduardo Mart\u00ednez","image":{"@type":"ImageObject","inLanguage":"pt-BR","@id":"https:\/\/secure.gravatar.com\/avatar\/7902f906289926289cbcda644b5197c796b893c6ffd7b9a536a42d290f7704a0?s=96&d=mm&r=g","url":"https:\/\/secure.gravatar.com\/avatar\/7902f906289926289cbcda644b5197c796b893c6ffd7b9a536a42d290f7704a0?s=96&d=mm&r=g","contentUrl":"https:\/\/secure.gravatar.com\/avatar\/7902f906289926289cbcda644b5197c796b893c6ffd7b9a536a42d290f7704a0?s=96&d=mm&r=g","caption":"Eduardo Mart\u00ednez"}}]}},"_links":{"self":[{"href":"https:\/\/www.notibras.com\/site\/wp-json\/wp\/v2\/posts\/409156","targetHints":{"allow":["GET"]}}],"collection":[{"href":"https:\/\/www.notibras.com\/site\/wp-json\/wp\/v2\/posts"}],"about":[{"href":"https:\/\/www.notibras.com\/site\/wp-json\/wp\/v2\/types\/post"}],"author":[{"embeddable":true,"href":"https:\/\/www.notibras.com\/site\/wp-json\/wp\/v2\/users\/21"}],"replies":[{"embeddable":true,"href":"https:\/\/www.notibras.com\/site\/wp-json\/wp\/v2\/comments?post=409156"}],"version-history":[{"count":2,"href":"https:\/\/www.notibras.com\/site\/wp-json\/wp\/v2\/posts\/409156\/revisions"}],"predecessor-version":[{"id":409159,"href":"https:\/\/www.notibras.com\/site\/wp-json\/wp\/v2\/posts\/409156\/revisions\/409159"}],"wp:featuredmedia":[{"embeddable":true,"href":"https:\/\/www.notibras.com\/site\/wp-json\/wp\/v2\/media\/409157"}],"wp:attachment":[{"href":"https:\/\/www.notibras.com\/site\/wp-json\/wp\/v2\/media?parent=409156"}],"wp:term":[{"taxonomy":"category","embeddable":true,"href":"https:\/\/www.notibras.com\/site\/wp-json\/wp\/v2\/categories?post=409156"},{"taxonomy":"post_tag","embeddable":true,"href":"https:\/\/www.notibras.com\/site\/wp-json\/wp\/v2\/tags?post=409156"},{"taxonomy":"tmauthors","embeddable":true,"href":"https:\/\/www.notibras.com\/site\/wp-json\/wp\/v2\/tmauthors?post=409156"}],"curies":[{"name":"wp","href":"https:\/\/api.w.org\/{rel}","templated":true}]}}