{"id":409163,"date":"2026-09-04T01:15:49","date_gmt":"2026-09-04T04:15:49","guid":{"rendered":"https:\/\/www.notibras.com\/site\/?p=409163"},"modified":"2026-09-03T23:53:28","modified_gmt":"2026-09-04T02:53:28","slug":"pcdf-prende-grupo-que-burlava-aplicativo","status":"publish","type":"post","link":"https:\/\/www.notibras.com\/site\/pcdf-prende-grupo-que-burlava-aplicativo\/","title":{"rendered":"PCDF prende grupo que burlava aplicativo"},"content":{"rendered":"<p>A Pol\u00edcia Civil do Distrito Federal desarticulou, na manh\u00e3 desta quinta-feira (3), uma organiza\u00e7\u00e3o criminosa especializada em fraudar cadastros de motoristas em aplicativos de transporte de passageiros. A opera\u00e7\u00e3o resultou no cumprimento de quatro mandados de pris\u00e3o \u2014 tr\u00eas na regi\u00e3o de Sobradinho e um em Rio Verde (GO) \u2014, capturando inclusive o homem apontado como o principal articulador do esquema, enquanto outros dois suspeitos permanecem foragidos.<\/p>\n<p>As investiga\u00e7\u00f5es revelaram que o bando conseguiu criar mais de 600 contas fraudulentas na plataforma, utilizando dados falsificados ou pertencentes a terceiros para ocultar a verdadeira identidade dos condutores. O objetivo central era burlar o sistema de seguran\u00e7a das empresas para inserir no mercado motoristas que n\u00e3o preenchiam os requisitos legais, incluindo indiv\u00edduos anteriormente bloqueados, pessoas sem carteira de habilita\u00e7\u00e3o e cidad\u00e3os com graves antecedentes criminais.<\/p>\n<p>Para atrair a clientela clandestina, os criminosos faziam an\u00fancios expl\u00edcitos prometendo o cadastro facilitado de pessoas sem CNH ou sem a observa\u00e7\u00e3o de Exerc\u00edcio de Atividade Remunerada (EAR) no documento. De acordo com as autoridades, essa engenharia criminosa criava um risco severo para a seguran\u00e7a p\u00fablica, uma vez que, se um crime fosse cometido durante as viagens, os registros do aplicativo apontariam para pessoas inocentes, inviabilizando o rastreamento e a responsabiliza\u00e7\u00e3o legal imediata.<\/p>\n<p>Durante a a\u00e7\u00e3o policial, os agentes tamb\u00e9m apreenderam ve\u00edculos, dispositivos eletr\u00f4nicos, documentos variados e cart\u00f5es banc\u00e1rios utilizados pela rede log\u00edstica do grupo. Os envolvidos responder\u00e3o formalmente pelos crimes de furto qualificado mediante fraude, associa\u00e7\u00e3o criminosa, falsidade ideol\u00f3gica, uso de documento falso e lavagem de dinheiro, com penas acumuladas que podem chegar a at\u00e9 32 anos de reclus\u00e3o.<\/p>\n","protected":false},"excerpt":{"rendered":"<p>A Pol\u00edcia Civil do Distrito Federal desarticulou, na manh\u00e3 desta quinta-feira (3), uma organiza\u00e7\u00e3o criminosa especializada em fraudar cadastros de motoristas em aplicativos de transporte de passageiros. A opera\u00e7\u00e3o resultou no cumprimento de quatro mandados de pris\u00e3o \u2014 tr\u00eas na regi\u00e3o de Sobradinho e um em Rio Verde (GO) \u2014, capturando inclusive o homem apontado [&hellip;]<\/p>\n","protected":false},"author":21,"featured_media":409164,"comment_status":"closed","ping_status":"closed","sticky":false,"template":"","format":"standard","meta":{"_acf_changed":false,"footnotes":""},"categories":[161],"tags":[],"tmauthors":[306],"class_list":["post-409163","post","type-post","status-publish","format-standard","has-post-thumbnail","category-quadradinho-em-foco"],"acf":[],"yoast_head":"<!-- This site is optimized with the Yoast SEO plugin v28.0 - https:\/\/yoast.com\/product\/yoast-seo-wordpress\/ -->\n<title>PCDF prende grupo que burlava aplicativo - Notibras<\/title>\n<meta name=\"robots\" content=\"index, follow, max-snippet:-1, max-image-preview:large, max-video-preview:-1\" \/>\n<link rel=\"canonical\" href=\"https:\/\/www.notibras.com\/site\/pcdf-prende-grupo-que-burlava-aplicativo\/\" \/>\n<meta property=\"og:locale\" content=\"pt_BR\" \/>\n<meta property=\"og:type\" content=\"article\" \/>\n<meta property=\"og:title\" content=\"PCDF prende grupo que burlava aplicativo - Notibras\" \/>\n<meta property=\"og:description\" content=\"A Pol\u00edcia Civil do Distrito Federal desarticulou, na manh\u00e3 desta quinta-feira (3), uma organiza\u00e7\u00e3o criminosa especializada em fraudar cadastros de motoristas em aplicativos de transporte de passageiros. A opera\u00e7\u00e3o resultou no cumprimento de quatro mandados de pris\u00e3o \u2014 tr\u00eas na regi\u00e3o de Sobradinho e um em Rio Verde (GO) \u2014, capturando inclusive o homem apontado [&hellip;]\" \/>\n<meta property=\"og:url\" content=\"https:\/\/www.notibras.com\/site\/pcdf-prende-grupo-que-burlava-aplicativo\/\" \/>\n<meta property=\"og:site_name\" content=\"Notibras\" \/>\n<meta property=\"article:publisher\" content=\"https:\/\/www.facebook.com\/notibras\/\" \/>\n<meta property=\"article:published_time\" content=\"2026-09-04T04:15:49+00:00\" \/>\n<meta property=\"og:image\" content=\"https:\/\/www.notibras.com\/site\/wp-content\/uploads\/2026\/09\/WhatsApp-Image-2026-09-03-at-23.52.23.jpeg\" \/>\n\t<meta property=\"og:image:width\" content=\"410\" \/>\n\t<meta property=\"og:image:height\" content=\"629\" \/>\n\t<meta property=\"og:image:type\" content=\"image\/jpeg\" \/>\n<meta name=\"author\" content=\"Eduardo Mart\u00ednez\" \/>\n<meta name=\"twitter:card\" content=\"summary_large_image\" \/>\n<meta name=\"twitter:creator\" content=\"@Notibras\" \/>\n<meta name=\"twitter:site\" content=\"@Notibras\" \/>\n<meta name=\"twitter:label1\" content=\"Escrito por\" \/>\n\t<meta name=\"twitter:data1\" content=\"Eduardo Mart\u00ednez\" \/>\n\t<meta name=\"twitter:label2\" content=\"Est. tempo de leitura\" \/>\n\t<meta name=\"twitter:data2\" content=\"2 minutos\" \/>\n<script type=\"application\/ld+json\" class=\"yoast-schema-graph\">{\"@context\":\"https:\\\/\\\/schema.org\",\"@graph\":[{\"@type\":\"Article\",\"@id\":\"https:\\\/\\\/www.notibras.com\\\/site\\\/pcdf-prende-grupo-que-burlava-aplicativo\\\/#article\",\"isPartOf\":{\"@id\":\"https:\\\/\\\/www.notibras.com\\\/site\\\/pcdf-prende-grupo-que-burlava-aplicativo\\\/\"},\"author\":{\"name\":\"Eduardo Mart\u00ednez\",\"@id\":\"https:\\\/\\\/www.notibras.com\\\/site\\\/#\\\/schema\\\/person\\\/5b7fabf2aedc3ada2105f03b22b4d3dd\"},\"headline\":\"PCDF prende grupo que burlava aplicativo\",\"datePublished\":\"2026-09-04T04:15:49+00:00\",\"mainEntityOfPage\":{\"@id\":\"https:\\\/\\\/www.notibras.com\\\/site\\\/pcdf-prende-grupo-que-burlava-aplicativo\\\/\"},\"wordCount\":294,\"publisher\":{\"@id\":\"https:\\\/\\\/www.notibras.com\\\/site\\\/#organization\"},\"image\":{\"@id\":\"https:\\\/\\\/www.notibras.com\\\/site\\\/pcdf-prende-grupo-que-burlava-aplicativo\\\/#primaryimage\"},\"thumbnailUrl\":\"https:\\\/\\\/www.notibras.com\\\/site\\\/wp-content\\\/uploads\\\/2026\\\/09\\\/WhatsApp-Image-2026-09-03-at-23.52.23.jpeg\",\"articleSection\":[\"Quadradinho em Foco\"],\"inLanguage\":\"pt-BR\"},{\"@type\":\"WebPage\",\"@id\":\"https:\\\/\\\/www.notibras.com\\\/site\\\/pcdf-prende-grupo-que-burlava-aplicativo\\\/\",\"url\":\"https:\\\/\\\/www.notibras.com\\\/site\\\/pcdf-prende-grupo-que-burlava-aplicativo\\\/\",\"name\":\"PCDF prende grupo que burlava aplicativo - Notibras\",\"isPartOf\":{\"@id\":\"https:\\\/\\\/www.notibras.com\\\/site\\\/#website\"},\"primaryImageOfPage\":{\"@id\":\"https:\\\/\\\/www.notibras.com\\\/site\\\/pcdf-prende-grupo-que-burlava-aplicativo\\\/#primaryimage\"},\"image\":{\"@id\":\"https:\\\/\\\/www.notibras.com\\\/site\\\/pcdf-prende-grupo-que-burlava-aplicativo\\\/#primaryimage\"},\"thumbnailUrl\":\"https:\\\/\\\/www.notibras.com\\\/site\\\/wp-content\\\/uploads\\\/2026\\\/09\\\/WhatsApp-Image-2026-09-03-at-23.52.23.jpeg\",\"datePublished\":\"2026-09-04T04:15:49+00:00\",\"breadcrumb\":{\"@id\":\"https:\\\/\\\/www.notibras.com\\\/site\\\/pcdf-prende-grupo-que-burlava-aplicativo\\\/#breadcrumb\"},\"inLanguage\":\"pt-BR\",\"potentialAction\":[{\"@type\":\"ReadAction\",\"target\":[\"https:\\\/\\\/www.notibras.com\\\/site\\\/pcdf-prende-grupo-que-burlava-aplicativo\\\/\"]}]},{\"@type\":\"ImageObject\",\"inLanguage\":\"pt-BR\",\"@id\":\"https:\\\/\\\/www.notibras.com\\\/site\\\/pcdf-prende-grupo-que-burlava-aplicativo\\\/#primaryimage\",\"url\":\"https:\\\/\\\/www.notibras.com\\\/site\\\/wp-content\\\/uploads\\\/2026\\\/09\\\/WhatsApp-Image-2026-09-03-at-23.52.23.jpeg\",\"contentUrl\":\"https:\\\/\\\/www.notibras.com\\\/site\\\/wp-content\\\/uploads\\\/2026\\\/09\\\/WhatsApp-Image-2026-09-03-at-23.52.23.jpeg\",\"width\":410,\"height\":629},{\"@type\":\"BreadcrumbList\",\"@id\":\"https:\\\/\\\/www.notibras.com\\\/site\\\/pcdf-prende-grupo-que-burlava-aplicativo\\\/#breadcrumb\",\"itemListElement\":[{\"@type\":\"ListItem\",\"position\":1,\"name\":\"In\u00edcio\",\"item\":\"https:\\\/\\\/www.notibras.com\\\/site\\\/\"},{\"@type\":\"ListItem\",\"position\":2,\"name\":\"PCDF prende grupo que burlava aplicativo\"}]},{\"@type\":\"WebSite\",\"@id\":\"https:\\\/\\\/www.notibras.com\\\/site\\\/#website\",\"url\":\"https:\\\/\\\/www.notibras.com\\\/site\\\/\",\"name\":\"Notibras\",\"description\":\"Not\u00edcias de Bras\u00edlia, do Brasil e do Mundo\",\"publisher\":{\"@id\":\"https:\\\/\\\/www.notibras.com\\\/site\\\/#organization\"},\"potentialAction\":[{\"@type\":\"SearchAction\",\"target\":{\"@type\":\"EntryPoint\",\"urlTemplate\":\"https:\\\/\\\/www.notibras.com\\\/site\\\/?s={search_term_string}\"},\"query-input\":{\"@type\":\"PropertyValueSpecification\",\"valueRequired\":true,\"valueName\":\"search_term_string\"}}],\"inLanguage\":\"pt-BR\"},{\"@type\":\"Organization\",\"@id\":\"https:\\\/\\\/www.notibras.com\\\/site\\\/#organization\",\"name\":\"Grupo Notibras de Comunica\u00e7\u00e3o\",\"url\":\"https:\\\/\\\/www.notibras.com\\\/site\\\/\",\"logo\":{\"@type\":\"ImageObject\",\"inLanguage\":\"pt-BR\",\"@id\":\"https:\\\/\\\/www.notibras.com\\\/site\\\/#\\\/schema\\\/logo\\\/image\\\/\",\"url\":\"https:\\\/\\\/www.notibras.com\\\/site\\\/wp-content\\\/uploads\\\/2023\\\/01\\\/notibras23.png\",\"contentUrl\":\"https:\\\/\\\/www.notibras.com\\\/site\\\/wp-content\\\/uploads\\\/2023\\\/01\\\/notibras23.png\",\"width\":350,\"height\":87,\"caption\":\"Grupo Notibras de Comunica\u00e7\u00e3o\"},\"image\":{\"@id\":\"https:\\\/\\\/www.notibras.com\\\/site\\\/#\\\/schema\\\/logo\\\/image\\\/\"},\"sameAs\":[\"https:\\\/\\\/www.facebook.com\\\/notibras\\\/\",\"https:\\\/\\\/x.com\\\/Notibras\",\"https:\\\/\\\/www.instagram.com\\\/notibras\\\/\"]},{\"@type\":\"Person\",\"@id\":\"https:\\\/\\\/www.notibras.com\\\/site\\\/#\\\/schema\\\/person\\\/5b7fabf2aedc3ada2105f03b22b4d3dd\",\"name\":\"Eduardo Mart\u00ednez\",\"image\":{\"@type\":\"ImageObject\",\"inLanguage\":\"pt-BR\",\"@id\":\"https:\\\/\\\/secure.gravatar.com\\\/avatar\\\/7902f906289926289cbcda644b5197c796b893c6ffd7b9a536a42d290f7704a0?s=96&d=mm&r=g\",\"url\":\"https:\\\/\\\/secure.gravatar.com\\\/avatar\\\/7902f906289926289cbcda644b5197c796b893c6ffd7b9a536a42d290f7704a0?s=96&d=mm&r=g\",\"contentUrl\":\"https:\\\/\\\/secure.gravatar.com\\\/avatar\\\/7902f906289926289cbcda644b5197c796b893c6ffd7b9a536a42d290f7704a0?s=96&d=mm&r=g\",\"caption\":\"Eduardo Mart\u00ednez\"}}]}<\/script>\n<!-- \/ Yoast SEO plugin. -->","yoast_head_json":{"title":"PCDF prende grupo que burlava aplicativo - Notibras","robots":{"index":"index","follow":"follow","max-snippet":"max-snippet:-1","max-image-preview":"max-image-preview:large","max-video-preview":"max-video-preview:-1"},"canonical":"https:\/\/www.notibras.com\/site\/pcdf-prende-grupo-que-burlava-aplicativo\/","og_locale":"pt_BR","og_type":"article","og_title":"PCDF prende grupo que burlava aplicativo - Notibras","og_description":"A Pol\u00edcia Civil do Distrito Federal desarticulou, na manh\u00e3 desta quinta-feira (3), uma organiza\u00e7\u00e3o criminosa especializada em fraudar cadastros de motoristas em aplicativos de transporte de passageiros. A opera\u00e7\u00e3o resultou no cumprimento de quatro mandados de pris\u00e3o \u2014 tr\u00eas na regi\u00e3o de Sobradinho e um em Rio Verde (GO) \u2014, capturando inclusive o homem apontado [&hellip;]","og_url":"https:\/\/www.notibras.com\/site\/pcdf-prende-grupo-que-burlava-aplicativo\/","og_site_name":"Notibras","article_publisher":"https:\/\/www.facebook.com\/notibras\/","article_published_time":"2026-09-04T04:15:49+00:00","og_image":[{"width":410,"height":629,"url":"https:\/\/www.notibras.com\/site\/wp-content\/uploads\/2026\/09\/WhatsApp-Image-2026-09-03-at-23.52.23.jpeg","type":"image\/jpeg"}],"author":"Eduardo Mart\u00ednez","twitter_card":"summary_large_image","twitter_creator":"@Notibras","twitter_site":"@Notibras","twitter_misc":{"Escrito por":"Eduardo Mart\u00ednez","Est. tempo de leitura":"2 minutos"},"schema":{"@context":"https:\/\/schema.org","@graph":[{"@type":"Article","@id":"https:\/\/www.notibras.com\/site\/pcdf-prende-grupo-que-burlava-aplicativo\/#article","isPartOf":{"@id":"https:\/\/www.notibras.com\/site\/pcdf-prende-grupo-que-burlava-aplicativo\/"},"author":{"name":"Eduardo Mart\u00ednez","@id":"https:\/\/www.notibras.com\/site\/#\/schema\/person\/5b7fabf2aedc3ada2105f03b22b4d3dd"},"headline":"PCDF prende grupo que burlava aplicativo","datePublished":"2026-09-04T04:15:49+00:00","mainEntityOfPage":{"@id":"https:\/\/www.notibras.com\/site\/pcdf-prende-grupo-que-burlava-aplicativo\/"},"wordCount":294,"publisher":{"@id":"https:\/\/www.notibras.com\/site\/#organization"},"image":{"@id":"https:\/\/www.notibras.com\/site\/pcdf-prende-grupo-que-burlava-aplicativo\/#primaryimage"},"thumbnailUrl":"https:\/\/www.notibras.com\/site\/wp-content\/uploads\/2026\/09\/WhatsApp-Image-2026-09-03-at-23.52.23.jpeg","articleSection":["Quadradinho em Foco"],"inLanguage":"pt-BR"},{"@type":"WebPage","@id":"https:\/\/www.notibras.com\/site\/pcdf-prende-grupo-que-burlava-aplicativo\/","url":"https:\/\/www.notibras.com\/site\/pcdf-prende-grupo-que-burlava-aplicativo\/","name":"PCDF prende grupo que burlava aplicativo - Notibras","isPartOf":{"@id":"https:\/\/www.notibras.com\/site\/#website"},"primaryImageOfPage":{"@id":"https:\/\/www.notibras.com\/site\/pcdf-prende-grupo-que-burlava-aplicativo\/#primaryimage"},"image":{"@id":"https:\/\/www.notibras.com\/site\/pcdf-prende-grupo-que-burlava-aplicativo\/#primaryimage"},"thumbnailUrl":"https:\/\/www.notibras.com\/site\/wp-content\/uploads\/2026\/09\/WhatsApp-Image-2026-09-03-at-23.52.23.jpeg","datePublished":"2026-09-04T04:15:49+00:00","breadcrumb":{"@id":"https:\/\/www.notibras.com\/site\/pcdf-prende-grupo-que-burlava-aplicativo\/#breadcrumb"},"inLanguage":"pt-BR","potentialAction":[{"@type":"ReadAction","target":["https:\/\/www.notibras.com\/site\/pcdf-prende-grupo-que-burlava-aplicativo\/"]}]},{"@type":"ImageObject","inLanguage":"pt-BR","@id":"https:\/\/www.notibras.com\/site\/pcdf-prende-grupo-que-burlava-aplicativo\/#primaryimage","url":"https:\/\/www.notibras.com\/site\/wp-content\/uploads\/2026\/09\/WhatsApp-Image-2026-09-03-at-23.52.23.jpeg","contentUrl":"https:\/\/www.notibras.com\/site\/wp-content\/uploads\/2026\/09\/WhatsApp-Image-2026-09-03-at-23.52.23.jpeg","width":410,"height":629},{"@type":"BreadcrumbList","@id":"https:\/\/www.notibras.com\/site\/pcdf-prende-grupo-que-burlava-aplicativo\/#breadcrumb","itemListElement":[{"@type":"ListItem","position":1,"name":"In\u00edcio","item":"https:\/\/www.notibras.com\/site\/"},{"@type":"ListItem","position":2,"name":"PCDF prende grupo que burlava aplicativo"}]},{"@type":"WebSite","@id":"https:\/\/www.notibras.com\/site\/#website","url":"https:\/\/www.notibras.com\/site\/","name":"Notibras","description":"Not\u00edcias de Bras\u00edlia, do Brasil e do Mundo","publisher":{"@id":"https:\/\/www.notibras.com\/site\/#organization"},"potentialAction":[{"@type":"SearchAction","target":{"@type":"EntryPoint","urlTemplate":"https:\/\/www.notibras.com\/site\/?s={search_term_string}"},"query-input":{"@type":"PropertyValueSpecification","valueRequired":true,"valueName":"search_term_string"}}],"inLanguage":"pt-BR"},{"@type":"Organization","@id":"https:\/\/www.notibras.com\/site\/#organization","name":"Grupo Notibras de Comunica\u00e7\u00e3o","url":"https:\/\/www.notibras.com\/site\/","logo":{"@type":"ImageObject","inLanguage":"pt-BR","@id":"https:\/\/www.notibras.com\/site\/#\/schema\/logo\/image\/","url":"https:\/\/www.notibras.com\/site\/wp-content\/uploads\/2023\/01\/notibras23.png","contentUrl":"https:\/\/www.notibras.com\/site\/wp-content\/uploads\/2023\/01\/notibras23.png","width":350,"height":87,"caption":"Grupo Notibras de Comunica\u00e7\u00e3o"},"image":{"@id":"https:\/\/www.notibras.com\/site\/#\/schema\/logo\/image\/"},"sameAs":["https:\/\/www.facebook.com\/notibras\/","https:\/\/x.com\/Notibras","https:\/\/www.instagram.com\/notibras\/"]},{"@type":"Person","@id":"https:\/\/www.notibras.com\/site\/#\/schema\/person\/5b7fabf2aedc3ada2105f03b22b4d3dd","name":"Eduardo Mart\u00ednez","image":{"@type":"ImageObject","inLanguage":"pt-BR","@id":"https:\/\/secure.gravatar.com\/avatar\/7902f906289926289cbcda644b5197c796b893c6ffd7b9a536a42d290f7704a0?s=96&d=mm&r=g","url":"https:\/\/secure.gravatar.com\/avatar\/7902f906289926289cbcda644b5197c796b893c6ffd7b9a536a42d290f7704a0?s=96&d=mm&r=g","contentUrl":"https:\/\/secure.gravatar.com\/avatar\/7902f906289926289cbcda644b5197c796b893c6ffd7b9a536a42d290f7704a0?s=96&d=mm&r=g","caption":"Eduardo Mart\u00ednez"}}]}},"_links":{"self":[{"href":"https:\/\/www.notibras.com\/site\/wp-json\/wp\/v2\/posts\/409163","targetHints":{"allow":["GET"]}}],"collection":[{"href":"https:\/\/www.notibras.com\/site\/wp-json\/wp\/v2\/posts"}],"about":[{"href":"https:\/\/www.notibras.com\/site\/wp-json\/wp\/v2\/types\/post"}],"author":[{"embeddable":true,"href":"https:\/\/www.notibras.com\/site\/wp-json\/wp\/v2\/users\/21"}],"replies":[{"embeddable":true,"href":"https:\/\/www.notibras.com\/site\/wp-json\/wp\/v2\/comments?post=409163"}],"version-history":[{"count":2,"href":"https:\/\/www.notibras.com\/site\/wp-json\/wp\/v2\/posts\/409163\/revisions"}],"predecessor-version":[{"id":409166,"href":"https:\/\/www.notibras.com\/site\/wp-json\/wp\/v2\/posts\/409163\/revisions\/409166"}],"wp:featuredmedia":[{"embeddable":true,"href":"https:\/\/www.notibras.com\/site\/wp-json\/wp\/v2\/media\/409164"}],"wp:attachment":[{"href":"https:\/\/www.notibras.com\/site\/wp-json\/wp\/v2\/media?parent=409163"}],"wp:term":[{"taxonomy":"category","embeddable":true,"href":"https:\/\/www.notibras.com\/site\/wp-json\/wp\/v2\/categories?post=409163"},{"taxonomy":"post_tag","embeddable":true,"href":"https:\/\/www.notibras.com\/site\/wp-json\/wp\/v2\/tags?post=409163"},{"taxonomy":"tmauthors","embeddable":true,"href":"https:\/\/www.notibras.com\/site\/wp-json\/wp\/v2\/tmauthors?post=409163"}],"curies":[{"name":"wp","href":"https:\/\/api.w.org\/{rel}","templated":true}]}}