{"id":409172,"date":"2026-09-04T01:15:18","date_gmt":"2026-09-04T04:15:18","guid":{"rendered":"https:\/\/www.notibras.com\/site\/?p=409172"},"modified":"2026-09-04T01:29:15","modified_gmt":"2026-09-04T04:29:15","slug":"ao-som-de-hugo-montenegro-o-homem-reencontra-o-menino-que-foi","status":"publish","type":"post","link":"https:\/\/www.notibras.com\/site\/ao-som-de-hugo-montenegro-o-homem-reencontra-o-menino-que-foi\/","title":{"rendered":"Ao som de Hugo Montenegro, o homem reencontra o menino que foi"},"content":{"rendered":"<p>Acabara de deix\u00e1-la em casa e voltava, cansado, percorrendo de carro aquela rua antiga, t\u00e3o conhecida. O celular, conectado ao r\u00e1dio, come\u00e7ou a tocar <em>Love Is Blue<\/em>, interpretada pela orquestra de Hugo Montenegro.<\/p>\n<p>De repente, a m\u00fasica me levou para muito longe no tempo. Lembrei-me imediatamente da \u00e9poca em que, fazendo o caminho inverso naquela mesma rua, ia com meu pai, a bordo de nosso velho autom\u00f3vel, para a casa de meu av\u00f4, que estava muito doente. O toca-fitas do carro reproduzia a mesma m\u00fasica. Foi mais ou menos naquele per\u00edodo que eu a ouvira pela primeira vez e come\u00e7ara a gostar de Hugo Montenegro.<\/p>\n<p>Eu gravara aquela fita numa antiga vitrola tr\u00eas em um que ganhara no Natal anterior e seguia no carro cantarolando, despreocupado. Em casa, quando colocava o disco para girar no aparelhinho, soltava a imagina\u00e7\u00e3o. Queria entrar pelo som, atrav\u00e9s da agulha que vibrava nos sulcos do vinil, e viajar at\u00e9 o momento da grava\u00e7\u00e3o daquele disco. Queria estar no est\u00fadio, vendo os m\u00fasicos executarem passagens t\u00e3o complexas, os cantores atingirem notas alt\u00edssimas e o maestro, \u00e0 frente de todos, comandar aquilo.<\/p>\n<p>Dias depois, minha m\u00e3e me acordou de manh\u00e3 bem cedo para dizer que, naquele dia, meu irm\u00e3o e eu n\u00e3o ir\u00edamos \u00e0 escola porque vov\u00f4 havia descansado de sua longa doen\u00e7a. Naquela hora, n\u00e3o compreendi bem a finitude da vida nem a definitividade da morte, que pela primeira vez se apresentava a mim de t\u00e3o perto.<\/p>\n<p>Ainda hoje o vel\u00f3rio se faz presente em meu olfato, pelo perfume dos cravos dispostos sobre a modesta urna. Eu tentei chorar. Meu av\u00f4 era bom e muito querido, mas minha cabe\u00e7a estava em outro lugar. Queria voltar logo para casa, deitar-me no tapete do quarto e colocar novamente na vitrolinha o disco de Hugo Montenegro, um dos poucos que eu tinha. Queria viajar outra vez dentro daquele som maravilhoso. Queria ser m\u00fasico um dia, somente para fazer algo parecido com aquilo.<\/p>\n<p>Ao sair do sepultamento, caminhava heroicamente pelas alamedas do cemit\u00e9rio: s\u00f3 eu n\u00e3o chorara. Olhei para uma nuvem escura no c\u00e9u carregado. Come\u00e7ava a chover. Talvez, no dia seguinte, minha m\u00e3e me deixasse faltar \u00e0 aula. Bastaria dizer que ainda estava muito triste pela morte de meu av\u00f4. Eu queria mesmo era ficar em casa, divertindo-me com a vitrolinha.<\/p>\n<p>Nunca estudei m\u00fasica. Tornei-me estat\u00edstico e fui trabalhar para uma grande empresa, num setor formal\u00edssimo e desprovido de qualquer sensibilidade art\u00edstica.<\/p>\n<p><img loading=\"lazy\" loading=\"lazy\" decoding=\"async\" class=\"wp-image-409181 aligncenter\" src=\"https:\/\/www.notibras.com\/site\/wp-content\/uploads\/2026\/09\/WhatsApp-Image-2026-09-04-at-01.17.44-300x295.jpeg\" alt=\"\" width=\"370\" height=\"364\" srcset=\"https:\/\/www.notibras.com\/site\/wp-content\/uploads\/2026\/09\/WhatsApp-Image-2026-09-04-at-01.17.44-300x295.jpeg 300w, https:\/\/www.notibras.com\/site\/wp-content\/uploads\/2026\/09\/WhatsApp-Image-2026-09-04-at-01.17.44-80x80.jpeg 80w, https:\/\/www.notibras.com\/site\/wp-content\/uploads\/2026\/09\/WhatsApp-Image-2026-09-04-at-01.17.44.jpeg 488w\" sizes=\"auto, (max-width: 370px) 100vw, 370px\" \/><br \/>\nO tempo passou, e a vitrola foi substitu\u00edda por tantos outros aparelhos. Hoje, tudo cabia num telefone celular capaz de reproduzir milhares de discos \u00e0 minha escolha, inclusive praticamente toda a discografia de Hugo Montenegro. Aquilo me fazia feliz e, de certa forma, aliviava-me. Era um sentimento esquisito. Quando menino, tinha medo de que a agulha da vitrola se quebrasse ou de que aquele simples aparelho apresentasse algum defeito e me deixasse sem minha janela para o mundo \u2014 ou sem a janela pela qual eu escapava dele.<\/p>\n<p>Poucos minutos antes, dentro daquele mesmo carro, ainda parado diante do pr\u00e9dio dela, eu tentara traduzir em palavras o que sentia.<\/p>\n<p>\u2014 Eu devo muito a voc\u00ea. E te agrade\u00e7o. Chegar at\u00e9 aqui foi, em grande parte, gra\u00e7as ao apoio que voc\u00ea me d\u00e1&#8230;<\/p>\n<p>Ela segurou minha m\u00e3o e sorriu com aquela serenidade que tantas vezes impedira que eu desistisse.<\/p>\n<p>\u2014 N\u00e3o precisa agradecer, meu querido. Prometemos sempre apoiar um ao outro. Eu estarei ao seu lado em qualquer situa\u00e7\u00e3o.<\/p>\n<p>Aquelas palavras permaneciam comigo, j\u00e1 com saudades dela, enquanto o carro deslizava suavemente pela grande avenida. Eu estava diante de um dos momentos mais importantes da minha vida, uma dessas raras fronteiras que dividem a exist\u00eancia entre aquilo que fomos e o que ainda podemos ser. Chegara at\u00e9 ali depois de tantos desvios, hesita\u00e7\u00f5es e medos que, durante muito tempo, me pareceram intranspon\u00edveis. E sabia que, sem ela, talvez n\u00e3o tivesse conseguido.<\/p>\n<p>Enquanto lembrava de nossa conversa e do beijo com que ela se despedira de mim, <em>Love Is Blue<\/em> continuava a tocar. Senti novamente a antiga vontade de entrar pelo som, atravessar o aparelho, seguir pelo caminho invis\u00edvel das vibra\u00e7\u00f5es e desaparecer dentro da m\u00fasica.<\/p>\n<p>Dessa vez, por\u00e9m, eu n\u00e3o queria viajar at\u00e9 um est\u00fadio de grava\u00e7\u00e3o. Queria ressurgir naquele dia de c\u00e9u carregado em que minha fam\u00edlia deixara meu av\u00f4 no cemit\u00e9rio. Queria caminhar novamente por aquelas alamedas, debaixo da chuva que come\u00e7ava a cair, at\u00e9 alcan\u00e7ar o menino que eu fora. Ele estaria alguns passos atr\u00e1s dos pais, fingindo uma tristeza que ainda n\u00e3o conseguia compreender e pensando na vitrolinha que o esperava em casa.<\/p>\n<p>Eu me aproximaria sem repreend\u00ea-lo por n\u00e3o ter chorado. N\u00e3o lhe falaria sobre culpa, morte ou saudade. Apenas me agacharia, colocaria as m\u00e3os sobre seus ombros e diria que ele n\u00e3o precisava ter vergonha. Depois, abra\u00e7aria meus pais ainda jovens, meu irm\u00e3o e aquele menino distra\u00eddo, felicitando a todos n\u00f3s pela longa travessia. Diria apenas:<\/p>\n<p>\u2014 Foi muito bom chegar at\u00e9 aqui.<\/p>\n<p>As vozes entoaram alguns versos e, em seguida, cederam lugar \u00e0 passagem instrumental, complexa e luminosa, que eu conhecia desde a inf\u00e2ncia. O maestro comandava m\u00fasicos que eu n\u00e3o podia ver, mas que continuavam vivos dentro daquela grava\u00e7\u00e3o, repetindo para mim, tantos anos depois, o mesmo instante que um dia fora aprisionado nos sulcos de um disco.<\/p>\n<p>Eu voltava para casa feliz. Acabara de deixar o amor da minha vida em seguran\u00e7a na portaria de seu pr\u00e9dio. Ainda trazia o perfume dela na barba e nas m\u00e3os. A m\u00fasica j\u00e1 n\u00e3o era apenas a janela pela qual eu escapava do mundo. Naquela noite, ela me devolvia inteiramente a ele.<\/p>\n<p><a href=\"https:\/\/www.youtube.com\/watch?v=wiuDYpVbBLc\">Ou\u00e7a a can\u00e7\u00e3o Love Is Blue, com a orquestra de Hugo Montenegro.<\/a><\/p>\n<p><strong>&#8230;&#8230;&#8230;&#8230;&#8230;&#8230;.<\/strong><br \/>\n<strong>Daniel Marchi \u00e9 poeta, contista, advogado e professor universit\u00e1rio no Rio de Janeiro. Editor do Caf\u00e9 Liter\u00e1rio e fundador da Editora Fava, \u00e9 autor de <em>A Verdade nos Seres<\/em> (poesia, 2024) e <em>Territ\u00f3rio do Sonho<\/em> (contos, 2026). @prof.danielmarchi<\/strong><\/p>\n<p>&nbsp;<\/p>\n","protected":false},"excerpt":{"rendered":"<p>Acabara de deix\u00e1-la em casa e voltava, cansado, percorrendo de carro aquela rua antiga, t\u00e3o conhecida. O celular, conectado ao r\u00e1dio, come\u00e7ou a tocar Love Is Blue, interpretada pela orquestra de Hugo Montenegro. De repente, a m\u00fasica me levou para muito longe no tempo. Lembrei-me imediatamente da \u00e9poca em que, fazendo o caminho inverso naquela [&hellip;]<\/p>\n","protected":false},"author":21,"featured_media":409173,"comment_status":"closed","ping_status":"closed","sticky":false,"template":"","format":"standard","meta":{"_acf_changed":false,"footnotes":""},"categories":[234],"tags":[],"tmauthors":[306],"class_list":["post-409172","post","type-post","status-publish","format-standard","has-post-thumbnail","category-cafe-literario"],"acf":[],"yoast_head":"<!-- This site is optimized with the Yoast SEO plugin v28.0 - https:\/\/yoast.com\/product\/yoast-seo-wordpress\/ -->\n<title>Ao som de Hugo Montenegro, o homem reencontra o menino que foi - Notibras<\/title>\n<meta name=\"robots\" content=\"index, follow, max-snippet:-1, max-image-preview:large, max-video-preview:-1\" \/>\n<link rel=\"canonical\" href=\"https:\/\/www.notibras.com\/site\/ao-som-de-hugo-montenegro-o-homem-reencontra-o-menino-que-foi\/\" \/>\n<meta property=\"og:locale\" content=\"pt_BR\" \/>\n<meta property=\"og:type\" content=\"article\" \/>\n<meta property=\"og:title\" content=\"Ao som de Hugo Montenegro, o homem reencontra o menino que foi - Notibras\" \/>\n<meta property=\"og:description\" content=\"Acabara de deix\u00e1-la em casa e voltava, cansado, percorrendo de carro aquela rua antiga, t\u00e3o conhecida. O celular, conectado ao r\u00e1dio, come\u00e7ou a tocar Love Is Blue, interpretada pela orquestra de Hugo Montenegro. De repente, a m\u00fasica me levou para muito longe no tempo. Lembrei-me imediatamente da \u00e9poca em que, fazendo o caminho inverso naquela [&hellip;]\" \/>\n<meta property=\"og:url\" content=\"https:\/\/www.notibras.com\/site\/ao-som-de-hugo-montenegro-o-homem-reencontra-o-menino-que-foi\/\" \/>\n<meta property=\"og:site_name\" content=\"Notibras\" \/>\n<meta property=\"article:publisher\" content=\"https:\/\/www.facebook.com\/notibras\/\" \/>\n<meta property=\"article:published_time\" content=\"2026-09-04T04:15:18+00:00\" \/>\n<meta property=\"article:modified_time\" content=\"2026-09-04T04:29:15+00:00\" \/>\n<meta property=\"og:image\" content=\"https:\/\/www.notibras.com\/site\/wp-content\/uploads\/2026\/09\/ChatGPT-Image-4-de-set.-de-2026-00_57_23-1024x576.png\" \/>\n\t<meta property=\"og:image:width\" content=\"1024\" \/>\n\t<meta property=\"og:image:height\" content=\"576\" \/>\n\t<meta property=\"og:image:type\" content=\"image\/png\" \/>\n<meta name=\"author\" content=\"Eduardo Mart\u00ednez\" \/>\n<meta name=\"twitter:card\" content=\"summary_large_image\" \/>\n<meta name=\"twitter:creator\" content=\"@Notibras\" \/>\n<meta name=\"twitter:site\" content=\"@Notibras\" \/>\n<meta name=\"twitter:label1\" content=\"Escrito por\" \/>\n\t<meta name=\"twitter:data1\" content=\"Eduardo Mart\u00ednez\" \/>\n\t<meta name=\"twitter:label2\" content=\"Est. tempo de leitura\" \/>\n\t<meta name=\"twitter:data2\" content=\"6 minutos\" \/>\n<script type=\"application\/ld+json\" class=\"yoast-schema-graph\">{\"@context\":\"https:\\\/\\\/schema.org\",\"@graph\":[{\"@type\":\"Article\",\"@id\":\"https:\\\/\\\/www.notibras.com\\\/site\\\/ao-som-de-hugo-montenegro-o-homem-reencontra-o-menino-que-foi\\\/#article\",\"isPartOf\":{\"@id\":\"https:\\\/\\\/www.notibras.com\\\/site\\\/ao-som-de-hugo-montenegro-o-homem-reencontra-o-menino-que-foi\\\/\"},\"author\":{\"name\":\"Eduardo Mart\u00ednez\",\"@id\":\"https:\\\/\\\/www.notibras.com\\\/site\\\/#\\\/schema\\\/person\\\/5b7fabf2aedc3ada2105f03b22b4d3dd\"},\"headline\":\"Ao som de Hugo Montenegro, o homem reencontra o menino que foi\",\"datePublished\":\"2026-09-04T04:15:18+00:00\",\"dateModified\":\"2026-09-04T04:29:15+00:00\",\"mainEntityOfPage\":{\"@id\":\"https:\\\/\\\/www.notibras.com\\\/site\\\/ao-som-de-hugo-montenegro-o-homem-reencontra-o-menino-que-foi\\\/\"},\"wordCount\":1066,\"publisher\":{\"@id\":\"https:\\\/\\\/www.notibras.com\\\/site\\\/#organization\"},\"image\":{\"@id\":\"https:\\\/\\\/www.notibras.com\\\/site\\\/ao-som-de-hugo-montenegro-o-homem-reencontra-o-menino-que-foi\\\/#primaryimage\"},\"thumbnailUrl\":\"https:\\\/\\\/www.notibras.com\\\/site\\\/wp-content\\\/uploads\\\/2026\\\/09\\\/ChatGPT-Image-4-de-set.-de-2026-00_57_23.png\",\"articleSection\":[\"Caf\u00e9 Liter\u00e1rio\"],\"inLanguage\":\"pt-BR\"},{\"@type\":\"WebPage\",\"@id\":\"https:\\\/\\\/www.notibras.com\\\/site\\\/ao-som-de-hugo-montenegro-o-homem-reencontra-o-menino-que-foi\\\/\",\"url\":\"https:\\\/\\\/www.notibras.com\\\/site\\\/ao-som-de-hugo-montenegro-o-homem-reencontra-o-menino-que-foi\\\/\",\"name\":\"Ao som de Hugo Montenegro, o homem reencontra o menino que foi - Notibras\",\"isPartOf\":{\"@id\":\"https:\\\/\\\/www.notibras.com\\\/site\\\/#website\"},\"primaryImageOfPage\":{\"@id\":\"https:\\\/\\\/www.notibras.com\\\/site\\\/ao-som-de-hugo-montenegro-o-homem-reencontra-o-menino-que-foi\\\/#primaryimage\"},\"image\":{\"@id\":\"https:\\\/\\\/www.notibras.com\\\/site\\\/ao-som-de-hugo-montenegro-o-homem-reencontra-o-menino-que-foi\\\/#primaryimage\"},\"thumbnailUrl\":\"https:\\\/\\\/www.notibras.com\\\/site\\\/wp-content\\\/uploads\\\/2026\\\/09\\\/ChatGPT-Image-4-de-set.-de-2026-00_57_23.png\",\"datePublished\":\"2026-09-04T04:15:18+00:00\",\"dateModified\":\"2026-09-04T04:29:15+00:00\",\"breadcrumb\":{\"@id\":\"https:\\\/\\\/www.notibras.com\\\/site\\\/ao-som-de-hugo-montenegro-o-homem-reencontra-o-menino-que-foi\\\/#breadcrumb\"},\"inLanguage\":\"pt-BR\",\"potentialAction\":[{\"@type\":\"ReadAction\",\"target\":[\"https:\\\/\\\/www.notibras.com\\\/site\\\/ao-som-de-hugo-montenegro-o-homem-reencontra-o-menino-que-foi\\\/\"]}]},{\"@type\":\"ImageObject\",\"inLanguage\":\"pt-BR\",\"@id\":\"https:\\\/\\\/www.notibras.com\\\/site\\\/ao-som-de-hugo-montenegro-o-homem-reencontra-o-menino-que-foi\\\/#primaryimage\",\"url\":\"https:\\\/\\\/www.notibras.com\\\/site\\\/wp-content\\\/uploads\\\/2026\\\/09\\\/ChatGPT-Image-4-de-set.-de-2026-00_57_23.png\",\"contentUrl\":\"https:\\\/\\\/www.notibras.com\\\/site\\\/wp-content\\\/uploads\\\/2026\\\/09\\\/ChatGPT-Image-4-de-set.-de-2026-00_57_23.png\",\"width\":1672,\"height\":941},{\"@type\":\"BreadcrumbList\",\"@id\":\"https:\\\/\\\/www.notibras.com\\\/site\\\/ao-som-de-hugo-montenegro-o-homem-reencontra-o-menino-que-foi\\\/#breadcrumb\",\"itemListElement\":[{\"@type\":\"ListItem\",\"position\":1,\"name\":\"In\u00edcio\",\"item\":\"https:\\\/\\\/www.notibras.com\\\/site\\\/\"},{\"@type\":\"ListItem\",\"position\":2,\"name\":\"Ao som de Hugo Montenegro, o homem reencontra o menino que foi\"}]},{\"@type\":\"WebSite\",\"@id\":\"https:\\\/\\\/www.notibras.com\\\/site\\\/#website\",\"url\":\"https:\\\/\\\/www.notibras.com\\\/site\\\/\",\"name\":\"Notibras\",\"description\":\"Not\u00edcias de Bras\u00edlia, do Brasil e do Mundo\",\"publisher\":{\"@id\":\"https:\\\/\\\/www.notibras.com\\\/site\\\/#organization\"},\"potentialAction\":[{\"@type\":\"SearchAction\",\"target\":{\"@type\":\"EntryPoint\",\"urlTemplate\":\"https:\\\/\\\/www.notibras.com\\\/site\\\/?s={search_term_string}\"},\"query-input\":{\"@type\":\"PropertyValueSpecification\",\"valueRequired\":true,\"valueName\":\"search_term_string\"}}],\"inLanguage\":\"pt-BR\"},{\"@type\":\"Organization\",\"@id\":\"https:\\\/\\\/www.notibras.com\\\/site\\\/#organization\",\"name\":\"Grupo Notibras de Comunica\u00e7\u00e3o\",\"url\":\"https:\\\/\\\/www.notibras.com\\\/site\\\/\",\"logo\":{\"@type\":\"ImageObject\",\"inLanguage\":\"pt-BR\",\"@id\":\"https:\\\/\\\/www.notibras.com\\\/site\\\/#\\\/schema\\\/logo\\\/image\\\/\",\"url\":\"https:\\\/\\\/www.notibras.com\\\/site\\\/wp-content\\\/uploads\\\/2023\\\/01\\\/notibras23.png\",\"contentUrl\":\"https:\\\/\\\/www.notibras.com\\\/site\\\/wp-content\\\/uploads\\\/2023\\\/01\\\/notibras23.png\",\"width\":350,\"height\":87,\"caption\":\"Grupo Notibras de Comunica\u00e7\u00e3o\"},\"image\":{\"@id\":\"https:\\\/\\\/www.notibras.com\\\/site\\\/#\\\/schema\\\/logo\\\/image\\\/\"},\"sameAs\":[\"https:\\\/\\\/www.facebook.com\\\/notibras\\\/\",\"https:\\\/\\\/x.com\\\/Notibras\",\"https:\\\/\\\/www.instagram.com\\\/notibras\\\/\"]},{\"@type\":\"Person\",\"@id\":\"https:\\\/\\\/www.notibras.com\\\/site\\\/#\\\/schema\\\/person\\\/5b7fabf2aedc3ada2105f03b22b4d3dd\",\"name\":\"Eduardo Mart\u00ednez\",\"image\":{\"@type\":\"ImageObject\",\"inLanguage\":\"pt-BR\",\"@id\":\"https:\\\/\\\/secure.gravatar.com\\\/avatar\\\/7902f906289926289cbcda644b5197c796b893c6ffd7b9a536a42d290f7704a0?s=96&d=mm&r=g\",\"url\":\"https:\\\/\\\/secure.gravatar.com\\\/avatar\\\/7902f906289926289cbcda644b5197c796b893c6ffd7b9a536a42d290f7704a0?s=96&d=mm&r=g\",\"contentUrl\":\"https:\\\/\\\/secure.gravatar.com\\\/avatar\\\/7902f906289926289cbcda644b5197c796b893c6ffd7b9a536a42d290f7704a0?s=96&d=mm&r=g\",\"caption\":\"Eduardo Mart\u00ednez\"}}]}<\/script>\n<!-- \/ Yoast SEO plugin. -->","yoast_head_json":{"title":"Ao som de Hugo Montenegro, o homem reencontra o menino que foi - Notibras","robots":{"index":"index","follow":"follow","max-snippet":"max-snippet:-1","max-image-preview":"max-image-preview:large","max-video-preview":"max-video-preview:-1"},"canonical":"https:\/\/www.notibras.com\/site\/ao-som-de-hugo-montenegro-o-homem-reencontra-o-menino-que-foi\/","og_locale":"pt_BR","og_type":"article","og_title":"Ao som de Hugo Montenegro, o homem reencontra o menino que foi - Notibras","og_description":"Acabara de deix\u00e1-la em casa e voltava, cansado, percorrendo de carro aquela rua antiga, t\u00e3o conhecida. O celular, conectado ao r\u00e1dio, come\u00e7ou a tocar Love Is Blue, interpretada pela orquestra de Hugo Montenegro. De repente, a m\u00fasica me levou para muito longe no tempo. Lembrei-me imediatamente da \u00e9poca em que, fazendo o caminho inverso naquela [&hellip;]","og_url":"https:\/\/www.notibras.com\/site\/ao-som-de-hugo-montenegro-o-homem-reencontra-o-menino-que-foi\/","og_site_name":"Notibras","article_publisher":"https:\/\/www.facebook.com\/notibras\/","article_published_time":"2026-09-04T04:15:18+00:00","article_modified_time":"2026-09-04T04:29:15+00:00","og_image":[{"width":1024,"height":576,"url":"https:\/\/www.notibras.com\/site\/wp-content\/uploads\/2026\/09\/ChatGPT-Image-4-de-set.-de-2026-00_57_23-1024x576.png","type":"image\/png"}],"author":"Eduardo Mart\u00ednez","twitter_card":"summary_large_image","twitter_creator":"@Notibras","twitter_site":"@Notibras","twitter_misc":{"Escrito por":"Eduardo Mart\u00ednez","Est. tempo de leitura":"6 minutos"},"schema":{"@context":"https:\/\/schema.org","@graph":[{"@type":"Article","@id":"https:\/\/www.notibras.com\/site\/ao-som-de-hugo-montenegro-o-homem-reencontra-o-menino-que-foi\/#article","isPartOf":{"@id":"https:\/\/www.notibras.com\/site\/ao-som-de-hugo-montenegro-o-homem-reencontra-o-menino-que-foi\/"},"author":{"name":"Eduardo Mart\u00ednez","@id":"https:\/\/www.notibras.com\/site\/#\/schema\/person\/5b7fabf2aedc3ada2105f03b22b4d3dd"},"headline":"Ao som de Hugo Montenegro, o homem reencontra o menino que foi","datePublished":"2026-09-04T04:15:18+00:00","dateModified":"2026-09-04T04:29:15+00:00","mainEntityOfPage":{"@id":"https:\/\/www.notibras.com\/site\/ao-som-de-hugo-montenegro-o-homem-reencontra-o-menino-que-foi\/"},"wordCount":1066,"publisher":{"@id":"https:\/\/www.notibras.com\/site\/#organization"},"image":{"@id":"https:\/\/www.notibras.com\/site\/ao-som-de-hugo-montenegro-o-homem-reencontra-o-menino-que-foi\/#primaryimage"},"thumbnailUrl":"https:\/\/www.notibras.com\/site\/wp-content\/uploads\/2026\/09\/ChatGPT-Image-4-de-set.-de-2026-00_57_23.png","articleSection":["Caf\u00e9 Liter\u00e1rio"],"inLanguage":"pt-BR"},{"@type":"WebPage","@id":"https:\/\/www.notibras.com\/site\/ao-som-de-hugo-montenegro-o-homem-reencontra-o-menino-que-foi\/","url":"https:\/\/www.notibras.com\/site\/ao-som-de-hugo-montenegro-o-homem-reencontra-o-menino-que-foi\/","name":"Ao som de Hugo Montenegro, o homem reencontra o menino que foi - Notibras","isPartOf":{"@id":"https:\/\/www.notibras.com\/site\/#website"},"primaryImageOfPage":{"@id":"https:\/\/www.notibras.com\/site\/ao-som-de-hugo-montenegro-o-homem-reencontra-o-menino-que-foi\/#primaryimage"},"image":{"@id":"https:\/\/www.notibras.com\/site\/ao-som-de-hugo-montenegro-o-homem-reencontra-o-menino-que-foi\/#primaryimage"},"thumbnailUrl":"https:\/\/www.notibras.com\/site\/wp-content\/uploads\/2026\/09\/ChatGPT-Image-4-de-set.-de-2026-00_57_23.png","datePublished":"2026-09-04T04:15:18+00:00","dateModified":"2026-09-04T04:29:15+00:00","breadcrumb":{"@id":"https:\/\/www.notibras.com\/site\/ao-som-de-hugo-montenegro-o-homem-reencontra-o-menino-que-foi\/#breadcrumb"},"inLanguage":"pt-BR","potentialAction":[{"@type":"ReadAction","target":["https:\/\/www.notibras.com\/site\/ao-som-de-hugo-montenegro-o-homem-reencontra-o-menino-que-foi\/"]}]},{"@type":"ImageObject","inLanguage":"pt-BR","@id":"https:\/\/www.notibras.com\/site\/ao-som-de-hugo-montenegro-o-homem-reencontra-o-menino-que-foi\/#primaryimage","url":"https:\/\/www.notibras.com\/site\/wp-content\/uploads\/2026\/09\/ChatGPT-Image-4-de-set.-de-2026-00_57_23.png","contentUrl":"https:\/\/www.notibras.com\/site\/wp-content\/uploads\/2026\/09\/ChatGPT-Image-4-de-set.-de-2026-00_57_23.png","width":1672,"height":941},{"@type":"BreadcrumbList","@id":"https:\/\/www.notibras.com\/site\/ao-som-de-hugo-montenegro-o-homem-reencontra-o-menino-que-foi\/#breadcrumb","itemListElement":[{"@type":"ListItem","position":1,"name":"In\u00edcio","item":"https:\/\/www.notibras.com\/site\/"},{"@type":"ListItem","position":2,"name":"Ao som de Hugo Montenegro, o homem reencontra o menino que foi"}]},{"@type":"WebSite","@id":"https:\/\/www.notibras.com\/site\/#website","url":"https:\/\/www.notibras.com\/site\/","name":"Notibras","description":"Not\u00edcias de Bras\u00edlia, do Brasil e do Mundo","publisher":{"@id":"https:\/\/www.notibras.com\/site\/#organization"},"potentialAction":[{"@type":"SearchAction","target":{"@type":"EntryPoint","urlTemplate":"https:\/\/www.notibras.com\/site\/?s={search_term_string}"},"query-input":{"@type":"PropertyValueSpecification","valueRequired":true,"valueName":"search_term_string"}}],"inLanguage":"pt-BR"},{"@type":"Organization","@id":"https:\/\/www.notibras.com\/site\/#organization","name":"Grupo Notibras de Comunica\u00e7\u00e3o","url":"https:\/\/www.notibras.com\/site\/","logo":{"@type":"ImageObject","inLanguage":"pt-BR","@id":"https:\/\/www.notibras.com\/site\/#\/schema\/logo\/image\/","url":"https:\/\/www.notibras.com\/site\/wp-content\/uploads\/2023\/01\/notibras23.png","contentUrl":"https:\/\/www.notibras.com\/site\/wp-content\/uploads\/2023\/01\/notibras23.png","width":350,"height":87,"caption":"Grupo Notibras de Comunica\u00e7\u00e3o"},"image":{"@id":"https:\/\/www.notibras.com\/site\/#\/schema\/logo\/image\/"},"sameAs":["https:\/\/www.facebook.com\/notibras\/","https:\/\/x.com\/Notibras","https:\/\/www.instagram.com\/notibras\/"]},{"@type":"Person","@id":"https:\/\/www.notibras.com\/site\/#\/schema\/person\/5b7fabf2aedc3ada2105f03b22b4d3dd","name":"Eduardo Mart\u00ednez","image":{"@type":"ImageObject","inLanguage":"pt-BR","@id":"https:\/\/secure.gravatar.com\/avatar\/7902f906289926289cbcda644b5197c796b893c6ffd7b9a536a42d290f7704a0?s=96&d=mm&r=g","url":"https:\/\/secure.gravatar.com\/avatar\/7902f906289926289cbcda644b5197c796b893c6ffd7b9a536a42d290f7704a0?s=96&d=mm&r=g","contentUrl":"https:\/\/secure.gravatar.com\/avatar\/7902f906289926289cbcda644b5197c796b893c6ffd7b9a536a42d290f7704a0?s=96&d=mm&r=g","caption":"Eduardo Mart\u00ednez"}}]}},"_links":{"self":[{"href":"https:\/\/www.notibras.com\/site\/wp-json\/wp\/v2\/posts\/409172","targetHints":{"allow":["GET"]}}],"collection":[{"href":"https:\/\/www.notibras.com\/site\/wp-json\/wp\/v2\/posts"}],"about":[{"href":"https:\/\/www.notibras.com\/site\/wp-json\/wp\/v2\/types\/post"}],"author":[{"embeddable":true,"href":"https:\/\/www.notibras.com\/site\/wp-json\/wp\/v2\/users\/21"}],"replies":[{"embeddable":true,"href":"https:\/\/www.notibras.com\/site\/wp-json\/wp\/v2\/comments?post=409172"}],"version-history":[{"count":7,"href":"https:\/\/www.notibras.com\/site\/wp-json\/wp\/v2\/posts\/409172\/revisions"}],"predecessor-version":[{"id":409184,"href":"https:\/\/www.notibras.com\/site\/wp-json\/wp\/v2\/posts\/409172\/revisions\/409184"}],"wp:featuredmedia":[{"embeddable":true,"href":"https:\/\/www.notibras.com\/site\/wp-json\/wp\/v2\/media\/409173"}],"wp:attachment":[{"href":"https:\/\/www.notibras.com\/site\/wp-json\/wp\/v2\/media?parent=409172"}],"wp:term":[{"taxonomy":"category","embeddable":true,"href":"https:\/\/www.notibras.com\/site\/wp-json\/wp\/v2\/categories?post=409172"},{"taxonomy":"post_tag","embeddable":true,"href":"https:\/\/www.notibras.com\/site\/wp-json\/wp\/v2\/tags?post=409172"},{"taxonomy":"tmauthors","embeddable":true,"href":"https:\/\/www.notibras.com\/site\/wp-json\/wp\/v2\/tmauthors?post=409172"}],"curies":[{"name":"wp","href":"https:\/\/api.w.org\/{rel}","templated":true}]}}