{"id":40918,"date":"2015-03-23T12:51:15","date_gmt":"2015-03-23T15:51:15","guid":{"rendered":"http:\/\/www.notibras.com\/site\/?p=40918"},"modified":"2015-03-24T01:05:52","modified_gmt":"2015-03-24T04:05:52","slug":"juiz-autoriza-transferencia-de-presos-da-lava-jato-para-penitenciaria","status":"publish","type":"post","link":"https:\/\/www.notibras.com\/site\/juiz-autoriza-transferencia-de-presos-da-lava-jato-para-penitenciaria\/","title":{"rendered":"Moro esvazia cela da PF e manda 12 da Lava Jato para penitenci\u00e1ria"},"content":{"rendered":"<p>O juiz federal S\u00e9rgio Moro, respons\u00e1vel pelas a\u00e7\u00f5es da Lava Jato em primeira inst\u00e2ncia, autorizou a transfer\u00eancia de 12 presos da carceragem da Pol\u00edcia Federal (PF) para o Complexo M\u00e9dico-Penal, em Pinhais, na Regi\u00e3o Metropolitana de Curitiba. O pedido de transfer\u00eancia foi feito pela PF na sexta-feira (20), que justificou dizendo que &#8220;j\u00e1 est\u00e1 ficando invi\u00e1vel&#8221; a quantidade de presos na sede, tendo em vista que alguns presos n\u00e3o podem se comunicar entre si e fica dif\u00edcil acomod\u00e1-los em apenas seis celas.<\/p>\n<p>O Complexo M\u00e9dico-Penal \u00e9 uma penitenci\u00e1ria de regime fechado com finalidades m\u00e9dicas.<\/p>\n<p>Os presos que ser\u00e3o transferidos s\u00e3o: Adir Assad, Agenor Franklin Magalh\u00e3es Medeiros, Erton Medeiros Fonseca, Fernando Ant\u00f4nio Falc\u00e3o Soares, Gerson de Mello Almada, Jo\u00e3o Ricardo Auler, Jos\u00e9 Aldem\u00e1rio Pinheiro Filho, Jos\u00e9 Ricardo Nogueira Breghirolli, Mario Frederico Mendon\u00e7a Goes, Mateus Coutinho de S\u00e1 Oliveira, Renato de Souza Duque e Sergio Cunha Mendes.<\/p>\n<p>De acordo com a Pol\u00edcia Federal (PF), as transfer\u00eancias devem ocorrer entre ter\u00e7a-feira (24) e quarta (25).<\/p>\n<p>No despacho, publicado \u00e0s 11h25 desta segunda (23), Moro destacou que n\u00e3o autorizou a transfer\u00eancia de Nestor Cerver\u00f3, ex-diretor da \u00e1rea Internacional da Petrobras. Moro apontou que ele j\u00e1 estaria recebendo assist\u00eancia psicol\u00f3gica na carceragem da Pol\u00edcia Federal. O pedido dotratamento psicol\u00f3gico foi solicitado pela defesa de Cerver\u00f3 no in\u00edcio de fevereiro ap\u00f3s o ex-diretor passar mal na sede da PF.<\/p>\n<p>Outro que teve o pedido de transfer\u00eancia negado foi Ricardo Ribeiro Pessoa, este por solicita\u00e7\u00e3o do Minist\u00e9rio P\u00fablico Federal (MPF).<\/p>\n<p>Al\u00e9m desses dois, permanecem na sede da PF: O doleiro Alberto Youssef, Dalton dos Santos Avancini e Eduardo Leite, da Camargo Corr\u00eaa e Nelma Kodama e Iara Galdino, j\u00e1 condenadas em uma das primeiras a\u00e7\u00f5es oriundas da Lava Jato.<\/p>\n<p>O juiz federal S\u00e9rgio Moro tamb\u00e9m destacou no despacho &#8220;que n\u00e3o h\u00e1 que se presumir que os presos da Opera\u00e7\u00e3o Lava Jato no sistema prisional estadual ser\u00e3o v\u00edtimas de alguma viol\u00eancia por parte de outros detentos. Entretanto,\u00a0 for\u00e7oso admitir que, pela notoriedade da investiga\u00e7\u00e3o, h\u00e1 algum risco nesse sentido, o que justifica coloc\u00e1-los, por cautela, em ala mais reservada&#8221;.<\/p>\n<p>&#8220;N\u00e3o ouvi as Defesas antes das decis\u00f5es, pois rigorosamente n\u00e3o h\u00e1 um direito de ser recolhido \u00e0 pris\u00e3o no local de prefer\u00eancia do preso&#8221;, completou Moro. O juiz ressaltou ainda que &#8220;o local apresentado ao ju\u00edzo para acomodar os presos no sistema prisional estadual parece adequado, talvez at\u00e9 com melhores condi\u00e7\u00f5es do que as da carceragem&#8221;.<\/p>\n<p>No domingo (22), a defesa do vice-presidente da empreiteira Mendes Junior, S\u00e9rgio Cunha Mendes, protocolou na Justi\u00e7a Federal do Paran\u00e1 o pedido para que Mendes fosse transferido para o pres\u00eddio da Papuda, em Bras\u00edlia.<\/p>\n<p>Contudo, S\u00e9rgio Moro negou o pedido da defesa. O magistrado alegou que a presen\u00e7a de Cunha Mendes em Curitiba &#8220;ainda se mostra necess\u00e1ria&#8221;.<\/p>\n<blockquote><p><strong>Presos soltos <\/strong><br \/>\nNo fim da tarde de sexta-feira (20), tr\u00eas suspeitos presos na 10\u00aa fase da opera\u00e7\u00e3o, deflagrada na segunda-feira (16), foram soltos.<\/p>\n<p>A Justi\u00e7a Federal autorizou a soltura de tr\u00eas investigados, cujas pris\u00f5es tempor\u00e1rias venciam na sexta: S\u00f4nia Mariza Branco, Dario Teixeira Alves e Luc\u00e9lio G\u00f3es. Eles s\u00e3o suspeitos de participar do esquema de corrup\u00e7\u00e3o, desvio e lavagem de dinheiro na Petrobras.<\/p><\/blockquote>\n","protected":false},"excerpt":{"rendered":"<p>O juiz federal S\u00e9rgio Moro, respons\u00e1vel pelas a\u00e7\u00f5es da Lava Jato em primeira inst\u00e2ncia, autorizou a transfer\u00eancia de 12 presos da carceragem da Pol\u00edcia Federal (PF) para o Complexo M\u00e9dico-Penal, em Pinhais, na Regi\u00e3o Metropolitana de Curitiba. O pedido de transfer\u00eancia foi feito pela PF na sexta-feira (20), que justificou dizendo que &#8220;j\u00e1 est\u00e1 ficando [&hellip;]<\/p>\n","protected":false},"author":1,"featured_media":40919,"comment_status":"open","ping_status":"closed","sticky":false,"template":"","format":"standard","meta":{"_acf_changed":false,"footnotes":""},"categories":[16],"tags":[],"class_list":["post-40918","post","type-post","status-publish","format-standard","has-post-thumbnail","hentry","category-brasil"],"acf":[],"yoast_head":"<!-- This site is optimized with the Yoast SEO plugin v27.5 - https:\/\/yoast.com\/product\/yoast-seo-wordpress\/ -->\n<title>Moro esvazia cela da PF e manda 12 da Lava Jato para penitenci\u00e1ria - Notibras<\/title>\n<meta name=\"robots\" content=\"index, follow, max-snippet:-1, max-image-preview:large, max-video-preview:-1\" \/>\n<link rel=\"canonical\" href=\"https:\/\/www.notibras.com\/site\/juiz-autoriza-transferencia-de-presos-da-lava-jato-para-penitenciaria\/\" \/>\n<meta property=\"og:locale\" content=\"pt_BR\" \/>\n<meta property=\"og:type\" content=\"article\" \/>\n<meta property=\"og:title\" content=\"Moro esvazia cela da PF e manda 12 da Lava Jato para penitenci\u00e1ria - Notibras\" \/>\n<meta property=\"og:description\" content=\"O juiz federal S\u00e9rgio Moro, respons\u00e1vel pelas a\u00e7\u00f5es da Lava Jato em primeira inst\u00e2ncia, autorizou a transfer\u00eancia de 12 presos da carceragem da Pol\u00edcia Federal (PF) para o Complexo M\u00e9dico-Penal, em Pinhais, na Regi\u00e3o Metropolitana de Curitiba. O pedido de transfer\u00eancia foi feito pela PF na sexta-feira (20), que justificou dizendo que &#8220;j\u00e1 est\u00e1 ficando [&hellip;]\" \/>\n<meta property=\"og:url\" content=\"https:\/\/www.notibras.com\/site\/juiz-autoriza-transferencia-de-presos-da-lava-jato-para-penitenciaria\/\" \/>\n<meta property=\"og:site_name\" content=\"Notibras\" \/>\n<meta property=\"article:publisher\" content=\"https:\/\/www.facebook.com\/notibras\/\" \/>\n<meta property=\"article:published_time\" content=\"2015-03-23T15:51:15+00:00\" \/>\n<meta property=\"article:modified_time\" content=\"2015-03-24T04:05:52+00:00\" \/>\n<meta property=\"og:image\" content=\"https:\/\/www.notibras.com\/site\/wp-content\/uploads\/2015\/03\/Sem-t\u00edtulo-1.jpg\" \/>\n\t<meta property=\"og:image:width\" content=\"640\" \/>\n\t<meta property=\"og:image:height\" content=\"426\" \/>\n\t<meta property=\"og:image:type\" content=\"image\/jpeg\" \/>\n<meta name=\"author\" content=\"Reda\u00e7\u00e3o\" \/>\n<meta name=\"twitter:card\" content=\"summary_large_image\" \/>\n<meta name=\"twitter:creator\" content=\"@Notibras\" \/>\n<meta name=\"twitter:site\" content=\"@Notibras\" \/>\n<meta name=\"twitter:label1\" content=\"Escrito por\" \/>\n\t<meta name=\"twitter:data1\" content=\"Reda\u00e7\u00e3o\" \/>\n\t<meta name=\"twitter:label2\" content=\"Est. tempo de leitura\" \/>\n\t<meta name=\"twitter:data2\" content=\"3 minutos\" \/>\n<script type=\"application\/ld+json\" class=\"yoast-schema-graph\">{\"@context\":\"https:\\\/\\\/schema.org\",\"@graph\":[{\"@type\":\"Article\",\"@id\":\"https:\\\/\\\/www.notibras.com\\\/site\\\/juiz-autoriza-transferencia-de-presos-da-lava-jato-para-penitenciaria\\\/#article\",\"isPartOf\":{\"@id\":\"https:\\\/\\\/www.notibras.com\\\/site\\\/juiz-autoriza-transferencia-de-presos-da-lava-jato-para-penitenciaria\\\/\"},\"author\":{\"name\":\"Reda\u00e7\u00e3o\",\"@id\":\"https:\\\/\\\/www.notibras.com\\\/site\\\/#\\\/schema\\\/person\\\/00b8e1aa08f9ef6563e878c5159d01cf\"},\"headline\":\"Moro esvazia cela da PF e manda 12 da Lava Jato para penitenci\u00e1ria\",\"datePublished\":\"2015-03-23T15:51:15+00:00\",\"dateModified\":\"2015-03-24T04:05:52+00:00\",\"mainEntityOfPage\":{\"@id\":\"https:\\\/\\\/www.notibras.com\\\/site\\\/juiz-autoriza-transferencia-de-presos-da-lava-jato-para-penitenciaria\\\/\"},\"wordCount\":596,\"commentCount\":0,\"publisher\":{\"@id\":\"https:\\\/\\\/www.notibras.com\\\/site\\\/#organization\"},\"image\":{\"@id\":\"https:\\\/\\\/www.notibras.com\\\/site\\\/juiz-autoriza-transferencia-de-presos-da-lava-jato-para-penitenciaria\\\/#primaryimage\"},\"thumbnailUrl\":\"https:\\\/\\\/www.notibras.com\\\/site\\\/wp-content\\\/uploads\\\/2015\\\/03\\\/Sem-t\u00edtulo-1.jpg\",\"articleSection\":[\"Brasil\"],\"inLanguage\":\"pt-BR\",\"potentialAction\":[{\"@type\":\"CommentAction\",\"name\":\"Comment\",\"target\":[\"https:\\\/\\\/www.notibras.com\\\/site\\\/juiz-autoriza-transferencia-de-presos-da-lava-jato-para-penitenciaria\\\/#respond\"]}]},{\"@type\":\"WebPage\",\"@id\":\"https:\\\/\\\/www.notibras.com\\\/site\\\/juiz-autoriza-transferencia-de-presos-da-lava-jato-para-penitenciaria\\\/\",\"url\":\"https:\\\/\\\/www.notibras.com\\\/site\\\/juiz-autoriza-transferencia-de-presos-da-lava-jato-para-penitenciaria\\\/\",\"name\":\"Moro esvazia cela da PF e manda 12 da Lava Jato para penitenci\u00e1ria - Notibras\",\"isPartOf\":{\"@id\":\"https:\\\/\\\/www.notibras.com\\\/site\\\/#website\"},\"primaryImageOfPage\":{\"@id\":\"https:\\\/\\\/www.notibras.com\\\/site\\\/juiz-autoriza-transferencia-de-presos-da-lava-jato-para-penitenciaria\\\/#primaryimage\"},\"image\":{\"@id\":\"https:\\\/\\\/www.notibras.com\\\/site\\\/juiz-autoriza-transferencia-de-presos-da-lava-jato-para-penitenciaria\\\/#primaryimage\"},\"thumbnailUrl\":\"https:\\\/\\\/www.notibras.com\\\/site\\\/wp-content\\\/uploads\\\/2015\\\/03\\\/Sem-t\u00edtulo-1.jpg\",\"datePublished\":\"2015-03-23T15:51:15+00:00\",\"dateModified\":\"2015-03-24T04:05:52+00:00\",\"breadcrumb\":{\"@id\":\"https:\\\/\\\/www.notibras.com\\\/site\\\/juiz-autoriza-transferencia-de-presos-da-lava-jato-para-penitenciaria\\\/#breadcrumb\"},\"inLanguage\":\"pt-BR\",\"potentialAction\":[{\"@type\":\"ReadAction\",\"target\":[\"https:\\\/\\\/www.notibras.com\\\/site\\\/juiz-autoriza-transferencia-de-presos-da-lava-jato-para-penitenciaria\\\/\"]}]},{\"@type\":\"ImageObject\",\"inLanguage\":\"pt-BR\",\"@id\":\"https:\\\/\\\/www.notibras.com\\\/site\\\/juiz-autoriza-transferencia-de-presos-da-lava-jato-para-penitenciaria\\\/#primaryimage\",\"url\":\"https:\\\/\\\/www.notibras.com\\\/site\\\/wp-content\\\/uploads\\\/2015\\\/03\\\/Sem-t\u00edtulo-1.jpg\",\"contentUrl\":\"https:\\\/\\\/www.notibras.com\\\/site\\\/wp-content\\\/uploads\\\/2015\\\/03\\\/Sem-t\u00edtulo-1.jpg\",\"width\":640,\"height\":426},{\"@type\":\"BreadcrumbList\",\"@id\":\"https:\\\/\\\/www.notibras.com\\\/site\\\/juiz-autoriza-transferencia-de-presos-da-lava-jato-para-penitenciaria\\\/#breadcrumb\",\"itemListElement\":[{\"@type\":\"ListItem\",\"position\":1,\"name\":\"In\u00edcio\",\"item\":\"https:\\\/\\\/www.notibras.com\\\/site\\\/\"},{\"@type\":\"ListItem\",\"position\":2,\"name\":\"Moro esvazia cela da PF e manda 12 da Lava Jato para penitenci\u00e1ria\"}]},{\"@type\":\"WebSite\",\"@id\":\"https:\\\/\\\/www.notibras.com\\\/site\\\/#website\",\"url\":\"https:\\\/\\\/www.notibras.com\\\/site\\\/\",\"name\":\"Notibras\",\"description\":\"Not\u00edcias de Bras\u00edlia, do Brasil e do Mundo\",\"publisher\":{\"@id\":\"https:\\\/\\\/www.notibras.com\\\/site\\\/#organization\"},\"potentialAction\":[{\"@type\":\"SearchAction\",\"target\":{\"@type\":\"EntryPoint\",\"urlTemplate\":\"https:\\\/\\\/www.notibras.com\\\/site\\\/?s={search_term_string}\"},\"query-input\":{\"@type\":\"PropertyValueSpecification\",\"valueRequired\":true,\"valueName\":\"search_term_string\"}}],\"inLanguage\":\"pt-BR\"},{\"@type\":\"Organization\",\"@id\":\"https:\\\/\\\/www.notibras.com\\\/site\\\/#organization\",\"name\":\"Grupo Notibras de Comunica\u00e7\u00e3o\",\"url\":\"https:\\\/\\\/www.notibras.com\\\/site\\\/\",\"logo\":{\"@type\":\"ImageObject\",\"inLanguage\":\"pt-BR\",\"@id\":\"https:\\\/\\\/www.notibras.com\\\/site\\\/#\\\/schema\\\/logo\\\/image\\\/\",\"url\":\"https:\\\/\\\/www.notibras.com\\\/site\\\/wp-content\\\/uploads\\\/2023\\\/01\\\/notibras23.png\",\"contentUrl\":\"https:\\\/\\\/www.notibras.com\\\/site\\\/wp-content\\\/uploads\\\/2023\\\/01\\\/notibras23.png\",\"width\":350,\"height\":87,\"caption\":\"Grupo Notibras de Comunica\u00e7\u00e3o\"},\"image\":{\"@id\":\"https:\\\/\\\/www.notibras.com\\\/site\\\/#\\\/schema\\\/logo\\\/image\\\/\"},\"sameAs\":[\"https:\\\/\\\/www.facebook.com\\\/notibras\\\/\",\"https:\\\/\\\/x.com\\\/Notibras\",\"https:\\\/\\\/www.instagram.com\\\/notibras\\\/\"]},{\"@type\":\"Person\",\"@id\":\"https:\\\/\\\/www.notibras.com\\\/site\\\/#\\\/schema\\\/person\\\/00b8e1aa08f9ef6563e878c5159d01cf\",\"name\":\"Reda\u00e7\u00e3o\",\"image\":{\"@type\":\"ImageObject\",\"inLanguage\":\"pt-BR\",\"@id\":\"https:\\\/\\\/secure.gravatar.com\\\/avatar\\\/ac5a707d5b47784a5ed426c6e213e201423c750890f64e4c379114dade67dfb9?s=96&d=mm&r=g\",\"url\":\"https:\\\/\\\/secure.gravatar.com\\\/avatar\\\/ac5a707d5b47784a5ed426c6e213e201423c750890f64e4c379114dade67dfb9?s=96&d=mm&r=g\",\"contentUrl\":\"https:\\\/\\\/secure.gravatar.com\\\/avatar\\\/ac5a707d5b47784a5ed426c6e213e201423c750890f64e4c379114dade67dfb9?s=96&d=mm&r=g\",\"caption\":\"Reda\u00e7\u00e3o\"}}]}<\/script>\n<!-- \/ Yoast SEO plugin. -->","yoast_head_json":{"title":"Moro esvazia cela da PF e manda 12 da Lava Jato para penitenci\u00e1ria - Notibras","robots":{"index":"index","follow":"follow","max-snippet":"max-snippet:-1","max-image-preview":"max-image-preview:large","max-video-preview":"max-video-preview:-1"},"canonical":"https:\/\/www.notibras.com\/site\/juiz-autoriza-transferencia-de-presos-da-lava-jato-para-penitenciaria\/","og_locale":"pt_BR","og_type":"article","og_title":"Moro esvazia cela da PF e manda 12 da Lava Jato para penitenci\u00e1ria - Notibras","og_description":"O juiz federal S\u00e9rgio Moro, respons\u00e1vel pelas a\u00e7\u00f5es da Lava Jato em primeira inst\u00e2ncia, autorizou a transfer\u00eancia de 12 presos da carceragem da Pol\u00edcia Federal (PF) para o Complexo M\u00e9dico-Penal, em Pinhais, na Regi\u00e3o Metropolitana de Curitiba. O pedido de transfer\u00eancia foi feito pela PF na sexta-feira (20), que justificou dizendo que &#8220;j\u00e1 est\u00e1 ficando [&hellip;]","og_url":"https:\/\/www.notibras.com\/site\/juiz-autoriza-transferencia-de-presos-da-lava-jato-para-penitenciaria\/","og_site_name":"Notibras","article_publisher":"https:\/\/www.facebook.com\/notibras\/","article_published_time":"2015-03-23T15:51:15+00:00","article_modified_time":"2015-03-24T04:05:52+00:00","og_image":[{"width":640,"height":426,"url":"https:\/\/www.notibras.com\/site\/wp-content\/uploads\/2015\/03\/Sem-t\u00edtulo-1.jpg","type":"image\/jpeg"}],"author":"Reda\u00e7\u00e3o","twitter_card":"summary_large_image","twitter_creator":"@Notibras","twitter_site":"@Notibras","twitter_misc":{"Escrito por":"Reda\u00e7\u00e3o","Est. tempo de leitura":"3 minutos"},"schema":{"@context":"https:\/\/schema.org","@graph":[{"@type":"Article","@id":"https:\/\/www.notibras.com\/site\/juiz-autoriza-transferencia-de-presos-da-lava-jato-para-penitenciaria\/#article","isPartOf":{"@id":"https:\/\/www.notibras.com\/site\/juiz-autoriza-transferencia-de-presos-da-lava-jato-para-penitenciaria\/"},"author":{"name":"Reda\u00e7\u00e3o","@id":"https:\/\/www.notibras.com\/site\/#\/schema\/person\/00b8e1aa08f9ef6563e878c5159d01cf"},"headline":"Moro esvazia cela da PF e manda 12 da Lava Jato para penitenci\u00e1ria","datePublished":"2015-03-23T15:51:15+00:00","dateModified":"2015-03-24T04:05:52+00:00","mainEntityOfPage":{"@id":"https:\/\/www.notibras.com\/site\/juiz-autoriza-transferencia-de-presos-da-lava-jato-para-penitenciaria\/"},"wordCount":596,"commentCount":0,"publisher":{"@id":"https:\/\/www.notibras.com\/site\/#organization"},"image":{"@id":"https:\/\/www.notibras.com\/site\/juiz-autoriza-transferencia-de-presos-da-lava-jato-para-penitenciaria\/#primaryimage"},"thumbnailUrl":"https:\/\/www.notibras.com\/site\/wp-content\/uploads\/2015\/03\/Sem-t\u00edtulo-1.jpg","articleSection":["Brasil"],"inLanguage":"pt-BR","potentialAction":[{"@type":"CommentAction","name":"Comment","target":["https:\/\/www.notibras.com\/site\/juiz-autoriza-transferencia-de-presos-da-lava-jato-para-penitenciaria\/#respond"]}]},{"@type":"WebPage","@id":"https:\/\/www.notibras.com\/site\/juiz-autoriza-transferencia-de-presos-da-lava-jato-para-penitenciaria\/","url":"https:\/\/www.notibras.com\/site\/juiz-autoriza-transferencia-de-presos-da-lava-jato-para-penitenciaria\/","name":"Moro esvazia cela da PF e manda 12 da Lava Jato para penitenci\u00e1ria - Notibras","isPartOf":{"@id":"https:\/\/www.notibras.com\/site\/#website"},"primaryImageOfPage":{"@id":"https:\/\/www.notibras.com\/site\/juiz-autoriza-transferencia-de-presos-da-lava-jato-para-penitenciaria\/#primaryimage"},"image":{"@id":"https:\/\/www.notibras.com\/site\/juiz-autoriza-transferencia-de-presos-da-lava-jato-para-penitenciaria\/#primaryimage"},"thumbnailUrl":"https:\/\/www.notibras.com\/site\/wp-content\/uploads\/2015\/03\/Sem-t\u00edtulo-1.jpg","datePublished":"2015-03-23T15:51:15+00:00","dateModified":"2015-03-24T04:05:52+00:00","breadcrumb":{"@id":"https:\/\/www.notibras.com\/site\/juiz-autoriza-transferencia-de-presos-da-lava-jato-para-penitenciaria\/#breadcrumb"},"inLanguage":"pt-BR","potentialAction":[{"@type":"ReadAction","target":["https:\/\/www.notibras.com\/site\/juiz-autoriza-transferencia-de-presos-da-lava-jato-para-penitenciaria\/"]}]},{"@type":"ImageObject","inLanguage":"pt-BR","@id":"https:\/\/www.notibras.com\/site\/juiz-autoriza-transferencia-de-presos-da-lava-jato-para-penitenciaria\/#primaryimage","url":"https:\/\/www.notibras.com\/site\/wp-content\/uploads\/2015\/03\/Sem-t\u00edtulo-1.jpg","contentUrl":"https:\/\/www.notibras.com\/site\/wp-content\/uploads\/2015\/03\/Sem-t\u00edtulo-1.jpg","width":640,"height":426},{"@type":"BreadcrumbList","@id":"https:\/\/www.notibras.com\/site\/juiz-autoriza-transferencia-de-presos-da-lava-jato-para-penitenciaria\/#breadcrumb","itemListElement":[{"@type":"ListItem","position":1,"name":"In\u00edcio","item":"https:\/\/www.notibras.com\/site\/"},{"@type":"ListItem","position":2,"name":"Moro esvazia cela da PF e manda 12 da Lava Jato para penitenci\u00e1ria"}]},{"@type":"WebSite","@id":"https:\/\/www.notibras.com\/site\/#website","url":"https:\/\/www.notibras.com\/site\/","name":"Notibras","description":"Not\u00edcias de Bras\u00edlia, do Brasil e do Mundo","publisher":{"@id":"https:\/\/www.notibras.com\/site\/#organization"},"potentialAction":[{"@type":"SearchAction","target":{"@type":"EntryPoint","urlTemplate":"https:\/\/www.notibras.com\/site\/?s={search_term_string}"},"query-input":{"@type":"PropertyValueSpecification","valueRequired":true,"valueName":"search_term_string"}}],"inLanguage":"pt-BR"},{"@type":"Organization","@id":"https:\/\/www.notibras.com\/site\/#organization","name":"Grupo Notibras de Comunica\u00e7\u00e3o","url":"https:\/\/www.notibras.com\/site\/","logo":{"@type":"ImageObject","inLanguage":"pt-BR","@id":"https:\/\/www.notibras.com\/site\/#\/schema\/logo\/image\/","url":"https:\/\/www.notibras.com\/site\/wp-content\/uploads\/2023\/01\/notibras23.png","contentUrl":"https:\/\/www.notibras.com\/site\/wp-content\/uploads\/2023\/01\/notibras23.png","width":350,"height":87,"caption":"Grupo Notibras de Comunica\u00e7\u00e3o"},"image":{"@id":"https:\/\/www.notibras.com\/site\/#\/schema\/logo\/image\/"},"sameAs":["https:\/\/www.facebook.com\/notibras\/","https:\/\/x.com\/Notibras","https:\/\/www.instagram.com\/notibras\/"]},{"@type":"Person","@id":"https:\/\/www.notibras.com\/site\/#\/schema\/person\/00b8e1aa08f9ef6563e878c5159d01cf","name":"Reda\u00e7\u00e3o","image":{"@type":"ImageObject","inLanguage":"pt-BR","@id":"https:\/\/secure.gravatar.com\/avatar\/ac5a707d5b47784a5ed426c6e213e201423c750890f64e4c379114dade67dfb9?s=96&d=mm&r=g","url":"https:\/\/secure.gravatar.com\/avatar\/ac5a707d5b47784a5ed426c6e213e201423c750890f64e4c379114dade67dfb9?s=96&d=mm&r=g","contentUrl":"https:\/\/secure.gravatar.com\/avatar\/ac5a707d5b47784a5ed426c6e213e201423c750890f64e4c379114dade67dfb9?s=96&d=mm&r=g","caption":"Reda\u00e7\u00e3o"}}]}},"amp_enabled":true,"_links":{"self":[{"href":"https:\/\/www.notibras.com\/site\/wp-json\/wp\/v2\/posts\/40918","targetHints":{"allow":["GET"]}}],"collection":[{"href":"https:\/\/www.notibras.com\/site\/wp-json\/wp\/v2\/posts"}],"about":[{"href":"https:\/\/www.notibras.com\/site\/wp-json\/wp\/v2\/types\/post"}],"author":[{"embeddable":true,"href":"https:\/\/www.notibras.com\/site\/wp-json\/wp\/v2\/users\/1"}],"replies":[{"embeddable":true,"href":"https:\/\/www.notibras.com\/site\/wp-json\/wp\/v2\/comments?post=40918"}],"version-history":[{"count":0,"href":"https:\/\/www.notibras.com\/site\/wp-json\/wp\/v2\/posts\/40918\/revisions"}],"wp:featuredmedia":[{"embeddable":true,"href":"https:\/\/www.notibras.com\/site\/wp-json\/wp\/v2\/media\/40919"}],"wp:attachment":[{"href":"https:\/\/www.notibras.com\/site\/wp-json\/wp\/v2\/media?parent=40918"}],"wp:term":[{"taxonomy":"category","embeddable":true,"href":"https:\/\/www.notibras.com\/site\/wp-json\/wp\/v2\/categories?post=40918"},{"taxonomy":"post_tag","embeddable":true,"href":"https:\/\/www.notibras.com\/site\/wp-json\/wp\/v2\/tags?post=40918"}],"curies":[{"name":"wp","href":"https:\/\/api.w.org\/{rel}","templated":true}]}}