{"id":409191,"date":"2026-09-04T08:55:12","date_gmt":"2026-09-04T11:55:12","guid":{"rendered":"https:\/\/www.notibras.com\/site\/?p=409191"},"modified":"2026-09-04T09:00:10","modified_gmt":"2026-09-04T12:00:10","slug":"sol-de-primavera-acorda-o-povo-para-a-paz-sem-extremismos-politicos","status":"publish","type":"post","link":"https:\/\/www.notibras.com\/site\/sol-de-primavera-acorda-o-povo-para-a-paz-sem-extremismos-politicos\/","title":{"rendered":"Sol de Primavera acorda o povo para a paz, sem extremismos pol\u00edticos"},"content":{"rendered":"<p>Criado em 1979 por Beto Guedes e Ronaldo Bastos, o hino em forma de can\u00e7\u00e3o\u00a0<i>Sol de Primavera<\/i>\u00a0come\u00e7a com um verso emblem\u00e1tico para os dias vividos pelas atuais excel\u00eancias de toga, pelos detentores de mandatos eleitorais e, principalmente, pelos candidatos a cargos que, ao mesmo, garantem imunidade e impunidade para os vencedores. A frase \u201cquando entrar setembro\u201d simboliza a transi\u00e7\u00e3o do inverno para a primavera, o que, na vis\u00e3o dos autores, representa renova\u00e7\u00e3o, esperan\u00e7a e recome\u00e7o.<\/p>\n<p>Para o Brasil de Andr\u00e9 Mendon\u00e7a, Alexandre de Moraes, Fl\u00e1vio Bolsonaro, Nikolas Ferreira e Daniel Vorcaro, o simbolismo da express\u00e3o \u00e9 outro. No conceito po\u00e9tico dos compositores Beto Guedes e Ronaldo Bastos, a letra da m\u00fasica p\u00f3s-ditadura militar revela o desejo de superar dores passadas e abrir o cora\u00e7\u00e3o para dias melhores. Conforme os torpedos prof\u00e9ticos de Vorcaro, as feridas da esquerda e da extrema-direita permanecem abertas e sem prazo para cicatriza\u00e7\u00e3o.<\/p>\n<p>Em lugar da renova\u00e7\u00e3o pol\u00edtica e da esperan\u00e7a por tempos menos traum\u00e1ticos, setembro entrou e esparramou labaredas e brasas por toda a Pra\u00e7a dos Tr\u00eas Poderes, com respingos pela Esplanada dos Minist\u00e9rios. Gra\u00e7as ao \u00edmpeto pol\u00edtico-ideol\u00f3gico do ministro do STF Andr\u00e9 Mendon\u00e7a, a boa nova n\u00e3o veio dos campos, mas de uma cela especial da Papudinha, de onde o perd\u00e3o dificilmente brotar\u00e1 nos cora\u00e7\u00f5es das pessoas que, antes do Brasil, s\u00f3 pensam em si.<\/p>\n<p>Por enquanto, o an\u00fancio da esta\u00e7\u00e3o das flores s\u00f3 trouxe espinhos para o pa\u00eds, para as institui\u00e7\u00f5es e para a popula\u00e7\u00e3o, prestes a ser convocada como eleitora de um novo mandat\u00e1rio. Ou seja, se um dia plantamos juntos alguma coisa ou semeamos can\u00e7\u00f5es no vento, a doentia e louca polariza\u00e7\u00e3o pol\u00edtica chegou para dividir o desejo coletivo de redemocratiza\u00e7\u00e3o. Tanto que, para aquela corrente que at\u00e9 hoje bate contin\u00eancia para a tirania, o melhor para o Brasil ainda \u00e9 o retrocesso.<\/p>\n<p>Baseado na poesia que o Brasil sempre representou para o mundo, me mantenho confiante e com a certeza cada vez mais enraizada de que, al\u00e9m da transi\u00e7\u00e3o para a primavera, setembro de 2026 tem tudo para representar o renascimento. Como j\u00e1 choramos muito e muitos se perderam pelo caminho, tomara que, dependendo do resultado das elei\u00e7\u00f5es presidenciais, o m\u00eas possa ter como simbolismo o reflorescimento da natureza e da sociedade. Que setembro e o Sol da Primavera acordem definitivamente o povo brasileiro para a paz.<\/p>\n<p>N\u00e3o nos custa seguir a sugest\u00e3o dos poetas Beto Guedes e Ronaldo Bastos e tentar inventar uma nova can\u00e7\u00e3o e acreditar em um futuro de uni\u00e3o e perd\u00e3o. Como todos n\u00f3s sabemos de cor a li\u00e7\u00e3o, s\u00f3 nos resta entender que, no Brasil do s\u00e9culo 21, n\u00e3o cabem mais senhores feudais ou donos eternos do poder. Assim como o\u00a0<i>Sol de Primavera<\/i>, o Brasil \u00e9 de todos. \u00c9 chegada a hora de, rememorando a met\u00e1fora sobre a ditadura, esquecer o fim de um per\u00edodo sombrio e frio (o inverno da repress\u00e3o) e s\u00f3 lembrar da chegada de tempos mais livres e luminosos. Sejamos de direita, de esquerda ou de centro, sonhar s\u00f3 depende de n\u00f3s. E que os radicais continuem perdidos pelo caminho.<\/p>\n<p>&#8230;&#8230;&#8230;&#8230;<\/p>\n<p><strong>Heliodoro Quaresma, jornalista aposentado, mant\u00e9m uma velha Remington como trof\u00e9u em sua estante, e usa um Notebook pra escrever artigos pontuais para Notibras<\/strong><\/p>\n","protected":false},"excerpt":{"rendered":"<p>Criado em 1979 por Beto Guedes e Ronaldo Bastos, o hino em forma de can\u00e7\u00e3o\u00a0Sol de Primavera\u00a0come\u00e7a com um verso emblem\u00e1tico para os dias vividos pelas atuais excel\u00eancias de toga, pelos detentores de mandatos eleitorais e, principalmente, pelos candidatos a cargos que, ao mesmo, garantem imunidade e impunidade para os vencedores. A frase \u201cquando entrar [&hellip;]<\/p>\n","protected":false},"author":2,"featured_media":260593,"comment_status":"closed","ping_status":"closed","sticky":false,"template":"","format":"standard","meta":{"_acf_changed":false,"footnotes":""},"categories":[16],"tags":[],"tmauthors":[307],"class_list":["post-409191","post","type-post","status-publish","format-standard","has-post-thumbnail","category-brasil"],"acf":[],"yoast_head":"<!-- This site is optimized with the Yoast SEO plugin v28.0 - https:\/\/yoast.com\/product\/yoast-seo-wordpress\/ -->\n<title>Sol de Primavera acorda o povo para a paz, sem extremismos pol\u00edticos - Notibras<\/title>\n<meta name=\"robots\" content=\"index, follow, max-snippet:-1, max-image-preview:large, max-video-preview:-1\" \/>\n<link rel=\"canonical\" href=\"https:\/\/www.notibras.com\/site\/sol-de-primavera-acorda-o-povo-para-a-paz-sem-extremismos-politicos\/\" \/>\n<meta property=\"og:locale\" content=\"pt_BR\" \/>\n<meta property=\"og:type\" content=\"article\" \/>\n<meta property=\"og:title\" content=\"Sol de Primavera acorda o povo para a paz, sem extremismos pol\u00edticos - Notibras\" \/>\n<meta property=\"og:description\" content=\"Criado em 1979 por Beto Guedes e Ronaldo Bastos, o hino em forma de can\u00e7\u00e3o\u00a0Sol de Primavera\u00a0come\u00e7a com um verso emblem\u00e1tico para os dias vividos pelas atuais excel\u00eancias de toga, pelos detentores de mandatos eleitorais e, principalmente, pelos candidatos a cargos que, ao mesmo, garantem imunidade e impunidade para os vencedores. A frase \u201cquando entrar [&hellip;]\" \/>\n<meta property=\"og:url\" content=\"https:\/\/www.notibras.com\/site\/sol-de-primavera-acorda-o-povo-para-a-paz-sem-extremismos-politicos\/\" \/>\n<meta property=\"og:site_name\" content=\"Notibras\" \/>\n<meta property=\"article:publisher\" content=\"https:\/\/www.facebook.com\/notibras\/\" \/>\n<meta property=\"article:published_time\" content=\"2026-09-04T11:55:12+00:00\" \/>\n<meta property=\"article:modified_time\" content=\"2026-09-04T12:00:10+00:00\" \/>\n<meta property=\"og:image\" content=\"https:\/\/www.notibras.com\/site\/wp-content\/uploads\/2021\/06\/manifestacao-brasilia-26-03-2017.jpg\" \/>\n\t<meta property=\"og:image:width\" content=\"680\" \/>\n\t<meta property=\"og:image:height\" content=\"443\" \/>\n\t<meta property=\"og:image:type\" content=\"image\/jpeg\" \/>\n<meta name=\"author\" content=\"Reda\u00e7\u00e3o\" \/>\n<meta name=\"twitter:card\" content=\"summary_large_image\" \/>\n<meta name=\"twitter:creator\" content=\"@Notibras\" \/>\n<meta name=\"twitter:site\" content=\"@Notibras\" \/>\n<meta name=\"twitter:label1\" content=\"Escrito por\" \/>\n\t<meta name=\"twitter:data1\" content=\"Reda\u00e7\u00e3o\" \/>\n\t<meta name=\"twitter:label2\" content=\"Est. tempo de leitura\" \/>\n\t<meta name=\"twitter:data2\" content=\"4 minutos\" \/>\n<script type=\"application\/ld+json\" class=\"yoast-schema-graph\">{\"@context\":\"https:\\\/\\\/schema.org\",\"@graph\":[{\"@type\":\"Article\",\"@id\":\"https:\\\/\\\/www.notibras.com\\\/site\\\/sol-de-primavera-acorda-o-povo-para-a-paz-sem-extremismos-politicos\\\/#article\",\"isPartOf\":{\"@id\":\"https:\\\/\\\/www.notibras.com\\\/site\\\/sol-de-primavera-acorda-o-povo-para-a-paz-sem-extremismos-politicos\\\/\"},\"author\":{\"name\":\"Reda\u00e7\u00e3o\",\"@id\":\"https:\\\/\\\/www.notibras.com\\\/site\\\/#\\\/schema\\\/person\\\/36ab0979449956132d3e5b517ea76ac8\"},\"headline\":\"Sol de Primavera acorda o povo para a paz, sem extremismos pol\u00edticos\",\"datePublished\":\"2026-09-04T11:55:12+00:00\",\"dateModified\":\"2026-09-04T12:00:10+00:00\",\"mainEntityOfPage\":{\"@id\":\"https:\\\/\\\/www.notibras.com\\\/site\\\/sol-de-primavera-acorda-o-povo-para-a-paz-sem-extremismos-politicos\\\/\"},\"wordCount\":603,\"publisher\":{\"@id\":\"https:\\\/\\\/www.notibras.com\\\/site\\\/#organization\"},\"image\":{\"@id\":\"https:\\\/\\\/www.notibras.com\\\/site\\\/sol-de-primavera-acorda-o-povo-para-a-paz-sem-extremismos-politicos\\\/#primaryimage\"},\"thumbnailUrl\":\"https:\\\/\\\/www.notibras.com\\\/site\\\/wp-content\\\/uploads\\\/2021\\\/06\\\/manifestacao-brasilia-26-03-2017.jpg\",\"articleSection\":[\"Brasil\"],\"inLanguage\":\"pt-BR\"},{\"@type\":\"WebPage\",\"@id\":\"https:\\\/\\\/www.notibras.com\\\/site\\\/sol-de-primavera-acorda-o-povo-para-a-paz-sem-extremismos-politicos\\\/\",\"url\":\"https:\\\/\\\/www.notibras.com\\\/site\\\/sol-de-primavera-acorda-o-povo-para-a-paz-sem-extremismos-politicos\\\/\",\"name\":\"Sol de Primavera acorda o povo para a paz, sem extremismos pol\u00edticos - Notibras\",\"isPartOf\":{\"@id\":\"https:\\\/\\\/www.notibras.com\\\/site\\\/#website\"},\"primaryImageOfPage\":{\"@id\":\"https:\\\/\\\/www.notibras.com\\\/site\\\/sol-de-primavera-acorda-o-povo-para-a-paz-sem-extremismos-politicos\\\/#primaryimage\"},\"image\":{\"@id\":\"https:\\\/\\\/www.notibras.com\\\/site\\\/sol-de-primavera-acorda-o-povo-para-a-paz-sem-extremismos-politicos\\\/#primaryimage\"},\"thumbnailUrl\":\"https:\\\/\\\/www.notibras.com\\\/site\\\/wp-content\\\/uploads\\\/2021\\\/06\\\/manifestacao-brasilia-26-03-2017.jpg\",\"datePublished\":\"2026-09-04T11:55:12+00:00\",\"dateModified\":\"2026-09-04T12:00:10+00:00\",\"breadcrumb\":{\"@id\":\"https:\\\/\\\/www.notibras.com\\\/site\\\/sol-de-primavera-acorda-o-povo-para-a-paz-sem-extremismos-politicos\\\/#breadcrumb\"},\"inLanguage\":\"pt-BR\",\"potentialAction\":[{\"@type\":\"ReadAction\",\"target\":[\"https:\\\/\\\/www.notibras.com\\\/site\\\/sol-de-primavera-acorda-o-povo-para-a-paz-sem-extremismos-politicos\\\/\"]}]},{\"@type\":\"ImageObject\",\"inLanguage\":\"pt-BR\",\"@id\":\"https:\\\/\\\/www.notibras.com\\\/site\\\/sol-de-primavera-acorda-o-povo-para-a-paz-sem-extremismos-politicos\\\/#primaryimage\",\"url\":\"https:\\\/\\\/www.notibras.com\\\/site\\\/wp-content\\\/uploads\\\/2021\\\/06\\\/manifestacao-brasilia-26-03-2017.jpg\",\"contentUrl\":\"https:\\\/\\\/www.notibras.com\\\/site\\\/wp-content\\\/uploads\\\/2021\\\/06\\\/manifestacao-brasilia-26-03-2017.jpg\",\"width\":680,\"height\":443},{\"@type\":\"BreadcrumbList\",\"@id\":\"https:\\\/\\\/www.notibras.com\\\/site\\\/sol-de-primavera-acorda-o-povo-para-a-paz-sem-extremismos-politicos\\\/#breadcrumb\",\"itemListElement\":[{\"@type\":\"ListItem\",\"position\":1,\"name\":\"In\u00edcio\",\"item\":\"https:\\\/\\\/www.notibras.com\\\/site\\\/\"},{\"@type\":\"ListItem\",\"position\":2,\"name\":\"Sol de Primavera acorda o povo para a paz, sem extremismos pol\u00edticos\"}]},{\"@type\":\"WebSite\",\"@id\":\"https:\\\/\\\/www.notibras.com\\\/site\\\/#website\",\"url\":\"https:\\\/\\\/www.notibras.com\\\/site\\\/\",\"name\":\"Notibras\",\"description\":\"Not\u00edcias de Bras\u00edlia, do Brasil e do Mundo\",\"publisher\":{\"@id\":\"https:\\\/\\\/www.notibras.com\\\/site\\\/#organization\"},\"potentialAction\":[{\"@type\":\"SearchAction\",\"target\":{\"@type\":\"EntryPoint\",\"urlTemplate\":\"https:\\\/\\\/www.notibras.com\\\/site\\\/?s={search_term_string}\"},\"query-input\":{\"@type\":\"PropertyValueSpecification\",\"valueRequired\":true,\"valueName\":\"search_term_string\"}}],\"inLanguage\":\"pt-BR\"},{\"@type\":\"Organization\",\"@id\":\"https:\\\/\\\/www.notibras.com\\\/site\\\/#organization\",\"name\":\"Grupo Notibras de Comunica\u00e7\u00e3o\",\"url\":\"https:\\\/\\\/www.notibras.com\\\/site\\\/\",\"logo\":{\"@type\":\"ImageObject\",\"inLanguage\":\"pt-BR\",\"@id\":\"https:\\\/\\\/www.notibras.com\\\/site\\\/#\\\/schema\\\/logo\\\/image\\\/\",\"url\":\"https:\\\/\\\/www.notibras.com\\\/site\\\/wp-content\\\/uploads\\\/2023\\\/01\\\/notibras23.png\",\"contentUrl\":\"https:\\\/\\\/www.notibras.com\\\/site\\\/wp-content\\\/uploads\\\/2023\\\/01\\\/notibras23.png\",\"width\":350,\"height\":87,\"caption\":\"Grupo Notibras de Comunica\u00e7\u00e3o\"},\"image\":{\"@id\":\"https:\\\/\\\/www.notibras.com\\\/site\\\/#\\\/schema\\\/logo\\\/image\\\/\"},\"sameAs\":[\"https:\\\/\\\/www.facebook.com\\\/notibras\\\/\",\"https:\\\/\\\/x.com\\\/Notibras\",\"https:\\\/\\\/www.instagram.com\\\/notibras\\\/\"]},{\"@type\":\"Person\",\"@id\":\"https:\\\/\\\/www.notibras.com\\\/site\\\/#\\\/schema\\\/person\\\/36ab0979449956132d3e5b517ea76ac8\",\"name\":\"Reda\u00e7\u00e3o\",\"image\":{\"@type\":\"ImageObject\",\"inLanguage\":\"pt-BR\",\"@id\":\"https:\\\/\\\/secure.gravatar.com\\\/avatar\\\/e0a867bdedb85fd243eadf09663511f96fc81e0720a4a42581f334ad4303aa6b?s=96&d=mm&r=g\",\"url\":\"https:\\\/\\\/secure.gravatar.com\\\/avatar\\\/e0a867bdedb85fd243eadf09663511f96fc81e0720a4a42581f334ad4303aa6b?s=96&d=mm&r=g\",\"contentUrl\":\"https:\\\/\\\/secure.gravatar.com\\\/avatar\\\/e0a867bdedb85fd243eadf09663511f96fc81e0720a4a42581f334ad4303aa6b?s=96&d=mm&r=g\",\"caption\":\"Reda\u00e7\u00e3o\"}}]}<\/script>\n<!-- \/ Yoast SEO plugin. -->","yoast_head_json":{"title":"Sol de Primavera acorda o povo para a paz, sem extremismos pol\u00edticos - Notibras","robots":{"index":"index","follow":"follow","max-snippet":"max-snippet:-1","max-image-preview":"max-image-preview:large","max-video-preview":"max-video-preview:-1"},"canonical":"https:\/\/www.notibras.com\/site\/sol-de-primavera-acorda-o-povo-para-a-paz-sem-extremismos-politicos\/","og_locale":"pt_BR","og_type":"article","og_title":"Sol de Primavera acorda o povo para a paz, sem extremismos pol\u00edticos - Notibras","og_description":"Criado em 1979 por Beto Guedes e Ronaldo Bastos, o hino em forma de can\u00e7\u00e3o\u00a0Sol de Primavera\u00a0come\u00e7a com um verso emblem\u00e1tico para os dias vividos pelas atuais excel\u00eancias de toga, pelos detentores de mandatos eleitorais e, principalmente, pelos candidatos a cargos que, ao mesmo, garantem imunidade e impunidade para os vencedores. A frase \u201cquando entrar [&hellip;]","og_url":"https:\/\/www.notibras.com\/site\/sol-de-primavera-acorda-o-povo-para-a-paz-sem-extremismos-politicos\/","og_site_name":"Notibras","article_publisher":"https:\/\/www.facebook.com\/notibras\/","article_published_time":"2026-09-04T11:55:12+00:00","article_modified_time":"2026-09-04T12:00:10+00:00","og_image":[{"width":680,"height":443,"url":"https:\/\/www.notibras.com\/site\/wp-content\/uploads\/2021\/06\/manifestacao-brasilia-26-03-2017.jpg","type":"image\/jpeg"}],"author":"Reda\u00e7\u00e3o","twitter_card":"summary_large_image","twitter_creator":"@Notibras","twitter_site":"@Notibras","twitter_misc":{"Escrito por":"Reda\u00e7\u00e3o","Est. tempo de leitura":"4 minutos"},"schema":{"@context":"https:\/\/schema.org","@graph":[{"@type":"Article","@id":"https:\/\/www.notibras.com\/site\/sol-de-primavera-acorda-o-povo-para-a-paz-sem-extremismos-politicos\/#article","isPartOf":{"@id":"https:\/\/www.notibras.com\/site\/sol-de-primavera-acorda-o-povo-para-a-paz-sem-extremismos-politicos\/"},"author":{"name":"Reda\u00e7\u00e3o","@id":"https:\/\/www.notibras.com\/site\/#\/schema\/person\/36ab0979449956132d3e5b517ea76ac8"},"headline":"Sol de Primavera acorda o povo para a paz, sem extremismos pol\u00edticos","datePublished":"2026-09-04T11:55:12+00:00","dateModified":"2026-09-04T12:00:10+00:00","mainEntityOfPage":{"@id":"https:\/\/www.notibras.com\/site\/sol-de-primavera-acorda-o-povo-para-a-paz-sem-extremismos-politicos\/"},"wordCount":603,"publisher":{"@id":"https:\/\/www.notibras.com\/site\/#organization"},"image":{"@id":"https:\/\/www.notibras.com\/site\/sol-de-primavera-acorda-o-povo-para-a-paz-sem-extremismos-politicos\/#primaryimage"},"thumbnailUrl":"https:\/\/www.notibras.com\/site\/wp-content\/uploads\/2021\/06\/manifestacao-brasilia-26-03-2017.jpg","articleSection":["Brasil"],"inLanguage":"pt-BR"},{"@type":"WebPage","@id":"https:\/\/www.notibras.com\/site\/sol-de-primavera-acorda-o-povo-para-a-paz-sem-extremismos-politicos\/","url":"https:\/\/www.notibras.com\/site\/sol-de-primavera-acorda-o-povo-para-a-paz-sem-extremismos-politicos\/","name":"Sol de Primavera acorda o povo para a paz, sem extremismos pol\u00edticos - Notibras","isPartOf":{"@id":"https:\/\/www.notibras.com\/site\/#website"},"primaryImageOfPage":{"@id":"https:\/\/www.notibras.com\/site\/sol-de-primavera-acorda-o-povo-para-a-paz-sem-extremismos-politicos\/#primaryimage"},"image":{"@id":"https:\/\/www.notibras.com\/site\/sol-de-primavera-acorda-o-povo-para-a-paz-sem-extremismos-politicos\/#primaryimage"},"thumbnailUrl":"https:\/\/www.notibras.com\/site\/wp-content\/uploads\/2021\/06\/manifestacao-brasilia-26-03-2017.jpg","datePublished":"2026-09-04T11:55:12+00:00","dateModified":"2026-09-04T12:00:10+00:00","breadcrumb":{"@id":"https:\/\/www.notibras.com\/site\/sol-de-primavera-acorda-o-povo-para-a-paz-sem-extremismos-politicos\/#breadcrumb"},"inLanguage":"pt-BR","potentialAction":[{"@type":"ReadAction","target":["https:\/\/www.notibras.com\/site\/sol-de-primavera-acorda-o-povo-para-a-paz-sem-extremismos-politicos\/"]}]},{"@type":"ImageObject","inLanguage":"pt-BR","@id":"https:\/\/www.notibras.com\/site\/sol-de-primavera-acorda-o-povo-para-a-paz-sem-extremismos-politicos\/#primaryimage","url":"https:\/\/www.notibras.com\/site\/wp-content\/uploads\/2021\/06\/manifestacao-brasilia-26-03-2017.jpg","contentUrl":"https:\/\/www.notibras.com\/site\/wp-content\/uploads\/2021\/06\/manifestacao-brasilia-26-03-2017.jpg","width":680,"height":443},{"@type":"BreadcrumbList","@id":"https:\/\/www.notibras.com\/site\/sol-de-primavera-acorda-o-povo-para-a-paz-sem-extremismos-politicos\/#breadcrumb","itemListElement":[{"@type":"ListItem","position":1,"name":"In\u00edcio","item":"https:\/\/www.notibras.com\/site\/"},{"@type":"ListItem","position":2,"name":"Sol de Primavera acorda o povo para a paz, sem extremismos pol\u00edticos"}]},{"@type":"WebSite","@id":"https:\/\/www.notibras.com\/site\/#website","url":"https:\/\/www.notibras.com\/site\/","name":"Notibras","description":"Not\u00edcias de Bras\u00edlia, do Brasil e do Mundo","publisher":{"@id":"https:\/\/www.notibras.com\/site\/#organization"},"potentialAction":[{"@type":"SearchAction","target":{"@type":"EntryPoint","urlTemplate":"https:\/\/www.notibras.com\/site\/?s={search_term_string}"},"query-input":{"@type":"PropertyValueSpecification","valueRequired":true,"valueName":"search_term_string"}}],"inLanguage":"pt-BR"},{"@type":"Organization","@id":"https:\/\/www.notibras.com\/site\/#organization","name":"Grupo Notibras de Comunica\u00e7\u00e3o","url":"https:\/\/www.notibras.com\/site\/","logo":{"@type":"ImageObject","inLanguage":"pt-BR","@id":"https:\/\/www.notibras.com\/site\/#\/schema\/logo\/image\/","url":"https:\/\/www.notibras.com\/site\/wp-content\/uploads\/2023\/01\/notibras23.png","contentUrl":"https:\/\/www.notibras.com\/site\/wp-content\/uploads\/2023\/01\/notibras23.png","width":350,"height":87,"caption":"Grupo Notibras de Comunica\u00e7\u00e3o"},"image":{"@id":"https:\/\/www.notibras.com\/site\/#\/schema\/logo\/image\/"},"sameAs":["https:\/\/www.facebook.com\/notibras\/","https:\/\/x.com\/Notibras","https:\/\/www.instagram.com\/notibras\/"]},{"@type":"Person","@id":"https:\/\/www.notibras.com\/site\/#\/schema\/person\/36ab0979449956132d3e5b517ea76ac8","name":"Reda\u00e7\u00e3o","image":{"@type":"ImageObject","inLanguage":"pt-BR","@id":"https:\/\/secure.gravatar.com\/avatar\/e0a867bdedb85fd243eadf09663511f96fc81e0720a4a42581f334ad4303aa6b?s=96&d=mm&r=g","url":"https:\/\/secure.gravatar.com\/avatar\/e0a867bdedb85fd243eadf09663511f96fc81e0720a4a42581f334ad4303aa6b?s=96&d=mm&r=g","contentUrl":"https:\/\/secure.gravatar.com\/avatar\/e0a867bdedb85fd243eadf09663511f96fc81e0720a4a42581f334ad4303aa6b?s=96&d=mm&r=g","caption":"Reda\u00e7\u00e3o"}}]}},"_links":{"self":[{"href":"https:\/\/www.notibras.com\/site\/wp-json\/wp\/v2\/posts\/409191","targetHints":{"allow":["GET"]}}],"collection":[{"href":"https:\/\/www.notibras.com\/site\/wp-json\/wp\/v2\/posts"}],"about":[{"href":"https:\/\/www.notibras.com\/site\/wp-json\/wp\/v2\/types\/post"}],"author":[{"embeddable":true,"href":"https:\/\/www.notibras.com\/site\/wp-json\/wp\/v2\/users\/2"}],"replies":[{"embeddable":true,"href":"https:\/\/www.notibras.com\/site\/wp-json\/wp\/v2\/comments?post=409191"}],"version-history":[{"count":5,"href":"https:\/\/www.notibras.com\/site\/wp-json\/wp\/v2\/posts\/409191\/revisions"}],"predecessor-version":[{"id":409196,"href":"https:\/\/www.notibras.com\/site\/wp-json\/wp\/v2\/posts\/409191\/revisions\/409196"}],"wp:featuredmedia":[{"embeddable":true,"href":"https:\/\/www.notibras.com\/site\/wp-json\/wp\/v2\/media\/260593"}],"wp:attachment":[{"href":"https:\/\/www.notibras.com\/site\/wp-json\/wp\/v2\/media?parent=409191"}],"wp:term":[{"taxonomy":"category","embeddable":true,"href":"https:\/\/www.notibras.com\/site\/wp-json\/wp\/v2\/categories?post=409191"},{"taxonomy":"post_tag","embeddable":true,"href":"https:\/\/www.notibras.com\/site\/wp-json\/wp\/v2\/tags?post=409191"},{"taxonomy":"tmauthors","embeddable":true,"href":"https:\/\/www.notibras.com\/site\/wp-json\/wp\/v2\/tmauthors?post=409191"}],"curies":[{"name":"wp","href":"https:\/\/api.w.org\/{rel}","templated":true}]}}