{"id":409197,"date":"2026-09-04T08:10:34","date_gmt":"2026-09-04T11:10:34","guid":{"rendered":"https:\/\/www.notibras.com\/site\/?p=409197"},"modified":"2026-09-04T09:03:09","modified_gmt":"2026-09-04T12:03:09","slug":"vorcaro-derruba-a-republica-ou-se-cala-para-sempre","status":"publish","type":"post","link":"https:\/\/www.notibras.com\/site\/vorcaro-derruba-a-republica-ou-se-cala-para-sempre\/","title":{"rendered":"Vorcaro derruba a Rep\u00fablica ou se cala para sempre"},"content":{"rendered":"<p>A quem interessa a dela\u00e7\u00e3o premiada de Daniel Mendon\u00e7a Castro Gonet Wagner Faria Moraes Fux Bolsonaro Ferreira Vorcaro? Na verdade, a quem ela n\u00e3o interessa? Quem? Quem? Quem? A ningu\u00e9m, \u00e9 claro! Entre as numerosas e alt\u00edssimas cifras, contratos mandrakes, esc\u00e2ndalos envolvendo institui\u00e7\u00f5es supostamente s\u00e9rias e pessoas poderosas, mas sob muitas suspeitas, ela (a dela\u00e7\u00e3o), nessa altura da confus\u00e3o, talvez n\u00e3o interesse nem mesmo \u00e0 Pol\u00edcia Federal. Esperto e bem assessorado, Vorcaro malandramente come\u00e7ou a atacar de cima para baixo. O problema \u00e9 que, mesmo enfurnado no gabinete, ele pensou alto com Mendon\u00e7a.<\/p>\n<p>Como as paredes t\u00eam ouvidos e o ministro rabo preso, a hist\u00f3ria de Mendon\u00e7a n\u00e3o foi t\u00e3o veross\u00edmil como ele imaginou. Para quem j\u00e1 foi amigo, hoje Vorcaro \u00e9 o inimigo n\u00famero um da Rep\u00fablica. E n\u00f3s, os terrivelmente honestos? N\u00f3s continuaremos vigiando, orando e sorrindo diante do entrela\u00e7amento do Poder Judici\u00e1rio com os mestres das maracutaias. Saudades do tempo em que a Justi\u00e7a era cega, inimiga dos amigos do pai, do filho e do Esp\u00edrito Santo e, principalmente, cabeluda. Saudade da \u00e9poca em que banco era uma institui\u00e7\u00e3o respeitada (?) e que s\u00f3 o respons\u00e1vel pela chave do cofre tinha encontros secretos com o banqueiro.<\/p>\n<p>Como o tempo passa, o tempo voa, s\u00f3 quem continua numa boa s\u00e3o aqueles que viraram amigos do dono do tamborete. Duas ou tr\u00eas d\u00e9cadas ap\u00f3s o per\u00edodo santificado pelos deuses do Olimpo dourado, bancos e banqueiros continuam dando ordens na Rep\u00fablica. A diferen\u00e7a \u00e9 a forma como as excel\u00eancias e os candidatos a excel\u00eancias s\u00e3o comprados. Se antes, a negociata era fechada com cheques administrativos, hoje \u00e9 dinheiro vivo ou transfer\u00eancias no exterior. No PIX s\u00f3 em parcelas fixas e em nome de laranjas. Nos patrasmente, banqueiros pequenos, m\u00e9dios e grandes eram chamados de doutor.<\/p>\n<p>Atualmente, basta o diminutivo irm\u00e3ozinho para que Vocarinho banque filme sem nexo e sem sexo, mas cheio de complexo, financie campanhas est\u00fapidas e tir\u00e2nicas, seduza autoridades dos Tr\u00eas Poderes e cale a boca de uma rep\u00fablica de bananas, cuja tend\u00eancia \u00e9 se transformar em uma currutela de opostos desgastados e que se atraem exclusivamente para serem salvos da guilhotina afiada da lei. Que lei? A de Deus! A nossa faz tempo perdeu a validade. Respondendo a mim mesmo, a dela\u00e7\u00e3o de Daniel Vorcaro interessa a qualquer um que ofere\u00e7a impunidade ao ex-propriet\u00e1rio do Master.<\/p>\n<p>Depois do epis\u00f3dio protagonizado pelo ministro Andr\u00e9 Mendon\u00e7a, ela passou a interessar \u00e0 candidatura do primog\u00eanito do ex-presidente Jair Bolsonaro. Para quem n\u00e3o se lembra, o irm\u00e3o Fl\u00e1vio Bolsonaro jura que, se eleito, vai tirar da cadeia todos os envolvidos no quebra-quebra da Pra\u00e7a do Tr\u00eas Poderes. Como no Brasil acontece de tudo, Daniel Vorcaro entraria na lista e, de quebra, poderia ser ministro da Justi\u00e7a ou do Supremo Tribunal Federal. Al\u00e9m de Fl\u00e1vio Bolsonaro, h\u00e1 dezenas de benefici\u00e1rios de diferentes espectros pol\u00edticos interessados na l\u00edngua solta de Vorcaro.<\/p>\n<p>O grau de suas acusa\u00e7\u00f5es \u00e9 capaz de incinerar a Rep\u00fablica. O complicador para quem vive entre o c\u00e9u e o inferno \u00e9 a falta de provas para validar um futuro acordo de dela\u00e7\u00e3o. Por enquanto, a inten\u00e7\u00e3o de tirar o foco do Dark Horse, denunciando o diretor-geral da Pol\u00edcia Federal e integrantes do n\u00facleo do Lula 3, foi escanteada gra\u00e7as ao furor uterino utilizado por Andr\u00e9 Mendon\u00e7a para atingir Alexandre de Moraes. E o que pode acontecer? Nada ou quase nada. Tudo depender\u00e1 do desfecho do terrible encontro entre Mendon\u00e7a e Vorcarinho, o amigo de todos. Na pior das hip\u00f3teses, Mendon\u00e7a, que derrubou o castelo de areia de Xand\u00e3o, futuramente ter\u00e1 de caminhar sob o fio da navalha no plen\u00e1rio e na Segunda Turma do STF. Nada demais para quem tem imunidade e impunidade.<\/p>\n<p>O fato \u00e9 que ambos perderam a credibilidade, o respeito e a reputa\u00e7\u00e3o dentro e fora da Corte. Presidente da institui\u00e7\u00e3o, o ministro Edson Fachin tem o DNA, o CPF e o registro da melhor hip\u00f3tese. Assumindo a relatoria do tenebroso e bilion\u00e1rio caso Master, ele tira Andr\u00e9 Mendon\u00e7a do caminho, empareda Alexandre de Moraes e silencia a casta bolsonarista. Resumindo a \u00f3pera, no auge da campanha presidencial, melhor que o mata-mata termine zero a zero. Sobre Vorcaro, ou ele entrega todos, com provas, e derruba a Rep\u00fablica, ou ser\u00e1 silenciado para sempre. Nesse caso, seu pr\u00eamio deve ser a perman\u00eancia na Papudinha. Afinal, o Brasil precisa estar de p\u00e9 pelo menos at\u00e9 a noite de 4 de outubro. Depois disso, nem Deus imagina o que pode acontecer.<\/p>\n<p>&#8230;&#8230;&#8230;&#8230;<\/p>\n<p><strong>Mathuzal\u00e9m J\u00fanior \u00e9 jornalista profissional desde 1978<\/strong><\/p>\n","protected":false},"excerpt":{"rendered":"<p>A quem interessa a dela\u00e7\u00e3o premiada de Daniel Mendon\u00e7a Castro Gonet Wagner Faria Moraes Fux Bolsonaro Ferreira Vorcaro? Na verdade, a quem ela n\u00e3o interessa? Quem? Quem? Quem? A ningu\u00e9m, \u00e9 claro! Entre as numerosas e alt\u00edssimas cifras, contratos mandrakes, esc\u00e2ndalos envolvendo institui\u00e7\u00f5es supostamente s\u00e9rias e pessoas poderosas, mas sob muitas suspeitas, ela (a dela\u00e7\u00e3o), [&hellip;]<\/p>\n","protected":false},"author":2,"featured_media":371415,"comment_status":"closed","ping_status":"closed","sticky":false,"template":"","format":"standard","meta":{"_acf_changed":false,"footnotes":""},"categories":[16],"tags":[],"tmauthors":[307],"class_list":["post-409197","post","type-post","status-publish","format-standard","has-post-thumbnail","category-brasil"],"acf":[],"yoast_head":"<!-- This site is optimized with the Yoast SEO plugin v28.0 - https:\/\/yoast.com\/product\/yoast-seo-wordpress\/ -->\n<title>Vorcaro derruba a Rep\u00fablica ou se cala para sempre - Notibras<\/title>\n<meta name=\"robots\" content=\"index, follow, max-snippet:-1, max-image-preview:large, max-video-preview:-1\" \/>\n<link rel=\"canonical\" href=\"https:\/\/www.notibras.com\/site\/vorcaro-derruba-a-republica-ou-se-cala-para-sempre\/\" \/>\n<meta property=\"og:locale\" content=\"pt_BR\" \/>\n<meta property=\"og:type\" content=\"article\" \/>\n<meta property=\"og:title\" content=\"Vorcaro derruba a Rep\u00fablica ou se cala para sempre - Notibras\" \/>\n<meta property=\"og:description\" content=\"A quem interessa a dela\u00e7\u00e3o premiada de Daniel Mendon\u00e7a Castro Gonet Wagner Faria Moraes Fux Bolsonaro Ferreira Vorcaro? Na verdade, a quem ela n\u00e3o interessa? Quem? Quem? Quem? A ningu\u00e9m, \u00e9 claro! Entre as numerosas e alt\u00edssimas cifras, contratos mandrakes, esc\u00e2ndalos envolvendo institui\u00e7\u00f5es supostamente s\u00e9rias e pessoas poderosas, mas sob muitas suspeitas, ela (a dela\u00e7\u00e3o), [&hellip;]\" \/>\n<meta property=\"og:url\" content=\"https:\/\/www.notibras.com\/site\/vorcaro-derruba-a-republica-ou-se-cala-para-sempre\/\" \/>\n<meta property=\"og:site_name\" content=\"Notibras\" \/>\n<meta property=\"article:publisher\" content=\"https:\/\/www.facebook.com\/notibras\/\" \/>\n<meta property=\"article:published_time\" content=\"2026-09-04T11:10:34+00:00\" \/>\n<meta property=\"article:modified_time\" content=\"2026-09-04T12:03:09+00:00\" \/>\n<meta name=\"author\" content=\"Reda\u00e7\u00e3o\" \/>\n<meta name=\"twitter:card\" content=\"summary_large_image\" \/>\n<meta name=\"twitter:creator\" content=\"@Notibras\" \/>\n<meta name=\"twitter:site\" content=\"@Notibras\" \/>\n<meta name=\"twitter:label1\" content=\"Escrito por\" \/>\n\t<meta name=\"twitter:data1\" content=\"Reda\u00e7\u00e3o\" \/>\n\t<meta name=\"twitter:label2\" content=\"Est. tempo de leitura\" \/>\n\t<meta name=\"twitter:data2\" content=\"5 minutos\" \/>\n<script type=\"application\/ld+json\" class=\"yoast-schema-graph\">{\"@context\":\"https:\\\/\\\/schema.org\",\"@graph\":[{\"@type\":\"Article\",\"@id\":\"https:\\\/\\\/www.notibras.com\\\/site\\\/vorcaro-derruba-a-republica-ou-se-cala-para-sempre\\\/#article\",\"isPartOf\":{\"@id\":\"https:\\\/\\\/www.notibras.com\\\/site\\\/vorcaro-derruba-a-republica-ou-se-cala-para-sempre\\\/\"},\"author\":{\"name\":\"Reda\u00e7\u00e3o\",\"@id\":\"https:\\\/\\\/www.notibras.com\\\/site\\\/#\\\/schema\\\/person\\\/36ab0979449956132d3e5b517ea76ac8\"},\"headline\":\"Vorcaro derruba a Rep\u00fablica ou se cala para sempre\",\"datePublished\":\"2026-09-04T11:10:34+00:00\",\"dateModified\":\"2026-09-04T12:03:09+00:00\",\"mainEntityOfPage\":{\"@id\":\"https:\\\/\\\/www.notibras.com\\\/site\\\/vorcaro-derruba-a-republica-ou-se-cala-para-sempre\\\/\"},\"wordCount\":831,\"publisher\":{\"@id\":\"https:\\\/\\\/www.notibras.com\\\/site\\\/#organization\"},\"image\":{\"@id\":\"https:\\\/\\\/www.notibras.com\\\/site\\\/vorcaro-derruba-a-republica-ou-se-cala-para-sempre\\\/#primaryimage\"},\"thumbnailUrl\":\"https:\\\/\\\/www.notibras.com\\\/site\\\/wp-content\\\/uploads\\\/2025\\\/11\\\/vorcaro.avif\",\"articleSection\":[\"Brasil\"],\"inLanguage\":\"pt-BR\"},{\"@type\":\"WebPage\",\"@id\":\"https:\\\/\\\/www.notibras.com\\\/site\\\/vorcaro-derruba-a-republica-ou-se-cala-para-sempre\\\/\",\"url\":\"https:\\\/\\\/www.notibras.com\\\/site\\\/vorcaro-derruba-a-republica-ou-se-cala-para-sempre\\\/\",\"name\":\"Vorcaro derruba a Rep\u00fablica ou se cala para sempre - Notibras\",\"isPartOf\":{\"@id\":\"https:\\\/\\\/www.notibras.com\\\/site\\\/#website\"},\"primaryImageOfPage\":{\"@id\":\"https:\\\/\\\/www.notibras.com\\\/site\\\/vorcaro-derruba-a-republica-ou-se-cala-para-sempre\\\/#primaryimage\"},\"image\":{\"@id\":\"https:\\\/\\\/www.notibras.com\\\/site\\\/vorcaro-derruba-a-republica-ou-se-cala-para-sempre\\\/#primaryimage\"},\"thumbnailUrl\":\"https:\\\/\\\/www.notibras.com\\\/site\\\/wp-content\\\/uploads\\\/2025\\\/11\\\/vorcaro.avif\",\"datePublished\":\"2026-09-04T11:10:34+00:00\",\"dateModified\":\"2026-09-04T12:03:09+00:00\",\"breadcrumb\":{\"@id\":\"https:\\\/\\\/www.notibras.com\\\/site\\\/vorcaro-derruba-a-republica-ou-se-cala-para-sempre\\\/#breadcrumb\"},\"inLanguage\":\"pt-BR\",\"potentialAction\":[{\"@type\":\"ReadAction\",\"target\":[\"https:\\\/\\\/www.notibras.com\\\/site\\\/vorcaro-derruba-a-republica-ou-se-cala-para-sempre\\\/\"]}]},{\"@type\":\"ImageObject\",\"inLanguage\":\"pt-BR\",\"@id\":\"https:\\\/\\\/www.notibras.com\\\/site\\\/vorcaro-derruba-a-republica-ou-se-cala-para-sempre\\\/#primaryimage\",\"url\":\"https:\\\/\\\/www.notibras.com\\\/site\\\/wp-content\\\/uploads\\\/2025\\\/11\\\/vorcaro.avif\",\"contentUrl\":\"https:\\\/\\\/www.notibras.com\\\/site\\\/wp-content\\\/uploads\\\/2025\\\/11\\\/vorcaro.avif\",\"width\":888,\"height\":590},{\"@type\":\"BreadcrumbList\",\"@id\":\"https:\\\/\\\/www.notibras.com\\\/site\\\/vorcaro-derruba-a-republica-ou-se-cala-para-sempre\\\/#breadcrumb\",\"itemListElement\":[{\"@type\":\"ListItem\",\"position\":1,\"name\":\"In\u00edcio\",\"item\":\"https:\\\/\\\/www.notibras.com\\\/site\\\/\"},{\"@type\":\"ListItem\",\"position\":2,\"name\":\"Vorcaro derruba a Rep\u00fablica ou se cala para sempre\"}]},{\"@type\":\"WebSite\",\"@id\":\"https:\\\/\\\/www.notibras.com\\\/site\\\/#website\",\"url\":\"https:\\\/\\\/www.notibras.com\\\/site\\\/\",\"name\":\"Notibras\",\"description\":\"Not\u00edcias de Bras\u00edlia, do Brasil e do Mundo\",\"publisher\":{\"@id\":\"https:\\\/\\\/www.notibras.com\\\/site\\\/#organization\"},\"potentialAction\":[{\"@type\":\"SearchAction\",\"target\":{\"@type\":\"EntryPoint\",\"urlTemplate\":\"https:\\\/\\\/www.notibras.com\\\/site\\\/?s={search_term_string}\"},\"query-input\":{\"@type\":\"PropertyValueSpecification\",\"valueRequired\":true,\"valueName\":\"search_term_string\"}}],\"inLanguage\":\"pt-BR\"},{\"@type\":\"Organization\",\"@id\":\"https:\\\/\\\/www.notibras.com\\\/site\\\/#organization\",\"name\":\"Grupo Notibras de Comunica\u00e7\u00e3o\",\"url\":\"https:\\\/\\\/www.notibras.com\\\/site\\\/\",\"logo\":{\"@type\":\"ImageObject\",\"inLanguage\":\"pt-BR\",\"@id\":\"https:\\\/\\\/www.notibras.com\\\/site\\\/#\\\/schema\\\/logo\\\/image\\\/\",\"url\":\"https:\\\/\\\/www.notibras.com\\\/site\\\/wp-content\\\/uploads\\\/2023\\\/01\\\/notibras23.png\",\"contentUrl\":\"https:\\\/\\\/www.notibras.com\\\/site\\\/wp-content\\\/uploads\\\/2023\\\/01\\\/notibras23.png\",\"width\":350,\"height\":87,\"caption\":\"Grupo Notibras de Comunica\u00e7\u00e3o\"},\"image\":{\"@id\":\"https:\\\/\\\/www.notibras.com\\\/site\\\/#\\\/schema\\\/logo\\\/image\\\/\"},\"sameAs\":[\"https:\\\/\\\/www.facebook.com\\\/notibras\\\/\",\"https:\\\/\\\/x.com\\\/Notibras\",\"https:\\\/\\\/www.instagram.com\\\/notibras\\\/\"]},{\"@type\":\"Person\",\"@id\":\"https:\\\/\\\/www.notibras.com\\\/site\\\/#\\\/schema\\\/person\\\/36ab0979449956132d3e5b517ea76ac8\",\"name\":\"Reda\u00e7\u00e3o\",\"image\":{\"@type\":\"ImageObject\",\"inLanguage\":\"pt-BR\",\"@id\":\"https:\\\/\\\/secure.gravatar.com\\\/avatar\\\/e0a867bdedb85fd243eadf09663511f96fc81e0720a4a42581f334ad4303aa6b?s=96&d=mm&r=g\",\"url\":\"https:\\\/\\\/secure.gravatar.com\\\/avatar\\\/e0a867bdedb85fd243eadf09663511f96fc81e0720a4a42581f334ad4303aa6b?s=96&d=mm&r=g\",\"contentUrl\":\"https:\\\/\\\/secure.gravatar.com\\\/avatar\\\/e0a867bdedb85fd243eadf09663511f96fc81e0720a4a42581f334ad4303aa6b?s=96&d=mm&r=g\",\"caption\":\"Reda\u00e7\u00e3o\"}}]}<\/script>\n<!-- \/ Yoast SEO plugin. -->","yoast_head_json":{"title":"Vorcaro derruba a Rep\u00fablica ou se cala para sempre - Notibras","robots":{"index":"index","follow":"follow","max-snippet":"max-snippet:-1","max-image-preview":"max-image-preview:large","max-video-preview":"max-video-preview:-1"},"canonical":"https:\/\/www.notibras.com\/site\/vorcaro-derruba-a-republica-ou-se-cala-para-sempre\/","og_locale":"pt_BR","og_type":"article","og_title":"Vorcaro derruba a Rep\u00fablica ou se cala para sempre - Notibras","og_description":"A quem interessa a dela\u00e7\u00e3o premiada de Daniel Mendon\u00e7a Castro Gonet Wagner Faria Moraes Fux Bolsonaro Ferreira Vorcaro? Na verdade, a quem ela n\u00e3o interessa? Quem? Quem? Quem? A ningu\u00e9m, \u00e9 claro! Entre as numerosas e alt\u00edssimas cifras, contratos mandrakes, esc\u00e2ndalos envolvendo institui\u00e7\u00f5es supostamente s\u00e9rias e pessoas poderosas, mas sob muitas suspeitas, ela (a dela\u00e7\u00e3o), [&hellip;]","og_url":"https:\/\/www.notibras.com\/site\/vorcaro-derruba-a-republica-ou-se-cala-para-sempre\/","og_site_name":"Notibras","article_publisher":"https:\/\/www.facebook.com\/notibras\/","article_published_time":"2026-09-04T11:10:34+00:00","article_modified_time":"2026-09-04T12:03:09+00:00","author":"Reda\u00e7\u00e3o","twitter_card":"summary_large_image","twitter_creator":"@Notibras","twitter_site":"@Notibras","twitter_misc":{"Escrito por":"Reda\u00e7\u00e3o","Est. tempo de leitura":"5 minutos"},"schema":{"@context":"https:\/\/schema.org","@graph":[{"@type":"Article","@id":"https:\/\/www.notibras.com\/site\/vorcaro-derruba-a-republica-ou-se-cala-para-sempre\/#article","isPartOf":{"@id":"https:\/\/www.notibras.com\/site\/vorcaro-derruba-a-republica-ou-se-cala-para-sempre\/"},"author":{"name":"Reda\u00e7\u00e3o","@id":"https:\/\/www.notibras.com\/site\/#\/schema\/person\/36ab0979449956132d3e5b517ea76ac8"},"headline":"Vorcaro derruba a Rep\u00fablica ou se cala para sempre","datePublished":"2026-09-04T11:10:34+00:00","dateModified":"2026-09-04T12:03:09+00:00","mainEntityOfPage":{"@id":"https:\/\/www.notibras.com\/site\/vorcaro-derruba-a-republica-ou-se-cala-para-sempre\/"},"wordCount":831,"publisher":{"@id":"https:\/\/www.notibras.com\/site\/#organization"},"image":{"@id":"https:\/\/www.notibras.com\/site\/vorcaro-derruba-a-republica-ou-se-cala-para-sempre\/#primaryimage"},"thumbnailUrl":"https:\/\/www.notibras.com\/site\/wp-content\/uploads\/2025\/11\/vorcaro.avif","articleSection":["Brasil"],"inLanguage":"pt-BR"},{"@type":"WebPage","@id":"https:\/\/www.notibras.com\/site\/vorcaro-derruba-a-republica-ou-se-cala-para-sempre\/","url":"https:\/\/www.notibras.com\/site\/vorcaro-derruba-a-republica-ou-se-cala-para-sempre\/","name":"Vorcaro derruba a Rep\u00fablica ou se cala para sempre - Notibras","isPartOf":{"@id":"https:\/\/www.notibras.com\/site\/#website"},"primaryImageOfPage":{"@id":"https:\/\/www.notibras.com\/site\/vorcaro-derruba-a-republica-ou-se-cala-para-sempre\/#primaryimage"},"image":{"@id":"https:\/\/www.notibras.com\/site\/vorcaro-derruba-a-republica-ou-se-cala-para-sempre\/#primaryimage"},"thumbnailUrl":"https:\/\/www.notibras.com\/site\/wp-content\/uploads\/2025\/11\/vorcaro.avif","datePublished":"2026-09-04T11:10:34+00:00","dateModified":"2026-09-04T12:03:09+00:00","breadcrumb":{"@id":"https:\/\/www.notibras.com\/site\/vorcaro-derruba-a-republica-ou-se-cala-para-sempre\/#breadcrumb"},"inLanguage":"pt-BR","potentialAction":[{"@type":"ReadAction","target":["https:\/\/www.notibras.com\/site\/vorcaro-derruba-a-republica-ou-se-cala-para-sempre\/"]}]},{"@type":"ImageObject","inLanguage":"pt-BR","@id":"https:\/\/www.notibras.com\/site\/vorcaro-derruba-a-republica-ou-se-cala-para-sempre\/#primaryimage","url":"https:\/\/www.notibras.com\/site\/wp-content\/uploads\/2025\/11\/vorcaro.avif","contentUrl":"https:\/\/www.notibras.com\/site\/wp-content\/uploads\/2025\/11\/vorcaro.avif","width":888,"height":590},{"@type":"BreadcrumbList","@id":"https:\/\/www.notibras.com\/site\/vorcaro-derruba-a-republica-ou-se-cala-para-sempre\/#breadcrumb","itemListElement":[{"@type":"ListItem","position":1,"name":"In\u00edcio","item":"https:\/\/www.notibras.com\/site\/"},{"@type":"ListItem","position":2,"name":"Vorcaro derruba a Rep\u00fablica ou se cala para sempre"}]},{"@type":"WebSite","@id":"https:\/\/www.notibras.com\/site\/#website","url":"https:\/\/www.notibras.com\/site\/","name":"Notibras","description":"Not\u00edcias de Bras\u00edlia, do Brasil e do Mundo","publisher":{"@id":"https:\/\/www.notibras.com\/site\/#organization"},"potentialAction":[{"@type":"SearchAction","target":{"@type":"EntryPoint","urlTemplate":"https:\/\/www.notibras.com\/site\/?s={search_term_string}"},"query-input":{"@type":"PropertyValueSpecification","valueRequired":true,"valueName":"search_term_string"}}],"inLanguage":"pt-BR"},{"@type":"Organization","@id":"https:\/\/www.notibras.com\/site\/#organization","name":"Grupo Notibras de Comunica\u00e7\u00e3o","url":"https:\/\/www.notibras.com\/site\/","logo":{"@type":"ImageObject","inLanguage":"pt-BR","@id":"https:\/\/www.notibras.com\/site\/#\/schema\/logo\/image\/","url":"https:\/\/www.notibras.com\/site\/wp-content\/uploads\/2023\/01\/notibras23.png","contentUrl":"https:\/\/www.notibras.com\/site\/wp-content\/uploads\/2023\/01\/notibras23.png","width":350,"height":87,"caption":"Grupo Notibras de Comunica\u00e7\u00e3o"},"image":{"@id":"https:\/\/www.notibras.com\/site\/#\/schema\/logo\/image\/"},"sameAs":["https:\/\/www.facebook.com\/notibras\/","https:\/\/x.com\/Notibras","https:\/\/www.instagram.com\/notibras\/"]},{"@type":"Person","@id":"https:\/\/www.notibras.com\/site\/#\/schema\/person\/36ab0979449956132d3e5b517ea76ac8","name":"Reda\u00e7\u00e3o","image":{"@type":"ImageObject","inLanguage":"pt-BR","@id":"https:\/\/secure.gravatar.com\/avatar\/e0a867bdedb85fd243eadf09663511f96fc81e0720a4a42581f334ad4303aa6b?s=96&d=mm&r=g","url":"https:\/\/secure.gravatar.com\/avatar\/e0a867bdedb85fd243eadf09663511f96fc81e0720a4a42581f334ad4303aa6b?s=96&d=mm&r=g","contentUrl":"https:\/\/secure.gravatar.com\/avatar\/e0a867bdedb85fd243eadf09663511f96fc81e0720a4a42581f334ad4303aa6b?s=96&d=mm&r=g","caption":"Reda\u00e7\u00e3o"}}]}},"_links":{"self":[{"href":"https:\/\/www.notibras.com\/site\/wp-json\/wp\/v2\/posts\/409197","targetHints":{"allow":["GET"]}}],"collection":[{"href":"https:\/\/www.notibras.com\/site\/wp-json\/wp\/v2\/posts"}],"about":[{"href":"https:\/\/www.notibras.com\/site\/wp-json\/wp\/v2\/types\/post"}],"author":[{"embeddable":true,"href":"https:\/\/www.notibras.com\/site\/wp-json\/wp\/v2\/users\/2"}],"replies":[{"embeddable":true,"href":"https:\/\/www.notibras.com\/site\/wp-json\/wp\/v2\/comments?post=409197"}],"version-history":[{"count":1,"href":"https:\/\/www.notibras.com\/site\/wp-json\/wp\/v2\/posts\/409197\/revisions"}],"predecessor-version":[{"id":409198,"href":"https:\/\/www.notibras.com\/site\/wp-json\/wp\/v2\/posts\/409197\/revisions\/409198"}],"wp:featuredmedia":[{"embeddable":true,"href":"https:\/\/www.notibras.com\/site\/wp-json\/wp\/v2\/media\/371415"}],"wp:attachment":[{"href":"https:\/\/www.notibras.com\/site\/wp-json\/wp\/v2\/media?parent=409197"}],"wp:term":[{"taxonomy":"category","embeddable":true,"href":"https:\/\/www.notibras.com\/site\/wp-json\/wp\/v2\/categories?post=409197"},{"taxonomy":"post_tag","embeddable":true,"href":"https:\/\/www.notibras.com\/site\/wp-json\/wp\/v2\/tags?post=409197"},{"taxonomy":"tmauthors","embeddable":true,"href":"https:\/\/www.notibras.com\/site\/wp-json\/wp\/v2\/tmauthors?post=409197"}],"curies":[{"name":"wp","href":"https:\/\/api.w.org\/{rel}","templated":true}]}}