{"id":409203,"date":"2026-09-04T06:30:35","date_gmt":"2026-09-04T09:30:35","guid":{"rendered":"https:\/\/www.notibras.com\/site\/?p=409203"},"modified":"2026-09-04T09:32:27","modified_gmt":"2026-09-04T12:32:27","slug":"ultimo-el-nino-atingiu-e-deixou-38-das-areas-habitadas-sem-agua","status":"publish","type":"post","link":"https:\/\/www.notibras.com\/site\/ultimo-el-nino-atingiu-e-deixou-38-das-areas-habitadas-sem-agua\/","title":{"rendered":"\u00daltimo El Ni\u00f1o atingiu e deixou 38% das \u00e1reas habitadas sem \u00e1gua"},"content":{"rendered":"<p>Mais de um ter\u00e7o (38%) das ocupa\u00e7\u00f5es humanas existentes na Amaz\u00f4nia tiveram alta exposi\u00e7\u00e3o aos efeitos do El Ni\u00f1o de 2024, segundo um estudo divulgado nesta sexta-feira (4) pelo Mapbiomas. Entre as 5.673 localidades habitadas na regi\u00e3o, 2.172 sofreram de forma intensa com o fen\u00f4meno.<\/p>\n<p>O El Ni\u00f1o se caracteriza pelo aquecimento das \u00e1guas superficiais do Oceano Pac\u00edfico Tropical e provoca altera\u00e7\u00e3o na circula\u00e7\u00e3o atmosf\u00e9rica, tornando os volumes de chuvas irregulares. Na Amaz\u00f4nia, ele causa seca e aumento na temperatura.<\/p>\n<p>Diante da previs\u00e3o meteorol\u00f3gica de que o fen\u00f4nemo ser\u00e1 especialmente forte neste ano \u2500 um &#8220;Super El Ni\u00f1o&#8221; \u2500, os pesquisadores cruzaram dados sobre a chuva e a superf\u00edcie de \u00e1gua sobre a terra para mostrar como a Amaz\u00f4nia foi afetada na \u00faltima ocorr\u00eancia do evento clim\u00e1tico.<\/p>\n<p>No per\u00edodo entre setembro e novembro de 2024, a superf\u00edcie de \u00e1gua na Amaz\u00f4nia ficou 1,9 milh\u00e3o de hectares abaixo da m\u00e9dia hist\u00f3rica dos anos de 1985 a 2025. O volume de chuva tamb\u00e9m foi inferior, ficando 27% abaixo da m\u00e9dia.<\/p>\n<p>A temperatura m\u00e1xima m\u00e9dia durante esses tr\u00eas meses tamb\u00e9m teve uma alta significativa, 2,6\u00baC acima do que \u00e9 historicamente observado no mesmo per\u00edodo.<\/p>\n<p>\u201cMenos chuva e temperaturas mais elevadas aumentam a demanda evaporativa na atmosfera, favorecendo a perda de \u00e1gua do solo e o estresse h\u00eddrico da vegeta\u00e7\u00e3o\u201d, aponta o pesquisador do Instituto do Homem e Meio Ambiente da Amaz\u00f4nia (Imazon), Bruno Ferreira, da equipe da Amaz\u00f4nia do MapBiomas.<\/p>\n<p><strong>Popula\u00e7\u00f5es<\/strong><br \/>\nO estudo tamb\u00e9m observou os efeitos do fen\u00f4meno sobre diferentes tipos de ocupa\u00e7\u00e3o humana, como n\u00facleos urbanos, rurais, territ\u00f3rios ind\u00edgenas, quilombolas, assentamentos e outras categorias.<\/p>\n<p>De acordo com os pesquisadores, as popula\u00e7\u00f5es desses lugares foram fortemente atingidas pelos efeitos do El Ni\u00f1o, j\u00e1 que 93% dos locais analisados, 5.273 localidades, ficam a uma dist\u00e2ncia de at\u00e9 5 quil\u00f4metros das \u00e1reas que sofreram redu\u00e7\u00e3o da superf\u00edcie de \u00e1gua, aponta o estudo.<\/p>\n<p>\u201cA seca tamb\u00e9m se manifesta na redu\u00e7\u00e3o dos n\u00edveis dos rios, com consequ\u00eancias para o transporte, o acesso \u00e0 \u00e1gua, a pesca e outras atividades que dependem dos sistemas fluviais&#8221;, destaca Bruno Ferreira.<\/p>\n<p>Os dados de cobertura e uso da terra complementam os fatores de exposi\u00e7\u00e3o do bioma, j\u00e1 que ao longo dos 41 anos da s\u00e9rie hist\u00f3rica do estudo sobre o tema, foram perdidos 3,9 milh\u00f5es de hectares de vegeta\u00e7\u00e3o nativa, o que equivale a uma redu\u00e7\u00e3o de 14% da cobertura verde existente anteriormente.<\/p>\n<p>No estudo, al\u00e9m dos dados da Cole\u00e7\u00e3o 11 do Mapbiomas sobre Cobertura e Uso da Terra, os pesquisadores trabalharam com a Cole\u00e7\u00e3o 5 sobre \u00c1gua, e a cole\u00e7\u00e3o beta sobre Atmosfera. Tamb\u00e9m foram usados dados do Instituto Brasileiro de Geografia e Estat\u00edstica (IBGE) sobre as \u00e1reas habitadas e informa\u00e7\u00f5es do Painel El Ni\u00f1o, do Instituto Nacional de Meteorologia (Inmet).<\/p>\n","protected":false},"excerpt":{"rendered":"<p>Mais de um ter\u00e7o (38%) das ocupa\u00e7\u00f5es humanas existentes na Amaz\u00f4nia tiveram alta exposi\u00e7\u00e3o aos efeitos do El Ni\u00f1o de 2024, segundo um estudo divulgado nesta sexta-feira (4) pelo Mapbiomas. Entre as 5.673 localidades habitadas na regi\u00e3o, 2.172 sofreram de forma intensa com o fen\u00f4meno. O El Ni\u00f1o se caracteriza pelo aquecimento das \u00e1guas superficiais [&hellip;]<\/p>\n","protected":false},"author":2,"featured_media":409204,"comment_status":"closed","ping_status":"closed","sticky":false,"template":"","format":"standard","meta":{"_acf_changed":false,"footnotes":""},"categories":[16],"tags":[],"tmauthors":[307],"class_list":["post-409203","post","type-post","status-publish","format-standard","has-post-thumbnail","category-brasil"],"acf":[],"yoast_head":"<!-- This site is optimized with the Yoast SEO plugin v28.0 - https:\/\/yoast.com\/product\/yoast-seo-wordpress\/ -->\n<title>\u00daltimo El Ni\u00f1o atingiu e deixou 38% das \u00e1reas habitadas sem \u00e1gua - Notibras<\/title>\n<meta name=\"robots\" content=\"index, follow, max-snippet:-1, max-image-preview:large, max-video-preview:-1\" \/>\n<link rel=\"canonical\" href=\"https:\/\/www.notibras.com\/site\/ultimo-el-nino-atingiu-e-deixou-38-das-areas-habitadas-sem-agua\/\" \/>\n<meta property=\"og:locale\" content=\"pt_BR\" \/>\n<meta property=\"og:type\" content=\"article\" \/>\n<meta property=\"og:title\" content=\"\u00daltimo El Ni\u00f1o atingiu e deixou 38% das \u00e1reas habitadas sem \u00e1gua - Notibras\" \/>\n<meta property=\"og:description\" content=\"Mais de um ter\u00e7o (38%) das ocupa\u00e7\u00f5es humanas existentes na Amaz\u00f4nia tiveram alta exposi\u00e7\u00e3o aos efeitos do El Ni\u00f1o de 2024, segundo um estudo divulgado nesta sexta-feira (4) pelo Mapbiomas. Entre as 5.673 localidades habitadas na regi\u00e3o, 2.172 sofreram de forma intensa com o fen\u00f4meno. O El Ni\u00f1o se caracteriza pelo aquecimento das \u00e1guas superficiais [&hellip;]\" \/>\n<meta property=\"og:url\" content=\"https:\/\/www.notibras.com\/site\/ultimo-el-nino-atingiu-e-deixou-38-das-areas-habitadas-sem-agua\/\" \/>\n<meta property=\"og:site_name\" content=\"Notibras\" \/>\n<meta property=\"article:publisher\" content=\"https:\/\/www.facebook.com\/notibras\/\" \/>\n<meta property=\"article:published_time\" content=\"2026-09-04T09:30:35+00:00\" \/>\n<meta property=\"article:modified_time\" content=\"2026-09-04T12:32:27+00:00\" \/>\n<meta property=\"og:image\" content=\"https:\/\/www.notibras.com\/site\/wp-content\/uploads\/2026\/09\/54_retro_2023_seca_no_amazonas.webp\" \/>\n\t<meta property=\"og:image:width\" content=\"1170\" \/>\n\t<meta property=\"og:image:height\" content=\"700\" \/>\n\t<meta property=\"og:image:type\" content=\"image\/webp\" \/>\n<meta name=\"author\" content=\"Reda\u00e7\u00e3o\" \/>\n<meta name=\"twitter:card\" content=\"summary_large_image\" \/>\n<meta name=\"twitter:creator\" content=\"@Notibras\" \/>\n<meta name=\"twitter:site\" content=\"@Notibras\" \/>\n<meta name=\"twitter:label1\" content=\"Escrito por\" \/>\n\t<meta name=\"twitter:data1\" content=\"Reda\u00e7\u00e3o\" \/>\n\t<meta name=\"twitter:label2\" content=\"Est. tempo de leitura\" \/>\n\t<meta name=\"twitter:data2\" content=\"3 minutos\" \/>\n<script type=\"application\/ld+json\" class=\"yoast-schema-graph\">{\"@context\":\"https:\\\/\\\/schema.org\",\"@graph\":[{\"@type\":\"Article\",\"@id\":\"https:\\\/\\\/www.notibras.com\\\/site\\\/ultimo-el-nino-atingiu-e-deixou-38-das-areas-habitadas-sem-agua\\\/#article\",\"isPartOf\":{\"@id\":\"https:\\\/\\\/www.notibras.com\\\/site\\\/ultimo-el-nino-atingiu-e-deixou-38-das-areas-habitadas-sem-agua\\\/\"},\"author\":{\"name\":\"Reda\u00e7\u00e3o\",\"@id\":\"https:\\\/\\\/www.notibras.com\\\/site\\\/#\\\/schema\\\/person\\\/36ab0979449956132d3e5b517ea76ac8\"},\"headline\":\"\u00daltimo El Ni\u00f1o atingiu e deixou 38% das \u00e1reas habitadas sem \u00e1gua\",\"datePublished\":\"2026-09-04T09:30:35+00:00\",\"dateModified\":\"2026-09-04T12:32:27+00:00\",\"mainEntityOfPage\":{\"@id\":\"https:\\\/\\\/www.notibras.com\\\/site\\\/ultimo-el-nino-atingiu-e-deixou-38-das-areas-habitadas-sem-agua\\\/\"},\"wordCount\":511,\"publisher\":{\"@id\":\"https:\\\/\\\/www.notibras.com\\\/site\\\/#organization\"},\"image\":{\"@id\":\"https:\\\/\\\/www.notibras.com\\\/site\\\/ultimo-el-nino-atingiu-e-deixou-38-das-areas-habitadas-sem-agua\\\/#primaryimage\"},\"thumbnailUrl\":\"https:\\\/\\\/www.notibras.com\\\/site\\\/wp-content\\\/uploads\\\/2026\\\/09\\\/54_retro_2023_seca_no_amazonas.webp\",\"articleSection\":[\"Brasil\"],\"inLanguage\":\"pt-BR\"},{\"@type\":\"WebPage\",\"@id\":\"https:\\\/\\\/www.notibras.com\\\/site\\\/ultimo-el-nino-atingiu-e-deixou-38-das-areas-habitadas-sem-agua\\\/\",\"url\":\"https:\\\/\\\/www.notibras.com\\\/site\\\/ultimo-el-nino-atingiu-e-deixou-38-das-areas-habitadas-sem-agua\\\/\",\"name\":\"\u00daltimo El Ni\u00f1o atingiu e deixou 38% das \u00e1reas habitadas sem \u00e1gua - Notibras\",\"isPartOf\":{\"@id\":\"https:\\\/\\\/www.notibras.com\\\/site\\\/#website\"},\"primaryImageOfPage\":{\"@id\":\"https:\\\/\\\/www.notibras.com\\\/site\\\/ultimo-el-nino-atingiu-e-deixou-38-das-areas-habitadas-sem-agua\\\/#primaryimage\"},\"image\":{\"@id\":\"https:\\\/\\\/www.notibras.com\\\/site\\\/ultimo-el-nino-atingiu-e-deixou-38-das-areas-habitadas-sem-agua\\\/#primaryimage\"},\"thumbnailUrl\":\"https:\\\/\\\/www.notibras.com\\\/site\\\/wp-content\\\/uploads\\\/2026\\\/09\\\/54_retro_2023_seca_no_amazonas.webp\",\"datePublished\":\"2026-09-04T09:30:35+00:00\",\"dateModified\":\"2026-09-04T12:32:27+00:00\",\"breadcrumb\":{\"@id\":\"https:\\\/\\\/www.notibras.com\\\/site\\\/ultimo-el-nino-atingiu-e-deixou-38-das-areas-habitadas-sem-agua\\\/#breadcrumb\"},\"inLanguage\":\"pt-BR\",\"potentialAction\":[{\"@type\":\"ReadAction\",\"target\":[\"https:\\\/\\\/www.notibras.com\\\/site\\\/ultimo-el-nino-atingiu-e-deixou-38-das-areas-habitadas-sem-agua\\\/\"]}]},{\"@type\":\"ImageObject\",\"inLanguage\":\"pt-BR\",\"@id\":\"https:\\\/\\\/www.notibras.com\\\/site\\\/ultimo-el-nino-atingiu-e-deixou-38-das-areas-habitadas-sem-agua\\\/#primaryimage\",\"url\":\"https:\\\/\\\/www.notibras.com\\\/site\\\/wp-content\\\/uploads\\\/2026\\\/09\\\/54_retro_2023_seca_no_amazonas.webp\",\"contentUrl\":\"https:\\\/\\\/www.notibras.com\\\/site\\\/wp-content\\\/uploads\\\/2026\\\/09\\\/54_retro_2023_seca_no_amazonas.webp\",\"width\":1170,\"height\":700},{\"@type\":\"BreadcrumbList\",\"@id\":\"https:\\\/\\\/www.notibras.com\\\/site\\\/ultimo-el-nino-atingiu-e-deixou-38-das-areas-habitadas-sem-agua\\\/#breadcrumb\",\"itemListElement\":[{\"@type\":\"ListItem\",\"position\":1,\"name\":\"In\u00edcio\",\"item\":\"https:\\\/\\\/www.notibras.com\\\/site\\\/\"},{\"@type\":\"ListItem\",\"position\":2,\"name\":\"\u00daltimo El Ni\u00f1o atingiu e deixou 38% das \u00e1reas habitadas sem \u00e1gua\"}]},{\"@type\":\"WebSite\",\"@id\":\"https:\\\/\\\/www.notibras.com\\\/site\\\/#website\",\"url\":\"https:\\\/\\\/www.notibras.com\\\/site\\\/\",\"name\":\"Notibras\",\"description\":\"Not\u00edcias de Bras\u00edlia, do Brasil e do Mundo\",\"publisher\":{\"@id\":\"https:\\\/\\\/www.notibras.com\\\/site\\\/#organization\"},\"potentialAction\":[{\"@type\":\"SearchAction\",\"target\":{\"@type\":\"EntryPoint\",\"urlTemplate\":\"https:\\\/\\\/www.notibras.com\\\/site\\\/?s={search_term_string}\"},\"query-input\":{\"@type\":\"PropertyValueSpecification\",\"valueRequired\":true,\"valueName\":\"search_term_string\"}}],\"inLanguage\":\"pt-BR\"},{\"@type\":\"Organization\",\"@id\":\"https:\\\/\\\/www.notibras.com\\\/site\\\/#organization\",\"name\":\"Grupo Notibras de Comunica\u00e7\u00e3o\",\"url\":\"https:\\\/\\\/www.notibras.com\\\/site\\\/\",\"logo\":{\"@type\":\"ImageObject\",\"inLanguage\":\"pt-BR\",\"@id\":\"https:\\\/\\\/www.notibras.com\\\/site\\\/#\\\/schema\\\/logo\\\/image\\\/\",\"url\":\"https:\\\/\\\/www.notibras.com\\\/site\\\/wp-content\\\/uploads\\\/2023\\\/01\\\/notibras23.png\",\"contentUrl\":\"https:\\\/\\\/www.notibras.com\\\/site\\\/wp-content\\\/uploads\\\/2023\\\/01\\\/notibras23.png\",\"width\":350,\"height\":87,\"caption\":\"Grupo Notibras de Comunica\u00e7\u00e3o\"},\"image\":{\"@id\":\"https:\\\/\\\/www.notibras.com\\\/site\\\/#\\\/schema\\\/logo\\\/image\\\/\"},\"sameAs\":[\"https:\\\/\\\/www.facebook.com\\\/notibras\\\/\",\"https:\\\/\\\/x.com\\\/Notibras\",\"https:\\\/\\\/www.instagram.com\\\/notibras\\\/\"]},{\"@type\":\"Person\",\"@id\":\"https:\\\/\\\/www.notibras.com\\\/site\\\/#\\\/schema\\\/person\\\/36ab0979449956132d3e5b517ea76ac8\",\"name\":\"Reda\u00e7\u00e3o\",\"image\":{\"@type\":\"ImageObject\",\"inLanguage\":\"pt-BR\",\"@id\":\"https:\\\/\\\/secure.gravatar.com\\\/avatar\\\/e0a867bdedb85fd243eadf09663511f96fc81e0720a4a42581f334ad4303aa6b?s=96&d=mm&r=g\",\"url\":\"https:\\\/\\\/secure.gravatar.com\\\/avatar\\\/e0a867bdedb85fd243eadf09663511f96fc81e0720a4a42581f334ad4303aa6b?s=96&d=mm&r=g\",\"contentUrl\":\"https:\\\/\\\/secure.gravatar.com\\\/avatar\\\/e0a867bdedb85fd243eadf09663511f96fc81e0720a4a42581f334ad4303aa6b?s=96&d=mm&r=g\",\"caption\":\"Reda\u00e7\u00e3o\"}}]}<\/script>\n<!-- \/ Yoast SEO plugin. -->","yoast_head_json":{"title":"\u00daltimo El Ni\u00f1o atingiu e deixou 38% das \u00e1reas habitadas sem \u00e1gua - Notibras","robots":{"index":"index","follow":"follow","max-snippet":"max-snippet:-1","max-image-preview":"max-image-preview:large","max-video-preview":"max-video-preview:-1"},"canonical":"https:\/\/www.notibras.com\/site\/ultimo-el-nino-atingiu-e-deixou-38-das-areas-habitadas-sem-agua\/","og_locale":"pt_BR","og_type":"article","og_title":"\u00daltimo El Ni\u00f1o atingiu e deixou 38% das \u00e1reas habitadas sem \u00e1gua - Notibras","og_description":"Mais de um ter\u00e7o (38%) das ocupa\u00e7\u00f5es humanas existentes na Amaz\u00f4nia tiveram alta exposi\u00e7\u00e3o aos efeitos do El Ni\u00f1o de 2024, segundo um estudo divulgado nesta sexta-feira (4) pelo Mapbiomas. Entre as 5.673 localidades habitadas na regi\u00e3o, 2.172 sofreram de forma intensa com o fen\u00f4meno. O El Ni\u00f1o se caracteriza pelo aquecimento das \u00e1guas superficiais [&hellip;]","og_url":"https:\/\/www.notibras.com\/site\/ultimo-el-nino-atingiu-e-deixou-38-das-areas-habitadas-sem-agua\/","og_site_name":"Notibras","article_publisher":"https:\/\/www.facebook.com\/notibras\/","article_published_time":"2026-09-04T09:30:35+00:00","article_modified_time":"2026-09-04T12:32:27+00:00","og_image":[{"width":1170,"height":700,"url":"https:\/\/www.notibras.com\/site\/wp-content\/uploads\/2026\/09\/54_retro_2023_seca_no_amazonas.webp","type":"image\/webp"}],"author":"Reda\u00e7\u00e3o","twitter_card":"summary_large_image","twitter_creator":"@Notibras","twitter_site":"@Notibras","twitter_misc":{"Escrito por":"Reda\u00e7\u00e3o","Est. tempo de leitura":"3 minutos"},"schema":{"@context":"https:\/\/schema.org","@graph":[{"@type":"Article","@id":"https:\/\/www.notibras.com\/site\/ultimo-el-nino-atingiu-e-deixou-38-das-areas-habitadas-sem-agua\/#article","isPartOf":{"@id":"https:\/\/www.notibras.com\/site\/ultimo-el-nino-atingiu-e-deixou-38-das-areas-habitadas-sem-agua\/"},"author":{"name":"Reda\u00e7\u00e3o","@id":"https:\/\/www.notibras.com\/site\/#\/schema\/person\/36ab0979449956132d3e5b517ea76ac8"},"headline":"\u00daltimo El Ni\u00f1o atingiu e deixou 38% das \u00e1reas habitadas sem \u00e1gua","datePublished":"2026-09-04T09:30:35+00:00","dateModified":"2026-09-04T12:32:27+00:00","mainEntityOfPage":{"@id":"https:\/\/www.notibras.com\/site\/ultimo-el-nino-atingiu-e-deixou-38-das-areas-habitadas-sem-agua\/"},"wordCount":511,"publisher":{"@id":"https:\/\/www.notibras.com\/site\/#organization"},"image":{"@id":"https:\/\/www.notibras.com\/site\/ultimo-el-nino-atingiu-e-deixou-38-das-areas-habitadas-sem-agua\/#primaryimage"},"thumbnailUrl":"https:\/\/www.notibras.com\/site\/wp-content\/uploads\/2026\/09\/54_retro_2023_seca_no_amazonas.webp","articleSection":["Brasil"],"inLanguage":"pt-BR"},{"@type":"WebPage","@id":"https:\/\/www.notibras.com\/site\/ultimo-el-nino-atingiu-e-deixou-38-das-areas-habitadas-sem-agua\/","url":"https:\/\/www.notibras.com\/site\/ultimo-el-nino-atingiu-e-deixou-38-das-areas-habitadas-sem-agua\/","name":"\u00daltimo El Ni\u00f1o atingiu e deixou 38% das \u00e1reas habitadas sem \u00e1gua - Notibras","isPartOf":{"@id":"https:\/\/www.notibras.com\/site\/#website"},"primaryImageOfPage":{"@id":"https:\/\/www.notibras.com\/site\/ultimo-el-nino-atingiu-e-deixou-38-das-areas-habitadas-sem-agua\/#primaryimage"},"image":{"@id":"https:\/\/www.notibras.com\/site\/ultimo-el-nino-atingiu-e-deixou-38-das-areas-habitadas-sem-agua\/#primaryimage"},"thumbnailUrl":"https:\/\/www.notibras.com\/site\/wp-content\/uploads\/2026\/09\/54_retro_2023_seca_no_amazonas.webp","datePublished":"2026-09-04T09:30:35+00:00","dateModified":"2026-09-04T12:32:27+00:00","breadcrumb":{"@id":"https:\/\/www.notibras.com\/site\/ultimo-el-nino-atingiu-e-deixou-38-das-areas-habitadas-sem-agua\/#breadcrumb"},"inLanguage":"pt-BR","potentialAction":[{"@type":"ReadAction","target":["https:\/\/www.notibras.com\/site\/ultimo-el-nino-atingiu-e-deixou-38-das-areas-habitadas-sem-agua\/"]}]},{"@type":"ImageObject","inLanguage":"pt-BR","@id":"https:\/\/www.notibras.com\/site\/ultimo-el-nino-atingiu-e-deixou-38-das-areas-habitadas-sem-agua\/#primaryimage","url":"https:\/\/www.notibras.com\/site\/wp-content\/uploads\/2026\/09\/54_retro_2023_seca_no_amazonas.webp","contentUrl":"https:\/\/www.notibras.com\/site\/wp-content\/uploads\/2026\/09\/54_retro_2023_seca_no_amazonas.webp","width":1170,"height":700},{"@type":"BreadcrumbList","@id":"https:\/\/www.notibras.com\/site\/ultimo-el-nino-atingiu-e-deixou-38-das-areas-habitadas-sem-agua\/#breadcrumb","itemListElement":[{"@type":"ListItem","position":1,"name":"In\u00edcio","item":"https:\/\/www.notibras.com\/site\/"},{"@type":"ListItem","position":2,"name":"\u00daltimo El Ni\u00f1o atingiu e deixou 38% das \u00e1reas habitadas sem \u00e1gua"}]},{"@type":"WebSite","@id":"https:\/\/www.notibras.com\/site\/#website","url":"https:\/\/www.notibras.com\/site\/","name":"Notibras","description":"Not\u00edcias de Bras\u00edlia, do Brasil e do Mundo","publisher":{"@id":"https:\/\/www.notibras.com\/site\/#organization"},"potentialAction":[{"@type":"SearchAction","target":{"@type":"EntryPoint","urlTemplate":"https:\/\/www.notibras.com\/site\/?s={search_term_string}"},"query-input":{"@type":"PropertyValueSpecification","valueRequired":true,"valueName":"search_term_string"}}],"inLanguage":"pt-BR"},{"@type":"Organization","@id":"https:\/\/www.notibras.com\/site\/#organization","name":"Grupo Notibras de Comunica\u00e7\u00e3o","url":"https:\/\/www.notibras.com\/site\/","logo":{"@type":"ImageObject","inLanguage":"pt-BR","@id":"https:\/\/www.notibras.com\/site\/#\/schema\/logo\/image\/","url":"https:\/\/www.notibras.com\/site\/wp-content\/uploads\/2023\/01\/notibras23.png","contentUrl":"https:\/\/www.notibras.com\/site\/wp-content\/uploads\/2023\/01\/notibras23.png","width":350,"height":87,"caption":"Grupo Notibras de Comunica\u00e7\u00e3o"},"image":{"@id":"https:\/\/www.notibras.com\/site\/#\/schema\/logo\/image\/"},"sameAs":["https:\/\/www.facebook.com\/notibras\/","https:\/\/x.com\/Notibras","https:\/\/www.instagram.com\/notibras\/"]},{"@type":"Person","@id":"https:\/\/www.notibras.com\/site\/#\/schema\/person\/36ab0979449956132d3e5b517ea76ac8","name":"Reda\u00e7\u00e3o","image":{"@type":"ImageObject","inLanguage":"pt-BR","@id":"https:\/\/secure.gravatar.com\/avatar\/e0a867bdedb85fd243eadf09663511f96fc81e0720a4a42581f334ad4303aa6b?s=96&d=mm&r=g","url":"https:\/\/secure.gravatar.com\/avatar\/e0a867bdedb85fd243eadf09663511f96fc81e0720a4a42581f334ad4303aa6b?s=96&d=mm&r=g","contentUrl":"https:\/\/secure.gravatar.com\/avatar\/e0a867bdedb85fd243eadf09663511f96fc81e0720a4a42581f334ad4303aa6b?s=96&d=mm&r=g","caption":"Reda\u00e7\u00e3o"}}]}},"_links":{"self":[{"href":"https:\/\/www.notibras.com\/site\/wp-json\/wp\/v2\/posts\/409203","targetHints":{"allow":["GET"]}}],"collection":[{"href":"https:\/\/www.notibras.com\/site\/wp-json\/wp\/v2\/posts"}],"about":[{"href":"https:\/\/www.notibras.com\/site\/wp-json\/wp\/v2\/types\/post"}],"author":[{"embeddable":true,"href":"https:\/\/www.notibras.com\/site\/wp-json\/wp\/v2\/users\/2"}],"replies":[{"embeddable":true,"href":"https:\/\/www.notibras.com\/site\/wp-json\/wp\/v2\/comments?post=409203"}],"version-history":[{"count":1,"href":"https:\/\/www.notibras.com\/site\/wp-json\/wp\/v2\/posts\/409203\/revisions"}],"predecessor-version":[{"id":409205,"href":"https:\/\/www.notibras.com\/site\/wp-json\/wp\/v2\/posts\/409203\/revisions\/409205"}],"wp:featuredmedia":[{"embeddable":true,"href":"https:\/\/www.notibras.com\/site\/wp-json\/wp\/v2\/media\/409204"}],"wp:attachment":[{"href":"https:\/\/www.notibras.com\/site\/wp-json\/wp\/v2\/media?parent=409203"}],"wp:term":[{"taxonomy":"category","embeddable":true,"href":"https:\/\/www.notibras.com\/site\/wp-json\/wp\/v2\/categories?post=409203"},{"taxonomy":"post_tag","embeddable":true,"href":"https:\/\/www.notibras.com\/site\/wp-json\/wp\/v2\/tags?post=409203"},{"taxonomy":"tmauthors","embeddable":true,"href":"https:\/\/www.notibras.com\/site\/wp-json\/wp\/v2\/tmauthors?post=409203"}],"curies":[{"name":"wp","href":"https:\/\/api.w.org\/{rel}","templated":true}]}}