{"id":409215,"date":"2026-09-04T00:05:16","date_gmt":"2026-09-04T03:05:16","guid":{"rendered":"https:\/\/www.notibras.com\/site\/?p=409215"},"modified":"2026-09-04T09:57:00","modified_gmt":"2026-09-04T12:57:00","slug":"gremio-derruba-o-inter-e-fecha-grupo-das-semi","status":"publish","type":"post","link":"https:\/\/www.notibras.com\/site\/gremio-derruba-o-inter-e-fecha-grupo-das-semi\/","title":{"rendered":"Gr\u00eamio derruba o Inter e fecha grupo das semi"},"content":{"rendered":"<p>A Copa do Brasil de 2026 j\u00e1 tem seus quatro sobreviventes. O Gr\u00eamio fechou a lista de classificados na noite de quinta-feira (3), ao derrotar o Internacional por 3 a 1, na Arena, em Porto Alegre. Agora, o Tricolor ga\u00facho ter\u00e1 pela frente o Atl\u00e9tico-MG, enquanto Vasco e Palmeiras medir\u00e3o for\u00e7as na outra semifinal.<\/p>\n<p>O \u00faltimo cap\u00edtulo das quartas de final foi escrito justamente em um Gre-Nal. Depois do empate por 0 a 0 no Beira-Rio, no jogo de ida, Gr\u00eamio e Internacional chegaram \u00e0 partida decisiva em absoluta igualdade. Diante de sua torcida, por\u00e9m, o time gremista foi mais eficiente e construiu uma vit\u00f3ria convincente.<\/p>\n<p>Carlos Vin\u00edcius foi o grande nome da classifica\u00e7\u00e3o. O atacante marcou duas vezes ainda no primeiro tempo e abriu caminho para a festa tricolor. Krovinovic ampliou na etapa final, enquanto Vitinho descontou para o Colorado. O 3 a 1 colocou o Gr\u00eamio entre os quatro melhores da competi\u00e7\u00e3o.<\/p>\n<p>A classifica\u00e7\u00e3o gremista completou uma fase de quartas de final marcada por cl\u00e1ssicos e rivalidades. Antes do Gre-Nal, o Atl\u00e9tico-MG havia eliminado o Cruzeiro, tamb\u00e9m em confronto estadual. Depois do empate por 1 a 1 na primeira partida, o Galo venceu o duelo de volta por 2 a 1, de virada, na Arena MRV, fechando o confronto em 3 a 2 no placar agregado.<\/p>\n<p>Com isso, Atl\u00e9tico-MG e Gr\u00eamio protagonizar\u00e3o uma das semifinais. O confronto reedita, inclusive, a final da Copa do Brasil de 2016, quando o time ga\u00facho levou a melhor sobre os mineiros e conquistou o pentacampeonato da competi\u00e7\u00e3o.<\/p>\n<p>Do outro lado, o duelo ser\u00e1 entre Vasco e Palmeiras. O Cruzmaltino confirmou a classifica\u00e7\u00e3o ao derrotar o Vit\u00f3ria por 2 a 0 no Barrad\u00e3o. Como j\u00e1 havia vencido por 1 a 0 em S\u00e3o Janu\u00e1rio, avan\u00e7ou com um contundente placar agregado de 3 a 0.<\/p>\n<p>O Palmeiras, por sua vez, chegou \u00e0 semifinal depois de eliminar o Santos. A vantagem havia sido praticamente constru\u00edda no primeiro encontro, com vit\u00f3ria alviverde por 3 a 0. Na volta, na Vila Belmiro, o empate sem gols foi suficiente para carimbar a classifica\u00e7\u00e3o.<\/p>\n<p>Assim, a Copa do Brasil chega \u00e0 reta decisiva reunindo quatro camisas pesadas do futebol brasileiro. De um lado, Atl\u00e9tico-MG x Gr\u00eamio. Do outro, Vasco x Palmeiras. Os vencedores estar\u00e3o frente a frente na disputa pelo t\u00edtulo.<\/p>\n<p>E ainda haver\u00e1 uma longa espera at\u00e9 que a bola volte a rolar pelo torneio. As partidas de ida das semifinais est\u00e3o previstas para a semana de 1\u00ba de novembro, e os confrontos de volta para a semana de 8 de novembro. A CBF ainda definir\u00e1, por sorteio, os mandos de campo e posteriormente divulgar\u00e1 dias e hor\u00e1rios exatos.<\/p>\n<p>A decis\u00e3o ser\u00e1 realizada em jogo \u00fanico, no dia 6 de dezembro, uma das novidades do calend\u00e1rio da competi\u00e7\u00e3o. Outra mudan\u00e7a importante \u00e9 que o vice-campe\u00e3o tamb\u00e9m ter\u00e1 direito a uma vaga na Libertadores, inicialmente na fase preliminar, podendo alcan\u00e7ar a fase de grupos dependendo da situa\u00e7\u00e3o do campe\u00e3o no Campeonato Brasileiro.<\/p>\n<p>Al\u00e9m da ta\u00e7a e da vaga continental, h\u00e1 uma fortuna em disputa. Cada um dos quatro semifinalistas j\u00e1 assegurou R$ 9 milh\u00f5es pela passagem \u00e0s semifinais. O campe\u00e3o receber\u00e1 mais R$ 78 milh\u00f5es, enquanto o vice ficar\u00e1 com R$ 34 milh\u00f5es.<\/p>\n<p>A Copa do Brasil, portanto, entra em sua fase mais aguda com dois confrontos de enorme tradi\u00e7\u00e3o. Gr\u00eamio e Atl\u00e9tico-MG carregam hist\u00f3rico de decis\u00f5es nacionais. Vasco e Palmeiras colocam frente a frente dois gigantes que conhecem bem o caminho das grandes finais.<\/p>\n<p>Depois de uma fase de quartas dominada por cl\u00e1ssicos, sobraram quatro. Em novembro, restar\u00e3o apenas dois. E, em dezembro, um deles levantar\u00e1 a ta\u00e7a.<\/p>\n","protected":false},"excerpt":{"rendered":"<p>A Copa do Brasil de 2026 j\u00e1 tem seus quatro sobreviventes. O Gr\u00eamio fechou a lista de classificados na noite de quinta-feira (3), ao derrotar o Internacional por 3 a 1, na Arena, em Porto Alegre. Agora, o Tricolor ga\u00facho ter\u00e1 pela frente o Atl\u00e9tico-MG, enquanto Vasco e Palmeiras medir\u00e3o for\u00e7as na outra semifinal. O [&hellip;]<\/p>\n","protected":false},"author":2,"featured_media":409216,"comment_status":"closed","ping_status":"closed","sticky":false,"template":"","format":"standard","meta":{"_acf_changed":false,"footnotes":""},"categories":[19],"tags":[],"tmauthors":[307],"class_list":["post-409215","post","type-post","status-publish","format-standard","has-post-thumbnail","category-esportes"],"acf":[],"yoast_head":"<!-- This site is optimized with the Yoast SEO plugin v28.0 - https:\/\/yoast.com\/product\/yoast-seo-wordpress\/ -->\n<title>Gr\u00eamio derruba o Inter e fecha grupo das semi - Notibras<\/title>\n<meta name=\"robots\" content=\"index, follow, max-snippet:-1, max-image-preview:large, max-video-preview:-1\" \/>\n<link rel=\"canonical\" href=\"https:\/\/www.notibras.com\/site\/gremio-derruba-o-inter-e-fecha-grupo-das-semi\/\" \/>\n<meta property=\"og:locale\" content=\"pt_BR\" \/>\n<meta property=\"og:type\" content=\"article\" \/>\n<meta property=\"og:title\" content=\"Gr\u00eamio derruba o Inter e fecha grupo das semi - Notibras\" \/>\n<meta property=\"og:description\" content=\"A Copa do Brasil de 2026 j\u00e1 tem seus quatro sobreviventes. O Gr\u00eamio fechou a lista de classificados na noite de quinta-feira (3), ao derrotar o Internacional por 3 a 1, na Arena, em Porto Alegre. Agora, o Tricolor ga\u00facho ter\u00e1 pela frente o Atl\u00e9tico-MG, enquanto Vasco e Palmeiras medir\u00e3o for\u00e7as na outra semifinal. O [&hellip;]\" \/>\n<meta property=\"og:url\" content=\"https:\/\/www.notibras.com\/site\/gremio-derruba-o-inter-e-fecha-grupo-das-semi\/\" \/>\n<meta property=\"og:site_name\" content=\"Notibras\" \/>\n<meta property=\"article:publisher\" content=\"https:\/\/www.facebook.com\/notibras\/\" \/>\n<meta property=\"article:published_time\" content=\"2026-09-04T03:05:16+00:00\" \/>\n<meta property=\"article:modified_time\" content=\"2026-09-04T12:57:00+00:00\" \/>\n<meta property=\"og:image\" content=\"https:\/\/www.notibras.com\/site\/wp-content\/uploads\/2026\/09\/grenal-bernabei-1024x576.jpg.webp\" \/>\n\t<meta property=\"og:image:width\" content=\"1024\" \/>\n\t<meta property=\"og:image:height\" content=\"576\" \/>\n\t<meta property=\"og:image:type\" content=\"image\/webp\" \/>\n<meta name=\"author\" content=\"Reda\u00e7\u00e3o\" \/>\n<meta name=\"twitter:card\" content=\"summary_large_image\" \/>\n<meta name=\"twitter:creator\" content=\"@Notibras\" \/>\n<meta name=\"twitter:site\" content=\"@Notibras\" \/>\n<meta name=\"twitter:label1\" content=\"Escrito por\" \/>\n\t<meta name=\"twitter:data1\" content=\"Reda\u00e7\u00e3o\" \/>\n\t<meta name=\"twitter:label2\" content=\"Est. tempo de leitura\" \/>\n\t<meta name=\"twitter:data2\" content=\"4 minutos\" \/>\n<script type=\"application\/ld+json\" class=\"yoast-schema-graph\">{\"@context\":\"https:\\\/\\\/schema.org\",\"@graph\":[{\"@type\":\"Article\",\"@id\":\"https:\\\/\\\/www.notibras.com\\\/site\\\/gremio-derruba-o-inter-e-fecha-grupo-das-semi\\\/#article\",\"isPartOf\":{\"@id\":\"https:\\\/\\\/www.notibras.com\\\/site\\\/gremio-derruba-o-inter-e-fecha-grupo-das-semi\\\/\"},\"author\":{\"name\":\"Reda\u00e7\u00e3o\",\"@id\":\"https:\\\/\\\/www.notibras.com\\\/site\\\/#\\\/schema\\\/person\\\/36ab0979449956132d3e5b517ea76ac8\"},\"headline\":\"Gr\u00eamio derruba o Inter e fecha grupo das semi\",\"datePublished\":\"2026-09-04T03:05:16+00:00\",\"dateModified\":\"2026-09-04T12:57:00+00:00\",\"mainEntityOfPage\":{\"@id\":\"https:\\\/\\\/www.notibras.com\\\/site\\\/gremio-derruba-o-inter-e-fecha-grupo-das-semi\\\/\"},\"wordCount\":637,\"publisher\":{\"@id\":\"https:\\\/\\\/www.notibras.com\\\/site\\\/#organization\"},\"image\":{\"@id\":\"https:\\\/\\\/www.notibras.com\\\/site\\\/gremio-derruba-o-inter-e-fecha-grupo-das-semi\\\/#primaryimage\"},\"thumbnailUrl\":\"https:\\\/\\\/www.notibras.com\\\/site\\\/wp-content\\\/uploads\\\/2026\\\/09\\\/grenal-bernabei-1024x576.jpg.webp\",\"articleSection\":[\"Esportes\"],\"inLanguage\":\"pt-BR\"},{\"@type\":\"WebPage\",\"@id\":\"https:\\\/\\\/www.notibras.com\\\/site\\\/gremio-derruba-o-inter-e-fecha-grupo-das-semi\\\/\",\"url\":\"https:\\\/\\\/www.notibras.com\\\/site\\\/gremio-derruba-o-inter-e-fecha-grupo-das-semi\\\/\",\"name\":\"Gr\u00eamio derruba o Inter e fecha grupo das semi - Notibras\",\"isPartOf\":{\"@id\":\"https:\\\/\\\/www.notibras.com\\\/site\\\/#website\"},\"primaryImageOfPage\":{\"@id\":\"https:\\\/\\\/www.notibras.com\\\/site\\\/gremio-derruba-o-inter-e-fecha-grupo-das-semi\\\/#primaryimage\"},\"image\":{\"@id\":\"https:\\\/\\\/www.notibras.com\\\/site\\\/gremio-derruba-o-inter-e-fecha-grupo-das-semi\\\/#primaryimage\"},\"thumbnailUrl\":\"https:\\\/\\\/www.notibras.com\\\/site\\\/wp-content\\\/uploads\\\/2026\\\/09\\\/grenal-bernabei-1024x576.jpg.webp\",\"datePublished\":\"2026-09-04T03:05:16+00:00\",\"dateModified\":\"2026-09-04T12:57:00+00:00\",\"breadcrumb\":{\"@id\":\"https:\\\/\\\/www.notibras.com\\\/site\\\/gremio-derruba-o-inter-e-fecha-grupo-das-semi\\\/#breadcrumb\"},\"inLanguage\":\"pt-BR\",\"potentialAction\":[{\"@type\":\"ReadAction\",\"target\":[\"https:\\\/\\\/www.notibras.com\\\/site\\\/gremio-derruba-o-inter-e-fecha-grupo-das-semi\\\/\"]}]},{\"@type\":\"ImageObject\",\"inLanguage\":\"pt-BR\",\"@id\":\"https:\\\/\\\/www.notibras.com\\\/site\\\/gremio-derruba-o-inter-e-fecha-grupo-das-semi\\\/#primaryimage\",\"url\":\"https:\\\/\\\/www.notibras.com\\\/site\\\/wp-content\\\/uploads\\\/2026\\\/09\\\/grenal-bernabei-1024x576.jpg.webp\",\"contentUrl\":\"https:\\\/\\\/www.notibras.com\\\/site\\\/wp-content\\\/uploads\\\/2026\\\/09\\\/grenal-bernabei-1024x576.jpg.webp\",\"width\":1024,\"height\":576},{\"@type\":\"BreadcrumbList\",\"@id\":\"https:\\\/\\\/www.notibras.com\\\/site\\\/gremio-derruba-o-inter-e-fecha-grupo-das-semi\\\/#breadcrumb\",\"itemListElement\":[{\"@type\":\"ListItem\",\"position\":1,\"name\":\"In\u00edcio\",\"item\":\"https:\\\/\\\/www.notibras.com\\\/site\\\/\"},{\"@type\":\"ListItem\",\"position\":2,\"name\":\"Gr\u00eamio derruba o Inter e fecha grupo das semi\"}]},{\"@type\":\"WebSite\",\"@id\":\"https:\\\/\\\/www.notibras.com\\\/site\\\/#website\",\"url\":\"https:\\\/\\\/www.notibras.com\\\/site\\\/\",\"name\":\"Notibras\",\"description\":\"Not\u00edcias de Bras\u00edlia, do Brasil e do Mundo\",\"publisher\":{\"@id\":\"https:\\\/\\\/www.notibras.com\\\/site\\\/#organization\"},\"potentialAction\":[{\"@type\":\"SearchAction\",\"target\":{\"@type\":\"EntryPoint\",\"urlTemplate\":\"https:\\\/\\\/www.notibras.com\\\/site\\\/?s={search_term_string}\"},\"query-input\":{\"@type\":\"PropertyValueSpecification\",\"valueRequired\":true,\"valueName\":\"search_term_string\"}}],\"inLanguage\":\"pt-BR\"},{\"@type\":\"Organization\",\"@id\":\"https:\\\/\\\/www.notibras.com\\\/site\\\/#organization\",\"name\":\"Grupo Notibras de Comunica\u00e7\u00e3o\",\"url\":\"https:\\\/\\\/www.notibras.com\\\/site\\\/\",\"logo\":{\"@type\":\"ImageObject\",\"inLanguage\":\"pt-BR\",\"@id\":\"https:\\\/\\\/www.notibras.com\\\/site\\\/#\\\/schema\\\/logo\\\/image\\\/\",\"url\":\"https:\\\/\\\/www.notibras.com\\\/site\\\/wp-content\\\/uploads\\\/2023\\\/01\\\/notibras23.png\",\"contentUrl\":\"https:\\\/\\\/www.notibras.com\\\/site\\\/wp-content\\\/uploads\\\/2023\\\/01\\\/notibras23.png\",\"width\":350,\"height\":87,\"caption\":\"Grupo Notibras de Comunica\u00e7\u00e3o\"},\"image\":{\"@id\":\"https:\\\/\\\/www.notibras.com\\\/site\\\/#\\\/schema\\\/logo\\\/image\\\/\"},\"sameAs\":[\"https:\\\/\\\/www.facebook.com\\\/notibras\\\/\",\"https:\\\/\\\/x.com\\\/Notibras\",\"https:\\\/\\\/www.instagram.com\\\/notibras\\\/\"]},{\"@type\":\"Person\",\"@id\":\"https:\\\/\\\/www.notibras.com\\\/site\\\/#\\\/schema\\\/person\\\/36ab0979449956132d3e5b517ea76ac8\",\"name\":\"Reda\u00e7\u00e3o\",\"image\":{\"@type\":\"ImageObject\",\"inLanguage\":\"pt-BR\",\"@id\":\"https:\\\/\\\/secure.gravatar.com\\\/avatar\\\/e0a867bdedb85fd243eadf09663511f96fc81e0720a4a42581f334ad4303aa6b?s=96&d=mm&r=g\",\"url\":\"https:\\\/\\\/secure.gravatar.com\\\/avatar\\\/e0a867bdedb85fd243eadf09663511f96fc81e0720a4a42581f334ad4303aa6b?s=96&d=mm&r=g\",\"contentUrl\":\"https:\\\/\\\/secure.gravatar.com\\\/avatar\\\/e0a867bdedb85fd243eadf09663511f96fc81e0720a4a42581f334ad4303aa6b?s=96&d=mm&r=g\",\"caption\":\"Reda\u00e7\u00e3o\"}}]}<\/script>\n<!-- \/ Yoast SEO plugin. -->","yoast_head_json":{"title":"Gr\u00eamio derruba o Inter e fecha grupo das semi - Notibras","robots":{"index":"index","follow":"follow","max-snippet":"max-snippet:-1","max-image-preview":"max-image-preview:large","max-video-preview":"max-video-preview:-1"},"canonical":"https:\/\/www.notibras.com\/site\/gremio-derruba-o-inter-e-fecha-grupo-das-semi\/","og_locale":"pt_BR","og_type":"article","og_title":"Gr\u00eamio derruba o Inter e fecha grupo das semi - Notibras","og_description":"A Copa do Brasil de 2026 j\u00e1 tem seus quatro sobreviventes. O Gr\u00eamio fechou a lista de classificados na noite de quinta-feira (3), ao derrotar o Internacional por 3 a 1, na Arena, em Porto Alegre. Agora, o Tricolor ga\u00facho ter\u00e1 pela frente o Atl\u00e9tico-MG, enquanto Vasco e Palmeiras medir\u00e3o for\u00e7as na outra semifinal. O [&hellip;]","og_url":"https:\/\/www.notibras.com\/site\/gremio-derruba-o-inter-e-fecha-grupo-das-semi\/","og_site_name":"Notibras","article_publisher":"https:\/\/www.facebook.com\/notibras\/","article_published_time":"2026-09-04T03:05:16+00:00","article_modified_time":"2026-09-04T12:57:00+00:00","og_image":[{"width":1024,"height":576,"url":"https:\/\/www.notibras.com\/site\/wp-content\/uploads\/2026\/09\/grenal-bernabei-1024x576.jpg.webp","type":"image\/webp"}],"author":"Reda\u00e7\u00e3o","twitter_card":"summary_large_image","twitter_creator":"@Notibras","twitter_site":"@Notibras","twitter_misc":{"Escrito por":"Reda\u00e7\u00e3o","Est. tempo de leitura":"4 minutos"},"schema":{"@context":"https:\/\/schema.org","@graph":[{"@type":"Article","@id":"https:\/\/www.notibras.com\/site\/gremio-derruba-o-inter-e-fecha-grupo-das-semi\/#article","isPartOf":{"@id":"https:\/\/www.notibras.com\/site\/gremio-derruba-o-inter-e-fecha-grupo-das-semi\/"},"author":{"name":"Reda\u00e7\u00e3o","@id":"https:\/\/www.notibras.com\/site\/#\/schema\/person\/36ab0979449956132d3e5b517ea76ac8"},"headline":"Gr\u00eamio derruba o Inter e fecha grupo das semi","datePublished":"2026-09-04T03:05:16+00:00","dateModified":"2026-09-04T12:57:00+00:00","mainEntityOfPage":{"@id":"https:\/\/www.notibras.com\/site\/gremio-derruba-o-inter-e-fecha-grupo-das-semi\/"},"wordCount":637,"publisher":{"@id":"https:\/\/www.notibras.com\/site\/#organization"},"image":{"@id":"https:\/\/www.notibras.com\/site\/gremio-derruba-o-inter-e-fecha-grupo-das-semi\/#primaryimage"},"thumbnailUrl":"https:\/\/www.notibras.com\/site\/wp-content\/uploads\/2026\/09\/grenal-bernabei-1024x576.jpg.webp","articleSection":["Esportes"],"inLanguage":"pt-BR"},{"@type":"WebPage","@id":"https:\/\/www.notibras.com\/site\/gremio-derruba-o-inter-e-fecha-grupo-das-semi\/","url":"https:\/\/www.notibras.com\/site\/gremio-derruba-o-inter-e-fecha-grupo-das-semi\/","name":"Gr\u00eamio derruba o Inter e fecha grupo das semi - Notibras","isPartOf":{"@id":"https:\/\/www.notibras.com\/site\/#website"},"primaryImageOfPage":{"@id":"https:\/\/www.notibras.com\/site\/gremio-derruba-o-inter-e-fecha-grupo-das-semi\/#primaryimage"},"image":{"@id":"https:\/\/www.notibras.com\/site\/gremio-derruba-o-inter-e-fecha-grupo-das-semi\/#primaryimage"},"thumbnailUrl":"https:\/\/www.notibras.com\/site\/wp-content\/uploads\/2026\/09\/grenal-bernabei-1024x576.jpg.webp","datePublished":"2026-09-04T03:05:16+00:00","dateModified":"2026-09-04T12:57:00+00:00","breadcrumb":{"@id":"https:\/\/www.notibras.com\/site\/gremio-derruba-o-inter-e-fecha-grupo-das-semi\/#breadcrumb"},"inLanguage":"pt-BR","potentialAction":[{"@type":"ReadAction","target":["https:\/\/www.notibras.com\/site\/gremio-derruba-o-inter-e-fecha-grupo-das-semi\/"]}]},{"@type":"ImageObject","inLanguage":"pt-BR","@id":"https:\/\/www.notibras.com\/site\/gremio-derruba-o-inter-e-fecha-grupo-das-semi\/#primaryimage","url":"https:\/\/www.notibras.com\/site\/wp-content\/uploads\/2026\/09\/grenal-bernabei-1024x576.jpg.webp","contentUrl":"https:\/\/www.notibras.com\/site\/wp-content\/uploads\/2026\/09\/grenal-bernabei-1024x576.jpg.webp","width":1024,"height":576},{"@type":"BreadcrumbList","@id":"https:\/\/www.notibras.com\/site\/gremio-derruba-o-inter-e-fecha-grupo-das-semi\/#breadcrumb","itemListElement":[{"@type":"ListItem","position":1,"name":"In\u00edcio","item":"https:\/\/www.notibras.com\/site\/"},{"@type":"ListItem","position":2,"name":"Gr\u00eamio derruba o Inter e fecha grupo das semi"}]},{"@type":"WebSite","@id":"https:\/\/www.notibras.com\/site\/#website","url":"https:\/\/www.notibras.com\/site\/","name":"Notibras","description":"Not\u00edcias de Bras\u00edlia, do Brasil e do Mundo","publisher":{"@id":"https:\/\/www.notibras.com\/site\/#organization"},"potentialAction":[{"@type":"SearchAction","target":{"@type":"EntryPoint","urlTemplate":"https:\/\/www.notibras.com\/site\/?s={search_term_string}"},"query-input":{"@type":"PropertyValueSpecification","valueRequired":true,"valueName":"search_term_string"}}],"inLanguage":"pt-BR"},{"@type":"Organization","@id":"https:\/\/www.notibras.com\/site\/#organization","name":"Grupo Notibras de Comunica\u00e7\u00e3o","url":"https:\/\/www.notibras.com\/site\/","logo":{"@type":"ImageObject","inLanguage":"pt-BR","@id":"https:\/\/www.notibras.com\/site\/#\/schema\/logo\/image\/","url":"https:\/\/www.notibras.com\/site\/wp-content\/uploads\/2023\/01\/notibras23.png","contentUrl":"https:\/\/www.notibras.com\/site\/wp-content\/uploads\/2023\/01\/notibras23.png","width":350,"height":87,"caption":"Grupo Notibras de Comunica\u00e7\u00e3o"},"image":{"@id":"https:\/\/www.notibras.com\/site\/#\/schema\/logo\/image\/"},"sameAs":["https:\/\/www.facebook.com\/notibras\/","https:\/\/x.com\/Notibras","https:\/\/www.instagram.com\/notibras\/"]},{"@type":"Person","@id":"https:\/\/www.notibras.com\/site\/#\/schema\/person\/36ab0979449956132d3e5b517ea76ac8","name":"Reda\u00e7\u00e3o","image":{"@type":"ImageObject","inLanguage":"pt-BR","@id":"https:\/\/secure.gravatar.com\/avatar\/e0a867bdedb85fd243eadf09663511f96fc81e0720a4a42581f334ad4303aa6b?s=96&d=mm&r=g","url":"https:\/\/secure.gravatar.com\/avatar\/e0a867bdedb85fd243eadf09663511f96fc81e0720a4a42581f334ad4303aa6b?s=96&d=mm&r=g","contentUrl":"https:\/\/secure.gravatar.com\/avatar\/e0a867bdedb85fd243eadf09663511f96fc81e0720a4a42581f334ad4303aa6b?s=96&d=mm&r=g","caption":"Reda\u00e7\u00e3o"}}]}},"_links":{"self":[{"href":"https:\/\/www.notibras.com\/site\/wp-json\/wp\/v2\/posts\/409215","targetHints":{"allow":["GET"]}}],"collection":[{"href":"https:\/\/www.notibras.com\/site\/wp-json\/wp\/v2\/posts"}],"about":[{"href":"https:\/\/www.notibras.com\/site\/wp-json\/wp\/v2\/types\/post"}],"author":[{"embeddable":true,"href":"https:\/\/www.notibras.com\/site\/wp-json\/wp\/v2\/users\/2"}],"replies":[{"embeddable":true,"href":"https:\/\/www.notibras.com\/site\/wp-json\/wp\/v2\/comments?post=409215"}],"version-history":[{"count":1,"href":"https:\/\/www.notibras.com\/site\/wp-json\/wp\/v2\/posts\/409215\/revisions"}],"predecessor-version":[{"id":409217,"href":"https:\/\/www.notibras.com\/site\/wp-json\/wp\/v2\/posts\/409215\/revisions\/409217"}],"wp:featuredmedia":[{"embeddable":true,"href":"https:\/\/www.notibras.com\/site\/wp-json\/wp\/v2\/media\/409216"}],"wp:attachment":[{"href":"https:\/\/www.notibras.com\/site\/wp-json\/wp\/v2\/media?parent=409215"}],"wp:term":[{"taxonomy":"category","embeddable":true,"href":"https:\/\/www.notibras.com\/site\/wp-json\/wp\/v2\/categories?post=409215"},{"taxonomy":"post_tag","embeddable":true,"href":"https:\/\/www.notibras.com\/site\/wp-json\/wp\/v2\/tags?post=409215"},{"taxonomy":"tmauthors","embeddable":true,"href":"https:\/\/www.notibras.com\/site\/wp-json\/wp\/v2\/tmauthors?post=409215"}],"curies":[{"name":"wp","href":"https:\/\/api.w.org\/{rel}","templated":true}]}}