{"id":409218,"date":"2026-09-04T00:10:08","date_gmt":"2026-09-04T03:10:08","guid":{"rendered":"https:\/\/www.notibras.com\/site\/?p=409218"},"modified":"2026-09-04T10:12:00","modified_gmt":"2026-09-04T13:12:00","slug":"negras-divulgam-manifesto-para-candidaturas","status":"publish","type":"post","link":"https:\/\/www.notibras.com\/site\/negras-divulgam-manifesto-para-candidaturas\/","title":{"rendered":"Negras divulgam manifesto para candidaturas"},"content":{"rendered":"<p>\u201cLevanta povo, cativeiro j\u00e1 acabou!&#8221;. O chamado \u00e9 um dos versos da can\u00e7\u00e3o &#8220;Cangoma me Chamou&#8221;, gravado pela cantora Clementina de Jesus, e que, nesta quarta-feira (26), mobilizou ativistas e lideran\u00e7as negras, em Bras\u00edlia, no lan\u00e7amento do Manifesto Pol\u00edtico das Mulheres Negras do Brasil: O Pacto do Bem Viver e as Elei\u00e7\u00f5es 2026, coordenado pela Articula\u00e7\u00e3o de Mulheres Negras Brasileiras (AMNB).<\/p>\n<p>O documento prop\u00f5e a constru\u00e7\u00e3o de um sistema pol\u00edtico focado no Bem Viver, com justi\u00e7a, equidade, solidariedade e vida digna no centro das decis\u00f5es e da formula\u00e7\u00e3o de pol\u00edticas p\u00fablicas efetivas.<\/p>\n<p>A proposta do feminismo negro, voltada para a emancipa\u00e7\u00e3o, a inclus\u00e3o e o exerc\u00edcio da cidadania, coloca as mulheres pretas e pardas no centro do processo pol\u00edtico, como cidad\u00e3s, eleitoras, lideran\u00e7as em seus territ\u00f3rios e candidatas a cargos pol\u00edticos e outros espa\u00e7os de poder.<\/p>\n<p>O manifesto defende que \u00e9 preciso que as mulheres negras n\u00e3o sejam vistas apenas como sujeitas destinat\u00e1rias das a\u00e7\u00f5es voltadas para a diminui\u00e7\u00e3o das desigualdades. Elas querem ir al\u00e9m.<\/p>\n<p>\u201c\u00c9 fundamental que a nossa import\u00e2ncia na vida pol\u00edtica seja vista no \u00e2mbito da nossa capacidade de gest\u00e3o e de imagina\u00e7\u00e3o, o que torna nossa presen\u00e7a nas casas legislativas e no executivo prioridade absoluta\u201d, diz o texto do manifesto pol\u00edtico.<\/p>\n<p>Cientes do peso decisivo das mulheres negras nas elei\u00e7\u00f5es deste ano, elas querem amplificar a voz coletiva em defesa das causas das pessoas pretas e pardas, como relata Isabel Faroni, diretora do Instituto Akanni. A institui\u00e7\u00e3o \u00e9 focada em direitos humanos, g\u00eanero e ra\u00e7a, de Porto Alegre, que representa a coordena\u00e7\u00e3o da Regi\u00e3o Sul junto \u00e0 articula\u00e7\u00e3o.<\/p>\n<p>\u201cPrecisamos ter voz, sermos ouvidas. O manifesto \u00e9 uma proposta de sociedade maravilhosa, porque a gente gosta da partilha justa e do cuidado m\u00fatuo.\u201d<\/p>\n<p><strong>Pacto do Bem Viver<\/strong><br \/>\nNa reafirma\u00e7\u00e3o do Pacto do Bem Viver, a coordenadora nacional da Articula\u00e7\u00e3o de Mulheres Brasileiras (AMB), Jol\u00fazia Batista, explica que a luta do manifesto \u00e9 por igualdade, justi\u00e7a e repara\u00e7\u00e3o, a fim de corrigir desigualdades estruturais originadas por mais de tr\u00eas s\u00e9culos de escravid\u00e3o no Brasil.<\/p>\n<p>Segundo Jol\u00fazia, a articula\u00e7\u00e3o tamb\u00e9m tem constru\u00eddo plataformas pol\u00edticas para apresentar propostas para o pa\u00eds e ampliar a participa\u00e7\u00e3o das mulheres negras na agenda p\u00fablica. \u201c\u00c9 um conjunto de diretrizes para os candidatos e as candidatas e para os governantes, com uma leitura da realidade para que, depois, a gente possa cobrar e tamb\u00e9m efetiv\u00e1-las, j\u00e1 olhando para esse lugar da representa\u00e7\u00e3o pol\u00edtica dentro da estrutura do poder\u201d, projetou.<\/p>\n<p><strong>Candidatas negras e representatividade<\/strong><br \/>\nO documento enfatiza que o racismo e o sexismo ainda influenciam as disputas eleitorais e prop\u00f5e medidas para enfrentar essas desigualdades estruturais.<\/p>\n<p>Em Bras\u00edlia, o grupo criticou a desvaloriza\u00e7\u00e3o das mulheres pelos partidos pol\u00edticos e a baixa destina\u00e7\u00e3o de recursos do Fundo Partid\u00e1rio e do Fundo Especial de Financiamento de Campanha (FEFC), conhecido como Fundo Eleitoral.<\/p>\n<p>As representantes divulgaram a hashtag #EuVotoEmNegra, da campanha nacional, com mesmo nome de incentivo \u00e0 representatividade e \u00e0 presen\u00e7a de mulheres negras na pol\u00edtica brasileira.<\/p>\n<p>De acordo com o Tribunal Superior Eleitoral (TSE), nas Elei\u00e7\u00f5es Gerais de 2026, do total de candidaturas (20.560), no recorte de ra\u00e7a e cor, as mulheres pretas somam 1.234 candidaturas, equivalentes a 6% do total e 2.485 (12,2%) s\u00e3o candidatas pardas.<\/p>\n<p>Os percentuais contrastam com a composi\u00e7\u00e3o da popula\u00e7\u00e3o brasileira. Segundo a Pesquisa Nacional por Amostra de Domic\u00edlios Cont\u00ednua Anual (Pnad Cont\u00ednua) de 2021, feita pelo Instituto Brasileiro de Geografia e Estat\u00edstica (IBGE), 28,2% da popula\u00e7\u00e3o brasileira, ou cerca de 58 milh\u00f5es de pessoas, eram mulheres negras.<\/p>\n<p>Ao p\u00fablico, a coordenadora de Combate ao Racismo e Todas as Outras Formas de Discrimina\u00e7\u00e3o do Minist\u00e9rio P\u00fablico do Estado de Minas Gerais e promotora de Justi\u00e7a N\u00e1dia Estela Ferreira Mateus lamentou que a participa\u00e7\u00e3o de servidoras negras nos quadros do Minist\u00e9rio P\u00fablico tamb\u00e9m seja desequilibrada.<\/p>\n<p>De acordo com Perfil \u00c9tnico-Racial do Minist\u00e9rio P\u00fablico Federal, entre 13 mil membros do MP de todo o pa\u00eds, apenas 0,7% (81 mulheres) s\u00e3o procuradoras e promotoras pretas.<\/p>\n<p>Segundo N\u00e1dia Estela, a publica\u00e7\u00e3o do manifesto pol\u00edtico \u00e9 uma convoca\u00e7\u00e3o para a transforma\u00e7\u00e3o da sociedade.<\/p>\n<p>\u201cFalar em repara\u00e7\u00e3o, em justi\u00e7a racial e bem viver, \u00e9 falar sobre a democracia, sobre direitos institu\u00eddos na nossa Carta Magna [Constitui\u00e7\u00e3o Federal de 1988] e sobre quais vidas e quais sujeitos queremos colocar \u00e0 frente da constru\u00e7\u00e3o do nosso pa\u00eds\u201d, disse a promotora de Justi\u00e7a.<\/p>\n<p><strong>Guerra h\u00edbrida<\/strong><br \/>\nDurante a apresenta\u00e7\u00e3o da lista de compromissos, as mulheres contextualizaram o cen\u00e1rio pol\u00edtico das elei\u00e7\u00f5es em outubro deste ano e apontaram a exist\u00eancia de uma guerra h\u00edbrida, em n\u00edvel global e nacional, para desconstruir direitos humanos e sociais, atacando diretamente grupos historicamente marginalizados (mulheres negras, popula\u00e7\u00e3o LGBTQIA+, comunidades tradicionais e perif\u00e9ricas).<\/p>\n<p>A coordenadora executiva da Articula\u00e7\u00e3o de Mulheres Negras Brasileiras (AMNB), Janira Sodr\u00e9, ressaltou o direcionamento tendencioso do debate p\u00fablico na internet. \u201cChamamos essa estrat\u00e9gia \u2018tecno autoritarismo\u2019, porque perpassa a gest\u00e3o das big techs sobre o que \u00e9 entregue ou n\u00e3o de informa\u00e7\u00f5es pol\u00edticas.\u201d<\/p>\n<p>Segundo Janira, a guerra h\u00edbrida vende a perda de garantias hist\u00f3ricas como se fosse um avan\u00e7o social. Como exemplo, ela citou a defesa do fim do emprego formal como uma suposta vantagem para o trabalhador. Para ela, essa narrativa contribui para enfraquecer conquistas sociais.<\/p>\n<p>\u201c\u00c9 o ataque da ultradireita em rela\u00e7\u00e3o a um projeto de bem viver, que \u00e9 o bem-estar social. Essa \u00e9 a constru\u00e7\u00e3o que a gente almeja e sonha. Tem setores que s\u00e3o contr\u00e1rios, na verdade, odiosos, em rela\u00e7\u00e3o aos direitos dessas popula\u00e7\u00f5es diversas e m\u00faltiplas\u201d, afirmou Janira Sodr\u00e9.<\/p>\n<p>Al\u00e9m da promo\u00e7\u00e3o do discurso de \u00f3dio no ambiente virtual, a ativista negra destaca os ataques presenciais a servi\u00e7os p\u00fablicos (escolas, universidades, postos de sa\u00fade) e a servidores que garantem direitos sociais coletivos; e a atua\u00e7\u00e3o da mil\u00edcia, do narcotr\u00e1fico e de civis armados [paramilitares] nos territ\u00f3rios urbanos vulnerabilizados, onde a maior parte da comunidade \u00e9 negra.<\/p>\n<p>Janira Sodr\u00e9 tamb\u00e9m cita a estrat\u00e9gia de disputa pelas comunidades pobres utilizando modelos teol\u00f3gicos e pastorais para construir uma base social de apoio.<\/p>\n<p>Para contrapor-se \u00e0 estrat\u00e9gia, a coordenadora executiva da AMNB explica o que espera dos eleitos nas urnas. \u201cEspero que o Estado chegue com uma presen\u00e7a de bem-estar e de oferta de bens e de servi\u00e7os de cidadania para garantia de direitos, tomando decis\u00f5es, inclusive or\u00e7ament\u00e1rias, e de equipe que fa\u00e7am incid\u00eancia em pol\u00edticas p\u00fablicas para nossa comunidade.\u201d<\/p>\n<p><strong>Constru\u00e7\u00e3o coletiva de gera\u00e7\u00f5es<\/strong><br \/>\nO lan\u00e7amento do manifesto promovido pela AMNB reuniu mulheres negras pioneiras, de meia-idade e jovens para firmar um pacto intergeracional com o objetivo de fortalecer a ocupa\u00e7\u00e3o de espa\u00e7os estrat\u00e9gicos de decis\u00e3o.<\/p>\n<p>Uma das participantes foi a mestranda e engenheira ambiental e sanitarista, Caiene Reinier Freitas, bolsista do programa Marielle Franco, do Fundo Baob\u00e1, que trabalha pela equidade racial.<\/p>\n<p>Como travesti, Caiene enxerga essa comunh\u00e3o como um incentivo \u00e0 ocupa\u00e7\u00e3o de espa\u00e7o de poder para avan\u00e7ar nas pol\u00edticas p\u00fablicas e denuncia a realidade de viol\u00eancia vivenciada por mulheres trans e travestis no Brasil. \u201c\u00c9 muito importante para que a gente reestruture a pol\u00edtica institucional brasileira.\u201d<\/p>\n<p>Essa popula\u00e7\u00e3o tem a expectativa de vida de apenas 35 anos, metade da longevidade de pessoas cis, segundo mapeamento da Associa\u00e7\u00e3o Nacional de Travestis e Transexuais (Antra). Mesmo diante do risco, Caiene Reinier celebra o fato de que jovens mulheres trans negras e travestis ocuparem universidades, parlamentos e disputas pol\u00edticas.<\/p>\n<p>\u201cOcupar os espa\u00e7os de decis\u00e3o \u00e9 o que realmente materializa essas representatividades, essas \u2018mulheridades\u2019 [diferentes formas de vivenciar a experi\u00eancia de ser mulher] t\u00e3o potentes.\u201d<\/p>\n","protected":false},"excerpt":{"rendered":"<p>\u201cLevanta povo, cativeiro j\u00e1 acabou!&#8221;. O chamado \u00e9 um dos versos da can\u00e7\u00e3o &#8220;Cangoma me Chamou&#8221;, gravado pela cantora Clementina de Jesus, e que, nesta quarta-feira (26), mobilizou ativistas e lideran\u00e7as negras, em Bras\u00edlia, no lan\u00e7amento do Manifesto Pol\u00edtico das Mulheres Negras do Brasil: O Pacto do Bem Viver e as Elei\u00e7\u00f5es 2026, coordenado pela [&hellip;]<\/p>\n","protected":false},"author":2,"featured_media":409219,"comment_status":"closed","ping_status":"closed","sticky":false,"template":"","format":"standard","meta":{"_acf_changed":false,"footnotes":""},"categories":[239],"tags":[],"tmauthors":[307],"class_list":["post-409218","post","type-post","status-publish","format-standard","has-post-thumbnail","category-eleicoes-brasilia"],"acf":[],"yoast_head":"<!-- This site is optimized with the Yoast SEO plugin v28.0 - https:\/\/yoast.com\/product\/yoast-seo-wordpress\/ -->\n<title>Negras divulgam manifesto para candidaturas - Notibras<\/title>\n<meta name=\"robots\" content=\"index, follow, max-snippet:-1, max-image-preview:large, max-video-preview:-1\" \/>\n<link rel=\"canonical\" href=\"https:\/\/www.notibras.com\/site\/negras-divulgam-manifesto-para-candidaturas\/\" \/>\n<meta property=\"og:locale\" content=\"pt_BR\" \/>\n<meta property=\"og:type\" content=\"article\" \/>\n<meta property=\"og:title\" content=\"Negras divulgam manifesto para candidaturas - Notibras\" \/>\n<meta property=\"og:description\" content=\"\u201cLevanta povo, cativeiro j\u00e1 acabou!&#8221;. O chamado \u00e9 um dos versos da can\u00e7\u00e3o &#8220;Cangoma me Chamou&#8221;, gravado pela cantora Clementina de Jesus, e que, nesta quarta-feira (26), mobilizou ativistas e lideran\u00e7as negras, em Bras\u00edlia, no lan\u00e7amento do Manifesto Pol\u00edtico das Mulheres Negras do Brasil: O Pacto do Bem Viver e as Elei\u00e7\u00f5es 2026, coordenado pela [&hellip;]\" \/>\n<meta property=\"og:url\" content=\"https:\/\/www.notibras.com\/site\/negras-divulgam-manifesto-para-candidaturas\/\" \/>\n<meta property=\"og:site_name\" content=\"Notibras\" \/>\n<meta property=\"article:publisher\" content=\"https:\/\/www.facebook.com\/notibras\/\" \/>\n<meta property=\"article:published_time\" content=\"2026-09-04T03:10:08+00:00\" \/>\n<meta property=\"article:modified_time\" content=\"2026-09-04T13:12:00+00:00\" \/>\n<meta property=\"og:image\" content=\"https:\/\/www.notibras.com\/site\/wp-content\/uploads\/2026\/09\/manifesto-mulheres-negras-mc_abr_26082026-5.webp\" \/>\n\t<meta property=\"og:image:width\" content=\"1170\" \/>\n\t<meta property=\"og:image:height\" content=\"700\" \/>\n\t<meta property=\"og:image:type\" content=\"image\/webp\" \/>\n<meta name=\"author\" content=\"Reda\u00e7\u00e3o\" \/>\n<meta name=\"twitter:card\" content=\"summary_large_image\" \/>\n<meta name=\"twitter:creator\" content=\"@Notibras\" \/>\n<meta name=\"twitter:site\" content=\"@Notibras\" \/>\n<meta name=\"twitter:label1\" content=\"Escrito por\" \/>\n\t<meta name=\"twitter:data1\" content=\"Reda\u00e7\u00e3o\" \/>\n\t<meta name=\"twitter:label2\" content=\"Est. tempo de leitura\" \/>\n\t<meta name=\"twitter:data2\" content=\"7 minutos\" \/>\n<script type=\"application\/ld+json\" class=\"yoast-schema-graph\">{\"@context\":\"https:\\\/\\\/schema.org\",\"@graph\":[{\"@type\":\"Article\",\"@id\":\"https:\\\/\\\/www.notibras.com\\\/site\\\/negras-divulgam-manifesto-para-candidaturas\\\/#article\",\"isPartOf\":{\"@id\":\"https:\\\/\\\/www.notibras.com\\\/site\\\/negras-divulgam-manifesto-para-candidaturas\\\/\"},\"author\":{\"name\":\"Reda\u00e7\u00e3o\",\"@id\":\"https:\\\/\\\/www.notibras.com\\\/site\\\/#\\\/schema\\\/person\\\/36ab0979449956132d3e5b517ea76ac8\"},\"headline\":\"Negras divulgam manifesto para candidaturas\",\"datePublished\":\"2026-09-04T03:10:08+00:00\",\"dateModified\":\"2026-09-04T13:12:00+00:00\",\"mainEntityOfPage\":{\"@id\":\"https:\\\/\\\/www.notibras.com\\\/site\\\/negras-divulgam-manifesto-para-candidaturas\\\/\"},\"wordCount\":1368,\"publisher\":{\"@id\":\"https:\\\/\\\/www.notibras.com\\\/site\\\/#organization\"},\"image\":{\"@id\":\"https:\\\/\\\/www.notibras.com\\\/site\\\/negras-divulgam-manifesto-para-candidaturas\\\/#primaryimage\"},\"thumbnailUrl\":\"https:\\\/\\\/www.notibras.com\\\/site\\\/wp-content\\\/uploads\\\/2026\\\/09\\\/manifesto-mulheres-negras-mc_abr_26082026-5.webp\",\"articleSection\":[\"Elei\u00e7\u00f5es Bras\u00edlia\"],\"inLanguage\":\"pt-BR\"},{\"@type\":\"WebPage\",\"@id\":\"https:\\\/\\\/www.notibras.com\\\/site\\\/negras-divulgam-manifesto-para-candidaturas\\\/\",\"url\":\"https:\\\/\\\/www.notibras.com\\\/site\\\/negras-divulgam-manifesto-para-candidaturas\\\/\",\"name\":\"Negras divulgam manifesto para candidaturas - Notibras\",\"isPartOf\":{\"@id\":\"https:\\\/\\\/www.notibras.com\\\/site\\\/#website\"},\"primaryImageOfPage\":{\"@id\":\"https:\\\/\\\/www.notibras.com\\\/site\\\/negras-divulgam-manifesto-para-candidaturas\\\/#primaryimage\"},\"image\":{\"@id\":\"https:\\\/\\\/www.notibras.com\\\/site\\\/negras-divulgam-manifesto-para-candidaturas\\\/#primaryimage\"},\"thumbnailUrl\":\"https:\\\/\\\/www.notibras.com\\\/site\\\/wp-content\\\/uploads\\\/2026\\\/09\\\/manifesto-mulheres-negras-mc_abr_26082026-5.webp\",\"datePublished\":\"2026-09-04T03:10:08+00:00\",\"dateModified\":\"2026-09-04T13:12:00+00:00\",\"breadcrumb\":{\"@id\":\"https:\\\/\\\/www.notibras.com\\\/site\\\/negras-divulgam-manifesto-para-candidaturas\\\/#breadcrumb\"},\"inLanguage\":\"pt-BR\",\"potentialAction\":[{\"@type\":\"ReadAction\",\"target\":[\"https:\\\/\\\/www.notibras.com\\\/site\\\/negras-divulgam-manifesto-para-candidaturas\\\/\"]}]},{\"@type\":\"ImageObject\",\"inLanguage\":\"pt-BR\",\"@id\":\"https:\\\/\\\/www.notibras.com\\\/site\\\/negras-divulgam-manifesto-para-candidaturas\\\/#primaryimage\",\"url\":\"https:\\\/\\\/www.notibras.com\\\/site\\\/wp-content\\\/uploads\\\/2026\\\/09\\\/manifesto-mulheres-negras-mc_abr_26082026-5.webp\",\"contentUrl\":\"https:\\\/\\\/www.notibras.com\\\/site\\\/wp-content\\\/uploads\\\/2026\\\/09\\\/manifesto-mulheres-negras-mc_abr_26082026-5.webp\",\"width\":1170,\"height\":700},{\"@type\":\"BreadcrumbList\",\"@id\":\"https:\\\/\\\/www.notibras.com\\\/site\\\/negras-divulgam-manifesto-para-candidaturas\\\/#breadcrumb\",\"itemListElement\":[{\"@type\":\"ListItem\",\"position\":1,\"name\":\"In\u00edcio\",\"item\":\"https:\\\/\\\/www.notibras.com\\\/site\\\/\"},{\"@type\":\"ListItem\",\"position\":2,\"name\":\"Negras divulgam manifesto para candidaturas\"}]},{\"@type\":\"WebSite\",\"@id\":\"https:\\\/\\\/www.notibras.com\\\/site\\\/#website\",\"url\":\"https:\\\/\\\/www.notibras.com\\\/site\\\/\",\"name\":\"Notibras\",\"description\":\"Not\u00edcias de Bras\u00edlia, do Brasil e do Mundo\",\"publisher\":{\"@id\":\"https:\\\/\\\/www.notibras.com\\\/site\\\/#organization\"},\"potentialAction\":[{\"@type\":\"SearchAction\",\"target\":{\"@type\":\"EntryPoint\",\"urlTemplate\":\"https:\\\/\\\/www.notibras.com\\\/site\\\/?s={search_term_string}\"},\"query-input\":{\"@type\":\"PropertyValueSpecification\",\"valueRequired\":true,\"valueName\":\"search_term_string\"}}],\"inLanguage\":\"pt-BR\"},{\"@type\":\"Organization\",\"@id\":\"https:\\\/\\\/www.notibras.com\\\/site\\\/#organization\",\"name\":\"Grupo Notibras de Comunica\u00e7\u00e3o\",\"url\":\"https:\\\/\\\/www.notibras.com\\\/site\\\/\",\"logo\":{\"@type\":\"ImageObject\",\"inLanguage\":\"pt-BR\",\"@id\":\"https:\\\/\\\/www.notibras.com\\\/site\\\/#\\\/schema\\\/logo\\\/image\\\/\",\"url\":\"https:\\\/\\\/www.notibras.com\\\/site\\\/wp-content\\\/uploads\\\/2023\\\/01\\\/notibras23.png\",\"contentUrl\":\"https:\\\/\\\/www.notibras.com\\\/site\\\/wp-content\\\/uploads\\\/2023\\\/01\\\/notibras23.png\",\"width\":350,\"height\":87,\"caption\":\"Grupo Notibras de Comunica\u00e7\u00e3o\"},\"image\":{\"@id\":\"https:\\\/\\\/www.notibras.com\\\/site\\\/#\\\/schema\\\/logo\\\/image\\\/\"},\"sameAs\":[\"https:\\\/\\\/www.facebook.com\\\/notibras\\\/\",\"https:\\\/\\\/x.com\\\/Notibras\",\"https:\\\/\\\/www.instagram.com\\\/notibras\\\/\"]},{\"@type\":\"Person\",\"@id\":\"https:\\\/\\\/www.notibras.com\\\/site\\\/#\\\/schema\\\/person\\\/36ab0979449956132d3e5b517ea76ac8\",\"name\":\"Reda\u00e7\u00e3o\",\"image\":{\"@type\":\"ImageObject\",\"inLanguage\":\"pt-BR\",\"@id\":\"https:\\\/\\\/secure.gravatar.com\\\/avatar\\\/e0a867bdedb85fd243eadf09663511f96fc81e0720a4a42581f334ad4303aa6b?s=96&d=mm&r=g\",\"url\":\"https:\\\/\\\/secure.gravatar.com\\\/avatar\\\/e0a867bdedb85fd243eadf09663511f96fc81e0720a4a42581f334ad4303aa6b?s=96&d=mm&r=g\",\"contentUrl\":\"https:\\\/\\\/secure.gravatar.com\\\/avatar\\\/e0a867bdedb85fd243eadf09663511f96fc81e0720a4a42581f334ad4303aa6b?s=96&d=mm&r=g\",\"caption\":\"Reda\u00e7\u00e3o\"}}]}<\/script>\n<!-- \/ Yoast SEO plugin. -->","yoast_head_json":{"title":"Negras divulgam manifesto para candidaturas - Notibras","robots":{"index":"index","follow":"follow","max-snippet":"max-snippet:-1","max-image-preview":"max-image-preview:large","max-video-preview":"max-video-preview:-1"},"canonical":"https:\/\/www.notibras.com\/site\/negras-divulgam-manifesto-para-candidaturas\/","og_locale":"pt_BR","og_type":"article","og_title":"Negras divulgam manifesto para candidaturas - Notibras","og_description":"\u201cLevanta povo, cativeiro j\u00e1 acabou!&#8221;. O chamado \u00e9 um dos versos da can\u00e7\u00e3o &#8220;Cangoma me Chamou&#8221;, gravado pela cantora Clementina de Jesus, e que, nesta quarta-feira (26), mobilizou ativistas e lideran\u00e7as negras, em Bras\u00edlia, no lan\u00e7amento do Manifesto Pol\u00edtico das Mulheres Negras do Brasil: O Pacto do Bem Viver e as Elei\u00e7\u00f5es 2026, coordenado pela [&hellip;]","og_url":"https:\/\/www.notibras.com\/site\/negras-divulgam-manifesto-para-candidaturas\/","og_site_name":"Notibras","article_publisher":"https:\/\/www.facebook.com\/notibras\/","article_published_time":"2026-09-04T03:10:08+00:00","article_modified_time":"2026-09-04T13:12:00+00:00","og_image":[{"width":1170,"height":700,"url":"https:\/\/www.notibras.com\/site\/wp-content\/uploads\/2026\/09\/manifesto-mulheres-negras-mc_abr_26082026-5.webp","type":"image\/webp"}],"author":"Reda\u00e7\u00e3o","twitter_card":"summary_large_image","twitter_creator":"@Notibras","twitter_site":"@Notibras","twitter_misc":{"Escrito por":"Reda\u00e7\u00e3o","Est. tempo de leitura":"7 minutos"},"schema":{"@context":"https:\/\/schema.org","@graph":[{"@type":"Article","@id":"https:\/\/www.notibras.com\/site\/negras-divulgam-manifesto-para-candidaturas\/#article","isPartOf":{"@id":"https:\/\/www.notibras.com\/site\/negras-divulgam-manifesto-para-candidaturas\/"},"author":{"name":"Reda\u00e7\u00e3o","@id":"https:\/\/www.notibras.com\/site\/#\/schema\/person\/36ab0979449956132d3e5b517ea76ac8"},"headline":"Negras divulgam manifesto para candidaturas","datePublished":"2026-09-04T03:10:08+00:00","dateModified":"2026-09-04T13:12:00+00:00","mainEntityOfPage":{"@id":"https:\/\/www.notibras.com\/site\/negras-divulgam-manifesto-para-candidaturas\/"},"wordCount":1368,"publisher":{"@id":"https:\/\/www.notibras.com\/site\/#organization"},"image":{"@id":"https:\/\/www.notibras.com\/site\/negras-divulgam-manifesto-para-candidaturas\/#primaryimage"},"thumbnailUrl":"https:\/\/www.notibras.com\/site\/wp-content\/uploads\/2026\/09\/manifesto-mulheres-negras-mc_abr_26082026-5.webp","articleSection":["Elei\u00e7\u00f5es Bras\u00edlia"],"inLanguage":"pt-BR"},{"@type":"WebPage","@id":"https:\/\/www.notibras.com\/site\/negras-divulgam-manifesto-para-candidaturas\/","url":"https:\/\/www.notibras.com\/site\/negras-divulgam-manifesto-para-candidaturas\/","name":"Negras divulgam manifesto para candidaturas - Notibras","isPartOf":{"@id":"https:\/\/www.notibras.com\/site\/#website"},"primaryImageOfPage":{"@id":"https:\/\/www.notibras.com\/site\/negras-divulgam-manifesto-para-candidaturas\/#primaryimage"},"image":{"@id":"https:\/\/www.notibras.com\/site\/negras-divulgam-manifesto-para-candidaturas\/#primaryimage"},"thumbnailUrl":"https:\/\/www.notibras.com\/site\/wp-content\/uploads\/2026\/09\/manifesto-mulheres-negras-mc_abr_26082026-5.webp","datePublished":"2026-09-04T03:10:08+00:00","dateModified":"2026-09-04T13:12:00+00:00","breadcrumb":{"@id":"https:\/\/www.notibras.com\/site\/negras-divulgam-manifesto-para-candidaturas\/#breadcrumb"},"inLanguage":"pt-BR","potentialAction":[{"@type":"ReadAction","target":["https:\/\/www.notibras.com\/site\/negras-divulgam-manifesto-para-candidaturas\/"]}]},{"@type":"ImageObject","inLanguage":"pt-BR","@id":"https:\/\/www.notibras.com\/site\/negras-divulgam-manifesto-para-candidaturas\/#primaryimage","url":"https:\/\/www.notibras.com\/site\/wp-content\/uploads\/2026\/09\/manifesto-mulheres-negras-mc_abr_26082026-5.webp","contentUrl":"https:\/\/www.notibras.com\/site\/wp-content\/uploads\/2026\/09\/manifesto-mulheres-negras-mc_abr_26082026-5.webp","width":1170,"height":700},{"@type":"BreadcrumbList","@id":"https:\/\/www.notibras.com\/site\/negras-divulgam-manifesto-para-candidaturas\/#breadcrumb","itemListElement":[{"@type":"ListItem","position":1,"name":"In\u00edcio","item":"https:\/\/www.notibras.com\/site\/"},{"@type":"ListItem","position":2,"name":"Negras divulgam manifesto para candidaturas"}]},{"@type":"WebSite","@id":"https:\/\/www.notibras.com\/site\/#website","url":"https:\/\/www.notibras.com\/site\/","name":"Notibras","description":"Not\u00edcias de Bras\u00edlia, do Brasil e do Mundo","publisher":{"@id":"https:\/\/www.notibras.com\/site\/#organization"},"potentialAction":[{"@type":"SearchAction","target":{"@type":"EntryPoint","urlTemplate":"https:\/\/www.notibras.com\/site\/?s={search_term_string}"},"query-input":{"@type":"PropertyValueSpecification","valueRequired":true,"valueName":"search_term_string"}}],"inLanguage":"pt-BR"},{"@type":"Organization","@id":"https:\/\/www.notibras.com\/site\/#organization","name":"Grupo Notibras de Comunica\u00e7\u00e3o","url":"https:\/\/www.notibras.com\/site\/","logo":{"@type":"ImageObject","inLanguage":"pt-BR","@id":"https:\/\/www.notibras.com\/site\/#\/schema\/logo\/image\/","url":"https:\/\/www.notibras.com\/site\/wp-content\/uploads\/2023\/01\/notibras23.png","contentUrl":"https:\/\/www.notibras.com\/site\/wp-content\/uploads\/2023\/01\/notibras23.png","width":350,"height":87,"caption":"Grupo Notibras de Comunica\u00e7\u00e3o"},"image":{"@id":"https:\/\/www.notibras.com\/site\/#\/schema\/logo\/image\/"},"sameAs":["https:\/\/www.facebook.com\/notibras\/","https:\/\/x.com\/Notibras","https:\/\/www.instagram.com\/notibras\/"]},{"@type":"Person","@id":"https:\/\/www.notibras.com\/site\/#\/schema\/person\/36ab0979449956132d3e5b517ea76ac8","name":"Reda\u00e7\u00e3o","image":{"@type":"ImageObject","inLanguage":"pt-BR","@id":"https:\/\/secure.gravatar.com\/avatar\/e0a867bdedb85fd243eadf09663511f96fc81e0720a4a42581f334ad4303aa6b?s=96&d=mm&r=g","url":"https:\/\/secure.gravatar.com\/avatar\/e0a867bdedb85fd243eadf09663511f96fc81e0720a4a42581f334ad4303aa6b?s=96&d=mm&r=g","contentUrl":"https:\/\/secure.gravatar.com\/avatar\/e0a867bdedb85fd243eadf09663511f96fc81e0720a4a42581f334ad4303aa6b?s=96&d=mm&r=g","caption":"Reda\u00e7\u00e3o"}}]}},"_links":{"self":[{"href":"https:\/\/www.notibras.com\/site\/wp-json\/wp\/v2\/posts\/409218","targetHints":{"allow":["GET"]}}],"collection":[{"href":"https:\/\/www.notibras.com\/site\/wp-json\/wp\/v2\/posts"}],"about":[{"href":"https:\/\/www.notibras.com\/site\/wp-json\/wp\/v2\/types\/post"}],"author":[{"embeddable":true,"href":"https:\/\/www.notibras.com\/site\/wp-json\/wp\/v2\/users\/2"}],"replies":[{"embeddable":true,"href":"https:\/\/www.notibras.com\/site\/wp-json\/wp\/v2\/comments?post=409218"}],"version-history":[{"count":1,"href":"https:\/\/www.notibras.com\/site\/wp-json\/wp\/v2\/posts\/409218\/revisions"}],"predecessor-version":[{"id":409220,"href":"https:\/\/www.notibras.com\/site\/wp-json\/wp\/v2\/posts\/409218\/revisions\/409220"}],"wp:featuredmedia":[{"embeddable":true,"href":"https:\/\/www.notibras.com\/site\/wp-json\/wp\/v2\/media\/409219"}],"wp:attachment":[{"href":"https:\/\/www.notibras.com\/site\/wp-json\/wp\/v2\/media?parent=409218"}],"wp:term":[{"taxonomy":"category","embeddable":true,"href":"https:\/\/www.notibras.com\/site\/wp-json\/wp\/v2\/categories?post=409218"},{"taxonomy":"post_tag","embeddable":true,"href":"https:\/\/www.notibras.com\/site\/wp-json\/wp\/v2\/tags?post=409218"},{"taxonomy":"tmauthors","embeddable":true,"href":"https:\/\/www.notibras.com\/site\/wp-json\/wp\/v2\/tmauthors?post=409218"}],"curies":[{"name":"wp","href":"https:\/\/api.w.org\/{rel}","templated":true}]}}