{"id":409221,"date":"2026-09-04T10:17:41","date_gmt":"2026-09-04T13:17:41","guid":{"rendered":"https:\/\/www.notibras.com\/site\/?p=409221"},"modified":"2026-09-04T10:17:41","modified_gmt":"2026-09-04T13:17:41","slug":"grupo-especial-comeca-a-escolher-sambas-enredo","status":"publish","type":"post","link":"https:\/\/www.notibras.com\/site\/grupo-especial-comeca-a-escolher-sambas-enredo\/","title":{"rendered":"Grupo Especial come\u00e7a a escolher sambas-enredo"},"content":{"rendered":"<p>&nbsp;<\/p>\n<p>As 12 escolas de samba do Grupo Especial come\u00e7am a definir nesta sexta-feira (4) os sambas-enredo que v\u00e3o levar para a Avenida Marqu\u00eas de Sapuca\u00ed no Carnaval de 2027. A Portela d\u00e1 a largada, com a escolha do samba nesta sexta-feira (4), a partir das 21h, na quadra da escola, prestando homenagem ao compositor Monarco, baluarte da escola de Madureira.<\/p>\n<p>No s\u00e1bado (6), duas escolas far\u00e3o a sele\u00e7\u00e3o final dos sambas-enredo: a Esta\u00e7\u00e3o Primeira de Mangueira e a Mocidade Independente de Padre Miguel. A Mangueira vai levar para a Avenida o enredo: \u201cOy\u00e1 por N\u00f3s\u201d, desenvolvido pelo carnavalesco Sidnei Fran\u00e7a. O tema aborda a ancestralidade, a for\u00e7a e a cultura afro-brasileira ligadas \u00e0 divindade Oy\u00e1 (Ians\u00e3), orix\u00e1 dos ventos, das tempestades, dos raios e do fogo na mitologia iorub\u00e1 e nas religi\u00f5es afro-brasileiras.<\/p>\n<p>A Mocidade Independente de Padre Miguel apresentar\u00e1 o enredo &#8220;Latinamente Independente \u2013 Nosso norte \u00e9 o Sul em Remanifesto\u201d. O enredo representa um manifesto pol\u00edtico, art\u00edstico e cultural pelo protagonismo da Am\u00e9rica Latina. Baseia-se na famosa obra &#8220;Am\u00e9rica Invertida&#8221; (1943), do artista uruguaio Joaqu\u00edn Torres Garc\u00eda, que desenhou o mapa do continente com o Sul para cima.<\/p>\n<p><strong>Transmiss\u00e3o<\/strong><br \/>\n\u00c9 a primeira vez que as disputas chegam \u00e0 casa de milhares de brasileiros simultaneamente. As finais, antes transmitidas de maneira avulsa por parte das escolas, tamb\u00e9m est\u00e3o sendo projetadas de forma pioneira. A iniciativa \u00e9 da Liga Independente das Escolas de Samba do Rio de Janeiro (Liesa). A disputa dos sambas ser\u00e1 transmitida no YouTube.<\/p>\n<p>\u201c\u00c9 muito significativo ver que a Rio Carnaval TV j\u00e1 est\u00e1 conseguindo levar a experi\u00eancia das quadras para pessoas que est\u00e3o em outros estados e at\u00e9 fora do pa\u00eds, diz Gabriel David, presidente da Liesa.<\/p>\n<p>Segundo ele, as escolas est\u00e3o sempre de portas abertas e lotadas recebendo suas comunidades e os apaixonados, de perto ou de longe. &#8220;Agora, elas tamb\u00e9m d\u00e3o as boas-vindas a uma legi\u00e3o de espectadores virtuais\u201d.<\/p>\n<p><strong>Finais<\/strong><br \/>\nA sequ\u00eancia de finais dos sambas-enredo prossegue na semana que vem, com Beija-Flor (10 de setembro), Vila Isabel (11), Salgueiro e Unidos da Tijuca (12).<\/p>\n<p>Depois, v\u00eam Imperatriz Leopoldinense e Uni\u00e3o de Maric\u00e1 (18), Viradouro (19) e Grande Rio (20), encerrando o calend\u00e1rio.<\/p>\n<p><strong>Confira a agenda:<\/strong><br \/>\nPortela \u2013 Sexta-feira, 04\/09<br \/>\nMangueira e Mocidade \u2013 S\u00e1bado, 05\/09<br \/>\nBeija-Flor \u2013 Quinta-feira, 10\/09<br \/>\nVila Isabel \u2013 Sexta-feira,11\/09<br \/>\nSalgueiro e Unidos da Tijuca \u2013 S\u00e1bado, 12\/09<br \/>\nImperatriz e Maric\u00e1 \u2013 Sexta-feira, 18\/09<br \/>\nViradouro \u2013 S\u00e1bado, 19\/09<br \/>\nGrande Rio \u2013 Domingo, 20\/09<\/p>\n<p>O desfile oficial das escolas da Liga Independente das Escolas de Samba (Liesa) na Marqu\u00eas de Sapuca\u00ed ser\u00e1 nos dias 7, 8 e 9 de fevereiro de 2027, com a apresenta\u00e7\u00e3o de quatro escolas por noite.<\/p>\n<p>Veja a ordem do desfile:<\/p>\n<p>Domingo (7 de fevereiro de 2027)<\/p>\n<p>Uni\u00e3o de Maric\u00e1 (Campe\u00e3 da S\u00e9rie Ouro)<\/p>\n<p>Beija-Flor de Nil\u00f3polis<\/p>\n<p>Para\u00edso do Tuiuti<\/p>\n<p>Unidos de Vila Isabel<\/p>\n<p>Segunda-feira (8 de fevereiro de 2027)<\/p>\n<p>Mocidade Independente de Padre Miguel<\/p>\n<p>Unidos da Tijuca<\/p>\n<p>Acad\u00eamicos do Salgueiro<\/p>\n<p>Imperatriz Leopoldinense<\/p>\n<p>Ter\u00e7a-feira (9 de fevereiro de 2027)<\/p>\n<p>Portela<\/p>\n<p>Unidos do Viradouro<\/p>\n<p>Acad\u00eamicos do Grande Rio<\/p>\n<p>Esta\u00e7\u00e3o Primeira de Mangueira<\/p>\n","protected":false},"excerpt":{"rendered":"<p>&nbsp; As 12 escolas de samba do Grupo Especial come\u00e7am a definir nesta sexta-feira (4) os sambas-enredo que v\u00e3o levar para a Avenida Marqu\u00eas de Sapuca\u00ed no Carnaval de 2027. A Portela d\u00e1 a largada, com a escolha do samba nesta sexta-feira (4), a partir das 21h, na quadra da escola, prestando homenagem ao compositor [&hellip;]<\/p>\n","protected":false},"author":2,"featured_media":409222,"comment_status":"closed","ping_status":"closed","sticky":false,"template":"","format":"standard","meta":{"_acf_changed":false,"footnotes":""},"categories":[155],"tags":[],"tmauthors":[307],"class_list":["post-409221","post","type-post","status-publish","format-standard","has-post-thumbnail","category-leitura-vip"],"acf":[],"yoast_head":"<!-- This site is optimized with the Yoast SEO plugin v28.0 - https:\/\/yoast.com\/product\/yoast-seo-wordpress\/ -->\n<title>Grupo Especial come\u00e7a a escolher sambas-enredo - Notibras<\/title>\n<meta name=\"robots\" content=\"index, follow, max-snippet:-1, max-image-preview:large, max-video-preview:-1\" \/>\n<link rel=\"canonical\" href=\"https:\/\/www.notibras.com\/site\/grupo-especial-comeca-a-escolher-sambas-enredo\/\" \/>\n<meta property=\"og:locale\" content=\"pt_BR\" \/>\n<meta property=\"og:type\" content=\"article\" \/>\n<meta property=\"og:title\" content=\"Grupo Especial come\u00e7a a escolher sambas-enredo - Notibras\" \/>\n<meta property=\"og:description\" content=\"&nbsp; As 12 escolas de samba do Grupo Especial come\u00e7am a definir nesta sexta-feira (4) os sambas-enredo que v\u00e3o levar para a Avenida Marqu\u00eas de Sapuca\u00ed no Carnaval de 2027. A Portela d\u00e1 a largada, com a escolha do samba nesta sexta-feira (4), a partir das 21h, na quadra da escola, prestando homenagem ao compositor [&hellip;]\" \/>\n<meta property=\"og:url\" content=\"https:\/\/www.notibras.com\/site\/grupo-especial-comeca-a-escolher-sambas-enredo\/\" \/>\n<meta property=\"og:site_name\" content=\"Notibras\" \/>\n<meta property=\"article:publisher\" content=\"https:\/\/www.facebook.com\/notibras\/\" \/>\n<meta property=\"article:published_time\" content=\"2026-09-04T13:17:41+00:00\" \/>\n<meta property=\"og:image\" content=\"https:\/\/www.notibras.com\/site\/wp-content\/uploads\/2026\/09\/55096347216_54572f35f6_o.webp\" \/>\n\t<meta property=\"og:image:width\" content=\"1170\" \/>\n\t<meta property=\"og:image:height\" content=\"700\" \/>\n\t<meta property=\"og:image:type\" content=\"image\/webp\" \/>\n<meta name=\"author\" content=\"Reda\u00e7\u00e3o\" \/>\n<meta name=\"twitter:card\" content=\"summary_large_image\" \/>\n<meta name=\"twitter:creator\" content=\"@Notibras\" \/>\n<meta name=\"twitter:site\" content=\"@Notibras\" \/>\n<meta name=\"twitter:label1\" content=\"Escrito por\" \/>\n\t<meta name=\"twitter:data1\" content=\"Reda\u00e7\u00e3o\" \/>\n\t<meta name=\"twitter:label2\" content=\"Est. tempo de leitura\" \/>\n\t<meta name=\"twitter:data2\" content=\"3 minutos\" \/>\n<script type=\"application\/ld+json\" class=\"yoast-schema-graph\">{\"@context\":\"https:\\\/\\\/schema.org\",\"@graph\":[{\"@type\":\"Article\",\"@id\":\"https:\\\/\\\/www.notibras.com\\\/site\\\/grupo-especial-comeca-a-escolher-sambas-enredo\\\/#article\",\"isPartOf\":{\"@id\":\"https:\\\/\\\/www.notibras.com\\\/site\\\/grupo-especial-comeca-a-escolher-sambas-enredo\\\/\"},\"author\":{\"name\":\"Reda\u00e7\u00e3o\",\"@id\":\"https:\\\/\\\/www.notibras.com\\\/site\\\/#\\\/schema\\\/person\\\/36ab0979449956132d3e5b517ea76ac8\"},\"headline\":\"Grupo Especial come\u00e7a a escolher sambas-enredo\",\"datePublished\":\"2026-09-04T13:17:41+00:00\",\"mainEntityOfPage\":{\"@id\":\"https:\\\/\\\/www.notibras.com\\\/site\\\/grupo-especial-comeca-a-escolher-sambas-enredo\\\/\"},\"wordCount\":513,\"publisher\":{\"@id\":\"https:\\\/\\\/www.notibras.com\\\/site\\\/#organization\"},\"image\":{\"@id\":\"https:\\\/\\\/www.notibras.com\\\/site\\\/grupo-especial-comeca-a-escolher-sambas-enredo\\\/#primaryimage\"},\"thumbnailUrl\":\"https:\\\/\\\/www.notibras.com\\\/site\\\/wp-content\\\/uploads\\\/2026\\\/09\\\/55096347216_54572f35f6_o.webp\",\"articleSection\":[\"Leitura Vip\"],\"inLanguage\":\"pt-BR\"},{\"@type\":\"WebPage\",\"@id\":\"https:\\\/\\\/www.notibras.com\\\/site\\\/grupo-especial-comeca-a-escolher-sambas-enredo\\\/\",\"url\":\"https:\\\/\\\/www.notibras.com\\\/site\\\/grupo-especial-comeca-a-escolher-sambas-enredo\\\/\",\"name\":\"Grupo Especial come\u00e7a a escolher sambas-enredo - Notibras\",\"isPartOf\":{\"@id\":\"https:\\\/\\\/www.notibras.com\\\/site\\\/#website\"},\"primaryImageOfPage\":{\"@id\":\"https:\\\/\\\/www.notibras.com\\\/site\\\/grupo-especial-comeca-a-escolher-sambas-enredo\\\/#primaryimage\"},\"image\":{\"@id\":\"https:\\\/\\\/www.notibras.com\\\/site\\\/grupo-especial-comeca-a-escolher-sambas-enredo\\\/#primaryimage\"},\"thumbnailUrl\":\"https:\\\/\\\/www.notibras.com\\\/site\\\/wp-content\\\/uploads\\\/2026\\\/09\\\/55096347216_54572f35f6_o.webp\",\"datePublished\":\"2026-09-04T13:17:41+00:00\",\"breadcrumb\":{\"@id\":\"https:\\\/\\\/www.notibras.com\\\/site\\\/grupo-especial-comeca-a-escolher-sambas-enredo\\\/#breadcrumb\"},\"inLanguage\":\"pt-BR\",\"potentialAction\":[{\"@type\":\"ReadAction\",\"target\":[\"https:\\\/\\\/www.notibras.com\\\/site\\\/grupo-especial-comeca-a-escolher-sambas-enredo\\\/\"]}]},{\"@type\":\"ImageObject\",\"inLanguage\":\"pt-BR\",\"@id\":\"https:\\\/\\\/www.notibras.com\\\/site\\\/grupo-especial-comeca-a-escolher-sambas-enredo\\\/#primaryimage\",\"url\":\"https:\\\/\\\/www.notibras.com\\\/site\\\/wp-content\\\/uploads\\\/2026\\\/09\\\/55096347216_54572f35f6_o.webp\",\"contentUrl\":\"https:\\\/\\\/www.notibras.com\\\/site\\\/wp-content\\\/uploads\\\/2026\\\/09\\\/55096347216_54572f35f6_o.webp\",\"width\":1170,\"height\":700},{\"@type\":\"BreadcrumbList\",\"@id\":\"https:\\\/\\\/www.notibras.com\\\/site\\\/grupo-especial-comeca-a-escolher-sambas-enredo\\\/#breadcrumb\",\"itemListElement\":[{\"@type\":\"ListItem\",\"position\":1,\"name\":\"In\u00edcio\",\"item\":\"https:\\\/\\\/www.notibras.com\\\/site\\\/\"},{\"@type\":\"ListItem\",\"position\":2,\"name\":\"Grupo Especial come\u00e7a a escolher sambas-enredo\"}]},{\"@type\":\"WebSite\",\"@id\":\"https:\\\/\\\/www.notibras.com\\\/site\\\/#website\",\"url\":\"https:\\\/\\\/www.notibras.com\\\/site\\\/\",\"name\":\"Notibras\",\"description\":\"Not\u00edcias de Bras\u00edlia, do Brasil e do Mundo\",\"publisher\":{\"@id\":\"https:\\\/\\\/www.notibras.com\\\/site\\\/#organization\"},\"potentialAction\":[{\"@type\":\"SearchAction\",\"target\":{\"@type\":\"EntryPoint\",\"urlTemplate\":\"https:\\\/\\\/www.notibras.com\\\/site\\\/?s={search_term_string}\"},\"query-input\":{\"@type\":\"PropertyValueSpecification\",\"valueRequired\":true,\"valueName\":\"search_term_string\"}}],\"inLanguage\":\"pt-BR\"},{\"@type\":\"Organization\",\"@id\":\"https:\\\/\\\/www.notibras.com\\\/site\\\/#organization\",\"name\":\"Grupo Notibras de Comunica\u00e7\u00e3o\",\"url\":\"https:\\\/\\\/www.notibras.com\\\/site\\\/\",\"logo\":{\"@type\":\"ImageObject\",\"inLanguage\":\"pt-BR\",\"@id\":\"https:\\\/\\\/www.notibras.com\\\/site\\\/#\\\/schema\\\/logo\\\/image\\\/\",\"url\":\"https:\\\/\\\/www.notibras.com\\\/site\\\/wp-content\\\/uploads\\\/2023\\\/01\\\/notibras23.png\",\"contentUrl\":\"https:\\\/\\\/www.notibras.com\\\/site\\\/wp-content\\\/uploads\\\/2023\\\/01\\\/notibras23.png\",\"width\":350,\"height\":87,\"caption\":\"Grupo Notibras de Comunica\u00e7\u00e3o\"},\"image\":{\"@id\":\"https:\\\/\\\/www.notibras.com\\\/site\\\/#\\\/schema\\\/logo\\\/image\\\/\"},\"sameAs\":[\"https:\\\/\\\/www.facebook.com\\\/notibras\\\/\",\"https:\\\/\\\/x.com\\\/Notibras\",\"https:\\\/\\\/www.instagram.com\\\/notibras\\\/\"]},{\"@type\":\"Person\",\"@id\":\"https:\\\/\\\/www.notibras.com\\\/site\\\/#\\\/schema\\\/person\\\/36ab0979449956132d3e5b517ea76ac8\",\"name\":\"Reda\u00e7\u00e3o\",\"image\":{\"@type\":\"ImageObject\",\"inLanguage\":\"pt-BR\",\"@id\":\"https:\\\/\\\/secure.gravatar.com\\\/avatar\\\/e0a867bdedb85fd243eadf09663511f96fc81e0720a4a42581f334ad4303aa6b?s=96&d=mm&r=g\",\"url\":\"https:\\\/\\\/secure.gravatar.com\\\/avatar\\\/e0a867bdedb85fd243eadf09663511f96fc81e0720a4a42581f334ad4303aa6b?s=96&d=mm&r=g\",\"contentUrl\":\"https:\\\/\\\/secure.gravatar.com\\\/avatar\\\/e0a867bdedb85fd243eadf09663511f96fc81e0720a4a42581f334ad4303aa6b?s=96&d=mm&r=g\",\"caption\":\"Reda\u00e7\u00e3o\"}}]}<\/script>\n<!-- \/ Yoast SEO plugin. -->","yoast_head_json":{"title":"Grupo Especial come\u00e7a a escolher sambas-enredo - Notibras","robots":{"index":"index","follow":"follow","max-snippet":"max-snippet:-1","max-image-preview":"max-image-preview:large","max-video-preview":"max-video-preview:-1"},"canonical":"https:\/\/www.notibras.com\/site\/grupo-especial-comeca-a-escolher-sambas-enredo\/","og_locale":"pt_BR","og_type":"article","og_title":"Grupo Especial come\u00e7a a escolher sambas-enredo - Notibras","og_description":"&nbsp; As 12 escolas de samba do Grupo Especial come\u00e7am a definir nesta sexta-feira (4) os sambas-enredo que v\u00e3o levar para a Avenida Marqu\u00eas de Sapuca\u00ed no Carnaval de 2027. A Portela d\u00e1 a largada, com a escolha do samba nesta sexta-feira (4), a partir das 21h, na quadra da escola, prestando homenagem ao compositor [&hellip;]","og_url":"https:\/\/www.notibras.com\/site\/grupo-especial-comeca-a-escolher-sambas-enredo\/","og_site_name":"Notibras","article_publisher":"https:\/\/www.facebook.com\/notibras\/","article_published_time":"2026-09-04T13:17:41+00:00","og_image":[{"width":1170,"height":700,"url":"https:\/\/www.notibras.com\/site\/wp-content\/uploads\/2026\/09\/55096347216_54572f35f6_o.webp","type":"image\/webp"}],"author":"Reda\u00e7\u00e3o","twitter_card":"summary_large_image","twitter_creator":"@Notibras","twitter_site":"@Notibras","twitter_misc":{"Escrito por":"Reda\u00e7\u00e3o","Est. tempo de leitura":"3 minutos"},"schema":{"@context":"https:\/\/schema.org","@graph":[{"@type":"Article","@id":"https:\/\/www.notibras.com\/site\/grupo-especial-comeca-a-escolher-sambas-enredo\/#article","isPartOf":{"@id":"https:\/\/www.notibras.com\/site\/grupo-especial-comeca-a-escolher-sambas-enredo\/"},"author":{"name":"Reda\u00e7\u00e3o","@id":"https:\/\/www.notibras.com\/site\/#\/schema\/person\/36ab0979449956132d3e5b517ea76ac8"},"headline":"Grupo Especial come\u00e7a a escolher sambas-enredo","datePublished":"2026-09-04T13:17:41+00:00","mainEntityOfPage":{"@id":"https:\/\/www.notibras.com\/site\/grupo-especial-comeca-a-escolher-sambas-enredo\/"},"wordCount":513,"publisher":{"@id":"https:\/\/www.notibras.com\/site\/#organization"},"image":{"@id":"https:\/\/www.notibras.com\/site\/grupo-especial-comeca-a-escolher-sambas-enredo\/#primaryimage"},"thumbnailUrl":"https:\/\/www.notibras.com\/site\/wp-content\/uploads\/2026\/09\/55096347216_54572f35f6_o.webp","articleSection":["Leitura Vip"],"inLanguage":"pt-BR"},{"@type":"WebPage","@id":"https:\/\/www.notibras.com\/site\/grupo-especial-comeca-a-escolher-sambas-enredo\/","url":"https:\/\/www.notibras.com\/site\/grupo-especial-comeca-a-escolher-sambas-enredo\/","name":"Grupo Especial come\u00e7a a escolher sambas-enredo - Notibras","isPartOf":{"@id":"https:\/\/www.notibras.com\/site\/#website"},"primaryImageOfPage":{"@id":"https:\/\/www.notibras.com\/site\/grupo-especial-comeca-a-escolher-sambas-enredo\/#primaryimage"},"image":{"@id":"https:\/\/www.notibras.com\/site\/grupo-especial-comeca-a-escolher-sambas-enredo\/#primaryimage"},"thumbnailUrl":"https:\/\/www.notibras.com\/site\/wp-content\/uploads\/2026\/09\/55096347216_54572f35f6_o.webp","datePublished":"2026-09-04T13:17:41+00:00","breadcrumb":{"@id":"https:\/\/www.notibras.com\/site\/grupo-especial-comeca-a-escolher-sambas-enredo\/#breadcrumb"},"inLanguage":"pt-BR","potentialAction":[{"@type":"ReadAction","target":["https:\/\/www.notibras.com\/site\/grupo-especial-comeca-a-escolher-sambas-enredo\/"]}]},{"@type":"ImageObject","inLanguage":"pt-BR","@id":"https:\/\/www.notibras.com\/site\/grupo-especial-comeca-a-escolher-sambas-enredo\/#primaryimage","url":"https:\/\/www.notibras.com\/site\/wp-content\/uploads\/2026\/09\/55096347216_54572f35f6_o.webp","contentUrl":"https:\/\/www.notibras.com\/site\/wp-content\/uploads\/2026\/09\/55096347216_54572f35f6_o.webp","width":1170,"height":700},{"@type":"BreadcrumbList","@id":"https:\/\/www.notibras.com\/site\/grupo-especial-comeca-a-escolher-sambas-enredo\/#breadcrumb","itemListElement":[{"@type":"ListItem","position":1,"name":"In\u00edcio","item":"https:\/\/www.notibras.com\/site\/"},{"@type":"ListItem","position":2,"name":"Grupo Especial come\u00e7a a escolher sambas-enredo"}]},{"@type":"WebSite","@id":"https:\/\/www.notibras.com\/site\/#website","url":"https:\/\/www.notibras.com\/site\/","name":"Notibras","description":"Not\u00edcias de Bras\u00edlia, do Brasil e do Mundo","publisher":{"@id":"https:\/\/www.notibras.com\/site\/#organization"},"potentialAction":[{"@type":"SearchAction","target":{"@type":"EntryPoint","urlTemplate":"https:\/\/www.notibras.com\/site\/?s={search_term_string}"},"query-input":{"@type":"PropertyValueSpecification","valueRequired":true,"valueName":"search_term_string"}}],"inLanguage":"pt-BR"},{"@type":"Organization","@id":"https:\/\/www.notibras.com\/site\/#organization","name":"Grupo Notibras de Comunica\u00e7\u00e3o","url":"https:\/\/www.notibras.com\/site\/","logo":{"@type":"ImageObject","inLanguage":"pt-BR","@id":"https:\/\/www.notibras.com\/site\/#\/schema\/logo\/image\/","url":"https:\/\/www.notibras.com\/site\/wp-content\/uploads\/2023\/01\/notibras23.png","contentUrl":"https:\/\/www.notibras.com\/site\/wp-content\/uploads\/2023\/01\/notibras23.png","width":350,"height":87,"caption":"Grupo Notibras de Comunica\u00e7\u00e3o"},"image":{"@id":"https:\/\/www.notibras.com\/site\/#\/schema\/logo\/image\/"},"sameAs":["https:\/\/www.facebook.com\/notibras\/","https:\/\/x.com\/Notibras","https:\/\/www.instagram.com\/notibras\/"]},{"@type":"Person","@id":"https:\/\/www.notibras.com\/site\/#\/schema\/person\/36ab0979449956132d3e5b517ea76ac8","name":"Reda\u00e7\u00e3o","image":{"@type":"ImageObject","inLanguage":"pt-BR","@id":"https:\/\/secure.gravatar.com\/avatar\/e0a867bdedb85fd243eadf09663511f96fc81e0720a4a42581f334ad4303aa6b?s=96&d=mm&r=g","url":"https:\/\/secure.gravatar.com\/avatar\/e0a867bdedb85fd243eadf09663511f96fc81e0720a4a42581f334ad4303aa6b?s=96&d=mm&r=g","contentUrl":"https:\/\/secure.gravatar.com\/avatar\/e0a867bdedb85fd243eadf09663511f96fc81e0720a4a42581f334ad4303aa6b?s=96&d=mm&r=g","caption":"Reda\u00e7\u00e3o"}}]}},"_links":{"self":[{"href":"https:\/\/www.notibras.com\/site\/wp-json\/wp\/v2\/posts\/409221","targetHints":{"allow":["GET"]}}],"collection":[{"href":"https:\/\/www.notibras.com\/site\/wp-json\/wp\/v2\/posts"}],"about":[{"href":"https:\/\/www.notibras.com\/site\/wp-json\/wp\/v2\/types\/post"}],"author":[{"embeddable":true,"href":"https:\/\/www.notibras.com\/site\/wp-json\/wp\/v2\/users\/2"}],"replies":[{"embeddable":true,"href":"https:\/\/www.notibras.com\/site\/wp-json\/wp\/v2\/comments?post=409221"}],"version-history":[{"count":1,"href":"https:\/\/www.notibras.com\/site\/wp-json\/wp\/v2\/posts\/409221\/revisions"}],"predecessor-version":[{"id":409223,"href":"https:\/\/www.notibras.com\/site\/wp-json\/wp\/v2\/posts\/409221\/revisions\/409223"}],"wp:featuredmedia":[{"embeddable":true,"href":"https:\/\/www.notibras.com\/site\/wp-json\/wp\/v2\/media\/409222"}],"wp:attachment":[{"href":"https:\/\/www.notibras.com\/site\/wp-json\/wp\/v2\/media?parent=409221"}],"wp:term":[{"taxonomy":"category","embeddable":true,"href":"https:\/\/www.notibras.com\/site\/wp-json\/wp\/v2\/categories?post=409221"},{"taxonomy":"post_tag","embeddable":true,"href":"https:\/\/www.notibras.com\/site\/wp-json\/wp\/v2\/tags?post=409221"},{"taxonomy":"tmauthors","embeddable":true,"href":"https:\/\/www.notibras.com\/site\/wp-json\/wp\/v2\/tmauthors?post=409221"}],"curies":[{"name":"wp","href":"https:\/\/api.w.org\/{rel}","templated":true}]}}