{"id":409234,"date":"2026-09-04T14:27:08","date_gmt":"2026-09-04T17:27:08","guid":{"rendered":"https:\/\/www.notibras.com\/site\/?p=409234"},"modified":"2026-09-04T14:27:08","modified_gmt":"2026-09-04T17:27:08","slug":"xandao-usa-prego-enferrujado-para-crucificar-mendonca","status":"publish","type":"post","link":"https:\/\/www.notibras.com\/site\/xandao-usa-prego-enferrujado-para-crucificar-mendonca\/","title":{"rendered":"Xand\u00e3o usa prego enferrujado para crucificar Mendon\u00e7a"},"content":{"rendered":"<p>Documentos reservados do Supremo Tribunal Federal e da Pol\u00edcia Federal a que <strong>Notibras<\/strong> teve acesso n\u00e3o apresentam, sob a \u00f3tica jur\u00eddica e an\u00e1lise jornal\u00edstica, uma conclus\u00e3o definitiva de que Andr\u00e9 Mendon\u00e7a ou outras autoridades tenham cometido os il\u00edcitos que agora alimentam uma das mais delicadas crises internas da hist\u00f3ria recente do STF.<\/p>\n<p>H\u00e1 quem aposte que Alexandre de Moraes contra-ataca usando um prego enferrujado para crucificar o colega de toga. Entra a\u00ed, inevitavelmente, a quest\u00e3o ideol\u00f3gica. Porque uma coisa \u00e9 investigar, enquanto outra, bastante diferente, \u00e9 transformar hip\u00f3tese em culpa, suspeita em condena\u00e7\u00e3o e relat\u00f3rio de intelig\u00eancia em senten\u00e7a antes que o contradit\u00f3rio sequer tenha come\u00e7ado.<\/p>\n<p>\u00c9 justamente nessa fronteira perigosa que o Supremo parece caminhar. Est\u00e1 tudo em documentos analisados por <strong>Notibras<\/strong>, reunidos em cerca de 50 p\u00e1ginas, onde juristas e representantes da Pol\u00edcia Judici\u00e1ria examinam a atua\u00e7\u00e3o de autoridades e procedimentos relacionados \u00e0s opera\u00e7\u00f5es Sem Desconto e Compliance Zero, com aten\u00e7\u00e3o especial \u00e0 condu\u00e7\u00e3o de investiga\u00e7\u00f5es envolvendo o ministro Andr\u00e9 Mendon\u00e7a.<\/p>\n<p>O material \u00e9 pesado, porque levanta d\u00favidas, aponta inconsist\u00eancias, identifica assimetrias, sugere poss\u00edveis falhas de supervis\u00e3o e questiona crit\u00e9rios adotados durante as investiga\u00e7\u00f5es.<\/p>\n<p>Mas h\u00e1 um detalhe que n\u00e3o pode ser varrido para debaixo do tapete por conveni\u00eancia pol\u00edtica ou paix\u00e3o ideol\u00f3gica: os pr\u00f3prios relat\u00f3rios s\u00e3o apresentados como documentos de trabalho, de acesso restrito, e n\u00e3o constituem, isoladamente, pe\u00e7as processuais conclusivas nem decretos de responsabilidade criminal.<\/p>\n<p>Traduzindo para o portugu\u00eas sem toga, h\u00e1 a\u00ed fuma\u00e7a que precisa ter sua origem examinada. Isso n\u00e3o significa que j\u00e1 se tenha encontrado o inc\u00eandio e muito menos quem teria riscado o f\u00f3sforo.<\/p>\n<p>Um dos documentos examina decis\u00f5es que determinaram medidas contra investigados e questiona a compatibilidade entre diferentes atos judiciais e os respectivos padr\u00f5es probat\u00f3rios. Os analistas fazem compara\u00e7\u00f5es com decis\u00f5es envolvendo o senador Weverton Rocha e com epis\u00f3dios relacionados ao chamado caso Master.<\/p>\n<p>A lupa, como se v\u00ea, \u00e9 colocada sobre diferen\u00e7as na aplica\u00e7\u00e3o de medidas cautelares, na quantidade e qualidade dos elementos exigidos e na pr\u00f3pria condu\u00e7\u00e3o das investiga\u00e7\u00f5es. \u00c9 verdade que s\u00e3o questionamentos leg\u00edtimos, como tamb\u00e9m \u00e9 v\u00e1lido enfatizar que questionamento n\u00e3o \u00e9 prova.<\/p>\n<p>Outro relat\u00f3rio entra em terreno ainda mais pantanoso. Examina problemas de coordena\u00e7\u00e3o interna, circula\u00e7\u00e3o de informa\u00e7\u00f5es e cadeia de supervis\u00e3o dentro da Pol\u00edcia Federal. Registra tens\u00f5es funcionais ocorridas durante per\u00edodo de transi\u00e7\u00e3o e aponta riscos relacionados ao acesso e a eventual vazamento de informa\u00e7\u00f5es sens\u00edveis. Nesse caso, a palavra hip\u00f3tese aparece novamente como inc\u00f4moda para quem deseja condena\u00e7\u00f5es instant\u00e2neas.<\/p>\n<p>Parte das conclus\u00f5es depende de confirma\u00e7\u00e3o documental, embora haja elementos que, na avalia\u00e7\u00e3o dos analistas, poderiam indicar falhas metodol\u00f3gicas ou problemas de supervis\u00e3o. Poderiam, \u00e9 quase certo, mas no Direito, assim como no jornalismo respons\u00e1vel, o verbo faz diferen\u00e7a.<\/p>\n<p>Quando o foco se fecha sobre Andr\u00e9 Mendon\u00e7a, os documentos levantam quest\u00f5es sobre prazos de cautelares, crit\u00e9rios utilizados para determinar medidas, acesso a elementos probat\u00f3rios, participa\u00e7\u00e3o de colaboradores e poss\u00edveis interfer\u00eancias na condu\u00e7\u00e3o das investiga\u00e7\u00f5es. Tamb\u00e9m aparecem riscos de excesso de prazo, d\u00favidas envolvendo cadeia de cust\u00f3dia, utiliza\u00e7\u00e3o de elementos cuja origem precisaria ser esclarecida e dificuldades de coordena\u00e7\u00e3o institucional.<\/p>\n<p>Tudo merece investiga\u00e7\u00e3o, mas nada merece esquecimento, desautorizando, portanto, que se monte a forca antes de terminar o inqu\u00e9rito. \u00c9 nesse ponto que a crise ultrapassa Andr\u00e9 Mendon\u00e7a e Alexandre de Moraes e passa a amea\u00e7ar o pr\u00f3prio Supremo.<\/p>\n<p>No \u00e2mbito do Inqu\u00e9rito 4.781, Moraes determinou o levantamento do sigilo de relat\u00f3rios de intelig\u00eancia da Pol\u00edcia Federal que registram fortes ind\u00edcios, em tese, de improbidade administrativa, abuso de autoridade e crime de responsabilidade atribu\u00eddos a Mendon\u00e7a na condu\u00e7\u00e3o das opera\u00e7\u00f5es Sem Desconto e Compliance Zero.<\/p>\n<p>A express\u00e3o &#8220;em tese&#8221;, contudo, n\u00e3o est\u00e1 ali como enfeite jur\u00eddico. Segundo os documentos incorporados \u00e0 decis\u00e3o, Mendon\u00e7a teria extrapolado os limites da supervis\u00e3o judicial, interferido na condu\u00e7\u00e3o das investiga\u00e7\u00f5es, participado de tratativas relacionadas a colabora\u00e7\u00e3o premiada e direcionado apura\u00e7\u00f5es contra Alexandre de Moraes e Davi Alcolumbre, numa atua\u00e7\u00e3o que poderia carregar componente pol\u00edtico.<\/p>\n<p>Tudo isso, se comprovado, \u00e9 grav\u00edssimo. S\u00e3o quest\u00f5es fundamentais, porque os mesmos documentos que levantam suspeitas recomendam verifica\u00e7\u00f5es adicionais, revis\u00e3o de elementos documentais, preserva\u00e7\u00e3o dos registros de acesso a informa\u00e7\u00f5es sens\u00edveis e aprofundamento das apura\u00e7\u00f5es antes da extra\u00e7\u00e3o de conclus\u00f5es definitivas.<\/p>\n<p>H\u00e1 nesse caso uma diferen\u00e7a oce\u00e2nica entre dizer &#8220;h\u00e1 elementos que precisam ser investigados&#8221; e anunciar &#8220;o ministro cometeu crimes&#8221;. E tem gente disposta a navegar nesse oceano de lama sem colete salva-vidas.<\/p>\n<p>Moraes enviou a decis\u00e3o e os documentos ao presidente do STF, Edson Fachin, para as provid\u00eancias consideradas cab\u00edveis, al\u00e9m de dar ci\u00eancia \u00e0 Procuradoria-Geral da Rep\u00fablica. A crise, portanto, deixou de ser uma troca subterr\u00e2nea de desconfian\u00e7as entre gabinetes, para ficar sobre a mesa do presidente da Corte, com Fachin segurando uma batata muito mais quente do que qualquer diverg\u00eancia jurisprudencial.<\/p>\n<p>O que est\u00e1 em discuss\u00e3o n\u00e3o \u00e9 apenas a eventual conduta de Andr\u00e9 Mendon\u00e7a. Tamb\u00e9m ser\u00e1 necess\u00e1rio saber se as suspeitas levantadas possuem sustenta\u00e7\u00e3o probat\u00f3ria suficiente; se os procedimentos foram tecnicamente adequados; se houve falhas dentro da Pol\u00edcia Federal; se informa\u00e7\u00f5es sens\u00edveis circularam fora dos canais apropriados; e, sobretudo, se existe alguma contamina\u00e7\u00e3o pol\u00edtica numa guerra travada entre integrantes da mais alta Corte do pa\u00eds.<\/p>\n<p>Ressalte-se que existe um componente imposs\u00edvel de ignorar. Moraes e Mendon\u00e7a representam trajet\u00f3rias, vis\u00f5es jur\u00eddicas e universos pol\u00edticos distintos. Isso, por si s\u00f3, n\u00e3o invalida investiga\u00e7\u00e3o alguma. Seria irrespons\u00e1vel afirmar que diverg\u00eancia ideol\u00f3gica automaticamente transforma apura\u00e7\u00e3o em persegui\u00e7\u00e3o. Mas seria igualmente ing\u00eanuo fingir que esse pano de fundo n\u00e3o existe.<\/p>\n<p>Quando um ministro do Supremo aparece relacionado a documentos que questionam investiga\u00e7\u00f5es envolvendo outro ministro do Supremo; quando um deles reage pedindo provid\u00eancias contra o colega; quando Pol\u00edcia Federal, Procuradoria-Geral da Rep\u00fablica e Presid\u00eancia da Corte entram no tabuleiro, j\u00e1 n\u00e3o estamos diante de uma diverg\u00eancia acad\u00eamica, mas diante de p\u00f3lvora institucional. E p\u00f3lvora, como se sabe, n\u00e3o pergunta a ideologia de quem acende o f\u00f3sforo.<\/p>\n<p>Por isso Edson Fachin talvez tenha diante de si uma tarefa que ultrapassa nomes e vaidades. O presidente do STF precisa impedir que a Corte seja dividida entre mocinhos previamente escolhidos e vil\u00f5es antecipadamente condenados. Se Andr\u00e9 Mendon\u00e7a praticou il\u00edcitos, que as provas sejam produzidas, submetidas ao contradit\u00f3rio e avaliadas pelas inst\u00e2ncias competentes. Se n\u00e3o praticou, que isso tamb\u00e9m fique demonstrado.<\/p>\n<p>O que o Supremo n\u00e3o pode permitir \u00e9 que relat\u00f3rios de intelig\u00eancia, recheados de hip\u00f3teses que seus pr\u00f3prios autores dizem precisar de aprofundamento, sejam utilizados como senten\u00e7a pol\u00edtica antecipada, nem contra Mendon\u00e7a muito menos contra Moraes. O problema \u00e9 que o prego enferrujado pode at\u00e9 servir para pendurar uma suspeita na parede.<\/p>\n<p>Mas, para crucificar um ministro da Suprema Corte, ser\u00e1 preciso muito mais, principalmente provas. Caso contr\u00e1rio, o personagem sacrificado nessa guerra talvez n\u00e3o seja Andr\u00e9 Mendon\u00e7a nem Alexandre de Moraes. Pode ser, o que se tornaria desastroso, o pr\u00f3prio Supremo Tribunal Federal.<\/p>\n<p>&#8230;&#8230;<\/p>\n<p><strong>Jos\u00e9 Seabra \u00e9 CEO fundador de Notibras<\/strong><\/p>\n","protected":false},"excerpt":{"rendered":"<p>Documentos reservados do Supremo Tribunal Federal e da Pol\u00edcia Federal a que Notibras teve acesso n\u00e3o apresentam, sob a \u00f3tica jur\u00eddica e an\u00e1lise jornal\u00edstica, uma conclus\u00e3o definitiva de que Andr\u00e9 Mendon\u00e7a ou outras autoridades tenham cometido os il\u00edcitos que agora alimentam uma das mais delicadas crises internas da hist\u00f3ria recente do STF. H\u00e1 quem aposte [&hellip;]<\/p>\n","protected":false},"author":2,"featured_media":335075,"comment_status":"closed","ping_status":"closed","sticky":false,"template":"","format":"standard","meta":{"_acf_changed":false,"footnotes":""},"categories":[16],"tags":[95],"tmauthors":[307],"class_list":["post-409234","post","type-post","status-publish","format-standard","has-post-thumbnail","category-brasil","tag-capa"],"acf":[],"yoast_head":"<!-- This site is optimized with the Yoast SEO plugin v28.0 - https:\/\/yoast.com\/product\/yoast-seo-wordpress\/ -->\n<title>Xand\u00e3o usa prego enferrujado para crucificar Mendon\u00e7a - Notibras<\/title>\n<meta name=\"robots\" content=\"index, follow, max-snippet:-1, max-image-preview:large, max-video-preview:-1\" \/>\n<link rel=\"canonical\" href=\"https:\/\/www.notibras.com\/site\/xandao-usa-prego-enferrujado-para-crucificar-mendonca\/\" \/>\n<meta property=\"og:locale\" content=\"pt_BR\" \/>\n<meta property=\"og:type\" content=\"article\" \/>\n<meta property=\"og:title\" content=\"Xand\u00e3o usa prego enferrujado para crucificar Mendon\u00e7a - Notibras\" \/>\n<meta property=\"og:description\" content=\"Documentos reservados do Supremo Tribunal Federal e da Pol\u00edcia Federal a que Notibras teve acesso n\u00e3o apresentam, sob a \u00f3tica jur\u00eddica e an\u00e1lise jornal\u00edstica, uma conclus\u00e3o definitiva de que Andr\u00e9 Mendon\u00e7a ou outras autoridades tenham cometido os il\u00edcitos que agora alimentam uma das mais delicadas crises internas da hist\u00f3ria recente do STF. H\u00e1 quem aposte [&hellip;]\" \/>\n<meta property=\"og:url\" content=\"https:\/\/www.notibras.com\/site\/xandao-usa-prego-enferrujado-para-crucificar-mendonca\/\" \/>\n<meta property=\"og:site_name\" content=\"Notibras\" \/>\n<meta property=\"article:publisher\" content=\"https:\/\/www.facebook.com\/notibras\/\" \/>\n<meta property=\"article:published_time\" content=\"2026-09-04T17:27:08+00:00\" \/>\n<meta property=\"og:image\" content=\"https:\/\/www.notibras.com\/site\/wp-content\/uploads\/2024\/08\/xandaopeguete.webp\" \/>\n\t<meta property=\"og:image:width\" content=\"770\" \/>\n\t<meta property=\"og:image:height\" content=\"513\" \/>\n\t<meta property=\"og:image:type\" content=\"image\/webp\" \/>\n<meta name=\"author\" content=\"Reda\u00e7\u00e3o\" \/>\n<meta name=\"twitter:card\" content=\"summary_large_image\" \/>\n<meta name=\"twitter:creator\" content=\"@Notibras\" \/>\n<meta name=\"twitter:site\" content=\"@Notibras\" \/>\n<meta name=\"twitter:label1\" content=\"Escrito por\" \/>\n\t<meta name=\"twitter:data1\" content=\"Reda\u00e7\u00e3o\" \/>\n\t<meta name=\"twitter:label2\" content=\"Est. tempo de leitura\" \/>\n\t<meta name=\"twitter:data2\" content=\"7 minutos\" \/>\n<script type=\"application\/ld+json\" class=\"yoast-schema-graph\">{\"@context\":\"https:\\\/\\\/schema.org\",\"@graph\":[{\"@type\":\"Article\",\"@id\":\"https:\\\/\\\/www.notibras.com\\\/site\\\/xandao-usa-prego-enferrujado-para-crucificar-mendonca\\\/#article\",\"isPartOf\":{\"@id\":\"https:\\\/\\\/www.notibras.com\\\/site\\\/xandao-usa-prego-enferrujado-para-crucificar-mendonca\\\/\"},\"author\":{\"name\":\"Reda\u00e7\u00e3o\",\"@id\":\"https:\\\/\\\/www.notibras.com\\\/site\\\/#\\\/schema\\\/person\\\/36ab0979449956132d3e5b517ea76ac8\"},\"headline\":\"Xand\u00e3o usa prego enferrujado para crucificar Mendon\u00e7a\",\"datePublished\":\"2026-09-04T17:27:08+00:00\",\"mainEntityOfPage\":{\"@id\":\"https:\\\/\\\/www.notibras.com\\\/site\\\/xandao-usa-prego-enferrujado-para-crucificar-mendonca\\\/\"},\"wordCount\":1318,\"publisher\":{\"@id\":\"https:\\\/\\\/www.notibras.com\\\/site\\\/#organization\"},\"image\":{\"@id\":\"https:\\\/\\\/www.notibras.com\\\/site\\\/xandao-usa-prego-enferrujado-para-crucificar-mendonca\\\/#primaryimage\"},\"thumbnailUrl\":\"https:\\\/\\\/www.notibras.com\\\/site\\\/wp-content\\\/uploads\\\/2024\\\/08\\\/xandaopeguete.webp\",\"keywords\":[\"capa\"],\"articleSection\":[\"Brasil\"],\"inLanguage\":\"pt-BR\"},{\"@type\":\"WebPage\",\"@id\":\"https:\\\/\\\/www.notibras.com\\\/site\\\/xandao-usa-prego-enferrujado-para-crucificar-mendonca\\\/\",\"url\":\"https:\\\/\\\/www.notibras.com\\\/site\\\/xandao-usa-prego-enferrujado-para-crucificar-mendonca\\\/\",\"name\":\"Xand\u00e3o usa prego enferrujado para crucificar Mendon\u00e7a - Notibras\",\"isPartOf\":{\"@id\":\"https:\\\/\\\/www.notibras.com\\\/site\\\/#website\"},\"primaryImageOfPage\":{\"@id\":\"https:\\\/\\\/www.notibras.com\\\/site\\\/xandao-usa-prego-enferrujado-para-crucificar-mendonca\\\/#primaryimage\"},\"image\":{\"@id\":\"https:\\\/\\\/www.notibras.com\\\/site\\\/xandao-usa-prego-enferrujado-para-crucificar-mendonca\\\/#primaryimage\"},\"thumbnailUrl\":\"https:\\\/\\\/www.notibras.com\\\/site\\\/wp-content\\\/uploads\\\/2024\\\/08\\\/xandaopeguete.webp\",\"datePublished\":\"2026-09-04T17:27:08+00:00\",\"breadcrumb\":{\"@id\":\"https:\\\/\\\/www.notibras.com\\\/site\\\/xandao-usa-prego-enferrujado-para-crucificar-mendonca\\\/#breadcrumb\"},\"inLanguage\":\"pt-BR\",\"potentialAction\":[{\"@type\":\"ReadAction\",\"target\":[\"https:\\\/\\\/www.notibras.com\\\/site\\\/xandao-usa-prego-enferrujado-para-crucificar-mendonca\\\/\"]}]},{\"@type\":\"ImageObject\",\"inLanguage\":\"pt-BR\",\"@id\":\"https:\\\/\\\/www.notibras.com\\\/site\\\/xandao-usa-prego-enferrujado-para-crucificar-mendonca\\\/#primaryimage\",\"url\":\"https:\\\/\\\/www.notibras.com\\\/site\\\/wp-content\\\/uploads\\\/2024\\\/08\\\/xandaopeguete.webp\",\"contentUrl\":\"https:\\\/\\\/www.notibras.com\\\/site\\\/wp-content\\\/uploads\\\/2024\\\/08\\\/xandaopeguete.webp\",\"width\":770,\"height\":513},{\"@type\":\"BreadcrumbList\",\"@id\":\"https:\\\/\\\/www.notibras.com\\\/site\\\/xandao-usa-prego-enferrujado-para-crucificar-mendonca\\\/#breadcrumb\",\"itemListElement\":[{\"@type\":\"ListItem\",\"position\":1,\"name\":\"In\u00edcio\",\"item\":\"https:\\\/\\\/www.notibras.com\\\/site\\\/\"},{\"@type\":\"ListItem\",\"position\":2,\"name\":\"Xand\u00e3o usa prego enferrujado para crucificar Mendon\u00e7a\"}]},{\"@type\":\"WebSite\",\"@id\":\"https:\\\/\\\/www.notibras.com\\\/site\\\/#website\",\"url\":\"https:\\\/\\\/www.notibras.com\\\/site\\\/\",\"name\":\"Notibras\",\"description\":\"Not\u00edcias de Bras\u00edlia, do Brasil e do Mundo\",\"publisher\":{\"@id\":\"https:\\\/\\\/www.notibras.com\\\/site\\\/#organization\"},\"potentialAction\":[{\"@type\":\"SearchAction\",\"target\":{\"@type\":\"EntryPoint\",\"urlTemplate\":\"https:\\\/\\\/www.notibras.com\\\/site\\\/?s={search_term_string}\"},\"query-input\":{\"@type\":\"PropertyValueSpecification\",\"valueRequired\":true,\"valueName\":\"search_term_string\"}}],\"inLanguage\":\"pt-BR\"},{\"@type\":\"Organization\",\"@id\":\"https:\\\/\\\/www.notibras.com\\\/site\\\/#organization\",\"name\":\"Grupo Notibras de Comunica\u00e7\u00e3o\",\"url\":\"https:\\\/\\\/www.notibras.com\\\/site\\\/\",\"logo\":{\"@type\":\"ImageObject\",\"inLanguage\":\"pt-BR\",\"@id\":\"https:\\\/\\\/www.notibras.com\\\/site\\\/#\\\/schema\\\/logo\\\/image\\\/\",\"url\":\"https:\\\/\\\/www.notibras.com\\\/site\\\/wp-content\\\/uploads\\\/2023\\\/01\\\/notibras23.png\",\"contentUrl\":\"https:\\\/\\\/www.notibras.com\\\/site\\\/wp-content\\\/uploads\\\/2023\\\/01\\\/notibras23.png\",\"width\":350,\"height\":87,\"caption\":\"Grupo Notibras de Comunica\u00e7\u00e3o\"},\"image\":{\"@id\":\"https:\\\/\\\/www.notibras.com\\\/site\\\/#\\\/schema\\\/logo\\\/image\\\/\"},\"sameAs\":[\"https:\\\/\\\/www.facebook.com\\\/notibras\\\/\",\"https:\\\/\\\/x.com\\\/Notibras\",\"https:\\\/\\\/www.instagram.com\\\/notibras\\\/\"]},{\"@type\":\"Person\",\"@id\":\"https:\\\/\\\/www.notibras.com\\\/site\\\/#\\\/schema\\\/person\\\/36ab0979449956132d3e5b517ea76ac8\",\"name\":\"Reda\u00e7\u00e3o\",\"image\":{\"@type\":\"ImageObject\",\"inLanguage\":\"pt-BR\",\"@id\":\"https:\\\/\\\/secure.gravatar.com\\\/avatar\\\/e0a867bdedb85fd243eadf09663511f96fc81e0720a4a42581f334ad4303aa6b?s=96&d=mm&r=g\",\"url\":\"https:\\\/\\\/secure.gravatar.com\\\/avatar\\\/e0a867bdedb85fd243eadf09663511f96fc81e0720a4a42581f334ad4303aa6b?s=96&d=mm&r=g\",\"contentUrl\":\"https:\\\/\\\/secure.gravatar.com\\\/avatar\\\/e0a867bdedb85fd243eadf09663511f96fc81e0720a4a42581f334ad4303aa6b?s=96&d=mm&r=g\",\"caption\":\"Reda\u00e7\u00e3o\"}}]}<\/script>\n<!-- \/ Yoast SEO plugin. -->","yoast_head_json":{"title":"Xand\u00e3o usa prego enferrujado para crucificar Mendon\u00e7a - Notibras","robots":{"index":"index","follow":"follow","max-snippet":"max-snippet:-1","max-image-preview":"max-image-preview:large","max-video-preview":"max-video-preview:-1"},"canonical":"https:\/\/www.notibras.com\/site\/xandao-usa-prego-enferrujado-para-crucificar-mendonca\/","og_locale":"pt_BR","og_type":"article","og_title":"Xand\u00e3o usa prego enferrujado para crucificar Mendon\u00e7a - Notibras","og_description":"Documentos reservados do Supremo Tribunal Federal e da Pol\u00edcia Federal a que Notibras teve acesso n\u00e3o apresentam, sob a \u00f3tica jur\u00eddica e an\u00e1lise jornal\u00edstica, uma conclus\u00e3o definitiva de que Andr\u00e9 Mendon\u00e7a ou outras autoridades tenham cometido os il\u00edcitos que agora alimentam uma das mais delicadas crises internas da hist\u00f3ria recente do STF. H\u00e1 quem aposte [&hellip;]","og_url":"https:\/\/www.notibras.com\/site\/xandao-usa-prego-enferrujado-para-crucificar-mendonca\/","og_site_name":"Notibras","article_publisher":"https:\/\/www.facebook.com\/notibras\/","article_published_time":"2026-09-04T17:27:08+00:00","og_image":[{"width":770,"height":513,"url":"https:\/\/www.notibras.com\/site\/wp-content\/uploads\/2024\/08\/xandaopeguete.webp","type":"image\/webp"}],"author":"Reda\u00e7\u00e3o","twitter_card":"summary_large_image","twitter_creator":"@Notibras","twitter_site":"@Notibras","twitter_misc":{"Escrito por":"Reda\u00e7\u00e3o","Est. tempo de leitura":"7 minutos"},"schema":{"@context":"https:\/\/schema.org","@graph":[{"@type":"Article","@id":"https:\/\/www.notibras.com\/site\/xandao-usa-prego-enferrujado-para-crucificar-mendonca\/#article","isPartOf":{"@id":"https:\/\/www.notibras.com\/site\/xandao-usa-prego-enferrujado-para-crucificar-mendonca\/"},"author":{"name":"Reda\u00e7\u00e3o","@id":"https:\/\/www.notibras.com\/site\/#\/schema\/person\/36ab0979449956132d3e5b517ea76ac8"},"headline":"Xand\u00e3o usa prego enferrujado para crucificar Mendon\u00e7a","datePublished":"2026-09-04T17:27:08+00:00","mainEntityOfPage":{"@id":"https:\/\/www.notibras.com\/site\/xandao-usa-prego-enferrujado-para-crucificar-mendonca\/"},"wordCount":1318,"publisher":{"@id":"https:\/\/www.notibras.com\/site\/#organization"},"image":{"@id":"https:\/\/www.notibras.com\/site\/xandao-usa-prego-enferrujado-para-crucificar-mendonca\/#primaryimage"},"thumbnailUrl":"https:\/\/www.notibras.com\/site\/wp-content\/uploads\/2024\/08\/xandaopeguete.webp","keywords":["capa"],"articleSection":["Brasil"],"inLanguage":"pt-BR"},{"@type":"WebPage","@id":"https:\/\/www.notibras.com\/site\/xandao-usa-prego-enferrujado-para-crucificar-mendonca\/","url":"https:\/\/www.notibras.com\/site\/xandao-usa-prego-enferrujado-para-crucificar-mendonca\/","name":"Xand\u00e3o usa prego enferrujado para crucificar Mendon\u00e7a - Notibras","isPartOf":{"@id":"https:\/\/www.notibras.com\/site\/#website"},"primaryImageOfPage":{"@id":"https:\/\/www.notibras.com\/site\/xandao-usa-prego-enferrujado-para-crucificar-mendonca\/#primaryimage"},"image":{"@id":"https:\/\/www.notibras.com\/site\/xandao-usa-prego-enferrujado-para-crucificar-mendonca\/#primaryimage"},"thumbnailUrl":"https:\/\/www.notibras.com\/site\/wp-content\/uploads\/2024\/08\/xandaopeguete.webp","datePublished":"2026-09-04T17:27:08+00:00","breadcrumb":{"@id":"https:\/\/www.notibras.com\/site\/xandao-usa-prego-enferrujado-para-crucificar-mendonca\/#breadcrumb"},"inLanguage":"pt-BR","potentialAction":[{"@type":"ReadAction","target":["https:\/\/www.notibras.com\/site\/xandao-usa-prego-enferrujado-para-crucificar-mendonca\/"]}]},{"@type":"ImageObject","inLanguage":"pt-BR","@id":"https:\/\/www.notibras.com\/site\/xandao-usa-prego-enferrujado-para-crucificar-mendonca\/#primaryimage","url":"https:\/\/www.notibras.com\/site\/wp-content\/uploads\/2024\/08\/xandaopeguete.webp","contentUrl":"https:\/\/www.notibras.com\/site\/wp-content\/uploads\/2024\/08\/xandaopeguete.webp","width":770,"height":513},{"@type":"BreadcrumbList","@id":"https:\/\/www.notibras.com\/site\/xandao-usa-prego-enferrujado-para-crucificar-mendonca\/#breadcrumb","itemListElement":[{"@type":"ListItem","position":1,"name":"In\u00edcio","item":"https:\/\/www.notibras.com\/site\/"},{"@type":"ListItem","position":2,"name":"Xand\u00e3o usa prego enferrujado para crucificar Mendon\u00e7a"}]},{"@type":"WebSite","@id":"https:\/\/www.notibras.com\/site\/#website","url":"https:\/\/www.notibras.com\/site\/","name":"Notibras","description":"Not\u00edcias de Bras\u00edlia, do Brasil e do Mundo","publisher":{"@id":"https:\/\/www.notibras.com\/site\/#organization"},"potentialAction":[{"@type":"SearchAction","target":{"@type":"EntryPoint","urlTemplate":"https:\/\/www.notibras.com\/site\/?s={search_term_string}"},"query-input":{"@type":"PropertyValueSpecification","valueRequired":true,"valueName":"search_term_string"}}],"inLanguage":"pt-BR"},{"@type":"Organization","@id":"https:\/\/www.notibras.com\/site\/#organization","name":"Grupo Notibras de Comunica\u00e7\u00e3o","url":"https:\/\/www.notibras.com\/site\/","logo":{"@type":"ImageObject","inLanguage":"pt-BR","@id":"https:\/\/www.notibras.com\/site\/#\/schema\/logo\/image\/","url":"https:\/\/www.notibras.com\/site\/wp-content\/uploads\/2023\/01\/notibras23.png","contentUrl":"https:\/\/www.notibras.com\/site\/wp-content\/uploads\/2023\/01\/notibras23.png","width":350,"height":87,"caption":"Grupo Notibras de Comunica\u00e7\u00e3o"},"image":{"@id":"https:\/\/www.notibras.com\/site\/#\/schema\/logo\/image\/"},"sameAs":["https:\/\/www.facebook.com\/notibras\/","https:\/\/x.com\/Notibras","https:\/\/www.instagram.com\/notibras\/"]},{"@type":"Person","@id":"https:\/\/www.notibras.com\/site\/#\/schema\/person\/36ab0979449956132d3e5b517ea76ac8","name":"Reda\u00e7\u00e3o","image":{"@type":"ImageObject","inLanguage":"pt-BR","@id":"https:\/\/secure.gravatar.com\/avatar\/e0a867bdedb85fd243eadf09663511f96fc81e0720a4a42581f334ad4303aa6b?s=96&d=mm&r=g","url":"https:\/\/secure.gravatar.com\/avatar\/e0a867bdedb85fd243eadf09663511f96fc81e0720a4a42581f334ad4303aa6b?s=96&d=mm&r=g","contentUrl":"https:\/\/secure.gravatar.com\/avatar\/e0a867bdedb85fd243eadf09663511f96fc81e0720a4a42581f334ad4303aa6b?s=96&d=mm&r=g","caption":"Reda\u00e7\u00e3o"}}]}},"_links":{"self":[{"href":"https:\/\/www.notibras.com\/site\/wp-json\/wp\/v2\/posts\/409234","targetHints":{"allow":["GET"]}}],"collection":[{"href":"https:\/\/www.notibras.com\/site\/wp-json\/wp\/v2\/posts"}],"about":[{"href":"https:\/\/www.notibras.com\/site\/wp-json\/wp\/v2\/types\/post"}],"author":[{"embeddable":true,"href":"https:\/\/www.notibras.com\/site\/wp-json\/wp\/v2\/users\/2"}],"replies":[{"embeddable":true,"href":"https:\/\/www.notibras.com\/site\/wp-json\/wp\/v2\/comments?post=409234"}],"version-history":[{"count":1,"href":"https:\/\/www.notibras.com\/site\/wp-json\/wp\/v2\/posts\/409234\/revisions"}],"predecessor-version":[{"id":409235,"href":"https:\/\/www.notibras.com\/site\/wp-json\/wp\/v2\/posts\/409234\/revisions\/409235"}],"wp:featuredmedia":[{"embeddable":true,"href":"https:\/\/www.notibras.com\/site\/wp-json\/wp\/v2\/media\/335075"}],"wp:attachment":[{"href":"https:\/\/www.notibras.com\/site\/wp-json\/wp\/v2\/media?parent=409234"}],"wp:term":[{"taxonomy":"category","embeddable":true,"href":"https:\/\/www.notibras.com\/site\/wp-json\/wp\/v2\/categories?post=409234"},{"taxonomy":"post_tag","embeddable":true,"href":"https:\/\/www.notibras.com\/site\/wp-json\/wp\/v2\/tags?post=409234"},{"taxonomy":"tmauthors","embeddable":true,"href":"https:\/\/www.notibras.com\/site\/wp-json\/wp\/v2\/tmauthors?post=409234"}],"curies":[{"name":"wp","href":"https:\/\/api.w.org\/{rel}","templated":true}]}}