{"id":409243,"date":"2026-09-05T00:30:00","date_gmt":"2026-09-05T03:30:00","guid":{"rendered":"https:\/\/www.notibras.com\/site\/?p=409243"},"modified":"2026-09-04T21:52:44","modified_gmt":"2026-09-05T00:52:44","slug":"acao-de-acolhimento-a-populacao-em-situacao-de-rua-neste-fim-de-semana-2","status":"publish","type":"post","link":"https:\/\/www.notibras.com\/site\/acao-de-acolhimento-a-populacao-em-situacao-de-rua-neste-fim-de-semana-2\/","title":{"rendered":"A\u00e7\u00e3o de acolhimento \u00e0 popula\u00e7\u00e3o em situa\u00e7\u00e3o de rua neste fim de semana"},"content":{"rendered":"<p>A partir das 9h, neste s\u00e1bado (5) e no domingo (6), servidores estar\u00e3o no Plano Piloto para oferecer acolhimento e assist\u00eancia social a pessoas em situa\u00e7\u00e3o de rua que quiserem ajuda. Ap\u00f3s o atendimento, os pertences ser\u00e3o transportados ao endere\u00e7o indicado por elas ou, caso n\u00e3o haja um ponto fixo, os objetos pessoais ser\u00e3o levados ao dep\u00f3sito (SIA Trecho 4, lotes 1380\/1420), para retirada em at\u00e9 60 dias, sem qualquer custo para o respons\u00e1vel.<\/p>\n<p>A divulga\u00e7\u00e3o das a\u00e7\u00f5es de acolhimento segue o que foi decidido pelo Supremo Tribunal Federal (STF) no \u00e2mbito do julgamento da Argui\u00e7\u00e3o de Descumprimento de Preceito Fundamental (ADPF) 976. A decis\u00e3o determina que o Poder Executivo Distrital divulgue \u201cpreviamente o dia, o hor\u00e1rio e o local das a\u00e7\u00f5es de zeladoria urbana nos seus respectivos sites\u201d e que preste \u201cinforma\u00e7\u00f5es claras sobre a destina\u00e7\u00e3o de bens porventura apreendidos, o local de armazenamento dos itens e o procedimento de recupera\u00e7\u00e3o do bem\u201d.<\/p>\n<p><strong>Pontos de a\u00e7\u00e3o no Plano Piloto para s\u00e1bado e domingo:<\/strong><\/p>\n<p>1. Setor Comercial Sul;<\/p>\n<p>2. SGAS 914, pr\u00f3ximo \u00e0 Casa do Maranh\u00e3o;<\/p>\n<p>3. Cont\u00eainer de lixo na SCR 516, edif\u00edcio Jardim Tropical;<\/p>\n<p>4. \u00c1rea p\u00fablica pr\u00f3xima \u00e0 sede do 15\u00b0 GBM\/CBMDF, Setor Policial Sul;<\/p>\n<p>5. Entre o complexo CBMDF e o Terminal Asa Sul;<\/p>\n<p>6. Pra\u00e7a da Esta\u00e7\u00e3o, em frente aos novos empreendimentos;<\/p>\n<p>7. Canteiro central da Epia, em frente \u00e0 Primetek;<\/p>\n<p>8. Rodovi\u00e1ria Interestadual;<\/p>\n<p>9. Mata entre a Abin e Rodovi\u00e1ria;<\/p>\n<p>10. Canteiro central da Epia, em frente \u00e0 concession\u00e1ria Jeep;<\/p>\n<p>11. Canteiro central da Epia, por tr\u00e1s da parada de \u00f4nibus pr\u00f3xima \u00e0 concession\u00e1ria Jeep;<\/p>\n<p>12. SRTVN Quadra 701\/702, Bloco P, Edif\u00edcio R\u00e1dio Center;<\/p>\n<p>13. Hemocentro, em frente \u00e0 SQN 302;<\/p>\n<p>14. 601 Norte;<\/p>\n<p>15. L2 Norte, na altura da 602, abaixo do Serpro;<\/p>\n<p>16. Quadra 313\/314 da Asa Norte, fundos da 1\u00aa Igreja Batista;<\/p>\n<p>17. \u00c1rea verde entre a 311\/312 Norte, fundos da Capela da Divina Miseric\u00f3rdia;<\/p>\n<p>18. Entrequadra 110\/111 Norte;<\/p>\n<p>19. EQN 309\/310, atr\u00e1s da Igreja Crist\u00e3 Evang\u00e9lica;<\/p>\n<p>20. Via de acesso SGAN 908\/909, do bal\u00e3o \u00e0 Via W5;<\/p>\n<p>21. SGAN 909\/910, entre a quadra e o Parque Burle Marx;<\/p>\n<p>22. SGAN 913, entre o col\u00e9gio Anjo da Guarda e a mesquita;<\/p>\n<p>23. SGAN 915, ao lado da Escola Sagrada Fam\u00edlia Menino Deus;<\/p>\n<p>24. EQN 315\/316, Igreja Messi\u00e2nica;<\/p>\n<p>25. Final da W3 Norte, bal\u00e3o entre o Setor Hospitalar e o Setor Terminal Norte;<\/p>\n<p>26. Final do cal\u00e7ad\u00e3o da Asa Norte, Parque Deck Norte na beira do lago;<\/p>\n<p>27. DF-004, em frente ao Deck Norte.<\/p>\n","protected":false},"excerpt":{"rendered":"<p>A partir das 9h, neste s\u00e1bado (5) e no domingo (6), servidores estar\u00e3o no Plano Piloto para oferecer acolhimento e assist\u00eancia social a pessoas em situa\u00e7\u00e3o de rua que quiserem ajuda. Ap\u00f3s o atendimento, os pertences ser\u00e3o transportados ao endere\u00e7o indicado por elas ou, caso n\u00e3o haja um ponto fixo, os objetos pessoais ser\u00e3o levados [&hellip;]<\/p>\n","protected":false},"author":21,"featured_media":409244,"comment_status":"closed","ping_status":"closed","sticky":false,"template":"","format":"standard","meta":{"_acf_changed":false,"footnotes":""},"categories":[161],"tags":[],"tmauthors":[306],"class_list":["post-409243","post","type-post","status-publish","format-standard","has-post-thumbnail","category-quadradinho-em-foco"],"acf":[],"yoast_head":"<!-- This site is optimized with the Yoast SEO plugin v28.0 - https:\/\/yoast.com\/product\/yoast-seo-wordpress\/ -->\n<title>A\u00e7\u00e3o de acolhimento \u00e0 popula\u00e7\u00e3o em situa\u00e7\u00e3o de rua neste fim de semana - Notibras<\/title>\n<meta name=\"robots\" content=\"index, follow, max-snippet:-1, max-image-preview:large, max-video-preview:-1\" \/>\n<link rel=\"canonical\" href=\"https:\/\/www.notibras.com\/site\/acao-de-acolhimento-a-populacao-em-situacao-de-rua-neste-fim-de-semana-2\/\" \/>\n<meta property=\"og:locale\" content=\"pt_BR\" \/>\n<meta property=\"og:type\" content=\"article\" \/>\n<meta property=\"og:title\" content=\"A\u00e7\u00e3o de acolhimento \u00e0 popula\u00e7\u00e3o em situa\u00e7\u00e3o de rua neste fim de semana - Notibras\" \/>\n<meta property=\"og:description\" content=\"A partir das 9h, neste s\u00e1bado (5) e no domingo (6), servidores estar\u00e3o no Plano Piloto para oferecer acolhimento e assist\u00eancia social a pessoas em situa\u00e7\u00e3o de rua que quiserem ajuda. Ap\u00f3s o atendimento, os pertences ser\u00e3o transportados ao endere\u00e7o indicado por elas ou, caso n\u00e3o haja um ponto fixo, os objetos pessoais ser\u00e3o levados [&hellip;]\" \/>\n<meta property=\"og:url\" content=\"https:\/\/www.notibras.com\/site\/acao-de-acolhimento-a-populacao-em-situacao-de-rua-neste-fim-de-semana-2\/\" \/>\n<meta property=\"og:site_name\" content=\"Notibras\" \/>\n<meta property=\"article:publisher\" content=\"https:\/\/www.facebook.com\/notibras\/\" \/>\n<meta property=\"article:published_time\" content=\"2026-09-05T03:30:00+00:00\" \/>\n<meta property=\"og:image\" content=\"https:\/\/www.notibras.com\/site\/wp-content\/uploads\/2026\/09\/3.9.-Acao-de-acolhimento.-Foto-Divulgacao-DF-Legal-1.jpg\" \/>\n\t<meta property=\"og:image:width\" content=\"1920\" \/>\n\t<meta property=\"og:image:height\" content=\"1080\" \/>\n\t<meta property=\"og:image:type\" content=\"image\/jpeg\" \/>\n<meta name=\"author\" content=\"Eduardo Mart\u00ednez\" \/>\n<meta name=\"twitter:card\" content=\"summary_large_image\" \/>\n<meta name=\"twitter:creator\" content=\"@Notibras\" \/>\n<meta name=\"twitter:site\" content=\"@Notibras\" \/>\n<meta name=\"twitter:label1\" content=\"Escrito por\" \/>\n\t<meta name=\"twitter:data1\" content=\"Eduardo Mart\u00ednez\" \/>\n\t<meta name=\"twitter:label2\" content=\"Est. tempo de leitura\" \/>\n\t<meta name=\"twitter:data2\" content=\"3 minutos\" \/>\n<script type=\"application\/ld+json\" class=\"yoast-schema-graph\">{\"@context\":\"https:\\\/\\\/schema.org\",\"@graph\":[{\"@type\":\"Article\",\"@id\":\"https:\\\/\\\/www.notibras.com\\\/site\\\/acao-de-acolhimento-a-populacao-em-situacao-de-rua-neste-fim-de-semana-2\\\/#article\",\"isPartOf\":{\"@id\":\"https:\\\/\\\/www.notibras.com\\\/site\\\/acao-de-acolhimento-a-populacao-em-situacao-de-rua-neste-fim-de-semana-2\\\/\"},\"author\":{\"name\":\"Eduardo Mart\u00ednez\",\"@id\":\"https:\\\/\\\/www.notibras.com\\\/site\\\/#\\\/schema\\\/person\\\/5b7fabf2aedc3ada2105f03b22b4d3dd\"},\"headline\":\"A\u00e7\u00e3o de acolhimento \u00e0 popula\u00e7\u00e3o em situa\u00e7\u00e3o de rua neste fim de semana\",\"datePublished\":\"2026-09-05T03:30:00+00:00\",\"mainEntityOfPage\":{\"@id\":\"https:\\\/\\\/www.notibras.com\\\/site\\\/acao-de-acolhimento-a-populacao-em-situacao-de-rua-neste-fim-de-semana-2\\\/\"},\"wordCount\":419,\"publisher\":{\"@id\":\"https:\\\/\\\/www.notibras.com\\\/site\\\/#organization\"},\"image\":{\"@id\":\"https:\\\/\\\/www.notibras.com\\\/site\\\/acao-de-acolhimento-a-populacao-em-situacao-de-rua-neste-fim-de-semana-2\\\/#primaryimage\"},\"thumbnailUrl\":\"https:\\\/\\\/www.notibras.com\\\/site\\\/wp-content\\\/uploads\\\/2026\\\/09\\\/3.9.-Acao-de-acolhimento.-Foto-Divulgacao-DF-Legal-1.jpg\",\"articleSection\":[\"Quadradinho em Foco\"],\"inLanguage\":\"pt-BR\"},{\"@type\":\"WebPage\",\"@id\":\"https:\\\/\\\/www.notibras.com\\\/site\\\/acao-de-acolhimento-a-populacao-em-situacao-de-rua-neste-fim-de-semana-2\\\/\",\"url\":\"https:\\\/\\\/www.notibras.com\\\/site\\\/acao-de-acolhimento-a-populacao-em-situacao-de-rua-neste-fim-de-semana-2\\\/\",\"name\":\"A\u00e7\u00e3o de acolhimento \u00e0 popula\u00e7\u00e3o em situa\u00e7\u00e3o de rua neste fim de semana - Notibras\",\"isPartOf\":{\"@id\":\"https:\\\/\\\/www.notibras.com\\\/site\\\/#website\"},\"primaryImageOfPage\":{\"@id\":\"https:\\\/\\\/www.notibras.com\\\/site\\\/acao-de-acolhimento-a-populacao-em-situacao-de-rua-neste-fim-de-semana-2\\\/#primaryimage\"},\"image\":{\"@id\":\"https:\\\/\\\/www.notibras.com\\\/site\\\/acao-de-acolhimento-a-populacao-em-situacao-de-rua-neste-fim-de-semana-2\\\/#primaryimage\"},\"thumbnailUrl\":\"https:\\\/\\\/www.notibras.com\\\/site\\\/wp-content\\\/uploads\\\/2026\\\/09\\\/3.9.-Acao-de-acolhimento.-Foto-Divulgacao-DF-Legal-1.jpg\",\"datePublished\":\"2026-09-05T03:30:00+00:00\",\"breadcrumb\":{\"@id\":\"https:\\\/\\\/www.notibras.com\\\/site\\\/acao-de-acolhimento-a-populacao-em-situacao-de-rua-neste-fim-de-semana-2\\\/#breadcrumb\"},\"inLanguage\":\"pt-BR\",\"potentialAction\":[{\"@type\":\"ReadAction\",\"target\":[\"https:\\\/\\\/www.notibras.com\\\/site\\\/acao-de-acolhimento-a-populacao-em-situacao-de-rua-neste-fim-de-semana-2\\\/\"]}]},{\"@type\":\"ImageObject\",\"inLanguage\":\"pt-BR\",\"@id\":\"https:\\\/\\\/www.notibras.com\\\/site\\\/acao-de-acolhimento-a-populacao-em-situacao-de-rua-neste-fim-de-semana-2\\\/#primaryimage\",\"url\":\"https:\\\/\\\/www.notibras.com\\\/site\\\/wp-content\\\/uploads\\\/2026\\\/09\\\/3.9.-Acao-de-acolhimento.-Foto-Divulgacao-DF-Legal-1.jpg\",\"contentUrl\":\"https:\\\/\\\/www.notibras.com\\\/site\\\/wp-content\\\/uploads\\\/2026\\\/09\\\/3.9.-Acao-de-acolhimento.-Foto-Divulgacao-DF-Legal-1.jpg\",\"width\":1920,\"height\":1080},{\"@type\":\"BreadcrumbList\",\"@id\":\"https:\\\/\\\/www.notibras.com\\\/site\\\/acao-de-acolhimento-a-populacao-em-situacao-de-rua-neste-fim-de-semana-2\\\/#breadcrumb\",\"itemListElement\":[{\"@type\":\"ListItem\",\"position\":1,\"name\":\"In\u00edcio\",\"item\":\"https:\\\/\\\/www.notibras.com\\\/site\\\/\"},{\"@type\":\"ListItem\",\"position\":2,\"name\":\"A\u00e7\u00e3o de acolhimento \u00e0 popula\u00e7\u00e3o em situa\u00e7\u00e3o de rua neste fim de semana\"}]},{\"@type\":\"WebSite\",\"@id\":\"https:\\\/\\\/www.notibras.com\\\/site\\\/#website\",\"url\":\"https:\\\/\\\/www.notibras.com\\\/site\\\/\",\"name\":\"Notibras\",\"description\":\"Not\u00edcias de Bras\u00edlia, do Brasil e do Mundo\",\"publisher\":{\"@id\":\"https:\\\/\\\/www.notibras.com\\\/site\\\/#organization\"},\"potentialAction\":[{\"@type\":\"SearchAction\",\"target\":{\"@type\":\"EntryPoint\",\"urlTemplate\":\"https:\\\/\\\/www.notibras.com\\\/site\\\/?s={search_term_string}\"},\"query-input\":{\"@type\":\"PropertyValueSpecification\",\"valueRequired\":true,\"valueName\":\"search_term_string\"}}],\"inLanguage\":\"pt-BR\"},{\"@type\":\"Organization\",\"@id\":\"https:\\\/\\\/www.notibras.com\\\/site\\\/#organization\",\"name\":\"Grupo Notibras de Comunica\u00e7\u00e3o\",\"url\":\"https:\\\/\\\/www.notibras.com\\\/site\\\/\",\"logo\":{\"@type\":\"ImageObject\",\"inLanguage\":\"pt-BR\",\"@id\":\"https:\\\/\\\/www.notibras.com\\\/site\\\/#\\\/schema\\\/logo\\\/image\\\/\",\"url\":\"https:\\\/\\\/www.notibras.com\\\/site\\\/wp-content\\\/uploads\\\/2023\\\/01\\\/notibras23.png\",\"contentUrl\":\"https:\\\/\\\/www.notibras.com\\\/site\\\/wp-content\\\/uploads\\\/2023\\\/01\\\/notibras23.png\",\"width\":350,\"height\":87,\"caption\":\"Grupo Notibras de Comunica\u00e7\u00e3o\"},\"image\":{\"@id\":\"https:\\\/\\\/www.notibras.com\\\/site\\\/#\\\/schema\\\/logo\\\/image\\\/\"},\"sameAs\":[\"https:\\\/\\\/www.facebook.com\\\/notibras\\\/\",\"https:\\\/\\\/x.com\\\/Notibras\",\"https:\\\/\\\/www.instagram.com\\\/notibras\\\/\"]},{\"@type\":\"Person\",\"@id\":\"https:\\\/\\\/www.notibras.com\\\/site\\\/#\\\/schema\\\/person\\\/5b7fabf2aedc3ada2105f03b22b4d3dd\",\"name\":\"Eduardo Mart\u00ednez\",\"image\":{\"@type\":\"ImageObject\",\"inLanguage\":\"pt-BR\",\"@id\":\"https:\\\/\\\/secure.gravatar.com\\\/avatar\\\/7902f906289926289cbcda644b5197c796b893c6ffd7b9a536a42d290f7704a0?s=96&d=mm&r=g\",\"url\":\"https:\\\/\\\/secure.gravatar.com\\\/avatar\\\/7902f906289926289cbcda644b5197c796b893c6ffd7b9a536a42d290f7704a0?s=96&d=mm&r=g\",\"contentUrl\":\"https:\\\/\\\/secure.gravatar.com\\\/avatar\\\/7902f906289926289cbcda644b5197c796b893c6ffd7b9a536a42d290f7704a0?s=96&d=mm&r=g\",\"caption\":\"Eduardo Mart\u00ednez\"}}]}<\/script>\n<!-- \/ Yoast SEO plugin. -->","yoast_head_json":{"title":"A\u00e7\u00e3o de acolhimento \u00e0 popula\u00e7\u00e3o em situa\u00e7\u00e3o de rua neste fim de semana - Notibras","robots":{"index":"index","follow":"follow","max-snippet":"max-snippet:-1","max-image-preview":"max-image-preview:large","max-video-preview":"max-video-preview:-1"},"canonical":"https:\/\/www.notibras.com\/site\/acao-de-acolhimento-a-populacao-em-situacao-de-rua-neste-fim-de-semana-2\/","og_locale":"pt_BR","og_type":"article","og_title":"A\u00e7\u00e3o de acolhimento \u00e0 popula\u00e7\u00e3o em situa\u00e7\u00e3o de rua neste fim de semana - Notibras","og_description":"A partir das 9h, neste s\u00e1bado (5) e no domingo (6), servidores estar\u00e3o no Plano Piloto para oferecer acolhimento e assist\u00eancia social a pessoas em situa\u00e7\u00e3o de rua que quiserem ajuda. Ap\u00f3s o atendimento, os pertences ser\u00e3o transportados ao endere\u00e7o indicado por elas ou, caso n\u00e3o haja um ponto fixo, os objetos pessoais ser\u00e3o levados [&hellip;]","og_url":"https:\/\/www.notibras.com\/site\/acao-de-acolhimento-a-populacao-em-situacao-de-rua-neste-fim-de-semana-2\/","og_site_name":"Notibras","article_publisher":"https:\/\/www.facebook.com\/notibras\/","article_published_time":"2026-09-05T03:30:00+00:00","og_image":[{"width":1920,"height":1080,"url":"https:\/\/www.notibras.com\/site\/wp-content\/uploads\/2026\/09\/3.9.-Acao-de-acolhimento.-Foto-Divulgacao-DF-Legal-1.jpg","type":"image\/jpeg"}],"author":"Eduardo Mart\u00ednez","twitter_card":"summary_large_image","twitter_creator":"@Notibras","twitter_site":"@Notibras","twitter_misc":{"Escrito por":"Eduardo Mart\u00ednez","Est. tempo de leitura":"3 minutos"},"schema":{"@context":"https:\/\/schema.org","@graph":[{"@type":"Article","@id":"https:\/\/www.notibras.com\/site\/acao-de-acolhimento-a-populacao-em-situacao-de-rua-neste-fim-de-semana-2\/#article","isPartOf":{"@id":"https:\/\/www.notibras.com\/site\/acao-de-acolhimento-a-populacao-em-situacao-de-rua-neste-fim-de-semana-2\/"},"author":{"name":"Eduardo Mart\u00ednez","@id":"https:\/\/www.notibras.com\/site\/#\/schema\/person\/5b7fabf2aedc3ada2105f03b22b4d3dd"},"headline":"A\u00e7\u00e3o de acolhimento \u00e0 popula\u00e7\u00e3o em situa\u00e7\u00e3o de rua neste fim de semana","datePublished":"2026-09-05T03:30:00+00:00","mainEntityOfPage":{"@id":"https:\/\/www.notibras.com\/site\/acao-de-acolhimento-a-populacao-em-situacao-de-rua-neste-fim-de-semana-2\/"},"wordCount":419,"publisher":{"@id":"https:\/\/www.notibras.com\/site\/#organization"},"image":{"@id":"https:\/\/www.notibras.com\/site\/acao-de-acolhimento-a-populacao-em-situacao-de-rua-neste-fim-de-semana-2\/#primaryimage"},"thumbnailUrl":"https:\/\/www.notibras.com\/site\/wp-content\/uploads\/2026\/09\/3.9.-Acao-de-acolhimento.-Foto-Divulgacao-DF-Legal-1.jpg","articleSection":["Quadradinho em Foco"],"inLanguage":"pt-BR"},{"@type":"WebPage","@id":"https:\/\/www.notibras.com\/site\/acao-de-acolhimento-a-populacao-em-situacao-de-rua-neste-fim-de-semana-2\/","url":"https:\/\/www.notibras.com\/site\/acao-de-acolhimento-a-populacao-em-situacao-de-rua-neste-fim-de-semana-2\/","name":"A\u00e7\u00e3o de acolhimento \u00e0 popula\u00e7\u00e3o em situa\u00e7\u00e3o de rua neste fim de semana - Notibras","isPartOf":{"@id":"https:\/\/www.notibras.com\/site\/#website"},"primaryImageOfPage":{"@id":"https:\/\/www.notibras.com\/site\/acao-de-acolhimento-a-populacao-em-situacao-de-rua-neste-fim-de-semana-2\/#primaryimage"},"image":{"@id":"https:\/\/www.notibras.com\/site\/acao-de-acolhimento-a-populacao-em-situacao-de-rua-neste-fim-de-semana-2\/#primaryimage"},"thumbnailUrl":"https:\/\/www.notibras.com\/site\/wp-content\/uploads\/2026\/09\/3.9.-Acao-de-acolhimento.-Foto-Divulgacao-DF-Legal-1.jpg","datePublished":"2026-09-05T03:30:00+00:00","breadcrumb":{"@id":"https:\/\/www.notibras.com\/site\/acao-de-acolhimento-a-populacao-em-situacao-de-rua-neste-fim-de-semana-2\/#breadcrumb"},"inLanguage":"pt-BR","potentialAction":[{"@type":"ReadAction","target":["https:\/\/www.notibras.com\/site\/acao-de-acolhimento-a-populacao-em-situacao-de-rua-neste-fim-de-semana-2\/"]}]},{"@type":"ImageObject","inLanguage":"pt-BR","@id":"https:\/\/www.notibras.com\/site\/acao-de-acolhimento-a-populacao-em-situacao-de-rua-neste-fim-de-semana-2\/#primaryimage","url":"https:\/\/www.notibras.com\/site\/wp-content\/uploads\/2026\/09\/3.9.-Acao-de-acolhimento.-Foto-Divulgacao-DF-Legal-1.jpg","contentUrl":"https:\/\/www.notibras.com\/site\/wp-content\/uploads\/2026\/09\/3.9.-Acao-de-acolhimento.-Foto-Divulgacao-DF-Legal-1.jpg","width":1920,"height":1080},{"@type":"BreadcrumbList","@id":"https:\/\/www.notibras.com\/site\/acao-de-acolhimento-a-populacao-em-situacao-de-rua-neste-fim-de-semana-2\/#breadcrumb","itemListElement":[{"@type":"ListItem","position":1,"name":"In\u00edcio","item":"https:\/\/www.notibras.com\/site\/"},{"@type":"ListItem","position":2,"name":"A\u00e7\u00e3o de acolhimento \u00e0 popula\u00e7\u00e3o em situa\u00e7\u00e3o de rua neste fim de semana"}]},{"@type":"WebSite","@id":"https:\/\/www.notibras.com\/site\/#website","url":"https:\/\/www.notibras.com\/site\/","name":"Notibras","description":"Not\u00edcias de Bras\u00edlia, do Brasil e do Mundo","publisher":{"@id":"https:\/\/www.notibras.com\/site\/#organization"},"potentialAction":[{"@type":"SearchAction","target":{"@type":"EntryPoint","urlTemplate":"https:\/\/www.notibras.com\/site\/?s={search_term_string}"},"query-input":{"@type":"PropertyValueSpecification","valueRequired":true,"valueName":"search_term_string"}}],"inLanguage":"pt-BR"},{"@type":"Organization","@id":"https:\/\/www.notibras.com\/site\/#organization","name":"Grupo Notibras de Comunica\u00e7\u00e3o","url":"https:\/\/www.notibras.com\/site\/","logo":{"@type":"ImageObject","inLanguage":"pt-BR","@id":"https:\/\/www.notibras.com\/site\/#\/schema\/logo\/image\/","url":"https:\/\/www.notibras.com\/site\/wp-content\/uploads\/2023\/01\/notibras23.png","contentUrl":"https:\/\/www.notibras.com\/site\/wp-content\/uploads\/2023\/01\/notibras23.png","width":350,"height":87,"caption":"Grupo Notibras de Comunica\u00e7\u00e3o"},"image":{"@id":"https:\/\/www.notibras.com\/site\/#\/schema\/logo\/image\/"},"sameAs":["https:\/\/www.facebook.com\/notibras\/","https:\/\/x.com\/Notibras","https:\/\/www.instagram.com\/notibras\/"]},{"@type":"Person","@id":"https:\/\/www.notibras.com\/site\/#\/schema\/person\/5b7fabf2aedc3ada2105f03b22b4d3dd","name":"Eduardo Mart\u00ednez","image":{"@type":"ImageObject","inLanguage":"pt-BR","@id":"https:\/\/secure.gravatar.com\/avatar\/7902f906289926289cbcda644b5197c796b893c6ffd7b9a536a42d290f7704a0?s=96&d=mm&r=g","url":"https:\/\/secure.gravatar.com\/avatar\/7902f906289926289cbcda644b5197c796b893c6ffd7b9a536a42d290f7704a0?s=96&d=mm&r=g","contentUrl":"https:\/\/secure.gravatar.com\/avatar\/7902f906289926289cbcda644b5197c796b893c6ffd7b9a536a42d290f7704a0?s=96&d=mm&r=g","caption":"Eduardo Mart\u00ednez"}}]}},"_links":{"self":[{"href":"https:\/\/www.notibras.com\/site\/wp-json\/wp\/v2\/posts\/409243","targetHints":{"allow":["GET"]}}],"collection":[{"href":"https:\/\/www.notibras.com\/site\/wp-json\/wp\/v2\/posts"}],"about":[{"href":"https:\/\/www.notibras.com\/site\/wp-json\/wp\/v2\/types\/post"}],"author":[{"embeddable":true,"href":"https:\/\/www.notibras.com\/site\/wp-json\/wp\/v2\/users\/21"}],"replies":[{"embeddable":true,"href":"https:\/\/www.notibras.com\/site\/wp-json\/wp\/v2\/comments?post=409243"}],"version-history":[{"count":2,"href":"https:\/\/www.notibras.com\/site\/wp-json\/wp\/v2\/posts\/409243\/revisions"}],"predecessor-version":[{"id":409246,"href":"https:\/\/www.notibras.com\/site\/wp-json\/wp\/v2\/posts\/409243\/revisions\/409246"}],"wp:featuredmedia":[{"embeddable":true,"href":"https:\/\/www.notibras.com\/site\/wp-json\/wp\/v2\/media\/409244"}],"wp:attachment":[{"href":"https:\/\/www.notibras.com\/site\/wp-json\/wp\/v2\/media?parent=409243"}],"wp:term":[{"taxonomy":"category","embeddable":true,"href":"https:\/\/www.notibras.com\/site\/wp-json\/wp\/v2\/categories?post=409243"},{"taxonomy":"post_tag","embeddable":true,"href":"https:\/\/www.notibras.com\/site\/wp-json\/wp\/v2\/tags?post=409243"},{"taxonomy":"tmauthors","embeddable":true,"href":"https:\/\/www.notibras.com\/site\/wp-json\/wp\/v2\/tmauthors?post=409243"}],"curies":[{"name":"wp","href":"https:\/\/api.w.org\/{rel}","templated":true}]}}