{"id":409247,"date":"2026-09-05T00:45:30","date_gmt":"2026-09-05T03:45:30","guid":{"rendered":"https:\/\/www.notibras.com\/site\/?p=409247"},"modified":"2026-09-04T21:57:01","modified_gmt":"2026-09-05T00:57:01","slug":"licitacao-divulga-oportunidade-de-106-imoveis","status":"publish","type":"post","link":"https:\/\/www.notibras.com\/site\/licitacao-divulga-oportunidade-de-106-imoveis\/","title":{"rendered":"Licita\u00e7\u00e3o divulga oportunidade de 106 im\u00f3veis"},"content":{"rendered":"<div class=\"text-content\">\n<p>No dia 11 de setembro, ser\u00e1 realizada nova licita\u00e7\u00e3o p\u00fablica de im\u00f3veis, com 106 lotes residenciais, comerciais, industriais e mistos distribu\u00eddos em dez regi\u00f5es do Distrito Federal. O Edital n\u00ba 11\/2026 est\u00e1 dispon\u00edvel\u00a0<a href=\"https:\/\/www.terracap.df.gov.br\/\">neste site<\/a>. As propostas ser\u00e3o recebidas entre 9h e 10h, podendo ser entregues pessoalmente ou por via eletr\u00f4nica, e a cau\u00e7\u00e3o, equivalente a 5% do valor do lote, deve ser recolhida at\u00e9 10 de setembro.<\/p>\n<p>Entre os destaques est\u00e3o os 15 lotes do Residencial das Sucupiras, no Jardim Bot\u00e2nico; lotes de uso misto em Riacho Fundo II; dezenas de op\u00e7\u00f5es em Samambaia; e terrenos comerciais de grande porte no Setor Noroeste.<\/p>\n<p><strong>Residencial das Sucupiras<\/strong><\/p>\n<p>Os 15 lotes do Residencial das Sucupiras, no Jardim Bot\u00e2nico, integram o Complexo Urban\u00edstico Aldeias do Cerrado. As unidades t\u00eam entre 420 m\u00b2 e 440,55 m\u00b2, com valores a partir de R$ 317 mil, entrada de R$ 15,85 mil e financiamento em at\u00e9 240 meses.<\/p>\n<p>Quem adquirir um dos lotes pode optar, sem custo adicional, por um projeto de casa padr\u00e3o de 153 m\u00b2 j\u00e1 aprovado pelos \u00f3rg\u00e3os p\u00fablicos. O Residencial das Sucupiras oferece infraestrutura completa: portaria \u00fanica com controle de acesso, cercamento com muro em alvenaria, sistema vi\u00e1rio planejado para privacidade e tranquilidade, al\u00e9m de ampla \u00e1rea de lazer nas \u00e1reas comuns, incluindo campo de futebol, quadra de t\u00eanis, quadra poliesportiva, espa\u00e7o gourmet, sal\u00e3o de festas, espa\u00e7o fitness, quiosques com churrasqueira e estacionamento para visitantes.<\/p>\n<\/div>\n<div class=\"text-content\">\n<p><strong>Outras oportunidades<\/strong><\/p>\n<p>No Riacho Fundo II, s\u00e3o 17 lotes com destina\u00e7\u00e3o mista, que permite simultaneamente com\u00e9rcio, presta\u00e7\u00e3o de servi\u00e7os, atividade institucional e industrial. As \u00e1reas variam de 1.155 m\u00b2 a 5.472 m\u00b2, com valores entre R$ 1,35 milh\u00e3o e R$ 5,45 milh\u00f5es, e financiamento em at\u00e9 180 meses.<\/p>\n<p>Samambaia tem 46 lotes dispon\u00edveis, quase metade do total do edital. H\u00e1 terrenos comerciais e mistos a partir de 100 m\u00b2, com valores a partir de R$ 80,6 mil, at\u00e9 lotes de mais de 1.500 m\u00b2, que ultrapassam R$ 1,5 milh\u00e3o.<\/p>\n<p>H\u00e1, ainda, tr\u00eas lotes na CRNW, no Setor Noroeste, que t\u00eam entre 1.733 m\u00b2 e 3.466 m\u00b2, com valores entre R$ 8,09 milh\u00f5es e R$ 14,3 milh\u00f5es.<\/p>\n<p>O edital inclui ainda 15 im\u00f3veis em Ceil\u00e2ndia, seis lotes no Recanto das Emas e terrenos avulsos no Guar\u00e1, Santa Maria e Sobradinho. Em Taguatinga, um lote industrial de 30.000 m\u00b2, avaliado em R$ 26,2 milh\u00f5es, \u00e9 o maior do edital.<\/p>\n<\/div>\n","protected":false},"excerpt":{"rendered":"<p>No dia 11 de setembro, ser\u00e1 realizada nova licita\u00e7\u00e3o p\u00fablica de im\u00f3veis, com 106 lotes residenciais, comerciais, industriais e mistos distribu\u00eddos em dez regi\u00f5es do Distrito Federal. O Edital n\u00ba 11\/2026 est\u00e1 dispon\u00edvel\u00a0neste site. As propostas ser\u00e3o recebidas entre 9h e 10h, podendo ser entregues pessoalmente ou por via eletr\u00f4nica, e a cau\u00e7\u00e3o, equivalente a [&hellip;]<\/p>\n","protected":false},"author":21,"featured_media":409248,"comment_status":"closed","ping_status":"closed","sticky":false,"template":"","format":"standard","meta":{"_acf_changed":false,"footnotes":""},"categories":[161],"tags":[],"tmauthors":[306],"class_list":["post-409247","post","type-post","status-publish","format-standard","has-post-thumbnail","category-quadradinho-em-foco"],"acf":[],"yoast_head":"<!-- This site is optimized with the Yoast SEO plugin v28.0 - https:\/\/yoast.com\/product\/yoast-seo-wordpress\/ -->\n<title>Licita\u00e7\u00e3o divulga oportunidade de 106 im\u00f3veis - Notibras<\/title>\n<meta name=\"robots\" content=\"index, follow, max-snippet:-1, max-image-preview:large, max-video-preview:-1\" \/>\n<link rel=\"canonical\" href=\"https:\/\/www.notibras.com\/site\/licitacao-divulga-oportunidade-de-106-imoveis\/\" \/>\n<meta property=\"og:locale\" content=\"pt_BR\" \/>\n<meta property=\"og:type\" content=\"article\" \/>\n<meta property=\"og:title\" content=\"Licita\u00e7\u00e3o divulga oportunidade de 106 im\u00f3veis - Notibras\" \/>\n<meta property=\"og:description\" content=\"No dia 11 de setembro, ser\u00e1 realizada nova licita\u00e7\u00e3o p\u00fablica de im\u00f3veis, com 106 lotes residenciais, comerciais, industriais e mistos distribu\u00eddos em dez regi\u00f5es do Distrito Federal. O Edital n\u00ba 11\/2026 est\u00e1 dispon\u00edvel\u00a0neste site. As propostas ser\u00e3o recebidas entre 9h e 10h, podendo ser entregues pessoalmente ou por via eletr\u00f4nica, e a cau\u00e7\u00e3o, equivalente a [&hellip;]\" \/>\n<meta property=\"og:url\" content=\"https:\/\/www.notibras.com\/site\/licitacao-divulga-oportunidade-de-106-imoveis\/\" \/>\n<meta property=\"og:site_name\" content=\"Notibras\" \/>\n<meta property=\"article:publisher\" content=\"https:\/\/www.facebook.com\/notibras\/\" \/>\n<meta property=\"article:published_time\" content=\"2026-09-05T03:45:30+00:00\" \/>\n<meta property=\"og:image\" content=\"https:\/\/www.notibras.com\/site\/wp-content\/uploads\/2026\/09\/31.5.-Terracap.-Foto-Daniel-Santos-Terracap.jpeg\" \/>\n\t<meta property=\"og:image:width\" content=\"1280\" \/>\n\t<meta property=\"og:image:height\" content=\"853\" \/>\n\t<meta property=\"og:image:type\" content=\"image\/jpeg\" \/>\n<meta name=\"author\" content=\"Eduardo Mart\u00ednez\" \/>\n<meta name=\"twitter:card\" content=\"summary_large_image\" \/>\n<meta name=\"twitter:creator\" content=\"@Notibras\" \/>\n<meta name=\"twitter:site\" content=\"@Notibras\" \/>\n<meta name=\"twitter:label1\" content=\"Escrito por\" \/>\n\t<meta name=\"twitter:data1\" content=\"Eduardo Mart\u00ednez\" \/>\n\t<meta name=\"twitter:label2\" content=\"Est. tempo de leitura\" \/>\n\t<meta name=\"twitter:data2\" content=\"3 minutos\" \/>\n<script type=\"application\/ld+json\" class=\"yoast-schema-graph\">{\"@context\":\"https:\\\/\\\/schema.org\",\"@graph\":[{\"@type\":\"Article\",\"@id\":\"https:\\\/\\\/www.notibras.com\\\/site\\\/licitacao-divulga-oportunidade-de-106-imoveis\\\/#article\",\"isPartOf\":{\"@id\":\"https:\\\/\\\/www.notibras.com\\\/site\\\/licitacao-divulga-oportunidade-de-106-imoveis\\\/\"},\"author\":{\"name\":\"Eduardo Mart\u00ednez\",\"@id\":\"https:\\\/\\\/www.notibras.com\\\/site\\\/#\\\/schema\\\/person\\\/5b7fabf2aedc3ada2105f03b22b4d3dd\"},\"headline\":\"Licita\u00e7\u00e3o divulga oportunidade de 106 im\u00f3veis\",\"datePublished\":\"2026-09-05T03:45:30+00:00\",\"mainEntityOfPage\":{\"@id\":\"https:\\\/\\\/www.notibras.com\\\/site\\\/licitacao-divulga-oportunidade-de-106-imoveis\\\/\"},\"wordCount\":405,\"publisher\":{\"@id\":\"https:\\\/\\\/www.notibras.com\\\/site\\\/#organization\"},\"image\":{\"@id\":\"https:\\\/\\\/www.notibras.com\\\/site\\\/licitacao-divulga-oportunidade-de-106-imoveis\\\/#primaryimage\"},\"thumbnailUrl\":\"https:\\\/\\\/www.notibras.com\\\/site\\\/wp-content\\\/uploads\\\/2026\\\/09\\\/31.5.-Terracap.-Foto-Daniel-Santos-Terracap.jpeg\",\"articleSection\":[\"Quadradinho em Foco\"],\"inLanguage\":\"pt-BR\"},{\"@type\":\"WebPage\",\"@id\":\"https:\\\/\\\/www.notibras.com\\\/site\\\/licitacao-divulga-oportunidade-de-106-imoveis\\\/\",\"url\":\"https:\\\/\\\/www.notibras.com\\\/site\\\/licitacao-divulga-oportunidade-de-106-imoveis\\\/\",\"name\":\"Licita\u00e7\u00e3o divulga oportunidade de 106 im\u00f3veis - Notibras\",\"isPartOf\":{\"@id\":\"https:\\\/\\\/www.notibras.com\\\/site\\\/#website\"},\"primaryImageOfPage\":{\"@id\":\"https:\\\/\\\/www.notibras.com\\\/site\\\/licitacao-divulga-oportunidade-de-106-imoveis\\\/#primaryimage\"},\"image\":{\"@id\":\"https:\\\/\\\/www.notibras.com\\\/site\\\/licitacao-divulga-oportunidade-de-106-imoveis\\\/#primaryimage\"},\"thumbnailUrl\":\"https:\\\/\\\/www.notibras.com\\\/site\\\/wp-content\\\/uploads\\\/2026\\\/09\\\/31.5.-Terracap.-Foto-Daniel-Santos-Terracap.jpeg\",\"datePublished\":\"2026-09-05T03:45:30+00:00\",\"breadcrumb\":{\"@id\":\"https:\\\/\\\/www.notibras.com\\\/site\\\/licitacao-divulga-oportunidade-de-106-imoveis\\\/#breadcrumb\"},\"inLanguage\":\"pt-BR\",\"potentialAction\":[{\"@type\":\"ReadAction\",\"target\":[\"https:\\\/\\\/www.notibras.com\\\/site\\\/licitacao-divulga-oportunidade-de-106-imoveis\\\/\"]}]},{\"@type\":\"ImageObject\",\"inLanguage\":\"pt-BR\",\"@id\":\"https:\\\/\\\/www.notibras.com\\\/site\\\/licitacao-divulga-oportunidade-de-106-imoveis\\\/#primaryimage\",\"url\":\"https:\\\/\\\/www.notibras.com\\\/site\\\/wp-content\\\/uploads\\\/2026\\\/09\\\/31.5.-Terracap.-Foto-Daniel-Santos-Terracap.jpeg\",\"contentUrl\":\"https:\\\/\\\/www.notibras.com\\\/site\\\/wp-content\\\/uploads\\\/2026\\\/09\\\/31.5.-Terracap.-Foto-Daniel-Santos-Terracap.jpeg\",\"width\":1280,\"height\":853},{\"@type\":\"BreadcrumbList\",\"@id\":\"https:\\\/\\\/www.notibras.com\\\/site\\\/licitacao-divulga-oportunidade-de-106-imoveis\\\/#breadcrumb\",\"itemListElement\":[{\"@type\":\"ListItem\",\"position\":1,\"name\":\"In\u00edcio\",\"item\":\"https:\\\/\\\/www.notibras.com\\\/site\\\/\"},{\"@type\":\"ListItem\",\"position\":2,\"name\":\"Licita\u00e7\u00e3o divulga oportunidade de 106 im\u00f3veis\"}]},{\"@type\":\"WebSite\",\"@id\":\"https:\\\/\\\/www.notibras.com\\\/site\\\/#website\",\"url\":\"https:\\\/\\\/www.notibras.com\\\/site\\\/\",\"name\":\"Notibras\",\"description\":\"Not\u00edcias de Bras\u00edlia, do Brasil e do Mundo\",\"publisher\":{\"@id\":\"https:\\\/\\\/www.notibras.com\\\/site\\\/#organization\"},\"potentialAction\":[{\"@type\":\"SearchAction\",\"target\":{\"@type\":\"EntryPoint\",\"urlTemplate\":\"https:\\\/\\\/www.notibras.com\\\/site\\\/?s={search_term_string}\"},\"query-input\":{\"@type\":\"PropertyValueSpecification\",\"valueRequired\":true,\"valueName\":\"search_term_string\"}}],\"inLanguage\":\"pt-BR\"},{\"@type\":\"Organization\",\"@id\":\"https:\\\/\\\/www.notibras.com\\\/site\\\/#organization\",\"name\":\"Grupo Notibras de Comunica\u00e7\u00e3o\",\"url\":\"https:\\\/\\\/www.notibras.com\\\/site\\\/\",\"logo\":{\"@type\":\"ImageObject\",\"inLanguage\":\"pt-BR\",\"@id\":\"https:\\\/\\\/www.notibras.com\\\/site\\\/#\\\/schema\\\/logo\\\/image\\\/\",\"url\":\"https:\\\/\\\/www.notibras.com\\\/site\\\/wp-content\\\/uploads\\\/2023\\\/01\\\/notibras23.png\",\"contentUrl\":\"https:\\\/\\\/www.notibras.com\\\/site\\\/wp-content\\\/uploads\\\/2023\\\/01\\\/notibras23.png\",\"width\":350,\"height\":87,\"caption\":\"Grupo Notibras de Comunica\u00e7\u00e3o\"},\"image\":{\"@id\":\"https:\\\/\\\/www.notibras.com\\\/site\\\/#\\\/schema\\\/logo\\\/image\\\/\"},\"sameAs\":[\"https:\\\/\\\/www.facebook.com\\\/notibras\\\/\",\"https:\\\/\\\/x.com\\\/Notibras\",\"https:\\\/\\\/www.instagram.com\\\/notibras\\\/\"]},{\"@type\":\"Person\",\"@id\":\"https:\\\/\\\/www.notibras.com\\\/site\\\/#\\\/schema\\\/person\\\/5b7fabf2aedc3ada2105f03b22b4d3dd\",\"name\":\"Eduardo Mart\u00ednez\",\"image\":{\"@type\":\"ImageObject\",\"inLanguage\":\"pt-BR\",\"@id\":\"https:\\\/\\\/secure.gravatar.com\\\/avatar\\\/7902f906289926289cbcda644b5197c796b893c6ffd7b9a536a42d290f7704a0?s=96&d=mm&r=g\",\"url\":\"https:\\\/\\\/secure.gravatar.com\\\/avatar\\\/7902f906289926289cbcda644b5197c796b893c6ffd7b9a536a42d290f7704a0?s=96&d=mm&r=g\",\"contentUrl\":\"https:\\\/\\\/secure.gravatar.com\\\/avatar\\\/7902f906289926289cbcda644b5197c796b893c6ffd7b9a536a42d290f7704a0?s=96&d=mm&r=g\",\"caption\":\"Eduardo Mart\u00ednez\"}}]}<\/script>\n<!-- \/ Yoast SEO plugin. -->","yoast_head_json":{"title":"Licita\u00e7\u00e3o divulga oportunidade de 106 im\u00f3veis - Notibras","robots":{"index":"index","follow":"follow","max-snippet":"max-snippet:-1","max-image-preview":"max-image-preview:large","max-video-preview":"max-video-preview:-1"},"canonical":"https:\/\/www.notibras.com\/site\/licitacao-divulga-oportunidade-de-106-imoveis\/","og_locale":"pt_BR","og_type":"article","og_title":"Licita\u00e7\u00e3o divulga oportunidade de 106 im\u00f3veis - Notibras","og_description":"No dia 11 de setembro, ser\u00e1 realizada nova licita\u00e7\u00e3o p\u00fablica de im\u00f3veis, com 106 lotes residenciais, comerciais, industriais e mistos distribu\u00eddos em dez regi\u00f5es do Distrito Federal. O Edital n\u00ba 11\/2026 est\u00e1 dispon\u00edvel\u00a0neste site. As propostas ser\u00e3o recebidas entre 9h e 10h, podendo ser entregues pessoalmente ou por via eletr\u00f4nica, e a cau\u00e7\u00e3o, equivalente a [&hellip;]","og_url":"https:\/\/www.notibras.com\/site\/licitacao-divulga-oportunidade-de-106-imoveis\/","og_site_name":"Notibras","article_publisher":"https:\/\/www.facebook.com\/notibras\/","article_published_time":"2026-09-05T03:45:30+00:00","og_image":[{"width":1280,"height":853,"url":"https:\/\/www.notibras.com\/site\/wp-content\/uploads\/2026\/09\/31.5.-Terracap.-Foto-Daniel-Santos-Terracap.jpeg","type":"image\/jpeg"}],"author":"Eduardo Mart\u00ednez","twitter_card":"summary_large_image","twitter_creator":"@Notibras","twitter_site":"@Notibras","twitter_misc":{"Escrito por":"Eduardo Mart\u00ednez","Est. tempo de leitura":"3 minutos"},"schema":{"@context":"https:\/\/schema.org","@graph":[{"@type":"Article","@id":"https:\/\/www.notibras.com\/site\/licitacao-divulga-oportunidade-de-106-imoveis\/#article","isPartOf":{"@id":"https:\/\/www.notibras.com\/site\/licitacao-divulga-oportunidade-de-106-imoveis\/"},"author":{"name":"Eduardo Mart\u00ednez","@id":"https:\/\/www.notibras.com\/site\/#\/schema\/person\/5b7fabf2aedc3ada2105f03b22b4d3dd"},"headline":"Licita\u00e7\u00e3o divulga oportunidade de 106 im\u00f3veis","datePublished":"2026-09-05T03:45:30+00:00","mainEntityOfPage":{"@id":"https:\/\/www.notibras.com\/site\/licitacao-divulga-oportunidade-de-106-imoveis\/"},"wordCount":405,"publisher":{"@id":"https:\/\/www.notibras.com\/site\/#organization"},"image":{"@id":"https:\/\/www.notibras.com\/site\/licitacao-divulga-oportunidade-de-106-imoveis\/#primaryimage"},"thumbnailUrl":"https:\/\/www.notibras.com\/site\/wp-content\/uploads\/2026\/09\/31.5.-Terracap.-Foto-Daniel-Santos-Terracap.jpeg","articleSection":["Quadradinho em Foco"],"inLanguage":"pt-BR"},{"@type":"WebPage","@id":"https:\/\/www.notibras.com\/site\/licitacao-divulga-oportunidade-de-106-imoveis\/","url":"https:\/\/www.notibras.com\/site\/licitacao-divulga-oportunidade-de-106-imoveis\/","name":"Licita\u00e7\u00e3o divulga oportunidade de 106 im\u00f3veis - Notibras","isPartOf":{"@id":"https:\/\/www.notibras.com\/site\/#website"},"primaryImageOfPage":{"@id":"https:\/\/www.notibras.com\/site\/licitacao-divulga-oportunidade-de-106-imoveis\/#primaryimage"},"image":{"@id":"https:\/\/www.notibras.com\/site\/licitacao-divulga-oportunidade-de-106-imoveis\/#primaryimage"},"thumbnailUrl":"https:\/\/www.notibras.com\/site\/wp-content\/uploads\/2026\/09\/31.5.-Terracap.-Foto-Daniel-Santos-Terracap.jpeg","datePublished":"2026-09-05T03:45:30+00:00","breadcrumb":{"@id":"https:\/\/www.notibras.com\/site\/licitacao-divulga-oportunidade-de-106-imoveis\/#breadcrumb"},"inLanguage":"pt-BR","potentialAction":[{"@type":"ReadAction","target":["https:\/\/www.notibras.com\/site\/licitacao-divulga-oportunidade-de-106-imoveis\/"]}]},{"@type":"ImageObject","inLanguage":"pt-BR","@id":"https:\/\/www.notibras.com\/site\/licitacao-divulga-oportunidade-de-106-imoveis\/#primaryimage","url":"https:\/\/www.notibras.com\/site\/wp-content\/uploads\/2026\/09\/31.5.-Terracap.-Foto-Daniel-Santos-Terracap.jpeg","contentUrl":"https:\/\/www.notibras.com\/site\/wp-content\/uploads\/2026\/09\/31.5.-Terracap.-Foto-Daniel-Santos-Terracap.jpeg","width":1280,"height":853},{"@type":"BreadcrumbList","@id":"https:\/\/www.notibras.com\/site\/licitacao-divulga-oportunidade-de-106-imoveis\/#breadcrumb","itemListElement":[{"@type":"ListItem","position":1,"name":"In\u00edcio","item":"https:\/\/www.notibras.com\/site\/"},{"@type":"ListItem","position":2,"name":"Licita\u00e7\u00e3o divulga oportunidade de 106 im\u00f3veis"}]},{"@type":"WebSite","@id":"https:\/\/www.notibras.com\/site\/#website","url":"https:\/\/www.notibras.com\/site\/","name":"Notibras","description":"Not\u00edcias de Bras\u00edlia, do Brasil e do Mundo","publisher":{"@id":"https:\/\/www.notibras.com\/site\/#organization"},"potentialAction":[{"@type":"SearchAction","target":{"@type":"EntryPoint","urlTemplate":"https:\/\/www.notibras.com\/site\/?s={search_term_string}"},"query-input":{"@type":"PropertyValueSpecification","valueRequired":true,"valueName":"search_term_string"}}],"inLanguage":"pt-BR"},{"@type":"Organization","@id":"https:\/\/www.notibras.com\/site\/#organization","name":"Grupo Notibras de Comunica\u00e7\u00e3o","url":"https:\/\/www.notibras.com\/site\/","logo":{"@type":"ImageObject","inLanguage":"pt-BR","@id":"https:\/\/www.notibras.com\/site\/#\/schema\/logo\/image\/","url":"https:\/\/www.notibras.com\/site\/wp-content\/uploads\/2023\/01\/notibras23.png","contentUrl":"https:\/\/www.notibras.com\/site\/wp-content\/uploads\/2023\/01\/notibras23.png","width":350,"height":87,"caption":"Grupo Notibras de Comunica\u00e7\u00e3o"},"image":{"@id":"https:\/\/www.notibras.com\/site\/#\/schema\/logo\/image\/"},"sameAs":["https:\/\/www.facebook.com\/notibras\/","https:\/\/x.com\/Notibras","https:\/\/www.instagram.com\/notibras\/"]},{"@type":"Person","@id":"https:\/\/www.notibras.com\/site\/#\/schema\/person\/5b7fabf2aedc3ada2105f03b22b4d3dd","name":"Eduardo Mart\u00ednez","image":{"@type":"ImageObject","inLanguage":"pt-BR","@id":"https:\/\/secure.gravatar.com\/avatar\/7902f906289926289cbcda644b5197c796b893c6ffd7b9a536a42d290f7704a0?s=96&d=mm&r=g","url":"https:\/\/secure.gravatar.com\/avatar\/7902f906289926289cbcda644b5197c796b893c6ffd7b9a536a42d290f7704a0?s=96&d=mm&r=g","contentUrl":"https:\/\/secure.gravatar.com\/avatar\/7902f906289926289cbcda644b5197c796b893c6ffd7b9a536a42d290f7704a0?s=96&d=mm&r=g","caption":"Eduardo Mart\u00ednez"}}]}},"_links":{"self":[{"href":"https:\/\/www.notibras.com\/site\/wp-json\/wp\/v2\/posts\/409247","targetHints":{"allow":["GET"]}}],"collection":[{"href":"https:\/\/www.notibras.com\/site\/wp-json\/wp\/v2\/posts"}],"about":[{"href":"https:\/\/www.notibras.com\/site\/wp-json\/wp\/v2\/types\/post"}],"author":[{"embeddable":true,"href":"https:\/\/www.notibras.com\/site\/wp-json\/wp\/v2\/users\/21"}],"replies":[{"embeddable":true,"href":"https:\/\/www.notibras.com\/site\/wp-json\/wp\/v2\/comments?post=409247"}],"version-history":[{"count":2,"href":"https:\/\/www.notibras.com\/site\/wp-json\/wp\/v2\/posts\/409247\/revisions"}],"predecessor-version":[{"id":409250,"href":"https:\/\/www.notibras.com\/site\/wp-json\/wp\/v2\/posts\/409247\/revisions\/409250"}],"wp:featuredmedia":[{"embeddable":true,"href":"https:\/\/www.notibras.com\/site\/wp-json\/wp\/v2\/media\/409248"}],"wp:attachment":[{"href":"https:\/\/www.notibras.com\/site\/wp-json\/wp\/v2\/media?parent=409247"}],"wp:term":[{"taxonomy":"category","embeddable":true,"href":"https:\/\/www.notibras.com\/site\/wp-json\/wp\/v2\/categories?post=409247"},{"taxonomy":"post_tag","embeddable":true,"href":"https:\/\/www.notibras.com\/site\/wp-json\/wp\/v2\/tags?post=409247"},{"taxonomy":"tmauthors","embeddable":true,"href":"https:\/\/www.notibras.com\/site\/wp-json\/wp\/v2\/tmauthors?post=409247"}],"curies":[{"name":"wp","href":"https:\/\/api.w.org\/{rel}","templated":true}]}}