{"id":409259,"date":"2026-09-05T02:00:11","date_gmt":"2026-09-05T05:00:11","guid":{"rendered":"https:\/\/www.notibras.com\/site\/?p=409259"},"modified":"2026-09-05T02:14:20","modified_gmt":"2026-09-05T05:14:20","slug":"fachin-esta-precisando-de-um-extintor-de-incendio","status":"publish","type":"post","link":"https:\/\/www.notibras.com\/site\/fachin-esta-precisando-de-um-extintor-de-incendio\/","title":{"rendered":"Fachin est\u00e1 precisando de um extintor de inc\u00eandio"},"content":{"rendered":"<p>Edson Fachin talvez n\u00e3o imaginasse que encontraria tantos desafios ao assumir a presid\u00eancia do STF. A impress\u00e3o \u00e9 que ele n\u00e3o deu muita sorte. Chegou ao comando da Corte com a promessa de fortalecer a imagem da institui\u00e7\u00e3o, aumentar a transpar\u00eancia e avan\u00e7ar na cria\u00e7\u00e3o de um c\u00f3digo de \u00e9tica para os ministros.<\/p>\n<p>Mas, at\u00e9 agora, o cen\u00e1rio parece bem diferente do que se esperava. Em vez de uma fase de maior tranquilidade institucional, o STF enfrenta conflitos entre seus pr\u00f3prios integrantes, questionamentos p\u00fablicos, suspeitas envolvendo ministros e uma sucess\u00e3o de epis\u00f3dios que desgastam a imagem do tribunal.<\/p>\n<p>Fachin assumiu a presid\u00eancia prometendo ajudar a moralizar e recuperar a confian\u00e7a na Corte. O problema \u00e9 que sua gest\u00e3o acabou encontrando um STF mergulhado em uma de suas fases mais turbulentas. Resta saber se ele conseguir\u00e1 transformar a promessa de um c\u00f3digo de \u00e9tica e maior transpar\u00eancia em medidas concretas capazes de reduzir a crise e recuperar a credibilidade da institui\u00e7\u00e3o.<\/p>\n","protected":false},"excerpt":{"rendered":"<p>Edson Fachin talvez n\u00e3o imaginasse que encontraria tantos desafios ao assumir a presid\u00eancia do STF. A impress\u00e3o \u00e9 que ele n\u00e3o deu muita sorte. Chegou ao comando da Corte com a promessa de fortalecer a imagem da institui\u00e7\u00e3o, aumentar a transpar\u00eancia e avan\u00e7ar na cria\u00e7\u00e3o de um c\u00f3digo de \u00e9tica para os ministros. Mas, at\u00e9 [&hellip;]<\/p>\n","protected":false},"author":21,"featured_media":409260,"comment_status":"closed","ping_status":"closed","sticky":false,"template":"","format":"standard","meta":{"_acf_changed":false,"footnotes":""},"categories":[235],"tags":[],"tmauthors":[306],"class_list":["post-409259","post","type-post","status-publish","format-standard","has-post-thumbnail","category-dona-irene"],"acf":[],"yoast_head":"<!-- This site is optimized with the Yoast SEO plugin v28.0 - https:\/\/yoast.com\/product\/yoast-seo-wordpress\/ -->\n<title>Fachin est\u00e1 precisando de um extintor de inc\u00eandio - Notibras<\/title>\n<meta name=\"robots\" content=\"index, follow, max-snippet:-1, max-image-preview:large, max-video-preview:-1\" \/>\n<link rel=\"canonical\" href=\"https:\/\/www.notibras.com\/site\/fachin-esta-precisando-de-um-extintor-de-incendio\/\" \/>\n<meta property=\"og:locale\" content=\"pt_BR\" \/>\n<meta property=\"og:type\" content=\"article\" \/>\n<meta property=\"og:title\" content=\"Fachin est\u00e1 precisando de um extintor de inc\u00eandio - Notibras\" \/>\n<meta property=\"og:description\" content=\"Edson Fachin talvez n\u00e3o imaginasse que encontraria tantos desafios ao assumir a presid\u00eancia do STF. A impress\u00e3o \u00e9 que ele n\u00e3o deu muita sorte. Chegou ao comando da Corte com a promessa de fortalecer a imagem da institui\u00e7\u00e3o, aumentar a transpar\u00eancia e avan\u00e7ar na cria\u00e7\u00e3o de um c\u00f3digo de \u00e9tica para os ministros. Mas, at\u00e9 [&hellip;]\" \/>\n<meta property=\"og:url\" content=\"https:\/\/www.notibras.com\/site\/fachin-esta-precisando-de-um-extintor-de-incendio\/\" \/>\n<meta property=\"og:site_name\" content=\"Notibras\" \/>\n<meta property=\"article:publisher\" content=\"https:\/\/www.facebook.com\/notibras\/\" \/>\n<meta property=\"article:published_time\" content=\"2026-09-05T05:00:11+00:00\" \/>\n<meta property=\"article:modified_time\" content=\"2026-09-05T05:14:20+00:00\" \/>\n<meta property=\"og:image\" content=\"https:\/\/www.notibras.com\/site\/wp-content\/uploads\/2026\/09\/t_b6ac7b8ebded4350b699cc097e223a06_name_STF_5-1024x576.png\" \/>\n\t<meta property=\"og:image:width\" content=\"1024\" \/>\n\t<meta property=\"og:image:height\" content=\"576\" \/>\n\t<meta property=\"og:image:type\" content=\"image\/png\" \/>\n<meta name=\"author\" content=\"Eduardo Mart\u00ednez\" \/>\n<meta name=\"twitter:card\" content=\"summary_large_image\" \/>\n<meta name=\"twitter:creator\" content=\"@Notibras\" \/>\n<meta name=\"twitter:site\" content=\"@Notibras\" \/>\n<meta name=\"twitter:label1\" content=\"Escrito por\" \/>\n\t<meta name=\"twitter:data1\" content=\"Eduardo Mart\u00ednez\" \/>\n\t<meta name=\"twitter:label2\" content=\"Est. tempo de leitura\" \/>\n\t<meta name=\"twitter:data2\" content=\"2 minutos\" \/>\n<script type=\"application\/ld+json\" class=\"yoast-schema-graph\">{\"@context\":\"https:\\\/\\\/schema.org\",\"@graph\":[{\"@type\":\"Article\",\"@id\":\"https:\\\/\\\/www.notibras.com\\\/site\\\/fachin-esta-precisando-de-um-extintor-de-incendio\\\/#article\",\"isPartOf\":{\"@id\":\"https:\\\/\\\/www.notibras.com\\\/site\\\/fachin-esta-precisando-de-um-extintor-de-incendio\\\/\"},\"author\":{\"name\":\"Eduardo Mart\u00ednez\",\"@id\":\"https:\\\/\\\/www.notibras.com\\\/site\\\/#\\\/schema\\\/person\\\/5b7fabf2aedc3ada2105f03b22b4d3dd\"},\"headline\":\"Fachin est\u00e1 precisando de um extintor de inc\u00eandio\",\"datePublished\":\"2026-09-05T05:00:11+00:00\",\"dateModified\":\"2026-09-05T05:14:20+00:00\",\"mainEntityOfPage\":{\"@id\":\"https:\\\/\\\/www.notibras.com\\\/site\\\/fachin-esta-precisando-de-um-extintor-de-incendio\\\/\"},\"wordCount\":187,\"publisher\":{\"@id\":\"https:\\\/\\\/www.notibras.com\\\/site\\\/#organization\"},\"image\":{\"@id\":\"https:\\\/\\\/www.notibras.com\\\/site\\\/fachin-esta-precisando-de-um-extintor-de-incendio\\\/#primaryimage\"},\"thumbnailUrl\":\"https:\\\/\\\/www.notibras.com\\\/site\\\/wp-content\\\/uploads\\\/2026\\\/09\\\/t_b6ac7b8ebded4350b699cc097e223a06_name_STF_5.png\",\"articleSection\":[\"Dona Irene\"],\"inLanguage\":\"pt-BR\"},{\"@type\":\"WebPage\",\"@id\":\"https:\\\/\\\/www.notibras.com\\\/site\\\/fachin-esta-precisando-de-um-extintor-de-incendio\\\/\",\"url\":\"https:\\\/\\\/www.notibras.com\\\/site\\\/fachin-esta-precisando-de-um-extintor-de-incendio\\\/\",\"name\":\"Fachin est\u00e1 precisando de um extintor de inc\u00eandio - Notibras\",\"isPartOf\":{\"@id\":\"https:\\\/\\\/www.notibras.com\\\/site\\\/#website\"},\"primaryImageOfPage\":{\"@id\":\"https:\\\/\\\/www.notibras.com\\\/site\\\/fachin-esta-precisando-de-um-extintor-de-incendio\\\/#primaryimage\"},\"image\":{\"@id\":\"https:\\\/\\\/www.notibras.com\\\/site\\\/fachin-esta-precisando-de-um-extintor-de-incendio\\\/#primaryimage\"},\"thumbnailUrl\":\"https:\\\/\\\/www.notibras.com\\\/site\\\/wp-content\\\/uploads\\\/2026\\\/09\\\/t_b6ac7b8ebded4350b699cc097e223a06_name_STF_5.png\",\"datePublished\":\"2026-09-05T05:00:11+00:00\",\"dateModified\":\"2026-09-05T05:14:20+00:00\",\"breadcrumb\":{\"@id\":\"https:\\\/\\\/www.notibras.com\\\/site\\\/fachin-esta-precisando-de-um-extintor-de-incendio\\\/#breadcrumb\"},\"inLanguage\":\"pt-BR\",\"potentialAction\":[{\"@type\":\"ReadAction\",\"target\":[\"https:\\\/\\\/www.notibras.com\\\/site\\\/fachin-esta-precisando-de-um-extintor-de-incendio\\\/\"]}]},{\"@type\":\"ImageObject\",\"inLanguage\":\"pt-BR\",\"@id\":\"https:\\\/\\\/www.notibras.com\\\/site\\\/fachin-esta-precisando-de-um-extintor-de-incendio\\\/#primaryimage\",\"url\":\"https:\\\/\\\/www.notibras.com\\\/site\\\/wp-content\\\/uploads\\\/2026\\\/09\\\/t_b6ac7b8ebded4350b699cc097e223a06_name_STF_5.png\",\"contentUrl\":\"https:\\\/\\\/www.notibras.com\\\/site\\\/wp-content\\\/uploads\\\/2026\\\/09\\\/t_b6ac7b8ebded4350b699cc097e223a06_name_STF_5.png\",\"width\":1920,\"height\":1080},{\"@type\":\"BreadcrumbList\",\"@id\":\"https:\\\/\\\/www.notibras.com\\\/site\\\/fachin-esta-precisando-de-um-extintor-de-incendio\\\/#breadcrumb\",\"itemListElement\":[{\"@type\":\"ListItem\",\"position\":1,\"name\":\"In\u00edcio\",\"item\":\"https:\\\/\\\/www.notibras.com\\\/site\\\/\"},{\"@type\":\"ListItem\",\"position\":2,\"name\":\"Fachin est\u00e1 precisando de um extintor de inc\u00eandio\"}]},{\"@type\":\"WebSite\",\"@id\":\"https:\\\/\\\/www.notibras.com\\\/site\\\/#website\",\"url\":\"https:\\\/\\\/www.notibras.com\\\/site\\\/\",\"name\":\"Notibras\",\"description\":\"Not\u00edcias de Bras\u00edlia, do Brasil e do Mundo\",\"publisher\":{\"@id\":\"https:\\\/\\\/www.notibras.com\\\/site\\\/#organization\"},\"potentialAction\":[{\"@type\":\"SearchAction\",\"target\":{\"@type\":\"EntryPoint\",\"urlTemplate\":\"https:\\\/\\\/www.notibras.com\\\/site\\\/?s={search_term_string}\"},\"query-input\":{\"@type\":\"PropertyValueSpecification\",\"valueRequired\":true,\"valueName\":\"search_term_string\"}}],\"inLanguage\":\"pt-BR\"},{\"@type\":\"Organization\",\"@id\":\"https:\\\/\\\/www.notibras.com\\\/site\\\/#organization\",\"name\":\"Grupo Notibras de Comunica\u00e7\u00e3o\",\"url\":\"https:\\\/\\\/www.notibras.com\\\/site\\\/\",\"logo\":{\"@type\":\"ImageObject\",\"inLanguage\":\"pt-BR\",\"@id\":\"https:\\\/\\\/www.notibras.com\\\/site\\\/#\\\/schema\\\/logo\\\/image\\\/\",\"url\":\"https:\\\/\\\/www.notibras.com\\\/site\\\/wp-content\\\/uploads\\\/2023\\\/01\\\/notibras23.png\",\"contentUrl\":\"https:\\\/\\\/www.notibras.com\\\/site\\\/wp-content\\\/uploads\\\/2023\\\/01\\\/notibras23.png\",\"width\":350,\"height\":87,\"caption\":\"Grupo Notibras de Comunica\u00e7\u00e3o\"},\"image\":{\"@id\":\"https:\\\/\\\/www.notibras.com\\\/site\\\/#\\\/schema\\\/logo\\\/image\\\/\"},\"sameAs\":[\"https:\\\/\\\/www.facebook.com\\\/notibras\\\/\",\"https:\\\/\\\/x.com\\\/Notibras\",\"https:\\\/\\\/www.instagram.com\\\/notibras\\\/\"]},{\"@type\":\"Person\",\"@id\":\"https:\\\/\\\/www.notibras.com\\\/site\\\/#\\\/schema\\\/person\\\/5b7fabf2aedc3ada2105f03b22b4d3dd\",\"name\":\"Eduardo Mart\u00ednez\",\"image\":{\"@type\":\"ImageObject\",\"inLanguage\":\"pt-BR\",\"@id\":\"https:\\\/\\\/secure.gravatar.com\\\/avatar\\\/7902f906289926289cbcda644b5197c796b893c6ffd7b9a536a42d290f7704a0?s=96&d=mm&r=g\",\"url\":\"https:\\\/\\\/secure.gravatar.com\\\/avatar\\\/7902f906289926289cbcda644b5197c796b893c6ffd7b9a536a42d290f7704a0?s=96&d=mm&r=g\",\"contentUrl\":\"https:\\\/\\\/secure.gravatar.com\\\/avatar\\\/7902f906289926289cbcda644b5197c796b893c6ffd7b9a536a42d290f7704a0?s=96&d=mm&r=g\",\"caption\":\"Eduardo Mart\u00ednez\"}}]}<\/script>\n<!-- \/ Yoast SEO plugin. -->","yoast_head_json":{"title":"Fachin est\u00e1 precisando de um extintor de inc\u00eandio - Notibras","robots":{"index":"index","follow":"follow","max-snippet":"max-snippet:-1","max-image-preview":"max-image-preview:large","max-video-preview":"max-video-preview:-1"},"canonical":"https:\/\/www.notibras.com\/site\/fachin-esta-precisando-de-um-extintor-de-incendio\/","og_locale":"pt_BR","og_type":"article","og_title":"Fachin est\u00e1 precisando de um extintor de inc\u00eandio - Notibras","og_description":"Edson Fachin talvez n\u00e3o imaginasse que encontraria tantos desafios ao assumir a presid\u00eancia do STF. A impress\u00e3o \u00e9 que ele n\u00e3o deu muita sorte. Chegou ao comando da Corte com a promessa de fortalecer a imagem da institui\u00e7\u00e3o, aumentar a transpar\u00eancia e avan\u00e7ar na cria\u00e7\u00e3o de um c\u00f3digo de \u00e9tica para os ministros. Mas, at\u00e9 [&hellip;]","og_url":"https:\/\/www.notibras.com\/site\/fachin-esta-precisando-de-um-extintor-de-incendio\/","og_site_name":"Notibras","article_publisher":"https:\/\/www.facebook.com\/notibras\/","article_published_time":"2026-09-05T05:00:11+00:00","article_modified_time":"2026-09-05T05:14:20+00:00","og_image":[{"width":1024,"height":576,"url":"https:\/\/www.notibras.com\/site\/wp-content\/uploads\/2026\/09\/t_b6ac7b8ebded4350b699cc097e223a06_name_STF_5-1024x576.png","type":"image\/png"}],"author":"Eduardo Mart\u00ednez","twitter_card":"summary_large_image","twitter_creator":"@Notibras","twitter_site":"@Notibras","twitter_misc":{"Escrito por":"Eduardo Mart\u00ednez","Est. tempo de leitura":"2 minutos"},"schema":{"@context":"https:\/\/schema.org","@graph":[{"@type":"Article","@id":"https:\/\/www.notibras.com\/site\/fachin-esta-precisando-de-um-extintor-de-incendio\/#article","isPartOf":{"@id":"https:\/\/www.notibras.com\/site\/fachin-esta-precisando-de-um-extintor-de-incendio\/"},"author":{"name":"Eduardo Mart\u00ednez","@id":"https:\/\/www.notibras.com\/site\/#\/schema\/person\/5b7fabf2aedc3ada2105f03b22b4d3dd"},"headline":"Fachin est\u00e1 precisando de um extintor de inc\u00eandio","datePublished":"2026-09-05T05:00:11+00:00","dateModified":"2026-09-05T05:14:20+00:00","mainEntityOfPage":{"@id":"https:\/\/www.notibras.com\/site\/fachin-esta-precisando-de-um-extintor-de-incendio\/"},"wordCount":187,"publisher":{"@id":"https:\/\/www.notibras.com\/site\/#organization"},"image":{"@id":"https:\/\/www.notibras.com\/site\/fachin-esta-precisando-de-um-extintor-de-incendio\/#primaryimage"},"thumbnailUrl":"https:\/\/www.notibras.com\/site\/wp-content\/uploads\/2026\/09\/t_b6ac7b8ebded4350b699cc097e223a06_name_STF_5.png","articleSection":["Dona Irene"],"inLanguage":"pt-BR"},{"@type":"WebPage","@id":"https:\/\/www.notibras.com\/site\/fachin-esta-precisando-de-um-extintor-de-incendio\/","url":"https:\/\/www.notibras.com\/site\/fachin-esta-precisando-de-um-extintor-de-incendio\/","name":"Fachin est\u00e1 precisando de um extintor de inc\u00eandio - Notibras","isPartOf":{"@id":"https:\/\/www.notibras.com\/site\/#website"},"primaryImageOfPage":{"@id":"https:\/\/www.notibras.com\/site\/fachin-esta-precisando-de-um-extintor-de-incendio\/#primaryimage"},"image":{"@id":"https:\/\/www.notibras.com\/site\/fachin-esta-precisando-de-um-extintor-de-incendio\/#primaryimage"},"thumbnailUrl":"https:\/\/www.notibras.com\/site\/wp-content\/uploads\/2026\/09\/t_b6ac7b8ebded4350b699cc097e223a06_name_STF_5.png","datePublished":"2026-09-05T05:00:11+00:00","dateModified":"2026-09-05T05:14:20+00:00","breadcrumb":{"@id":"https:\/\/www.notibras.com\/site\/fachin-esta-precisando-de-um-extintor-de-incendio\/#breadcrumb"},"inLanguage":"pt-BR","potentialAction":[{"@type":"ReadAction","target":["https:\/\/www.notibras.com\/site\/fachin-esta-precisando-de-um-extintor-de-incendio\/"]}]},{"@type":"ImageObject","inLanguage":"pt-BR","@id":"https:\/\/www.notibras.com\/site\/fachin-esta-precisando-de-um-extintor-de-incendio\/#primaryimage","url":"https:\/\/www.notibras.com\/site\/wp-content\/uploads\/2026\/09\/t_b6ac7b8ebded4350b699cc097e223a06_name_STF_5.png","contentUrl":"https:\/\/www.notibras.com\/site\/wp-content\/uploads\/2026\/09\/t_b6ac7b8ebded4350b699cc097e223a06_name_STF_5.png","width":1920,"height":1080},{"@type":"BreadcrumbList","@id":"https:\/\/www.notibras.com\/site\/fachin-esta-precisando-de-um-extintor-de-incendio\/#breadcrumb","itemListElement":[{"@type":"ListItem","position":1,"name":"In\u00edcio","item":"https:\/\/www.notibras.com\/site\/"},{"@type":"ListItem","position":2,"name":"Fachin est\u00e1 precisando de um extintor de inc\u00eandio"}]},{"@type":"WebSite","@id":"https:\/\/www.notibras.com\/site\/#website","url":"https:\/\/www.notibras.com\/site\/","name":"Notibras","description":"Not\u00edcias de Bras\u00edlia, do Brasil e do Mundo","publisher":{"@id":"https:\/\/www.notibras.com\/site\/#organization"},"potentialAction":[{"@type":"SearchAction","target":{"@type":"EntryPoint","urlTemplate":"https:\/\/www.notibras.com\/site\/?s={search_term_string}"},"query-input":{"@type":"PropertyValueSpecification","valueRequired":true,"valueName":"search_term_string"}}],"inLanguage":"pt-BR"},{"@type":"Organization","@id":"https:\/\/www.notibras.com\/site\/#organization","name":"Grupo Notibras de Comunica\u00e7\u00e3o","url":"https:\/\/www.notibras.com\/site\/","logo":{"@type":"ImageObject","inLanguage":"pt-BR","@id":"https:\/\/www.notibras.com\/site\/#\/schema\/logo\/image\/","url":"https:\/\/www.notibras.com\/site\/wp-content\/uploads\/2023\/01\/notibras23.png","contentUrl":"https:\/\/www.notibras.com\/site\/wp-content\/uploads\/2023\/01\/notibras23.png","width":350,"height":87,"caption":"Grupo Notibras de Comunica\u00e7\u00e3o"},"image":{"@id":"https:\/\/www.notibras.com\/site\/#\/schema\/logo\/image\/"},"sameAs":["https:\/\/www.facebook.com\/notibras\/","https:\/\/x.com\/Notibras","https:\/\/www.instagram.com\/notibras\/"]},{"@type":"Person","@id":"https:\/\/www.notibras.com\/site\/#\/schema\/person\/5b7fabf2aedc3ada2105f03b22b4d3dd","name":"Eduardo Mart\u00ednez","image":{"@type":"ImageObject","inLanguage":"pt-BR","@id":"https:\/\/secure.gravatar.com\/avatar\/7902f906289926289cbcda644b5197c796b893c6ffd7b9a536a42d290f7704a0?s=96&d=mm&r=g","url":"https:\/\/secure.gravatar.com\/avatar\/7902f906289926289cbcda644b5197c796b893c6ffd7b9a536a42d290f7704a0?s=96&d=mm&r=g","contentUrl":"https:\/\/secure.gravatar.com\/avatar\/7902f906289926289cbcda644b5197c796b893c6ffd7b9a536a42d290f7704a0?s=96&d=mm&r=g","caption":"Eduardo Mart\u00ednez"}}]}},"_links":{"self":[{"href":"https:\/\/www.notibras.com\/site\/wp-json\/wp\/v2\/posts\/409259","targetHints":{"allow":["GET"]}}],"collection":[{"href":"https:\/\/www.notibras.com\/site\/wp-json\/wp\/v2\/posts"}],"about":[{"href":"https:\/\/www.notibras.com\/site\/wp-json\/wp\/v2\/types\/post"}],"author":[{"embeddable":true,"href":"https:\/\/www.notibras.com\/site\/wp-json\/wp\/v2\/users\/21"}],"replies":[{"embeddable":true,"href":"https:\/\/www.notibras.com\/site\/wp-json\/wp\/v2\/comments?post=409259"}],"version-history":[{"count":3,"href":"https:\/\/www.notibras.com\/site\/wp-json\/wp\/v2\/posts\/409259\/revisions"}],"predecessor-version":[{"id":409276,"href":"https:\/\/www.notibras.com\/site\/wp-json\/wp\/v2\/posts\/409259\/revisions\/409276"}],"wp:featuredmedia":[{"embeddable":true,"href":"https:\/\/www.notibras.com\/site\/wp-json\/wp\/v2\/media\/409260"}],"wp:attachment":[{"href":"https:\/\/www.notibras.com\/site\/wp-json\/wp\/v2\/media?parent=409259"}],"wp:term":[{"taxonomy":"category","embeddable":true,"href":"https:\/\/www.notibras.com\/site\/wp-json\/wp\/v2\/categories?post=409259"},{"taxonomy":"post_tag","embeddable":true,"href":"https:\/\/www.notibras.com\/site\/wp-json\/wp\/v2\/tags?post=409259"},{"taxonomy":"tmauthors","embeddable":true,"href":"https:\/\/www.notibras.com\/site\/wp-json\/wp\/v2\/tmauthors?post=409259"}],"curies":[{"name":"wp","href":"https:\/\/api.w.org\/{rel}","templated":true}]}}