{"id":409263,"date":"2026-09-05T02:56:35","date_gmt":"2026-09-05T05:56:35","guid":{"rendered":"https:\/\/www.notibras.com\/site\/?p=409263"},"modified":"2026-09-05T00:02:46","modified_gmt":"2026-09-05T03:02:46","slug":"vorcaro-faz-remake-de-os-intocaveis-e-outros-classicos-do-cinema","status":"publish","type":"post","link":"https:\/\/www.notibras.com\/site\/vorcaro-faz-remake-de-os-intocaveis-e-outros-classicos-do-cinema\/","title":{"rendered":"Vorcaro faz remake de Os Intoc\u00e1veis e outros cl\u00e1ssicos do cinema"},"content":{"rendered":"<p>Quanto mais eu ou\u00e7o os pol\u00edticos e banqueiros atuais, mais eu gosto dos antigos. N\u00e3o eram santos, mas tinham algumas virtudes, entre elas a de pelo menos tentar esconder os neg\u00f3cios escusos e pouco republicanos. Os de hoje escancaram, acham normal ser corruptos e amea\u00e7am com processos os que os criticam pelos malfeitos produzidos enquanto seus eleitores dormem. Daniel Vorcaro, o homem a ser batido por 11 entre dez excel\u00eancias brasileiras, conquistou Deus e o Diabo na terra dos inocentes.<\/p>\n<p>Com seu canto de serpente pe\u00e7onhenta, ele comprou, vendeu e traficou influ\u00eancia. Com sua cabeleira vaselinada, ele cantou e encantou a gregos, baianos, carecas e religiosos terrivelmente fan\u00e1ticos. Recolhido \u00e0 escurid\u00e3o da desgra\u00e7a, Vorcaro passou de rei a bobo da corte com poderes de fazer muita gente chorar. De posse de muitos tantos e de v\u00e1rios entretantos, ele agora amea\u00e7a emudecer dois ter\u00e7os do Congresso Nacional, literalmente abrir os olhos da Justi\u00e7a, calar meio Supremo Tribunal Federal e amedrontar boa parte da rep\u00fablica de bananas podres.<\/p>\n<p>Embora seja um cidad\u00e3o consciente da limita\u00e7\u00e3o de seus direitos, mas em\u00e9rito cumpridor de deveres, eu n\u00e3o me conformo com o fato de n\u00e3o ter sido lembrado por Daniel Vorcaro quando ele, como um verdadeiro Robin Hood, decidiu incluir na divis\u00e3o de sua incalcul\u00e1vel fortuna nomes de pobres como os irm\u00e3ozinhos Fl\u00e1vio Bolsonaro, Ciro Nogueira, Hugo Motta, Cl\u00e1udio Castro, Tarc\u00edsio de Freitas e Nikolas Ferreira, entre muitos outros pol\u00edticos citados em propostas de dela\u00e7\u00e3o premiada rejeitadas pela Justi\u00e7a por falta de provas.<\/p>\n<p>Nessa altura do conflito aberto no STF, acho que \u00e9 besteira recorrer \u00e0 Justi\u00e7a. Melhor esperar a poeira baixar e, se tiver coragem, tentar encontrar d\u00f3lares e euros escondidos sob a grama da Esplanada dos Minist\u00e9rios. Por enquanto, perco a fala e fecho os olhos s\u00f3 para imaginar o que ainda pode acontecer com o meu Brasil varonil. Sem entrar no m\u00e9rito da ladroagem expl\u00edcita, prefiro avaliar Daniel Vorcaro com o grande movie star do Planalto Central.<\/p>\n<p>Ali\u00e1s, depois de\u00a0<i>Dark Horse<\/i>, talvez seja o caso de algu\u00e9m sugerir ao Midas da bandidagem que tamb\u00e9m produza outros filmes de sucesso garantido na Paulic\u00e9ia desvairada, na orla carioca e no Cerrado ardente. Quem sabe o autobiogr\u00e1fico\u00a0<i>O Poderoso Chef\u00e3o,<\/i>\u00a0<i>11 Homens e Nenhuma Senten\u00e7a<\/i>,\u00a0<i>O Rei Xand\u00e3o<\/i>,\u00a0<i>Era Uma Vez no Supremo<\/i>,\u00a0<i>Crep\u00fasculo das Togas<\/i>,\u00a0<i>Fogo Contra Fogo, Xand\u00e3o e Mendon\u00e7a na \u00daltima Cruzada<\/i>,\u00a0<i>Procurando Gonet<\/i>,\u00a0<i>Mendon\u00e7a veste Master<\/i>\u00a0e, por fim,\u00a0<i>Os Intoc\u00e1veis<\/i>, caso o roteirista Edson Fachin decida por um final feliz para os vil\u00f5es Moraes e Mendon\u00e7a.<\/p>\n<p>Justificando a afirma\u00e7\u00e3o de que prefiro os pol\u00edticos e banqueiros de ontem e de anteontem, tenho saudade, por exemplo, dos esc\u00e2ndalos do Maluf e do maior esc\u00e2ndalo protagonizado pelo ex-presidente Itamar Franco. Para quem n\u00e3o se lembra, em 1994 ele foi fotografado na Marqu\u00eas de Sapuca\u00ed ao lado da modelo Lilian Ramos, que, embora usasse uma camiseta relativamente longa, n\u00e3o portava calcinha. Da\u00ed, o que se viu quase rachou o governo. Racha por racha, nada parecido com o racha cabeludo que, deliberadamente, Vorcaro vem gerando nas cabe\u00e7as pensantes e calvas do Supremo Tribunal Federal.<\/p>\n<p>&#8230;&#8230;&#8230;&#8230;<\/p>\n<p><strong>Wenceslau Ara\u00fajo \u00e9 Editor-Chefe de Notibras<\/strong><\/p>\n","protected":false},"excerpt":{"rendered":"<p>Quanto mais eu ou\u00e7o os pol\u00edticos e banqueiros atuais, mais eu gosto dos antigos. N\u00e3o eram santos, mas tinham algumas virtudes, entre elas a de pelo menos tentar esconder os neg\u00f3cios escusos e pouco republicanos. Os de hoje escancaram, acham normal ser corruptos e amea\u00e7am com processos os que os criticam pelos malfeitos produzidos enquanto [&hellip;]<\/p>\n","protected":false},"author":2,"featured_media":409266,"comment_status":"closed","ping_status":"closed","sticky":false,"template":"","format":"standard","meta":{"_acf_changed":false,"footnotes":""},"categories":[16],"tags":[95],"tmauthors":[307],"class_list":["post-409263","post","type-post","status-publish","format-standard","has-post-thumbnail","category-brasil","tag-capa"],"acf":[],"yoast_head":"<!-- This site is optimized with the Yoast SEO plugin v28.0 - https:\/\/yoast.com\/product\/yoast-seo-wordpress\/ -->\n<title>Vorcaro faz remake de Os Intoc\u00e1veis e outros cl\u00e1ssicos do cinema - Notibras<\/title>\n<meta name=\"robots\" content=\"index, follow, max-snippet:-1, max-image-preview:large, max-video-preview:-1\" \/>\n<link rel=\"canonical\" href=\"https:\/\/www.notibras.com\/site\/vorcaro-faz-remake-de-os-intocaveis-e-outros-classicos-do-cinema\/\" \/>\n<meta property=\"og:locale\" content=\"pt_BR\" \/>\n<meta property=\"og:type\" content=\"article\" \/>\n<meta property=\"og:title\" content=\"Vorcaro faz remake de Os Intoc\u00e1veis e outros cl\u00e1ssicos do cinema - Notibras\" \/>\n<meta property=\"og:description\" content=\"Quanto mais eu ou\u00e7o os pol\u00edticos e banqueiros atuais, mais eu gosto dos antigos. N\u00e3o eram santos, mas tinham algumas virtudes, entre elas a de pelo menos tentar esconder os neg\u00f3cios escusos e pouco republicanos. Os de hoje escancaram, acham normal ser corruptos e amea\u00e7am com processos os que os criticam pelos malfeitos produzidos enquanto [&hellip;]\" \/>\n<meta property=\"og:url\" content=\"https:\/\/www.notibras.com\/site\/vorcaro-faz-remake-de-os-intocaveis-e-outros-classicos-do-cinema\/\" \/>\n<meta property=\"og:site_name\" content=\"Notibras\" \/>\n<meta property=\"article:publisher\" content=\"https:\/\/www.facebook.com\/notibras\/\" \/>\n<meta property=\"article:published_time\" content=\"2026-09-05T05:56:35+00:00\" \/>\n<meta property=\"og:image\" content=\"https:\/\/www.notibras.com\/site\/wp-content\/uploads\/2026\/09\/osinto.png\" \/>\n\t<meta property=\"og:image:width\" content=\"1312\" \/>\n\t<meta property=\"og:image:height\" content=\"1199\" \/>\n\t<meta property=\"og:image:type\" content=\"image\/png\" \/>\n<meta name=\"author\" content=\"Reda\u00e7\u00e3o\" \/>\n<meta name=\"twitter:card\" content=\"summary_large_image\" \/>\n<meta name=\"twitter:creator\" content=\"@Notibras\" \/>\n<meta name=\"twitter:site\" content=\"@Notibras\" \/>\n<meta name=\"twitter:label1\" content=\"Escrito por\" \/>\n\t<meta name=\"twitter:data1\" content=\"Reda\u00e7\u00e3o\" \/>\n\t<meta name=\"twitter:label2\" content=\"Est. tempo de leitura\" \/>\n\t<meta name=\"twitter:data2\" content=\"4 minutos\" \/>\n<script type=\"application\/ld+json\" class=\"yoast-schema-graph\">{\"@context\":\"https:\\\/\\\/schema.org\",\"@graph\":[{\"@type\":\"Article\",\"@id\":\"https:\\\/\\\/www.notibras.com\\\/site\\\/vorcaro-faz-remake-de-os-intocaveis-e-outros-classicos-do-cinema\\\/#article\",\"isPartOf\":{\"@id\":\"https:\\\/\\\/www.notibras.com\\\/site\\\/vorcaro-faz-remake-de-os-intocaveis-e-outros-classicos-do-cinema\\\/\"},\"author\":{\"name\":\"Reda\u00e7\u00e3o\",\"@id\":\"https:\\\/\\\/www.notibras.com\\\/site\\\/#\\\/schema\\\/person\\\/36ab0979449956132d3e5b517ea76ac8\"},\"headline\":\"Vorcaro faz remake de Os Intoc\u00e1veis e outros cl\u00e1ssicos do cinema\",\"datePublished\":\"2026-09-05T05:56:35+00:00\",\"mainEntityOfPage\":{\"@id\":\"https:\\\/\\\/www.notibras.com\\\/site\\\/vorcaro-faz-remake-de-os-intocaveis-e-outros-classicos-do-cinema\\\/\"},\"wordCount\":582,\"publisher\":{\"@id\":\"https:\\\/\\\/www.notibras.com\\\/site\\\/#organization\"},\"image\":{\"@id\":\"https:\\\/\\\/www.notibras.com\\\/site\\\/vorcaro-faz-remake-de-os-intocaveis-e-outros-classicos-do-cinema\\\/#primaryimage\"},\"thumbnailUrl\":\"https:\\\/\\\/www.notibras.com\\\/site\\\/wp-content\\\/uploads\\\/2026\\\/09\\\/osinto.png\",\"keywords\":[\"capa\"],\"articleSection\":[\"Brasil\"],\"inLanguage\":\"pt-BR\"},{\"@type\":\"WebPage\",\"@id\":\"https:\\\/\\\/www.notibras.com\\\/site\\\/vorcaro-faz-remake-de-os-intocaveis-e-outros-classicos-do-cinema\\\/\",\"url\":\"https:\\\/\\\/www.notibras.com\\\/site\\\/vorcaro-faz-remake-de-os-intocaveis-e-outros-classicos-do-cinema\\\/\",\"name\":\"Vorcaro faz remake de Os Intoc\u00e1veis e outros cl\u00e1ssicos do cinema - Notibras\",\"isPartOf\":{\"@id\":\"https:\\\/\\\/www.notibras.com\\\/site\\\/#website\"},\"primaryImageOfPage\":{\"@id\":\"https:\\\/\\\/www.notibras.com\\\/site\\\/vorcaro-faz-remake-de-os-intocaveis-e-outros-classicos-do-cinema\\\/#primaryimage\"},\"image\":{\"@id\":\"https:\\\/\\\/www.notibras.com\\\/site\\\/vorcaro-faz-remake-de-os-intocaveis-e-outros-classicos-do-cinema\\\/#primaryimage\"},\"thumbnailUrl\":\"https:\\\/\\\/www.notibras.com\\\/site\\\/wp-content\\\/uploads\\\/2026\\\/09\\\/osinto.png\",\"datePublished\":\"2026-09-05T05:56:35+00:00\",\"breadcrumb\":{\"@id\":\"https:\\\/\\\/www.notibras.com\\\/site\\\/vorcaro-faz-remake-de-os-intocaveis-e-outros-classicos-do-cinema\\\/#breadcrumb\"},\"inLanguage\":\"pt-BR\",\"potentialAction\":[{\"@type\":\"ReadAction\",\"target\":[\"https:\\\/\\\/www.notibras.com\\\/site\\\/vorcaro-faz-remake-de-os-intocaveis-e-outros-classicos-do-cinema\\\/\"]}]},{\"@type\":\"ImageObject\",\"inLanguage\":\"pt-BR\",\"@id\":\"https:\\\/\\\/www.notibras.com\\\/site\\\/vorcaro-faz-remake-de-os-intocaveis-e-outros-classicos-do-cinema\\\/#primaryimage\",\"url\":\"https:\\\/\\\/www.notibras.com\\\/site\\\/wp-content\\\/uploads\\\/2026\\\/09\\\/osinto.png\",\"contentUrl\":\"https:\\\/\\\/www.notibras.com\\\/site\\\/wp-content\\\/uploads\\\/2026\\\/09\\\/osinto.png\",\"width\":1312,\"height\":1199},{\"@type\":\"BreadcrumbList\",\"@id\":\"https:\\\/\\\/www.notibras.com\\\/site\\\/vorcaro-faz-remake-de-os-intocaveis-e-outros-classicos-do-cinema\\\/#breadcrumb\",\"itemListElement\":[{\"@type\":\"ListItem\",\"position\":1,\"name\":\"In\u00edcio\",\"item\":\"https:\\\/\\\/www.notibras.com\\\/site\\\/\"},{\"@type\":\"ListItem\",\"position\":2,\"name\":\"Vorcaro faz remake de Os Intoc\u00e1veis e outros cl\u00e1ssicos do cinema\"}]},{\"@type\":\"WebSite\",\"@id\":\"https:\\\/\\\/www.notibras.com\\\/site\\\/#website\",\"url\":\"https:\\\/\\\/www.notibras.com\\\/site\\\/\",\"name\":\"Notibras\",\"description\":\"Not\u00edcias de Bras\u00edlia, do Brasil e do Mundo\",\"publisher\":{\"@id\":\"https:\\\/\\\/www.notibras.com\\\/site\\\/#organization\"},\"potentialAction\":[{\"@type\":\"SearchAction\",\"target\":{\"@type\":\"EntryPoint\",\"urlTemplate\":\"https:\\\/\\\/www.notibras.com\\\/site\\\/?s={search_term_string}\"},\"query-input\":{\"@type\":\"PropertyValueSpecification\",\"valueRequired\":true,\"valueName\":\"search_term_string\"}}],\"inLanguage\":\"pt-BR\"},{\"@type\":\"Organization\",\"@id\":\"https:\\\/\\\/www.notibras.com\\\/site\\\/#organization\",\"name\":\"Grupo Notibras de Comunica\u00e7\u00e3o\",\"url\":\"https:\\\/\\\/www.notibras.com\\\/site\\\/\",\"logo\":{\"@type\":\"ImageObject\",\"inLanguage\":\"pt-BR\",\"@id\":\"https:\\\/\\\/www.notibras.com\\\/site\\\/#\\\/schema\\\/logo\\\/image\\\/\",\"url\":\"https:\\\/\\\/www.notibras.com\\\/site\\\/wp-content\\\/uploads\\\/2023\\\/01\\\/notibras23.png\",\"contentUrl\":\"https:\\\/\\\/www.notibras.com\\\/site\\\/wp-content\\\/uploads\\\/2023\\\/01\\\/notibras23.png\",\"width\":350,\"height\":87,\"caption\":\"Grupo Notibras de Comunica\u00e7\u00e3o\"},\"image\":{\"@id\":\"https:\\\/\\\/www.notibras.com\\\/site\\\/#\\\/schema\\\/logo\\\/image\\\/\"},\"sameAs\":[\"https:\\\/\\\/www.facebook.com\\\/notibras\\\/\",\"https:\\\/\\\/x.com\\\/Notibras\",\"https:\\\/\\\/www.instagram.com\\\/notibras\\\/\"]},{\"@type\":\"Person\",\"@id\":\"https:\\\/\\\/www.notibras.com\\\/site\\\/#\\\/schema\\\/person\\\/36ab0979449956132d3e5b517ea76ac8\",\"name\":\"Reda\u00e7\u00e3o\",\"image\":{\"@type\":\"ImageObject\",\"inLanguage\":\"pt-BR\",\"@id\":\"https:\\\/\\\/secure.gravatar.com\\\/avatar\\\/e0a867bdedb85fd243eadf09663511f96fc81e0720a4a42581f334ad4303aa6b?s=96&d=mm&r=g\",\"url\":\"https:\\\/\\\/secure.gravatar.com\\\/avatar\\\/e0a867bdedb85fd243eadf09663511f96fc81e0720a4a42581f334ad4303aa6b?s=96&d=mm&r=g\",\"contentUrl\":\"https:\\\/\\\/secure.gravatar.com\\\/avatar\\\/e0a867bdedb85fd243eadf09663511f96fc81e0720a4a42581f334ad4303aa6b?s=96&d=mm&r=g\",\"caption\":\"Reda\u00e7\u00e3o\"}}]}<\/script>\n<!-- \/ Yoast SEO plugin. -->","yoast_head_json":{"title":"Vorcaro faz remake de Os Intoc\u00e1veis e outros cl\u00e1ssicos do cinema - Notibras","robots":{"index":"index","follow":"follow","max-snippet":"max-snippet:-1","max-image-preview":"max-image-preview:large","max-video-preview":"max-video-preview:-1"},"canonical":"https:\/\/www.notibras.com\/site\/vorcaro-faz-remake-de-os-intocaveis-e-outros-classicos-do-cinema\/","og_locale":"pt_BR","og_type":"article","og_title":"Vorcaro faz remake de Os Intoc\u00e1veis e outros cl\u00e1ssicos do cinema - Notibras","og_description":"Quanto mais eu ou\u00e7o os pol\u00edticos e banqueiros atuais, mais eu gosto dos antigos. N\u00e3o eram santos, mas tinham algumas virtudes, entre elas a de pelo menos tentar esconder os neg\u00f3cios escusos e pouco republicanos. Os de hoje escancaram, acham normal ser corruptos e amea\u00e7am com processos os que os criticam pelos malfeitos produzidos enquanto [&hellip;]","og_url":"https:\/\/www.notibras.com\/site\/vorcaro-faz-remake-de-os-intocaveis-e-outros-classicos-do-cinema\/","og_site_name":"Notibras","article_publisher":"https:\/\/www.facebook.com\/notibras\/","article_published_time":"2026-09-05T05:56:35+00:00","og_image":[{"width":1312,"height":1199,"url":"https:\/\/www.notibras.com\/site\/wp-content\/uploads\/2026\/09\/osinto.png","type":"image\/png"}],"author":"Reda\u00e7\u00e3o","twitter_card":"summary_large_image","twitter_creator":"@Notibras","twitter_site":"@Notibras","twitter_misc":{"Escrito por":"Reda\u00e7\u00e3o","Est. tempo de leitura":"4 minutos"},"schema":{"@context":"https:\/\/schema.org","@graph":[{"@type":"Article","@id":"https:\/\/www.notibras.com\/site\/vorcaro-faz-remake-de-os-intocaveis-e-outros-classicos-do-cinema\/#article","isPartOf":{"@id":"https:\/\/www.notibras.com\/site\/vorcaro-faz-remake-de-os-intocaveis-e-outros-classicos-do-cinema\/"},"author":{"name":"Reda\u00e7\u00e3o","@id":"https:\/\/www.notibras.com\/site\/#\/schema\/person\/36ab0979449956132d3e5b517ea76ac8"},"headline":"Vorcaro faz remake de Os Intoc\u00e1veis e outros cl\u00e1ssicos do cinema","datePublished":"2026-09-05T05:56:35+00:00","mainEntityOfPage":{"@id":"https:\/\/www.notibras.com\/site\/vorcaro-faz-remake-de-os-intocaveis-e-outros-classicos-do-cinema\/"},"wordCount":582,"publisher":{"@id":"https:\/\/www.notibras.com\/site\/#organization"},"image":{"@id":"https:\/\/www.notibras.com\/site\/vorcaro-faz-remake-de-os-intocaveis-e-outros-classicos-do-cinema\/#primaryimage"},"thumbnailUrl":"https:\/\/www.notibras.com\/site\/wp-content\/uploads\/2026\/09\/osinto.png","keywords":["capa"],"articleSection":["Brasil"],"inLanguage":"pt-BR"},{"@type":"WebPage","@id":"https:\/\/www.notibras.com\/site\/vorcaro-faz-remake-de-os-intocaveis-e-outros-classicos-do-cinema\/","url":"https:\/\/www.notibras.com\/site\/vorcaro-faz-remake-de-os-intocaveis-e-outros-classicos-do-cinema\/","name":"Vorcaro faz remake de Os Intoc\u00e1veis e outros cl\u00e1ssicos do cinema - Notibras","isPartOf":{"@id":"https:\/\/www.notibras.com\/site\/#website"},"primaryImageOfPage":{"@id":"https:\/\/www.notibras.com\/site\/vorcaro-faz-remake-de-os-intocaveis-e-outros-classicos-do-cinema\/#primaryimage"},"image":{"@id":"https:\/\/www.notibras.com\/site\/vorcaro-faz-remake-de-os-intocaveis-e-outros-classicos-do-cinema\/#primaryimage"},"thumbnailUrl":"https:\/\/www.notibras.com\/site\/wp-content\/uploads\/2026\/09\/osinto.png","datePublished":"2026-09-05T05:56:35+00:00","breadcrumb":{"@id":"https:\/\/www.notibras.com\/site\/vorcaro-faz-remake-de-os-intocaveis-e-outros-classicos-do-cinema\/#breadcrumb"},"inLanguage":"pt-BR","potentialAction":[{"@type":"ReadAction","target":["https:\/\/www.notibras.com\/site\/vorcaro-faz-remake-de-os-intocaveis-e-outros-classicos-do-cinema\/"]}]},{"@type":"ImageObject","inLanguage":"pt-BR","@id":"https:\/\/www.notibras.com\/site\/vorcaro-faz-remake-de-os-intocaveis-e-outros-classicos-do-cinema\/#primaryimage","url":"https:\/\/www.notibras.com\/site\/wp-content\/uploads\/2026\/09\/osinto.png","contentUrl":"https:\/\/www.notibras.com\/site\/wp-content\/uploads\/2026\/09\/osinto.png","width":1312,"height":1199},{"@type":"BreadcrumbList","@id":"https:\/\/www.notibras.com\/site\/vorcaro-faz-remake-de-os-intocaveis-e-outros-classicos-do-cinema\/#breadcrumb","itemListElement":[{"@type":"ListItem","position":1,"name":"In\u00edcio","item":"https:\/\/www.notibras.com\/site\/"},{"@type":"ListItem","position":2,"name":"Vorcaro faz remake de Os Intoc\u00e1veis e outros cl\u00e1ssicos do cinema"}]},{"@type":"WebSite","@id":"https:\/\/www.notibras.com\/site\/#website","url":"https:\/\/www.notibras.com\/site\/","name":"Notibras","description":"Not\u00edcias de Bras\u00edlia, do Brasil e do Mundo","publisher":{"@id":"https:\/\/www.notibras.com\/site\/#organization"},"potentialAction":[{"@type":"SearchAction","target":{"@type":"EntryPoint","urlTemplate":"https:\/\/www.notibras.com\/site\/?s={search_term_string}"},"query-input":{"@type":"PropertyValueSpecification","valueRequired":true,"valueName":"search_term_string"}}],"inLanguage":"pt-BR"},{"@type":"Organization","@id":"https:\/\/www.notibras.com\/site\/#organization","name":"Grupo Notibras de Comunica\u00e7\u00e3o","url":"https:\/\/www.notibras.com\/site\/","logo":{"@type":"ImageObject","inLanguage":"pt-BR","@id":"https:\/\/www.notibras.com\/site\/#\/schema\/logo\/image\/","url":"https:\/\/www.notibras.com\/site\/wp-content\/uploads\/2023\/01\/notibras23.png","contentUrl":"https:\/\/www.notibras.com\/site\/wp-content\/uploads\/2023\/01\/notibras23.png","width":350,"height":87,"caption":"Grupo Notibras de Comunica\u00e7\u00e3o"},"image":{"@id":"https:\/\/www.notibras.com\/site\/#\/schema\/logo\/image\/"},"sameAs":["https:\/\/www.facebook.com\/notibras\/","https:\/\/x.com\/Notibras","https:\/\/www.instagram.com\/notibras\/"]},{"@type":"Person","@id":"https:\/\/www.notibras.com\/site\/#\/schema\/person\/36ab0979449956132d3e5b517ea76ac8","name":"Reda\u00e7\u00e3o","image":{"@type":"ImageObject","inLanguage":"pt-BR","@id":"https:\/\/secure.gravatar.com\/avatar\/e0a867bdedb85fd243eadf09663511f96fc81e0720a4a42581f334ad4303aa6b?s=96&d=mm&r=g","url":"https:\/\/secure.gravatar.com\/avatar\/e0a867bdedb85fd243eadf09663511f96fc81e0720a4a42581f334ad4303aa6b?s=96&d=mm&r=g","contentUrl":"https:\/\/secure.gravatar.com\/avatar\/e0a867bdedb85fd243eadf09663511f96fc81e0720a4a42581f334ad4303aa6b?s=96&d=mm&r=g","caption":"Reda\u00e7\u00e3o"}}]}},"_links":{"self":[{"href":"https:\/\/www.notibras.com\/site\/wp-json\/wp\/v2\/posts\/409263","targetHints":{"allow":["GET"]}}],"collection":[{"href":"https:\/\/www.notibras.com\/site\/wp-json\/wp\/v2\/posts"}],"about":[{"href":"https:\/\/www.notibras.com\/site\/wp-json\/wp\/v2\/types\/post"}],"author":[{"embeddable":true,"href":"https:\/\/www.notibras.com\/site\/wp-json\/wp\/v2\/users\/2"}],"replies":[{"embeddable":true,"href":"https:\/\/www.notibras.com\/site\/wp-json\/wp\/v2\/comments?post=409263"}],"version-history":[{"count":5,"href":"https:\/\/www.notibras.com\/site\/wp-json\/wp\/v2\/posts\/409263\/revisions"}],"predecessor-version":[{"id":409271,"href":"https:\/\/www.notibras.com\/site\/wp-json\/wp\/v2\/posts\/409263\/revisions\/409271"}],"wp:featuredmedia":[{"embeddable":true,"href":"https:\/\/www.notibras.com\/site\/wp-json\/wp\/v2\/media\/409266"}],"wp:attachment":[{"href":"https:\/\/www.notibras.com\/site\/wp-json\/wp\/v2\/media?parent=409263"}],"wp:term":[{"taxonomy":"category","embeddable":true,"href":"https:\/\/www.notibras.com\/site\/wp-json\/wp\/v2\/categories?post=409263"},{"taxonomy":"post_tag","embeddable":true,"href":"https:\/\/www.notibras.com\/site\/wp-json\/wp\/v2\/tags?post=409263"},{"taxonomy":"tmauthors","embeddable":true,"href":"https:\/\/www.notibras.com\/site\/wp-json\/wp\/v2\/tmauthors?post=409263"}],"curies":[{"name":"wp","href":"https:\/\/api.w.org\/{rel}","templated":true}]}}