{"id":409273,"date":"2026-09-05T01:00:23","date_gmt":"2026-09-05T04:00:23","guid":{"rendered":"https:\/\/www.notibras.com\/site\/?p=409273"},"modified":"2026-09-05T01:22:41","modified_gmt":"2026-09-05T04:22:41","slug":"sem-luz-no-fim-do-tunel-resta-a-fachin-punir-ou-fechar-e-jogar-chave-fora","status":"publish","type":"post","link":"https:\/\/www.notibras.com\/site\/sem-luz-no-fim-do-tunel-resta-a-fachin-punir-ou-fechar-e-jogar-chave-fora\/","title":{"rendered":"Sem luz no fim do t\u00fanel, resta a Fachin punir ou fechar e jogar chave fora"},"content":{"rendered":"<p>A disputa de egos e a briga pelo poder entre o sujo e o mal lavado colocaram o Supremo Tribunal Federal em uma berlinda in\u00e9dita e jamais imaginada pelos atuais e antigos membros da Corte m\u00e1xima do Poder Judici\u00e1rio. Como \u00e9 do desejo do presidente do STF, ministro Edson Fachin, a crise pode ser contida, mas n\u00e3o debelada a curto e m\u00e9dio prazo. Na verdade, por conta da necessidade de dois ministros inconsequentemente brilharem mais do que Sharon Stone ou Demi Moore, o Tribunal est\u00e1 \u00e0 beira de uma implos\u00e3o de consequ\u00eancias imprevis\u00edveis.<\/p>\n<p>A batalha que se tornou campal n\u00e3o \u00e9 nova e est\u00e1 enraizada na Corte desde a conclus\u00e3o da a\u00e7\u00e3o que levou Jair Bolsonaro e seus companheiros e correligion\u00e1rios de golpe para a cadeia. Embora concorde com a puni\u00e7\u00e3o destinada a cada um dos golpistas, inclusive e sobretudo ao l\u00edder da trama, jamais discordei das teses bolsonaristas de que o ministro Alexandre de Moraes agiu com o f\u00edgado. N\u00e3o afirmo que ele abusou da autoridade, mas n\u00e3o tenho d\u00favida de que houve exagero na dosimetria das penas aplicadas. Nem todos queriam matar ou morrer<\/p>\n<p>\u00c9 \u00f3bvio que os excessos condenat\u00f3rios nada t\u00eam a ver com anistia. Mantenho a convic\u00e7\u00e3o de que, para um golpista, todo castigo \u00e9 pouco. Minha refer\u00eancia se limita a eventuais exageros de Alexandre de Moraes. Eles ocorreram. Todavia, o caneta\u00e7o de Xand\u00e3o contra a trupe antidemocr\u00e1tica n\u00e3o pode servir de base para a\u00e7\u00f5es t\u00edpicas de imparcialidade jur\u00eddica com o objetivo quase concreto de favorecer determinado grupo pol\u00edtico. Ou seja, da mesma forma que Xand\u00e3o n\u00e3o tem explica\u00e7\u00e3o para seus inescrupulosos t\u00eate-\u00e0-t\u00eates com Daniel Vorcaro, o ministro Andr\u00e9 Mendon\u00e7a certamente n\u00e3o tem como justificar o pedido para que o pleno do STF investigue Moraes.<\/p>\n<p>N\u00e3o h\u00e1 ila\u00e7\u00e3o alguma se algu\u00e9m associar o que est\u00e1 ocorrendo na Corte com o patrocinador de Andr\u00e9 Mendon\u00e7a, o ex-presidente Jair Bolsonaro. Se cutucarmos as entranhas mentais de ambos, poucos hesitar\u00e3o sobre essa associa\u00e7\u00e3o. Como num jogo que culmina em cusparadas, n\u00e3o tem ningu\u00e9m certo ou totalmente errado nessa histri\u00f4nica e surreal hist\u00f3ria. Acusado de perseguir o cl\u00e3 Bolsonaro e seus aliados no julgamento da trama golpista, Alexandre de Moraes pode ter exagerado, mas agiu em conformidade com a lei.<\/p>\n<p>Pelo menos at\u00e9 agora, n\u00e3o posso dizer o mesmo de Mendon\u00e7a em rela\u00e7\u00e3o \u00e0 incrimina\u00e7\u00e3o de Xand\u00e3o. O fato inquestion\u00e1vel \u00e9 que acabou a j\u00e1 debilitada credibilidade do Supremo. Pior foi a quebra da lealdade institucional e do di\u00e1logo entre os iguais do STF. Diante desse terr\u00edvel, ins\u00f3lito e extraordin\u00e1rio epis\u00f3dio, n\u00e3o tenho como ficar em cima do muro quando algu\u00e9m me pergunta o que falta acontecer ao Supremo Tribunal de 2026. Mantido o\u00a0<i>status quo<\/i>\u00a0e, caso n\u00e3o haja severa puni\u00e7\u00e3o para Sharon Stone e Demi Moore, restar\u00e1 ao ministro Fachin cercar a Corte, transform\u00e1-la em reformat\u00f3rio e depois jogar a chave fora. A express\u00e3o &#8220;jogar a chave fora&#8221; n\u00e3o \u00e9 nova no STF.<\/p>\n<p>Ela foi usada em 1964, logo ap\u00f3s o in\u00edcio do regime militar, pelo ent\u00e3o presidente do Tribunal, ministro Ribeiro da Costa. A diferen\u00e7a \u00e9 que, na \u00e9poca, a inten\u00e7\u00e3o foi preservar e n\u00e3o achincalhar a Corte. Evento conhecido na hist\u00f3ria do Judici\u00e1rio como o &#8220;Caso das Chaves&#8221;, Ribeiro da Costa reagiu \u00e0s amea\u00e7as de interven\u00e7\u00e3o e intimida\u00e7\u00e3o do governo contra o STF. Diante da possibilidade de os militares cassarem integrantes do Supremo ou reprimirem a liberdade de julgamento dos magistrados, ele afirmou publicamente que, se a autonomia do Tribunal fosse desautorizada, ele fecharia as portas da Corte e mandaria entregar as chaves diretamente no Pal\u00e1cio do Planalto. N\u00e3o houve necessidade. Ficou o dito pelo n\u00e3o dito. Hoje, empurrar o dito para debaixo do tapete vermelho do plen\u00e1rio pode significar o fim da seriedade das togas.<\/p>\n<p>&#8230;&#8230;&#8230;.<\/p>\n<p><strong>Mathuzal\u00e9m J\u00fanior \u00e9 jornalista profissional desde 1978<\/strong><\/p>\n","protected":false},"excerpt":{"rendered":"<p>A disputa de egos e a briga pelo poder entre o sujo e o mal lavado colocaram o Supremo Tribunal Federal em uma berlinda in\u00e9dita e jamais imaginada pelos atuais e antigos membros da Corte m\u00e1xima do Poder Judici\u00e1rio. Como \u00e9 do desejo do presidente do STF, ministro Edson Fachin, a crise pode ser contida, [&hellip;]<\/p>\n","protected":false},"author":2,"featured_media":32002,"comment_status":"closed","ping_status":"closed","sticky":false,"template":"","format":"standard","meta":{"_acf_changed":false,"footnotes":""},"categories":[16],"tags":[],"tmauthors":[307],"class_list":["post-409273","post","type-post","status-publish","format-standard","has-post-thumbnail","category-brasil"],"acf":[],"yoast_head":"<!-- This site is optimized with the Yoast SEO plugin v28.0 - https:\/\/yoast.com\/product\/yoast-seo-wordpress\/ -->\n<title>Sem luz no fim do t\u00fanel, resta a Fachin punir ou fechar e jogar chave fora - Notibras<\/title>\n<meta name=\"robots\" content=\"index, follow, max-snippet:-1, max-image-preview:large, max-video-preview:-1\" \/>\n<link rel=\"canonical\" href=\"https:\/\/www.notibras.com\/site\/sem-luz-no-fim-do-tunel-resta-a-fachin-punir-ou-fechar-e-jogar-chave-fora\/\" \/>\n<meta property=\"og:locale\" content=\"pt_BR\" \/>\n<meta property=\"og:type\" content=\"article\" \/>\n<meta property=\"og:title\" content=\"Sem luz no fim do t\u00fanel, resta a Fachin punir ou fechar e jogar chave fora - Notibras\" \/>\n<meta property=\"og:description\" content=\"A disputa de egos e a briga pelo poder entre o sujo e o mal lavado colocaram o Supremo Tribunal Federal em uma berlinda in\u00e9dita e jamais imaginada pelos atuais e antigos membros da Corte m\u00e1xima do Poder Judici\u00e1rio. Como \u00e9 do desejo do presidente do STF, ministro Edson Fachin, a crise pode ser contida, [&hellip;]\" \/>\n<meta property=\"og:url\" content=\"https:\/\/www.notibras.com\/site\/sem-luz-no-fim-do-tunel-resta-a-fachin-punir-ou-fechar-e-jogar-chave-fora\/\" \/>\n<meta property=\"og:site_name\" content=\"Notibras\" \/>\n<meta property=\"article:publisher\" content=\"https:\/\/www.facebook.com\/notibras\/\" \/>\n<meta property=\"article:published_time\" content=\"2026-09-05T04:00:23+00:00\" \/>\n<meta property=\"article:modified_time\" content=\"2026-09-05T04:22:41+00:00\" \/>\n<meta property=\"og:image\" content=\"https:\/\/www.notibras.com\/site\/wp-content\/uploads\/2014\/12\/luz-no-fim-do-tunel-size-598-1.jpg\" \/>\n\t<meta property=\"og:image:width\" content=\"598\" \/>\n\t<meta property=\"og:image:height\" content=\"336\" \/>\n\t<meta property=\"og:image:type\" content=\"image\/jpeg\" \/>\n<meta name=\"author\" content=\"Reda\u00e7\u00e3o\" \/>\n<meta name=\"twitter:card\" content=\"summary_large_image\" \/>\n<meta name=\"twitter:creator\" content=\"@Notibras\" \/>\n<meta name=\"twitter:site\" content=\"@Notibras\" \/>\n<meta name=\"twitter:label1\" content=\"Escrito por\" \/>\n\t<meta name=\"twitter:data1\" content=\"Reda\u00e7\u00e3o\" \/>\n\t<meta name=\"twitter:label2\" content=\"Est. tempo de leitura\" \/>\n\t<meta name=\"twitter:data2\" content=\"4 minutos\" \/>\n<script type=\"application\/ld+json\" class=\"yoast-schema-graph\">{\"@context\":\"https:\\\/\\\/schema.org\",\"@graph\":[{\"@type\":\"Article\",\"@id\":\"https:\\\/\\\/www.notibras.com\\\/site\\\/sem-luz-no-fim-do-tunel-resta-a-fachin-punir-ou-fechar-e-jogar-chave-fora\\\/#article\",\"isPartOf\":{\"@id\":\"https:\\\/\\\/www.notibras.com\\\/site\\\/sem-luz-no-fim-do-tunel-resta-a-fachin-punir-ou-fechar-e-jogar-chave-fora\\\/\"},\"author\":{\"name\":\"Reda\u00e7\u00e3o\",\"@id\":\"https:\\\/\\\/www.notibras.com\\\/site\\\/#\\\/schema\\\/person\\\/36ab0979449956132d3e5b517ea76ac8\"},\"headline\":\"Sem luz no fim do t\u00fanel, resta a Fachin punir ou fechar e jogar chave fora\",\"datePublished\":\"2026-09-05T04:00:23+00:00\",\"dateModified\":\"2026-09-05T04:22:41+00:00\",\"mainEntityOfPage\":{\"@id\":\"https:\\\/\\\/www.notibras.com\\\/site\\\/sem-luz-no-fim-do-tunel-resta-a-fachin-punir-ou-fechar-e-jogar-chave-fora\\\/\"},\"wordCount\":715,\"publisher\":{\"@id\":\"https:\\\/\\\/www.notibras.com\\\/site\\\/#organization\"},\"image\":{\"@id\":\"https:\\\/\\\/www.notibras.com\\\/site\\\/sem-luz-no-fim-do-tunel-resta-a-fachin-punir-ou-fechar-e-jogar-chave-fora\\\/#primaryimage\"},\"thumbnailUrl\":\"https:\\\/\\\/www.notibras.com\\\/site\\\/wp-content\\\/uploads\\\/2014\\\/12\\\/luz-no-fim-do-tunel-size-598-1.jpg\",\"articleSection\":[\"Brasil\"],\"inLanguage\":\"pt-BR\"},{\"@type\":\"WebPage\",\"@id\":\"https:\\\/\\\/www.notibras.com\\\/site\\\/sem-luz-no-fim-do-tunel-resta-a-fachin-punir-ou-fechar-e-jogar-chave-fora\\\/\",\"url\":\"https:\\\/\\\/www.notibras.com\\\/site\\\/sem-luz-no-fim-do-tunel-resta-a-fachin-punir-ou-fechar-e-jogar-chave-fora\\\/\",\"name\":\"Sem luz no fim do t\u00fanel, resta a Fachin punir ou fechar e jogar chave fora - Notibras\",\"isPartOf\":{\"@id\":\"https:\\\/\\\/www.notibras.com\\\/site\\\/#website\"},\"primaryImageOfPage\":{\"@id\":\"https:\\\/\\\/www.notibras.com\\\/site\\\/sem-luz-no-fim-do-tunel-resta-a-fachin-punir-ou-fechar-e-jogar-chave-fora\\\/#primaryimage\"},\"image\":{\"@id\":\"https:\\\/\\\/www.notibras.com\\\/site\\\/sem-luz-no-fim-do-tunel-resta-a-fachin-punir-ou-fechar-e-jogar-chave-fora\\\/#primaryimage\"},\"thumbnailUrl\":\"https:\\\/\\\/www.notibras.com\\\/site\\\/wp-content\\\/uploads\\\/2014\\\/12\\\/luz-no-fim-do-tunel-size-598-1.jpg\",\"datePublished\":\"2026-09-05T04:00:23+00:00\",\"dateModified\":\"2026-09-05T04:22:41+00:00\",\"breadcrumb\":{\"@id\":\"https:\\\/\\\/www.notibras.com\\\/site\\\/sem-luz-no-fim-do-tunel-resta-a-fachin-punir-ou-fechar-e-jogar-chave-fora\\\/#breadcrumb\"},\"inLanguage\":\"pt-BR\",\"potentialAction\":[{\"@type\":\"ReadAction\",\"target\":[\"https:\\\/\\\/www.notibras.com\\\/site\\\/sem-luz-no-fim-do-tunel-resta-a-fachin-punir-ou-fechar-e-jogar-chave-fora\\\/\"]}]},{\"@type\":\"ImageObject\",\"inLanguage\":\"pt-BR\",\"@id\":\"https:\\\/\\\/www.notibras.com\\\/site\\\/sem-luz-no-fim-do-tunel-resta-a-fachin-punir-ou-fechar-e-jogar-chave-fora\\\/#primaryimage\",\"url\":\"https:\\\/\\\/www.notibras.com\\\/site\\\/wp-content\\\/uploads\\\/2014\\\/12\\\/luz-no-fim-do-tunel-size-598-1.jpg\",\"contentUrl\":\"https:\\\/\\\/www.notibras.com\\\/site\\\/wp-content\\\/uploads\\\/2014\\\/12\\\/luz-no-fim-do-tunel-size-598-1.jpg\",\"width\":598,\"height\":336,\"caption\":\"Foto\\\/Arquivo Notibras\"},{\"@type\":\"BreadcrumbList\",\"@id\":\"https:\\\/\\\/www.notibras.com\\\/site\\\/sem-luz-no-fim-do-tunel-resta-a-fachin-punir-ou-fechar-e-jogar-chave-fora\\\/#breadcrumb\",\"itemListElement\":[{\"@type\":\"ListItem\",\"position\":1,\"name\":\"In\u00edcio\",\"item\":\"https:\\\/\\\/www.notibras.com\\\/site\\\/\"},{\"@type\":\"ListItem\",\"position\":2,\"name\":\"Sem luz no fim do t\u00fanel, resta a Fachin punir ou fechar e jogar chave fora\"}]},{\"@type\":\"WebSite\",\"@id\":\"https:\\\/\\\/www.notibras.com\\\/site\\\/#website\",\"url\":\"https:\\\/\\\/www.notibras.com\\\/site\\\/\",\"name\":\"Notibras\",\"description\":\"Not\u00edcias de Bras\u00edlia, do Brasil e do Mundo\",\"publisher\":{\"@id\":\"https:\\\/\\\/www.notibras.com\\\/site\\\/#organization\"},\"potentialAction\":[{\"@type\":\"SearchAction\",\"target\":{\"@type\":\"EntryPoint\",\"urlTemplate\":\"https:\\\/\\\/www.notibras.com\\\/site\\\/?s={search_term_string}\"},\"query-input\":{\"@type\":\"PropertyValueSpecification\",\"valueRequired\":true,\"valueName\":\"search_term_string\"}}],\"inLanguage\":\"pt-BR\"},{\"@type\":\"Organization\",\"@id\":\"https:\\\/\\\/www.notibras.com\\\/site\\\/#organization\",\"name\":\"Grupo Notibras de Comunica\u00e7\u00e3o\",\"url\":\"https:\\\/\\\/www.notibras.com\\\/site\\\/\",\"logo\":{\"@type\":\"ImageObject\",\"inLanguage\":\"pt-BR\",\"@id\":\"https:\\\/\\\/www.notibras.com\\\/site\\\/#\\\/schema\\\/logo\\\/image\\\/\",\"url\":\"https:\\\/\\\/www.notibras.com\\\/site\\\/wp-content\\\/uploads\\\/2023\\\/01\\\/notibras23.png\",\"contentUrl\":\"https:\\\/\\\/www.notibras.com\\\/site\\\/wp-content\\\/uploads\\\/2023\\\/01\\\/notibras23.png\",\"width\":350,\"height\":87,\"caption\":\"Grupo Notibras de Comunica\u00e7\u00e3o\"},\"image\":{\"@id\":\"https:\\\/\\\/www.notibras.com\\\/site\\\/#\\\/schema\\\/logo\\\/image\\\/\"},\"sameAs\":[\"https:\\\/\\\/www.facebook.com\\\/notibras\\\/\",\"https:\\\/\\\/x.com\\\/Notibras\",\"https:\\\/\\\/www.instagram.com\\\/notibras\\\/\"]},{\"@type\":\"Person\",\"@id\":\"https:\\\/\\\/www.notibras.com\\\/site\\\/#\\\/schema\\\/person\\\/36ab0979449956132d3e5b517ea76ac8\",\"name\":\"Reda\u00e7\u00e3o\",\"image\":{\"@type\":\"ImageObject\",\"inLanguage\":\"pt-BR\",\"@id\":\"https:\\\/\\\/secure.gravatar.com\\\/avatar\\\/e0a867bdedb85fd243eadf09663511f96fc81e0720a4a42581f334ad4303aa6b?s=96&d=mm&r=g\",\"url\":\"https:\\\/\\\/secure.gravatar.com\\\/avatar\\\/e0a867bdedb85fd243eadf09663511f96fc81e0720a4a42581f334ad4303aa6b?s=96&d=mm&r=g\",\"contentUrl\":\"https:\\\/\\\/secure.gravatar.com\\\/avatar\\\/e0a867bdedb85fd243eadf09663511f96fc81e0720a4a42581f334ad4303aa6b?s=96&d=mm&r=g\",\"caption\":\"Reda\u00e7\u00e3o\"}}]}<\/script>\n<!-- \/ Yoast SEO plugin. -->","yoast_head_json":{"title":"Sem luz no fim do t\u00fanel, resta a Fachin punir ou fechar e jogar chave fora - Notibras","robots":{"index":"index","follow":"follow","max-snippet":"max-snippet:-1","max-image-preview":"max-image-preview:large","max-video-preview":"max-video-preview:-1"},"canonical":"https:\/\/www.notibras.com\/site\/sem-luz-no-fim-do-tunel-resta-a-fachin-punir-ou-fechar-e-jogar-chave-fora\/","og_locale":"pt_BR","og_type":"article","og_title":"Sem luz no fim do t\u00fanel, resta a Fachin punir ou fechar e jogar chave fora - Notibras","og_description":"A disputa de egos e a briga pelo poder entre o sujo e o mal lavado colocaram o Supremo Tribunal Federal em uma berlinda in\u00e9dita e jamais imaginada pelos atuais e antigos membros da Corte m\u00e1xima do Poder Judici\u00e1rio. Como \u00e9 do desejo do presidente do STF, ministro Edson Fachin, a crise pode ser contida, [&hellip;]","og_url":"https:\/\/www.notibras.com\/site\/sem-luz-no-fim-do-tunel-resta-a-fachin-punir-ou-fechar-e-jogar-chave-fora\/","og_site_name":"Notibras","article_publisher":"https:\/\/www.facebook.com\/notibras\/","article_published_time":"2026-09-05T04:00:23+00:00","article_modified_time":"2026-09-05T04:22:41+00:00","og_image":[{"width":598,"height":336,"url":"https:\/\/www.notibras.com\/site\/wp-content\/uploads\/2014\/12\/luz-no-fim-do-tunel-size-598-1.jpg","type":"image\/jpeg"}],"author":"Reda\u00e7\u00e3o","twitter_card":"summary_large_image","twitter_creator":"@Notibras","twitter_site":"@Notibras","twitter_misc":{"Escrito por":"Reda\u00e7\u00e3o","Est. tempo de leitura":"4 minutos"},"schema":{"@context":"https:\/\/schema.org","@graph":[{"@type":"Article","@id":"https:\/\/www.notibras.com\/site\/sem-luz-no-fim-do-tunel-resta-a-fachin-punir-ou-fechar-e-jogar-chave-fora\/#article","isPartOf":{"@id":"https:\/\/www.notibras.com\/site\/sem-luz-no-fim-do-tunel-resta-a-fachin-punir-ou-fechar-e-jogar-chave-fora\/"},"author":{"name":"Reda\u00e7\u00e3o","@id":"https:\/\/www.notibras.com\/site\/#\/schema\/person\/36ab0979449956132d3e5b517ea76ac8"},"headline":"Sem luz no fim do t\u00fanel, resta a Fachin punir ou fechar e jogar chave fora","datePublished":"2026-09-05T04:00:23+00:00","dateModified":"2026-09-05T04:22:41+00:00","mainEntityOfPage":{"@id":"https:\/\/www.notibras.com\/site\/sem-luz-no-fim-do-tunel-resta-a-fachin-punir-ou-fechar-e-jogar-chave-fora\/"},"wordCount":715,"publisher":{"@id":"https:\/\/www.notibras.com\/site\/#organization"},"image":{"@id":"https:\/\/www.notibras.com\/site\/sem-luz-no-fim-do-tunel-resta-a-fachin-punir-ou-fechar-e-jogar-chave-fora\/#primaryimage"},"thumbnailUrl":"https:\/\/www.notibras.com\/site\/wp-content\/uploads\/2014\/12\/luz-no-fim-do-tunel-size-598-1.jpg","articleSection":["Brasil"],"inLanguage":"pt-BR"},{"@type":"WebPage","@id":"https:\/\/www.notibras.com\/site\/sem-luz-no-fim-do-tunel-resta-a-fachin-punir-ou-fechar-e-jogar-chave-fora\/","url":"https:\/\/www.notibras.com\/site\/sem-luz-no-fim-do-tunel-resta-a-fachin-punir-ou-fechar-e-jogar-chave-fora\/","name":"Sem luz no fim do t\u00fanel, resta a Fachin punir ou fechar e jogar chave fora - Notibras","isPartOf":{"@id":"https:\/\/www.notibras.com\/site\/#website"},"primaryImageOfPage":{"@id":"https:\/\/www.notibras.com\/site\/sem-luz-no-fim-do-tunel-resta-a-fachin-punir-ou-fechar-e-jogar-chave-fora\/#primaryimage"},"image":{"@id":"https:\/\/www.notibras.com\/site\/sem-luz-no-fim-do-tunel-resta-a-fachin-punir-ou-fechar-e-jogar-chave-fora\/#primaryimage"},"thumbnailUrl":"https:\/\/www.notibras.com\/site\/wp-content\/uploads\/2014\/12\/luz-no-fim-do-tunel-size-598-1.jpg","datePublished":"2026-09-05T04:00:23+00:00","dateModified":"2026-09-05T04:22:41+00:00","breadcrumb":{"@id":"https:\/\/www.notibras.com\/site\/sem-luz-no-fim-do-tunel-resta-a-fachin-punir-ou-fechar-e-jogar-chave-fora\/#breadcrumb"},"inLanguage":"pt-BR","potentialAction":[{"@type":"ReadAction","target":["https:\/\/www.notibras.com\/site\/sem-luz-no-fim-do-tunel-resta-a-fachin-punir-ou-fechar-e-jogar-chave-fora\/"]}]},{"@type":"ImageObject","inLanguage":"pt-BR","@id":"https:\/\/www.notibras.com\/site\/sem-luz-no-fim-do-tunel-resta-a-fachin-punir-ou-fechar-e-jogar-chave-fora\/#primaryimage","url":"https:\/\/www.notibras.com\/site\/wp-content\/uploads\/2014\/12\/luz-no-fim-do-tunel-size-598-1.jpg","contentUrl":"https:\/\/www.notibras.com\/site\/wp-content\/uploads\/2014\/12\/luz-no-fim-do-tunel-size-598-1.jpg","width":598,"height":336,"caption":"Foto\/Arquivo Notibras"},{"@type":"BreadcrumbList","@id":"https:\/\/www.notibras.com\/site\/sem-luz-no-fim-do-tunel-resta-a-fachin-punir-ou-fechar-e-jogar-chave-fora\/#breadcrumb","itemListElement":[{"@type":"ListItem","position":1,"name":"In\u00edcio","item":"https:\/\/www.notibras.com\/site\/"},{"@type":"ListItem","position":2,"name":"Sem luz no fim do t\u00fanel, resta a Fachin punir ou fechar e jogar chave fora"}]},{"@type":"WebSite","@id":"https:\/\/www.notibras.com\/site\/#website","url":"https:\/\/www.notibras.com\/site\/","name":"Notibras","description":"Not\u00edcias de Bras\u00edlia, do Brasil e do Mundo","publisher":{"@id":"https:\/\/www.notibras.com\/site\/#organization"},"potentialAction":[{"@type":"SearchAction","target":{"@type":"EntryPoint","urlTemplate":"https:\/\/www.notibras.com\/site\/?s={search_term_string}"},"query-input":{"@type":"PropertyValueSpecification","valueRequired":true,"valueName":"search_term_string"}}],"inLanguage":"pt-BR"},{"@type":"Organization","@id":"https:\/\/www.notibras.com\/site\/#organization","name":"Grupo Notibras de Comunica\u00e7\u00e3o","url":"https:\/\/www.notibras.com\/site\/","logo":{"@type":"ImageObject","inLanguage":"pt-BR","@id":"https:\/\/www.notibras.com\/site\/#\/schema\/logo\/image\/","url":"https:\/\/www.notibras.com\/site\/wp-content\/uploads\/2023\/01\/notibras23.png","contentUrl":"https:\/\/www.notibras.com\/site\/wp-content\/uploads\/2023\/01\/notibras23.png","width":350,"height":87,"caption":"Grupo Notibras de Comunica\u00e7\u00e3o"},"image":{"@id":"https:\/\/www.notibras.com\/site\/#\/schema\/logo\/image\/"},"sameAs":["https:\/\/www.facebook.com\/notibras\/","https:\/\/x.com\/Notibras","https:\/\/www.instagram.com\/notibras\/"]},{"@type":"Person","@id":"https:\/\/www.notibras.com\/site\/#\/schema\/person\/36ab0979449956132d3e5b517ea76ac8","name":"Reda\u00e7\u00e3o","image":{"@type":"ImageObject","inLanguage":"pt-BR","@id":"https:\/\/secure.gravatar.com\/avatar\/e0a867bdedb85fd243eadf09663511f96fc81e0720a4a42581f334ad4303aa6b?s=96&d=mm&r=g","url":"https:\/\/secure.gravatar.com\/avatar\/e0a867bdedb85fd243eadf09663511f96fc81e0720a4a42581f334ad4303aa6b?s=96&d=mm&r=g","contentUrl":"https:\/\/secure.gravatar.com\/avatar\/e0a867bdedb85fd243eadf09663511f96fc81e0720a4a42581f334ad4303aa6b?s=96&d=mm&r=g","caption":"Reda\u00e7\u00e3o"}}]}},"_links":{"self":[{"href":"https:\/\/www.notibras.com\/site\/wp-json\/wp\/v2\/posts\/409273","targetHints":{"allow":["GET"]}}],"collection":[{"href":"https:\/\/www.notibras.com\/site\/wp-json\/wp\/v2\/posts"}],"about":[{"href":"https:\/\/www.notibras.com\/site\/wp-json\/wp\/v2\/types\/post"}],"author":[{"embeddable":true,"href":"https:\/\/www.notibras.com\/site\/wp-json\/wp\/v2\/users\/2"}],"replies":[{"embeddable":true,"href":"https:\/\/www.notibras.com\/site\/wp-json\/wp\/v2\/comments?post=409273"}],"version-history":[{"count":2,"href":"https:\/\/www.notibras.com\/site\/wp-json\/wp\/v2\/posts\/409273\/revisions"}],"predecessor-version":[{"id":409275,"href":"https:\/\/www.notibras.com\/site\/wp-json\/wp\/v2\/posts\/409273\/revisions\/409275"}],"wp:featuredmedia":[{"embeddable":true,"href":"https:\/\/www.notibras.com\/site\/wp-json\/wp\/v2\/media\/32002"}],"wp:attachment":[{"href":"https:\/\/www.notibras.com\/site\/wp-json\/wp\/v2\/media?parent=409273"}],"wp:term":[{"taxonomy":"category","embeddable":true,"href":"https:\/\/www.notibras.com\/site\/wp-json\/wp\/v2\/categories?post=409273"},{"taxonomy":"post_tag","embeddable":true,"href":"https:\/\/www.notibras.com\/site\/wp-json\/wp\/v2\/tags?post=409273"},{"taxonomy":"tmauthors","embeddable":true,"href":"https:\/\/www.notibras.com\/site\/wp-json\/wp\/v2\/tmauthors?post=409273"}],"curies":[{"name":"wp","href":"https:\/\/api.w.org\/{rel}","templated":true}]}}