{"id":409284,"date":"2026-09-05T10:51:51","date_gmt":"2026-09-05T13:51:51","guid":{"rendered":"https:\/\/www.notibras.com\/site\/?p=409284"},"modified":"2026-09-05T10:51:51","modified_gmt":"2026-09-05T13:51:51","slug":"eleitor-pcd-tera-transporte-e-urnas-adaptadas","status":"publish","type":"post","link":"https:\/\/www.notibras.com\/site\/eleitor-pcd-tera-transporte-e-urnas-adaptadas\/","title":{"rendered":"Eleitor PCD ter\u00e1 transporte e urnas adaptadas"},"content":{"rendered":"<p>Diante do crescimento expressivo do n\u00famero de eleitores com algum tipo de defici\u00eancia f\u00edsica ou dificuldade motora, a Justi\u00e7a Eleitoral estruturou uma s\u00e9rie de iniciativas que permitem a esses cidad\u00e3os e cidad\u00e3s exercer o direito ao voto com autonomia e dignidade.<\/p>\n<p>Dados do Tribunal Superior Eleitoral (TSE) indicam que o eleitorado com alguma defici\u00eancia aumentou quase 14 vezes (ou 1.290%) em 16 anos, saltando de 141.690, em 2010, para os atuais 1.970.165. Sobre as candidaturas, a base de dados do tribunal s\u00f3 informa a evolu\u00e7\u00e3o dos \u00faltimos quatro anos, per\u00edodo no qual o pedido de registros passou de 489 para 524.<\/p>\n<p><strong>Transporte<\/strong><br \/>\nCom o Programa Seu Voto Importa, institu\u00eddo em fevereiro de 2026, pela Resolu\u00e7\u00e3o 23.753, a Justi\u00e7a Eleitoral se compromete a viabilizar, no dia da elei\u00e7\u00e3o, mediante pedido pr\u00e9vio, transporte especial gratuito para eleitores que enfrentam dificuldades para chegar aos locais de vota\u00e7\u00e3o devido a algum tipo de defici\u00eancia ou mobilidade reduzida.<\/p>\n<p>O transporte ser\u00e1 viabilizado pelos tribunais regionais eleitorais (TREs) em suas respectivas unidades federativas, por meio de acordos de coopera\u00e7\u00e3o t\u00e9cnica. Para o primeiro turno, em 4 de outubro, os interessados t\u00eam at\u00e9 o dia 14 de setembro para formalizar o pedido presencialmente, em um cart\u00f3rio eleitoral, ou por meio dos canais de atendimento informados no site do TRE respons\u00e1vel pelo local de vota\u00e7\u00e3o.<\/p>\n<p>A solicita\u00e7\u00e3o pode ser entregue pelo pr\u00f3prio eleitor ou eleitora, ou por seu procurador legal, curador ou apoiador. Tamb\u00e9m ser\u00e1 necess\u00e1ria autodeclara\u00e7\u00e3o ou documenta\u00e7\u00e3o que comprove a defici\u00eancia ou a dificuldade de locomo\u00e7\u00e3o.<\/p>\n<p>O TRE de S\u00e3o Paulo, por exemplo, informou, nesta sexta-feira (4) que o servi\u00e7o ser\u00e1 disponibilizado em mais de 300 cidades do estado, contemplando pessoas com defici\u00eancia e que apresentarem dificuldade para se movimentar, incluindo idosos, gestantes, lactantes, pessoas com crian\u00e7as de colo e pessoas obesas.<\/p>\n<p><strong>Urnas<\/strong><br \/>\nAs urnas eletr\u00f4nicas tamb\u00e9m contar\u00e3o com novidades que visam facilitar o ato de votar para milhares de pessoas. De acordo com o TSE, uma nova fonte tipogr\u00e1fica \u2013 Atkinson Hyperlegible, desenvolvida pelo Braille Institute \u2013, mais leg\u00edvel, facilitar\u00e1 a leitura para pessoas com defici\u00eancia visual.<\/p>\n<p>Al\u00e9m disso, uma barra de progresso fixa na parte superior da tela orientar\u00e1 o eleitor durante todas as etapas da vota\u00e7\u00e3o, tornando o processo mais intuitivo.<\/p>\n<p>Recursos de acessibilidade que j\u00e1 vinham sendo empregados tamb\u00e9m foram ampliados. Caso dos int\u00e9rpretes de Libras, que al\u00e9m de informar o cargo em vota\u00e7\u00e3o, passam a indicar situa\u00e7\u00f5es como voto em branco, voto nulo e voto de legenda.<\/p>\n<p>\u201cAssegurar condi\u00e7\u00f5es para que todas as pessoas possam exercer em igualdade de condi\u00e7\u00f5es seus direitos pol\u00edticos de forma plena est\u00e1 no centro da miss\u00e3o da Justi\u00e7a Eleitoral\u201d, comentou o Diretor de Assuntos Estrat\u00e9gicos do TSE, o defensor p\u00fablico do Rio de Janeiro William Akerman, durante audi\u00eancia p\u00fablica realizada pela Comiss\u00e3o de Direitos Humanos do Senado, nessa quinta-feira (3).<\/p>\n<p>\u201cQuando falamos sobre acessibilidade eleitoral n\u00e3o estamos falando apenas de permitir que uma pessoa chegue \u00e0 sess\u00e3o eleitoral\u201d, prosseguiu Akerman, destacando que, em muitos casos, um mero degrau pode representar uma barreira ao pleno exerc\u00edcio da cidadania.<\/p>\n<p>Ainda segundo o defensor p\u00fablico, as iniciativas de acessibilidade incluem a amplia\u00e7\u00e3o dos int\u00e9rpretes de Libras empregados para sinalizar votos em branco e nulos; o livre ingresso e a perman\u00eancia de c\u00e3es-guia nos locais de vota\u00e7\u00e3o e o treinamento dos mes\u00e1rios, com foco em assegurar atendimento preferencial a grupos espec\u00edficos, como as pessoas no Transtorno do Espectro Autista (TEA).<\/p>\n","protected":false},"excerpt":{"rendered":"<p>Diante do crescimento expressivo do n\u00famero de eleitores com algum tipo de defici\u00eancia f\u00edsica ou dificuldade motora, a Justi\u00e7a Eleitoral estruturou uma s\u00e9rie de iniciativas que permitem a esses cidad\u00e3os e cidad\u00e3s exercer o direito ao voto com autonomia e dignidade. Dados do Tribunal Superior Eleitoral (TSE) indicam que o eleitorado com alguma defici\u00eancia aumentou [&hellip;]<\/p>\n","protected":false},"author":2,"featured_media":409285,"comment_status":"closed","ping_status":"closed","sticky":false,"template":"","format":"standard","meta":{"_acf_changed":false,"footnotes":""},"categories":[239],"tags":[],"tmauthors":[307],"class_list":["post-409284","post","type-post","status-publish","format-standard","has-post-thumbnail","category-eleicoes-brasilia"],"acf":[],"yoast_head":"<!-- This site is optimized with the Yoast SEO plugin v28.0 - https:\/\/yoast.com\/product\/yoast-seo-wordpress\/ -->\n<title>Eleitor PCD ter\u00e1 transporte e urnas adaptadas - Notibras<\/title>\n<meta name=\"robots\" content=\"index, follow, max-snippet:-1, max-image-preview:large, max-video-preview:-1\" \/>\n<link rel=\"canonical\" href=\"https:\/\/www.notibras.com\/site\/eleitor-pcd-tera-transporte-e-urnas-adaptadas\/\" \/>\n<meta property=\"og:locale\" content=\"pt_BR\" \/>\n<meta property=\"og:type\" content=\"article\" \/>\n<meta property=\"og:title\" content=\"Eleitor PCD ter\u00e1 transporte e urnas adaptadas - Notibras\" \/>\n<meta property=\"og:description\" content=\"Diante do crescimento expressivo do n\u00famero de eleitores com algum tipo de defici\u00eancia f\u00edsica ou dificuldade motora, a Justi\u00e7a Eleitoral estruturou uma s\u00e9rie de iniciativas que permitem a esses cidad\u00e3os e cidad\u00e3s exercer o direito ao voto com autonomia e dignidade. Dados do Tribunal Superior Eleitoral (TSE) indicam que o eleitorado com alguma defici\u00eancia aumentou [&hellip;]\" \/>\n<meta property=\"og:url\" content=\"https:\/\/www.notibras.com\/site\/eleitor-pcd-tera-transporte-e-urnas-adaptadas\/\" \/>\n<meta property=\"og:site_name\" content=\"Notibras\" \/>\n<meta property=\"article:publisher\" content=\"https:\/\/www.facebook.com\/notibras\/\" \/>\n<meta property=\"article:published_time\" content=\"2026-09-05T13:51:51+00:00\" \/>\n<meta property=\"og:image\" content=\"https:\/\/www.notibras.com\/site\/wp-content\/uploads\/2026\/09\/55479159518_d4fcdea6ff_6k-5.webp\" \/>\n\t<meta property=\"og:image:width\" content=\"1170\" \/>\n\t<meta property=\"og:image:height\" content=\"700\" \/>\n\t<meta property=\"og:image:type\" content=\"image\/webp\" \/>\n<meta name=\"author\" content=\"Reda\u00e7\u00e3o\" \/>\n<meta name=\"twitter:card\" content=\"summary_large_image\" \/>\n<meta name=\"twitter:creator\" content=\"@Notibras\" \/>\n<meta name=\"twitter:site\" content=\"@Notibras\" \/>\n<meta name=\"twitter:label1\" content=\"Escrito por\" \/>\n\t<meta name=\"twitter:data1\" content=\"Reda\u00e7\u00e3o\" \/>\n\t<meta name=\"twitter:label2\" content=\"Est. tempo de leitura\" \/>\n\t<meta name=\"twitter:data2\" content=\"4 minutos\" \/>\n<script type=\"application\/ld+json\" class=\"yoast-schema-graph\">{\"@context\":\"https:\\\/\\\/schema.org\",\"@graph\":[{\"@type\":\"Article\",\"@id\":\"https:\\\/\\\/www.notibras.com\\\/site\\\/eleitor-pcd-tera-transporte-e-urnas-adaptadas\\\/#article\",\"isPartOf\":{\"@id\":\"https:\\\/\\\/www.notibras.com\\\/site\\\/eleitor-pcd-tera-transporte-e-urnas-adaptadas\\\/\"},\"author\":{\"name\":\"Reda\u00e7\u00e3o\",\"@id\":\"https:\\\/\\\/www.notibras.com\\\/site\\\/#\\\/schema\\\/person\\\/36ab0979449956132d3e5b517ea76ac8\"},\"headline\":\"Eleitor PCD ter\u00e1 transporte e urnas adaptadas\",\"datePublished\":\"2026-09-05T13:51:51+00:00\",\"mainEntityOfPage\":{\"@id\":\"https:\\\/\\\/www.notibras.com\\\/site\\\/eleitor-pcd-tera-transporte-e-urnas-adaptadas\\\/\"},\"wordCount\":618,\"publisher\":{\"@id\":\"https:\\\/\\\/www.notibras.com\\\/site\\\/#organization\"},\"image\":{\"@id\":\"https:\\\/\\\/www.notibras.com\\\/site\\\/eleitor-pcd-tera-transporte-e-urnas-adaptadas\\\/#primaryimage\"},\"thumbnailUrl\":\"https:\\\/\\\/www.notibras.com\\\/site\\\/wp-content\\\/uploads\\\/2026\\\/09\\\/55479159518_d4fcdea6ff_6k-5.webp\",\"articleSection\":[\"Elei\u00e7\u00f5es Bras\u00edlia\"],\"inLanguage\":\"pt-BR\"},{\"@type\":\"WebPage\",\"@id\":\"https:\\\/\\\/www.notibras.com\\\/site\\\/eleitor-pcd-tera-transporte-e-urnas-adaptadas\\\/\",\"url\":\"https:\\\/\\\/www.notibras.com\\\/site\\\/eleitor-pcd-tera-transporte-e-urnas-adaptadas\\\/\",\"name\":\"Eleitor PCD ter\u00e1 transporte e urnas adaptadas - Notibras\",\"isPartOf\":{\"@id\":\"https:\\\/\\\/www.notibras.com\\\/site\\\/#website\"},\"primaryImageOfPage\":{\"@id\":\"https:\\\/\\\/www.notibras.com\\\/site\\\/eleitor-pcd-tera-transporte-e-urnas-adaptadas\\\/#primaryimage\"},\"image\":{\"@id\":\"https:\\\/\\\/www.notibras.com\\\/site\\\/eleitor-pcd-tera-transporte-e-urnas-adaptadas\\\/#primaryimage\"},\"thumbnailUrl\":\"https:\\\/\\\/www.notibras.com\\\/site\\\/wp-content\\\/uploads\\\/2026\\\/09\\\/55479159518_d4fcdea6ff_6k-5.webp\",\"datePublished\":\"2026-09-05T13:51:51+00:00\",\"breadcrumb\":{\"@id\":\"https:\\\/\\\/www.notibras.com\\\/site\\\/eleitor-pcd-tera-transporte-e-urnas-adaptadas\\\/#breadcrumb\"},\"inLanguage\":\"pt-BR\",\"potentialAction\":[{\"@type\":\"ReadAction\",\"target\":[\"https:\\\/\\\/www.notibras.com\\\/site\\\/eleitor-pcd-tera-transporte-e-urnas-adaptadas\\\/\"]}]},{\"@type\":\"ImageObject\",\"inLanguage\":\"pt-BR\",\"@id\":\"https:\\\/\\\/www.notibras.com\\\/site\\\/eleitor-pcd-tera-transporte-e-urnas-adaptadas\\\/#primaryimage\",\"url\":\"https:\\\/\\\/www.notibras.com\\\/site\\\/wp-content\\\/uploads\\\/2026\\\/09\\\/55479159518_d4fcdea6ff_6k-5.webp\",\"contentUrl\":\"https:\\\/\\\/www.notibras.com\\\/site\\\/wp-content\\\/uploads\\\/2026\\\/09\\\/55479159518_d4fcdea6ff_6k-5.webp\",\"width\":1170,\"height\":700},{\"@type\":\"BreadcrumbList\",\"@id\":\"https:\\\/\\\/www.notibras.com\\\/site\\\/eleitor-pcd-tera-transporte-e-urnas-adaptadas\\\/#breadcrumb\",\"itemListElement\":[{\"@type\":\"ListItem\",\"position\":1,\"name\":\"In\u00edcio\",\"item\":\"https:\\\/\\\/www.notibras.com\\\/site\\\/\"},{\"@type\":\"ListItem\",\"position\":2,\"name\":\"Eleitor PCD ter\u00e1 transporte e urnas adaptadas\"}]},{\"@type\":\"WebSite\",\"@id\":\"https:\\\/\\\/www.notibras.com\\\/site\\\/#website\",\"url\":\"https:\\\/\\\/www.notibras.com\\\/site\\\/\",\"name\":\"Notibras\",\"description\":\"Not\u00edcias de Bras\u00edlia, do Brasil e do Mundo\",\"publisher\":{\"@id\":\"https:\\\/\\\/www.notibras.com\\\/site\\\/#organization\"},\"potentialAction\":[{\"@type\":\"SearchAction\",\"target\":{\"@type\":\"EntryPoint\",\"urlTemplate\":\"https:\\\/\\\/www.notibras.com\\\/site\\\/?s={search_term_string}\"},\"query-input\":{\"@type\":\"PropertyValueSpecification\",\"valueRequired\":true,\"valueName\":\"search_term_string\"}}],\"inLanguage\":\"pt-BR\"},{\"@type\":\"Organization\",\"@id\":\"https:\\\/\\\/www.notibras.com\\\/site\\\/#organization\",\"name\":\"Grupo Notibras de Comunica\u00e7\u00e3o\",\"url\":\"https:\\\/\\\/www.notibras.com\\\/site\\\/\",\"logo\":{\"@type\":\"ImageObject\",\"inLanguage\":\"pt-BR\",\"@id\":\"https:\\\/\\\/www.notibras.com\\\/site\\\/#\\\/schema\\\/logo\\\/image\\\/\",\"url\":\"https:\\\/\\\/www.notibras.com\\\/site\\\/wp-content\\\/uploads\\\/2023\\\/01\\\/notibras23.png\",\"contentUrl\":\"https:\\\/\\\/www.notibras.com\\\/site\\\/wp-content\\\/uploads\\\/2023\\\/01\\\/notibras23.png\",\"width\":350,\"height\":87,\"caption\":\"Grupo Notibras de Comunica\u00e7\u00e3o\"},\"image\":{\"@id\":\"https:\\\/\\\/www.notibras.com\\\/site\\\/#\\\/schema\\\/logo\\\/image\\\/\"},\"sameAs\":[\"https:\\\/\\\/www.facebook.com\\\/notibras\\\/\",\"https:\\\/\\\/x.com\\\/Notibras\",\"https:\\\/\\\/www.instagram.com\\\/notibras\\\/\"]},{\"@type\":\"Person\",\"@id\":\"https:\\\/\\\/www.notibras.com\\\/site\\\/#\\\/schema\\\/person\\\/36ab0979449956132d3e5b517ea76ac8\",\"name\":\"Reda\u00e7\u00e3o\",\"image\":{\"@type\":\"ImageObject\",\"inLanguage\":\"pt-BR\",\"@id\":\"https:\\\/\\\/secure.gravatar.com\\\/avatar\\\/e0a867bdedb85fd243eadf09663511f96fc81e0720a4a42581f334ad4303aa6b?s=96&d=mm&r=g\",\"url\":\"https:\\\/\\\/secure.gravatar.com\\\/avatar\\\/e0a867bdedb85fd243eadf09663511f96fc81e0720a4a42581f334ad4303aa6b?s=96&d=mm&r=g\",\"contentUrl\":\"https:\\\/\\\/secure.gravatar.com\\\/avatar\\\/e0a867bdedb85fd243eadf09663511f96fc81e0720a4a42581f334ad4303aa6b?s=96&d=mm&r=g\",\"caption\":\"Reda\u00e7\u00e3o\"}}]}<\/script>\n<!-- \/ Yoast SEO plugin. -->","yoast_head_json":{"title":"Eleitor PCD ter\u00e1 transporte e urnas adaptadas - Notibras","robots":{"index":"index","follow":"follow","max-snippet":"max-snippet:-1","max-image-preview":"max-image-preview:large","max-video-preview":"max-video-preview:-1"},"canonical":"https:\/\/www.notibras.com\/site\/eleitor-pcd-tera-transporte-e-urnas-adaptadas\/","og_locale":"pt_BR","og_type":"article","og_title":"Eleitor PCD ter\u00e1 transporte e urnas adaptadas - Notibras","og_description":"Diante do crescimento expressivo do n\u00famero de eleitores com algum tipo de defici\u00eancia f\u00edsica ou dificuldade motora, a Justi\u00e7a Eleitoral estruturou uma s\u00e9rie de iniciativas que permitem a esses cidad\u00e3os e cidad\u00e3s exercer o direito ao voto com autonomia e dignidade. Dados do Tribunal Superior Eleitoral (TSE) indicam que o eleitorado com alguma defici\u00eancia aumentou [&hellip;]","og_url":"https:\/\/www.notibras.com\/site\/eleitor-pcd-tera-transporte-e-urnas-adaptadas\/","og_site_name":"Notibras","article_publisher":"https:\/\/www.facebook.com\/notibras\/","article_published_time":"2026-09-05T13:51:51+00:00","og_image":[{"width":1170,"height":700,"url":"https:\/\/www.notibras.com\/site\/wp-content\/uploads\/2026\/09\/55479159518_d4fcdea6ff_6k-5.webp","type":"image\/webp"}],"author":"Reda\u00e7\u00e3o","twitter_card":"summary_large_image","twitter_creator":"@Notibras","twitter_site":"@Notibras","twitter_misc":{"Escrito por":"Reda\u00e7\u00e3o","Est. tempo de leitura":"4 minutos"},"schema":{"@context":"https:\/\/schema.org","@graph":[{"@type":"Article","@id":"https:\/\/www.notibras.com\/site\/eleitor-pcd-tera-transporte-e-urnas-adaptadas\/#article","isPartOf":{"@id":"https:\/\/www.notibras.com\/site\/eleitor-pcd-tera-transporte-e-urnas-adaptadas\/"},"author":{"name":"Reda\u00e7\u00e3o","@id":"https:\/\/www.notibras.com\/site\/#\/schema\/person\/36ab0979449956132d3e5b517ea76ac8"},"headline":"Eleitor PCD ter\u00e1 transporte e urnas adaptadas","datePublished":"2026-09-05T13:51:51+00:00","mainEntityOfPage":{"@id":"https:\/\/www.notibras.com\/site\/eleitor-pcd-tera-transporte-e-urnas-adaptadas\/"},"wordCount":618,"publisher":{"@id":"https:\/\/www.notibras.com\/site\/#organization"},"image":{"@id":"https:\/\/www.notibras.com\/site\/eleitor-pcd-tera-transporte-e-urnas-adaptadas\/#primaryimage"},"thumbnailUrl":"https:\/\/www.notibras.com\/site\/wp-content\/uploads\/2026\/09\/55479159518_d4fcdea6ff_6k-5.webp","articleSection":["Elei\u00e7\u00f5es Bras\u00edlia"],"inLanguage":"pt-BR"},{"@type":"WebPage","@id":"https:\/\/www.notibras.com\/site\/eleitor-pcd-tera-transporte-e-urnas-adaptadas\/","url":"https:\/\/www.notibras.com\/site\/eleitor-pcd-tera-transporte-e-urnas-adaptadas\/","name":"Eleitor PCD ter\u00e1 transporte e urnas adaptadas - Notibras","isPartOf":{"@id":"https:\/\/www.notibras.com\/site\/#website"},"primaryImageOfPage":{"@id":"https:\/\/www.notibras.com\/site\/eleitor-pcd-tera-transporte-e-urnas-adaptadas\/#primaryimage"},"image":{"@id":"https:\/\/www.notibras.com\/site\/eleitor-pcd-tera-transporte-e-urnas-adaptadas\/#primaryimage"},"thumbnailUrl":"https:\/\/www.notibras.com\/site\/wp-content\/uploads\/2026\/09\/55479159518_d4fcdea6ff_6k-5.webp","datePublished":"2026-09-05T13:51:51+00:00","breadcrumb":{"@id":"https:\/\/www.notibras.com\/site\/eleitor-pcd-tera-transporte-e-urnas-adaptadas\/#breadcrumb"},"inLanguage":"pt-BR","potentialAction":[{"@type":"ReadAction","target":["https:\/\/www.notibras.com\/site\/eleitor-pcd-tera-transporte-e-urnas-adaptadas\/"]}]},{"@type":"ImageObject","inLanguage":"pt-BR","@id":"https:\/\/www.notibras.com\/site\/eleitor-pcd-tera-transporte-e-urnas-adaptadas\/#primaryimage","url":"https:\/\/www.notibras.com\/site\/wp-content\/uploads\/2026\/09\/55479159518_d4fcdea6ff_6k-5.webp","contentUrl":"https:\/\/www.notibras.com\/site\/wp-content\/uploads\/2026\/09\/55479159518_d4fcdea6ff_6k-5.webp","width":1170,"height":700},{"@type":"BreadcrumbList","@id":"https:\/\/www.notibras.com\/site\/eleitor-pcd-tera-transporte-e-urnas-adaptadas\/#breadcrumb","itemListElement":[{"@type":"ListItem","position":1,"name":"In\u00edcio","item":"https:\/\/www.notibras.com\/site\/"},{"@type":"ListItem","position":2,"name":"Eleitor PCD ter\u00e1 transporte e urnas adaptadas"}]},{"@type":"WebSite","@id":"https:\/\/www.notibras.com\/site\/#website","url":"https:\/\/www.notibras.com\/site\/","name":"Notibras","description":"Not\u00edcias de Bras\u00edlia, do Brasil e do Mundo","publisher":{"@id":"https:\/\/www.notibras.com\/site\/#organization"},"potentialAction":[{"@type":"SearchAction","target":{"@type":"EntryPoint","urlTemplate":"https:\/\/www.notibras.com\/site\/?s={search_term_string}"},"query-input":{"@type":"PropertyValueSpecification","valueRequired":true,"valueName":"search_term_string"}}],"inLanguage":"pt-BR"},{"@type":"Organization","@id":"https:\/\/www.notibras.com\/site\/#organization","name":"Grupo Notibras de Comunica\u00e7\u00e3o","url":"https:\/\/www.notibras.com\/site\/","logo":{"@type":"ImageObject","inLanguage":"pt-BR","@id":"https:\/\/www.notibras.com\/site\/#\/schema\/logo\/image\/","url":"https:\/\/www.notibras.com\/site\/wp-content\/uploads\/2023\/01\/notibras23.png","contentUrl":"https:\/\/www.notibras.com\/site\/wp-content\/uploads\/2023\/01\/notibras23.png","width":350,"height":87,"caption":"Grupo Notibras de Comunica\u00e7\u00e3o"},"image":{"@id":"https:\/\/www.notibras.com\/site\/#\/schema\/logo\/image\/"},"sameAs":["https:\/\/www.facebook.com\/notibras\/","https:\/\/x.com\/Notibras","https:\/\/www.instagram.com\/notibras\/"]},{"@type":"Person","@id":"https:\/\/www.notibras.com\/site\/#\/schema\/person\/36ab0979449956132d3e5b517ea76ac8","name":"Reda\u00e7\u00e3o","image":{"@type":"ImageObject","inLanguage":"pt-BR","@id":"https:\/\/secure.gravatar.com\/avatar\/e0a867bdedb85fd243eadf09663511f96fc81e0720a4a42581f334ad4303aa6b?s=96&d=mm&r=g","url":"https:\/\/secure.gravatar.com\/avatar\/e0a867bdedb85fd243eadf09663511f96fc81e0720a4a42581f334ad4303aa6b?s=96&d=mm&r=g","contentUrl":"https:\/\/secure.gravatar.com\/avatar\/e0a867bdedb85fd243eadf09663511f96fc81e0720a4a42581f334ad4303aa6b?s=96&d=mm&r=g","caption":"Reda\u00e7\u00e3o"}}]}},"_links":{"self":[{"href":"https:\/\/www.notibras.com\/site\/wp-json\/wp\/v2\/posts\/409284","targetHints":{"allow":["GET"]}}],"collection":[{"href":"https:\/\/www.notibras.com\/site\/wp-json\/wp\/v2\/posts"}],"about":[{"href":"https:\/\/www.notibras.com\/site\/wp-json\/wp\/v2\/types\/post"}],"author":[{"embeddable":true,"href":"https:\/\/www.notibras.com\/site\/wp-json\/wp\/v2\/users\/2"}],"replies":[{"embeddable":true,"href":"https:\/\/www.notibras.com\/site\/wp-json\/wp\/v2\/comments?post=409284"}],"version-history":[{"count":1,"href":"https:\/\/www.notibras.com\/site\/wp-json\/wp\/v2\/posts\/409284\/revisions"}],"predecessor-version":[{"id":409286,"href":"https:\/\/www.notibras.com\/site\/wp-json\/wp\/v2\/posts\/409284\/revisions\/409286"}],"wp:featuredmedia":[{"embeddable":true,"href":"https:\/\/www.notibras.com\/site\/wp-json\/wp\/v2\/media\/409285"}],"wp:attachment":[{"href":"https:\/\/www.notibras.com\/site\/wp-json\/wp\/v2\/media?parent=409284"}],"wp:term":[{"taxonomy":"category","embeddable":true,"href":"https:\/\/www.notibras.com\/site\/wp-json\/wp\/v2\/categories?post=409284"},{"taxonomy":"post_tag","embeddable":true,"href":"https:\/\/www.notibras.com\/site\/wp-json\/wp\/v2\/tags?post=409284"},{"taxonomy":"tmauthors","embeddable":true,"href":"https:\/\/www.notibras.com\/site\/wp-json\/wp\/v2\/tmauthors?post=409284"}],"curies":[{"name":"wp","href":"https:\/\/api.w.org\/{rel}","templated":true}]}}