{"id":409287,"date":"2026-09-05T12:11:37","date_gmt":"2026-09-05T15:11:37","guid":{"rendered":"https:\/\/www.notibras.com\/site\/?p=409287"},"modified":"2026-09-05T12:17:46","modified_gmt":"2026-09-05T15:17:46","slug":"gasly-faz-historia-com-pole-no-gp-de-monza","status":"publish","type":"post","link":"https:\/\/www.notibras.com\/site\/gasly-faz-historia-com-pole-no-gp-de-monza\/","title":{"rendered":"Gasly faz hist\u00f3ria com pole no GP de Monza"},"content":{"rendered":"<p>Pierre Gasly escreveu neste s\u00e1bado, 5, uma das p\u00e1ginas mais surpreendentes da temporada 2026 da F\u00f3rmula 1. O franc\u00eas da Alpine desbancou Mercedes, McLaren, Ferrari e Red Bull e conquistou a pole position para o Grande Pr\u00eamio da It\u00e1lia, que ser\u00e1 disputado neste domingo, 6, no tradicional circuito de Monza.<\/p>\n<p>Gasly marcou 1min21s786 em sua volta decisiva no Q3 e superou George Russell, da Mercedes, por apenas 0s060. Al\u00e9m de ser a primeira pole da carreira do franc\u00eas na F\u00f3rmula 1, o resultado representa a primeira posi\u00e7\u00e3o de honra da Alpine desde que a equipe passou a utilizar esse nome. \u00c9 tamb\u00e9m a primeira pole de um piloto franc\u00eas desde Jean Alesi, em 1997 \u2014 curiosamente tamb\u00e9m em Monza.<\/p>\n<p>A surpresa foi ainda maior porque Russell parecia ser o homem a ser batido. O brit\u00e2nico havia liderado o terceiro treino livre e chegou a ocupar provisoriamente a primeira posi\u00e7\u00e3o no Q3. Gasly, por\u00e9m, guardou o melhor para os instantes finais e arrancou uma volta praticamente perfeita no chamado Templo da Velocidade.<\/p>\n<p>Oscar Piastri, da McLaren, terminou em terceiro, com 1min21s966, e dividir\u00e1 a segunda fila com Charles Leclerc. A Ferrari, correndo diante dos apaixonados tifosi, colocou tamb\u00e9m Lewis Hamilton entre os cinco primeiros.<\/p>\n<p>Max Verstappen ficou com a sexta posi\u00e7\u00e3o, seguido por Kimi Antonelli. O italiano, por\u00e9m, tem puni\u00e7\u00e3o por troca de componentes da unidade de pot\u00eancia e dever\u00e1 largar no fundo do grid. Franco Colapinto completou o grande s\u00e1bado da Alpine com o oitavo tempo. Lando Norris foi o nono e Arvid Lindblad fechou os dez primeiros.<\/p>\n<p>Para Gabriel Bortoleto, o s\u00e1bado terminou com um daqueles resultados capazes de provocar sentimentos contradit\u00f3rios. O brasileiro da Audi ficou com a 11\u00aa coloca\u00e7\u00e3o na classifica\u00e7\u00e3o, registrando 1min22s517 no Q2, e esteve absurdamente perto de avan\u00e7ar para a disputa da pole.<\/p>\n<p>Bortoleto foi eliminado por apenas 0s001 em rela\u00e7\u00e3o a Lewis Hamilton, que conseguiu a d\u00e9cima e \u00faltima vaga para o Q3 naquele momento da sess\u00e3o. Charles Leclerc tamb\u00e9m escapou por margem m\u00ednima: ficou somente sete mil\u00e9simos \u00e0 frente do companheiro de Ferrari.<\/p>\n<p>Foi, portanto, uma elimina\u00e7\u00e3o por uma diferen\u00e7a quase impercept\u00edvel. Em uma pista de mais de 5,7 quil\u00f4metros, percorrida a velocidades alt\u00edssimas, um \u00fanico mil\u00e9simo separou Bortoleto da batalha entre os dez mais r\u00e1pidos.<\/p>\n<p>O desempenho, contudo, mostrou evolu\u00e7\u00e3o da Audi ao longo do fim de semana. No terceiro treino livre, Bortoleto havia terminado apenas em 13\u00ba e demonstrado dificuldades principalmente para extrair rendimento dos pneus macios. Na classifica\u00e7\u00e3o, conseguiu avan\u00e7ar ao Q2 e superou novamente o companheiro Nico H\u00fclkenberg, que terminou em 13\u00ba.<\/p>\n<p>Com puni\u00e7\u00f5es j\u00e1 previstas para alguns concorrentes, por\u00e9m, a forma\u00e7\u00e3o definitiva do grid ainda depende das decis\u00f5es e penalidades aplicadas antes da corrida. Antonelli tem puni\u00e7\u00e3o por componentes do motor, assim como Liam Lawson, e Oscar Piastri ficou sob investiga\u00e7\u00e3o por um poss\u00edvel bloqueio sobre Lawson no Q2. Portanto, o 11\u00ba lugar de Bortoleto na classifica\u00e7\u00e3o n\u00e3o necessariamente corresponder\u00e1 \u00e0 posi\u00e7\u00e3o efetiva de largada.<\/p>\n<p>A pole de Gasly embaralha completamente as previs\u00f5es para o GP da It\u00e1lia. A Alpine ter\u00e1 um carro na primeira e outro entre as primeiras posi\u00e7\u00f5es, enquanto Mercedes, Ferrari, McLaren e Red Bull estar\u00e3o logo atr\u00e1s tentando transformar a enorme velocidade das retas de Monza em oportunidade de ultrapassagem.<\/p>\n<p>Para Gasly, ser\u00e1 a chance de transformar uma pole hist\u00f3rica em um resultado ainda maior. Para Bortoleto, Monza oferece terreno conhecido: foi justamente no circuito italiano que o brasileiro protagonizou, na F\u00f3rmula 2 de 2024, uma extraordin\u00e1ria recupera\u00e7\u00e3o do \u00faltimo lugar do grid at\u00e9 a vit\u00f3ria \u2014 uma das atua\u00e7\u00f5es que ajudaram a pavimentar seu caminho at\u00e9 a F\u00f3rmula 1.<\/p>\n<p>O Grande Pr\u00eamio da It\u00e1lia est\u00e1 marcado para as 10h deste domingo, 6, pelo hor\u00e1rio de Bras\u00edlia. E o cen\u00e1rio est\u00e1 armado: Gasly tem a pole que ningu\u00e9m esperava; Russell parte para o ataque; Ferrari corre empurrada pela multid\u00e3o vermelha; e Bortoleto est\u00e1 novamente \u00e0 espreita dos pontos. Em Monza, onde velocidade \u00e9 quase sin\u00f4nimo de religi\u00e3o, os primeiros metros at\u00e9 a Variante del Rettifilo prometem ser eletrizantes.<\/p>\n","protected":false},"excerpt":{"rendered":"<p>Pierre Gasly escreveu neste s\u00e1bado, 5, uma das p\u00e1ginas mais surpreendentes da temporada 2026 da F\u00f3rmula 1. O franc\u00eas da Alpine desbancou Mercedes, McLaren, Ferrari e Red Bull e conquistou a pole position para o Grande Pr\u00eamio da It\u00e1lia, que ser\u00e1 disputado neste domingo, 6, no tradicional circuito de Monza. Gasly marcou 1min21s786 em sua [&hellip;]<\/p>\n","protected":false},"author":2,"featured_media":409288,"comment_status":"closed","ping_status":"closed","sticky":false,"template":"","format":"standard","meta":{"_acf_changed":false,"footnotes":""},"categories":[19],"tags":[95],"tmauthors":[307],"class_list":["post-409287","post","type-post","status-publish","format-standard","has-post-thumbnail","category-esportes","tag-capa"],"acf":[],"yoast_head":"<!-- This site is optimized with the Yoast SEO plugin v28.0 - https:\/\/yoast.com\/product\/yoast-seo-wordpress\/ -->\n<title>Gasly faz hist\u00f3ria com pole no GP de Monza - Notibras<\/title>\n<meta name=\"robots\" content=\"index, follow, max-snippet:-1, max-image-preview:large, max-video-preview:-1\" \/>\n<link rel=\"canonical\" href=\"https:\/\/www.notibras.com\/site\/gasly-faz-historia-com-pole-no-gp-de-monza\/\" \/>\n<meta property=\"og:locale\" content=\"pt_BR\" \/>\n<meta property=\"og:type\" content=\"article\" \/>\n<meta property=\"og:title\" content=\"Gasly faz hist\u00f3ria com pole no GP de Monza - Notibras\" \/>\n<meta property=\"og:description\" content=\"Pierre Gasly escreveu neste s\u00e1bado, 5, uma das p\u00e1ginas mais surpreendentes da temporada 2026 da F\u00f3rmula 1. O franc\u00eas da Alpine desbancou Mercedes, McLaren, Ferrari e Red Bull e conquistou a pole position para o Grande Pr\u00eamio da It\u00e1lia, que ser\u00e1 disputado neste domingo, 6, no tradicional circuito de Monza. Gasly marcou 1min21s786 em sua [&hellip;]\" \/>\n<meta property=\"og:url\" content=\"https:\/\/www.notibras.com\/site\/gasly-faz-historia-com-pole-no-gp-de-monza\/\" \/>\n<meta property=\"og:site_name\" content=\"Notibras\" \/>\n<meta property=\"article:publisher\" content=\"https:\/\/www.facebook.com\/notibras\/\" \/>\n<meta property=\"article:published_time\" content=\"2026-09-05T15:11:37+00:00\" \/>\n<meta property=\"article:modified_time\" content=\"2026-09-05T15:17:46+00:00\" \/>\n<meta property=\"og:image\" content=\"https:\/\/www.notibras.com\/site\/wp-content\/uploads\/2026\/09\/gasly.f1.jpg\" \/>\n\t<meta property=\"og:image:width\" content=\"2048\" \/>\n\t<meta property=\"og:image:height\" content=\"1365\" \/>\n\t<meta property=\"og:image:type\" content=\"image\/jpeg\" \/>\n<meta name=\"author\" content=\"Reda\u00e7\u00e3o\" \/>\n<meta name=\"twitter:card\" content=\"summary_large_image\" \/>\n<meta name=\"twitter:creator\" content=\"@Notibras\" \/>\n<meta name=\"twitter:site\" content=\"@Notibras\" \/>\n<meta name=\"twitter:label1\" content=\"Escrito por\" \/>\n\t<meta name=\"twitter:data1\" content=\"Reda\u00e7\u00e3o\" \/>\n\t<meta name=\"twitter:label2\" content=\"Est. tempo de leitura\" \/>\n\t<meta name=\"twitter:data2\" content=\"4 minutos\" \/>\n<script type=\"application\/ld+json\" class=\"yoast-schema-graph\">{\"@context\":\"https:\\\/\\\/schema.org\",\"@graph\":[{\"@type\":\"Article\",\"@id\":\"https:\\\/\\\/www.notibras.com\\\/site\\\/gasly-faz-historia-com-pole-no-gp-de-monza\\\/#article\",\"isPartOf\":{\"@id\":\"https:\\\/\\\/www.notibras.com\\\/site\\\/gasly-faz-historia-com-pole-no-gp-de-monza\\\/\"},\"author\":{\"name\":\"Reda\u00e7\u00e3o\",\"@id\":\"https:\\\/\\\/www.notibras.com\\\/site\\\/#\\\/schema\\\/person\\\/36ab0979449956132d3e5b517ea76ac8\"},\"headline\":\"Gasly faz hist\u00f3ria com pole no GP de Monza\",\"datePublished\":\"2026-09-05T15:11:37+00:00\",\"dateModified\":\"2026-09-05T15:17:46+00:00\",\"mainEntityOfPage\":{\"@id\":\"https:\\\/\\\/www.notibras.com\\\/site\\\/gasly-faz-historia-com-pole-no-gp-de-monza\\\/\"},\"wordCount\":731,\"publisher\":{\"@id\":\"https:\\\/\\\/www.notibras.com\\\/site\\\/#organization\"},\"image\":{\"@id\":\"https:\\\/\\\/www.notibras.com\\\/site\\\/gasly-faz-historia-com-pole-no-gp-de-monza\\\/#primaryimage\"},\"thumbnailUrl\":\"https:\\\/\\\/www.notibras.com\\\/site\\\/wp-content\\\/uploads\\\/2026\\\/09\\\/gasly.f1.jpg\",\"keywords\":[\"capa\"],\"articleSection\":[\"Esportes\"],\"inLanguage\":\"pt-BR\"},{\"@type\":\"WebPage\",\"@id\":\"https:\\\/\\\/www.notibras.com\\\/site\\\/gasly-faz-historia-com-pole-no-gp-de-monza\\\/\",\"url\":\"https:\\\/\\\/www.notibras.com\\\/site\\\/gasly-faz-historia-com-pole-no-gp-de-monza\\\/\",\"name\":\"Gasly faz hist\u00f3ria com pole no GP de Monza - Notibras\",\"isPartOf\":{\"@id\":\"https:\\\/\\\/www.notibras.com\\\/site\\\/#website\"},\"primaryImageOfPage\":{\"@id\":\"https:\\\/\\\/www.notibras.com\\\/site\\\/gasly-faz-historia-com-pole-no-gp-de-monza\\\/#primaryimage\"},\"image\":{\"@id\":\"https:\\\/\\\/www.notibras.com\\\/site\\\/gasly-faz-historia-com-pole-no-gp-de-monza\\\/#primaryimage\"},\"thumbnailUrl\":\"https:\\\/\\\/www.notibras.com\\\/site\\\/wp-content\\\/uploads\\\/2026\\\/09\\\/gasly.f1.jpg\",\"datePublished\":\"2026-09-05T15:11:37+00:00\",\"dateModified\":\"2026-09-05T15:17:46+00:00\",\"breadcrumb\":{\"@id\":\"https:\\\/\\\/www.notibras.com\\\/site\\\/gasly-faz-historia-com-pole-no-gp-de-monza\\\/#breadcrumb\"},\"inLanguage\":\"pt-BR\",\"potentialAction\":[{\"@type\":\"ReadAction\",\"target\":[\"https:\\\/\\\/www.notibras.com\\\/site\\\/gasly-faz-historia-com-pole-no-gp-de-monza\\\/\"]}]},{\"@type\":\"ImageObject\",\"inLanguage\":\"pt-BR\",\"@id\":\"https:\\\/\\\/www.notibras.com\\\/site\\\/gasly-faz-historia-com-pole-no-gp-de-monza\\\/#primaryimage\",\"url\":\"https:\\\/\\\/www.notibras.com\\\/site\\\/wp-content\\\/uploads\\\/2026\\\/09\\\/gasly.f1.jpg\",\"contentUrl\":\"https:\\\/\\\/www.notibras.com\\\/site\\\/wp-content\\\/uploads\\\/2026\\\/09\\\/gasly.f1.jpg\",\"width\":2048,\"height\":1365},{\"@type\":\"BreadcrumbList\",\"@id\":\"https:\\\/\\\/www.notibras.com\\\/site\\\/gasly-faz-historia-com-pole-no-gp-de-monza\\\/#breadcrumb\",\"itemListElement\":[{\"@type\":\"ListItem\",\"position\":1,\"name\":\"In\u00edcio\",\"item\":\"https:\\\/\\\/www.notibras.com\\\/site\\\/\"},{\"@type\":\"ListItem\",\"position\":2,\"name\":\"Gasly faz hist\u00f3ria com pole no GP de Monza\"}]},{\"@type\":\"WebSite\",\"@id\":\"https:\\\/\\\/www.notibras.com\\\/site\\\/#website\",\"url\":\"https:\\\/\\\/www.notibras.com\\\/site\\\/\",\"name\":\"Notibras\",\"description\":\"Not\u00edcias de Bras\u00edlia, do Brasil e do Mundo\",\"publisher\":{\"@id\":\"https:\\\/\\\/www.notibras.com\\\/site\\\/#organization\"},\"potentialAction\":[{\"@type\":\"SearchAction\",\"target\":{\"@type\":\"EntryPoint\",\"urlTemplate\":\"https:\\\/\\\/www.notibras.com\\\/site\\\/?s={search_term_string}\"},\"query-input\":{\"@type\":\"PropertyValueSpecification\",\"valueRequired\":true,\"valueName\":\"search_term_string\"}}],\"inLanguage\":\"pt-BR\"},{\"@type\":\"Organization\",\"@id\":\"https:\\\/\\\/www.notibras.com\\\/site\\\/#organization\",\"name\":\"Grupo Notibras de Comunica\u00e7\u00e3o\",\"url\":\"https:\\\/\\\/www.notibras.com\\\/site\\\/\",\"logo\":{\"@type\":\"ImageObject\",\"inLanguage\":\"pt-BR\",\"@id\":\"https:\\\/\\\/www.notibras.com\\\/site\\\/#\\\/schema\\\/logo\\\/image\\\/\",\"url\":\"https:\\\/\\\/www.notibras.com\\\/site\\\/wp-content\\\/uploads\\\/2023\\\/01\\\/notibras23.png\",\"contentUrl\":\"https:\\\/\\\/www.notibras.com\\\/site\\\/wp-content\\\/uploads\\\/2023\\\/01\\\/notibras23.png\",\"width\":350,\"height\":87,\"caption\":\"Grupo Notibras de Comunica\u00e7\u00e3o\"},\"image\":{\"@id\":\"https:\\\/\\\/www.notibras.com\\\/site\\\/#\\\/schema\\\/logo\\\/image\\\/\"},\"sameAs\":[\"https:\\\/\\\/www.facebook.com\\\/notibras\\\/\",\"https:\\\/\\\/x.com\\\/Notibras\",\"https:\\\/\\\/www.instagram.com\\\/notibras\\\/\"]},{\"@type\":\"Person\",\"@id\":\"https:\\\/\\\/www.notibras.com\\\/site\\\/#\\\/schema\\\/person\\\/36ab0979449956132d3e5b517ea76ac8\",\"name\":\"Reda\u00e7\u00e3o\",\"image\":{\"@type\":\"ImageObject\",\"inLanguage\":\"pt-BR\",\"@id\":\"https:\\\/\\\/secure.gravatar.com\\\/avatar\\\/e0a867bdedb85fd243eadf09663511f96fc81e0720a4a42581f334ad4303aa6b?s=96&d=mm&r=g\",\"url\":\"https:\\\/\\\/secure.gravatar.com\\\/avatar\\\/e0a867bdedb85fd243eadf09663511f96fc81e0720a4a42581f334ad4303aa6b?s=96&d=mm&r=g\",\"contentUrl\":\"https:\\\/\\\/secure.gravatar.com\\\/avatar\\\/e0a867bdedb85fd243eadf09663511f96fc81e0720a4a42581f334ad4303aa6b?s=96&d=mm&r=g\",\"caption\":\"Reda\u00e7\u00e3o\"}}]}<\/script>\n<!-- \/ Yoast SEO plugin. -->","yoast_head_json":{"title":"Gasly faz hist\u00f3ria com pole no GP de Monza - Notibras","robots":{"index":"index","follow":"follow","max-snippet":"max-snippet:-1","max-image-preview":"max-image-preview:large","max-video-preview":"max-video-preview:-1"},"canonical":"https:\/\/www.notibras.com\/site\/gasly-faz-historia-com-pole-no-gp-de-monza\/","og_locale":"pt_BR","og_type":"article","og_title":"Gasly faz hist\u00f3ria com pole no GP de Monza - Notibras","og_description":"Pierre Gasly escreveu neste s\u00e1bado, 5, uma das p\u00e1ginas mais surpreendentes da temporada 2026 da F\u00f3rmula 1. O franc\u00eas da Alpine desbancou Mercedes, McLaren, Ferrari e Red Bull e conquistou a pole position para o Grande Pr\u00eamio da It\u00e1lia, que ser\u00e1 disputado neste domingo, 6, no tradicional circuito de Monza. Gasly marcou 1min21s786 em sua [&hellip;]","og_url":"https:\/\/www.notibras.com\/site\/gasly-faz-historia-com-pole-no-gp-de-monza\/","og_site_name":"Notibras","article_publisher":"https:\/\/www.facebook.com\/notibras\/","article_published_time":"2026-09-05T15:11:37+00:00","article_modified_time":"2026-09-05T15:17:46+00:00","og_image":[{"width":2048,"height":1365,"url":"https:\/\/www.notibras.com\/site\/wp-content\/uploads\/2026\/09\/gasly.f1.jpg","type":"image\/jpeg"}],"author":"Reda\u00e7\u00e3o","twitter_card":"summary_large_image","twitter_creator":"@Notibras","twitter_site":"@Notibras","twitter_misc":{"Escrito por":"Reda\u00e7\u00e3o","Est. tempo de leitura":"4 minutos"},"schema":{"@context":"https:\/\/schema.org","@graph":[{"@type":"Article","@id":"https:\/\/www.notibras.com\/site\/gasly-faz-historia-com-pole-no-gp-de-monza\/#article","isPartOf":{"@id":"https:\/\/www.notibras.com\/site\/gasly-faz-historia-com-pole-no-gp-de-monza\/"},"author":{"name":"Reda\u00e7\u00e3o","@id":"https:\/\/www.notibras.com\/site\/#\/schema\/person\/36ab0979449956132d3e5b517ea76ac8"},"headline":"Gasly faz hist\u00f3ria com pole no GP de Monza","datePublished":"2026-09-05T15:11:37+00:00","dateModified":"2026-09-05T15:17:46+00:00","mainEntityOfPage":{"@id":"https:\/\/www.notibras.com\/site\/gasly-faz-historia-com-pole-no-gp-de-monza\/"},"wordCount":731,"publisher":{"@id":"https:\/\/www.notibras.com\/site\/#organization"},"image":{"@id":"https:\/\/www.notibras.com\/site\/gasly-faz-historia-com-pole-no-gp-de-monza\/#primaryimage"},"thumbnailUrl":"https:\/\/www.notibras.com\/site\/wp-content\/uploads\/2026\/09\/gasly.f1.jpg","keywords":["capa"],"articleSection":["Esportes"],"inLanguage":"pt-BR"},{"@type":"WebPage","@id":"https:\/\/www.notibras.com\/site\/gasly-faz-historia-com-pole-no-gp-de-monza\/","url":"https:\/\/www.notibras.com\/site\/gasly-faz-historia-com-pole-no-gp-de-monza\/","name":"Gasly faz hist\u00f3ria com pole no GP de Monza - Notibras","isPartOf":{"@id":"https:\/\/www.notibras.com\/site\/#website"},"primaryImageOfPage":{"@id":"https:\/\/www.notibras.com\/site\/gasly-faz-historia-com-pole-no-gp-de-monza\/#primaryimage"},"image":{"@id":"https:\/\/www.notibras.com\/site\/gasly-faz-historia-com-pole-no-gp-de-monza\/#primaryimage"},"thumbnailUrl":"https:\/\/www.notibras.com\/site\/wp-content\/uploads\/2026\/09\/gasly.f1.jpg","datePublished":"2026-09-05T15:11:37+00:00","dateModified":"2026-09-05T15:17:46+00:00","breadcrumb":{"@id":"https:\/\/www.notibras.com\/site\/gasly-faz-historia-com-pole-no-gp-de-monza\/#breadcrumb"},"inLanguage":"pt-BR","potentialAction":[{"@type":"ReadAction","target":["https:\/\/www.notibras.com\/site\/gasly-faz-historia-com-pole-no-gp-de-monza\/"]}]},{"@type":"ImageObject","inLanguage":"pt-BR","@id":"https:\/\/www.notibras.com\/site\/gasly-faz-historia-com-pole-no-gp-de-monza\/#primaryimage","url":"https:\/\/www.notibras.com\/site\/wp-content\/uploads\/2026\/09\/gasly.f1.jpg","contentUrl":"https:\/\/www.notibras.com\/site\/wp-content\/uploads\/2026\/09\/gasly.f1.jpg","width":2048,"height":1365},{"@type":"BreadcrumbList","@id":"https:\/\/www.notibras.com\/site\/gasly-faz-historia-com-pole-no-gp-de-monza\/#breadcrumb","itemListElement":[{"@type":"ListItem","position":1,"name":"In\u00edcio","item":"https:\/\/www.notibras.com\/site\/"},{"@type":"ListItem","position":2,"name":"Gasly faz hist\u00f3ria com pole no GP de Monza"}]},{"@type":"WebSite","@id":"https:\/\/www.notibras.com\/site\/#website","url":"https:\/\/www.notibras.com\/site\/","name":"Notibras","description":"Not\u00edcias de Bras\u00edlia, do Brasil e do Mundo","publisher":{"@id":"https:\/\/www.notibras.com\/site\/#organization"},"potentialAction":[{"@type":"SearchAction","target":{"@type":"EntryPoint","urlTemplate":"https:\/\/www.notibras.com\/site\/?s={search_term_string}"},"query-input":{"@type":"PropertyValueSpecification","valueRequired":true,"valueName":"search_term_string"}}],"inLanguage":"pt-BR"},{"@type":"Organization","@id":"https:\/\/www.notibras.com\/site\/#organization","name":"Grupo Notibras de Comunica\u00e7\u00e3o","url":"https:\/\/www.notibras.com\/site\/","logo":{"@type":"ImageObject","inLanguage":"pt-BR","@id":"https:\/\/www.notibras.com\/site\/#\/schema\/logo\/image\/","url":"https:\/\/www.notibras.com\/site\/wp-content\/uploads\/2023\/01\/notibras23.png","contentUrl":"https:\/\/www.notibras.com\/site\/wp-content\/uploads\/2023\/01\/notibras23.png","width":350,"height":87,"caption":"Grupo Notibras de Comunica\u00e7\u00e3o"},"image":{"@id":"https:\/\/www.notibras.com\/site\/#\/schema\/logo\/image\/"},"sameAs":["https:\/\/www.facebook.com\/notibras\/","https:\/\/x.com\/Notibras","https:\/\/www.instagram.com\/notibras\/"]},{"@type":"Person","@id":"https:\/\/www.notibras.com\/site\/#\/schema\/person\/36ab0979449956132d3e5b517ea76ac8","name":"Reda\u00e7\u00e3o","image":{"@type":"ImageObject","inLanguage":"pt-BR","@id":"https:\/\/secure.gravatar.com\/avatar\/e0a867bdedb85fd243eadf09663511f96fc81e0720a4a42581f334ad4303aa6b?s=96&d=mm&r=g","url":"https:\/\/secure.gravatar.com\/avatar\/e0a867bdedb85fd243eadf09663511f96fc81e0720a4a42581f334ad4303aa6b?s=96&d=mm&r=g","contentUrl":"https:\/\/secure.gravatar.com\/avatar\/e0a867bdedb85fd243eadf09663511f96fc81e0720a4a42581f334ad4303aa6b?s=96&d=mm&r=g","caption":"Reda\u00e7\u00e3o"}}]}},"_links":{"self":[{"href":"https:\/\/www.notibras.com\/site\/wp-json\/wp\/v2\/posts\/409287","targetHints":{"allow":["GET"]}}],"collection":[{"href":"https:\/\/www.notibras.com\/site\/wp-json\/wp\/v2\/posts"}],"about":[{"href":"https:\/\/www.notibras.com\/site\/wp-json\/wp\/v2\/types\/post"}],"author":[{"embeddable":true,"href":"https:\/\/www.notibras.com\/site\/wp-json\/wp\/v2\/users\/2"}],"replies":[{"embeddable":true,"href":"https:\/\/www.notibras.com\/site\/wp-json\/wp\/v2\/comments?post=409287"}],"version-history":[{"count":1,"href":"https:\/\/www.notibras.com\/site\/wp-json\/wp\/v2\/posts\/409287\/revisions"}],"predecessor-version":[{"id":409289,"href":"https:\/\/www.notibras.com\/site\/wp-json\/wp\/v2\/posts\/409287\/revisions\/409289"}],"wp:featuredmedia":[{"embeddable":true,"href":"https:\/\/www.notibras.com\/site\/wp-json\/wp\/v2\/media\/409288"}],"wp:attachment":[{"href":"https:\/\/www.notibras.com\/site\/wp-json\/wp\/v2\/media?parent=409287"}],"wp:term":[{"taxonomy":"category","embeddable":true,"href":"https:\/\/www.notibras.com\/site\/wp-json\/wp\/v2\/categories?post=409287"},{"taxonomy":"post_tag","embeddable":true,"href":"https:\/\/www.notibras.com\/site\/wp-json\/wp\/v2\/tags?post=409287"},{"taxonomy":"tmauthors","embeddable":true,"href":"https:\/\/www.notibras.com\/site\/wp-json\/wp\/v2\/tmauthors?post=409287"}],"curies":[{"name":"wp","href":"https:\/\/api.w.org\/{rel}","templated":true}]}}