{"id":409291,"date":"2026-09-06T04:00:09","date_gmt":"2026-09-06T07:00:09","guid":{"rendered":"https:\/\/www.notibras.com\/site\/?p=409291"},"modified":"2026-09-06T04:16:44","modified_gmt":"2026-09-06T07:16:44","slug":"panleucopenia-a-doenca-contagiosa-que-afeta-gatos","status":"publish","type":"post","link":"https:\/\/www.notibras.com\/site\/panleucopenia-a-doenca-contagiosa-que-afeta-gatos\/","title":{"rendered":"Panleucopenia, a doen\u00e7a contagiosa que afeta gatos"},"content":{"rendered":"<p>Quem tem um gato em casa sabe o quanto esses animais s\u00e3o independentes e discretos, inclusive quando est\u00e3o doentes. No entanto, existe uma amea\u00e7a silenciosa que exige aten\u00e7\u00e3o m\u00e1xima de qualquer tutor: a panleucopenia felina. Causada pelo parvov\u00edrus felino (FPV), essa \u00e9 uma das doen\u00e7as virais mais graves e contagiosas do mundo animal. Ela compromete drasticamente as defesas naturais do bichano e, se n\u00e3o for diagnosticada e tratada a tempo, pode evoluir para um quadro fatal, especialmente em filhotes.<\/p>\n<p>O v\u00edrus causador da doen\u00e7a ataca diretamente as c\u00e9lulas que se multiplicam de forma r\u00e1pida no organismo do animal, concentrando-se na medula \u00f3ssea, no sistema linf\u00e1tico e no trato gastrointestinal. O resultado mais devastador dessa invas\u00e3o \u00e9 a destrui\u00e7\u00e3o massiva dos gl\u00f3bulos brancos (leuc\u00f3citos), que formam a linha de frente do sistema imunol\u00f3gico. Sem essas c\u00e9lulas de defesa, o felino fica completamente desprotegido, tornando-se um alvo f\u00e1cil para qualquer outra infec\u00e7\u00e3o secund\u00e1ria que cruze o seu caminho.<\/p>\n<p>Um dos fatores que torna a panleucopenia um verdadeiro pesadelo para os veterin\u00e1rios \u00e9 a resist\u00eancia extrema do v\u00edrus. Ele consegue sobreviver no ambiente por mais de um ano e \u00e9 liberado em grandes quantidades por meio de secre\u00e7\u00f5es e das fezes dos animais doentes. O cont\u00e1gio acontece facilmente quando um gato saud\u00e1vel entra em contato oral ou respirat\u00f3rio com essas got\u00edculas contaminadas, seja ao cheirar o ch\u00e3o, ao compartilhar comedouros, brinquedos ou at\u00e9 mesmo ao utilizar a mesma caixa de areia.<\/p>\n<p>A manifesta\u00e7\u00e3o da doen\u00e7a varia de acordo com a idade e a sa\u00fade do felino, dividindo-se em quatro formas principais. Na forma precoce, que atinge filhotes de 8 a 10 semanas, o sistema imunit\u00e1rio ainda n\u00e3o est\u00e1 desenvolvido e os gatinhos podem morrer subitamente, sem tempo de mostrar sinais claros \u2014 o que faz muitos tutores confundirem a doen\u00e7a com envenenamento. J\u00e1 na forma aguda, a evolu\u00e7\u00e3o tamb\u00e9m \u00e9 veloz, mas vem acompanhada de febre alta (entre 40\u00b0C e 41,5\u00b0C), depress\u00e3o, recusa a comer, v\u00f4mitos e uma diarreia l\u00edquida, intensa e com odor forte, por vezes contendo sangue.<\/p>\n<p>Existem ainda duas outras formas da doen\u00e7a que mostram o comportamento imprevis\u00edvel do parvov\u00edrus. Gatos adultos e com a imunidade forte podem desenvolver a forma subcl\u00ednica, apresentando sintomas muito leves ou ficando totalmente assintom\u00e1ticos. Por outro lado, h\u00e1 a tr\u00e1gica forma intrauterina: se uma gata prenhe for infectada, os filhotes podem morrer antes de nascer ou, caso sobrevivam, nascer\u00e3o com severas malforma\u00e7\u00f5es no cerebelo, carregando sequelas motoras e problemas de equil\u00edbrio por toda a vida.<\/p>\n<p>O diagn\u00f3stico preciso come\u00e7a com a percep\u00e7\u00e3o r\u00e1pida do tutor de que o comportamento do gato mudou. No consult\u00f3rio, o veterin\u00e1rio colhe o hist\u00f3rico e realiza exames complementares essenciais. O primeiro passo \u00e9 o hemograma, que confirma a queda dr\u00e1stica dos gl\u00f3bulos brancos. Como esse sintoma pode aparecer em outras infec\u00e7\u00f5es, a confirma\u00e7\u00e3o definitiva do culpado \u00e9 feita por meio de uma an\u00e1lise laboratorial das fezes do animal, geralmente realizada atrav\u00e9s do chamado Teste Elisa, que identifica a presen\u00e7a f\u00edsica do v\u00edrus.<\/p>\n<p>Por se tratar de uma doen\u00e7a viral, n\u00e3o existe um rem\u00e9dio que elimine o parvov\u00edrus diretamente do organismo; por isso, o tratamento baseia-se em medidas de suporte intensivas para manter o animal vivo enquanto seu pr\u00f3prio corpo reage. A interna\u00e7\u00e3o costuma ser necess\u00e1ria para a aplica\u00e7\u00e3o de fluidoterapia na veia, que reequilibra os eletr\u00f3litos e combate a grave desidrata\u00e7\u00e3o causada pelos v\u00f4mitos e diarreias. Medicamentos antiem\u00e9ticos e protetores g\u00e1stricos tamb\u00e9m entram em cena para aliviar o sofrimento do est\u00f4mago sens\u00edvel do bichano.<\/p>\n<p>Para garantir que o felino debilitado n\u00e3o seja derrotado por outras bact\u00e9rias oportunistas, os veterin\u00e1rios administram antibi\u00f3ticos de amplo espectro e imunoglobulinas para refor\u00e7ar a imunidade. Nos primeiros dias cr\u00edticos da recupera\u00e7\u00e3o, quando o gato se recusa terminantemente a comer, \u00e9 iniciada a nutri\u00e7\u00e3o parenteral direta na veia. Somente ap\u00f3s a estabiliza\u00e7\u00e3o do quadro gastrointestinal \u00e9 que o pet volta a receber alimentos s\u00f3lidos e leves, como por\u00e7\u00f5es de frango cozido sem tempero, e, em casos de anemia severa, bolsas de transfus\u00e3o de sangue podem ser solicitadas.<\/p>\n<p>A boa not\u00edcia no meio desse cen\u00e1rio preocupante \u00e9 que a preven\u00e7\u00e3o \u00e9 altamente eficaz e o caminho mais seguro para proteger quem amamos. A vacina\u00e7\u00e3o \u00e9 a principal arma da medicina veterin\u00e1ria e foi respons\u00e1vel por reduzir drasticamente os casos da doen\u00e7a nas \u00faltimas d\u00e9cadas. Os especialistas recomendam que a primeira dose seja aplicada a partir da oitava semana de vida do gatinho, estendendo-se com refor\u00e7os at\u00e9 o 15\u00ba m\u00eas. Depois de conclu\u00eddo o protocolo inicial, o felino deve receber uma dose de refor\u00e7o a cada tr\u00eas anos.<\/p>\n<p>Al\u00e9m das vacinas, manter uma rotina rigorosa de higiene dom\u00e9stica faz toda a diferen\u00e7a para quebrar o ciclo de transmiss\u00e3o do v\u00edrus. Como ele \u00e9 resistente aos produtos de limpeza comuns, os tutores devem higienizar comedouros, caixas de areia, cobertores e brinquedos com desinfetantes que possuam propriedades antivirais comprovadas. Vale destacar, para a tranquilidade da fam\u00edlia, que a panleucopenia n\u00e3o afeta seres humanos nem outros tipos de animais de estima\u00e7\u00e3o, sendo restrita aos felinos e algumas poucas esp\u00e9cies silvestres correlatas.<\/p>\n<p><strong>\u2026\u2026\u2026\u2026\u2026\u2026\u2026\u2026\u2026.<\/strong><\/p>\n<p><strong>Instagram:\u00a0<a href=\"https:\/\/www.instagram.com\/leoobernar\">@leoobernar<\/a><\/strong><\/p>\n","protected":false},"excerpt":{"rendered":"<p>Quem tem um gato em casa sabe o quanto esses animais s\u00e3o independentes e discretos, inclusive quando est\u00e3o doentes. No entanto, existe uma amea\u00e7a silenciosa que exige aten\u00e7\u00e3o m\u00e1xima de qualquer tutor: a panleucopenia felina. Causada pelo parvov\u00edrus felino (FPV), essa \u00e9 uma das doen\u00e7as virais mais graves e contagiosas do mundo animal. Ela compromete [&hellip;]<\/p>\n","protected":false},"author":21,"featured_media":409292,"comment_status":"closed","ping_status":"closed","sticky":false,"template":"","format":"standard","meta":{"_acf_changed":false,"footnotes":""},"categories":[155],"tags":[],"tmauthors":[306],"class_list":["post-409291","post","type-post","status-publish","format-standard","has-post-thumbnail","category-leitura-vip"],"acf":[],"yoast_head":"<!-- This site is optimized with the Yoast SEO plugin v28.0 - https:\/\/yoast.com\/product\/yoast-seo-wordpress\/ -->\n<title>Panleucopenia, a doen\u00e7a contagiosa que afeta gatos - Notibras<\/title>\n<meta name=\"robots\" content=\"index, follow, max-snippet:-1, max-image-preview:large, max-video-preview:-1\" \/>\n<link rel=\"canonical\" href=\"https:\/\/www.notibras.com\/site\/panleucopenia-a-doenca-contagiosa-que-afeta-gatos\/\" \/>\n<meta property=\"og:locale\" content=\"pt_BR\" \/>\n<meta property=\"og:type\" content=\"article\" \/>\n<meta property=\"og:title\" content=\"Panleucopenia, a doen\u00e7a contagiosa que afeta gatos - Notibras\" \/>\n<meta property=\"og:description\" content=\"Quem tem um gato em casa sabe o quanto esses animais s\u00e3o independentes e discretos, inclusive quando est\u00e3o doentes. No entanto, existe uma amea\u00e7a silenciosa que exige aten\u00e7\u00e3o m\u00e1xima de qualquer tutor: a panleucopenia felina. Causada pelo parvov\u00edrus felino (FPV), essa \u00e9 uma das doen\u00e7as virais mais graves e contagiosas do mundo animal. Ela compromete [&hellip;]\" \/>\n<meta property=\"og:url\" content=\"https:\/\/www.notibras.com\/site\/panleucopenia-a-doenca-contagiosa-que-afeta-gatos\/\" \/>\n<meta property=\"og:site_name\" content=\"Notibras\" \/>\n<meta property=\"article:publisher\" content=\"https:\/\/www.facebook.com\/notibras\/\" \/>\n<meta property=\"article:published_time\" content=\"2026-09-06T07:00:09+00:00\" \/>\n<meta property=\"article:modified_time\" content=\"2026-09-06T07:16:44+00:00\" \/>\n<meta property=\"og:image\" content=\"https:\/\/www.notibras.com\/site\/wp-content\/uploads\/2026\/09\/WhatsApp-Image-2026-09-05-at-15.36.00.jpeg\" \/>\n\t<meta property=\"og:image:width\" content=\"1280\" \/>\n\t<meta property=\"og:image:height\" content=\"960\" \/>\n\t<meta property=\"og:image:type\" content=\"image\/jpeg\" \/>\n<meta name=\"author\" content=\"Eduardo Mart\u00ednez\" \/>\n<meta name=\"twitter:card\" content=\"summary_large_image\" \/>\n<meta name=\"twitter:creator\" content=\"@Notibras\" \/>\n<meta name=\"twitter:site\" content=\"@Notibras\" \/>\n<meta name=\"twitter:label1\" content=\"Escrito por\" \/>\n\t<meta name=\"twitter:data1\" content=\"Eduardo Mart\u00ednez\" \/>\n\t<meta name=\"twitter:label2\" content=\"Est. tempo de leitura\" \/>\n\t<meta name=\"twitter:data2\" content=\"5 minutos\" \/>\n<script type=\"application\/ld+json\" class=\"yoast-schema-graph\">{\"@context\":\"https:\\\/\\\/schema.org\",\"@graph\":[{\"@type\":\"Article\",\"@id\":\"https:\\\/\\\/www.notibras.com\\\/site\\\/panleucopenia-a-doenca-contagiosa-que-afeta-gatos\\\/#article\",\"isPartOf\":{\"@id\":\"https:\\\/\\\/www.notibras.com\\\/site\\\/panleucopenia-a-doenca-contagiosa-que-afeta-gatos\\\/\"},\"author\":{\"name\":\"Eduardo Mart\u00ednez\",\"@id\":\"https:\\\/\\\/www.notibras.com\\\/site\\\/#\\\/schema\\\/person\\\/5b7fabf2aedc3ada2105f03b22b4d3dd\"},\"headline\":\"Panleucopenia, a doen\u00e7a contagiosa que afeta gatos\",\"datePublished\":\"2026-09-06T07:00:09+00:00\",\"dateModified\":\"2026-09-06T07:16:44+00:00\",\"mainEntityOfPage\":{\"@id\":\"https:\\\/\\\/www.notibras.com\\\/site\\\/panleucopenia-a-doenca-contagiosa-que-afeta-gatos\\\/\"},\"wordCount\":942,\"publisher\":{\"@id\":\"https:\\\/\\\/www.notibras.com\\\/site\\\/#organization\"},\"image\":{\"@id\":\"https:\\\/\\\/www.notibras.com\\\/site\\\/panleucopenia-a-doenca-contagiosa-que-afeta-gatos\\\/#primaryimage\"},\"thumbnailUrl\":\"https:\\\/\\\/www.notibras.com\\\/site\\\/wp-content\\\/uploads\\\/2026\\\/09\\\/WhatsApp-Image-2026-09-05-at-15.36.00.jpeg\",\"articleSection\":[\"Leitura Vip\"],\"inLanguage\":\"pt-BR\"},{\"@type\":\"WebPage\",\"@id\":\"https:\\\/\\\/www.notibras.com\\\/site\\\/panleucopenia-a-doenca-contagiosa-que-afeta-gatos\\\/\",\"url\":\"https:\\\/\\\/www.notibras.com\\\/site\\\/panleucopenia-a-doenca-contagiosa-que-afeta-gatos\\\/\",\"name\":\"Panleucopenia, a doen\u00e7a contagiosa que afeta gatos - Notibras\",\"isPartOf\":{\"@id\":\"https:\\\/\\\/www.notibras.com\\\/site\\\/#website\"},\"primaryImageOfPage\":{\"@id\":\"https:\\\/\\\/www.notibras.com\\\/site\\\/panleucopenia-a-doenca-contagiosa-que-afeta-gatos\\\/#primaryimage\"},\"image\":{\"@id\":\"https:\\\/\\\/www.notibras.com\\\/site\\\/panleucopenia-a-doenca-contagiosa-que-afeta-gatos\\\/#primaryimage\"},\"thumbnailUrl\":\"https:\\\/\\\/www.notibras.com\\\/site\\\/wp-content\\\/uploads\\\/2026\\\/09\\\/WhatsApp-Image-2026-09-05-at-15.36.00.jpeg\",\"datePublished\":\"2026-09-06T07:00:09+00:00\",\"dateModified\":\"2026-09-06T07:16:44+00:00\",\"breadcrumb\":{\"@id\":\"https:\\\/\\\/www.notibras.com\\\/site\\\/panleucopenia-a-doenca-contagiosa-que-afeta-gatos\\\/#breadcrumb\"},\"inLanguage\":\"pt-BR\",\"potentialAction\":[{\"@type\":\"ReadAction\",\"target\":[\"https:\\\/\\\/www.notibras.com\\\/site\\\/panleucopenia-a-doenca-contagiosa-que-afeta-gatos\\\/\"]}]},{\"@type\":\"ImageObject\",\"inLanguage\":\"pt-BR\",\"@id\":\"https:\\\/\\\/www.notibras.com\\\/site\\\/panleucopenia-a-doenca-contagiosa-que-afeta-gatos\\\/#primaryimage\",\"url\":\"https:\\\/\\\/www.notibras.com\\\/site\\\/wp-content\\\/uploads\\\/2026\\\/09\\\/WhatsApp-Image-2026-09-05-at-15.36.00.jpeg\",\"contentUrl\":\"https:\\\/\\\/www.notibras.com\\\/site\\\/wp-content\\\/uploads\\\/2026\\\/09\\\/WhatsApp-Image-2026-09-05-at-15.36.00.jpeg\",\"width\":1280,\"height\":960},{\"@type\":\"BreadcrumbList\",\"@id\":\"https:\\\/\\\/www.notibras.com\\\/site\\\/panleucopenia-a-doenca-contagiosa-que-afeta-gatos\\\/#breadcrumb\",\"itemListElement\":[{\"@type\":\"ListItem\",\"position\":1,\"name\":\"In\u00edcio\",\"item\":\"https:\\\/\\\/www.notibras.com\\\/site\\\/\"},{\"@type\":\"ListItem\",\"position\":2,\"name\":\"Panleucopenia, a doen\u00e7a contagiosa que afeta gatos\"}]},{\"@type\":\"WebSite\",\"@id\":\"https:\\\/\\\/www.notibras.com\\\/site\\\/#website\",\"url\":\"https:\\\/\\\/www.notibras.com\\\/site\\\/\",\"name\":\"Notibras\",\"description\":\"Not\u00edcias de Bras\u00edlia, do Brasil e do Mundo\",\"publisher\":{\"@id\":\"https:\\\/\\\/www.notibras.com\\\/site\\\/#organization\"},\"potentialAction\":[{\"@type\":\"SearchAction\",\"target\":{\"@type\":\"EntryPoint\",\"urlTemplate\":\"https:\\\/\\\/www.notibras.com\\\/site\\\/?s={search_term_string}\"},\"query-input\":{\"@type\":\"PropertyValueSpecification\",\"valueRequired\":true,\"valueName\":\"search_term_string\"}}],\"inLanguage\":\"pt-BR\"},{\"@type\":\"Organization\",\"@id\":\"https:\\\/\\\/www.notibras.com\\\/site\\\/#organization\",\"name\":\"Grupo Notibras de Comunica\u00e7\u00e3o\",\"url\":\"https:\\\/\\\/www.notibras.com\\\/site\\\/\",\"logo\":{\"@type\":\"ImageObject\",\"inLanguage\":\"pt-BR\",\"@id\":\"https:\\\/\\\/www.notibras.com\\\/site\\\/#\\\/schema\\\/logo\\\/image\\\/\",\"url\":\"https:\\\/\\\/www.notibras.com\\\/site\\\/wp-content\\\/uploads\\\/2023\\\/01\\\/notibras23.png\",\"contentUrl\":\"https:\\\/\\\/www.notibras.com\\\/site\\\/wp-content\\\/uploads\\\/2023\\\/01\\\/notibras23.png\",\"width\":350,\"height\":87,\"caption\":\"Grupo Notibras de Comunica\u00e7\u00e3o\"},\"image\":{\"@id\":\"https:\\\/\\\/www.notibras.com\\\/site\\\/#\\\/schema\\\/logo\\\/image\\\/\"},\"sameAs\":[\"https:\\\/\\\/www.facebook.com\\\/notibras\\\/\",\"https:\\\/\\\/x.com\\\/Notibras\",\"https:\\\/\\\/www.instagram.com\\\/notibras\\\/\"]},{\"@type\":\"Person\",\"@id\":\"https:\\\/\\\/www.notibras.com\\\/site\\\/#\\\/schema\\\/person\\\/5b7fabf2aedc3ada2105f03b22b4d3dd\",\"name\":\"Eduardo Mart\u00ednez\",\"image\":{\"@type\":\"ImageObject\",\"inLanguage\":\"pt-BR\",\"@id\":\"https:\\\/\\\/secure.gravatar.com\\\/avatar\\\/7902f906289926289cbcda644b5197c796b893c6ffd7b9a536a42d290f7704a0?s=96&d=mm&r=g\",\"url\":\"https:\\\/\\\/secure.gravatar.com\\\/avatar\\\/7902f906289926289cbcda644b5197c796b893c6ffd7b9a536a42d290f7704a0?s=96&d=mm&r=g\",\"contentUrl\":\"https:\\\/\\\/secure.gravatar.com\\\/avatar\\\/7902f906289926289cbcda644b5197c796b893c6ffd7b9a536a42d290f7704a0?s=96&d=mm&r=g\",\"caption\":\"Eduardo Mart\u00ednez\"}}]}<\/script>\n<!-- \/ Yoast SEO plugin. -->","yoast_head_json":{"title":"Panleucopenia, a doen\u00e7a contagiosa que afeta gatos - Notibras","robots":{"index":"index","follow":"follow","max-snippet":"max-snippet:-1","max-image-preview":"max-image-preview:large","max-video-preview":"max-video-preview:-1"},"canonical":"https:\/\/www.notibras.com\/site\/panleucopenia-a-doenca-contagiosa-que-afeta-gatos\/","og_locale":"pt_BR","og_type":"article","og_title":"Panleucopenia, a doen\u00e7a contagiosa que afeta gatos - Notibras","og_description":"Quem tem um gato em casa sabe o quanto esses animais s\u00e3o independentes e discretos, inclusive quando est\u00e3o doentes. No entanto, existe uma amea\u00e7a silenciosa que exige aten\u00e7\u00e3o m\u00e1xima de qualquer tutor: a panleucopenia felina. Causada pelo parvov\u00edrus felino (FPV), essa \u00e9 uma das doen\u00e7as virais mais graves e contagiosas do mundo animal. Ela compromete [&hellip;]","og_url":"https:\/\/www.notibras.com\/site\/panleucopenia-a-doenca-contagiosa-que-afeta-gatos\/","og_site_name":"Notibras","article_publisher":"https:\/\/www.facebook.com\/notibras\/","article_published_time":"2026-09-06T07:00:09+00:00","article_modified_time":"2026-09-06T07:16:44+00:00","og_image":[{"width":1280,"height":960,"url":"https:\/\/www.notibras.com\/site\/wp-content\/uploads\/2026\/09\/WhatsApp-Image-2026-09-05-at-15.36.00.jpeg","type":"image\/jpeg"}],"author":"Eduardo Mart\u00ednez","twitter_card":"summary_large_image","twitter_creator":"@Notibras","twitter_site":"@Notibras","twitter_misc":{"Escrito por":"Eduardo Mart\u00ednez","Est. tempo de leitura":"5 minutos"},"schema":{"@context":"https:\/\/schema.org","@graph":[{"@type":"Article","@id":"https:\/\/www.notibras.com\/site\/panleucopenia-a-doenca-contagiosa-que-afeta-gatos\/#article","isPartOf":{"@id":"https:\/\/www.notibras.com\/site\/panleucopenia-a-doenca-contagiosa-que-afeta-gatos\/"},"author":{"name":"Eduardo Mart\u00ednez","@id":"https:\/\/www.notibras.com\/site\/#\/schema\/person\/5b7fabf2aedc3ada2105f03b22b4d3dd"},"headline":"Panleucopenia, a doen\u00e7a contagiosa que afeta gatos","datePublished":"2026-09-06T07:00:09+00:00","dateModified":"2026-09-06T07:16:44+00:00","mainEntityOfPage":{"@id":"https:\/\/www.notibras.com\/site\/panleucopenia-a-doenca-contagiosa-que-afeta-gatos\/"},"wordCount":942,"publisher":{"@id":"https:\/\/www.notibras.com\/site\/#organization"},"image":{"@id":"https:\/\/www.notibras.com\/site\/panleucopenia-a-doenca-contagiosa-que-afeta-gatos\/#primaryimage"},"thumbnailUrl":"https:\/\/www.notibras.com\/site\/wp-content\/uploads\/2026\/09\/WhatsApp-Image-2026-09-05-at-15.36.00.jpeg","articleSection":["Leitura Vip"],"inLanguage":"pt-BR"},{"@type":"WebPage","@id":"https:\/\/www.notibras.com\/site\/panleucopenia-a-doenca-contagiosa-que-afeta-gatos\/","url":"https:\/\/www.notibras.com\/site\/panleucopenia-a-doenca-contagiosa-que-afeta-gatos\/","name":"Panleucopenia, a doen\u00e7a contagiosa que afeta gatos - Notibras","isPartOf":{"@id":"https:\/\/www.notibras.com\/site\/#website"},"primaryImageOfPage":{"@id":"https:\/\/www.notibras.com\/site\/panleucopenia-a-doenca-contagiosa-que-afeta-gatos\/#primaryimage"},"image":{"@id":"https:\/\/www.notibras.com\/site\/panleucopenia-a-doenca-contagiosa-que-afeta-gatos\/#primaryimage"},"thumbnailUrl":"https:\/\/www.notibras.com\/site\/wp-content\/uploads\/2026\/09\/WhatsApp-Image-2026-09-05-at-15.36.00.jpeg","datePublished":"2026-09-06T07:00:09+00:00","dateModified":"2026-09-06T07:16:44+00:00","breadcrumb":{"@id":"https:\/\/www.notibras.com\/site\/panleucopenia-a-doenca-contagiosa-que-afeta-gatos\/#breadcrumb"},"inLanguage":"pt-BR","potentialAction":[{"@type":"ReadAction","target":["https:\/\/www.notibras.com\/site\/panleucopenia-a-doenca-contagiosa-que-afeta-gatos\/"]}]},{"@type":"ImageObject","inLanguage":"pt-BR","@id":"https:\/\/www.notibras.com\/site\/panleucopenia-a-doenca-contagiosa-que-afeta-gatos\/#primaryimage","url":"https:\/\/www.notibras.com\/site\/wp-content\/uploads\/2026\/09\/WhatsApp-Image-2026-09-05-at-15.36.00.jpeg","contentUrl":"https:\/\/www.notibras.com\/site\/wp-content\/uploads\/2026\/09\/WhatsApp-Image-2026-09-05-at-15.36.00.jpeg","width":1280,"height":960},{"@type":"BreadcrumbList","@id":"https:\/\/www.notibras.com\/site\/panleucopenia-a-doenca-contagiosa-que-afeta-gatos\/#breadcrumb","itemListElement":[{"@type":"ListItem","position":1,"name":"In\u00edcio","item":"https:\/\/www.notibras.com\/site\/"},{"@type":"ListItem","position":2,"name":"Panleucopenia, a doen\u00e7a contagiosa que afeta gatos"}]},{"@type":"WebSite","@id":"https:\/\/www.notibras.com\/site\/#website","url":"https:\/\/www.notibras.com\/site\/","name":"Notibras","description":"Not\u00edcias de Bras\u00edlia, do Brasil e do Mundo","publisher":{"@id":"https:\/\/www.notibras.com\/site\/#organization"},"potentialAction":[{"@type":"SearchAction","target":{"@type":"EntryPoint","urlTemplate":"https:\/\/www.notibras.com\/site\/?s={search_term_string}"},"query-input":{"@type":"PropertyValueSpecification","valueRequired":true,"valueName":"search_term_string"}}],"inLanguage":"pt-BR"},{"@type":"Organization","@id":"https:\/\/www.notibras.com\/site\/#organization","name":"Grupo Notibras de Comunica\u00e7\u00e3o","url":"https:\/\/www.notibras.com\/site\/","logo":{"@type":"ImageObject","inLanguage":"pt-BR","@id":"https:\/\/www.notibras.com\/site\/#\/schema\/logo\/image\/","url":"https:\/\/www.notibras.com\/site\/wp-content\/uploads\/2023\/01\/notibras23.png","contentUrl":"https:\/\/www.notibras.com\/site\/wp-content\/uploads\/2023\/01\/notibras23.png","width":350,"height":87,"caption":"Grupo Notibras de Comunica\u00e7\u00e3o"},"image":{"@id":"https:\/\/www.notibras.com\/site\/#\/schema\/logo\/image\/"},"sameAs":["https:\/\/www.facebook.com\/notibras\/","https:\/\/x.com\/Notibras","https:\/\/www.instagram.com\/notibras\/"]},{"@type":"Person","@id":"https:\/\/www.notibras.com\/site\/#\/schema\/person\/5b7fabf2aedc3ada2105f03b22b4d3dd","name":"Eduardo Mart\u00ednez","image":{"@type":"ImageObject","inLanguage":"pt-BR","@id":"https:\/\/secure.gravatar.com\/avatar\/7902f906289926289cbcda644b5197c796b893c6ffd7b9a536a42d290f7704a0?s=96&d=mm&r=g","url":"https:\/\/secure.gravatar.com\/avatar\/7902f906289926289cbcda644b5197c796b893c6ffd7b9a536a42d290f7704a0?s=96&d=mm&r=g","contentUrl":"https:\/\/secure.gravatar.com\/avatar\/7902f906289926289cbcda644b5197c796b893c6ffd7b9a536a42d290f7704a0?s=96&d=mm&r=g","caption":"Eduardo Mart\u00ednez"}}]}},"_links":{"self":[{"href":"https:\/\/www.notibras.com\/site\/wp-json\/wp\/v2\/posts\/409291","targetHints":{"allow":["GET"]}}],"collection":[{"href":"https:\/\/www.notibras.com\/site\/wp-json\/wp\/v2\/posts"}],"about":[{"href":"https:\/\/www.notibras.com\/site\/wp-json\/wp\/v2\/types\/post"}],"author":[{"embeddable":true,"href":"https:\/\/www.notibras.com\/site\/wp-json\/wp\/v2\/users\/21"}],"replies":[{"embeddable":true,"href":"https:\/\/www.notibras.com\/site\/wp-json\/wp\/v2\/comments?post=409291"}],"version-history":[{"count":3,"href":"https:\/\/www.notibras.com\/site\/wp-json\/wp\/v2\/posts\/409291\/revisions"}],"predecessor-version":[{"id":409376,"href":"https:\/\/www.notibras.com\/site\/wp-json\/wp\/v2\/posts\/409291\/revisions\/409376"}],"wp:featuredmedia":[{"embeddable":true,"href":"https:\/\/www.notibras.com\/site\/wp-json\/wp\/v2\/media\/409292"}],"wp:attachment":[{"href":"https:\/\/www.notibras.com\/site\/wp-json\/wp\/v2\/media?parent=409291"}],"wp:term":[{"taxonomy":"category","embeddable":true,"href":"https:\/\/www.notibras.com\/site\/wp-json\/wp\/v2\/categories?post=409291"},{"taxonomy":"post_tag","embeddable":true,"href":"https:\/\/www.notibras.com\/site\/wp-json\/wp\/v2\/tags?post=409291"},{"taxonomy":"tmauthors","embeddable":true,"href":"https:\/\/www.notibras.com\/site\/wp-json\/wp\/v2\/tmauthors?post=409291"}],"curies":[{"name":"wp","href":"https:\/\/api.w.org\/{rel}","templated":true}]}}