{"id":409295,"date":"2026-09-05T16:00:39","date_gmt":"2026-09-05T19:00:39","guid":{"rendered":"https:\/\/www.notibras.com\/site\/?p=409295"},"modified":"2026-09-05T16:16:06","modified_gmt":"2026-09-05T19:16:06","slug":"pe-de-arvore-celebra-um-ano-de-fomento-a-arte-e-literatura-brasiliense","status":"publish","type":"post","link":"https:\/\/www.notibras.com\/site\/pe-de-arvore-celebra-um-ano-de-fomento-a-arte-e-literatura-brasiliense\/","title":{"rendered":"P\u00e9 de \u00c1rvore celebra um ano de fomento \u00e0 arte e literatura brasiliense"},"content":{"rendered":"<p>Moradores da capital federal ganharam um motivo a mais para celebrar a produ\u00e7\u00e3o criativa local neste s\u00e1bado. Localizada na SCLS 411, a charmosa loja colaborativa de esquina <strong>P\u00e9 de \u00c1rvore<\/strong> comemorou seu primeiro ano de exist\u00eancia com um evento especial que reuniu o melhor da arte, do artesanato e da cultura do Distrito Federal. Entre as 10h e as 16h, o p\u00fablico que passou pelo local p\u00f4de conferir de perto uma feira coletiva vibrante, consolidando o espa\u00e7o como um ponto de encontro essencial na Asa Sul.<\/p>\n<div id=\"attachment_409307\" style=\"width: 366px\" class=\"wp-caption aligncenter\"><img loading=\"lazy\" loading=\"lazy\" decoding=\"async\" aria-describedby=\"caption-attachment-409307\" class=\" wp-image-409307\" src=\"https:\/\/www.notibras.com\/site\/wp-content\/uploads\/2026\/09\/WhatsApp-Image-2026-09-05-at-13.34.27-225x300.jpeg\" alt=\"\" width=\"356\" height=\"475\" srcset=\"https:\/\/www.notibras.com\/site\/wp-content\/uploads\/2026\/09\/WhatsApp-Image-2026-09-05-at-13.34.27-225x300.jpeg 225w, https:\/\/www.notibras.com\/site\/wp-content\/uploads\/2026\/09\/WhatsApp-Image-2026-09-05-at-13.34.27-768x1024.jpeg 768w, https:\/\/www.notibras.com\/site\/wp-content\/uploads\/2026\/09\/WhatsApp-Image-2026-09-05-at-13.34.27-1152x1536.jpeg 1152w, https:\/\/www.notibras.com\/site\/wp-content\/uploads\/2026\/09\/WhatsApp-Image-2026-09-05-at-13.34.27.jpeg 1200w\" sizes=\"auto, (max-width: 356px) 100vw, 356px\" \/><p id=\"caption-attachment-409307\" class=\"wp-caption-text\">Cl\u00e1udio Dobbin, produtor cultural e ativista liter\u00e1rio<\/p><\/div>\n<p>O evento comemorativo foi marcado por uma forte presen\u00e7a liter\u00e1ria de talentos da terra. A feira contou com a participa\u00e7\u00e3o da renomada poetisa <strong>Simone Magalh\u00e3es<\/strong>, reconhecida como uma das autoras mais publicadas no <strong>Caf\u00e9 Liter\u00e1rio Notibras<\/strong>, que encantou os presentes com suas palavras. A literatura do Distrito Federal tamb\u00e9m ganhou destaque com a presen\u00e7a do produtor cultural e ativista liter\u00e1rio <strong>Cl\u00e1udio Dobbin<\/strong>, que marcou presen\u00e7a com uma banquinha elogiada pelos visitantes, al\u00e9m do engajado coletivo <strong>Mulheres Maduras<\/strong>, refor\u00e7ando o papel do espa\u00e7o no incentivo aos escritores locais.<\/p>\n<p>Idealizada para valorizar, fortalecer e dar visibilidade ao trabalho autoral, a <strong>P\u00e9 de \u00c1rvore<\/strong> funciona como uma rede de apoio \u00e0 economia criativa. Atualmente, a loja colaborativa re\u00fane mais de 30 artistas e criadores da regi\u00e3o, que exp\u00f5em e vendem desde artes visuais at\u00e9 pe\u00e7as exclusivas de artesanato. Cada detalhe do projeto foi pensado para promover experi\u00eancias significativas tanto para quem produz quanto para quem consome a arte gerada no cora\u00e7\u00e3o do quadradinho.<\/p>\n<p>Para al\u00e9m das vendas e exposi\u00e7\u00f5es, a infraestrutura do local foi desenhada de forma integrada para abra\u00e7ar a conviv\u00eancia urbana e o aprendizado. A <strong>P\u00e9 de \u00c1rvore<\/strong> abriga um ateli\u00ea e escola de artes que oferece cursos, viv\u00eancias e oficinas criativas variadas ao longo da semana e tamb\u00e9m aos s\u00e1bados. Esse espa\u00e7o pedag\u00f3gico serve tanto para o desenvolvimento de novos talentos quanto para a loca\u00e7\u00e3o de profissionais que buscam um ambiente estruturado para ministrar suas pr\u00f3prias aulas.<\/p>\n<div id=\"attachment_409309\" style=\"width: 487px\" class=\"wp-caption aligncenter\"><img loading=\"lazy\" loading=\"lazy\" decoding=\"async\" aria-describedby=\"caption-attachment-409309\" class=\" wp-image-409309\" src=\"https:\/\/www.notibras.com\/site\/wp-content\/uploads\/2026\/09\/WhatsApp-Image-2026-09-05-at-13.33.55-1-169x300.jpeg\" alt=\"\" width=\"477\" height=\"847\" srcset=\"https:\/\/www.notibras.com\/site\/wp-content\/uploads\/2026\/09\/WhatsApp-Image-2026-09-05-at-13.33.55-1-169x300.jpeg 169w, https:\/\/www.notibras.com\/site\/wp-content\/uploads\/2026\/09\/WhatsApp-Image-2026-09-05-at-13.33.55-1-576x1024.jpeg 576w, https:\/\/www.notibras.com\/site\/wp-content\/uploads\/2026\/09\/WhatsApp-Image-2026-09-05-at-13.33.55-1-768x1365.jpeg 768w, https:\/\/www.notibras.com\/site\/wp-content\/uploads\/2026\/09\/WhatsApp-Image-2026-09-05-at-13.33.55-1-864x1536.jpeg 864w, https:\/\/www.notibras.com\/site\/wp-content\/uploads\/2026\/09\/WhatsApp-Image-2026-09-05-at-13.33.55-1.jpeg 900w\" sizes=\"auto, (max-width: 477px) 100vw, 477px\" \/><p id=\"caption-attachment-409309\" class=\"wp-caption-text\">A poetisa Simone Magalh\u00e3es, grande incentivadora da cultura brasiliense<\/p><\/div>\n<p>O clima acolhedor do endere\u00e7o \u00e9 complementado por um charmoso <strong>Caf\u00e9 Cultural<\/strong>, que convida os clientes a desacelerar a rotina. Com op\u00e7\u00f5es variadas de lanches saborosos, os frequentadores podem desfrutar de momentos de lazer em uma ampla varanda externa e arborizada. Essa combina\u00e7\u00e3o de boa gastronomia com um ambiente verde confere \u00e0 loja de esquina uma atmosfera aconchegante, cheia de personalidade e integrada \u00e0 identidade urban\u00edstica de Bras\u00edlia.<\/p>\n<p>A celebra\u00e7\u00e3o deste anivers\u00e1rio refor\u00e7a o convite dos organizadores para que toda a comunidade continue a &#8220;plantar arte&#8221; na cidade. Aos interessados em conhecer o espa\u00e7o, participar das oficinas ou expor seus trabalhos, a <strong>P\u00e9 de \u00c1rvore<\/strong> atende no Bloco A, Loja 02 da SCLS 411, Asa Sul, Bras\u00edlia-DF. Informa\u00e7\u00f5es adicionais, parcerias e detalhes sobre a programa\u00e7\u00e3o regular do local podem ser obtidos pelo e-mail contato.pedearvore@gmail.com ou diretamente por meio do WhatsApp de atendimento no n\u00famero (61) 99318-5864.<\/p>\n<p><strong>&#8230;&#8230;&#8230;&#8230;&#8230;&#8230;&#8230;&#8230;.<\/strong><\/p>\n<p><strong>Instagram da P\u00e9 de \u00c1rvore: <a href=\"https:\/\/www.instagram.com\/p\/DLx2zSYyikE\/\">https:\/\/www.instagram.com\/p\/DLx2zSYyikE\/<\/a><\/strong><\/p>\n","protected":false},"excerpt":{"rendered":"<p>Moradores da capital federal ganharam um motivo a mais para celebrar a produ\u00e7\u00e3o criativa local neste s\u00e1bado. Localizada na SCLS 411, a charmosa loja colaborativa de esquina P\u00e9 de \u00c1rvore comemorou seu primeiro ano de exist\u00eancia com um evento especial que reuniu o melhor da arte, do artesanato e da cultura do Distrito Federal. Entre [&hellip;]<\/p>\n","protected":false},"author":21,"featured_media":409297,"comment_status":"closed","ping_status":"closed","sticky":false,"template":"","format":"standard","meta":{"_acf_changed":false,"footnotes":""},"categories":[161],"tags":[],"tmauthors":[306],"class_list":["post-409295","post","type-post","status-publish","format-standard","has-post-thumbnail","category-quadradinho-em-foco"],"acf":[],"yoast_head":"<!-- This site is optimized with the Yoast SEO plugin v28.0 - https:\/\/yoast.com\/product\/yoast-seo-wordpress\/ -->\n<title>P\u00e9 de \u00c1rvore celebra um ano de fomento \u00e0 arte e literatura brasiliense - Notibras<\/title>\n<meta name=\"robots\" content=\"index, follow, max-snippet:-1, max-image-preview:large, max-video-preview:-1\" \/>\n<link rel=\"canonical\" href=\"https:\/\/www.notibras.com\/site\/pe-de-arvore-celebra-um-ano-de-fomento-a-arte-e-literatura-brasiliense\/\" \/>\n<meta property=\"og:locale\" content=\"pt_BR\" \/>\n<meta property=\"og:type\" content=\"article\" \/>\n<meta property=\"og:title\" content=\"P\u00e9 de \u00c1rvore celebra um ano de fomento \u00e0 arte e literatura brasiliense - Notibras\" \/>\n<meta property=\"og:description\" content=\"Moradores da capital federal ganharam um motivo a mais para celebrar a produ\u00e7\u00e3o criativa local neste s\u00e1bado. Localizada na SCLS 411, a charmosa loja colaborativa de esquina P\u00e9 de \u00c1rvore comemorou seu primeiro ano de exist\u00eancia com um evento especial que reuniu o melhor da arte, do artesanato e da cultura do Distrito Federal. Entre [&hellip;]\" \/>\n<meta property=\"og:url\" content=\"https:\/\/www.notibras.com\/site\/pe-de-arvore-celebra-um-ano-de-fomento-a-arte-e-literatura-brasiliense\/\" \/>\n<meta property=\"og:site_name\" content=\"Notibras\" \/>\n<meta property=\"article:publisher\" content=\"https:\/\/www.facebook.com\/notibras\/\" \/>\n<meta property=\"article:published_time\" content=\"2026-09-05T19:00:39+00:00\" \/>\n<meta property=\"article:modified_time\" content=\"2026-09-05T19:16:06+00:00\" \/>\n<meta property=\"og:image\" content=\"https:\/\/www.notibras.com\/site\/wp-content\/uploads\/2026\/09\/WhatsApp-Image-2026-09-05-at-14.13.44-1.jpeg\" \/>\n\t<meta property=\"og:image:width\" content=\"1280\" \/>\n\t<meta property=\"og:image:height\" content=\"960\" \/>\n\t<meta property=\"og:image:type\" content=\"image\/jpeg\" \/>\n<meta name=\"author\" content=\"Eduardo Mart\u00ednez\" \/>\n<meta name=\"twitter:card\" content=\"summary_large_image\" \/>\n<meta name=\"twitter:creator\" content=\"@Notibras\" \/>\n<meta name=\"twitter:site\" content=\"@Notibras\" \/>\n<meta name=\"twitter:label1\" content=\"Escrito por\" \/>\n\t<meta name=\"twitter:data1\" content=\"Eduardo Mart\u00ednez\" \/>\n\t<meta name=\"twitter:label2\" content=\"Est. tempo de leitura\" \/>\n\t<meta name=\"twitter:data2\" content=\"4 minutos\" \/>\n<script type=\"application\/ld+json\" class=\"yoast-schema-graph\">{\"@context\":\"https:\\\/\\\/schema.org\",\"@graph\":[{\"@type\":\"Article\",\"@id\":\"https:\\\/\\\/www.notibras.com\\\/site\\\/pe-de-arvore-celebra-um-ano-de-fomento-a-arte-e-literatura-brasiliense\\\/#article\",\"isPartOf\":{\"@id\":\"https:\\\/\\\/www.notibras.com\\\/site\\\/pe-de-arvore-celebra-um-ano-de-fomento-a-arte-e-literatura-brasiliense\\\/\"},\"author\":{\"name\":\"Eduardo Mart\u00ednez\",\"@id\":\"https:\\\/\\\/www.notibras.com\\\/site\\\/#\\\/schema\\\/person\\\/5b7fabf2aedc3ada2105f03b22b4d3dd\"},\"headline\":\"P\u00e9 de \u00c1rvore celebra um ano de fomento \u00e0 arte e literatura brasiliense\",\"datePublished\":\"2026-09-05T19:00:39+00:00\",\"dateModified\":\"2026-09-05T19:16:06+00:00\",\"mainEntityOfPage\":{\"@id\":\"https:\\\/\\\/www.notibras.com\\\/site\\\/pe-de-arvore-celebra-um-ano-de-fomento-a-arte-e-literatura-brasiliense\\\/\"},\"wordCount\":569,\"publisher\":{\"@id\":\"https:\\\/\\\/www.notibras.com\\\/site\\\/#organization\"},\"image\":{\"@id\":\"https:\\\/\\\/www.notibras.com\\\/site\\\/pe-de-arvore-celebra-um-ano-de-fomento-a-arte-e-literatura-brasiliense\\\/#primaryimage\"},\"thumbnailUrl\":\"https:\\\/\\\/www.notibras.com\\\/site\\\/wp-content\\\/uploads\\\/2026\\\/09\\\/WhatsApp-Image-2026-09-05-at-14.13.44-1.jpeg\",\"articleSection\":[\"Quadradinho em Foco\"],\"inLanguage\":\"pt-BR\"},{\"@type\":\"WebPage\",\"@id\":\"https:\\\/\\\/www.notibras.com\\\/site\\\/pe-de-arvore-celebra-um-ano-de-fomento-a-arte-e-literatura-brasiliense\\\/\",\"url\":\"https:\\\/\\\/www.notibras.com\\\/site\\\/pe-de-arvore-celebra-um-ano-de-fomento-a-arte-e-literatura-brasiliense\\\/\",\"name\":\"P\u00e9 de \u00c1rvore celebra um ano de fomento \u00e0 arte e literatura brasiliense - Notibras\",\"isPartOf\":{\"@id\":\"https:\\\/\\\/www.notibras.com\\\/site\\\/#website\"},\"primaryImageOfPage\":{\"@id\":\"https:\\\/\\\/www.notibras.com\\\/site\\\/pe-de-arvore-celebra-um-ano-de-fomento-a-arte-e-literatura-brasiliense\\\/#primaryimage\"},\"image\":{\"@id\":\"https:\\\/\\\/www.notibras.com\\\/site\\\/pe-de-arvore-celebra-um-ano-de-fomento-a-arte-e-literatura-brasiliense\\\/#primaryimage\"},\"thumbnailUrl\":\"https:\\\/\\\/www.notibras.com\\\/site\\\/wp-content\\\/uploads\\\/2026\\\/09\\\/WhatsApp-Image-2026-09-05-at-14.13.44-1.jpeg\",\"datePublished\":\"2026-09-05T19:00:39+00:00\",\"dateModified\":\"2026-09-05T19:16:06+00:00\",\"breadcrumb\":{\"@id\":\"https:\\\/\\\/www.notibras.com\\\/site\\\/pe-de-arvore-celebra-um-ano-de-fomento-a-arte-e-literatura-brasiliense\\\/#breadcrumb\"},\"inLanguage\":\"pt-BR\",\"potentialAction\":[{\"@type\":\"ReadAction\",\"target\":[\"https:\\\/\\\/www.notibras.com\\\/site\\\/pe-de-arvore-celebra-um-ano-de-fomento-a-arte-e-literatura-brasiliense\\\/\"]}]},{\"@type\":\"ImageObject\",\"inLanguage\":\"pt-BR\",\"@id\":\"https:\\\/\\\/www.notibras.com\\\/site\\\/pe-de-arvore-celebra-um-ano-de-fomento-a-arte-e-literatura-brasiliense\\\/#primaryimage\",\"url\":\"https:\\\/\\\/www.notibras.com\\\/site\\\/wp-content\\\/uploads\\\/2026\\\/09\\\/WhatsApp-Image-2026-09-05-at-14.13.44-1.jpeg\",\"contentUrl\":\"https:\\\/\\\/www.notibras.com\\\/site\\\/wp-content\\\/uploads\\\/2026\\\/09\\\/WhatsApp-Image-2026-09-05-at-14.13.44-1.jpeg\",\"width\":1280,\"height\":960},{\"@type\":\"BreadcrumbList\",\"@id\":\"https:\\\/\\\/www.notibras.com\\\/site\\\/pe-de-arvore-celebra-um-ano-de-fomento-a-arte-e-literatura-brasiliense\\\/#breadcrumb\",\"itemListElement\":[{\"@type\":\"ListItem\",\"position\":1,\"name\":\"In\u00edcio\",\"item\":\"https:\\\/\\\/www.notibras.com\\\/site\\\/\"},{\"@type\":\"ListItem\",\"position\":2,\"name\":\"P\u00e9 de \u00c1rvore celebra um ano de fomento \u00e0 arte e literatura brasiliense\"}]},{\"@type\":\"WebSite\",\"@id\":\"https:\\\/\\\/www.notibras.com\\\/site\\\/#website\",\"url\":\"https:\\\/\\\/www.notibras.com\\\/site\\\/\",\"name\":\"Notibras\",\"description\":\"Not\u00edcias de Bras\u00edlia, do Brasil e do Mundo\",\"publisher\":{\"@id\":\"https:\\\/\\\/www.notibras.com\\\/site\\\/#organization\"},\"potentialAction\":[{\"@type\":\"SearchAction\",\"target\":{\"@type\":\"EntryPoint\",\"urlTemplate\":\"https:\\\/\\\/www.notibras.com\\\/site\\\/?s={search_term_string}\"},\"query-input\":{\"@type\":\"PropertyValueSpecification\",\"valueRequired\":true,\"valueName\":\"search_term_string\"}}],\"inLanguage\":\"pt-BR\"},{\"@type\":\"Organization\",\"@id\":\"https:\\\/\\\/www.notibras.com\\\/site\\\/#organization\",\"name\":\"Grupo Notibras de Comunica\u00e7\u00e3o\",\"url\":\"https:\\\/\\\/www.notibras.com\\\/site\\\/\",\"logo\":{\"@type\":\"ImageObject\",\"inLanguage\":\"pt-BR\",\"@id\":\"https:\\\/\\\/www.notibras.com\\\/site\\\/#\\\/schema\\\/logo\\\/image\\\/\",\"url\":\"https:\\\/\\\/www.notibras.com\\\/site\\\/wp-content\\\/uploads\\\/2023\\\/01\\\/notibras23.png\",\"contentUrl\":\"https:\\\/\\\/www.notibras.com\\\/site\\\/wp-content\\\/uploads\\\/2023\\\/01\\\/notibras23.png\",\"width\":350,\"height\":87,\"caption\":\"Grupo Notibras de Comunica\u00e7\u00e3o\"},\"image\":{\"@id\":\"https:\\\/\\\/www.notibras.com\\\/site\\\/#\\\/schema\\\/logo\\\/image\\\/\"},\"sameAs\":[\"https:\\\/\\\/www.facebook.com\\\/notibras\\\/\",\"https:\\\/\\\/x.com\\\/Notibras\",\"https:\\\/\\\/www.instagram.com\\\/notibras\\\/\"]},{\"@type\":\"Person\",\"@id\":\"https:\\\/\\\/www.notibras.com\\\/site\\\/#\\\/schema\\\/person\\\/5b7fabf2aedc3ada2105f03b22b4d3dd\",\"name\":\"Eduardo Mart\u00ednez\",\"image\":{\"@type\":\"ImageObject\",\"inLanguage\":\"pt-BR\",\"@id\":\"https:\\\/\\\/secure.gravatar.com\\\/avatar\\\/7902f906289926289cbcda644b5197c796b893c6ffd7b9a536a42d290f7704a0?s=96&d=mm&r=g\",\"url\":\"https:\\\/\\\/secure.gravatar.com\\\/avatar\\\/7902f906289926289cbcda644b5197c796b893c6ffd7b9a536a42d290f7704a0?s=96&d=mm&r=g\",\"contentUrl\":\"https:\\\/\\\/secure.gravatar.com\\\/avatar\\\/7902f906289926289cbcda644b5197c796b893c6ffd7b9a536a42d290f7704a0?s=96&d=mm&r=g\",\"caption\":\"Eduardo Mart\u00ednez\"}}]}<\/script>\n<!-- \/ Yoast SEO plugin. -->","yoast_head_json":{"title":"P\u00e9 de \u00c1rvore celebra um ano de fomento \u00e0 arte e literatura brasiliense - Notibras","robots":{"index":"index","follow":"follow","max-snippet":"max-snippet:-1","max-image-preview":"max-image-preview:large","max-video-preview":"max-video-preview:-1"},"canonical":"https:\/\/www.notibras.com\/site\/pe-de-arvore-celebra-um-ano-de-fomento-a-arte-e-literatura-brasiliense\/","og_locale":"pt_BR","og_type":"article","og_title":"P\u00e9 de \u00c1rvore celebra um ano de fomento \u00e0 arte e literatura brasiliense - Notibras","og_description":"Moradores da capital federal ganharam um motivo a mais para celebrar a produ\u00e7\u00e3o criativa local neste s\u00e1bado. Localizada na SCLS 411, a charmosa loja colaborativa de esquina P\u00e9 de \u00c1rvore comemorou seu primeiro ano de exist\u00eancia com um evento especial que reuniu o melhor da arte, do artesanato e da cultura do Distrito Federal. Entre [&hellip;]","og_url":"https:\/\/www.notibras.com\/site\/pe-de-arvore-celebra-um-ano-de-fomento-a-arte-e-literatura-brasiliense\/","og_site_name":"Notibras","article_publisher":"https:\/\/www.facebook.com\/notibras\/","article_published_time":"2026-09-05T19:00:39+00:00","article_modified_time":"2026-09-05T19:16:06+00:00","og_image":[{"width":1280,"height":960,"url":"https:\/\/www.notibras.com\/site\/wp-content\/uploads\/2026\/09\/WhatsApp-Image-2026-09-05-at-14.13.44-1.jpeg","type":"image\/jpeg"}],"author":"Eduardo Mart\u00ednez","twitter_card":"summary_large_image","twitter_creator":"@Notibras","twitter_site":"@Notibras","twitter_misc":{"Escrito por":"Eduardo Mart\u00ednez","Est. tempo de leitura":"4 minutos"},"schema":{"@context":"https:\/\/schema.org","@graph":[{"@type":"Article","@id":"https:\/\/www.notibras.com\/site\/pe-de-arvore-celebra-um-ano-de-fomento-a-arte-e-literatura-brasiliense\/#article","isPartOf":{"@id":"https:\/\/www.notibras.com\/site\/pe-de-arvore-celebra-um-ano-de-fomento-a-arte-e-literatura-brasiliense\/"},"author":{"name":"Eduardo Mart\u00ednez","@id":"https:\/\/www.notibras.com\/site\/#\/schema\/person\/5b7fabf2aedc3ada2105f03b22b4d3dd"},"headline":"P\u00e9 de \u00c1rvore celebra um ano de fomento \u00e0 arte e literatura brasiliense","datePublished":"2026-09-05T19:00:39+00:00","dateModified":"2026-09-05T19:16:06+00:00","mainEntityOfPage":{"@id":"https:\/\/www.notibras.com\/site\/pe-de-arvore-celebra-um-ano-de-fomento-a-arte-e-literatura-brasiliense\/"},"wordCount":569,"publisher":{"@id":"https:\/\/www.notibras.com\/site\/#organization"},"image":{"@id":"https:\/\/www.notibras.com\/site\/pe-de-arvore-celebra-um-ano-de-fomento-a-arte-e-literatura-brasiliense\/#primaryimage"},"thumbnailUrl":"https:\/\/www.notibras.com\/site\/wp-content\/uploads\/2026\/09\/WhatsApp-Image-2026-09-05-at-14.13.44-1.jpeg","articleSection":["Quadradinho em Foco"],"inLanguage":"pt-BR"},{"@type":"WebPage","@id":"https:\/\/www.notibras.com\/site\/pe-de-arvore-celebra-um-ano-de-fomento-a-arte-e-literatura-brasiliense\/","url":"https:\/\/www.notibras.com\/site\/pe-de-arvore-celebra-um-ano-de-fomento-a-arte-e-literatura-brasiliense\/","name":"P\u00e9 de \u00c1rvore celebra um ano de fomento \u00e0 arte e literatura brasiliense - Notibras","isPartOf":{"@id":"https:\/\/www.notibras.com\/site\/#website"},"primaryImageOfPage":{"@id":"https:\/\/www.notibras.com\/site\/pe-de-arvore-celebra-um-ano-de-fomento-a-arte-e-literatura-brasiliense\/#primaryimage"},"image":{"@id":"https:\/\/www.notibras.com\/site\/pe-de-arvore-celebra-um-ano-de-fomento-a-arte-e-literatura-brasiliense\/#primaryimage"},"thumbnailUrl":"https:\/\/www.notibras.com\/site\/wp-content\/uploads\/2026\/09\/WhatsApp-Image-2026-09-05-at-14.13.44-1.jpeg","datePublished":"2026-09-05T19:00:39+00:00","dateModified":"2026-09-05T19:16:06+00:00","breadcrumb":{"@id":"https:\/\/www.notibras.com\/site\/pe-de-arvore-celebra-um-ano-de-fomento-a-arte-e-literatura-brasiliense\/#breadcrumb"},"inLanguage":"pt-BR","potentialAction":[{"@type":"ReadAction","target":["https:\/\/www.notibras.com\/site\/pe-de-arvore-celebra-um-ano-de-fomento-a-arte-e-literatura-brasiliense\/"]}]},{"@type":"ImageObject","inLanguage":"pt-BR","@id":"https:\/\/www.notibras.com\/site\/pe-de-arvore-celebra-um-ano-de-fomento-a-arte-e-literatura-brasiliense\/#primaryimage","url":"https:\/\/www.notibras.com\/site\/wp-content\/uploads\/2026\/09\/WhatsApp-Image-2026-09-05-at-14.13.44-1.jpeg","contentUrl":"https:\/\/www.notibras.com\/site\/wp-content\/uploads\/2026\/09\/WhatsApp-Image-2026-09-05-at-14.13.44-1.jpeg","width":1280,"height":960},{"@type":"BreadcrumbList","@id":"https:\/\/www.notibras.com\/site\/pe-de-arvore-celebra-um-ano-de-fomento-a-arte-e-literatura-brasiliense\/#breadcrumb","itemListElement":[{"@type":"ListItem","position":1,"name":"In\u00edcio","item":"https:\/\/www.notibras.com\/site\/"},{"@type":"ListItem","position":2,"name":"P\u00e9 de \u00c1rvore celebra um ano de fomento \u00e0 arte e literatura brasiliense"}]},{"@type":"WebSite","@id":"https:\/\/www.notibras.com\/site\/#website","url":"https:\/\/www.notibras.com\/site\/","name":"Notibras","description":"Not\u00edcias de Bras\u00edlia, do Brasil e do Mundo","publisher":{"@id":"https:\/\/www.notibras.com\/site\/#organization"},"potentialAction":[{"@type":"SearchAction","target":{"@type":"EntryPoint","urlTemplate":"https:\/\/www.notibras.com\/site\/?s={search_term_string}"},"query-input":{"@type":"PropertyValueSpecification","valueRequired":true,"valueName":"search_term_string"}}],"inLanguage":"pt-BR"},{"@type":"Organization","@id":"https:\/\/www.notibras.com\/site\/#organization","name":"Grupo Notibras de Comunica\u00e7\u00e3o","url":"https:\/\/www.notibras.com\/site\/","logo":{"@type":"ImageObject","inLanguage":"pt-BR","@id":"https:\/\/www.notibras.com\/site\/#\/schema\/logo\/image\/","url":"https:\/\/www.notibras.com\/site\/wp-content\/uploads\/2023\/01\/notibras23.png","contentUrl":"https:\/\/www.notibras.com\/site\/wp-content\/uploads\/2023\/01\/notibras23.png","width":350,"height":87,"caption":"Grupo Notibras de Comunica\u00e7\u00e3o"},"image":{"@id":"https:\/\/www.notibras.com\/site\/#\/schema\/logo\/image\/"},"sameAs":["https:\/\/www.facebook.com\/notibras\/","https:\/\/x.com\/Notibras","https:\/\/www.instagram.com\/notibras\/"]},{"@type":"Person","@id":"https:\/\/www.notibras.com\/site\/#\/schema\/person\/5b7fabf2aedc3ada2105f03b22b4d3dd","name":"Eduardo Mart\u00ednez","image":{"@type":"ImageObject","inLanguage":"pt-BR","@id":"https:\/\/secure.gravatar.com\/avatar\/7902f906289926289cbcda644b5197c796b893c6ffd7b9a536a42d290f7704a0?s=96&d=mm&r=g","url":"https:\/\/secure.gravatar.com\/avatar\/7902f906289926289cbcda644b5197c796b893c6ffd7b9a536a42d290f7704a0?s=96&d=mm&r=g","contentUrl":"https:\/\/secure.gravatar.com\/avatar\/7902f906289926289cbcda644b5197c796b893c6ffd7b9a536a42d290f7704a0?s=96&d=mm&r=g","caption":"Eduardo Mart\u00ednez"}}]}},"_links":{"self":[{"href":"https:\/\/www.notibras.com\/site\/wp-json\/wp\/v2\/posts\/409295","targetHints":{"allow":["GET"]}}],"collection":[{"href":"https:\/\/www.notibras.com\/site\/wp-json\/wp\/v2\/posts"}],"about":[{"href":"https:\/\/www.notibras.com\/site\/wp-json\/wp\/v2\/types\/post"}],"author":[{"embeddable":true,"href":"https:\/\/www.notibras.com\/site\/wp-json\/wp\/v2\/users\/21"}],"replies":[{"embeddable":true,"href":"https:\/\/www.notibras.com\/site\/wp-json\/wp\/v2\/comments?post=409295"}],"version-history":[{"count":3,"href":"https:\/\/www.notibras.com\/site\/wp-json\/wp\/v2\/posts\/409295\/revisions"}],"predecessor-version":[{"id":409313,"href":"https:\/\/www.notibras.com\/site\/wp-json\/wp\/v2\/posts\/409295\/revisions\/409313"}],"wp:featuredmedia":[{"embeddable":true,"href":"https:\/\/www.notibras.com\/site\/wp-json\/wp\/v2\/media\/409297"}],"wp:attachment":[{"href":"https:\/\/www.notibras.com\/site\/wp-json\/wp\/v2\/media?parent=409295"}],"wp:term":[{"taxonomy":"category","embeddable":true,"href":"https:\/\/www.notibras.com\/site\/wp-json\/wp\/v2\/categories?post=409295"},{"taxonomy":"post_tag","embeddable":true,"href":"https:\/\/www.notibras.com\/site\/wp-json\/wp\/v2\/tags?post=409295"},{"taxonomy":"tmauthors","embeddable":true,"href":"https:\/\/www.notibras.com\/site\/wp-json\/wp\/v2\/tmauthors?post=409295"}],"curies":[{"name":"wp","href":"https:\/\/api.w.org\/{rel}","templated":true}]}}