{"id":409314,"date":"2026-09-06T01:00:42","date_gmt":"2026-09-06T04:00:42","guid":{"rendered":"https:\/\/www.notibras.com\/site\/?p=409314"},"modified":"2026-09-05T16:47:31","modified_gmt":"2026-09-05T19:47:31","slug":"caruso","status":"publish","type":"post","link":"https:\/\/www.notibras.com\/site\/caruso\/","title":{"rendered":"Caruso"},"content":{"rendered":"<p>Dali se via o mar inteiro. Ele brilhava e o vento soprava forte como a fatalidade.<\/p>\n<p>Do terra\u00e7o do quarto, em frente ao Golfo de Sorrento, o mar se abria sem obst\u00e1culos. A \u00e1gua, \u00e0 noite, n\u00e3o era apenas negra. Era cinza escura, cortada por riscos de luz vindos dos barcos e dos vapores que ainda cruzavam a ba\u00eda.<\/p>\n<p>Deveria haver um Ves\u00favio por ali, al\u00e9m de dentro do peito daquele homem s\u00f3. Ele deveria ser como uma sombra inteira, parada, ocupando o fundo do horizonte. N\u00e3o se viam detalhes, apenas o volume pesado contra o c\u00e9u.<\/p>\n<p>Mais distante, talvez, quase no limite do olhar, alinhavam-se pequenas luzes fracas fugindo em dire\u00e7\u00e3o de Sorrento. N\u00e3o se distinguia a cidade em si, apenas o golfo e uma sucess\u00e3o de pontos luminosos acompanhando a curva da costa, como se algu\u00e9m tivesse marcado a borda do mundo com f\u00f3sforos acesos. Ou como uma boca imensa a devorar a luz.<\/p>\n<p>O ar trazia cheiro de sal e carv\u00e3o queimado. De vez em quando, um apito de navio atravessava o sil\u00eancio e se deixava morrer sobre a \u00e1gua.<\/p>\n<p>O vento subia eloquente pelas paredes do hotel e atravessava o corpo daquele homem como uma l\u00e2mina fria. L\u00e1 embaixo, as ondas batiam contra as pedras com a regularidade de quem n\u00e3o precisa provar nada a ningu\u00e9m.<\/p>\n<p>Encostado no parapeito, respirava curto. O peito j\u00e1 n\u00e3o obedecia como antes. Havia dias em que cada f\u00f4lego parecia emprestado. N\u00e3o sabia exatamente se era uma doen\u00e7a ou simplesmente a saudade.<\/p>\n<p>Ent\u00e3o, ele viu o casal. Um homem abra\u00e7a uma mulher. E ele imaginou, pelos movimentos corporais, que ele havia chorado ou estava chorando.<\/p>\n<p>O homem passou a m\u00e3o pelos cabelos dela. Tentou rir de alguma coisa que n\u00e3o chegou aos ouvidos do senhor solit\u00e1rio do terra\u00e7o. O homem s\u00f3 limpa a garganta com um pequeno pigarro, como se fosse come\u00e7ar a cantar uma can\u00e7\u00e3o conhecida como <em>Torna a Surriento. <\/em>Mas, ele percebe que n\u00e3o tem sequer naquele momento o consolo de fingir numa can\u00e7\u00e3o aquela dor profunda que deveras sente. E que uma vez fingida e apresentada a um p\u00fablico, ainda que apenas imaginado, se torna ao menos mais suport\u00e1vel.<\/p>\n<p>Dizer&#8230;<\/p>\n<p><em>\u201c- Eu te quero tanto. Te quero tanto bem, sabe?\u201d<\/em><\/p>\n<p>Dizer&#8230; ao menos para ele, \u00e9 mais f\u00e1cil numa can\u00e7\u00e3o do que na vida real. Uma corrente parece subir pela espinha e dissolver seu sangue dentro das veias. Ele se sente confortado por estar em seu conhecido quarto, no Grand Hotel Ves\u00favio, sua casa em N\u00e1poles. E pensa nos elefantes e sua viagem final em dire\u00e7\u00e3o ao local onde nasceram.<\/p>\n<p>Ent\u00e3o, a lembran\u00e7a veio inteira, como uma nota que se sustenta sem esfor\u00e7o, como uma cena de teatro. Por\u00e9m, mais dolorosas por parecerem reais. At\u00e9 que ponto s\u00e3o reais as cenas que lembramos? A mulher de que lembrava n\u00e3o era a mulher ali embaixo. Era outra. Muito distante. Uma jovem de olhos verdes que ele conhecera na Am\u00e9rica, num tempo em que o corpo ainda respondia e o futuro parecia uma estrada aberta. Os olhos verdes como o mar&#8230; Aqueles olhos que o olhavam da coxia quando ele cantava. Aqueles olhos que pareciam perplexos sem saber se amavam \u00e0quele homem ou se admiravam o artista. Aquela express\u00e3o de algu\u00e9m que desconfiava de si pr\u00f3pria por desejar um homem t\u00e3o mais velho e por sonhar ficar ao lado de uma pessoa t\u00e3o acima de seu mundinho vulgar de camareira de teatro.<\/p>\n<p>Ele fechou os olhos por um instante. Abriu. E viu as luzes no meio do mar. Pensou naquela temporada na Am\u00e9rica. Nas luzes dos teatros. No Metropolitan Opera House&#8230; Mas aquelas eram apenas pequenas l\u00e2mpadas e as brancas faixas criadas pelas h\u00e9lices iluminadas. Imaginou as notas de um piano tocando forte. Viu a lua sair por detr\u00e1s de uma nuvem. A lua no golfo eram mais doces do que a morte. Sentiu os gostos e os cheiros do passado como quem reconhece um vinho antigo. Tudo aquilo confirmava apenas o que j\u00e1 estava perdido.<\/p>\n<p>O casal l\u00e1 embaixo continuava abra\u00e7ado. Ser\u00e1 que eles sabem a sorte que t\u00eam? Ser\u00e1 que sabem o quanto aquele momento \u00e9 eterno mesmo que os dois se esque\u00e7am? Ter\u00e1 ela olhos tamb\u00e9m verdes e perplexos? Dali n\u00e3o dava para ver. At\u00e9 o mar era apenas supostamente verde. Os olhos dela eram verdes como o mar. Com certeza! Disso ainda podia se lembrar e lembraria ainda que seu cora\u00e7\u00e3o parecesse arrebentar o peito e perder o compasso. Seus olhos improvisaram uma sutil l\u00e1grima. E ele acreditou estar se afogando.<\/p>\n<p><em>\u201c- Eu te quero tanto. Te quero tanto bem, sabe?\u201d<\/em><\/p>\n<p>E ele pensou que, nas \u00f3peras, no canto l\u00edrico, onde qualquer drama \u00e9 uma mentira, onde os sentimentos e os rostos s\u00e3o protegidos pelas m\u00e1scaras da maquiagem.\u00a0 Aquele seria um bom come\u00e7o de uma pe\u00e7a. Um tenor de meia idade, uma mulher apaixonada, um amor amea\u00e7ado por conveni\u00eancias, diferen\u00e7as financeiras e intelectuais, doen\u00e7a, dist\u00e2ncias&#8230; Entraria a orquestra. Cresceria o som. O sofrimento viraria espet\u00e1culo.<\/p>\n<p>Mas ali n\u00e3o havia m\u00fasica. Nenhum violino para sustentar o gesto simples do abra\u00e7o longo do casal l\u00e1 embaixo. Nenhum maestro para ditar os tempos. S\u00f3 o vento e o ru\u00eddo rude e constante do mar. Pensou ent\u00e3o em quantas vezes cantara a dor diante de plateias inteiras. Morrer de amor. Sofrer por ci\u00fame. Clamar por perd\u00e3o. Tudo com voz plena, gesto preciso, l\u00e1grimas que vinham na hora certa. O p\u00fablico acreditava. Aplaudia. Alguns choravam.<\/p>\n<p>Mas era mentira.<\/p>\n<p>Os dois olhos que olhavam para ele desde o passado eram verdade. E pareciam ali t\u00e3o perto. E tudo se tornou pequeno. E o cora\u00e7\u00e3o se contraiu. Tudo era min\u00fasculo como as noites l\u00e1 na Am\u00e9rica. Numa quase vertigem, ele esqueceu todas as palavras e seus pensamentos se confundiram. Ele conseguiu, n\u00e3o sem esfor\u00e7o, livrar-se da vertigem ao se virar e fixar os olhos sobre a faixa branca de uma h\u00e9lice. Sua vida prendia-se apenas \u00e0 faixa branca e distante de uma h\u00e9lice. Ser\u00e1 assim que a vida termina? E fechou de novo os olhos para n\u00e3o pensar tanto. E abriu os olhos outra vez.<\/p>\n<p>O casal havia desaparecido. \u00a0Para onde foram? Seguiram juntos ou cada um tomou um caminho? O terra\u00e7o voltou a ser apenas pedra, mar e vento. E seu peito voltou a ser apenas solid\u00e3o.\u00a0 A lembran\u00e7a da jovem de olhos verdes persistia. Mas era quase impercept\u00edvel como o que restava nele de respira\u00e7\u00e3o.<\/p>\n<p>A Am\u00e9rica&#8230; T\u00e3o distante agora quanto uma nota que j\u00e1 terminou de soar. T\u00e3o terminada como deixar o palco depois dos aplausos e ir para o hotel sozinho. O peito do\u00eda. Enquanto doesse, era sinal de que estava vivo. Nas \u00f3peras, mesmo a morte vem acompanhada de uns acordes finais e de um sil\u00eancio respeitoso depois da \u00faltima nota. E ele odiou a plateia por aplaudir at\u00e9 a morte. Apoiou as m\u00e3os no parapeito. Na vida real, o fim chega sem orquestra. Sem plateia. Sem explica\u00e7\u00e3o.<\/p>\n<p><em>N\u00e1poles, 2 de agosto de 1921.<\/em><\/p>\n<p><em>\u201cMorreu hoje, em um quarto do Grand Hotel Ves\u00favio, em N\u00e1poles, o tenor Enrico Caruso, aos 48 anos. O artista, que vinha sofrendo h\u00e1 meses de graves complica\u00e7\u00f5es pulmonares decorrentes de infec\u00e7\u00f5es e pleurisia, faleceu sozinho durante a madrugada. Considerado uma das maiores vozes da \u00f3pera mundial, Caruso deixa uma carreira marcada por triunfos nos principais teatros da Europa e dos Estados Unidos. O corpo ser\u00e1 velado em N\u00e1poles, sua cidade natal, onde se espera grande como\u00e7\u00e3o popular.\u201d<\/em><\/p>\n<p><strong>&#8230;&#8230;&#8230;&#8230;&#8230;&#8230;&#8230;&#8230;.<\/strong><\/p>\n<p><img loading=\"lazy\" loading=\"lazy\" decoding=\"async\" class=\"alignnone wp-image-409315\" src=\"https:\/\/www.notibras.com\/site\/wp-content\/uploads\/2026\/09\/f442970e-3a55-4144-a17a-05327de6a0af-300x200.jpeg\" alt=\"\" width=\"525\" height=\"350\" srcset=\"https:\/\/www.notibras.com\/site\/wp-content\/uploads\/2026\/09\/f442970e-3a55-4144-a17a-05327de6a0af-300x200.jpeg 300w, https:\/\/www.notibras.com\/site\/wp-content\/uploads\/2026\/09\/f442970e-3a55-4144-a17a-05327de6a0af-768x512.jpeg 768w, https:\/\/www.notibras.com\/site\/wp-content\/uploads\/2026\/09\/f442970e-3a55-4144-a17a-05327de6a0af.jpeg 1024w\" sizes=\"auto, (max-width: 525px) 100vw, 525px\" \/><\/p>\n<p><strong>Claudio Carvalho \u00e9 autor de poemas, prosa, teatro, letras de m\u00fasica, textos acad\u00eamicos. Trabalhos liter\u00e1rios recentes:<em> O Canal<\/em> (romance, BH, Caravana, 2021) e <em>365-D: a corda esticada entre o vazio e a coisa amada<\/em> (poemas, RJ, Fonte das Palavras\/Clube de Autores, 2023), <em>Rolando e a Bola<\/em> (infantil, Editora Elementar, 2015). Graduado em Hist\u00f3ria, Mestre e Doutor em Letras e p\u00f3s-doc em Estudos Culturais, sempre na UFRJ. Professor do INES, RJ, no Ensino Superior. Pela Mondru, publicou o livro de poemas <em>Cem Sem Zen Sonetos<\/em> (2025). Seu lan\u00e7amento desse ano \u00e9 o <em>Bar Latino-Am\u00e9rica<\/em> (Mondru; 2026), cr\u00f4nica de uma gera\u00e7\u00e3o que viveu na contram\u00e3o.<\/strong><\/p>\n","protected":false},"excerpt":{"rendered":"<p>Dali se via o mar inteiro. Ele brilhava e o vento soprava forte como a fatalidade. Do terra\u00e7o do quarto, em frente ao Golfo de Sorrento, o mar se abria sem obst\u00e1culos. A \u00e1gua, \u00e0 noite, n\u00e3o era apenas negra. Era cinza escura, cortada por riscos de luz vindos dos barcos e dos vapores que [&hellip;]<\/p>\n","protected":false},"author":21,"featured_media":409316,"comment_status":"closed","ping_status":"closed","sticky":false,"template":"","format":"standard","meta":{"_acf_changed":false,"footnotes":""},"categories":[234],"tags":[],"tmauthors":[306],"class_list":["post-409314","post","type-post","status-publish","format-standard","has-post-thumbnail","category-cafe-literario"],"acf":[],"yoast_head":"<!-- This site is optimized with the Yoast SEO plugin v28.0 - https:\/\/yoast.com\/product\/yoast-seo-wordpress\/ -->\n<title>Caruso - Notibras<\/title>\n<meta name=\"robots\" content=\"index, follow, max-snippet:-1, max-image-preview:large, max-video-preview:-1\" \/>\n<link rel=\"canonical\" href=\"https:\/\/www.notibras.com\/site\/caruso\/\" \/>\n<meta property=\"og:locale\" content=\"pt_BR\" \/>\n<meta property=\"og:type\" content=\"article\" \/>\n<meta property=\"og:title\" content=\"Caruso - Notibras\" \/>\n<meta property=\"og:description\" content=\"Dali se via o mar inteiro. Ele brilhava e o vento soprava forte como a fatalidade. Do terra\u00e7o do quarto, em frente ao Golfo de Sorrento, o mar se abria sem obst\u00e1culos. A \u00e1gua, \u00e0 noite, n\u00e3o era apenas negra. Era cinza escura, cortada por riscos de luz vindos dos barcos e dos vapores que [&hellip;]\" \/>\n<meta property=\"og:url\" content=\"https:\/\/www.notibras.com\/site\/caruso\/\" \/>\n<meta property=\"og:site_name\" content=\"Notibras\" \/>\n<meta property=\"article:publisher\" content=\"https:\/\/www.facebook.com\/notibras\/\" \/>\n<meta property=\"article:published_time\" content=\"2026-09-06T04:00:42+00:00\" \/>\n<meta property=\"og:image\" content=\"https:\/\/www.notibras.com\/site\/wp-content\/uploads\/2026\/09\/WhatsApp-Image-2026-09-05-at-16.29.42.webp\" \/>\n\t<meta property=\"og:image:width\" content=\"1920\" \/>\n\t<meta property=\"og:image:height\" content=\"1280\" \/>\n\t<meta property=\"og:image:type\" content=\"image\/webp\" \/>\n<meta name=\"author\" content=\"Eduardo Mart\u00ednez\" \/>\n<meta name=\"twitter:card\" content=\"summary_large_image\" \/>\n<meta name=\"twitter:creator\" content=\"@Notibras\" \/>\n<meta name=\"twitter:site\" content=\"@Notibras\" \/>\n<meta name=\"twitter:label1\" content=\"Escrito por\" \/>\n\t<meta name=\"twitter:data1\" content=\"Eduardo Mart\u00ednez\" \/>\n\t<meta name=\"twitter:label2\" content=\"Est. tempo de leitura\" \/>\n\t<meta name=\"twitter:data2\" content=\"8 minutos\" \/>\n<script type=\"application\/ld+json\" class=\"yoast-schema-graph\">{\"@context\":\"https:\\\/\\\/schema.org\",\"@graph\":[{\"@type\":\"Article\",\"@id\":\"https:\\\/\\\/www.notibras.com\\\/site\\\/caruso\\\/#article\",\"isPartOf\":{\"@id\":\"https:\\\/\\\/www.notibras.com\\\/site\\\/caruso\\\/\"},\"author\":{\"name\":\"Eduardo Mart\u00ednez\",\"@id\":\"https:\\\/\\\/www.notibras.com\\\/site\\\/#\\\/schema\\\/person\\\/5b7fabf2aedc3ada2105f03b22b4d3dd\"},\"headline\":\"Caruso\",\"datePublished\":\"2026-09-06T04:00:42+00:00\",\"mainEntityOfPage\":{\"@id\":\"https:\\\/\\\/www.notibras.com\\\/site\\\/caruso\\\/\"},\"wordCount\":1444,\"publisher\":{\"@id\":\"https:\\\/\\\/www.notibras.com\\\/site\\\/#organization\"},\"image\":{\"@id\":\"https:\\\/\\\/www.notibras.com\\\/site\\\/caruso\\\/#primaryimage\"},\"thumbnailUrl\":\"https:\\\/\\\/www.notibras.com\\\/site\\\/wp-content\\\/uploads\\\/2026\\\/09\\\/WhatsApp-Image-2026-09-05-at-16.29.42.webp\",\"articleSection\":[\"Caf\u00e9 Liter\u00e1rio\"],\"inLanguage\":\"pt-BR\"},{\"@type\":\"WebPage\",\"@id\":\"https:\\\/\\\/www.notibras.com\\\/site\\\/caruso\\\/\",\"url\":\"https:\\\/\\\/www.notibras.com\\\/site\\\/caruso\\\/\",\"name\":\"Caruso - Notibras\",\"isPartOf\":{\"@id\":\"https:\\\/\\\/www.notibras.com\\\/site\\\/#website\"},\"primaryImageOfPage\":{\"@id\":\"https:\\\/\\\/www.notibras.com\\\/site\\\/caruso\\\/#primaryimage\"},\"image\":{\"@id\":\"https:\\\/\\\/www.notibras.com\\\/site\\\/caruso\\\/#primaryimage\"},\"thumbnailUrl\":\"https:\\\/\\\/www.notibras.com\\\/site\\\/wp-content\\\/uploads\\\/2026\\\/09\\\/WhatsApp-Image-2026-09-05-at-16.29.42.webp\",\"datePublished\":\"2026-09-06T04:00:42+00:00\",\"breadcrumb\":{\"@id\":\"https:\\\/\\\/www.notibras.com\\\/site\\\/caruso\\\/#breadcrumb\"},\"inLanguage\":\"pt-BR\",\"potentialAction\":[{\"@type\":\"ReadAction\",\"target\":[\"https:\\\/\\\/www.notibras.com\\\/site\\\/caruso\\\/\"]}]},{\"@type\":\"ImageObject\",\"inLanguage\":\"pt-BR\",\"@id\":\"https:\\\/\\\/www.notibras.com\\\/site\\\/caruso\\\/#primaryimage\",\"url\":\"https:\\\/\\\/www.notibras.com\\\/site\\\/wp-content\\\/uploads\\\/2026\\\/09\\\/WhatsApp-Image-2026-09-05-at-16.29.42.webp\",\"contentUrl\":\"https:\\\/\\\/www.notibras.com\\\/site\\\/wp-content\\\/uploads\\\/2026\\\/09\\\/WhatsApp-Image-2026-09-05-at-16.29.42.webp\",\"width\":1920,\"height\":1280},{\"@type\":\"BreadcrumbList\",\"@id\":\"https:\\\/\\\/www.notibras.com\\\/site\\\/caruso\\\/#breadcrumb\",\"itemListElement\":[{\"@type\":\"ListItem\",\"position\":1,\"name\":\"In\u00edcio\",\"item\":\"https:\\\/\\\/www.notibras.com\\\/site\\\/\"},{\"@type\":\"ListItem\",\"position\":2,\"name\":\"Caruso\"}]},{\"@type\":\"WebSite\",\"@id\":\"https:\\\/\\\/www.notibras.com\\\/site\\\/#website\",\"url\":\"https:\\\/\\\/www.notibras.com\\\/site\\\/\",\"name\":\"Notibras\",\"description\":\"Not\u00edcias de Bras\u00edlia, do Brasil e do Mundo\",\"publisher\":{\"@id\":\"https:\\\/\\\/www.notibras.com\\\/site\\\/#organization\"},\"potentialAction\":[{\"@type\":\"SearchAction\",\"target\":{\"@type\":\"EntryPoint\",\"urlTemplate\":\"https:\\\/\\\/www.notibras.com\\\/site\\\/?s={search_term_string}\"},\"query-input\":{\"@type\":\"PropertyValueSpecification\",\"valueRequired\":true,\"valueName\":\"search_term_string\"}}],\"inLanguage\":\"pt-BR\"},{\"@type\":\"Organization\",\"@id\":\"https:\\\/\\\/www.notibras.com\\\/site\\\/#organization\",\"name\":\"Grupo Notibras de Comunica\u00e7\u00e3o\",\"url\":\"https:\\\/\\\/www.notibras.com\\\/site\\\/\",\"logo\":{\"@type\":\"ImageObject\",\"inLanguage\":\"pt-BR\",\"@id\":\"https:\\\/\\\/www.notibras.com\\\/site\\\/#\\\/schema\\\/logo\\\/image\\\/\",\"url\":\"https:\\\/\\\/www.notibras.com\\\/site\\\/wp-content\\\/uploads\\\/2023\\\/01\\\/notibras23.png\",\"contentUrl\":\"https:\\\/\\\/www.notibras.com\\\/site\\\/wp-content\\\/uploads\\\/2023\\\/01\\\/notibras23.png\",\"width\":350,\"height\":87,\"caption\":\"Grupo Notibras de Comunica\u00e7\u00e3o\"},\"image\":{\"@id\":\"https:\\\/\\\/www.notibras.com\\\/site\\\/#\\\/schema\\\/logo\\\/image\\\/\"},\"sameAs\":[\"https:\\\/\\\/www.facebook.com\\\/notibras\\\/\",\"https:\\\/\\\/x.com\\\/Notibras\",\"https:\\\/\\\/www.instagram.com\\\/notibras\\\/\"]},{\"@type\":\"Person\",\"@id\":\"https:\\\/\\\/www.notibras.com\\\/site\\\/#\\\/schema\\\/person\\\/5b7fabf2aedc3ada2105f03b22b4d3dd\",\"name\":\"Eduardo Mart\u00ednez\",\"image\":{\"@type\":\"ImageObject\",\"inLanguage\":\"pt-BR\",\"@id\":\"https:\\\/\\\/secure.gravatar.com\\\/avatar\\\/7902f906289926289cbcda644b5197c796b893c6ffd7b9a536a42d290f7704a0?s=96&d=mm&r=g\",\"url\":\"https:\\\/\\\/secure.gravatar.com\\\/avatar\\\/7902f906289926289cbcda644b5197c796b893c6ffd7b9a536a42d290f7704a0?s=96&d=mm&r=g\",\"contentUrl\":\"https:\\\/\\\/secure.gravatar.com\\\/avatar\\\/7902f906289926289cbcda644b5197c796b893c6ffd7b9a536a42d290f7704a0?s=96&d=mm&r=g\",\"caption\":\"Eduardo Mart\u00ednez\"}}]}<\/script>\n<!-- \/ Yoast SEO plugin. -->","yoast_head_json":{"title":"Caruso - Notibras","robots":{"index":"index","follow":"follow","max-snippet":"max-snippet:-1","max-image-preview":"max-image-preview:large","max-video-preview":"max-video-preview:-1"},"canonical":"https:\/\/www.notibras.com\/site\/caruso\/","og_locale":"pt_BR","og_type":"article","og_title":"Caruso - Notibras","og_description":"Dali se via o mar inteiro. Ele brilhava e o vento soprava forte como a fatalidade. Do terra\u00e7o do quarto, em frente ao Golfo de Sorrento, o mar se abria sem obst\u00e1culos. A \u00e1gua, \u00e0 noite, n\u00e3o era apenas negra. Era cinza escura, cortada por riscos de luz vindos dos barcos e dos vapores que [&hellip;]","og_url":"https:\/\/www.notibras.com\/site\/caruso\/","og_site_name":"Notibras","article_publisher":"https:\/\/www.facebook.com\/notibras\/","article_published_time":"2026-09-06T04:00:42+00:00","og_image":[{"width":1920,"height":1280,"url":"https:\/\/www.notibras.com\/site\/wp-content\/uploads\/2026\/09\/WhatsApp-Image-2026-09-05-at-16.29.42.webp","type":"image\/webp"}],"author":"Eduardo Mart\u00ednez","twitter_card":"summary_large_image","twitter_creator":"@Notibras","twitter_site":"@Notibras","twitter_misc":{"Escrito por":"Eduardo Mart\u00ednez","Est. tempo de leitura":"8 minutos"},"schema":{"@context":"https:\/\/schema.org","@graph":[{"@type":"Article","@id":"https:\/\/www.notibras.com\/site\/caruso\/#article","isPartOf":{"@id":"https:\/\/www.notibras.com\/site\/caruso\/"},"author":{"name":"Eduardo Mart\u00ednez","@id":"https:\/\/www.notibras.com\/site\/#\/schema\/person\/5b7fabf2aedc3ada2105f03b22b4d3dd"},"headline":"Caruso","datePublished":"2026-09-06T04:00:42+00:00","mainEntityOfPage":{"@id":"https:\/\/www.notibras.com\/site\/caruso\/"},"wordCount":1444,"publisher":{"@id":"https:\/\/www.notibras.com\/site\/#organization"},"image":{"@id":"https:\/\/www.notibras.com\/site\/caruso\/#primaryimage"},"thumbnailUrl":"https:\/\/www.notibras.com\/site\/wp-content\/uploads\/2026\/09\/WhatsApp-Image-2026-09-05-at-16.29.42.webp","articleSection":["Caf\u00e9 Liter\u00e1rio"],"inLanguage":"pt-BR"},{"@type":"WebPage","@id":"https:\/\/www.notibras.com\/site\/caruso\/","url":"https:\/\/www.notibras.com\/site\/caruso\/","name":"Caruso - Notibras","isPartOf":{"@id":"https:\/\/www.notibras.com\/site\/#website"},"primaryImageOfPage":{"@id":"https:\/\/www.notibras.com\/site\/caruso\/#primaryimage"},"image":{"@id":"https:\/\/www.notibras.com\/site\/caruso\/#primaryimage"},"thumbnailUrl":"https:\/\/www.notibras.com\/site\/wp-content\/uploads\/2026\/09\/WhatsApp-Image-2026-09-05-at-16.29.42.webp","datePublished":"2026-09-06T04:00:42+00:00","breadcrumb":{"@id":"https:\/\/www.notibras.com\/site\/caruso\/#breadcrumb"},"inLanguage":"pt-BR","potentialAction":[{"@type":"ReadAction","target":["https:\/\/www.notibras.com\/site\/caruso\/"]}]},{"@type":"ImageObject","inLanguage":"pt-BR","@id":"https:\/\/www.notibras.com\/site\/caruso\/#primaryimage","url":"https:\/\/www.notibras.com\/site\/wp-content\/uploads\/2026\/09\/WhatsApp-Image-2026-09-05-at-16.29.42.webp","contentUrl":"https:\/\/www.notibras.com\/site\/wp-content\/uploads\/2026\/09\/WhatsApp-Image-2026-09-05-at-16.29.42.webp","width":1920,"height":1280},{"@type":"BreadcrumbList","@id":"https:\/\/www.notibras.com\/site\/caruso\/#breadcrumb","itemListElement":[{"@type":"ListItem","position":1,"name":"In\u00edcio","item":"https:\/\/www.notibras.com\/site\/"},{"@type":"ListItem","position":2,"name":"Caruso"}]},{"@type":"WebSite","@id":"https:\/\/www.notibras.com\/site\/#website","url":"https:\/\/www.notibras.com\/site\/","name":"Notibras","description":"Not\u00edcias de Bras\u00edlia, do Brasil e do Mundo","publisher":{"@id":"https:\/\/www.notibras.com\/site\/#organization"},"potentialAction":[{"@type":"SearchAction","target":{"@type":"EntryPoint","urlTemplate":"https:\/\/www.notibras.com\/site\/?s={search_term_string}"},"query-input":{"@type":"PropertyValueSpecification","valueRequired":true,"valueName":"search_term_string"}}],"inLanguage":"pt-BR"},{"@type":"Organization","@id":"https:\/\/www.notibras.com\/site\/#organization","name":"Grupo Notibras de Comunica\u00e7\u00e3o","url":"https:\/\/www.notibras.com\/site\/","logo":{"@type":"ImageObject","inLanguage":"pt-BR","@id":"https:\/\/www.notibras.com\/site\/#\/schema\/logo\/image\/","url":"https:\/\/www.notibras.com\/site\/wp-content\/uploads\/2023\/01\/notibras23.png","contentUrl":"https:\/\/www.notibras.com\/site\/wp-content\/uploads\/2023\/01\/notibras23.png","width":350,"height":87,"caption":"Grupo Notibras de Comunica\u00e7\u00e3o"},"image":{"@id":"https:\/\/www.notibras.com\/site\/#\/schema\/logo\/image\/"},"sameAs":["https:\/\/www.facebook.com\/notibras\/","https:\/\/x.com\/Notibras","https:\/\/www.instagram.com\/notibras\/"]},{"@type":"Person","@id":"https:\/\/www.notibras.com\/site\/#\/schema\/person\/5b7fabf2aedc3ada2105f03b22b4d3dd","name":"Eduardo Mart\u00ednez","image":{"@type":"ImageObject","inLanguage":"pt-BR","@id":"https:\/\/secure.gravatar.com\/avatar\/7902f906289926289cbcda644b5197c796b893c6ffd7b9a536a42d290f7704a0?s=96&d=mm&r=g","url":"https:\/\/secure.gravatar.com\/avatar\/7902f906289926289cbcda644b5197c796b893c6ffd7b9a536a42d290f7704a0?s=96&d=mm&r=g","contentUrl":"https:\/\/secure.gravatar.com\/avatar\/7902f906289926289cbcda644b5197c796b893c6ffd7b9a536a42d290f7704a0?s=96&d=mm&r=g","caption":"Eduardo Mart\u00ednez"}}]}},"_links":{"self":[{"href":"https:\/\/www.notibras.com\/site\/wp-json\/wp\/v2\/posts\/409314","targetHints":{"allow":["GET"]}}],"collection":[{"href":"https:\/\/www.notibras.com\/site\/wp-json\/wp\/v2\/posts"}],"about":[{"href":"https:\/\/www.notibras.com\/site\/wp-json\/wp\/v2\/types\/post"}],"author":[{"embeddable":true,"href":"https:\/\/www.notibras.com\/site\/wp-json\/wp\/v2\/users\/21"}],"replies":[{"embeddable":true,"href":"https:\/\/www.notibras.com\/site\/wp-json\/wp\/v2\/comments?post=409314"}],"version-history":[{"count":2,"href":"https:\/\/www.notibras.com\/site\/wp-json\/wp\/v2\/posts\/409314\/revisions"}],"predecessor-version":[{"id":409318,"href":"https:\/\/www.notibras.com\/site\/wp-json\/wp\/v2\/posts\/409314\/revisions\/409318"}],"wp:featuredmedia":[{"embeddable":true,"href":"https:\/\/www.notibras.com\/site\/wp-json\/wp\/v2\/media\/409316"}],"wp:attachment":[{"href":"https:\/\/www.notibras.com\/site\/wp-json\/wp\/v2\/media?parent=409314"}],"wp:term":[{"taxonomy":"category","embeddable":true,"href":"https:\/\/www.notibras.com\/site\/wp-json\/wp\/v2\/categories?post=409314"},{"taxonomy":"post_tag","embeddable":true,"href":"https:\/\/www.notibras.com\/site\/wp-json\/wp\/v2\/tags?post=409314"},{"taxonomy":"tmauthors","embeddable":true,"href":"https:\/\/www.notibras.com\/site\/wp-json\/wp\/v2\/tmauthors?post=409314"}],"curies":[{"name":"wp","href":"https:\/\/api.w.org\/{rel}","templated":true}]}}