{"id":409331,"date":"2026-09-06T00:45:36","date_gmt":"2026-09-06T03:45:36","guid":{"rendered":"https:\/\/www.notibras.com\/site\/?p=409331"},"modified":"2026-09-05T21:19:06","modified_gmt":"2026-09-06T00:19:06","slug":"a-poesia-atravessa-o-silencio-da-pedra","status":"publish","type":"post","link":"https:\/\/www.notibras.com\/site\/a-poesia-atravessa-o-silencio-da-pedra\/","title":{"rendered":"A poesia atravessa o sil\u00eancio da pedra"},"content":{"rendered":"<p>o poema \u00e9 necess\u00e1rio<\/p>\n<p>porque esquecemos<br \/>\ncorremos e nos tornamos<br \/>\naut\u00f4matos de um sistema<br \/>\nan\u00f4malo sint\u00e9tico<br \/>\nem que pedra deixa de ser<\/p>\n<p>amorfa-se em portuguesa cubicular<br \/>\nauricular se pendurada para ornar<br \/>\nou chip de celular<\/p>\n<p>sim, poema se presta a rimar<br \/>\npois para remar contra a mar\u00e9<br \/>\n\u00e9 preciso cad\u00eancia<br \/>\nlat\u00eancia de peixe que bebe<br \/>\n\u00e1gua doce e salgada<\/p>\n<p>de outro poema nasceu este<br \/>\nfalava sobre a triste singeleza<br \/>\nde uma faca ao cortar um<\/p>\n<p>um filete frio de salm\u00e3o<br \/>\nsobre pedra de m\u00e1rmore<br \/>\nlapidada l\u00e1pide do corpo<br \/>\no que \u00e9 triste pode ser agudo<br \/>\nfundo fundo mas suave<\/p>\n<p>o delicado deslizar na carne<br \/>\na morte nos lembra<br \/>\na poesia nos lembra<\/p>\n<p>atravessa o sil\u00eancio<br \/>\nda pedra no meio do caminho<br \/>\n\u00e0s vezes \u00e9 s\u00f3 pedra mesmo<\/p>\n<p>h\u00e1 um corpo necess\u00e1rio<br \/>\nponto de contato com o inomin\u00e1vel<br \/>\na espinha de peixe na garganta<br \/>\no gume da l\u00e2mina no rosa<br \/>\nque degusta e custa<\/p>\n<p>aqui, jaz o corpo<br \/>\nmantra de linguagem<br \/>\npara dar matriz \u00e0 mem\u00f3ria<br \/>\nreeducar pela pedra de carv\u00e3o<br \/>\ndeix\u00e1-la no meio do caminho<br \/>\npois \u00e0s vezes \u00e9 s\u00f3<\/p>\n<p><strong>&#8230;&#8230;&#8230;&#8230;&#8230;&#8230;&#8230;.<\/strong><\/p>\n<div class=\"text-base my-auto mx-auto pt-12 [--thread-content-margin:var(--thread-content-margin-xs,calc(var(--spacing)*4))] @w-sm\/main:[--thread-content-margin:var(--thread-content-margin-sm,calc(var(--spacing)*6))] @w-lg\/main:[--thread-content-margin:var(--thread-content-margin-lg,calc(var(--spacing)*16))] px-(--thread-content-margin)\">\n<div class=\"[--thread-content-max-width:40rem] @w-lg\/main:[--thread-content-max-width:48rem] mx-auto max-w-(--thread-content-max-width) flex-1 group\/turn-messages focus-visible:outline-hidden @[53.5rem]\/main:[--thread-content-max-width:48rem] relative flex w-full min-w-0 flex-col\" data-conversation-screenshot-content=\"\">\n<div class=\"flex max-w-full flex-col gap-4 grow\">\n<div class=\"min-h-8 text-message relative flex w-full flex-col items-end gap-2 text-start break-words whitespace-normal outline-none keyboard-focused:focus-ring [.text-message+&amp;]:mt-1\" dir=\"auto\" data-message-author-role=\"user\" data-message-id=\"e19ac5a0-7278-400f-84e0-6fd42c6501c1\">\n<div class=\"flex w-full flex-col gap-1 empty:hidden items-end rtl:items-start\">\n<div class=\"flex w-fit max-w-(--user-chat-width,70%) flex-col items-start self-end rtl:items-end rtl:self-start\">\n<div class=\"contents w-full\">\n<div class=\"corner-superellipse\/0.98 relative min-w-0 overflow-hidden rounded-[22px] px-4 py-2.5 leading-6 user-message-bubble-color w-full\">\n<div class=\"A_HxFq_root\" data-custom-highlighting-behavior=\"boundary\" data-testid=\"collapsible-user-message-root\">\n<div id=\"_r_qr_\" class=\"A_HxFq_content\" data-testid=\"collapsible-user-message-content\">\n<div class=\"markdown prose dark:prose-invert wrap-break-word light markdown-new-styling fbskMG_root _0QcAJW_root\">\n<p class=\"PDq2pG_selectionAnchorContainer\"><strong>Guilherme, carioca nascido em 1986, encontrou na poesia sua express\u00e3o desde a adolesc\u00eancia. Formado em Direito pela UFRJ e em Psicologia pela Est\u00e1cio, lan\u00e7ou em 2024 o livro \u201cEsta leitura \u00e9 gratuita\u201d pela Editora Patu\u00e1. Desde ent\u00e3o, mant\u00e9m no Instagram o perfil @guiesuaspoesias, dedicado \u00e0 poesia independente.<\/strong><\/p>\n<\/div>\n<\/div>\n<\/div>\n<\/div>\n<\/div>\n<\/div>\n<\/div>\n<\/div>\n<\/div>\n<div class=\"z-0 flex justify-end\"><\/div>\n<\/div>\n<\/div>\n","protected":false},"excerpt":{"rendered":"<p>o poema \u00e9 necess\u00e1rio porque esquecemos corremos e nos tornamos aut\u00f4matos de um sistema an\u00f4malo sint\u00e9tico em que pedra deixa de ser amorfa-se em portuguesa cubicular auricular se pendurada para ornar ou chip de celular sim, poema se presta a rimar pois para remar contra a mar\u00e9 \u00e9 preciso cad\u00eancia lat\u00eancia de peixe que bebe [&hellip;]<\/p>\n","protected":false},"author":21,"featured_media":409336,"comment_status":"closed","ping_status":"closed","sticky":false,"template":"","format":"standard","meta":{"_acf_changed":false,"footnotes":""},"categories":[234],"tags":[],"tmauthors":[306],"class_list":["post-409331","post","type-post","status-publish","format-standard","has-post-thumbnail","category-cafe-literario"],"acf":[],"yoast_head":"<!-- This site is optimized with the Yoast SEO plugin v28.0 - https:\/\/yoast.com\/product\/yoast-seo-wordpress\/ -->\n<title>A poesia atravessa o sil\u00eancio da pedra - Notibras<\/title>\n<meta name=\"robots\" content=\"index, follow, max-snippet:-1, max-image-preview:large, max-video-preview:-1\" \/>\n<link rel=\"canonical\" href=\"https:\/\/www.notibras.com\/site\/a-poesia-atravessa-o-silencio-da-pedra\/\" \/>\n<meta property=\"og:locale\" content=\"pt_BR\" \/>\n<meta property=\"og:type\" content=\"article\" \/>\n<meta property=\"og:title\" content=\"A poesia atravessa o sil\u00eancio da pedra - Notibras\" \/>\n<meta property=\"og:description\" content=\"o poema \u00e9 necess\u00e1rio porque esquecemos corremos e nos tornamos aut\u00f4matos de um sistema an\u00f4malo sint\u00e9tico em que pedra deixa de ser amorfa-se em portuguesa cubicular auricular se pendurada para ornar ou chip de celular sim, poema se presta a rimar pois para remar contra a mar\u00e9 \u00e9 preciso cad\u00eancia lat\u00eancia de peixe que bebe [&hellip;]\" \/>\n<meta property=\"og:url\" content=\"https:\/\/www.notibras.com\/site\/a-poesia-atravessa-o-silencio-da-pedra\/\" \/>\n<meta property=\"og:site_name\" content=\"Notibras\" \/>\n<meta property=\"article:publisher\" content=\"https:\/\/www.facebook.com\/notibras\/\" \/>\n<meta property=\"article:published_time\" content=\"2026-09-06T03:45:36+00:00\" \/>\n<meta property=\"og:image\" content=\"https:\/\/www.notibras.com\/site\/wp-content\/uploads\/2026\/09\/ChatGPT-Image-5-de-set.-de-2026-21_16_51-1024x576.png\" \/>\n\t<meta property=\"og:image:width\" content=\"1024\" \/>\n\t<meta property=\"og:image:height\" content=\"576\" \/>\n\t<meta property=\"og:image:type\" content=\"image\/png\" \/>\n<meta name=\"author\" content=\"Eduardo Mart\u00ednez\" \/>\n<meta name=\"twitter:card\" content=\"summary_large_image\" \/>\n<meta name=\"twitter:creator\" content=\"@Notibras\" \/>\n<meta name=\"twitter:site\" content=\"@Notibras\" \/>\n<meta name=\"twitter:label1\" content=\"Escrito por\" \/>\n\t<meta name=\"twitter:data1\" content=\"Eduardo Mart\u00ednez\" \/>\n\t<meta name=\"twitter:label2\" content=\"Est. tempo de leitura\" \/>\n\t<meta name=\"twitter:data2\" content=\"2 minutos\" \/>\n<script type=\"application\/ld+json\" class=\"yoast-schema-graph\">{\"@context\":\"https:\\\/\\\/schema.org\",\"@graph\":[{\"@type\":\"Article\",\"@id\":\"https:\\\/\\\/www.notibras.com\\\/site\\\/a-poesia-atravessa-o-silencio-da-pedra\\\/#article\",\"isPartOf\":{\"@id\":\"https:\\\/\\\/www.notibras.com\\\/site\\\/a-poesia-atravessa-o-silencio-da-pedra\\\/\"},\"author\":{\"name\":\"Eduardo Mart\u00ednez\",\"@id\":\"https:\\\/\\\/www.notibras.com\\\/site\\\/#\\\/schema\\\/person\\\/5b7fabf2aedc3ada2105f03b22b4d3dd\"},\"headline\":\"A poesia atravessa o sil\u00eancio da pedra\",\"datePublished\":\"2026-09-06T03:45:36+00:00\",\"mainEntityOfPage\":{\"@id\":\"https:\\\/\\\/www.notibras.com\\\/site\\\/a-poesia-atravessa-o-silencio-da-pedra\\\/\"},\"wordCount\":247,\"publisher\":{\"@id\":\"https:\\\/\\\/www.notibras.com\\\/site\\\/#organization\"},\"image\":{\"@id\":\"https:\\\/\\\/www.notibras.com\\\/site\\\/a-poesia-atravessa-o-silencio-da-pedra\\\/#primaryimage\"},\"thumbnailUrl\":\"https:\\\/\\\/www.notibras.com\\\/site\\\/wp-content\\\/uploads\\\/2026\\\/09\\\/ChatGPT-Image-5-de-set.-de-2026-21_16_51.png\",\"articleSection\":[\"Caf\u00e9 Liter\u00e1rio\"],\"inLanguage\":\"pt-BR\"},{\"@type\":\"WebPage\",\"@id\":\"https:\\\/\\\/www.notibras.com\\\/site\\\/a-poesia-atravessa-o-silencio-da-pedra\\\/\",\"url\":\"https:\\\/\\\/www.notibras.com\\\/site\\\/a-poesia-atravessa-o-silencio-da-pedra\\\/\",\"name\":\"A poesia atravessa o sil\u00eancio da pedra - Notibras\",\"isPartOf\":{\"@id\":\"https:\\\/\\\/www.notibras.com\\\/site\\\/#website\"},\"primaryImageOfPage\":{\"@id\":\"https:\\\/\\\/www.notibras.com\\\/site\\\/a-poesia-atravessa-o-silencio-da-pedra\\\/#primaryimage\"},\"image\":{\"@id\":\"https:\\\/\\\/www.notibras.com\\\/site\\\/a-poesia-atravessa-o-silencio-da-pedra\\\/#primaryimage\"},\"thumbnailUrl\":\"https:\\\/\\\/www.notibras.com\\\/site\\\/wp-content\\\/uploads\\\/2026\\\/09\\\/ChatGPT-Image-5-de-set.-de-2026-21_16_51.png\",\"datePublished\":\"2026-09-06T03:45:36+00:00\",\"breadcrumb\":{\"@id\":\"https:\\\/\\\/www.notibras.com\\\/site\\\/a-poesia-atravessa-o-silencio-da-pedra\\\/#breadcrumb\"},\"inLanguage\":\"pt-BR\",\"potentialAction\":[{\"@type\":\"ReadAction\",\"target\":[\"https:\\\/\\\/www.notibras.com\\\/site\\\/a-poesia-atravessa-o-silencio-da-pedra\\\/\"]}]},{\"@type\":\"ImageObject\",\"inLanguage\":\"pt-BR\",\"@id\":\"https:\\\/\\\/www.notibras.com\\\/site\\\/a-poesia-atravessa-o-silencio-da-pedra\\\/#primaryimage\",\"url\":\"https:\\\/\\\/www.notibras.com\\\/site\\\/wp-content\\\/uploads\\\/2026\\\/09\\\/ChatGPT-Image-5-de-set.-de-2026-21_16_51.png\",\"contentUrl\":\"https:\\\/\\\/www.notibras.com\\\/site\\\/wp-content\\\/uploads\\\/2026\\\/09\\\/ChatGPT-Image-5-de-set.-de-2026-21_16_51.png\",\"width\":1672,\"height\":941},{\"@type\":\"BreadcrumbList\",\"@id\":\"https:\\\/\\\/www.notibras.com\\\/site\\\/a-poesia-atravessa-o-silencio-da-pedra\\\/#breadcrumb\",\"itemListElement\":[{\"@type\":\"ListItem\",\"position\":1,\"name\":\"In\u00edcio\",\"item\":\"https:\\\/\\\/www.notibras.com\\\/site\\\/\"},{\"@type\":\"ListItem\",\"position\":2,\"name\":\"A poesia atravessa o sil\u00eancio da pedra\"}]},{\"@type\":\"WebSite\",\"@id\":\"https:\\\/\\\/www.notibras.com\\\/site\\\/#website\",\"url\":\"https:\\\/\\\/www.notibras.com\\\/site\\\/\",\"name\":\"Notibras\",\"description\":\"Not\u00edcias de Bras\u00edlia, do Brasil e do Mundo\",\"publisher\":{\"@id\":\"https:\\\/\\\/www.notibras.com\\\/site\\\/#organization\"},\"potentialAction\":[{\"@type\":\"SearchAction\",\"target\":{\"@type\":\"EntryPoint\",\"urlTemplate\":\"https:\\\/\\\/www.notibras.com\\\/site\\\/?s={search_term_string}\"},\"query-input\":{\"@type\":\"PropertyValueSpecification\",\"valueRequired\":true,\"valueName\":\"search_term_string\"}}],\"inLanguage\":\"pt-BR\"},{\"@type\":\"Organization\",\"@id\":\"https:\\\/\\\/www.notibras.com\\\/site\\\/#organization\",\"name\":\"Grupo Notibras de Comunica\u00e7\u00e3o\",\"url\":\"https:\\\/\\\/www.notibras.com\\\/site\\\/\",\"logo\":{\"@type\":\"ImageObject\",\"inLanguage\":\"pt-BR\",\"@id\":\"https:\\\/\\\/www.notibras.com\\\/site\\\/#\\\/schema\\\/logo\\\/image\\\/\",\"url\":\"https:\\\/\\\/www.notibras.com\\\/site\\\/wp-content\\\/uploads\\\/2023\\\/01\\\/notibras23.png\",\"contentUrl\":\"https:\\\/\\\/www.notibras.com\\\/site\\\/wp-content\\\/uploads\\\/2023\\\/01\\\/notibras23.png\",\"width\":350,\"height\":87,\"caption\":\"Grupo Notibras de Comunica\u00e7\u00e3o\"},\"image\":{\"@id\":\"https:\\\/\\\/www.notibras.com\\\/site\\\/#\\\/schema\\\/logo\\\/image\\\/\"},\"sameAs\":[\"https:\\\/\\\/www.facebook.com\\\/notibras\\\/\",\"https:\\\/\\\/x.com\\\/Notibras\",\"https:\\\/\\\/www.instagram.com\\\/notibras\\\/\"]},{\"@type\":\"Person\",\"@id\":\"https:\\\/\\\/www.notibras.com\\\/site\\\/#\\\/schema\\\/person\\\/5b7fabf2aedc3ada2105f03b22b4d3dd\",\"name\":\"Eduardo Mart\u00ednez\",\"image\":{\"@type\":\"ImageObject\",\"inLanguage\":\"pt-BR\",\"@id\":\"https:\\\/\\\/secure.gravatar.com\\\/avatar\\\/7902f906289926289cbcda644b5197c796b893c6ffd7b9a536a42d290f7704a0?s=96&d=mm&r=g\",\"url\":\"https:\\\/\\\/secure.gravatar.com\\\/avatar\\\/7902f906289926289cbcda644b5197c796b893c6ffd7b9a536a42d290f7704a0?s=96&d=mm&r=g\",\"contentUrl\":\"https:\\\/\\\/secure.gravatar.com\\\/avatar\\\/7902f906289926289cbcda644b5197c796b893c6ffd7b9a536a42d290f7704a0?s=96&d=mm&r=g\",\"caption\":\"Eduardo Mart\u00ednez\"}}]}<\/script>\n<!-- \/ Yoast SEO plugin. -->","yoast_head_json":{"title":"A poesia atravessa o sil\u00eancio da pedra - Notibras","robots":{"index":"index","follow":"follow","max-snippet":"max-snippet:-1","max-image-preview":"max-image-preview:large","max-video-preview":"max-video-preview:-1"},"canonical":"https:\/\/www.notibras.com\/site\/a-poesia-atravessa-o-silencio-da-pedra\/","og_locale":"pt_BR","og_type":"article","og_title":"A poesia atravessa o sil\u00eancio da pedra - Notibras","og_description":"o poema \u00e9 necess\u00e1rio porque esquecemos corremos e nos tornamos aut\u00f4matos de um sistema an\u00f4malo sint\u00e9tico em que pedra deixa de ser amorfa-se em portuguesa cubicular auricular se pendurada para ornar ou chip de celular sim, poema se presta a rimar pois para remar contra a mar\u00e9 \u00e9 preciso cad\u00eancia lat\u00eancia de peixe que bebe [&hellip;]","og_url":"https:\/\/www.notibras.com\/site\/a-poesia-atravessa-o-silencio-da-pedra\/","og_site_name":"Notibras","article_publisher":"https:\/\/www.facebook.com\/notibras\/","article_published_time":"2026-09-06T03:45:36+00:00","og_image":[{"width":1024,"height":576,"url":"https:\/\/www.notibras.com\/site\/wp-content\/uploads\/2026\/09\/ChatGPT-Image-5-de-set.-de-2026-21_16_51-1024x576.png","type":"image\/png"}],"author":"Eduardo Mart\u00ednez","twitter_card":"summary_large_image","twitter_creator":"@Notibras","twitter_site":"@Notibras","twitter_misc":{"Escrito por":"Eduardo Mart\u00ednez","Est. tempo de leitura":"2 minutos"},"schema":{"@context":"https:\/\/schema.org","@graph":[{"@type":"Article","@id":"https:\/\/www.notibras.com\/site\/a-poesia-atravessa-o-silencio-da-pedra\/#article","isPartOf":{"@id":"https:\/\/www.notibras.com\/site\/a-poesia-atravessa-o-silencio-da-pedra\/"},"author":{"name":"Eduardo Mart\u00ednez","@id":"https:\/\/www.notibras.com\/site\/#\/schema\/person\/5b7fabf2aedc3ada2105f03b22b4d3dd"},"headline":"A poesia atravessa o sil\u00eancio da pedra","datePublished":"2026-09-06T03:45:36+00:00","mainEntityOfPage":{"@id":"https:\/\/www.notibras.com\/site\/a-poesia-atravessa-o-silencio-da-pedra\/"},"wordCount":247,"publisher":{"@id":"https:\/\/www.notibras.com\/site\/#organization"},"image":{"@id":"https:\/\/www.notibras.com\/site\/a-poesia-atravessa-o-silencio-da-pedra\/#primaryimage"},"thumbnailUrl":"https:\/\/www.notibras.com\/site\/wp-content\/uploads\/2026\/09\/ChatGPT-Image-5-de-set.-de-2026-21_16_51.png","articleSection":["Caf\u00e9 Liter\u00e1rio"],"inLanguage":"pt-BR"},{"@type":"WebPage","@id":"https:\/\/www.notibras.com\/site\/a-poesia-atravessa-o-silencio-da-pedra\/","url":"https:\/\/www.notibras.com\/site\/a-poesia-atravessa-o-silencio-da-pedra\/","name":"A poesia atravessa o sil\u00eancio da pedra - Notibras","isPartOf":{"@id":"https:\/\/www.notibras.com\/site\/#website"},"primaryImageOfPage":{"@id":"https:\/\/www.notibras.com\/site\/a-poesia-atravessa-o-silencio-da-pedra\/#primaryimage"},"image":{"@id":"https:\/\/www.notibras.com\/site\/a-poesia-atravessa-o-silencio-da-pedra\/#primaryimage"},"thumbnailUrl":"https:\/\/www.notibras.com\/site\/wp-content\/uploads\/2026\/09\/ChatGPT-Image-5-de-set.-de-2026-21_16_51.png","datePublished":"2026-09-06T03:45:36+00:00","breadcrumb":{"@id":"https:\/\/www.notibras.com\/site\/a-poesia-atravessa-o-silencio-da-pedra\/#breadcrumb"},"inLanguage":"pt-BR","potentialAction":[{"@type":"ReadAction","target":["https:\/\/www.notibras.com\/site\/a-poesia-atravessa-o-silencio-da-pedra\/"]}]},{"@type":"ImageObject","inLanguage":"pt-BR","@id":"https:\/\/www.notibras.com\/site\/a-poesia-atravessa-o-silencio-da-pedra\/#primaryimage","url":"https:\/\/www.notibras.com\/site\/wp-content\/uploads\/2026\/09\/ChatGPT-Image-5-de-set.-de-2026-21_16_51.png","contentUrl":"https:\/\/www.notibras.com\/site\/wp-content\/uploads\/2026\/09\/ChatGPT-Image-5-de-set.-de-2026-21_16_51.png","width":1672,"height":941},{"@type":"BreadcrumbList","@id":"https:\/\/www.notibras.com\/site\/a-poesia-atravessa-o-silencio-da-pedra\/#breadcrumb","itemListElement":[{"@type":"ListItem","position":1,"name":"In\u00edcio","item":"https:\/\/www.notibras.com\/site\/"},{"@type":"ListItem","position":2,"name":"A poesia atravessa o sil\u00eancio da pedra"}]},{"@type":"WebSite","@id":"https:\/\/www.notibras.com\/site\/#website","url":"https:\/\/www.notibras.com\/site\/","name":"Notibras","description":"Not\u00edcias de Bras\u00edlia, do Brasil e do Mundo","publisher":{"@id":"https:\/\/www.notibras.com\/site\/#organization"},"potentialAction":[{"@type":"SearchAction","target":{"@type":"EntryPoint","urlTemplate":"https:\/\/www.notibras.com\/site\/?s={search_term_string}"},"query-input":{"@type":"PropertyValueSpecification","valueRequired":true,"valueName":"search_term_string"}}],"inLanguage":"pt-BR"},{"@type":"Organization","@id":"https:\/\/www.notibras.com\/site\/#organization","name":"Grupo Notibras de Comunica\u00e7\u00e3o","url":"https:\/\/www.notibras.com\/site\/","logo":{"@type":"ImageObject","inLanguage":"pt-BR","@id":"https:\/\/www.notibras.com\/site\/#\/schema\/logo\/image\/","url":"https:\/\/www.notibras.com\/site\/wp-content\/uploads\/2023\/01\/notibras23.png","contentUrl":"https:\/\/www.notibras.com\/site\/wp-content\/uploads\/2023\/01\/notibras23.png","width":350,"height":87,"caption":"Grupo Notibras de Comunica\u00e7\u00e3o"},"image":{"@id":"https:\/\/www.notibras.com\/site\/#\/schema\/logo\/image\/"},"sameAs":["https:\/\/www.facebook.com\/notibras\/","https:\/\/x.com\/Notibras","https:\/\/www.instagram.com\/notibras\/"]},{"@type":"Person","@id":"https:\/\/www.notibras.com\/site\/#\/schema\/person\/5b7fabf2aedc3ada2105f03b22b4d3dd","name":"Eduardo Mart\u00ednez","image":{"@type":"ImageObject","inLanguage":"pt-BR","@id":"https:\/\/secure.gravatar.com\/avatar\/7902f906289926289cbcda644b5197c796b893c6ffd7b9a536a42d290f7704a0?s=96&d=mm&r=g","url":"https:\/\/secure.gravatar.com\/avatar\/7902f906289926289cbcda644b5197c796b893c6ffd7b9a536a42d290f7704a0?s=96&d=mm&r=g","contentUrl":"https:\/\/secure.gravatar.com\/avatar\/7902f906289926289cbcda644b5197c796b893c6ffd7b9a536a42d290f7704a0?s=96&d=mm&r=g","caption":"Eduardo Mart\u00ednez"}}]}},"_links":{"self":[{"href":"https:\/\/www.notibras.com\/site\/wp-json\/wp\/v2\/posts\/409331","targetHints":{"allow":["GET"]}}],"collection":[{"href":"https:\/\/www.notibras.com\/site\/wp-json\/wp\/v2\/posts"}],"about":[{"href":"https:\/\/www.notibras.com\/site\/wp-json\/wp\/v2\/types\/post"}],"author":[{"embeddable":true,"href":"https:\/\/www.notibras.com\/site\/wp-json\/wp\/v2\/users\/21"}],"replies":[{"embeddable":true,"href":"https:\/\/www.notibras.com\/site\/wp-json\/wp\/v2\/comments?post=409331"}],"version-history":[{"count":1,"href":"https:\/\/www.notibras.com\/site\/wp-json\/wp\/v2\/posts\/409331\/revisions"}],"predecessor-version":[{"id":409337,"href":"https:\/\/www.notibras.com\/site\/wp-json\/wp\/v2\/posts\/409331\/revisions\/409337"}],"wp:featuredmedia":[{"embeddable":true,"href":"https:\/\/www.notibras.com\/site\/wp-json\/wp\/v2\/media\/409336"}],"wp:attachment":[{"href":"https:\/\/www.notibras.com\/site\/wp-json\/wp\/v2\/media?parent=409331"}],"wp:term":[{"taxonomy":"category","embeddable":true,"href":"https:\/\/www.notibras.com\/site\/wp-json\/wp\/v2\/categories?post=409331"},{"taxonomy":"post_tag","embeddable":true,"href":"https:\/\/www.notibras.com\/site\/wp-json\/wp\/v2\/tags?post=409331"},{"taxonomy":"tmauthors","embeddable":true,"href":"https:\/\/www.notibras.com\/site\/wp-json\/wp\/v2\/tmauthors?post=409331"}],"curies":[{"name":"wp","href":"https:\/\/api.w.org\/{rel}","templated":true}]}}