{"id":409343,"date":"2026-09-06T01:00:14","date_gmt":"2026-09-06T04:00:14","guid":{"rendered":"https:\/\/www.notibras.com\/site\/?p=409343"},"modified":"2026-09-05T21:55:48","modified_gmt":"2026-09-06T00:55:48","slug":"saiba-onde-encontrar-bibliotecas-publicas","status":"publish","type":"post","link":"https:\/\/www.notibras.com\/site\/saiba-onde-encontrar-bibliotecas-publicas\/","title":{"rendered":"Saiba onde encontrar bibliotecas p\u00fablicas"},"content":{"rendered":"<p>Estudantes que se preparam para vestibulares, concursos p\u00fablicos ou exames disp\u00f5em de op\u00e7\u00f5es de atendimento na\u00a0<a href=\"https:\/\/www.cultura.df.gov.br\/rede-de-bibliotecas-publicas-do-distrito-federal\">Rede de Bibliotecas P\u00fablicas do Distrito Federal.<\/a>\u00a0Com unidades em diferentes regi\u00f5es administrativas, os espa\u00e7os disponibilizam estrutura para leitura e pesquisa, com hor\u00e1rios que variam em cada local.<\/p>\n<p>Na regi\u00e3o central de Bras\u00edlia, duas unidades oferecem hor\u00e1rios estendidos. A Biblioteca Nacional de Bras\u00edlia (BNB) funciona de segunda a sexta-feira, das 8h \u00e0s 22h, e aos s\u00e1bados e domingos, das 8h \u00e0s 14h. A Biblioteca P\u00fablica de Bras\u00edlia, na Asa Sul, atende de segunda a sexta-feira, das 7h30 \u00e0s 18h, e aos s\u00e1bados, das 7h30 \u00e0s 13h30.<\/p>\n<p>Em outras regi\u00f5es administrativas, h\u00e1 unidades com atendimento at\u00e9 as 22h durante a semana, como Cruzeiro, Guar\u00e1, N\u00facleo Bandeirante, Sobradinho, Sobradinho II e Ceil\u00e2ndia. No Guar\u00e1, os empr\u00e9stimos de livros s\u00e3o realizados somente at\u00e9 as 18h. No Gama, o atendimento vai at\u00e9 as 21h45, enquanto a Biblioteca Machado de Assis, em Taguatinga, funciona at\u00e9 as 21h.<\/p>\n<p>Os hor\u00e1rios no per\u00edodo noturno visam atender os cidad\u00e3os que necessitam de local para estudos ap\u00f3s o expediente de trabalho ou de aulas.<\/p>\n<div class=\"text-content\">\n<p><strong>Atendimento aos s\u00e1bados<\/strong><\/p>\n<\/div>\n<div class=\"text-content\">\n<p>A popula\u00e7\u00e3o disp\u00f5e de alternativas de atendimento aos finais de semana. A Biblioteca P\u00fablica da Candangol\u00e2ndia atende aos s\u00e1bados, das 9h \u00e0s 18h. Em Taguatinga, o funcionamento \u00e9 das 8h \u00e0s 13h. As unidades do Gama, N\u00facleo Bandeirante, Sobradinho II, Samambaia e Ceil\u00e2ndia funcionam, em geral, das 8h \u00e0s 12h.<\/p>\n<p>H\u00e1 tamb\u00e9m a Biblioteca de Artes de Bras\u00edlia, com atendimento aos s\u00e1bados, das 12h \u00e0s 20h. O espa\u00e7o conta com acervo voltado a materiais da \u00e1rea art\u00edstica. As bibliotecas de \u00c1guas Claras, Parano\u00e1, Santa Maria, S\u00e3o Sebasti\u00e3o, Itapo\u00e3, Recanto das Emas e Vicente Pires funcionam em dias \u00fateis, em hor\u00e1rios diurnos. As unidades relacionadas est\u00e3o abertas ao p\u00fablico durante os respectivos hor\u00e1rios de funcionamento, com exce\u00e7\u00e3o da Biblioteca P\u00fablica do Riacho Fundo, que permanece fechada.<\/p>\n<p>A orienta\u00e7\u00e3o \u00e9 confirmar o funcionamento da unidade antes do deslocamento, especialmente em feriados ou dias com altera\u00e7\u00e3o de expediente.<\/p>\n<\/div>\n","protected":false},"excerpt":{"rendered":"<p>Estudantes que se preparam para vestibulares, concursos p\u00fablicos ou exames disp\u00f5em de op\u00e7\u00f5es de atendimento na\u00a0Rede de Bibliotecas P\u00fablicas do Distrito Federal.\u00a0Com unidades em diferentes regi\u00f5es administrativas, os espa\u00e7os disponibilizam estrutura para leitura e pesquisa, com hor\u00e1rios que variam em cada local. Na regi\u00e3o central de Bras\u00edlia, duas unidades oferecem hor\u00e1rios estendidos. A Biblioteca Nacional [&hellip;]<\/p>\n","protected":false},"author":21,"featured_media":409344,"comment_status":"closed","ping_status":"closed","sticky":false,"template":"","format":"standard","meta":{"_acf_changed":false,"footnotes":""},"categories":[161],"tags":[],"tmauthors":[306],"class_list":["post-409343","post","type-post","status-publish","format-standard","has-post-thumbnail","category-quadradinho-em-foco"],"acf":[],"yoast_head":"<!-- This site is optimized with the Yoast SEO plugin v28.0 - https:\/\/yoast.com\/product\/yoast-seo-wordpress\/ -->\n<title>Saiba onde encontrar bibliotecas p\u00fablicas - Notibras<\/title>\n<meta name=\"robots\" content=\"index, follow, max-snippet:-1, max-image-preview:large, max-video-preview:-1\" \/>\n<link rel=\"canonical\" href=\"https:\/\/www.notibras.com\/site\/saiba-onde-encontrar-bibliotecas-publicas\/\" \/>\n<meta property=\"og:locale\" content=\"pt_BR\" \/>\n<meta property=\"og:type\" content=\"article\" \/>\n<meta property=\"og:title\" content=\"Saiba onde encontrar bibliotecas p\u00fablicas - Notibras\" \/>\n<meta property=\"og:description\" content=\"Estudantes que se preparam para vestibulares, concursos p\u00fablicos ou exames disp\u00f5em de op\u00e7\u00f5es de atendimento na\u00a0Rede de Bibliotecas P\u00fablicas do Distrito Federal.\u00a0Com unidades em diferentes regi\u00f5es administrativas, os espa\u00e7os disponibilizam estrutura para leitura e pesquisa, com hor\u00e1rios que variam em cada local. Na regi\u00e3o central de Bras\u00edlia, duas unidades oferecem hor\u00e1rios estendidos. A Biblioteca Nacional [&hellip;]\" \/>\n<meta property=\"og:url\" content=\"https:\/\/www.notibras.com\/site\/saiba-onde-encontrar-bibliotecas-publicas\/\" \/>\n<meta property=\"og:site_name\" content=\"Notibras\" \/>\n<meta property=\"article:publisher\" content=\"https:\/\/www.facebook.com\/notibras\/\" \/>\n<meta property=\"article:published_time\" content=\"2026-09-06T04:00:14+00:00\" \/>\n<meta property=\"og:image\" content=\"https:\/\/www.notibras.com\/site\/wp-content\/uploads\/2026\/09\/Foto-Arquivo-Agencia-Brasilia-23.jpg\" \/>\n\t<meta property=\"og:image:width\" content=\"800\" \/>\n\t<meta property=\"og:image:height\" content=\"531\" \/>\n\t<meta property=\"og:image:type\" content=\"image\/jpeg\" \/>\n<meta name=\"author\" content=\"Eduardo Mart\u00ednez\" \/>\n<meta name=\"twitter:card\" content=\"summary_large_image\" \/>\n<meta name=\"twitter:creator\" content=\"@Notibras\" \/>\n<meta name=\"twitter:site\" content=\"@Notibras\" \/>\n<meta name=\"twitter:label1\" content=\"Escrito por\" \/>\n\t<meta name=\"twitter:data1\" content=\"Eduardo Mart\u00ednez\" \/>\n\t<meta name=\"twitter:label2\" content=\"Est. tempo de leitura\" \/>\n\t<meta name=\"twitter:data2\" content=\"3 minutos\" \/>\n<script type=\"application\/ld+json\" class=\"yoast-schema-graph\">{\"@context\":\"https:\\\/\\\/schema.org\",\"@graph\":[{\"@type\":\"Article\",\"@id\":\"https:\\\/\\\/www.notibras.com\\\/site\\\/saiba-onde-encontrar-bibliotecas-publicas\\\/#article\",\"isPartOf\":{\"@id\":\"https:\\\/\\\/www.notibras.com\\\/site\\\/saiba-onde-encontrar-bibliotecas-publicas\\\/\"},\"author\":{\"name\":\"Eduardo Mart\u00ednez\",\"@id\":\"https:\\\/\\\/www.notibras.com\\\/site\\\/#\\\/schema\\\/person\\\/5b7fabf2aedc3ada2105f03b22b4d3dd\"},\"headline\":\"Saiba onde encontrar bibliotecas p\u00fablicas\",\"datePublished\":\"2026-09-06T04:00:14+00:00\",\"mainEntityOfPage\":{\"@id\":\"https:\\\/\\\/www.notibras.com\\\/site\\\/saiba-onde-encontrar-bibliotecas-publicas\\\/\"},\"wordCount\":380,\"publisher\":{\"@id\":\"https:\\\/\\\/www.notibras.com\\\/site\\\/#organization\"},\"image\":{\"@id\":\"https:\\\/\\\/www.notibras.com\\\/site\\\/saiba-onde-encontrar-bibliotecas-publicas\\\/#primaryimage\"},\"thumbnailUrl\":\"https:\\\/\\\/www.notibras.com\\\/site\\\/wp-content\\\/uploads\\\/2026\\\/09\\\/Foto-Arquivo-Agencia-Brasilia-23.jpg\",\"articleSection\":[\"Quadradinho em Foco\"],\"inLanguage\":\"pt-BR\"},{\"@type\":\"WebPage\",\"@id\":\"https:\\\/\\\/www.notibras.com\\\/site\\\/saiba-onde-encontrar-bibliotecas-publicas\\\/\",\"url\":\"https:\\\/\\\/www.notibras.com\\\/site\\\/saiba-onde-encontrar-bibliotecas-publicas\\\/\",\"name\":\"Saiba onde encontrar bibliotecas p\u00fablicas - Notibras\",\"isPartOf\":{\"@id\":\"https:\\\/\\\/www.notibras.com\\\/site\\\/#website\"},\"primaryImageOfPage\":{\"@id\":\"https:\\\/\\\/www.notibras.com\\\/site\\\/saiba-onde-encontrar-bibliotecas-publicas\\\/#primaryimage\"},\"image\":{\"@id\":\"https:\\\/\\\/www.notibras.com\\\/site\\\/saiba-onde-encontrar-bibliotecas-publicas\\\/#primaryimage\"},\"thumbnailUrl\":\"https:\\\/\\\/www.notibras.com\\\/site\\\/wp-content\\\/uploads\\\/2026\\\/09\\\/Foto-Arquivo-Agencia-Brasilia-23.jpg\",\"datePublished\":\"2026-09-06T04:00:14+00:00\",\"breadcrumb\":{\"@id\":\"https:\\\/\\\/www.notibras.com\\\/site\\\/saiba-onde-encontrar-bibliotecas-publicas\\\/#breadcrumb\"},\"inLanguage\":\"pt-BR\",\"potentialAction\":[{\"@type\":\"ReadAction\",\"target\":[\"https:\\\/\\\/www.notibras.com\\\/site\\\/saiba-onde-encontrar-bibliotecas-publicas\\\/\"]}]},{\"@type\":\"ImageObject\",\"inLanguage\":\"pt-BR\",\"@id\":\"https:\\\/\\\/www.notibras.com\\\/site\\\/saiba-onde-encontrar-bibliotecas-publicas\\\/#primaryimage\",\"url\":\"https:\\\/\\\/www.notibras.com\\\/site\\\/wp-content\\\/uploads\\\/2026\\\/09\\\/Foto-Arquivo-Agencia-Brasilia-23.jpg\",\"contentUrl\":\"https:\\\/\\\/www.notibras.com\\\/site\\\/wp-content\\\/uploads\\\/2026\\\/09\\\/Foto-Arquivo-Agencia-Brasilia-23.jpg\",\"width\":800,\"height\":531},{\"@type\":\"BreadcrumbList\",\"@id\":\"https:\\\/\\\/www.notibras.com\\\/site\\\/saiba-onde-encontrar-bibliotecas-publicas\\\/#breadcrumb\",\"itemListElement\":[{\"@type\":\"ListItem\",\"position\":1,\"name\":\"In\u00edcio\",\"item\":\"https:\\\/\\\/www.notibras.com\\\/site\\\/\"},{\"@type\":\"ListItem\",\"position\":2,\"name\":\"Saiba onde encontrar bibliotecas p\u00fablicas\"}]},{\"@type\":\"WebSite\",\"@id\":\"https:\\\/\\\/www.notibras.com\\\/site\\\/#website\",\"url\":\"https:\\\/\\\/www.notibras.com\\\/site\\\/\",\"name\":\"Notibras\",\"description\":\"Not\u00edcias de Bras\u00edlia, do Brasil e do Mundo\",\"publisher\":{\"@id\":\"https:\\\/\\\/www.notibras.com\\\/site\\\/#organization\"},\"potentialAction\":[{\"@type\":\"SearchAction\",\"target\":{\"@type\":\"EntryPoint\",\"urlTemplate\":\"https:\\\/\\\/www.notibras.com\\\/site\\\/?s={search_term_string}\"},\"query-input\":{\"@type\":\"PropertyValueSpecification\",\"valueRequired\":true,\"valueName\":\"search_term_string\"}}],\"inLanguage\":\"pt-BR\"},{\"@type\":\"Organization\",\"@id\":\"https:\\\/\\\/www.notibras.com\\\/site\\\/#organization\",\"name\":\"Grupo Notibras de Comunica\u00e7\u00e3o\",\"url\":\"https:\\\/\\\/www.notibras.com\\\/site\\\/\",\"logo\":{\"@type\":\"ImageObject\",\"inLanguage\":\"pt-BR\",\"@id\":\"https:\\\/\\\/www.notibras.com\\\/site\\\/#\\\/schema\\\/logo\\\/image\\\/\",\"url\":\"https:\\\/\\\/www.notibras.com\\\/site\\\/wp-content\\\/uploads\\\/2023\\\/01\\\/notibras23.png\",\"contentUrl\":\"https:\\\/\\\/www.notibras.com\\\/site\\\/wp-content\\\/uploads\\\/2023\\\/01\\\/notibras23.png\",\"width\":350,\"height\":87,\"caption\":\"Grupo Notibras de Comunica\u00e7\u00e3o\"},\"image\":{\"@id\":\"https:\\\/\\\/www.notibras.com\\\/site\\\/#\\\/schema\\\/logo\\\/image\\\/\"},\"sameAs\":[\"https:\\\/\\\/www.facebook.com\\\/notibras\\\/\",\"https:\\\/\\\/x.com\\\/Notibras\",\"https:\\\/\\\/www.instagram.com\\\/notibras\\\/\"]},{\"@type\":\"Person\",\"@id\":\"https:\\\/\\\/www.notibras.com\\\/site\\\/#\\\/schema\\\/person\\\/5b7fabf2aedc3ada2105f03b22b4d3dd\",\"name\":\"Eduardo Mart\u00ednez\",\"image\":{\"@type\":\"ImageObject\",\"inLanguage\":\"pt-BR\",\"@id\":\"https:\\\/\\\/secure.gravatar.com\\\/avatar\\\/7902f906289926289cbcda644b5197c796b893c6ffd7b9a536a42d290f7704a0?s=96&d=mm&r=g\",\"url\":\"https:\\\/\\\/secure.gravatar.com\\\/avatar\\\/7902f906289926289cbcda644b5197c796b893c6ffd7b9a536a42d290f7704a0?s=96&d=mm&r=g\",\"contentUrl\":\"https:\\\/\\\/secure.gravatar.com\\\/avatar\\\/7902f906289926289cbcda644b5197c796b893c6ffd7b9a536a42d290f7704a0?s=96&d=mm&r=g\",\"caption\":\"Eduardo Mart\u00ednez\"}}]}<\/script>\n<!-- \/ Yoast SEO plugin. -->","yoast_head_json":{"title":"Saiba onde encontrar bibliotecas p\u00fablicas - Notibras","robots":{"index":"index","follow":"follow","max-snippet":"max-snippet:-1","max-image-preview":"max-image-preview:large","max-video-preview":"max-video-preview:-1"},"canonical":"https:\/\/www.notibras.com\/site\/saiba-onde-encontrar-bibliotecas-publicas\/","og_locale":"pt_BR","og_type":"article","og_title":"Saiba onde encontrar bibliotecas p\u00fablicas - Notibras","og_description":"Estudantes que se preparam para vestibulares, concursos p\u00fablicos ou exames disp\u00f5em de op\u00e7\u00f5es de atendimento na\u00a0Rede de Bibliotecas P\u00fablicas do Distrito Federal.\u00a0Com unidades em diferentes regi\u00f5es administrativas, os espa\u00e7os disponibilizam estrutura para leitura e pesquisa, com hor\u00e1rios que variam em cada local. Na regi\u00e3o central de Bras\u00edlia, duas unidades oferecem hor\u00e1rios estendidos. A Biblioteca Nacional [&hellip;]","og_url":"https:\/\/www.notibras.com\/site\/saiba-onde-encontrar-bibliotecas-publicas\/","og_site_name":"Notibras","article_publisher":"https:\/\/www.facebook.com\/notibras\/","article_published_time":"2026-09-06T04:00:14+00:00","og_image":[{"width":800,"height":531,"url":"https:\/\/www.notibras.com\/site\/wp-content\/uploads\/2026\/09\/Foto-Arquivo-Agencia-Brasilia-23.jpg","type":"image\/jpeg"}],"author":"Eduardo Mart\u00ednez","twitter_card":"summary_large_image","twitter_creator":"@Notibras","twitter_site":"@Notibras","twitter_misc":{"Escrito por":"Eduardo Mart\u00ednez","Est. tempo de leitura":"3 minutos"},"schema":{"@context":"https:\/\/schema.org","@graph":[{"@type":"Article","@id":"https:\/\/www.notibras.com\/site\/saiba-onde-encontrar-bibliotecas-publicas\/#article","isPartOf":{"@id":"https:\/\/www.notibras.com\/site\/saiba-onde-encontrar-bibliotecas-publicas\/"},"author":{"name":"Eduardo Mart\u00ednez","@id":"https:\/\/www.notibras.com\/site\/#\/schema\/person\/5b7fabf2aedc3ada2105f03b22b4d3dd"},"headline":"Saiba onde encontrar bibliotecas p\u00fablicas","datePublished":"2026-09-06T04:00:14+00:00","mainEntityOfPage":{"@id":"https:\/\/www.notibras.com\/site\/saiba-onde-encontrar-bibliotecas-publicas\/"},"wordCount":380,"publisher":{"@id":"https:\/\/www.notibras.com\/site\/#organization"},"image":{"@id":"https:\/\/www.notibras.com\/site\/saiba-onde-encontrar-bibliotecas-publicas\/#primaryimage"},"thumbnailUrl":"https:\/\/www.notibras.com\/site\/wp-content\/uploads\/2026\/09\/Foto-Arquivo-Agencia-Brasilia-23.jpg","articleSection":["Quadradinho em Foco"],"inLanguage":"pt-BR"},{"@type":"WebPage","@id":"https:\/\/www.notibras.com\/site\/saiba-onde-encontrar-bibliotecas-publicas\/","url":"https:\/\/www.notibras.com\/site\/saiba-onde-encontrar-bibliotecas-publicas\/","name":"Saiba onde encontrar bibliotecas p\u00fablicas - Notibras","isPartOf":{"@id":"https:\/\/www.notibras.com\/site\/#website"},"primaryImageOfPage":{"@id":"https:\/\/www.notibras.com\/site\/saiba-onde-encontrar-bibliotecas-publicas\/#primaryimage"},"image":{"@id":"https:\/\/www.notibras.com\/site\/saiba-onde-encontrar-bibliotecas-publicas\/#primaryimage"},"thumbnailUrl":"https:\/\/www.notibras.com\/site\/wp-content\/uploads\/2026\/09\/Foto-Arquivo-Agencia-Brasilia-23.jpg","datePublished":"2026-09-06T04:00:14+00:00","breadcrumb":{"@id":"https:\/\/www.notibras.com\/site\/saiba-onde-encontrar-bibliotecas-publicas\/#breadcrumb"},"inLanguage":"pt-BR","potentialAction":[{"@type":"ReadAction","target":["https:\/\/www.notibras.com\/site\/saiba-onde-encontrar-bibliotecas-publicas\/"]}]},{"@type":"ImageObject","inLanguage":"pt-BR","@id":"https:\/\/www.notibras.com\/site\/saiba-onde-encontrar-bibliotecas-publicas\/#primaryimage","url":"https:\/\/www.notibras.com\/site\/wp-content\/uploads\/2026\/09\/Foto-Arquivo-Agencia-Brasilia-23.jpg","contentUrl":"https:\/\/www.notibras.com\/site\/wp-content\/uploads\/2026\/09\/Foto-Arquivo-Agencia-Brasilia-23.jpg","width":800,"height":531},{"@type":"BreadcrumbList","@id":"https:\/\/www.notibras.com\/site\/saiba-onde-encontrar-bibliotecas-publicas\/#breadcrumb","itemListElement":[{"@type":"ListItem","position":1,"name":"In\u00edcio","item":"https:\/\/www.notibras.com\/site\/"},{"@type":"ListItem","position":2,"name":"Saiba onde encontrar bibliotecas p\u00fablicas"}]},{"@type":"WebSite","@id":"https:\/\/www.notibras.com\/site\/#website","url":"https:\/\/www.notibras.com\/site\/","name":"Notibras","description":"Not\u00edcias de Bras\u00edlia, do Brasil e do Mundo","publisher":{"@id":"https:\/\/www.notibras.com\/site\/#organization"},"potentialAction":[{"@type":"SearchAction","target":{"@type":"EntryPoint","urlTemplate":"https:\/\/www.notibras.com\/site\/?s={search_term_string}"},"query-input":{"@type":"PropertyValueSpecification","valueRequired":true,"valueName":"search_term_string"}}],"inLanguage":"pt-BR"},{"@type":"Organization","@id":"https:\/\/www.notibras.com\/site\/#organization","name":"Grupo Notibras de Comunica\u00e7\u00e3o","url":"https:\/\/www.notibras.com\/site\/","logo":{"@type":"ImageObject","inLanguage":"pt-BR","@id":"https:\/\/www.notibras.com\/site\/#\/schema\/logo\/image\/","url":"https:\/\/www.notibras.com\/site\/wp-content\/uploads\/2023\/01\/notibras23.png","contentUrl":"https:\/\/www.notibras.com\/site\/wp-content\/uploads\/2023\/01\/notibras23.png","width":350,"height":87,"caption":"Grupo Notibras de Comunica\u00e7\u00e3o"},"image":{"@id":"https:\/\/www.notibras.com\/site\/#\/schema\/logo\/image\/"},"sameAs":["https:\/\/www.facebook.com\/notibras\/","https:\/\/x.com\/Notibras","https:\/\/www.instagram.com\/notibras\/"]},{"@type":"Person","@id":"https:\/\/www.notibras.com\/site\/#\/schema\/person\/5b7fabf2aedc3ada2105f03b22b4d3dd","name":"Eduardo Mart\u00ednez","image":{"@type":"ImageObject","inLanguage":"pt-BR","@id":"https:\/\/secure.gravatar.com\/avatar\/7902f906289926289cbcda644b5197c796b893c6ffd7b9a536a42d290f7704a0?s=96&d=mm&r=g","url":"https:\/\/secure.gravatar.com\/avatar\/7902f906289926289cbcda644b5197c796b893c6ffd7b9a536a42d290f7704a0?s=96&d=mm&r=g","contentUrl":"https:\/\/secure.gravatar.com\/avatar\/7902f906289926289cbcda644b5197c796b893c6ffd7b9a536a42d290f7704a0?s=96&d=mm&r=g","caption":"Eduardo Mart\u00ednez"}}]}},"_links":{"self":[{"href":"https:\/\/www.notibras.com\/site\/wp-json\/wp\/v2\/posts\/409343","targetHints":{"allow":["GET"]}}],"collection":[{"href":"https:\/\/www.notibras.com\/site\/wp-json\/wp\/v2\/posts"}],"about":[{"href":"https:\/\/www.notibras.com\/site\/wp-json\/wp\/v2\/types\/post"}],"author":[{"embeddable":true,"href":"https:\/\/www.notibras.com\/site\/wp-json\/wp\/v2\/users\/21"}],"replies":[{"embeddable":true,"href":"https:\/\/www.notibras.com\/site\/wp-json\/wp\/v2\/comments?post=409343"}],"version-history":[{"count":2,"href":"https:\/\/www.notibras.com\/site\/wp-json\/wp\/v2\/posts\/409343\/revisions"}],"predecessor-version":[{"id":409346,"href":"https:\/\/www.notibras.com\/site\/wp-json\/wp\/v2\/posts\/409343\/revisions\/409346"}],"wp:featuredmedia":[{"embeddable":true,"href":"https:\/\/www.notibras.com\/site\/wp-json\/wp\/v2\/media\/409344"}],"wp:attachment":[{"href":"https:\/\/www.notibras.com\/site\/wp-json\/wp\/v2\/media?parent=409343"}],"wp:term":[{"taxonomy":"category","embeddable":true,"href":"https:\/\/www.notibras.com\/site\/wp-json\/wp\/v2\/categories?post=409343"},{"taxonomy":"post_tag","embeddable":true,"href":"https:\/\/www.notibras.com\/site\/wp-json\/wp\/v2\/tags?post=409343"},{"taxonomy":"tmauthors","embeddable":true,"href":"https:\/\/www.notibras.com\/site\/wp-json\/wp\/v2\/tmauthors?post=409343"}],"curies":[{"name":"wp","href":"https:\/\/api.w.org\/{rel}","templated":true}]}}