{"id":409347,"date":"2026-09-06T00:30:40","date_gmt":"2026-09-06T03:30:40","guid":{"rendered":"https:\/\/www.notibras.com\/site\/?p=409347"},"modified":"2026-09-05T22:02:55","modified_gmt":"2026-09-06T01:02:55","slug":"primeira-quilombola-a-conquistar-doutorado-em-direito-no-brasil","status":"publish","type":"post","link":"https:\/\/www.notibras.com\/site\/primeira-quilombola-a-conquistar-doutorado-em-direito-no-brasil\/","title":{"rendered":"Primeira quilombola a conquistar doutorado em direito no Brasil"},"content":{"rendered":"<p>A advogada Vercilene Francisco Dias fez hist\u00f3ria ao se tornar a primeira mulher quilombola do Brasil a conquistar o t\u00edtulo de doutora em direito. A hist\u00f3rica defesa de sua tese ocorreu no dia 11 de agosto, na prestigiada Universidade de Bras\u00edlia (UnB). O trabalho acad\u00eamico traz uma profunda an\u00e1lise sobre os complexos processos de regulariza\u00e7\u00e3o fundi\u00e1ria e as intensas disputas pela posse do territ\u00f3rio Kalunga, sua terra natal.<\/p>\n<p>A conquista de Vercilene carrega um forte simbolismo de representatividade e supera\u00e7\u00e3o para as comunidades tradicionais brasileiras. Segundo a nova doutora, o objetivo principal de sua jornada acad\u00eamica era demonstrar \u00e0 sociedade a capacidade da popula\u00e7\u00e3o quilombola de ocupar os espa\u00e7os de alta lideran\u00e7a intelectual. Ela destaca que, desde a sua gradua\u00e7\u00e3o e mestrado, percebeu que sua trajet\u00f3ria passou a servir de espelho e inspira\u00e7\u00e3o para que outras jovens decidissem deixar a comunidade para seguir o caminho dos estudos.<\/p>\n<p>A trajet\u00f3ria da advogada come\u00e7ou na regi\u00e3o do V\u00e3o do Moleque, localizada no territ\u00f3rio Kalunga, a 130 quil\u00f4metros de Cavalcante, em Goi\u00e1s. Filha de lavradores semianalfabetos, o primeiro contato de Vercilene com as letras teve um prop\u00f3sito comunit\u00e1rio: ela aprendeu a ler e a escrever para ajudar o pr\u00f3prio povo. Na inf\u00e2ncia, ela assumiu a responsabilidade de redigir e decifrar cartas e documentos importantes para os moradores da regi\u00e3o, o que despertou seu interesse pelas quest\u00f5es agr\u00e1rias.<\/p>\n<p>Foi justamente a observa\u00e7\u00e3o das constantes disputas territoriais que cercavam sua comunidade que motivou Vercilene a buscar o conhecimento jur\u00eddico. Determinada a mudar aquela realidade, ela iniciou uma jornada de migra\u00e7\u00e3o em busca de educa\u00e7\u00e3o, passando a morar com padrinhos no Tocantins em 1995 e, posteriormente, com uma fam\u00edlia de fazendeiros no interior daquele estado. O desejo de ingressar no curso de direito a trouxe de volta a Goi\u00e1s, onde trabalhou como empregada dom\u00e9stica para financiar os pr\u00f3prios custos escolares.<\/p>\n<p>O esfor\u00e7o e a resili\u00eancia foram recompensados em 2011, quando Vercilene garantiu sua vaga no vestibular de direito da Universidade Federal de Goi\u00e1s (UFG). A partir daquele ingresso, sua caminhada acad\u00eamica se consolidou at\u00e9 culminar no pioneirismo do doutorado na UnB. O feito joga luz sobre a import\u00e2ncia das pol\u00edticas de inclus\u00e3o e o papel dos quilombos modernos, que historicamente nasceram como espa\u00e7os de liberdade e resist\u00eancia contra a escravid\u00e3o e hoje continuam resistindo por meio do conhecimento.<\/p>\n<p>A vit\u00f3ria da advogada Kalunga celebra n\u00e3o apenas um m\u00e9rito pessoal, mas um marco pol\u00edtico para os remanescentes de quilombos em todo o territ\u00f3rio nacional. A an\u00e1lise cient\u00edfica produzida por Vercilene sobre a regulariza\u00e7\u00e3o de terras agora serve como uma ferramenta t\u00e9cnica e jur\u00eddica de grande valor para a prote\u00e7\u00e3o dessas comunidades. Seu t\u00edtulo de doutora reafirma que as fronteiras acad\u00eamicas est\u00e3o sendo rompidas por quem traz a viv\u00eancia pr\u00e1tica da luta pelo direito \u00e0 terra.<\/p>\n","protected":false},"excerpt":{"rendered":"<p>A advogada Vercilene Francisco Dias fez hist\u00f3ria ao se tornar a primeira mulher quilombola do Brasil a conquistar o t\u00edtulo de doutora em direito. A hist\u00f3rica defesa de sua tese ocorreu no dia 11 de agosto, na prestigiada Universidade de Bras\u00edlia (UnB). O trabalho acad\u00eamico traz uma profunda an\u00e1lise sobre os complexos processos de regulariza\u00e7\u00e3o [&hellip;]<\/p>\n","protected":false},"author":21,"featured_media":409348,"comment_status":"closed","ping_status":"closed","sticky":false,"template":"","format":"standard","meta":{"_acf_changed":false,"footnotes":""},"categories":[161],"tags":[],"tmauthors":[306],"class_list":["post-409347","post","type-post","status-publish","format-standard","has-post-thumbnail","category-quadradinho-em-foco"],"acf":[],"yoast_head":"<!-- This site is optimized with the Yoast SEO plugin v28.0 - https:\/\/yoast.com\/product\/yoast-seo-wordpress\/ -->\n<title>Primeira quilombola a conquistar doutorado em direito no Brasil - Notibras<\/title>\n<meta name=\"robots\" content=\"index, follow, max-snippet:-1, max-image-preview:large, max-video-preview:-1\" \/>\n<link rel=\"canonical\" href=\"https:\/\/www.notibras.com\/site\/primeira-quilombola-a-conquistar-doutorado-em-direito-no-brasil\/\" \/>\n<meta property=\"og:locale\" content=\"pt_BR\" \/>\n<meta property=\"og:type\" content=\"article\" \/>\n<meta property=\"og:title\" content=\"Primeira quilombola a conquistar doutorado em direito no Brasil - Notibras\" \/>\n<meta property=\"og:description\" content=\"A advogada Vercilene Francisco Dias fez hist\u00f3ria ao se tornar a primeira mulher quilombola do Brasil a conquistar o t\u00edtulo de doutora em direito. A hist\u00f3rica defesa de sua tese ocorreu no dia 11 de agosto, na prestigiada Universidade de Bras\u00edlia (UnB). O trabalho acad\u00eamico traz uma profunda an\u00e1lise sobre os complexos processos de regulariza\u00e7\u00e3o [&hellip;]\" \/>\n<meta property=\"og:url\" content=\"https:\/\/www.notibras.com\/site\/primeira-quilombola-a-conquistar-doutorado-em-direito-no-brasil\/\" \/>\n<meta property=\"og:site_name\" content=\"Notibras\" \/>\n<meta property=\"article:publisher\" content=\"https:\/\/www.facebook.com\/notibras\/\" \/>\n<meta property=\"article:published_time\" content=\"2026-09-06T03:30:40+00:00\" \/>\n<meta property=\"og:image\" content=\"https:\/\/www.notibras.com\/site\/wp-content\/uploads\/2026\/09\/WhatsApp-Image-2026-09-05-at-22.00.51.webp\" \/>\n\t<meta property=\"og:image:width\" content=\"1952\" \/>\n\t<meta property=\"og:image:height\" content=\"1088\" \/>\n\t<meta property=\"og:image:type\" content=\"image\/webp\" \/>\n<meta name=\"author\" content=\"Eduardo Mart\u00ednez\" \/>\n<meta name=\"twitter:card\" content=\"summary_large_image\" \/>\n<meta name=\"twitter:creator\" content=\"@Notibras\" \/>\n<meta name=\"twitter:site\" content=\"@Notibras\" \/>\n<meta name=\"twitter:label1\" content=\"Escrito por\" \/>\n\t<meta name=\"twitter:data1\" content=\"Eduardo Mart\u00ednez\" \/>\n\t<meta name=\"twitter:label2\" content=\"Est. tempo de leitura\" \/>\n\t<meta name=\"twitter:data2\" content=\"3 minutos\" \/>\n<script type=\"application\/ld+json\" class=\"yoast-schema-graph\">{\"@context\":\"https:\\\/\\\/schema.org\",\"@graph\":[{\"@type\":\"Article\",\"@id\":\"https:\\\/\\\/www.notibras.com\\\/site\\\/primeira-quilombola-a-conquistar-doutorado-em-direito-no-brasil\\\/#article\",\"isPartOf\":{\"@id\":\"https:\\\/\\\/www.notibras.com\\\/site\\\/primeira-quilombola-a-conquistar-doutorado-em-direito-no-brasil\\\/\"},\"author\":{\"name\":\"Eduardo Mart\u00ednez\",\"@id\":\"https:\\\/\\\/www.notibras.com\\\/site\\\/#\\\/schema\\\/person\\\/5b7fabf2aedc3ada2105f03b22b4d3dd\"},\"headline\":\"Primeira quilombola a conquistar doutorado em direito no Brasil\",\"datePublished\":\"2026-09-06T03:30:40+00:00\",\"mainEntityOfPage\":{\"@id\":\"https:\\\/\\\/www.notibras.com\\\/site\\\/primeira-quilombola-a-conquistar-doutorado-em-direito-no-brasil\\\/\"},\"wordCount\":526,\"publisher\":{\"@id\":\"https:\\\/\\\/www.notibras.com\\\/site\\\/#organization\"},\"image\":{\"@id\":\"https:\\\/\\\/www.notibras.com\\\/site\\\/primeira-quilombola-a-conquistar-doutorado-em-direito-no-brasil\\\/#primaryimage\"},\"thumbnailUrl\":\"https:\\\/\\\/www.notibras.com\\\/site\\\/wp-content\\\/uploads\\\/2026\\\/09\\\/WhatsApp-Image-2026-09-05-at-22.00.51.webp\",\"articleSection\":[\"Quadradinho em Foco\"],\"inLanguage\":\"pt-BR\"},{\"@type\":\"WebPage\",\"@id\":\"https:\\\/\\\/www.notibras.com\\\/site\\\/primeira-quilombola-a-conquistar-doutorado-em-direito-no-brasil\\\/\",\"url\":\"https:\\\/\\\/www.notibras.com\\\/site\\\/primeira-quilombola-a-conquistar-doutorado-em-direito-no-brasil\\\/\",\"name\":\"Primeira quilombola a conquistar doutorado em direito no Brasil - Notibras\",\"isPartOf\":{\"@id\":\"https:\\\/\\\/www.notibras.com\\\/site\\\/#website\"},\"primaryImageOfPage\":{\"@id\":\"https:\\\/\\\/www.notibras.com\\\/site\\\/primeira-quilombola-a-conquistar-doutorado-em-direito-no-brasil\\\/#primaryimage\"},\"image\":{\"@id\":\"https:\\\/\\\/www.notibras.com\\\/site\\\/primeira-quilombola-a-conquistar-doutorado-em-direito-no-brasil\\\/#primaryimage\"},\"thumbnailUrl\":\"https:\\\/\\\/www.notibras.com\\\/site\\\/wp-content\\\/uploads\\\/2026\\\/09\\\/WhatsApp-Image-2026-09-05-at-22.00.51.webp\",\"datePublished\":\"2026-09-06T03:30:40+00:00\",\"breadcrumb\":{\"@id\":\"https:\\\/\\\/www.notibras.com\\\/site\\\/primeira-quilombola-a-conquistar-doutorado-em-direito-no-brasil\\\/#breadcrumb\"},\"inLanguage\":\"pt-BR\",\"potentialAction\":[{\"@type\":\"ReadAction\",\"target\":[\"https:\\\/\\\/www.notibras.com\\\/site\\\/primeira-quilombola-a-conquistar-doutorado-em-direito-no-brasil\\\/\"]}]},{\"@type\":\"ImageObject\",\"inLanguage\":\"pt-BR\",\"@id\":\"https:\\\/\\\/www.notibras.com\\\/site\\\/primeira-quilombola-a-conquistar-doutorado-em-direito-no-brasil\\\/#primaryimage\",\"url\":\"https:\\\/\\\/www.notibras.com\\\/site\\\/wp-content\\\/uploads\\\/2026\\\/09\\\/WhatsApp-Image-2026-09-05-at-22.00.51.webp\",\"contentUrl\":\"https:\\\/\\\/www.notibras.com\\\/site\\\/wp-content\\\/uploads\\\/2026\\\/09\\\/WhatsApp-Image-2026-09-05-at-22.00.51.webp\",\"width\":1952,\"height\":1088},{\"@type\":\"BreadcrumbList\",\"@id\":\"https:\\\/\\\/www.notibras.com\\\/site\\\/primeira-quilombola-a-conquistar-doutorado-em-direito-no-brasil\\\/#breadcrumb\",\"itemListElement\":[{\"@type\":\"ListItem\",\"position\":1,\"name\":\"In\u00edcio\",\"item\":\"https:\\\/\\\/www.notibras.com\\\/site\\\/\"},{\"@type\":\"ListItem\",\"position\":2,\"name\":\"Primeira quilombola a conquistar doutorado em direito no Brasil\"}]},{\"@type\":\"WebSite\",\"@id\":\"https:\\\/\\\/www.notibras.com\\\/site\\\/#website\",\"url\":\"https:\\\/\\\/www.notibras.com\\\/site\\\/\",\"name\":\"Notibras\",\"description\":\"Not\u00edcias de Bras\u00edlia, do Brasil e do Mundo\",\"publisher\":{\"@id\":\"https:\\\/\\\/www.notibras.com\\\/site\\\/#organization\"},\"potentialAction\":[{\"@type\":\"SearchAction\",\"target\":{\"@type\":\"EntryPoint\",\"urlTemplate\":\"https:\\\/\\\/www.notibras.com\\\/site\\\/?s={search_term_string}\"},\"query-input\":{\"@type\":\"PropertyValueSpecification\",\"valueRequired\":true,\"valueName\":\"search_term_string\"}}],\"inLanguage\":\"pt-BR\"},{\"@type\":\"Organization\",\"@id\":\"https:\\\/\\\/www.notibras.com\\\/site\\\/#organization\",\"name\":\"Grupo Notibras de Comunica\u00e7\u00e3o\",\"url\":\"https:\\\/\\\/www.notibras.com\\\/site\\\/\",\"logo\":{\"@type\":\"ImageObject\",\"inLanguage\":\"pt-BR\",\"@id\":\"https:\\\/\\\/www.notibras.com\\\/site\\\/#\\\/schema\\\/logo\\\/image\\\/\",\"url\":\"https:\\\/\\\/www.notibras.com\\\/site\\\/wp-content\\\/uploads\\\/2023\\\/01\\\/notibras23.png\",\"contentUrl\":\"https:\\\/\\\/www.notibras.com\\\/site\\\/wp-content\\\/uploads\\\/2023\\\/01\\\/notibras23.png\",\"width\":350,\"height\":87,\"caption\":\"Grupo Notibras de Comunica\u00e7\u00e3o\"},\"image\":{\"@id\":\"https:\\\/\\\/www.notibras.com\\\/site\\\/#\\\/schema\\\/logo\\\/image\\\/\"},\"sameAs\":[\"https:\\\/\\\/www.facebook.com\\\/notibras\\\/\",\"https:\\\/\\\/x.com\\\/Notibras\",\"https:\\\/\\\/www.instagram.com\\\/notibras\\\/\"]},{\"@type\":\"Person\",\"@id\":\"https:\\\/\\\/www.notibras.com\\\/site\\\/#\\\/schema\\\/person\\\/5b7fabf2aedc3ada2105f03b22b4d3dd\",\"name\":\"Eduardo Mart\u00ednez\",\"image\":{\"@type\":\"ImageObject\",\"inLanguage\":\"pt-BR\",\"@id\":\"https:\\\/\\\/secure.gravatar.com\\\/avatar\\\/7902f906289926289cbcda644b5197c796b893c6ffd7b9a536a42d290f7704a0?s=96&d=mm&r=g\",\"url\":\"https:\\\/\\\/secure.gravatar.com\\\/avatar\\\/7902f906289926289cbcda644b5197c796b893c6ffd7b9a536a42d290f7704a0?s=96&d=mm&r=g\",\"contentUrl\":\"https:\\\/\\\/secure.gravatar.com\\\/avatar\\\/7902f906289926289cbcda644b5197c796b893c6ffd7b9a536a42d290f7704a0?s=96&d=mm&r=g\",\"caption\":\"Eduardo Mart\u00ednez\"}}]}<\/script>\n<!-- \/ Yoast SEO plugin. -->","yoast_head_json":{"title":"Primeira quilombola a conquistar doutorado em direito no Brasil - Notibras","robots":{"index":"index","follow":"follow","max-snippet":"max-snippet:-1","max-image-preview":"max-image-preview:large","max-video-preview":"max-video-preview:-1"},"canonical":"https:\/\/www.notibras.com\/site\/primeira-quilombola-a-conquistar-doutorado-em-direito-no-brasil\/","og_locale":"pt_BR","og_type":"article","og_title":"Primeira quilombola a conquistar doutorado em direito no Brasil - Notibras","og_description":"A advogada Vercilene Francisco Dias fez hist\u00f3ria ao se tornar a primeira mulher quilombola do Brasil a conquistar o t\u00edtulo de doutora em direito. A hist\u00f3rica defesa de sua tese ocorreu no dia 11 de agosto, na prestigiada Universidade de Bras\u00edlia (UnB). O trabalho acad\u00eamico traz uma profunda an\u00e1lise sobre os complexos processos de regulariza\u00e7\u00e3o [&hellip;]","og_url":"https:\/\/www.notibras.com\/site\/primeira-quilombola-a-conquistar-doutorado-em-direito-no-brasil\/","og_site_name":"Notibras","article_publisher":"https:\/\/www.facebook.com\/notibras\/","article_published_time":"2026-09-06T03:30:40+00:00","og_image":[{"width":1952,"height":1088,"url":"https:\/\/www.notibras.com\/site\/wp-content\/uploads\/2026\/09\/WhatsApp-Image-2026-09-05-at-22.00.51.webp","type":"image\/webp"}],"author":"Eduardo Mart\u00ednez","twitter_card":"summary_large_image","twitter_creator":"@Notibras","twitter_site":"@Notibras","twitter_misc":{"Escrito por":"Eduardo Mart\u00ednez","Est. tempo de leitura":"3 minutos"},"schema":{"@context":"https:\/\/schema.org","@graph":[{"@type":"Article","@id":"https:\/\/www.notibras.com\/site\/primeira-quilombola-a-conquistar-doutorado-em-direito-no-brasil\/#article","isPartOf":{"@id":"https:\/\/www.notibras.com\/site\/primeira-quilombola-a-conquistar-doutorado-em-direito-no-brasil\/"},"author":{"name":"Eduardo Mart\u00ednez","@id":"https:\/\/www.notibras.com\/site\/#\/schema\/person\/5b7fabf2aedc3ada2105f03b22b4d3dd"},"headline":"Primeira quilombola a conquistar doutorado em direito no Brasil","datePublished":"2026-09-06T03:30:40+00:00","mainEntityOfPage":{"@id":"https:\/\/www.notibras.com\/site\/primeira-quilombola-a-conquistar-doutorado-em-direito-no-brasil\/"},"wordCount":526,"publisher":{"@id":"https:\/\/www.notibras.com\/site\/#organization"},"image":{"@id":"https:\/\/www.notibras.com\/site\/primeira-quilombola-a-conquistar-doutorado-em-direito-no-brasil\/#primaryimage"},"thumbnailUrl":"https:\/\/www.notibras.com\/site\/wp-content\/uploads\/2026\/09\/WhatsApp-Image-2026-09-05-at-22.00.51.webp","articleSection":["Quadradinho em Foco"],"inLanguage":"pt-BR"},{"@type":"WebPage","@id":"https:\/\/www.notibras.com\/site\/primeira-quilombola-a-conquistar-doutorado-em-direito-no-brasil\/","url":"https:\/\/www.notibras.com\/site\/primeira-quilombola-a-conquistar-doutorado-em-direito-no-brasil\/","name":"Primeira quilombola a conquistar doutorado em direito no Brasil - Notibras","isPartOf":{"@id":"https:\/\/www.notibras.com\/site\/#website"},"primaryImageOfPage":{"@id":"https:\/\/www.notibras.com\/site\/primeira-quilombola-a-conquistar-doutorado-em-direito-no-brasil\/#primaryimage"},"image":{"@id":"https:\/\/www.notibras.com\/site\/primeira-quilombola-a-conquistar-doutorado-em-direito-no-brasil\/#primaryimage"},"thumbnailUrl":"https:\/\/www.notibras.com\/site\/wp-content\/uploads\/2026\/09\/WhatsApp-Image-2026-09-05-at-22.00.51.webp","datePublished":"2026-09-06T03:30:40+00:00","breadcrumb":{"@id":"https:\/\/www.notibras.com\/site\/primeira-quilombola-a-conquistar-doutorado-em-direito-no-brasil\/#breadcrumb"},"inLanguage":"pt-BR","potentialAction":[{"@type":"ReadAction","target":["https:\/\/www.notibras.com\/site\/primeira-quilombola-a-conquistar-doutorado-em-direito-no-brasil\/"]}]},{"@type":"ImageObject","inLanguage":"pt-BR","@id":"https:\/\/www.notibras.com\/site\/primeira-quilombola-a-conquistar-doutorado-em-direito-no-brasil\/#primaryimage","url":"https:\/\/www.notibras.com\/site\/wp-content\/uploads\/2026\/09\/WhatsApp-Image-2026-09-05-at-22.00.51.webp","contentUrl":"https:\/\/www.notibras.com\/site\/wp-content\/uploads\/2026\/09\/WhatsApp-Image-2026-09-05-at-22.00.51.webp","width":1952,"height":1088},{"@type":"BreadcrumbList","@id":"https:\/\/www.notibras.com\/site\/primeira-quilombola-a-conquistar-doutorado-em-direito-no-brasil\/#breadcrumb","itemListElement":[{"@type":"ListItem","position":1,"name":"In\u00edcio","item":"https:\/\/www.notibras.com\/site\/"},{"@type":"ListItem","position":2,"name":"Primeira quilombola a conquistar doutorado em direito no Brasil"}]},{"@type":"WebSite","@id":"https:\/\/www.notibras.com\/site\/#website","url":"https:\/\/www.notibras.com\/site\/","name":"Notibras","description":"Not\u00edcias de Bras\u00edlia, do Brasil e do Mundo","publisher":{"@id":"https:\/\/www.notibras.com\/site\/#organization"},"potentialAction":[{"@type":"SearchAction","target":{"@type":"EntryPoint","urlTemplate":"https:\/\/www.notibras.com\/site\/?s={search_term_string}"},"query-input":{"@type":"PropertyValueSpecification","valueRequired":true,"valueName":"search_term_string"}}],"inLanguage":"pt-BR"},{"@type":"Organization","@id":"https:\/\/www.notibras.com\/site\/#organization","name":"Grupo Notibras de Comunica\u00e7\u00e3o","url":"https:\/\/www.notibras.com\/site\/","logo":{"@type":"ImageObject","inLanguage":"pt-BR","@id":"https:\/\/www.notibras.com\/site\/#\/schema\/logo\/image\/","url":"https:\/\/www.notibras.com\/site\/wp-content\/uploads\/2023\/01\/notibras23.png","contentUrl":"https:\/\/www.notibras.com\/site\/wp-content\/uploads\/2023\/01\/notibras23.png","width":350,"height":87,"caption":"Grupo Notibras de Comunica\u00e7\u00e3o"},"image":{"@id":"https:\/\/www.notibras.com\/site\/#\/schema\/logo\/image\/"},"sameAs":["https:\/\/www.facebook.com\/notibras\/","https:\/\/x.com\/Notibras","https:\/\/www.instagram.com\/notibras\/"]},{"@type":"Person","@id":"https:\/\/www.notibras.com\/site\/#\/schema\/person\/5b7fabf2aedc3ada2105f03b22b4d3dd","name":"Eduardo Mart\u00ednez","image":{"@type":"ImageObject","inLanguage":"pt-BR","@id":"https:\/\/secure.gravatar.com\/avatar\/7902f906289926289cbcda644b5197c796b893c6ffd7b9a536a42d290f7704a0?s=96&d=mm&r=g","url":"https:\/\/secure.gravatar.com\/avatar\/7902f906289926289cbcda644b5197c796b893c6ffd7b9a536a42d290f7704a0?s=96&d=mm&r=g","contentUrl":"https:\/\/secure.gravatar.com\/avatar\/7902f906289926289cbcda644b5197c796b893c6ffd7b9a536a42d290f7704a0?s=96&d=mm&r=g","caption":"Eduardo Mart\u00ednez"}}]}},"_links":{"self":[{"href":"https:\/\/www.notibras.com\/site\/wp-json\/wp\/v2\/posts\/409347","targetHints":{"allow":["GET"]}}],"collection":[{"href":"https:\/\/www.notibras.com\/site\/wp-json\/wp\/v2\/posts"}],"about":[{"href":"https:\/\/www.notibras.com\/site\/wp-json\/wp\/v2\/types\/post"}],"author":[{"embeddable":true,"href":"https:\/\/www.notibras.com\/site\/wp-json\/wp\/v2\/users\/21"}],"replies":[{"embeddable":true,"href":"https:\/\/www.notibras.com\/site\/wp-json\/wp\/v2\/comments?post=409347"}],"version-history":[{"count":2,"href":"https:\/\/www.notibras.com\/site\/wp-json\/wp\/v2\/posts\/409347\/revisions"}],"predecessor-version":[{"id":409351,"href":"https:\/\/www.notibras.com\/site\/wp-json\/wp\/v2\/posts\/409347\/revisions\/409351"}],"wp:featuredmedia":[{"embeddable":true,"href":"https:\/\/www.notibras.com\/site\/wp-json\/wp\/v2\/media\/409348"}],"wp:attachment":[{"href":"https:\/\/www.notibras.com\/site\/wp-json\/wp\/v2\/media?parent=409347"}],"wp:term":[{"taxonomy":"category","embeddable":true,"href":"https:\/\/www.notibras.com\/site\/wp-json\/wp\/v2\/categories?post=409347"},{"taxonomy":"post_tag","embeddable":true,"href":"https:\/\/www.notibras.com\/site\/wp-json\/wp\/v2\/tags?post=409347"},{"taxonomy":"tmauthors","embeddable":true,"href":"https:\/\/www.notibras.com\/site\/wp-json\/wp\/v2\/tmauthors?post=409347"}],"curies":[{"name":"wp","href":"https:\/\/api.w.org\/{rel}","templated":true}]}}