{"id":409362,"date":"2026-09-06T02:15:40","date_gmt":"2026-09-06T05:15:40","guid":{"rendered":"https:\/\/www.notibras.com\/site\/?p=409362"},"modified":"2026-09-06T04:08:36","modified_gmt":"2026-09-06T07:08:36","slug":"falsidade-ideologica-pode-custar-caro-a-nikolas","status":"publish","type":"post","link":"https:\/\/www.notibras.com\/site\/falsidade-ideologica-pode-custar-caro-a-nikolas\/","title":{"rendered":"Falsidade ideol\u00f3gica pode custar caro a Nikolas"},"content":{"rendered":"<p>Nesta semana, o deputado federal e candidato \u00e0 reelei\u00e7\u00e3o Nikolas Ferreira publicou em suas redes sociais um documento falso atribu\u00eddo \u00e0 Pol\u00edcia Federal. O texto dizia, em resumo, que a PF teria conclu\u00eddo que n\u00e3o havia irregularidade na rela\u00e7\u00e3o dele com Daniel Vorcaro. A pr\u00f3pria Pol\u00edcia Federal negou ter produzido o documento, que apresentava inclusive sinais de ter sido gerado por intelig\u00eancia artificial. Nikolas afirmou que n\u00e3o sabia que o material era falso e apagou a publica\u00e7\u00e3o pouco depois. Mas estamos em pleno per\u00edodo eleitoral, e um candidato com milh\u00f5es de seguidores tem responsabilidade sobre aquilo que divulga. Ainda que a postagem tenha ficado pouco tempo no ar, ela transmitia ao eleitor uma informa\u00e7\u00e3o falsa capaz de favorecer diretamente sua candidatura.<\/p>\n<p>E h\u00e1 fatos concretos que ainda precisam ser devidamente esclarecidos sobre a rela\u00e7\u00e3o entre Nikolas e Vorcaro. \u00c1udios revelados nesta semana mostram que o deputado procurou o banqueiro para pedir ajuda em uma quest\u00e3o envolvendo um ativo miner\u00e1rio de interesse de um amigo e advogado. Tamb\u00e9m vieram a p\u00fablico mensagens em que Vorcaro afirma ter bancado voos utilizados por Nikolas. O deputado reconheceu que houve colabora\u00e7\u00e3o do banqueiro com despesas de viagens durante a campanha presidencial de 2022, embora negue ter recebido qualquer vantagem irregular e diga que n\u00e3o mantinha proximidade com Vorcaro. Portanto, n\u00e3o existe um laudo da PF inocentando Nikolas dessas quest\u00f5es: o que existe s\u00e3o fatos que precisam ser apurados e explicados.<\/p>\n<p>O epis\u00f3dio lembra o que aconteceu nas elei\u00e7\u00f5es municipais de 2024, quando Pablo Mar\u00e7al divulgou um laudo m\u00e9dico falso contra Guilherme Boulos \u00e0s v\u00e9speras da vota\u00e7\u00e3o. Na ocasi\u00e3o, a Justi\u00e7a Eleitoral considerou a divulga\u00e7\u00e3o de um documento falso destinada a influenciar o eleitor um fato extremamente grave e determinou medidas imediatas contra aquele conte\u00fado. O precedente, por\u00e9m, mostra que desinforma\u00e7\u00e3o eleitoral n\u00e3o pode ser tratada como uma simples postagem equivocada. Se ficar constatado que Nikolas cometeu alguma irregularidade eleitoral ao divulgar esse documento falso, \u00e9 fundamental que seja responsabilizado. Elei\u00e7\u00e3o pressup\u00f5e liberdade de escolha, e n\u00e3o existe escolha verdadeiramente livre quando o eleitor \u00e9 deliberadamente enganado.<\/p>\n","protected":false},"excerpt":{"rendered":"<p>Nesta semana, o deputado federal e candidato \u00e0 reelei\u00e7\u00e3o Nikolas Ferreira publicou em suas redes sociais um documento falso atribu\u00eddo \u00e0 Pol\u00edcia Federal. O texto dizia, em resumo, que a PF teria conclu\u00eddo que n\u00e3o havia irregularidade na rela\u00e7\u00e3o dele com Daniel Vorcaro. A pr\u00f3pria Pol\u00edcia Federal negou ter produzido o documento, que apresentava inclusive [&hellip;]<\/p>\n","protected":false},"author":21,"featured_media":409364,"comment_status":"closed","ping_status":"closed","sticky":false,"template":"","format":"standard","meta":{"_acf_changed":false,"footnotes":""},"categories":[235],"tags":[],"tmauthors":[306],"class_list":["post-409362","post","type-post","status-publish","format-standard","has-post-thumbnail","category-dona-irene"],"acf":[],"yoast_head":"<!-- This site is optimized with the Yoast SEO plugin v28.0 - https:\/\/yoast.com\/product\/yoast-seo-wordpress\/ -->\n<title>Falsidade ideol\u00f3gica pode custar caro a Nikolas - Notibras<\/title>\n<meta name=\"robots\" content=\"index, follow, max-snippet:-1, max-image-preview:large, max-video-preview:-1\" \/>\n<link rel=\"canonical\" href=\"https:\/\/www.notibras.com\/site\/falsidade-ideologica-pode-custar-caro-a-nikolas\/\" \/>\n<meta property=\"og:locale\" content=\"pt_BR\" \/>\n<meta property=\"og:type\" content=\"article\" \/>\n<meta property=\"og:title\" content=\"Falsidade ideol\u00f3gica pode custar caro a Nikolas - Notibras\" \/>\n<meta property=\"og:description\" content=\"Nesta semana, o deputado federal e candidato \u00e0 reelei\u00e7\u00e3o Nikolas Ferreira publicou em suas redes sociais um documento falso atribu\u00eddo \u00e0 Pol\u00edcia Federal. O texto dizia, em resumo, que a PF teria conclu\u00eddo que n\u00e3o havia irregularidade na rela\u00e7\u00e3o dele com Daniel Vorcaro. A pr\u00f3pria Pol\u00edcia Federal negou ter produzido o documento, que apresentava inclusive [&hellip;]\" \/>\n<meta property=\"og:url\" content=\"https:\/\/www.notibras.com\/site\/falsidade-ideologica-pode-custar-caro-a-nikolas\/\" \/>\n<meta property=\"og:site_name\" content=\"Notibras\" \/>\n<meta property=\"article:publisher\" content=\"https:\/\/www.facebook.com\/notibras\/\" \/>\n<meta property=\"article:published_time\" content=\"2026-09-06T05:15:40+00:00\" \/>\n<meta property=\"article:modified_time\" content=\"2026-09-06T07:08:36+00:00\" \/>\n<meta property=\"og:image\" content=\"https:\/\/www.notibras.com\/site\/wp-content\/uploads\/2026\/09\/Banner-do-Canva-Corporativo-com-Montagem-de-Fotos-de-Funcionarios-1200x900-1.jpg\" \/>\n\t<meta property=\"og:image:width\" content=\"1200\" \/>\n\t<meta property=\"og:image:height\" content=\"900\" \/>\n\t<meta property=\"og:image:type\" content=\"image\/jpeg\" \/>\n<meta name=\"author\" content=\"Eduardo Mart\u00ednez\" \/>\n<meta name=\"twitter:card\" content=\"summary_large_image\" \/>\n<meta name=\"twitter:creator\" content=\"@Notibras\" \/>\n<meta name=\"twitter:site\" content=\"@Notibras\" \/>\n<meta name=\"twitter:label1\" content=\"Escrito por\" \/>\n\t<meta name=\"twitter:data1\" content=\"Eduardo Mart\u00ednez\" \/>\n\t<meta name=\"twitter:label2\" content=\"Est. tempo de leitura\" \/>\n\t<meta name=\"twitter:data2\" content=\"3 minutos\" \/>\n<script type=\"application\/ld+json\" class=\"yoast-schema-graph\">{\"@context\":\"https:\\\/\\\/schema.org\",\"@graph\":[{\"@type\":\"Article\",\"@id\":\"https:\\\/\\\/www.notibras.com\\\/site\\\/falsidade-ideologica-pode-custar-caro-a-nikolas\\\/#article\",\"isPartOf\":{\"@id\":\"https:\\\/\\\/www.notibras.com\\\/site\\\/falsidade-ideologica-pode-custar-caro-a-nikolas\\\/\"},\"author\":{\"name\":\"Eduardo Mart\u00ednez\",\"@id\":\"https:\\\/\\\/www.notibras.com\\\/site\\\/#\\\/schema\\\/person\\\/5b7fabf2aedc3ada2105f03b22b4d3dd\"},\"headline\":\"Falsidade ideol\u00f3gica pode custar caro a Nikolas\",\"datePublished\":\"2026-09-06T05:15:40+00:00\",\"dateModified\":\"2026-09-06T07:08:36+00:00\",\"mainEntityOfPage\":{\"@id\":\"https:\\\/\\\/www.notibras.com\\\/site\\\/falsidade-ideologica-pode-custar-caro-a-nikolas\\\/\"},\"wordCount\":384,\"publisher\":{\"@id\":\"https:\\\/\\\/www.notibras.com\\\/site\\\/#organization\"},\"image\":{\"@id\":\"https:\\\/\\\/www.notibras.com\\\/site\\\/falsidade-ideologica-pode-custar-caro-a-nikolas\\\/#primaryimage\"},\"thumbnailUrl\":\"https:\\\/\\\/www.notibras.com\\\/site\\\/wp-content\\\/uploads\\\/2026\\\/09\\\/Banner-do-Canva-Corporativo-com-Montagem-de-Fotos-de-Funcionarios-1200x900-1.jpg\",\"articleSection\":[\"Dona Irene\"],\"inLanguage\":\"pt-BR\"},{\"@type\":\"WebPage\",\"@id\":\"https:\\\/\\\/www.notibras.com\\\/site\\\/falsidade-ideologica-pode-custar-caro-a-nikolas\\\/\",\"url\":\"https:\\\/\\\/www.notibras.com\\\/site\\\/falsidade-ideologica-pode-custar-caro-a-nikolas\\\/\",\"name\":\"Falsidade ideol\u00f3gica pode custar caro a Nikolas - Notibras\",\"isPartOf\":{\"@id\":\"https:\\\/\\\/www.notibras.com\\\/site\\\/#website\"},\"primaryImageOfPage\":{\"@id\":\"https:\\\/\\\/www.notibras.com\\\/site\\\/falsidade-ideologica-pode-custar-caro-a-nikolas\\\/#primaryimage\"},\"image\":{\"@id\":\"https:\\\/\\\/www.notibras.com\\\/site\\\/falsidade-ideologica-pode-custar-caro-a-nikolas\\\/#primaryimage\"},\"thumbnailUrl\":\"https:\\\/\\\/www.notibras.com\\\/site\\\/wp-content\\\/uploads\\\/2026\\\/09\\\/Banner-do-Canva-Corporativo-com-Montagem-de-Fotos-de-Funcionarios-1200x900-1.jpg\",\"datePublished\":\"2026-09-06T05:15:40+00:00\",\"dateModified\":\"2026-09-06T07:08:36+00:00\",\"breadcrumb\":{\"@id\":\"https:\\\/\\\/www.notibras.com\\\/site\\\/falsidade-ideologica-pode-custar-caro-a-nikolas\\\/#breadcrumb\"},\"inLanguage\":\"pt-BR\",\"potentialAction\":[{\"@type\":\"ReadAction\",\"target\":[\"https:\\\/\\\/www.notibras.com\\\/site\\\/falsidade-ideologica-pode-custar-caro-a-nikolas\\\/\"]}]},{\"@type\":\"ImageObject\",\"inLanguage\":\"pt-BR\",\"@id\":\"https:\\\/\\\/www.notibras.com\\\/site\\\/falsidade-ideologica-pode-custar-caro-a-nikolas\\\/#primaryimage\",\"url\":\"https:\\\/\\\/www.notibras.com\\\/site\\\/wp-content\\\/uploads\\\/2026\\\/09\\\/Banner-do-Canva-Corporativo-com-Montagem-de-Fotos-de-Funcionarios-1200x900-1.jpg\",\"contentUrl\":\"https:\\\/\\\/www.notibras.com\\\/site\\\/wp-content\\\/uploads\\\/2026\\\/09\\\/Banner-do-Canva-Corporativo-com-Montagem-de-Fotos-de-Funcionarios-1200x900-1.jpg\",\"width\":1200,\"height\":900},{\"@type\":\"BreadcrumbList\",\"@id\":\"https:\\\/\\\/www.notibras.com\\\/site\\\/falsidade-ideologica-pode-custar-caro-a-nikolas\\\/#breadcrumb\",\"itemListElement\":[{\"@type\":\"ListItem\",\"position\":1,\"name\":\"In\u00edcio\",\"item\":\"https:\\\/\\\/www.notibras.com\\\/site\\\/\"},{\"@type\":\"ListItem\",\"position\":2,\"name\":\"Falsidade ideol\u00f3gica pode custar caro a Nikolas\"}]},{\"@type\":\"WebSite\",\"@id\":\"https:\\\/\\\/www.notibras.com\\\/site\\\/#website\",\"url\":\"https:\\\/\\\/www.notibras.com\\\/site\\\/\",\"name\":\"Notibras\",\"description\":\"Not\u00edcias de Bras\u00edlia, do Brasil e do Mundo\",\"publisher\":{\"@id\":\"https:\\\/\\\/www.notibras.com\\\/site\\\/#organization\"},\"potentialAction\":[{\"@type\":\"SearchAction\",\"target\":{\"@type\":\"EntryPoint\",\"urlTemplate\":\"https:\\\/\\\/www.notibras.com\\\/site\\\/?s={search_term_string}\"},\"query-input\":{\"@type\":\"PropertyValueSpecification\",\"valueRequired\":true,\"valueName\":\"search_term_string\"}}],\"inLanguage\":\"pt-BR\"},{\"@type\":\"Organization\",\"@id\":\"https:\\\/\\\/www.notibras.com\\\/site\\\/#organization\",\"name\":\"Grupo Notibras de Comunica\u00e7\u00e3o\",\"url\":\"https:\\\/\\\/www.notibras.com\\\/site\\\/\",\"logo\":{\"@type\":\"ImageObject\",\"inLanguage\":\"pt-BR\",\"@id\":\"https:\\\/\\\/www.notibras.com\\\/site\\\/#\\\/schema\\\/logo\\\/image\\\/\",\"url\":\"https:\\\/\\\/www.notibras.com\\\/site\\\/wp-content\\\/uploads\\\/2023\\\/01\\\/notibras23.png\",\"contentUrl\":\"https:\\\/\\\/www.notibras.com\\\/site\\\/wp-content\\\/uploads\\\/2023\\\/01\\\/notibras23.png\",\"width\":350,\"height\":87,\"caption\":\"Grupo Notibras de Comunica\u00e7\u00e3o\"},\"image\":{\"@id\":\"https:\\\/\\\/www.notibras.com\\\/site\\\/#\\\/schema\\\/logo\\\/image\\\/\"},\"sameAs\":[\"https:\\\/\\\/www.facebook.com\\\/notibras\\\/\",\"https:\\\/\\\/x.com\\\/Notibras\",\"https:\\\/\\\/www.instagram.com\\\/notibras\\\/\"]},{\"@type\":\"Person\",\"@id\":\"https:\\\/\\\/www.notibras.com\\\/site\\\/#\\\/schema\\\/person\\\/5b7fabf2aedc3ada2105f03b22b4d3dd\",\"name\":\"Eduardo Mart\u00ednez\",\"image\":{\"@type\":\"ImageObject\",\"inLanguage\":\"pt-BR\",\"@id\":\"https:\\\/\\\/secure.gravatar.com\\\/avatar\\\/7902f906289926289cbcda644b5197c796b893c6ffd7b9a536a42d290f7704a0?s=96&d=mm&r=g\",\"url\":\"https:\\\/\\\/secure.gravatar.com\\\/avatar\\\/7902f906289926289cbcda644b5197c796b893c6ffd7b9a536a42d290f7704a0?s=96&d=mm&r=g\",\"contentUrl\":\"https:\\\/\\\/secure.gravatar.com\\\/avatar\\\/7902f906289926289cbcda644b5197c796b893c6ffd7b9a536a42d290f7704a0?s=96&d=mm&r=g\",\"caption\":\"Eduardo Mart\u00ednez\"}}]}<\/script>\n<!-- \/ Yoast SEO plugin. -->","yoast_head_json":{"title":"Falsidade ideol\u00f3gica pode custar caro a Nikolas - Notibras","robots":{"index":"index","follow":"follow","max-snippet":"max-snippet:-1","max-image-preview":"max-image-preview:large","max-video-preview":"max-video-preview:-1"},"canonical":"https:\/\/www.notibras.com\/site\/falsidade-ideologica-pode-custar-caro-a-nikolas\/","og_locale":"pt_BR","og_type":"article","og_title":"Falsidade ideol\u00f3gica pode custar caro a Nikolas - Notibras","og_description":"Nesta semana, o deputado federal e candidato \u00e0 reelei\u00e7\u00e3o Nikolas Ferreira publicou em suas redes sociais um documento falso atribu\u00eddo \u00e0 Pol\u00edcia Federal. O texto dizia, em resumo, que a PF teria conclu\u00eddo que n\u00e3o havia irregularidade na rela\u00e7\u00e3o dele com Daniel Vorcaro. A pr\u00f3pria Pol\u00edcia Federal negou ter produzido o documento, que apresentava inclusive [&hellip;]","og_url":"https:\/\/www.notibras.com\/site\/falsidade-ideologica-pode-custar-caro-a-nikolas\/","og_site_name":"Notibras","article_publisher":"https:\/\/www.facebook.com\/notibras\/","article_published_time":"2026-09-06T05:15:40+00:00","article_modified_time":"2026-09-06T07:08:36+00:00","og_image":[{"width":1200,"height":900,"url":"https:\/\/www.notibras.com\/site\/wp-content\/uploads\/2026\/09\/Banner-do-Canva-Corporativo-com-Montagem-de-Fotos-de-Funcionarios-1200x900-1.jpg","type":"image\/jpeg"}],"author":"Eduardo Mart\u00ednez","twitter_card":"summary_large_image","twitter_creator":"@Notibras","twitter_site":"@Notibras","twitter_misc":{"Escrito por":"Eduardo Mart\u00ednez","Est. tempo de leitura":"3 minutos"},"schema":{"@context":"https:\/\/schema.org","@graph":[{"@type":"Article","@id":"https:\/\/www.notibras.com\/site\/falsidade-ideologica-pode-custar-caro-a-nikolas\/#article","isPartOf":{"@id":"https:\/\/www.notibras.com\/site\/falsidade-ideologica-pode-custar-caro-a-nikolas\/"},"author":{"name":"Eduardo Mart\u00ednez","@id":"https:\/\/www.notibras.com\/site\/#\/schema\/person\/5b7fabf2aedc3ada2105f03b22b4d3dd"},"headline":"Falsidade ideol\u00f3gica pode custar caro a Nikolas","datePublished":"2026-09-06T05:15:40+00:00","dateModified":"2026-09-06T07:08:36+00:00","mainEntityOfPage":{"@id":"https:\/\/www.notibras.com\/site\/falsidade-ideologica-pode-custar-caro-a-nikolas\/"},"wordCount":384,"publisher":{"@id":"https:\/\/www.notibras.com\/site\/#organization"},"image":{"@id":"https:\/\/www.notibras.com\/site\/falsidade-ideologica-pode-custar-caro-a-nikolas\/#primaryimage"},"thumbnailUrl":"https:\/\/www.notibras.com\/site\/wp-content\/uploads\/2026\/09\/Banner-do-Canva-Corporativo-com-Montagem-de-Fotos-de-Funcionarios-1200x900-1.jpg","articleSection":["Dona Irene"],"inLanguage":"pt-BR"},{"@type":"WebPage","@id":"https:\/\/www.notibras.com\/site\/falsidade-ideologica-pode-custar-caro-a-nikolas\/","url":"https:\/\/www.notibras.com\/site\/falsidade-ideologica-pode-custar-caro-a-nikolas\/","name":"Falsidade ideol\u00f3gica pode custar caro a Nikolas - Notibras","isPartOf":{"@id":"https:\/\/www.notibras.com\/site\/#website"},"primaryImageOfPage":{"@id":"https:\/\/www.notibras.com\/site\/falsidade-ideologica-pode-custar-caro-a-nikolas\/#primaryimage"},"image":{"@id":"https:\/\/www.notibras.com\/site\/falsidade-ideologica-pode-custar-caro-a-nikolas\/#primaryimage"},"thumbnailUrl":"https:\/\/www.notibras.com\/site\/wp-content\/uploads\/2026\/09\/Banner-do-Canva-Corporativo-com-Montagem-de-Fotos-de-Funcionarios-1200x900-1.jpg","datePublished":"2026-09-06T05:15:40+00:00","dateModified":"2026-09-06T07:08:36+00:00","breadcrumb":{"@id":"https:\/\/www.notibras.com\/site\/falsidade-ideologica-pode-custar-caro-a-nikolas\/#breadcrumb"},"inLanguage":"pt-BR","potentialAction":[{"@type":"ReadAction","target":["https:\/\/www.notibras.com\/site\/falsidade-ideologica-pode-custar-caro-a-nikolas\/"]}]},{"@type":"ImageObject","inLanguage":"pt-BR","@id":"https:\/\/www.notibras.com\/site\/falsidade-ideologica-pode-custar-caro-a-nikolas\/#primaryimage","url":"https:\/\/www.notibras.com\/site\/wp-content\/uploads\/2026\/09\/Banner-do-Canva-Corporativo-com-Montagem-de-Fotos-de-Funcionarios-1200x900-1.jpg","contentUrl":"https:\/\/www.notibras.com\/site\/wp-content\/uploads\/2026\/09\/Banner-do-Canva-Corporativo-com-Montagem-de-Fotos-de-Funcionarios-1200x900-1.jpg","width":1200,"height":900},{"@type":"BreadcrumbList","@id":"https:\/\/www.notibras.com\/site\/falsidade-ideologica-pode-custar-caro-a-nikolas\/#breadcrumb","itemListElement":[{"@type":"ListItem","position":1,"name":"In\u00edcio","item":"https:\/\/www.notibras.com\/site\/"},{"@type":"ListItem","position":2,"name":"Falsidade ideol\u00f3gica pode custar caro a Nikolas"}]},{"@type":"WebSite","@id":"https:\/\/www.notibras.com\/site\/#website","url":"https:\/\/www.notibras.com\/site\/","name":"Notibras","description":"Not\u00edcias de Bras\u00edlia, do Brasil e do Mundo","publisher":{"@id":"https:\/\/www.notibras.com\/site\/#organization"},"potentialAction":[{"@type":"SearchAction","target":{"@type":"EntryPoint","urlTemplate":"https:\/\/www.notibras.com\/site\/?s={search_term_string}"},"query-input":{"@type":"PropertyValueSpecification","valueRequired":true,"valueName":"search_term_string"}}],"inLanguage":"pt-BR"},{"@type":"Organization","@id":"https:\/\/www.notibras.com\/site\/#organization","name":"Grupo Notibras de Comunica\u00e7\u00e3o","url":"https:\/\/www.notibras.com\/site\/","logo":{"@type":"ImageObject","inLanguage":"pt-BR","@id":"https:\/\/www.notibras.com\/site\/#\/schema\/logo\/image\/","url":"https:\/\/www.notibras.com\/site\/wp-content\/uploads\/2023\/01\/notibras23.png","contentUrl":"https:\/\/www.notibras.com\/site\/wp-content\/uploads\/2023\/01\/notibras23.png","width":350,"height":87,"caption":"Grupo Notibras de Comunica\u00e7\u00e3o"},"image":{"@id":"https:\/\/www.notibras.com\/site\/#\/schema\/logo\/image\/"},"sameAs":["https:\/\/www.facebook.com\/notibras\/","https:\/\/x.com\/Notibras","https:\/\/www.instagram.com\/notibras\/"]},{"@type":"Person","@id":"https:\/\/www.notibras.com\/site\/#\/schema\/person\/5b7fabf2aedc3ada2105f03b22b4d3dd","name":"Eduardo Mart\u00ednez","image":{"@type":"ImageObject","inLanguage":"pt-BR","@id":"https:\/\/secure.gravatar.com\/avatar\/7902f906289926289cbcda644b5197c796b893c6ffd7b9a536a42d290f7704a0?s=96&d=mm&r=g","url":"https:\/\/secure.gravatar.com\/avatar\/7902f906289926289cbcda644b5197c796b893c6ffd7b9a536a42d290f7704a0?s=96&d=mm&r=g","contentUrl":"https:\/\/secure.gravatar.com\/avatar\/7902f906289926289cbcda644b5197c796b893c6ffd7b9a536a42d290f7704a0?s=96&d=mm&r=g","caption":"Eduardo Mart\u00ednez"}}]}},"_links":{"self":[{"href":"https:\/\/www.notibras.com\/site\/wp-json\/wp\/v2\/posts\/409362","targetHints":{"allow":["GET"]}}],"collection":[{"href":"https:\/\/www.notibras.com\/site\/wp-json\/wp\/v2\/posts"}],"about":[{"href":"https:\/\/www.notibras.com\/site\/wp-json\/wp\/v2\/types\/post"}],"author":[{"embeddable":true,"href":"https:\/\/www.notibras.com\/site\/wp-json\/wp\/v2\/users\/21"}],"replies":[{"embeddable":true,"href":"https:\/\/www.notibras.com\/site\/wp-json\/wp\/v2\/comments?post=409362"}],"version-history":[{"count":2,"href":"https:\/\/www.notibras.com\/site\/wp-json\/wp\/v2\/posts\/409362\/revisions"}],"predecessor-version":[{"id":409373,"href":"https:\/\/www.notibras.com\/site\/wp-json\/wp\/v2\/posts\/409362\/revisions\/409373"}],"wp:featuredmedia":[{"embeddable":true,"href":"https:\/\/www.notibras.com\/site\/wp-json\/wp\/v2\/media\/409364"}],"wp:attachment":[{"href":"https:\/\/www.notibras.com\/site\/wp-json\/wp\/v2\/media?parent=409362"}],"wp:term":[{"taxonomy":"category","embeddable":true,"href":"https:\/\/www.notibras.com\/site\/wp-json\/wp\/v2\/categories?post=409362"},{"taxonomy":"post_tag","embeddable":true,"href":"https:\/\/www.notibras.com\/site\/wp-json\/wp\/v2\/tags?post=409362"},{"taxonomy":"tmauthors","embeddable":true,"href":"https:\/\/www.notibras.com\/site\/wp-json\/wp\/v2\/tmauthors?post=409362"}],"curies":[{"name":"wp","href":"https:\/\/api.w.org\/{rel}","templated":true}]}}