{"id":409366,"date":"2026-09-06T02:00:52","date_gmt":"2026-09-06T05:00:52","guid":{"rendered":"https:\/\/www.notibras.com\/site\/?p=409366"},"modified":"2026-09-06T04:12:54","modified_gmt":"2026-09-06T07:12:54","slug":"boulos-da-a-entender-que-so-decreto-pode-baixar-juros","status":"publish","type":"post","link":"https:\/\/www.notibras.com\/site\/boulos-da-a-entender-que-so-decreto-pode-baixar-juros\/","title":{"rendered":"Boulos d\u00e1 a entender que s\u00f3 decreto pode baixar juros"},"content":{"rendered":"<p>Em entrevista recente, Guilherme Boulos classificou como \u201cdecepcionante\u201d o trabalho de Gabriel Gal\u00edpolo \u00e0 frente do Banco Central e criticou o \u201critmo de tartaruga\u201d da redu\u00e7\u00e3o dos juros. \u00c9 dif\u00edcil discordar da cobran\u00e7a. A Selic ainda est\u00e1 em 14% ao ano, e os juros reais brasileiros continuam entre os mais altos do mundo, encarecendo o cr\u00e9dito, dificultando investimentos e freando o consumo e o crescimento da economia. Gal\u00edpolo foi indicado por Lula justamente depois de anos de duras cr\u00edticas do presidente \u00e0 pol\u00edtica de juros altos, mas, at\u00e9 agora, a mudan\u00e7a esperada ocorreu de forma muito lenta.<\/p>\n<p>Boulos tamb\u00e9m tocou em outro ponto importante ao questionar a autonomia do Banco Central: \u201cQuantos votos tem o presidente do BC? Nunca vi o nome dele na urna\u201d. A frase provoca uma discuss\u00e3o leg\u00edtima. As decis\u00f5es do Banco Central t\u00eam enorme impacto sobre emprego, cr\u00e9dito, investimentos, crescimento econ\u00f4mico e, consequentemente, sobre o desempenho do pr\u00f3prio governo. Lula foi eleito apresentando um projeto econ\u00f4mico e tem reclamado repetidamente dos juros elevados. Ainda assim, uma das decis\u00f5es mais importantes para determinar os rumos da economia fica nas m\u00e3os de uma autoridade que possui mandato pr\u00f3prio e n\u00e3o pode ser substitu\u00edda simplesmente porque sua pol\u00edtica diverge da orienta\u00e7\u00e3o do governo eleito.<\/p>\n<p>A autonomia do Banco Central foi criada com o argumento de proteger a pol\u00edtica monet\u00e1ria de interfer\u00eancias eleitorais de curto prazo. Mas isso n\u00e3o significa que o modelo n\u00e3o possa ser questionado. Se as escolhas do presidente do BC atingem diretamente a economia e podem inclusive comprometer os resultados de um governo escolhido pelo voto popular, \u00e9 razo\u00e1vel discutir at\u00e9 onde deve ir essa independ\u00eancia. Gal\u00edpolo foi indicado por Lula, mas isso n\u00e3o basta: a expectativa era de uma pol\u00edtica monet\u00e1ria mais compat\u00edvel com um governo que defende crescimento, emprego e cr\u00e9dito mais acess\u00edvel. Nesse aspecto, a frustra\u00e7\u00e3o manifestada por Boulos \u00e9 compreens\u00edvel e representa uma cobran\u00e7a que j\u00e1 existe dentro do pr\u00f3prio governo.<\/p>\n","protected":false},"excerpt":{"rendered":"<p>Em entrevista recente, Guilherme Boulos classificou como \u201cdecepcionante\u201d o trabalho de Gabriel Gal\u00edpolo \u00e0 frente do Banco Central e criticou o \u201critmo de tartaruga\u201d da redu\u00e7\u00e3o dos juros. \u00c9 dif\u00edcil discordar da cobran\u00e7a. A Selic ainda est\u00e1 em 14% ao ano, e os juros reais brasileiros continuam entre os mais altos do mundo, encarecendo o [&hellip;]<\/p>\n","protected":false},"author":21,"featured_media":409368,"comment_status":"closed","ping_status":"closed","sticky":false,"template":"","format":"standard","meta":{"_acf_changed":false,"footnotes":""},"categories":[235],"tags":[],"tmauthors":[306],"class_list":["post-409366","post","type-post","status-publish","format-standard","has-post-thumbnail","category-dona-irene"],"acf":[],"yoast_head":"<!-- This site is optimized with the Yoast SEO plugin v28.0 - https:\/\/yoast.com\/product\/yoast-seo-wordpress\/ -->\n<title>Boulos d\u00e1 a entender que s\u00f3 decreto pode baixar juros - Notibras<\/title>\n<meta name=\"robots\" content=\"index, follow, max-snippet:-1, max-image-preview:large, max-video-preview:-1\" \/>\n<link rel=\"canonical\" href=\"https:\/\/www.notibras.com\/site\/boulos-da-a-entender-que-so-decreto-pode-baixar-juros\/\" \/>\n<meta property=\"og:locale\" content=\"pt_BR\" \/>\n<meta property=\"og:type\" content=\"article\" \/>\n<meta property=\"og:title\" content=\"Boulos d\u00e1 a entender que s\u00f3 decreto pode baixar juros - Notibras\" \/>\n<meta property=\"og:description\" content=\"Em entrevista recente, Guilherme Boulos classificou como \u201cdecepcionante\u201d o trabalho de Gabriel Gal\u00edpolo \u00e0 frente do Banco Central e criticou o \u201critmo de tartaruga\u201d da redu\u00e7\u00e3o dos juros. \u00c9 dif\u00edcil discordar da cobran\u00e7a. A Selic ainda est\u00e1 em 14% ao ano, e os juros reais brasileiros continuam entre os mais altos do mundo, encarecendo o [&hellip;]\" \/>\n<meta property=\"og:url\" content=\"https:\/\/www.notibras.com\/site\/boulos-da-a-entender-que-so-decreto-pode-baixar-juros\/\" \/>\n<meta property=\"og:site_name\" content=\"Notibras\" \/>\n<meta property=\"article:publisher\" content=\"https:\/\/www.facebook.com\/notibras\/\" \/>\n<meta property=\"article:published_time\" content=\"2026-09-06T05:00:52+00:00\" \/>\n<meta property=\"article:modified_time\" content=\"2026-09-06T07:12:54+00:00\" \/>\n<meta property=\"og:image\" content=\"https:\/\/www.notibras.com\/site\/wp-content\/uploads\/2026\/09\/2026022313028_329bea4ab8de5cb04215217cfb23e1a642b01255d62b6ecc80c32ced22bc56e1.webp\" \/>\n\t<meta property=\"og:image:width\" content=\"1024\" \/>\n\t<meta property=\"og:image:height\" content=\"576\" \/>\n\t<meta property=\"og:image:type\" content=\"image\/webp\" \/>\n<meta name=\"author\" content=\"Eduardo Mart\u00ednez\" \/>\n<meta name=\"twitter:card\" content=\"summary_large_image\" \/>\n<meta name=\"twitter:creator\" content=\"@Notibras\" \/>\n<meta name=\"twitter:site\" content=\"@Notibras\" \/>\n<meta name=\"twitter:label1\" content=\"Escrito por\" \/>\n\t<meta name=\"twitter:data1\" content=\"Eduardo Mart\u00ednez\" \/>\n\t<meta name=\"twitter:label2\" content=\"Est. tempo de leitura\" \/>\n\t<meta name=\"twitter:data2\" content=\"2 minutos\" \/>\n<script type=\"application\/ld+json\" class=\"yoast-schema-graph\">{\"@context\":\"https:\\\/\\\/schema.org\",\"@graph\":[{\"@type\":\"Article\",\"@id\":\"https:\\\/\\\/www.notibras.com\\\/site\\\/boulos-da-a-entender-que-so-decreto-pode-baixar-juros\\\/#article\",\"isPartOf\":{\"@id\":\"https:\\\/\\\/www.notibras.com\\\/site\\\/boulos-da-a-entender-que-so-decreto-pode-baixar-juros\\\/\"},\"author\":{\"name\":\"Eduardo Mart\u00ednez\",\"@id\":\"https:\\\/\\\/www.notibras.com\\\/site\\\/#\\\/schema\\\/person\\\/5b7fabf2aedc3ada2105f03b22b4d3dd\"},\"headline\":\"Boulos d\u00e1 a entender que s\u00f3 decreto pode baixar juros\",\"datePublished\":\"2026-09-06T05:00:52+00:00\",\"dateModified\":\"2026-09-06T07:12:54+00:00\",\"mainEntityOfPage\":{\"@id\":\"https:\\\/\\\/www.notibras.com\\\/site\\\/boulos-da-a-entender-que-so-decreto-pode-baixar-juros\\\/\"},\"wordCount\":366,\"publisher\":{\"@id\":\"https:\\\/\\\/www.notibras.com\\\/site\\\/#organization\"},\"image\":{\"@id\":\"https:\\\/\\\/www.notibras.com\\\/site\\\/boulos-da-a-entender-que-so-decreto-pode-baixar-juros\\\/#primaryimage\"},\"thumbnailUrl\":\"https:\\\/\\\/www.notibras.com\\\/site\\\/wp-content\\\/uploads\\\/2026\\\/09\\\/2026022313028_329bea4ab8de5cb04215217cfb23e1a642b01255d62b6ecc80c32ced22bc56e1.webp\",\"articleSection\":[\"Dona Irene\"],\"inLanguage\":\"pt-BR\"},{\"@type\":\"WebPage\",\"@id\":\"https:\\\/\\\/www.notibras.com\\\/site\\\/boulos-da-a-entender-que-so-decreto-pode-baixar-juros\\\/\",\"url\":\"https:\\\/\\\/www.notibras.com\\\/site\\\/boulos-da-a-entender-que-so-decreto-pode-baixar-juros\\\/\",\"name\":\"Boulos d\u00e1 a entender que s\u00f3 decreto pode baixar juros - Notibras\",\"isPartOf\":{\"@id\":\"https:\\\/\\\/www.notibras.com\\\/site\\\/#website\"},\"primaryImageOfPage\":{\"@id\":\"https:\\\/\\\/www.notibras.com\\\/site\\\/boulos-da-a-entender-que-so-decreto-pode-baixar-juros\\\/#primaryimage\"},\"image\":{\"@id\":\"https:\\\/\\\/www.notibras.com\\\/site\\\/boulos-da-a-entender-que-so-decreto-pode-baixar-juros\\\/#primaryimage\"},\"thumbnailUrl\":\"https:\\\/\\\/www.notibras.com\\\/site\\\/wp-content\\\/uploads\\\/2026\\\/09\\\/2026022313028_329bea4ab8de5cb04215217cfb23e1a642b01255d62b6ecc80c32ced22bc56e1.webp\",\"datePublished\":\"2026-09-06T05:00:52+00:00\",\"dateModified\":\"2026-09-06T07:12:54+00:00\",\"breadcrumb\":{\"@id\":\"https:\\\/\\\/www.notibras.com\\\/site\\\/boulos-da-a-entender-que-so-decreto-pode-baixar-juros\\\/#breadcrumb\"},\"inLanguage\":\"pt-BR\",\"potentialAction\":[{\"@type\":\"ReadAction\",\"target\":[\"https:\\\/\\\/www.notibras.com\\\/site\\\/boulos-da-a-entender-que-so-decreto-pode-baixar-juros\\\/\"]}]},{\"@type\":\"ImageObject\",\"inLanguage\":\"pt-BR\",\"@id\":\"https:\\\/\\\/www.notibras.com\\\/site\\\/boulos-da-a-entender-que-so-decreto-pode-baixar-juros\\\/#primaryimage\",\"url\":\"https:\\\/\\\/www.notibras.com\\\/site\\\/wp-content\\\/uploads\\\/2026\\\/09\\\/2026022313028_329bea4ab8de5cb04215217cfb23e1a642b01255d62b6ecc80c32ced22bc56e1.webp\",\"contentUrl\":\"https:\\\/\\\/www.notibras.com\\\/site\\\/wp-content\\\/uploads\\\/2026\\\/09\\\/2026022313028_329bea4ab8de5cb04215217cfb23e1a642b01255d62b6ecc80c32ced22bc56e1.webp\",\"width\":1024,\"height\":576},{\"@type\":\"BreadcrumbList\",\"@id\":\"https:\\\/\\\/www.notibras.com\\\/site\\\/boulos-da-a-entender-que-so-decreto-pode-baixar-juros\\\/#breadcrumb\",\"itemListElement\":[{\"@type\":\"ListItem\",\"position\":1,\"name\":\"In\u00edcio\",\"item\":\"https:\\\/\\\/www.notibras.com\\\/site\\\/\"},{\"@type\":\"ListItem\",\"position\":2,\"name\":\"Boulos d\u00e1 a entender que s\u00f3 decreto pode baixar juros\"}]},{\"@type\":\"WebSite\",\"@id\":\"https:\\\/\\\/www.notibras.com\\\/site\\\/#website\",\"url\":\"https:\\\/\\\/www.notibras.com\\\/site\\\/\",\"name\":\"Notibras\",\"description\":\"Not\u00edcias de Bras\u00edlia, do Brasil e do Mundo\",\"publisher\":{\"@id\":\"https:\\\/\\\/www.notibras.com\\\/site\\\/#organization\"},\"potentialAction\":[{\"@type\":\"SearchAction\",\"target\":{\"@type\":\"EntryPoint\",\"urlTemplate\":\"https:\\\/\\\/www.notibras.com\\\/site\\\/?s={search_term_string}\"},\"query-input\":{\"@type\":\"PropertyValueSpecification\",\"valueRequired\":true,\"valueName\":\"search_term_string\"}}],\"inLanguage\":\"pt-BR\"},{\"@type\":\"Organization\",\"@id\":\"https:\\\/\\\/www.notibras.com\\\/site\\\/#organization\",\"name\":\"Grupo Notibras de Comunica\u00e7\u00e3o\",\"url\":\"https:\\\/\\\/www.notibras.com\\\/site\\\/\",\"logo\":{\"@type\":\"ImageObject\",\"inLanguage\":\"pt-BR\",\"@id\":\"https:\\\/\\\/www.notibras.com\\\/site\\\/#\\\/schema\\\/logo\\\/image\\\/\",\"url\":\"https:\\\/\\\/www.notibras.com\\\/site\\\/wp-content\\\/uploads\\\/2023\\\/01\\\/notibras23.png\",\"contentUrl\":\"https:\\\/\\\/www.notibras.com\\\/site\\\/wp-content\\\/uploads\\\/2023\\\/01\\\/notibras23.png\",\"width\":350,\"height\":87,\"caption\":\"Grupo Notibras de Comunica\u00e7\u00e3o\"},\"image\":{\"@id\":\"https:\\\/\\\/www.notibras.com\\\/site\\\/#\\\/schema\\\/logo\\\/image\\\/\"},\"sameAs\":[\"https:\\\/\\\/www.facebook.com\\\/notibras\\\/\",\"https:\\\/\\\/x.com\\\/Notibras\",\"https:\\\/\\\/www.instagram.com\\\/notibras\\\/\"]},{\"@type\":\"Person\",\"@id\":\"https:\\\/\\\/www.notibras.com\\\/site\\\/#\\\/schema\\\/person\\\/5b7fabf2aedc3ada2105f03b22b4d3dd\",\"name\":\"Eduardo Mart\u00ednez\",\"image\":{\"@type\":\"ImageObject\",\"inLanguage\":\"pt-BR\",\"@id\":\"https:\\\/\\\/secure.gravatar.com\\\/avatar\\\/7902f906289926289cbcda644b5197c796b893c6ffd7b9a536a42d290f7704a0?s=96&d=mm&r=g\",\"url\":\"https:\\\/\\\/secure.gravatar.com\\\/avatar\\\/7902f906289926289cbcda644b5197c796b893c6ffd7b9a536a42d290f7704a0?s=96&d=mm&r=g\",\"contentUrl\":\"https:\\\/\\\/secure.gravatar.com\\\/avatar\\\/7902f906289926289cbcda644b5197c796b893c6ffd7b9a536a42d290f7704a0?s=96&d=mm&r=g\",\"caption\":\"Eduardo Mart\u00ednez\"}}]}<\/script>\n<!-- \/ Yoast SEO plugin. -->","yoast_head_json":{"title":"Boulos d\u00e1 a entender que s\u00f3 decreto pode baixar juros - Notibras","robots":{"index":"index","follow":"follow","max-snippet":"max-snippet:-1","max-image-preview":"max-image-preview:large","max-video-preview":"max-video-preview:-1"},"canonical":"https:\/\/www.notibras.com\/site\/boulos-da-a-entender-que-so-decreto-pode-baixar-juros\/","og_locale":"pt_BR","og_type":"article","og_title":"Boulos d\u00e1 a entender que s\u00f3 decreto pode baixar juros - Notibras","og_description":"Em entrevista recente, Guilherme Boulos classificou como \u201cdecepcionante\u201d o trabalho de Gabriel Gal\u00edpolo \u00e0 frente do Banco Central e criticou o \u201critmo de tartaruga\u201d da redu\u00e7\u00e3o dos juros. \u00c9 dif\u00edcil discordar da cobran\u00e7a. A Selic ainda est\u00e1 em 14% ao ano, e os juros reais brasileiros continuam entre os mais altos do mundo, encarecendo o [&hellip;]","og_url":"https:\/\/www.notibras.com\/site\/boulos-da-a-entender-que-so-decreto-pode-baixar-juros\/","og_site_name":"Notibras","article_publisher":"https:\/\/www.facebook.com\/notibras\/","article_published_time":"2026-09-06T05:00:52+00:00","article_modified_time":"2026-09-06T07:12:54+00:00","og_image":[{"width":1024,"height":576,"url":"https:\/\/www.notibras.com\/site\/wp-content\/uploads\/2026\/09\/2026022313028_329bea4ab8de5cb04215217cfb23e1a642b01255d62b6ecc80c32ced22bc56e1.webp","type":"image\/webp"}],"author":"Eduardo Mart\u00ednez","twitter_card":"summary_large_image","twitter_creator":"@Notibras","twitter_site":"@Notibras","twitter_misc":{"Escrito por":"Eduardo Mart\u00ednez","Est. tempo de leitura":"2 minutos"},"schema":{"@context":"https:\/\/schema.org","@graph":[{"@type":"Article","@id":"https:\/\/www.notibras.com\/site\/boulos-da-a-entender-que-so-decreto-pode-baixar-juros\/#article","isPartOf":{"@id":"https:\/\/www.notibras.com\/site\/boulos-da-a-entender-que-so-decreto-pode-baixar-juros\/"},"author":{"name":"Eduardo Mart\u00ednez","@id":"https:\/\/www.notibras.com\/site\/#\/schema\/person\/5b7fabf2aedc3ada2105f03b22b4d3dd"},"headline":"Boulos d\u00e1 a entender que s\u00f3 decreto pode baixar juros","datePublished":"2026-09-06T05:00:52+00:00","dateModified":"2026-09-06T07:12:54+00:00","mainEntityOfPage":{"@id":"https:\/\/www.notibras.com\/site\/boulos-da-a-entender-que-so-decreto-pode-baixar-juros\/"},"wordCount":366,"publisher":{"@id":"https:\/\/www.notibras.com\/site\/#organization"},"image":{"@id":"https:\/\/www.notibras.com\/site\/boulos-da-a-entender-que-so-decreto-pode-baixar-juros\/#primaryimage"},"thumbnailUrl":"https:\/\/www.notibras.com\/site\/wp-content\/uploads\/2026\/09\/2026022313028_329bea4ab8de5cb04215217cfb23e1a642b01255d62b6ecc80c32ced22bc56e1.webp","articleSection":["Dona Irene"],"inLanguage":"pt-BR"},{"@type":"WebPage","@id":"https:\/\/www.notibras.com\/site\/boulos-da-a-entender-que-so-decreto-pode-baixar-juros\/","url":"https:\/\/www.notibras.com\/site\/boulos-da-a-entender-que-so-decreto-pode-baixar-juros\/","name":"Boulos d\u00e1 a entender que s\u00f3 decreto pode baixar juros - Notibras","isPartOf":{"@id":"https:\/\/www.notibras.com\/site\/#website"},"primaryImageOfPage":{"@id":"https:\/\/www.notibras.com\/site\/boulos-da-a-entender-que-so-decreto-pode-baixar-juros\/#primaryimage"},"image":{"@id":"https:\/\/www.notibras.com\/site\/boulos-da-a-entender-que-so-decreto-pode-baixar-juros\/#primaryimage"},"thumbnailUrl":"https:\/\/www.notibras.com\/site\/wp-content\/uploads\/2026\/09\/2026022313028_329bea4ab8de5cb04215217cfb23e1a642b01255d62b6ecc80c32ced22bc56e1.webp","datePublished":"2026-09-06T05:00:52+00:00","dateModified":"2026-09-06T07:12:54+00:00","breadcrumb":{"@id":"https:\/\/www.notibras.com\/site\/boulos-da-a-entender-que-so-decreto-pode-baixar-juros\/#breadcrumb"},"inLanguage":"pt-BR","potentialAction":[{"@type":"ReadAction","target":["https:\/\/www.notibras.com\/site\/boulos-da-a-entender-que-so-decreto-pode-baixar-juros\/"]}]},{"@type":"ImageObject","inLanguage":"pt-BR","@id":"https:\/\/www.notibras.com\/site\/boulos-da-a-entender-que-so-decreto-pode-baixar-juros\/#primaryimage","url":"https:\/\/www.notibras.com\/site\/wp-content\/uploads\/2026\/09\/2026022313028_329bea4ab8de5cb04215217cfb23e1a642b01255d62b6ecc80c32ced22bc56e1.webp","contentUrl":"https:\/\/www.notibras.com\/site\/wp-content\/uploads\/2026\/09\/2026022313028_329bea4ab8de5cb04215217cfb23e1a642b01255d62b6ecc80c32ced22bc56e1.webp","width":1024,"height":576},{"@type":"BreadcrumbList","@id":"https:\/\/www.notibras.com\/site\/boulos-da-a-entender-que-so-decreto-pode-baixar-juros\/#breadcrumb","itemListElement":[{"@type":"ListItem","position":1,"name":"In\u00edcio","item":"https:\/\/www.notibras.com\/site\/"},{"@type":"ListItem","position":2,"name":"Boulos d\u00e1 a entender que s\u00f3 decreto pode baixar juros"}]},{"@type":"WebSite","@id":"https:\/\/www.notibras.com\/site\/#website","url":"https:\/\/www.notibras.com\/site\/","name":"Notibras","description":"Not\u00edcias de Bras\u00edlia, do Brasil e do Mundo","publisher":{"@id":"https:\/\/www.notibras.com\/site\/#organization"},"potentialAction":[{"@type":"SearchAction","target":{"@type":"EntryPoint","urlTemplate":"https:\/\/www.notibras.com\/site\/?s={search_term_string}"},"query-input":{"@type":"PropertyValueSpecification","valueRequired":true,"valueName":"search_term_string"}}],"inLanguage":"pt-BR"},{"@type":"Organization","@id":"https:\/\/www.notibras.com\/site\/#organization","name":"Grupo Notibras de Comunica\u00e7\u00e3o","url":"https:\/\/www.notibras.com\/site\/","logo":{"@type":"ImageObject","inLanguage":"pt-BR","@id":"https:\/\/www.notibras.com\/site\/#\/schema\/logo\/image\/","url":"https:\/\/www.notibras.com\/site\/wp-content\/uploads\/2023\/01\/notibras23.png","contentUrl":"https:\/\/www.notibras.com\/site\/wp-content\/uploads\/2023\/01\/notibras23.png","width":350,"height":87,"caption":"Grupo Notibras de Comunica\u00e7\u00e3o"},"image":{"@id":"https:\/\/www.notibras.com\/site\/#\/schema\/logo\/image\/"},"sameAs":["https:\/\/www.facebook.com\/notibras\/","https:\/\/x.com\/Notibras","https:\/\/www.instagram.com\/notibras\/"]},{"@type":"Person","@id":"https:\/\/www.notibras.com\/site\/#\/schema\/person\/5b7fabf2aedc3ada2105f03b22b4d3dd","name":"Eduardo Mart\u00ednez","image":{"@type":"ImageObject","inLanguage":"pt-BR","@id":"https:\/\/secure.gravatar.com\/avatar\/7902f906289926289cbcda644b5197c796b893c6ffd7b9a536a42d290f7704a0?s=96&d=mm&r=g","url":"https:\/\/secure.gravatar.com\/avatar\/7902f906289926289cbcda644b5197c796b893c6ffd7b9a536a42d290f7704a0?s=96&d=mm&r=g","contentUrl":"https:\/\/secure.gravatar.com\/avatar\/7902f906289926289cbcda644b5197c796b893c6ffd7b9a536a42d290f7704a0?s=96&d=mm&r=g","caption":"Eduardo Mart\u00ednez"}}]}},"_links":{"self":[{"href":"https:\/\/www.notibras.com\/site\/wp-json\/wp\/v2\/posts\/409366","targetHints":{"allow":["GET"]}}],"collection":[{"href":"https:\/\/www.notibras.com\/site\/wp-json\/wp\/v2\/posts"}],"about":[{"href":"https:\/\/www.notibras.com\/site\/wp-json\/wp\/v2\/types\/post"}],"author":[{"embeddable":true,"href":"https:\/\/www.notibras.com\/site\/wp-json\/wp\/v2\/users\/21"}],"replies":[{"embeddable":true,"href":"https:\/\/www.notibras.com\/site\/wp-json\/wp\/v2\/comments?post=409366"}],"version-history":[{"count":3,"href":"https:\/\/www.notibras.com\/site\/wp-json\/wp\/v2\/posts\/409366\/revisions"}],"predecessor-version":[{"id":409375,"href":"https:\/\/www.notibras.com\/site\/wp-json\/wp\/v2\/posts\/409366\/revisions\/409375"}],"wp:featuredmedia":[{"embeddable":true,"href":"https:\/\/www.notibras.com\/site\/wp-json\/wp\/v2\/media\/409368"}],"wp:attachment":[{"href":"https:\/\/www.notibras.com\/site\/wp-json\/wp\/v2\/media?parent=409366"}],"wp:term":[{"taxonomy":"category","embeddable":true,"href":"https:\/\/www.notibras.com\/site\/wp-json\/wp\/v2\/categories?post=409366"},{"taxonomy":"post_tag","embeddable":true,"href":"https:\/\/www.notibras.com\/site\/wp-json\/wp\/v2\/tags?post=409366"},{"taxonomy":"tmauthors","embeddable":true,"href":"https:\/\/www.notibras.com\/site\/wp-json\/wp\/v2\/tmauthors?post=409366"}],"curies":[{"name":"wp","href":"https:\/\/api.w.org\/{rel}","templated":true}]}}