{"id":41034,"date":"2015-03-24T09:24:55","date_gmt":"2015-03-24T12:24:55","guid":{"rendered":"http:\/\/www.notibras.com\/site\/?p=41034"},"modified":"2015-03-25T02:12:08","modified_gmt":"2015-03-25T05:12:08","slug":"trote-estudantil-vira-coisa-desumana-ate-para-os-futuros-medicos","status":"publish","type":"post","link":"https:\/\/www.notibras.com\/site\/trote-estudantil-vira-coisa-desumana-ate-para-os-futuros-medicos\/","title":{"rendered":"Trote estudantil \u00e9 desumano at\u00e9 para os futuros m\u00e9dicos"},"content":{"rendered":"<p>A CPI das Viola\u00e7\u00f5es de Direitos Humanos nas Universidades, funcionou como um enorme projeto de pesquisa acad\u00eamica. Apesar de n\u00e3o termos os t\u00edtulos e os requisitos da academia, fomos apoiados e orientados por professores que deram boas dire\u00e7\u00f5es de pesquisa, como Marco Akerman, Heloisa Buarque de Almeida, Antonio de Almeida, Maria Ivete Castro Boulos, entre outros mestres.<\/p>\n<p>Embora se fale de trotes \u2013 que podem estar associados a cavalos de sangue puro \u2013, foi mostrado que junto ao movimento positivista de Augusto Comte, no fim do s\u00e9culo 19, as teorias da eugenia chegaram \u00e0s faculdades de medicina e aos cursos de direito.<\/p>\n<p>As primeiras constitui\u00e7\u00f5es do s\u00e9culo 20 continham cap\u00edtulos especiais sobre a eugenia. O movimento eugenista era muito forte na Bahia, no Rio de Janeiro e chegou a S\u00e3o Paulo, servindo como base te\u00f3rica das institui\u00e7\u00f5es de ensino.<\/p>\n<p>A eugenia prega a necessidade de um branqueamento da ra\u00e7a brasileira, prevalecendo apenas os mais aptos.<\/p>\n<p>Essa era a vis\u00e3o de muitos sanitaristas, inclusive do dr. Arnaldo Vieira de Carvalho, fundador da Faculdade de Medicina da USP. Tais ideais tiveram in\u00edcio no s\u00e9culo 19 e, por incr\u00edvel que pare\u00e7a, permanecem at\u00e9 os dias de hoje.<\/p>\n<blockquote><p>A base te\u00f3rica e filos\u00f3fica de todas as faculdades de medicina \u00e9 a de que n\u00e3o existe uma classe, mas sim uma ra\u00e7a dominante de pessoas preparadas para dar rumo ao pa\u00eds. Os estudantes decidem quem entra, quem sai ou quem estuda em sua faculdade.<\/p><\/blockquote>\n<p>O trote e todas essas pr\u00e1ticas t\u00eam origem na forma\u00e7\u00e3o militar, que possui valores como cadeia de comando, hierarquia, pacto de sil\u00eancio e forma\u00e7\u00e3o de fam\u00edlias. Isso \u00e9 uma enorme contradi\u00e7\u00e3o.<\/p>\n<p>Como \u00e9 que esses &#8220;puros&#8221; estudantes estimulam o alcoolismo e o consumo desenfreado de drogas em seu cotidiano? Por que esses &#8220;espartanos&#8221; saud\u00e1veis banalizam a viol\u00eancia em seu cotidiano e prop\u00f5em uma escola de desumaniza\u00e7\u00e3o? Como podem abdicar da emo\u00e7\u00e3o e da racionalidade que ir\u00e3o orientar suas pr\u00e1ticas \u00a0profissionais?<\/p>\n<p>Foram 37 sess\u00f5es e mais de 100 depoimentos, nos quais foram ouvidos alunos, v\u00edtimas de viol\u00eancias, professores e especialistas.<\/p>\n<p>Em todas as institui\u00e7\u00f5es de ensino investigadas, h\u00e1 casos de abusos e viola\u00e7\u00f5es de direitos humanos. Nosso relat\u00f3rio final, com 194 p\u00e1ginas, trata dos abusos cometidos no ambiente acad\u00eamico paulista.<\/p>\n<p>S\u00e3o 39 recomenda\u00e7\u00f5es, entre elas a proposi\u00e7\u00e3o de projetos de lei. Um deles visa proibir a realiza\u00e7\u00e3o de festas estudantis patrocinadas por vendedores e fabricantes de bebidas alco\u00f3licas. Um outro projeto sugere a cria\u00e7\u00e3o de um cadastro de antecedentes universit\u00e1rios, no qual constaria sua eventual participa\u00e7\u00e3o em trotes. O documento tamb\u00e9m prop\u00f5e a responsabiliza\u00e7\u00e3o civil, penal e administrativa de Centros Acad\u00eamicos e Associa\u00e7\u00f5es Atl\u00e9ticas por eventuais viola\u00e7\u00f5es de direitos humanos em festas ou eventos.<\/p>\n<p>Se a CPI fosse comparada a um livro, diria que escrevemos apenas o \u00edndice. Faltam os cap\u00edtulos e um gloss\u00e1rio, para traduzir \u00e0s pessoas palavras como leil\u00e3o de bixo e lol\u00f3.<\/p>\n<p>Descobrimos que a banaliza\u00e7\u00e3o da viol\u00eancia por parte dos estudantes tem como caracter\u00edsticas a vulgariza\u00e7\u00e3o e diminui\u00e7\u00e3o da mulher e dos homossexuais, que s\u00e3o tratados do mesmo jeito que na 2\u00aa Guerra Mundial. Piadas antissemitas tamb\u00e9m s\u00e3o muito comuns.<\/p>\n<p>Essa pesquisa n\u00e3o deve ser interrompida. Deve haver uma continuidade para que o Brasil saiba qual \u00e9 a proposta que est\u00e1 sendo feita nas universidades, para sua juventude e a elite dirigente desse pa\u00eds.<\/p>\n<p><strong>Adriano Diogo<\/strong><\/p>\n","protected":false},"excerpt":{"rendered":"<p>A CPI das Viola\u00e7\u00f5es de Direitos Humanos nas Universidades, funcionou como um enorme projeto de pesquisa acad\u00eamica. Apesar de n\u00e3o termos os t\u00edtulos e os requisitos da academia, fomos apoiados e orientados por professores que deram boas dire\u00e7\u00f5es de pesquisa, como Marco Akerman, Heloisa Buarque de Almeida, Antonio de Almeida, Maria Ivete Castro Boulos, entre [&hellip;]<\/p>\n","protected":false},"author":2,"featured_media":41035,"comment_status":"open","ping_status":"closed","sticky":false,"template":"","format":"standard","meta":{"_acf_changed":false,"footnotes":""},"categories":[25],"tags":[],"class_list":["post-41034","post","type-post","status-publish","format-standard","has-post-thumbnail","hentry","category-opina-ai"],"acf":[],"yoast_head":"<!-- This site is optimized with the Yoast SEO plugin v27.5 - https:\/\/yoast.com\/product\/yoast-seo-wordpress\/ -->\n<title>Trote estudantil \u00e9 desumano at\u00e9 para os futuros m\u00e9dicos - Notibras<\/title>\n<meta name=\"robots\" content=\"index, follow, max-snippet:-1, max-image-preview:large, max-video-preview:-1\" \/>\n<link rel=\"canonical\" href=\"https:\/\/www.notibras.com\/site\/trote-estudantil-vira-coisa-desumana-ate-para-os-futuros-medicos\/\" \/>\n<meta property=\"og:locale\" content=\"pt_BR\" \/>\n<meta property=\"og:type\" content=\"article\" \/>\n<meta property=\"og:title\" content=\"Trote estudantil \u00e9 desumano at\u00e9 para os futuros m\u00e9dicos - Notibras\" \/>\n<meta property=\"og:description\" content=\"A CPI das Viola\u00e7\u00f5es de Direitos Humanos nas Universidades, funcionou como um enorme projeto de pesquisa acad\u00eamica. Apesar de n\u00e3o termos os t\u00edtulos e os requisitos da academia, fomos apoiados e orientados por professores que deram boas dire\u00e7\u00f5es de pesquisa, como Marco Akerman, Heloisa Buarque de Almeida, Antonio de Almeida, Maria Ivete Castro Boulos, entre [&hellip;]\" \/>\n<meta property=\"og:url\" content=\"https:\/\/www.notibras.com\/site\/trote-estudantil-vira-coisa-desumana-ate-para-os-futuros-medicos\/\" \/>\n<meta property=\"og:site_name\" content=\"Notibras\" \/>\n<meta property=\"article:publisher\" content=\"https:\/\/www.facebook.com\/notibras\/\" \/>\n<meta property=\"article:published_time\" content=\"2015-03-24T12:24:55+00:00\" \/>\n<meta property=\"article:modified_time\" content=\"2015-03-25T05:12:08+00:00\" \/>\n<meta property=\"og:image\" content=\"https:\/\/www.notibras.com\/site\/wp-content\/uploads\/2015\/03\/Trote-em-caloura.jpg\" \/>\n\t<meta property=\"og:image:width\" content=\"600\" \/>\n\t<meta property=\"og:image:height\" content=\"400\" \/>\n\t<meta property=\"og:image:type\" content=\"image\/jpeg\" \/>\n<meta name=\"author\" content=\"Reda\u00e7\u00e3o\" \/>\n<meta name=\"twitter:card\" content=\"summary_large_image\" \/>\n<meta name=\"twitter:creator\" content=\"@Notibras\" \/>\n<meta name=\"twitter:site\" content=\"@Notibras\" \/>\n<meta name=\"twitter:label1\" content=\"Escrito por\" \/>\n\t<meta name=\"twitter:data1\" content=\"Reda\u00e7\u00e3o\" \/>\n\t<meta name=\"twitter:label2\" content=\"Est. tempo de leitura\" \/>\n\t<meta name=\"twitter:data2\" content=\"3 minutos\" \/>\n<script type=\"application\/ld+json\" class=\"yoast-schema-graph\">{\"@context\":\"https:\\\/\\\/schema.org\",\"@graph\":[{\"@type\":\"Article\",\"@id\":\"https:\\\/\\\/www.notibras.com\\\/site\\\/trote-estudantil-vira-coisa-desumana-ate-para-os-futuros-medicos\\\/#article\",\"isPartOf\":{\"@id\":\"https:\\\/\\\/www.notibras.com\\\/site\\\/trote-estudantil-vira-coisa-desumana-ate-para-os-futuros-medicos\\\/\"},\"author\":{\"name\":\"Reda\u00e7\u00e3o\",\"@id\":\"https:\\\/\\\/www.notibras.com\\\/site\\\/#\\\/schema\\\/person\\\/36ab0979449956132d3e5b517ea76ac8\"},\"headline\":\"Trote estudantil \u00e9 desumano at\u00e9 para os futuros m\u00e9dicos\",\"datePublished\":\"2015-03-24T12:24:55+00:00\",\"dateModified\":\"2015-03-25T05:12:08+00:00\",\"mainEntityOfPage\":{\"@id\":\"https:\\\/\\\/www.notibras.com\\\/site\\\/trote-estudantil-vira-coisa-desumana-ate-para-os-futuros-medicos\\\/\"},\"wordCount\":616,\"commentCount\":0,\"publisher\":{\"@id\":\"https:\\\/\\\/www.notibras.com\\\/site\\\/#organization\"},\"image\":{\"@id\":\"https:\\\/\\\/www.notibras.com\\\/site\\\/trote-estudantil-vira-coisa-desumana-ate-para-os-futuros-medicos\\\/#primaryimage\"},\"thumbnailUrl\":\"https:\\\/\\\/www.notibras.com\\\/site\\\/wp-content\\\/uploads\\\/2015\\\/03\\\/Trote-em-caloura.jpg\",\"articleSection\":[\"Opina a\u00ed\"],\"inLanguage\":\"pt-BR\",\"potentialAction\":[{\"@type\":\"CommentAction\",\"name\":\"Comment\",\"target\":[\"https:\\\/\\\/www.notibras.com\\\/site\\\/trote-estudantil-vira-coisa-desumana-ate-para-os-futuros-medicos\\\/#respond\"]}]},{\"@type\":\"WebPage\",\"@id\":\"https:\\\/\\\/www.notibras.com\\\/site\\\/trote-estudantil-vira-coisa-desumana-ate-para-os-futuros-medicos\\\/\",\"url\":\"https:\\\/\\\/www.notibras.com\\\/site\\\/trote-estudantil-vira-coisa-desumana-ate-para-os-futuros-medicos\\\/\",\"name\":\"Trote estudantil \u00e9 desumano at\u00e9 para os futuros m\u00e9dicos - Notibras\",\"isPartOf\":{\"@id\":\"https:\\\/\\\/www.notibras.com\\\/site\\\/#website\"},\"primaryImageOfPage\":{\"@id\":\"https:\\\/\\\/www.notibras.com\\\/site\\\/trote-estudantil-vira-coisa-desumana-ate-para-os-futuros-medicos\\\/#primaryimage\"},\"image\":{\"@id\":\"https:\\\/\\\/www.notibras.com\\\/site\\\/trote-estudantil-vira-coisa-desumana-ate-para-os-futuros-medicos\\\/#primaryimage\"},\"thumbnailUrl\":\"https:\\\/\\\/www.notibras.com\\\/site\\\/wp-content\\\/uploads\\\/2015\\\/03\\\/Trote-em-caloura.jpg\",\"datePublished\":\"2015-03-24T12:24:55+00:00\",\"dateModified\":\"2015-03-25T05:12:08+00:00\",\"breadcrumb\":{\"@id\":\"https:\\\/\\\/www.notibras.com\\\/site\\\/trote-estudantil-vira-coisa-desumana-ate-para-os-futuros-medicos\\\/#breadcrumb\"},\"inLanguage\":\"pt-BR\",\"potentialAction\":[{\"@type\":\"ReadAction\",\"target\":[\"https:\\\/\\\/www.notibras.com\\\/site\\\/trote-estudantil-vira-coisa-desumana-ate-para-os-futuros-medicos\\\/\"]}]},{\"@type\":\"ImageObject\",\"inLanguage\":\"pt-BR\",\"@id\":\"https:\\\/\\\/www.notibras.com\\\/site\\\/trote-estudantil-vira-coisa-desumana-ate-para-os-futuros-medicos\\\/#primaryimage\",\"url\":\"https:\\\/\\\/www.notibras.com\\\/site\\\/wp-content\\\/uploads\\\/2015\\\/03\\\/Trote-em-caloura.jpg\",\"contentUrl\":\"https:\\\/\\\/www.notibras.com\\\/site\\\/wp-content\\\/uploads\\\/2015\\\/03\\\/Trote-em-caloura.jpg\",\"width\":600,\"height\":400},{\"@type\":\"BreadcrumbList\",\"@id\":\"https:\\\/\\\/www.notibras.com\\\/site\\\/trote-estudantil-vira-coisa-desumana-ate-para-os-futuros-medicos\\\/#breadcrumb\",\"itemListElement\":[{\"@type\":\"ListItem\",\"position\":1,\"name\":\"In\u00edcio\",\"item\":\"https:\\\/\\\/www.notibras.com\\\/site\\\/\"},{\"@type\":\"ListItem\",\"position\":2,\"name\":\"Trote estudantil \u00e9 desumano at\u00e9 para os futuros m\u00e9dicos\"}]},{\"@type\":\"WebSite\",\"@id\":\"https:\\\/\\\/www.notibras.com\\\/site\\\/#website\",\"url\":\"https:\\\/\\\/www.notibras.com\\\/site\\\/\",\"name\":\"Notibras\",\"description\":\"Not\u00edcias de Bras\u00edlia, do Brasil e do Mundo\",\"publisher\":{\"@id\":\"https:\\\/\\\/www.notibras.com\\\/site\\\/#organization\"},\"potentialAction\":[{\"@type\":\"SearchAction\",\"target\":{\"@type\":\"EntryPoint\",\"urlTemplate\":\"https:\\\/\\\/www.notibras.com\\\/site\\\/?s={search_term_string}\"},\"query-input\":{\"@type\":\"PropertyValueSpecification\",\"valueRequired\":true,\"valueName\":\"search_term_string\"}}],\"inLanguage\":\"pt-BR\"},{\"@type\":\"Organization\",\"@id\":\"https:\\\/\\\/www.notibras.com\\\/site\\\/#organization\",\"name\":\"Grupo Notibras de Comunica\u00e7\u00e3o\",\"url\":\"https:\\\/\\\/www.notibras.com\\\/site\\\/\",\"logo\":{\"@type\":\"ImageObject\",\"inLanguage\":\"pt-BR\",\"@id\":\"https:\\\/\\\/www.notibras.com\\\/site\\\/#\\\/schema\\\/logo\\\/image\\\/\",\"url\":\"https:\\\/\\\/www.notibras.com\\\/site\\\/wp-content\\\/uploads\\\/2023\\\/01\\\/notibras23.png\",\"contentUrl\":\"https:\\\/\\\/www.notibras.com\\\/site\\\/wp-content\\\/uploads\\\/2023\\\/01\\\/notibras23.png\",\"width\":350,\"height\":87,\"caption\":\"Grupo Notibras de Comunica\u00e7\u00e3o\"},\"image\":{\"@id\":\"https:\\\/\\\/www.notibras.com\\\/site\\\/#\\\/schema\\\/logo\\\/image\\\/\"},\"sameAs\":[\"https:\\\/\\\/www.facebook.com\\\/notibras\\\/\",\"https:\\\/\\\/x.com\\\/Notibras\",\"https:\\\/\\\/www.instagram.com\\\/notibras\\\/\"]},{\"@type\":\"Person\",\"@id\":\"https:\\\/\\\/www.notibras.com\\\/site\\\/#\\\/schema\\\/person\\\/36ab0979449956132d3e5b517ea76ac8\",\"name\":\"Reda\u00e7\u00e3o\",\"image\":{\"@type\":\"ImageObject\",\"inLanguage\":\"pt-BR\",\"@id\":\"https:\\\/\\\/secure.gravatar.com\\\/avatar\\\/e0a867bdedb85fd243eadf09663511f96fc81e0720a4a42581f334ad4303aa6b?s=96&d=mm&r=g\",\"url\":\"https:\\\/\\\/secure.gravatar.com\\\/avatar\\\/e0a867bdedb85fd243eadf09663511f96fc81e0720a4a42581f334ad4303aa6b?s=96&d=mm&r=g\",\"contentUrl\":\"https:\\\/\\\/secure.gravatar.com\\\/avatar\\\/e0a867bdedb85fd243eadf09663511f96fc81e0720a4a42581f334ad4303aa6b?s=96&d=mm&r=g\",\"caption\":\"Reda\u00e7\u00e3o\"}}]}<\/script>\n<!-- \/ Yoast SEO plugin. -->","yoast_head_json":{"title":"Trote estudantil \u00e9 desumano at\u00e9 para os futuros m\u00e9dicos - Notibras","robots":{"index":"index","follow":"follow","max-snippet":"max-snippet:-1","max-image-preview":"max-image-preview:large","max-video-preview":"max-video-preview:-1"},"canonical":"https:\/\/www.notibras.com\/site\/trote-estudantil-vira-coisa-desumana-ate-para-os-futuros-medicos\/","og_locale":"pt_BR","og_type":"article","og_title":"Trote estudantil \u00e9 desumano at\u00e9 para os futuros m\u00e9dicos - Notibras","og_description":"A CPI das Viola\u00e7\u00f5es de Direitos Humanos nas Universidades, funcionou como um enorme projeto de pesquisa acad\u00eamica. Apesar de n\u00e3o termos os t\u00edtulos e os requisitos da academia, fomos apoiados e orientados por professores que deram boas dire\u00e7\u00f5es de pesquisa, como Marco Akerman, Heloisa Buarque de Almeida, Antonio de Almeida, Maria Ivete Castro Boulos, entre [&hellip;]","og_url":"https:\/\/www.notibras.com\/site\/trote-estudantil-vira-coisa-desumana-ate-para-os-futuros-medicos\/","og_site_name":"Notibras","article_publisher":"https:\/\/www.facebook.com\/notibras\/","article_published_time":"2015-03-24T12:24:55+00:00","article_modified_time":"2015-03-25T05:12:08+00:00","og_image":[{"width":600,"height":400,"url":"https:\/\/www.notibras.com\/site\/wp-content\/uploads\/2015\/03\/Trote-em-caloura.jpg","type":"image\/jpeg"}],"author":"Reda\u00e7\u00e3o","twitter_card":"summary_large_image","twitter_creator":"@Notibras","twitter_site":"@Notibras","twitter_misc":{"Escrito por":"Reda\u00e7\u00e3o","Est. tempo de leitura":"3 minutos"},"schema":{"@context":"https:\/\/schema.org","@graph":[{"@type":"Article","@id":"https:\/\/www.notibras.com\/site\/trote-estudantil-vira-coisa-desumana-ate-para-os-futuros-medicos\/#article","isPartOf":{"@id":"https:\/\/www.notibras.com\/site\/trote-estudantil-vira-coisa-desumana-ate-para-os-futuros-medicos\/"},"author":{"name":"Reda\u00e7\u00e3o","@id":"https:\/\/www.notibras.com\/site\/#\/schema\/person\/36ab0979449956132d3e5b517ea76ac8"},"headline":"Trote estudantil \u00e9 desumano at\u00e9 para os futuros m\u00e9dicos","datePublished":"2015-03-24T12:24:55+00:00","dateModified":"2015-03-25T05:12:08+00:00","mainEntityOfPage":{"@id":"https:\/\/www.notibras.com\/site\/trote-estudantil-vira-coisa-desumana-ate-para-os-futuros-medicos\/"},"wordCount":616,"commentCount":0,"publisher":{"@id":"https:\/\/www.notibras.com\/site\/#organization"},"image":{"@id":"https:\/\/www.notibras.com\/site\/trote-estudantil-vira-coisa-desumana-ate-para-os-futuros-medicos\/#primaryimage"},"thumbnailUrl":"https:\/\/www.notibras.com\/site\/wp-content\/uploads\/2015\/03\/Trote-em-caloura.jpg","articleSection":["Opina a\u00ed"],"inLanguage":"pt-BR","potentialAction":[{"@type":"CommentAction","name":"Comment","target":["https:\/\/www.notibras.com\/site\/trote-estudantil-vira-coisa-desumana-ate-para-os-futuros-medicos\/#respond"]}]},{"@type":"WebPage","@id":"https:\/\/www.notibras.com\/site\/trote-estudantil-vira-coisa-desumana-ate-para-os-futuros-medicos\/","url":"https:\/\/www.notibras.com\/site\/trote-estudantil-vira-coisa-desumana-ate-para-os-futuros-medicos\/","name":"Trote estudantil \u00e9 desumano at\u00e9 para os futuros m\u00e9dicos - Notibras","isPartOf":{"@id":"https:\/\/www.notibras.com\/site\/#website"},"primaryImageOfPage":{"@id":"https:\/\/www.notibras.com\/site\/trote-estudantil-vira-coisa-desumana-ate-para-os-futuros-medicos\/#primaryimage"},"image":{"@id":"https:\/\/www.notibras.com\/site\/trote-estudantil-vira-coisa-desumana-ate-para-os-futuros-medicos\/#primaryimage"},"thumbnailUrl":"https:\/\/www.notibras.com\/site\/wp-content\/uploads\/2015\/03\/Trote-em-caloura.jpg","datePublished":"2015-03-24T12:24:55+00:00","dateModified":"2015-03-25T05:12:08+00:00","breadcrumb":{"@id":"https:\/\/www.notibras.com\/site\/trote-estudantil-vira-coisa-desumana-ate-para-os-futuros-medicos\/#breadcrumb"},"inLanguage":"pt-BR","potentialAction":[{"@type":"ReadAction","target":["https:\/\/www.notibras.com\/site\/trote-estudantil-vira-coisa-desumana-ate-para-os-futuros-medicos\/"]}]},{"@type":"ImageObject","inLanguage":"pt-BR","@id":"https:\/\/www.notibras.com\/site\/trote-estudantil-vira-coisa-desumana-ate-para-os-futuros-medicos\/#primaryimage","url":"https:\/\/www.notibras.com\/site\/wp-content\/uploads\/2015\/03\/Trote-em-caloura.jpg","contentUrl":"https:\/\/www.notibras.com\/site\/wp-content\/uploads\/2015\/03\/Trote-em-caloura.jpg","width":600,"height":400},{"@type":"BreadcrumbList","@id":"https:\/\/www.notibras.com\/site\/trote-estudantil-vira-coisa-desumana-ate-para-os-futuros-medicos\/#breadcrumb","itemListElement":[{"@type":"ListItem","position":1,"name":"In\u00edcio","item":"https:\/\/www.notibras.com\/site\/"},{"@type":"ListItem","position":2,"name":"Trote estudantil \u00e9 desumano at\u00e9 para os futuros m\u00e9dicos"}]},{"@type":"WebSite","@id":"https:\/\/www.notibras.com\/site\/#website","url":"https:\/\/www.notibras.com\/site\/","name":"Notibras","description":"Not\u00edcias de Bras\u00edlia, do Brasil e do Mundo","publisher":{"@id":"https:\/\/www.notibras.com\/site\/#organization"},"potentialAction":[{"@type":"SearchAction","target":{"@type":"EntryPoint","urlTemplate":"https:\/\/www.notibras.com\/site\/?s={search_term_string}"},"query-input":{"@type":"PropertyValueSpecification","valueRequired":true,"valueName":"search_term_string"}}],"inLanguage":"pt-BR"},{"@type":"Organization","@id":"https:\/\/www.notibras.com\/site\/#organization","name":"Grupo Notibras de Comunica\u00e7\u00e3o","url":"https:\/\/www.notibras.com\/site\/","logo":{"@type":"ImageObject","inLanguage":"pt-BR","@id":"https:\/\/www.notibras.com\/site\/#\/schema\/logo\/image\/","url":"https:\/\/www.notibras.com\/site\/wp-content\/uploads\/2023\/01\/notibras23.png","contentUrl":"https:\/\/www.notibras.com\/site\/wp-content\/uploads\/2023\/01\/notibras23.png","width":350,"height":87,"caption":"Grupo Notibras de Comunica\u00e7\u00e3o"},"image":{"@id":"https:\/\/www.notibras.com\/site\/#\/schema\/logo\/image\/"},"sameAs":["https:\/\/www.facebook.com\/notibras\/","https:\/\/x.com\/Notibras","https:\/\/www.instagram.com\/notibras\/"]},{"@type":"Person","@id":"https:\/\/www.notibras.com\/site\/#\/schema\/person\/36ab0979449956132d3e5b517ea76ac8","name":"Reda\u00e7\u00e3o","image":{"@type":"ImageObject","inLanguage":"pt-BR","@id":"https:\/\/secure.gravatar.com\/avatar\/e0a867bdedb85fd243eadf09663511f96fc81e0720a4a42581f334ad4303aa6b?s=96&d=mm&r=g","url":"https:\/\/secure.gravatar.com\/avatar\/e0a867bdedb85fd243eadf09663511f96fc81e0720a4a42581f334ad4303aa6b?s=96&d=mm&r=g","contentUrl":"https:\/\/secure.gravatar.com\/avatar\/e0a867bdedb85fd243eadf09663511f96fc81e0720a4a42581f334ad4303aa6b?s=96&d=mm&r=g","caption":"Reda\u00e7\u00e3o"}}]}},"amp_enabled":true,"_links":{"self":[{"href":"https:\/\/www.notibras.com\/site\/wp-json\/wp\/v2\/posts\/41034","targetHints":{"allow":["GET"]}}],"collection":[{"href":"https:\/\/www.notibras.com\/site\/wp-json\/wp\/v2\/posts"}],"about":[{"href":"https:\/\/www.notibras.com\/site\/wp-json\/wp\/v2\/types\/post"}],"author":[{"embeddable":true,"href":"https:\/\/www.notibras.com\/site\/wp-json\/wp\/v2\/users\/2"}],"replies":[{"embeddable":true,"href":"https:\/\/www.notibras.com\/site\/wp-json\/wp\/v2\/comments?post=41034"}],"version-history":[{"count":0,"href":"https:\/\/www.notibras.com\/site\/wp-json\/wp\/v2\/posts\/41034\/revisions"}],"wp:featuredmedia":[{"embeddable":true,"href":"https:\/\/www.notibras.com\/site\/wp-json\/wp\/v2\/media\/41035"}],"wp:attachment":[{"href":"https:\/\/www.notibras.com\/site\/wp-json\/wp\/v2\/media?parent=41034"}],"wp:term":[{"taxonomy":"category","embeddable":true,"href":"https:\/\/www.notibras.com\/site\/wp-json\/wp\/v2\/categories?post=41034"},{"taxonomy":"post_tag","embeddable":true,"href":"https:\/\/www.notibras.com\/site\/wp-json\/wp\/v2\/tags?post=41034"}],"curies":[{"name":"wp","href":"https:\/\/api.w.org\/{rel}","templated":true}]}}